{"id":1408,"date":"2009-11-13T15:14:53","date_gmt":"2009-11-13T12:14:53","guid":{"rendered":"http:\/\/localhost\/wordpress\/2009\/11\/13\/yunus-emre-hayat-ve-eserleri\/"},"modified":"2025-04-20T13:01:04","modified_gmt":"2025-04-20T10:01:04","slug":"yunus-emre-hayat-ve-eserleri","status":"publish","type":"post","link":"https:\/\/narteks.net\/index.php\/2009\/11\/13\/yunus-emre-hayat-ve-eserleri\/","title":{"rendered":"Yunus Emre &#8211; Hayat\u0131 ve eserleri"},"content":{"rendered":"<p style=\"text-align: justify;\">Ben y\u00fcr\u00fcr\u00fcm yane yane<br \/>\nA\u015fk boyad\u0131 beni kane<br \/>\nNe ak\u0131lem ne divane<br \/>\nGel g\u00f6r beni a\u015fk neyledi.<\/p>\n<p>Miskin Yunus bi\u00e7areyim<br \/>\nBa\u015ftan aya\u011fa yareyim<br \/>\nDost ilinden avareyim<br \/>\nGel g\u00f6r beni a\u015fk neyledi<\/p>\n<p>Yunus Emre (1238 -1320) y\u0131llar\u0131 aras\u0131nda ya\u015fad\u0131\u011f\u0131 tahmin edilen ve Anadolu da T\u00fcrk\u00e7e \u015fiirin \u00f6nc\u00fcs\u00fc olan bir \u015fair ve mutasavv\u0131ft\u0131r, ya\u015fam\u0131na ili\u015fkin belgeler s\u0131n\u0131rl\u0131d\u0131r. Medrese e\u011fitimi g\u00f6rd\u00fc\u011f\u00fc, Arap\u00e7a ve Fars\u00e7a bildi\u011fi, \u0130ran ve Yunan mitolojisi ile tasavvuf ve tarihi inceledi\u011fi san\u0131l\u0131yor. Vahdet-i v\u00fccut (varl\u0131k birli\u011fi) \u00f6\u011fretisine ula\u015fan bir tasavvuf yorumunu benimsemi\u015ftir.<\/p>\n<p>Ger\u00e7e\u011fe, Tanr\u0131&#8217;ya, evrensele, her \u015feyin \u00f6z\u00fcne varmak i\u00e7in &#8221;\u015eeriat-tarikat-marifet-hakikat&#8221; olmak \u00fczere d\u00f6rt bilgi d\u00fczeyi y\u00f6ntem ay\u0131rt eder. Tasavvuf felsefesi ve g\u00f6r\u00fc\u015fleri daha \u00e7ok Bekta\u015filere yak\u0131nd\u0131r. \u015eeyhi Taptuk Emre Sinan Ata&#8217;n\u0131n ard\u0131l\u0131d\u0131r, Hac\u0131 Bekta\u015f Veli&#8217;ye ba\u011fl\u0131d\u0131r. Bir divan\u0131 vard\u0131r Risalet\u00fc&#8217;n Nushiye adl\u0131 573 beyitlik \u015fiiri ile \u015feriat kurallar\u0131n\u0131n \u00fcst\u00fcne \u00e7\u0131kar. Ba\u015flang\u0131\u00e7taki d\u00fcz yaz\u0131 metinde akl\u0131n ve insan\u0131n \u00e7e\u015fitlerini anlat\u0131r. \u015eiirlerini O\u011fuz leh\u00e7esiyle ve \u00e7a\u011f\u0131n\u0131n konu\u015fma diliyle yazm\u0131\u015ft\u0131r. Ya\u015fam\u0131, \u015fiirleri, felsefesi \u00fczerine \u00e7e\u015fitli ara\u015ft\u0131rmalar yap\u0131lm\u0131\u015ft\u0131r. Yunus Ernre \u00fczerine Fuat K\u00f6pr\u00fcl\u00fc, Burhan Toprak, Abd\u00fclbaki G\u00f6lp\u0131narl\u0131, Sabahattin Ey\u00fcbo\u011flu, As\u0131m Bezirci, F. Kadri Timurta\u015f, Ahmet Kabakl\u0131, M\u00fcjgan Cumbur, Abdurrahman G\u00fczel, Mehmet Bayraktar ve Nezihe Araz gibi \u00e7e\u015fitli ara\u015ft\u0131rmac\u0131 yazarlar inceleme yapm\u0131\u015flard\u0131r.<\/p>\n<p>Yunus Emre? Nereli? Nerede do\u011fmu\u015f, nerde \u00f6lm\u00fc\u015f, nas\u0131l ya\u015fam\u0131\u015f? Kime ba\u011fl\u0131, Ne g\u00f6ren var, ne bilen, Hepsi karanl\u0131kta. Yunus&#8217;un deyi\u015fiyle g\u00f6renler, bilenler de, ne s\u00f6ylerler, ne bir haber verirler. Ama onlarca mezar\u0131 var, \u00fcstlerinde ad\u0131 var, i\u00e7lerinde kendi yok; Onlarca kitab\u0131 var, i\u00e7lerinde ad\u0131 var, kendinin kitab\u0131 yok. Ama o halk\u0131n, insanlar\u0131n g\u00f6zdesi, solu\u011fu, sesi, Anadoluyu insanl\u0131\u011f\u0131 sarm\u0131\u015f, kendi k\u00f6y\u00fcndeyse izinin tozu bile kalmam\u0131\u015f; s\u00f6z\u00fc al\u0131nm\u0131\u015f, sat\u0131lm\u0131\u015f, divanlara birlikte kat\u0131lm\u0131\u015f; O g\u00fczel insan kim bilir hangi gurbet k\u00f6\u015fesinde da\u011farc\u0131\u011f\u0131ndaki \u015fiiriyle birlikte \u00f6lm\u00fc\u015f, topra\u011fa kat\u0131lm\u0131\u015f belki \u00f6l\u00fcm\u00fc \u00fc\u00e7 g\u00fcnden sonra bile duyulmam\u0131\u015f, \u00f6l\u00fcs\u00fc so\u011fuk suyla yuyulmam\u0131\u015ft\u0131r. Belki tersi olmu\u015f. Bilen yok. G\u00f6ren yok. Ama o varaca\u011f\u0131 yere ula\u015fm\u0131\u015f.<\/p>\n<p>Ama halk\u0131m\u0131z bu insanlar\u0131 kendi \u00e7ocuklar\u0131 olarak benimsemi\u015f, ki\u015filiklerini, \u00f6z\u00fcn\u00fc, s\u00f6zlerini kendi mal\u0131 say\u0131p diledi\u011fi gibi evirmi\u015f \u00e7evirmi\u015ftir. O ve halk\u0131n nerede s\u00f6yledi\u011fini bilmek imkans\u0131z belki de gereksiz art\u0131k. &#8220;Anadolu da binlerce a\u011f\u0131zdan s\u00f6ylenmi\u015f ve s\u00f6ylenen bir Yunus korosu var&#8221; &#8221;En eski yazmalarda yok diye halk\u0131n ezberinde ya\u015fayan, ister istemez yontulan, dil de\u011fi\u015ftiren \u015fiirleri Yunus&#8217;un saymamak hi\u00e7 de bilimsel bir davran\u0131\u015f de\u011fildir&#8221; En eski yazmalar Yunus&#8217;un \u00f6l\u00fcm\u00fcnden \u00e7ok sonra derlenmi\u015f, bu yazmalara Yunus&#8217;un diline, tutumuna, d\u00fc\u015f\u00fcncesine d\u00fcped\u00fcz ayk\u0131r\u0131 \u015fiirler de al\u0131nm\u0131\u015f. Yeni belgeler arana dursun, biz Yunus&#8217;u anarken yazmalar kadar s\u00f6zl\u00fc halk gelene\u011fine de sayg\u0131l\u0131 olmay\u0131 daha do\u011fru buluyoruz. (S. Ey\u00fcbo\u011flu, Yunus Emre sh: 20)<\/p>\n<p>S\u00f6ylencelerdeki Yunus Emre<\/p>\n<p>Yunus \u00fcst\u00fcne b\u00fct\u00fcn bildiklerimiz halk\u0131n masalla\u015ft\u0131rd\u0131\u011f\u0131 ger\u00e7eklere dayan\u0131yor. Ancak masallar ger\u00e7e\u011fi de\u011fi\u015ftiriyor da tarih kitaplar\u0131 de\u011fi\u015ftirmiyor mu? Yeni tarih\u00e7iler eski zaman ger\u00e7eklerini ararken s\u00f6ylenceleri, mitleri hi\u00e7 de yabana atm\u0131yor, tersine as\u0131l ger\u00e7e\u011fin \u00e7ok kez onlarda gizli oldu\u011funu ileri s\u00fcr\u00fcyor.<\/p>\n<p>S\u00f6ylencelere, Hac\u0131 Bekta\u015f Veli Velayetnamesine g\u00f6re Yunus Emre bir orta Anadolu k\u00f6yl\u00fcs\u00fc, Sakarya k\u0131y\u0131lar\u0131nda, Sivrihisar&#8217;\u0131n Sar\u0131 k\u00f6y&#8217;\u00fcnde oturur. &#8221;Ta\u015ftan topraktan ekme\u011fini \u00e7\u0131karan, ya\u011fmur ya\u011fmay\u0131nca a\u00e7 kalan bir Anadolu k\u00f6yl\u00fcs\u00fc, b\u00fct\u00fcn devletlerin soymaya al\u0131\u015f\u0131k oldu\u011fu bir Anadolu k\u00f6yl\u00fcs\u00fc. Ya\u011fmur ya\u011fmaz, ekin olmaz. Yunus g\u00fcn\u00fcn birinde tohumsuz kal\u0131r. Tohumsuz kalan Yunus Emre e\u015fe\u011fine da\u011fdan al\u0131\u00e7, ahlat, meyve y\u00fckler, buna kar\u015f\u0131l\u0131k biraz tohumluk bu\u011fday aramaya \u00e7\u0131kar. Duydu\u011funun izini s\u00fcrer i\u015fte ilk durdu\u011fu yerlerden biri de Hac\u0131 Bekta\u015f Tekkesidir. Anadolu&#8217;nun ger\u00e7ek fatihleri Anadolu k\u00f6yl\u00fcs\u00fcn\u00fcn yan\u0131 ba\u015f\u0131nda, yak\u0131n\u0131nda oturmay\u0131 kabul etmi\u015f olanlard\u0131r. Bu s\u00f6ylence bize on \u00fc\u00e7\u00fcnc\u00fc ve on d\u00f6rd\u00fcnc\u00fc y\u00fczy\u0131llarda Bekta\u015fili\u011fin yayg\u0131n oldu\u011funu g\u00f6sterir. Yunus, tekkeden al\u0131\u00e7lar\u0131na kar\u015f\u0131l\u0131k bu\u011fday ister. Hac\u0131 Bekta\u015f Veli kendisine: Bu\u011fday yerine nefes versek olmaz m\u0131 diye sorar. Yunus illede bu\u011fday der. Hac\u0131 Bekta\u015f Veli her al\u0131\u00e7a kar\u015f\u0131l\u0131k bir nefes verelim der. Yunus olmaz der. Her \u00e7ekirdek ba\u015f\u0131na on nefese kadar \u00e7\u0131kar, Hac\u0131 Bekta\u015f. Yunus ille bu\u011fday diye dayat\u0131r. Bunun \u00fczerine Hac\u0131 Bekta\u015f fakir Yunus&#8217;a g\u00f6t\u00fcrebilece\u011fi kadar bu\u011fday verdirir. Sevine sevine yola \u00e7\u0131kan Yunus&#8217;u yolda bir d\u00fc\u015f\u00fcncedir al\u0131r &#8221;Bu insan b\u00fcy\u00fck insan olmasa bana bu\u011fday vermezdi. Bir \u00e7uval bu\u011fday b\u00f6yle bir insandan daha m\u0131 de\u011ferli diye d\u00fc\u015f\u00fcn\u00fcr, \u00e7iylik etti\u011fini anlar d\u00f6ner geriye. Al\u0131n bu\u011fday\u0131 geri, ben nefes istiyorum der. Ama Hac\u0131 Bekta\u015f ona nasibin Taptuk Emrece verilece\u011fini, onun tek kesine gitmesini s\u00f6yler, &#8221;senin &#8220;kilidini ona verdik&#8221; der.<\/p>\n<p>Taptuk Emre mi? Onu da s\u00f6ylencelerde arayal\u0131m. Hac\u0131 Bekta\u015f&#8217;\u0131n Anadoluya gelmesi bir g\u00fcvercin k\u0131l\u0131\u011f\u0131ndad\u0131r. Bunu haber alan ve gelmesini istemeyen Abdalan-\u0131 Rum birer kartal olup onun yolunu keserler. Kutsal g\u00fcvercin Anadolu g\u00f6klerini kara kartal kanatlar\u0131yla kapl\u0131 bulur. &#8220;Yarar ge\u00e7er kanatlar\u0131 ama bir hayli de pen\u00e7e yer. Kan revan i\u00e7inde yedi evli bir \u00e7epni k\u00f6y\u00fcne, bug\u00fcnk\u00fc Hac\u0131 Bekta\u015f \u0130l\u00e7esine iner, bir duvar\u0131n \u00fcst\u00fcne konar. Fakir bir k\u00f6yl\u00fc kad\u0131n g\u00f6r\u00fcr yaral\u0131 g\u00fcvercini, ac\u0131r haline, yiyecek i\u00e7ecek kor duvar\u0131n \u00fcst\u00fcne. Bu masal Bekta\u015fili\u011fin k\u00f6ylerde yay\u0131ld\u0131\u011f\u0131n\u0131 ve kad\u0131nlar\u0131n bu tarikatte rol\u00fc ve \u00f6nemi oldu\u011funu anlat\u0131p ip u\u00e7lar\u0131 veriyor. Anadolunun en eski ve en b\u00fcy\u00fck tanr\u0131lar\u0131n\u0131n kad\u0131n oldu\u011fu unutulmamal\u0131.<\/p>\n<p>Hac\u0131 Bekta\u015f zamanla b\u00fct\u00fcn Rum erenlerinden sayg\u0131 ve sevgi g\u00f6r\u00fcr, ama Emre ad\u0131nda bir ermi\u015f Hac\u0131 Bekta\u015f&#8217;\u0131n semtine bile u\u011framaz. Hac\u0131 Bekta\u015f ona Saru \u0130smail&#8217;i dervi\u015fini yollar, tekkesine gelmesini sa\u011flar. Gelince ona erenler aras\u0131na nas\u0131l girdi\u011fini sorar, o da perde aras\u0131ndan bir el uzand\u0131, beni erenler aras\u0131na ald\u0131 ama ben orada Hac\u0131 Bekta\u015f ad\u0131nda birini g\u00f6rmedim. Bunun \u00fczerine Hac\u0131 Bekta\u015f perde aral\u0131\u011f\u0131ndan sana uzanan eli g\u00f6rsen tan\u0131r m\u0131s\u0131n? Tan\u0131r\u0131m der Emre: Ayas\u0131nda bir ye\u015fil ben vard\u0131. O zaman Hac\u0131 Bekta\u015f sa\u011f elini a\u00e7ar, uzat\u0131r. Avucunun i\u00e7indeki ye\u015fil beni g\u00f6ren Emre ye\u015fil beni g\u00f6r\u00fcr g\u00f6rmez: Taptuk! Taptuk! diye ba\u011f\u0131r\u0131r, ad\u0131 o g\u00fcnden sonra Taptuk, kendiside Hac\u0131 Bekta\u015f&#8217;\u0131n yanda\u015f\u0131 ve s\u00f6zc\u00fclerinden biri olur. Bu s\u00f6ylence bize Yunus&#8217;u kendine ba\u011flayan Taptuk Emre&#8217;nin Hac\u0131Bekta\u015f&#8217;\u0131n yolundan, \u00e7evresinden ayr\u0131, belki de yeni m\u00fcsl\u00fcman olmu\u015f biri oldu\u011funu, ona ba\u011fland\u0131\u011f\u0131n\u0131 g\u00f6sterir. Saru Saltuk, Taptuk, Barak Baba&#8230; silsilesini izler.<\/p>\n<p>Taptuk Baba Yunus&#8217;un \u015fiirlerinde inan\u00e7la sevilen, yoluna ba\u015f konulan bir m\u00fcr\u015fit olarak kar\u015f\u0131m\u0131za \u00e7\u0131kar:<\/p>\n<p>Taptu\u011fun tapusuna<br \/>\nKul olduk kap\u0131s\u0131na<br \/>\nYunus miskin \u00e7i\u011f idik<br \/>\nPi\u015ftik elhamd\u00fclillah<br \/>\n&#8230;<br \/>\nVard\u0131\u011f\u0131m\u0131z illere<br \/>\n\u015eol safa g\u00f6n\u00fcllere<br \/>\nBaba Taptuk manisin<br \/>\nSa\u00e7tuk elhamd\u00fclillah<br \/>\n&#8230;<br \/>\nYunus bir do\u011fan idi kondu Taptuk koluna<br \/>\nAv\u0131n \u015fikira geldi bu yuva ku\u015fu de\u011fil.<br \/>\n&#8230;<br \/>\nYine esridi Yunus Taptuk y\u00fcz\u00fcn g\u00f6rende<br \/>\nBakt\u0131\u011f\u0131m y\u00fczde g\u00f6rd\u00fcm Taptu\u011fumun nurunu.<\/p>\n<p>Bize kadir gecesidir bu gice<br \/>\nKo erte olmas\u0131n seher gerekmez<br \/>\nYunus esr\u00fcy\u00fcben d\u00fc\u015ft\u00fc sokakta<br \/>\n\u00c7a\u011f\u0131nr Taptu\u011funu ar gerekmez<\/p>\n<p>S\u00f6ylencemizde Hac\u0131 Bekta\u015f Yunus&#8217;u Taptuk&#8217;un tekkesine g\u00f6ndermi\u015f. Yunus gidip Taptuk&#8217;a ba\u015f vurur. \u0130lk Bekta\u015fi tekkeleri bir \u00e7e\u015fit uygulamal\u0131 okul idi. Her dervi\u015f bir i\u015f g\u00f6r\u00fcr. Kimi toprakta, kimi i\u015flikte \u00e7al\u0131\u015f\u0131r, kimi duvar \u00f6rer, kimi a\u015f pi\u015firir: Yunus&#8217;a da odun ta\u015f\u0131ma i\u015fi verirler. K\u0131rk y\u0131l s\u0131rt\u0131nda odun ta\u015f\u0131r, tekkesinin oca\u011f\u0131na, \u00f6zene bezene. Her getirdi\u011fi odun dopdo\u011fru d\u00fcmd\u00fczd\u00fcr. Soranlara: Tekkeye odunun bile e\u011frisi giremez der.<\/p>\n<p>Bir ba\u015fka s\u00f6ylenceye g\u00f6re Taptuk g\u00fczel saz \u00e7alarm\u0131\u015f ve Yunus ona saz\u0131 i\u00e7in ba\u011flanm\u0131\u015f. Yunus uzun s\u00fcre tekkeye hizmet etmi\u015f, sonunda b\u0131km\u0131\u015f ve ka\u00e7m\u0131\u015f. Yolda erenlerden yedi ki\u015fiye rastlam\u0131\u015f, yolda\u015f olmu\u015flar. Her ak\u015fam erenlerden biri i\u00e7inden ge\u00e7irdi\u011fi bir ermi\u015f ad\u0131na Tanr\u0131ya dua ediyor hemen bir sofra geliyormu\u015f ortaya. S\u0131ra Yunus&#8217;a geldi\u011fi ak\u015fam o da: Yarabbi, demi\u015f, bunlar hangi kulun ad\u0131na dua ettilerse ben de onun ad\u0131na yal var\u0131yorum sana, utand\u0131rma beni demi\u015f. O ak\u015fam iki sofra birden gelmi\u015f. Erenler \u015fa\u015f\u0131r\u0131p kimin ad\u0131na dua etti\u011fini sormu\u015flar. Yunus \u00f6nce siz s\u00f6yleyin demi\u015f. Erenlerde Taptuk&#8217;un dervi\u015flerinden Yunus diye biri var, onun ad\u0131na demi\u015fler. Yunus bunu duyar duymaz hi\u00e7 bir \u015fey s\u00f6ylemeden tekkeye geri d\u00f6ner ve anabac\u0131ya \u015feyhin kar\u0131s\u0131na s\u0131\u011f\u0131n\u0131r. S\u00f6ylence bize burada tekkede kad\u0131n\u0131n rol\u00fcn\u00fc yerini ve \u00f6nemini anlat\u0131r. Anabac\u0131 der ki: Yar\u0131n sabah tekkenin e\u015fi\u011fine yat. Taptuk abdest almak i\u00e7in d\u0131\u015far\u0131 \u00e7\u0131karken aya\u011f\u0131 sana tak\u0131l\u0131r .G\u00f6zleri iyi g\u00f6rmedi\u011fi i\u00e7in bana: Kim bu e\u015fikte yatan? diye sorar ben de Yunus, derim. Hangi Yunus derse \u00e7ekil git, ba\u015fka bir tekke ara kendine, ba\u015f\u0131n\u0131n \u00e7aresine bak. Ama bizim Yunus mu? derse anla ki g\u00f6nl\u00fcnden \u00e7\u0131karmam\u0131\u015f, hala seviyor seni. O zaman kapan ayaklar\u0131na, ba\u011f\u0131\u015fla su\u00e7umu de. Yunus Anabac\u0131n\u0131n dedi\u011fini yapar, kap\u0131n\u0131n e\u015fi\u011fine yatar, ertesi sabah olan olur Taptuk: Kim bu adam? diye sorunca Yunus, der anabac\u0131, Taptuk &#8220;bizim Yunus mu? diye sorunca Yunus aya\u011f\u0131na kapan\u0131r sevincinden a\u011flar.<\/p>\n<p>\u0130ki insan aras\u0131ndaki ba\u011fl\u0131l\u0131\u011f\u0131, ayr\u0131l\u0131p kavu\u015fman\u0131n tad\u0131n\u0131, g\u00fcveni bu kadar g\u00fczel anlatabilen s\u00f6ylence azd\u0131r d\u00fcnyada. \u0130nsanl\u0131k bu &#8220;bizim&#8221; s\u00f6z\u00fcn\u00fcn i\u00e7indedir. Bir \u00fclk\u00fc u\u011fruna canlar\u0131n\u0131 koyanlar\u0131n hepsinin ya\u015fad\u0131klar\u0131 bir insanl\u0131k dram\u0131d\u0131r bu. Anlamayan beri gels\u00fcn. \u0130\u015fte dup duru bir su gibi Yunus&#8217;un sevgisidir bu. ( S. Ey\u00fcbo\u011flu ).<\/p>\n<p>Yunus yeniden tekkeye girer. Bir ba\u015fka s\u00f6ylentiye g\u00f6re Yunus Taptuk&#8217;un k\u0131z\u0131n\u0131 sevdi\u011fi i\u00e7in d\u00f6ner tekkeye. Taptuk bilir Yunus&#8217;un bunun i\u00e7in d\u00f6nmedi\u011fini. Ama dervi\u015flerinin b\u00f6yle bir dedikoduya kulak vermeleri kar\u015f\u0131s\u0131nda ne yaps\u0131n? K\u0131z\u0131n\u0131 versin mi, vermesin mi Yunus&#8217;a? Taptuk, dervi\u015flerini yalanc\u0131 \u00e7\u0131karmamak i\u00e7in k\u0131z\u0131n\u0131 Yunus&#8217;a verir. Ama yine s\u00f6ylenceye g\u00f6re Yunus \u00f6mr\u00fcn\u00fcn sonuna dek bu g\u00fczel k\u0131za dokunmuyor. Ger\u00e7ek b\u00f6yle de\u011fil ama halk b\u00f6yle olmas\u0131n\u0131 istiyor. Halk Yunus&#8217;a \u015fehvet duygusunu konduram\u0131yor. \u015eehvetin onu lekelemesini \u00f6z\u00fcne sindiremiyor.<\/p>\n<p>Yunus&#8217;un ozanl\u0131\u011fa ba\u015flamas\u0131n\u0131n \u00f6yk\u00fcs\u00fc de \u015f\u00f6yle: Yunus y\u0131llar y\u0131l\u0131 tekkeye a\u011f\u0131zs\u0131z dilsiz hizmet eder. G\u00fcnlerden bir g\u00fcn Taptuk&#8217;un sofras\u0131nda bir g\u00fczel muhabbet olur. Taptuk sevin\u00e7li co\u015fkuludur. O g\u00fcn Yunus-\u0131 Guyende ad\u0131nda bir ozana: Bize bir \u015feyler s\u00f6yle der. O ozan\u0131n dili tutulur o g\u00fcn, hi\u00e7 bir \u015fey bulup s\u00f6yleyemez. Bunun \u00fczerine Taptuk oduncu Yunus&#8217;a d\u00f6n\u00fcp: Haydi sen s\u00f6yle der. Ve Yunus birden ba\u015flar i\u00e7inde birikenleri s\u00f6ylemeye, esip savurmaya. \u0130ncileri d\u00f6kmeye ba\u015flar.<\/p>\n<p>Burhan Toprak&#8217;\u0131n deyimiyle &#8221;Yunus Emre&#8217;nin bu alt\u0131n destan\u0131 bize kendisi kadar, Anadolu halk\u0131n\u0131nda y\u00fcre\u011fini ve \u00f6zlemini anlat\u0131r. Halk Yunus i\u00e7in Mevlana&#8217;ya &lt;&lt; Manevi konaklar\u0131n hangisinin \u00f6n\u00fcne vard\u0131ysam bir T\u00fcrkmen kocas\u0131n\u0131n izini buldum, onu ge\u00e7emedim. &gt;&gt; dedirtmi\u015ftir.<\/p>\n<p>Bir bulu\u015fmalar\u0131nda Yunus, Mevlana&#8217;ya: Mesnevi&#8217;yi \u00e7ok uzun yazm\u0131\u015fs\u0131n, ben olsam \u015fu s\u00f6ze s\u0131\u011fd\u0131r\u0131rd\u0131m hepsini:<\/p>\n<p>&#8221;Ete kemi\u011fe b\u00fcr\u00fcnd\u00fcm, Yunus diye g\u00f6r\u00fcnd\u00fcm&#8221; der.<br \/>\nYunus \u015fiirinde Mevlana&#8217;y\u0131 sevgi ve sayg\u0131yla anar:<\/p>\n<p>Mevlana meclisinde saz ile i\u015faret oldu<\/p>\n<p>ve:<\/p>\n<p>Mevlana H\u00fcdavendigar bize nazar k\u0131lal\u0131<br \/>\nOnun g\u00f6rkl\u00fc nazan g\u00f6nl\u00fcm\u00fcz aynas\u0131d\u0131r.<\/p>\n<p>der. Mevlana \u015fiir ve yap\u0131tlar\u0131n\u0131n hepsini Fars\u00e7a yazm\u0131\u015ft\u0131. yine halktan yana d\u00fc\u015f\u00fcn\u00fcyor, halka sesleniyordu. Bunu \u00e7ok iyi bilen o\u011flu Sultan Veled babas\u0131n\u0131n d\u00fc\u015f\u00fcncelerini T\u00fcrk\u00e7eye aktar\u0131r. Hac\u0131 Bekta\u015f oca\u011f\u0131 ve Yunus, tasavvufu, o \u00e7a\u011f\u0131n en y\u00fcksek k\u00fclt\u00fcr\u00fcn\u00fc Anadolu halk\u0131n\u0131n T\u00fcrk\u00e7esiyle s\u00f6ylemi\u015ftir. Onlar \u00e7a\u011fda\u015f dilimizin, k\u00fclt\u00fcr\u00fcm\u00fcz\u00fcn ger\u00e7ek \u00f6nc\u00fcleridir. Kimli\u011fimizi yaratanlard\u0131r. Onlar \u00f6z\u00fcm\u00fcz\u00fc hamurumuzu yo\u011furanlard\u0131r. Bizi biz edenlerdir .<\/p>\n<p>S. Ey\u00fcbo\u011flunun deyi\u015fiyle &#8221;Ama Yunus&#8217;un ve halk\u0131n solu\u011fu Kaygusuz&#8217;lar, Pir Sultanlar, Karacao\u011flan&#8217;lar, A\u015f\u0131k Veysel&#8217;lerle i\u00e7in i\u00e7in bu g\u00fcne dek gelmi\u015f ve ancak bu g\u00fcn\u00fcn halk\u00e7\u0131 T\u00fcrk devletinde Anadolu T\u00fcrk\u00e7esini en ayd\u0131n \u015fairlerimize devretmi\u015flerdir.&#8221;<\/p>\n<p>Elif okuduk \u00f6t\u00fcr\u00fc<br \/>\nPazar eyledik g\u00f6t\u00fcr\u00fc<br \/>\nyarat\u0131lan\u0131 ho\u015f g\u00f6r<br \/>\nYaradandan \u00f6t\u00fcr\u00fc<\/p>\n<p>deyip okulu b\u0131rakm\u0131\u015f. Halk, halktan uzakla\u015fan k\u00fclt\u00fcre kar\u015f\u0131 her zaman direnmi\u015ftir. Konumuz Yunus Emre&#8217;nin okur yazar olup olmad\u0131\u011f\u0131 de\u011fil &#8221;Bilginlerimiz, ba\u015fta G\u00f6lp\u0131narl\u0131 olmak \u00fczere Yunus&#8217;un \u00fcmmili\u011fi, yani okur yazar olmad\u0131\u011f\u0131 inanc\u0131n\u0131 g\u00fcl\u00fcn\u00e7 buluyorlar. Ancak Yunus&#8217;tan kalm\u0131\u015f bir tek yaz\u0131l\u0131 s\u00f6z olmamas\u0131 bir yana, Anadolu&#8217;da s\u00f6zl\u00fc k\u00fclt\u00fcr bu g\u00fcn bile bir A\u015f\u0131k Veysel&#8217;i yeti\u015ftirecek g\u00fc\u00e7tedir;&#8221; Bekta\u015fi tekkeleri tasavvufun en ince kavramlar\u0131n\u0131 bile s\u00f6zle geceli g\u00fcnd\u00fczl\u00fc aylarca, y\u00fczy\u0131llarca \u0130nsanlar\u0131n beyinlerine, y\u00fcreklerine hep aktarm\u0131\u015f, ekmi\u015f oya gibi i\u015flemi\u015ftir.<\/p>\n<p>Okur yazar olsun olmasm, Yunus Emre halkm s\u00f6zl\u00fc k\u00fclt\u00fcr\u00fcn\u00fcn adam\u0131d\u0131r, kendi \u00e7a\u011f\u0131n\u0131n en ileri d\u00fc\u015f\u00fcn\u00fc\u015f\u00fcn\u00fc halk\u0131na kendi \u00f6z diliyle ula\u015ft\u0131rm\u0131\u015ft\u0131r. Yunus aynca \u00e7a\u011fm okur yazarlanna, molJalanna kar\u015f\u0131 sava\u015f a\u00e7m\u0131\u015f ger\u00e7ek bir k\u00fclt\u00fcr ta\u015f\u0131y\u0131c\u0131s\u0131d\u0131r. \u015eiir ustas\u0131d\u0131r, g\u00f6n\u00fcl adam\u0131d\u0131r, sevgi denizidir.<\/p>\n<p>\u0130\u015fte s\u00f6ylencesi:<\/p>\n<p>Yunus&#8217;un ya\u015fad\u0131\u011f\u0131 y\u0131llarda Molla Kas\u0131m diye biri varm\u0131\u015f. Bu Molla Kas\u0131m&#8217;a Yunus&#8217;un \u015fiirlerini yaz\u0131l\u0131 olarak getirmi\u015fler. Ba\u015flam\u0131\u015f okumaya. Her okudu\u011fu \u015fiiri dine, \u015feriata ayk\u0131r\u0131 bularak yak\u0131yormu\u015f. Binlercesini yakt\u0131ktan sonra \u00fcst taraf\u0131n\u0131 da suya atmaya ba\u015flam\u0131\u015f. \u015eiirleri yakm\u0131\u015f suya atm\u0131\u015f, atm\u0131\u015f, atm\u0131\u015f derken bir \u015fiirde, Yunus:<\/p>\n<p>Yunus Emre bu s\u00f6z\u00fc e\u011fri b\u00fc\u011fr\u00fc s\u00f6yleme<br \/>\nSeni sigaya \u00e7eken bir Molla Kas\u0131m gelir.<\/p>\n<p>demi\u015f, demi\u015f ya Molla Kas\u0131m bunu g\u00f6r\u00fcr g\u00f6rmez Yunus&#8217;a boyun e\u011fmi\u015f ve yakmad\u0131\u011f\u0131 suya atmad\u0131\u011f\u0131 \u015fiirleri bir hazine gibi saklam\u0131\u015f. S\u00f6ylenceye g\u00f6re bunun i\u00e7in \u015fiirlerinden binlercesini g\u00f6klerde melekler, binlercesini denizlerdeki bal\u0131klar, kalan binlercesini de.insanlar s\u00f6ylermi\u015f. Yunus&#8217;un hak ve halk \u015fairi oldu\u011funu anlatmak bak\u0131m\u0131ndan tarih\u00e7ilerden daha bilimsel, daha ileri bir d\u00fc\u015f\u00fcn\u00fc\u015fle y\u00fckl\u00fcd\u00fcr bu. Rahmetli Sabahattin Ey\u00fcbo\u011flu bu davran\u0131\u015flarla s\u00f6ylencenin: Birisi Yunus Emre&#8217;yi halk\u0131n Molla Kas\u0131m&#8217;la kar\u015f\u0131 kar\u015f\u0131ya getirdi\u011fini, ikincisi de bu beyite \u015fair ad\u0131n\u0131n ancak birinci dizede olmas\u0131 gere\u011fi, tabiili\u011fini vurgulad\u0131\u011f\u0131n\u0131 belirtmektedir. Asl\u0131nda bu \u015fiiri Yunus de\u011fil, halk s\u00f6ylemi\u015ftir. gelin bu \u015fiiri birlikte okuyal\u0131m:<\/p>\n<p>Ben dervi\u015fim diyene bir \u00fcn edesim gelir Se\u011fird\u00fcben sesine vurup yetesim gelir.<br \/>\n&#8230;<br \/>\nS\u0131rat k\u0131ldan incedir k\u0131l\u0131\u00e7tan keskincedir<br \/>\nVarup onun \u00fcst\u00fcnde evler kuras\u0131m gelir<br \/>\n&#8230;<br \/>\nAlt\u0131nda gayya vard\u0131r i\u00e7i nar ile p\u00fcrd\u00fcr<br \/>\nVaruban ol g\u00f6lgede biraz yatas\u0131m gelir<\/p>\n<p><strong>Eserlerinden baz\u0131lar\u0131:<\/strong><\/p>\n<p>1<br \/>\nBiz kimseye kin tutmay\u0131z<br \/>\nA\u011fyar dahi dosttur bize<br \/>\nKanda \u0131ss\u0131zl\u0131k var ise<br \/>\nMahalle-v\u00fc \u015fard\u0131r bize<\/p>\n<p>Ad\u0131m\u0131z miskindir bizim<br \/>\nD\u00fc\u015fman\u0131m\u0131z kindir bizim<br \/>\nBiz kimseye kin tutmay\u0131z<br \/>\nKamu alem birdir bize<\/p>\n<p>Vatan bize cennetd\u00fcr\u00fcr<br \/>\nYolda\u015f\u0131m\u0131z Hak&#8217;d\u00fcr\u00fcr<br \/>\nHaktan yana y\u00f6nilecek<br \/>\nBa\u015fka yollar dard\u0131r bize<\/p>\n<p>D\u00fcnya bir avratt\u0131r kar\u0131<br \/>\nYoldan iltir niceleri<br \/>\nS\u00fcr\u00fcn gitsin \u00f6yleleri<br \/>\nOnu sevmek ard\u0131r bize<\/p>\n<p>Yunus aydur Allah deriz<br \/>\nAllah ile kap\u0131lm\u0131\u015f\u0131z<br \/>\nDergah\u0131na y\u00fcz tutuban<br \/>\nHemen bir ikrard\u0131r bize<\/p>\n<p>2<br \/>\nDa\u011flar ile ta\u015flar ile<br \/>\n\u00c7a\u011f\u0131ray\u0131m Mevlam seni<br \/>\nSeherlerde ku\u015flar ile<br \/>\n\u00c7a\u011f\u0131ray\u0131m Mevlam seni<\/p>\n<p>Su dibinde mahi ile<br \/>\nSahralarda ah\u00fc ile<br \/>\nAbdal olup yahu ile<br \/>\n\u00c7a\u011f\u0131ray\u0131m Mevlam seni<\/p>\n<p>G\u00f6ky\u00fcz\u00fcnde \u0130sa ile<br \/>\nTur da\u011f\u0131nda Musa ile<br \/>\nElimdeki asa ile<br \/>\nDerdi \u00f6k\u00fc\u015f eyy\u00fcb ile<\/p>\n<p>\u00c7a\u011f\u0131ray\u0131m Mevlam seni<br \/>\nG\u00f6z\u00fc ya\u015fl\u0131 Yakub ile<br \/>\nOl Muhammed mahbub ile<br \/>\n\u00c7a\u011f\u0131ray\u0131m Mevlam seni<\/p>\n<p>Bilmi\u015fim d\u00fcnya halini<br \/>\nTerk ettim k\u0131yl \u00fc kalini<br \/>\nBa\u015f a\u00e7\u0131k ayak yal\u0131n\u0131<br \/>\n\u00c7a\u011f\u0131ray\u0131m Mevlam seni<\/p>\n<p>Yunus okur diller ile<br \/>\nOl kumru b\u00fclb\u00fcller ile<br \/>\nHakk\u0131 seven kullar ile<br \/>\n\u00c7a\u011f\u0131ray\u0131m Mevlam seni<\/p>\n<p>3<br \/>\nBir kez g\u00f6n\u00fcl y\u0131kt\u0131n\u0131sa<br \/>\nBu k\u0131ld\u0131\u011f\u0131n namaz de\u011fil<br \/>\nYetmi\u015f iki millet dahi<br \/>\nElin y\u00fcz\u00fcn yumaz de\u011fil<\/p>\n<p>Bir g\u00f6n\u00fcl\u00fc yapt\u0131n ise<br \/>\nEr ete\u011fin tuttun ise<br \/>\nBir kez hay\u0131r ettin ise<br \/>\nBinde bir ise az de\u011fil<\/p>\n<p>Yol odur ki do\u011fru vara<br \/>\nG\u00f6z odur ki Hak&#8217;k\u0131 g\u00f6re<br \/>\nEr odur al\u00e7akta dura<br \/>\nY\u00fcceden bakan g\u00f6z de\u011fil<\/p>\n<p>Erden sana nazar ola<br \/>\n\u0130\u00e7in d\u0131\u015f\u0131n p\u00fcr nur ola<br \/>\nBeli kurtulmu\u015ftan ola<br \/>\n\u015eol ki\u015fi kim gammaz de\u011fil<\/p>\n<p>Yunus bu s\u00f6zleri \u00e7atar<br \/>\nSanki bal\u0131 ya\u011fa katar<br \/>\nHalka matahlar\u0131n satar<br \/>\nY\u00fck\u00fc gevherdir tuz de\u011fil<\/p>\n<p>4<br \/>\nDolap ni\u00e7in inilersin<br \/>\nDerdim vard\u0131r inilerim<br \/>\nBen Mevlaya a\u015f\u0131k oldum<br \/>\nAn\u0131n i\u00e7in inilerim<\/p>\n<p>Benim ad\u0131m dertli dolap<br \/>\nSuyum akar yalap yalap<br \/>\nB\u00f6yle emreylemi\u015f \u00c7alap<br \/>\nDerdim vard\u0131r inilerim<\/p>\n<p>Beni bir da\u011fda buldular<br \/>\nKolum kanad\u0131m yoldular<br \/>\nDolaba \u0131ay\u0131k g\u00f6rd\u00fcler<br \/>\nDerdim var inilerim<\/p>\n<p>Ben bir da\u011f\u0131n a\u011fac\u0131y\u0131m<br \/>\nNe tatl\u0131y\u0131m ne ac\u0131y\u0131m<br \/>\nBen mevlaya duac\u0131y\u0131m<br \/>\nDerdim vard\u0131r inilerim<\/p>\n<p>Da\u011fdan kestiler hezenim<br \/>\nBozuldu t\u00fcrl\u00fc d\u00fczenim<br \/>\nBen bir usanmaz ozan\u0131m<br \/>\nDerdim var inilerim<\/p>\n<p>D\u00fclgerler her yan\u0131m yondu<br \/>\nHer azam yerine kondu<br \/>\nBu iniltim Haktan geldi<br \/>\nDerdim vard\u0131r inilerim<\/p>\n<p>Suyum al\u00e7aktan \u00e7ekerim<br \/>\nD\u00f6n\u00fcp y\u00fckse\u011fe d\u00f6kerim<br \/>\nG\u00f6r\u00fcn ben neler \u00e7ekerim<br \/>\nDerdim vard\u0131r inilerim<\/p>\n<p>Yunus bunda gelen g\u00fclmez<br \/>\nKi\u015fi murad\u0131na ermez<br \/>\nBu fanide kimse kalmaz<br \/>\nDerdim var inilerim<\/p>\n<p>5<br \/>\n\u0130lim ilim bilmektir<br \/>\n\u0130lim kendin bilmektir<br \/>\nSen kendini bilmezsin<br \/>\nYa nice okumakt\u0131r<\/p>\n<p>Okumaktan murat ne<br \/>\nKi\u015fi Hak&#8217;k\u0131 bilmektir<br \/>\n\u00c7\u00fcn okudun bilmezsin<br \/>\nHa bir kuru emektir<\/p>\n<p>Okudum bildim deme<br \/>\n\u00c7ok taat k\u0131ld\u0131m deme<br \/>\nE\u011fer Hak bilmez isen<br \/>\nAbes yere yelmektir<\/p>\n<p>D\u00f6rt kitab\u0131n ma&#8217;nisi<br \/>\nBellidir bir elifte<br \/>\nSen elifi bilmezsin<br \/>\nBu nice okumakt\u0131r<\/p>\n<p>Yi\u011firmi dokuz hece<br \/>\nOkursun u\u00e7tan uca<br \/>\nSen elif dersin hoca<br \/>\nMa&#8217;nisi ne demektir<\/p>\n<p>Yunus Emre der hoca<br \/>\nGerekse bin var hacca<br \/>\nHepisinden iyice<br \/>\nBir g\u00f6n\u00fcle girmektir<\/p>\n<p>6<br \/>\nAcep \u015fu yerde var mola<br \/>\n\u015e\u00f6yle garip bencileyin<br \/>\nBa\u011fr\u0131 ba\u015fl\u0131 g\u00f6z\u00fc ya\u015fl\u0131<br \/>\n\u015e\u00f6yle garip bencileyin<\/p>\n<p>Gezerim Rum&#8217;\u0131la \u015eam&#8217;\u0131<br \/>\nYukar\u0131 illeri kamu<br \/>\n\u00c7ok istedim bulamad\u0131m<br \/>\n\u015e\u00f6yle garip bencileyin<\/p>\n<p>Kimseler garip olmas\u0131n<br \/>\nHasret oduna yanmas\u0131n<br \/>\nHocam kimseler kalmas\u0131n<br \/>\n\u015e\u00f6yle garip bencileyin<\/p>\n<p>S\u00f6yler dilim a\u011flar g\u00f6z\u00fcm<br \/>\nGariplere g\u00f6yn\u00fcr \u00f6z\u00fcm<br \/>\nMe\u011fer ki g\u00f6kte y\u0131ld\u0131z\u0131m<br \/>\n\u015e\u00f6yle garip bencileyin<\/p>\n<p>Nice bu derd ile yanam<br \/>\nEcel ere bir g\u00fcn \u00f6lem<br \/>\nMe\u011fer ki sinimde bulam<br \/>\n\u015e\u00f6yle garip bencileyin<\/p>\n<p>Bir garip \u00f6lm\u00fc\u015f diyeler<br \/>\n\u00dc\u00e7 g\u00fcnden sonra duyalar<br \/>\nSo\u011fuk su ile yuyalar<br \/>\n\u015e\u00f6yle garip bencileyin<\/p>\n<p>Hey Emre&#8217;m Yunus bi\u00e7are<br \/>\nBulunmaz derdime \u00e7are<br \/>\nVar imdi gez \u015fardan \u015fara<br \/>\n\u015e\u00f6yle garip bencileyin<br \/>\n7<br \/>\nBana namaz k\u0131lmaz diyen<br \/>\nBen k\u0131lar\u0131m namaz\u0131m\u0131<br \/>\nK\u0131lar\u0131sam k\u0131lmaz\u0131sam<br \/>\nOl Hak bilir niyaz\u0131m\u0131<\/p>\n<p>Hak&#8217;tan ayr\u0131 kimse bilmez<br \/>\nKafir m\u00fcselman kimd\u00fcr\u00fcr<br \/>\nBen k\u0131lar\u0131m namaz\u0131m\u0131<br \/>\nHak ge\u00e7irdiyse naz\u0131m\u0131<\/p>\n<p>Ol naz\u0131 dergahtan ge\u00e7er<br \/>\nMa&#8217;ni \u015farab\u0131ndan i\u00e7er<br \/>\nHicabs\u0131z can g\u00f6z\u00fcm a\u00e7ar<br \/>\nKendisi siler g\u00f6z\u00fcm\u00fc<\/p>\n<p>Gizli s\u00f6z\u00fc \u015ferheyleyip<br \/>\nT\u00fcrl\u00fc n\u00fckteler s\u00f6yleyip<br \/>\nDe\u011fme arif \u015ferhetmeye<br \/>\nBu benim gizli raz\u0131m\u0131<\/p>\n<p>S\u00f6z\u00fcm ma&#8217;nisine erin<br \/>\nBi-ni\u015fandan haber verin<br \/>\nDertli a\u015f\u0131klara sorun<br \/>\nBu benim dertli s\u00f6z\u00fcm\u00fc<\/p>\n<p>Dost isteyen gelsin bana<br \/>\nG\u00f6stereyim dostu ona<br \/>\nBudur s\u00f6z\u00fcm \u00f6nden sona<br \/>\nBen bilirim kend\u00f6z\u00fcm\u00fc<\/p>\n<p>Yunus \u015fimdi s\u00f6yle s\u00f6z\u00fcn<br \/>\nM\u00fcnkir ister istemesin<br \/>\nPi\u015fir kurtar kendi \u00f6z\u00fcn<br \/>\nArifler tats\u0131n tuzunu<\/p>\n<p>8<br \/>\nBen y\u00fcr\u00fcr\u00fcm yane yane<br \/>\nA\u015fk boyad\u0131 beni kane<br \/>\nNe ak\u0131lem ne divane<br \/>\nGel g\u00f6r beni a\u015fk neyledi<\/p>\n<p>Gah eserim yeller gibi<br \/>\nGah tozar\u0131m yollar gibi<br \/>\nGah akanm seller gibi<br \/>\nGel g\u00f6r beni a\u015fk neyledi<\/p>\n<p>Akar sulay\u0131n \u00e7a\u011flar\u0131m<br \/>\nDertli ci\u011ferim da\u011flar\u0131m<br \/>\n\u015eeyhim anuban a\u011flar\u0131m<br \/>\nGel g\u00f6r beni a\u015fk neyledi<\/p>\n<p>Ya elim al kald\u0131r beni<br \/>\nYa vasl\u0131na erdir beni<br \/>\n\u00c7ok a\u011flatt\u0131n g\u00fcld\u00fcr beni<br \/>\nGel g\u00f6r beni a\u015fk neyledi<\/p>\n<p>Ben y\u00fcr\u00fcr\u00fcm ilden ile<br \/>\n\u015eeyh anar\u0131m dilden dile<br \/>\nGurbette halim kim bile<br \/>\nGel g\u00f6r beni a\u015fk neyledi<\/p>\n<p>Mecnun oluban y\u00fcr\u00fcr\u00fcm<br \/>\nO yari d\u00fc\u015fte g\u00f6r\u00fcr\u00fcm<br \/>\nUyan\u0131p melfil olurum<br \/>\nGel g\u00f6r beni a\u015fk neyledi<\/p>\n<p>Miskin Yunus bi\u00e7areyim<br \/>\nBa\u015ftan aya\u011fa yareyim<br \/>\nDost ilinden avareyim<br \/>\nGel g\u00f6r beni a\u015fk neyledi<\/p>\n<p>9<br \/>\nMansur idim ol zamanda<br \/>\nOnun i\u00e7in geldim bunda<br \/>\nK\u00fcl\u00fcm\u00fc g\u00f6\u011fe savurup<br \/>\nBen enel Hak oldum ahi<\/p>\n<p>Ne ola yanam da\u011f\u0131lam<br \/>\nNe dara \u00e7\u0131kam bo\u011fulam<br \/>\n\u0130\u015fim bitince y\u00fcr\u00fcyem<br \/>\nTeferr\u00fc\u00e7e geldim ahi<\/p>\n<p>M\u00fcmin oldum yoksul iken<br \/>\nBenim oldu kevn \u00fc mekan<br \/>\n\u015earka v\u00fc garba ser-teser<br \/>\nYere g\u00f6\u011fe doldum ahi<\/p>\n<p>Suret toprakt\u0131r diyeni<br \/>\nG\u00f6nl\u00fcm kabul etmez an\u0131<br \/>\nBu topra\u011f\u0131n cevherini<br \/>\nHazrete ird\u00fcrd\u00fcm ahi<\/p>\n<p>Nitekim ben beni buldum<br \/>\nBu oldu kim Hak&#8217;k\u0131 g\u00f6rd\u00fcm<br \/>\nKorkum onu buluncayd\u0131<br \/>\nKorkudan kurtuldum ahi<\/p>\n<p>Yunus kim \u00f6ld\u00fcr\u00fcr seni<br \/>\nVeren al\u0131r gene can\u0131<br \/>\nBu canlara h\u00fckmedeni<br \/>\nKim id\u00fc\u011f\u00fcn bildim ahi<\/p>\n<p>10<br \/>\nA\u015fk\u0131n ald\u0131 benden beni<br \/>\nBana seni gerek seni<br \/>\nBen yanar\u0131m d\u00fcn\u00fc g\u00fcn\u00fc<br \/>\nBana seni gerek seni<\/p>\n<p>Ne varl\u0131\u011fa sevinirim<br \/>\nNe yoklu\u011fa yerinirim<br \/>\nA\u015fk\u0131n ile avunurum<br \/>\nBana seni gerek seni<\/p>\n<p>A\u015fk\u0131n a\u015f\u0131klar \u00f6ld\u00fcr\u00fcr<br \/>\nA\u015fk denizine dald\u0131r\u0131r<br \/>\nTecelli ile doldurur<br \/>\nBana seni gerek seni<\/p>\n<p>A\u015fk\u0131n \u015farab\u0131ndan i\u00e7em<br \/>\nMecnun olup da\u011fa d\u00fc\u015fem<br \/>\nSensin g\u00fcn be g\u00fcn endi\u015fem<br \/>\nBana seni gerek seni<\/p>\n<p>Sufilere sohbet gerek<br \/>\nAhilere ahret gerek<br \/>\nMecnunlara Leyla gerek<br \/>\nBana seni gerek sen\u0130<\/p>\n<p>E\u011fer beni \u00f6ld\u00fcreler<br \/>\nK\u00fcl\u00fcm g\u00f6\u011fe savuralar<br \/>\nTopra\u011f\u0131m anda \u00e7a\u011f\u0131ra<br \/>\nBana seni gerek seni<\/p>\n<p>Yunus&#8217;d\u00fcr\u00fcr benim ad\u0131m<br \/>\nG\u00fcn ge\u00e7tik\u00e7e artar odum<br \/>\n\u0130ki cihanda maksudum<br \/>\nBana seni gerek seni<\/p>\n<p>11<br \/>\n\u015eol Cennetin \u0131rmaklar\u0131<br \/>\nAkar Allah deyu deyu<br \/>\n\u00c7\u0131km\u0131\u015f \u0130slam b\u00fclb\u00fclleri<br \/>\n\u00d6ter Allah deyu deyu<\/p>\n<p>Sal\u0131n\u0131r T\u00fcba dallar\u0131<br \/>\nKur&#8217;an okur hem dilleri<br \/>\nCennet ba\u011f\u0131n\u0131n g\u00fclleri<br \/>\nKokar Allah deyu deyu<\/p>\n<p>Kimi yiyip kimi i\u00e7er<br \/>\nHep melekler rahmet sa\u00e7ar<br \/>\n\u0130dris nebi hulle bi\u00e7er<br \/>\nDiker Allah deyu deyu<\/p>\n<p>Alt\u0131ndand\u0131r direkleri<br \/>\nG\u00fcm\u00fc\u015ftendir yapraklar\u0131<br \/>\nUzand\u0131k\u00e7a budaklar\u0131<br \/>\nBiter Allah deyu deyu<\/p>\n<p>Aydan ar\u0131d\u0131r y\u00fczleri<br \/>\nMisk-\u00fc amberdir s\u00f6zleri<br \/>\nCennet&#8217;te huri k\u0131zlar\u0131<br \/>\nGezer Allah deyu deyu<\/p>\n<p>Hakka a\u015f\u0131k olan ki\u015fi<br \/>\nAkar g\u00f6zlerinin ya\u015f\u0131<br \/>\nP\u00fcr nur olur i\u00e7i d\u0131\u015f\u0131<br \/>\nS\u00f6yler Allah deyu deyu<\/p>\n<p>Ne dilersen Hak&#8217;tan dile<br \/>\nK\u0131lavuzla gir bu yola<br \/>\nB\u00fclb\u00fcl a\u015f\u0131k olmu\u015f g\u00fcle<br \/>\n\u00d6ter Allah deyu deyu<\/p>\n<p>A\u00e7\u0131ld\u0131 g\u00f6kler kap\u0131s\u0131<br \/>\nRahmetle dolu hepisi<br \/>\nSekiz Cennet&#8217;in kap\u0131s\u0131<br \/>\nA\u00e7ar Allah deyu deyu<\/p>\n<p>R\u0131dvan-d\u00fcr\u00fcr kap\u0131 a\u00e7an<br \/>\n\u0130dris-d\u00fcr\u00fcr hulle bi\u00e7en<br \/>\nKevser \u015farab\u0131n\u0131 i\u00e7en<br \/>\nKanar Allah deyu deyu<\/p>\n<p>Miskin Yunus var dostuna<br \/>\nKoma bu g\u00fcn\u00fc yar\u0131na<br \/>\nYar\u0131n Hakk&#8217;\u0131n divan\u0131na<br \/>\nVaram Allah deyu deyu<\/p>\n<p>12<br \/>\nAli alm\u0131\u015f sanca\u011f\u0131n\u0131 eline<br \/>\n\u00c7ekilip giderler mah\u015fer yerine<br \/>\nHasan&#8217;\u0131 H\u00fcseyn&#8217;i alm\u0131\u015f yan\u0131na<br \/>\nAh \u00fcmmetim deyu a\u011flar Muhammed<\/p>\n<p>K\u0131yamet kop\u0131cak canlar uyan\u0131r<br \/>\nKamil dervi\u015f m\u00fcr\u015fidine dayan\u0131r<br \/>\nY\u00fcz\u00fcn yere koymu\u015f Hak&#8217;ka yalvar\u0131r<br \/>\nAh \u00fcmmetim deyu a\u011flar Muhammed<\/p>\n<p>\u00dcryan olmu\u015f yatar o zay\u0131f tenler<br \/>\nSararm\u0131\u015f benizler s\u00f6ylemez diller<br \/>\nMah\u015fer yerine cem olmu\u015f erenler<br \/>\nAh \u00fcmmetim deyu a\u011flar Muhammed<\/p>\n<p>Yunus eder gelin kadrin bilelim<br \/>\nF\u0131rsat elde iken tevhid edelim<br \/>\nRuhu i\u00e7in salavat getirelim<br \/>\nAh \u00fcmmetim deyu a\u011flar Muhammed<\/p>\n","protected":false},"excerpt":{"rendered":"<p>Ben y\u00fcr\u00fcr\u00fcm yane yane A\u015fk boyad\u0131 beni kane Ne ak\u0131lem ne divane Gel g\u00f6r beni a\u015fk neyledi. Miskin Yunus bi\u00e7areyim Ba\u015ftan aya\u011fa yareyim Dost ilinden avareyim Gel g\u00f6r beni a\u015fk neyledi Yunus Emre (1238 -1320) y\u0131llar\u0131 aras\u0131nda ya\u015fad\u0131\u011f\u0131 tahmin edilen ve Anadolu da T\u00fcrk\u00e7e \u015fiirin \u00f6nc\u00fcs\u00fc olan bir \u015fair ve mutasavv\u0131ft\u0131r, ya\u015fam\u0131na ili\u015fkin belgeler s\u0131n\u0131rl\u0131d\u0131r. [&hellip;]<\/p>\n","protected":false},"author":1,"featured_media":8174,"comment_status":"open","ping_status":"open","sticky":false,"template":"","format":"standard","meta":{"footnotes":""},"categories":[172],"tags":[],"class_list":{"0":"post-1408","1":"post","2":"type-post","3":"status-publish","4":"format-standard","5":"has-post-thumbnail","7":"category-ozanlar-ve-eserleri"},"yoast_head":"<!-- This site is optimized with the Yoast SEO Premium plugin v24.9 (Yoast SEO v24.9) - https:\/\/yoast.com\/wordpress\/plugins\/seo\/ -->\n<title>Yunus Emre - Hayat\u0131 ve eserleri - narteks.net<\/title>\n<meta name=\"robots\" content=\"index, follow, max-snippet:-1, max-image-preview:large, max-video-preview:-1\" \/>\n<link rel=\"canonical\" href=\"https:\/\/narteks.net\/index.php\/2009\/11\/13\/yunus-emre-hayat-ve-eserleri\/\" \/>\n<meta property=\"og:locale\" content=\"tr_TR\" \/>\n<meta property=\"og:type\" content=\"article\" \/>\n<meta property=\"og:title\" content=\"Yunus Emre - Hayat\u0131 ve eserleri\" \/>\n<meta property=\"og:description\" content=\"Ben y\u00fcr\u00fcr\u00fcm yane yane A\u015fk boyad\u0131 beni kane Ne ak\u0131lem ne divane Gel g\u00f6r beni a\u015fk neyledi. Miskin Yunus bi\u00e7areyim Ba\u015ftan aya\u011fa yareyim Dost ilinden avareyim Gel g\u00f6r beni a\u015fk neyledi Yunus Emre (1238 -1320) y\u0131llar\u0131 aras\u0131nda ya\u015fad\u0131\u011f\u0131 tahmin edilen ve Anadolu da T\u00fcrk\u00e7e \u015fiirin \u00f6nc\u00fcs\u00fc olan bir \u015fair ve mutasavv\u0131ft\u0131r, ya\u015fam\u0131na ili\u015fkin belgeler s\u0131n\u0131rl\u0131d\u0131r. [&hellip;]\" \/>\n<meta property=\"og:url\" content=\"https:\/\/narteks.net\/index.php\/2009\/11\/13\/yunus-emre-hayat-ve-eserleri\/\" \/>\n<meta property=\"og:site_name\" content=\"narteks.net\" \/>\n<meta property=\"article:published_time\" content=\"2009-11-13T12:14:53+00:00\" \/>\n<meta property=\"article:modified_time\" content=\"2025-04-20T10:01:04+00:00\" \/>\n<meta property=\"og:image\" content=\"http:\/\/narteks.net\/wp-content\/uploads\/yunusemre.jpg\" \/>\n\t<meta property=\"og:image:width\" content=\"739\" \/>\n\t<meta property=\"og:image:height\" content=\"415\" \/>\n\t<meta property=\"og:image:type\" content=\"image\/jpeg\" \/>\n<meta name=\"author\" content=\"Tar\u0131k\" \/>\n<meta name=\"twitter:card\" content=\"summary_large_image\" \/>\n<meta name=\"twitter:creator\" content=\"@narteks\" \/>\n<meta name=\"twitter:site\" content=\"@narteks\" \/>\n<meta name=\"twitter:label1\" content=\"Yazan:\" \/>\n\t<meta name=\"twitter:data1\" content=\"Tar\u0131k\" \/>\n\t<meta name=\"twitter:label2\" content=\"Tahmini okuma s\u00fcresi\" \/>\n\t<meta name=\"twitter:data2\" content=\"19 dakika\" \/>\n<script type=\"application\/ld+json\" class=\"yoast-schema-graph\">{\"@context\":\"https:\/\/schema.org\",\"@graph\":[{\"@type\":\"Article\",\"@id\":\"https:\/\/narteks.net\/index.php\/2009\/11\/13\/yunus-emre-hayat-ve-eserleri\/#article\",\"isPartOf\":{\"@id\":\"https:\/\/narteks.net\/index.php\/2009\/11\/13\/yunus-emre-hayat-ve-eserleri\/\"},\"author\":{\"name\":\"Tar\u0131k\",\"@id\":\"https:\/\/narteks.net\/#\/schema\/person\/61f37d9834294b72d31d274e7ed79bca\"},\"headline\":\"Yunus Emre &#8211; Hayat\u0131 ve eserleri\",\"datePublished\":\"2009-11-13T12:14:53+00:00\",\"dateModified\":\"2025-04-20T10:01:04+00:00\",\"mainEntityOfPage\":{\"@id\":\"https:\/\/narteks.net\/index.php\/2009\/11\/13\/yunus-emre-hayat-ve-eserleri\/\"},\"wordCount\":4346,\"commentCount\":0,\"publisher\":{\"@id\":\"https:\/\/narteks.net\/#organization\"},\"image\":{\"@id\":\"https:\/\/narteks.net\/index.php\/2009\/11\/13\/yunus-emre-hayat-ve-eserleri\/#primaryimage\"},\"thumbnailUrl\":\"https:\/\/narteks.net\/wp-content\/uploads\/yunusemre.jpg\",\"articleSection\":[\"Ozanlar ve Eserleri\"],\"inLanguage\":\"tr\",\"potentialAction\":[{\"@type\":\"CommentAction\",\"name\":\"Comment\",\"target\":[\"https:\/\/narteks.net\/index.php\/2009\/11\/13\/yunus-emre-hayat-ve-eserleri\/#respond\"]}]},{\"@type\":\"WebPage\",\"@id\":\"https:\/\/narteks.net\/index.php\/2009\/11\/13\/yunus-emre-hayat-ve-eserleri\/\",\"url\":\"https:\/\/narteks.net\/index.php\/2009\/11\/13\/yunus-emre-hayat-ve-eserleri\/\",\"name\":\"Yunus Emre - Hayat\u0131 ve eserleri - narteks.net\",\"isPartOf\":{\"@id\":\"https:\/\/narteks.net\/#website\"},\"primaryImageOfPage\":{\"@id\":\"https:\/\/narteks.net\/index.php\/2009\/11\/13\/yunus-emre-hayat-ve-eserleri\/#primaryimage\"},\"image\":{\"@id\":\"https:\/\/narteks.net\/index.php\/2009\/11\/13\/yunus-emre-hayat-ve-eserleri\/#primaryimage\"},\"thumbnailUrl\":\"https:\/\/narteks.net\/wp-content\/uploads\/yunusemre.jpg\",\"datePublished\":\"2009-11-13T12:14:53+00:00\",\"dateModified\":\"2025-04-20T10:01:04+00:00\",\"breadcrumb\":{\"@id\":\"https:\/\/narteks.net\/index.php\/2009\/11\/13\/yunus-emre-hayat-ve-eserleri\/#breadcrumb\"},\"inLanguage\":\"tr\",\"potentialAction\":[{\"@type\":\"ReadAction\",\"target\":[\"https:\/\/narteks.net\/index.php\/2009\/11\/13\/yunus-emre-hayat-ve-eserleri\/\"]}]},{\"@type\":\"ImageObject\",\"inLanguage\":\"tr\",\"@id\":\"https:\/\/narteks.net\/index.php\/2009\/11\/13\/yunus-emre-hayat-ve-eserleri\/#primaryimage\",\"url\":\"https:\/\/narteks.net\/wp-content\/uploads\/yunusemre.jpg\",\"contentUrl\":\"https:\/\/narteks.net\/wp-content\/uploads\/yunusemre.jpg\",\"width\":739,\"height\":415},{\"@type\":\"BreadcrumbList\",\"@id\":\"https:\/\/narteks.net\/index.php\/2009\/11\/13\/yunus-emre-hayat-ve-eserleri\/#breadcrumb\",\"itemListElement\":[{\"@type\":\"ListItem\",\"position\":1,\"name\":\"Anasayfa\",\"item\":\"https:\/\/narteks.net\/\"},{\"@type\":\"ListItem\",\"position\":2,\"name\":\"Yunus Emre &#8211; Hayat\u0131 ve eserleri\"}]},{\"@type\":\"WebSite\",\"@id\":\"https:\/\/narteks.net\/#website\",\"url\":\"https:\/\/narteks.net\/\",\"name\":\"narteks.net\",\"description\":\"K\u00fclt\u00fcr Sanat Edebiyat Felsefe\",\"publisher\":{\"@id\":\"https:\/\/narteks.net\/#organization\"},\"alternateName\":\"K\u00fclt\u00fcr Sanat Edebiyat Felsefe\",\"potentialAction\":[{\"@type\":\"SearchAction\",\"target\":{\"@type\":\"EntryPoint\",\"urlTemplate\":\"https:\/\/narteks.net\/?s={search_term_string}\"},\"query-input\":{\"@type\":\"PropertyValueSpecification\",\"valueRequired\":true,\"valueName\":\"search_term_string\"}}],\"inLanguage\":\"tr\"},{\"@type\":\"Organization\",\"@id\":\"https:\/\/narteks.net\/#organization\",\"name\":\"narteks.net\",\"url\":\"https:\/\/narteks.net\/\",\"logo\":{\"@type\":\"ImageObject\",\"inLanguage\":\"tr\",\"@id\":\"https:\/\/narteks.net\/#\/schema\/logo\/image\/\",\"url\":\"https:\/\/narteks.net\/wp-content\/uploads\/narteks.png\",\"contentUrl\":\"https:\/\/narteks.net\/wp-content\/uploads\/narteks.png\",\"width\":300,\"height\":90,\"caption\":\"narteks.net\"},\"image\":{\"@id\":\"https:\/\/narteks.net\/#\/schema\/logo\/image\/\"},\"sameAs\":[\"https:\/\/x.com\/narteks\",\"https:\/\/instagram.com\/narteksnet\"]},{\"@type\":\"Person\",\"@id\":\"https:\/\/narteks.net\/#\/schema\/person\/61f37d9834294b72d31d274e7ed79bca\",\"name\":\"Tar\u0131k\",\"image\":{\"@type\":\"ImageObject\",\"inLanguage\":\"tr\",\"@id\":\"https:\/\/narteks.net\/#\/schema\/person\/image\/\",\"url\":\"https:\/\/secure.gravatar.com\/avatar\/50865afb55632c4ae467e0af0930f6510aa2297d8014be502a55b14f3b7550cf?s=96&d=mm&r=g\",\"contentUrl\":\"https:\/\/secure.gravatar.com\/avatar\/50865afb55632c4ae467e0af0930f6510aa2297d8014be502a55b14f3b7550cf?s=96&d=mm&r=g\",\"caption\":\"Tar\u0131k\"},\"sameAs\":[\"http:\/\/narteks.net\"],\"url\":\"https:\/\/narteks.net\/index.php\/author\/narbak\/\"}]}<\/script>\n<!-- \/ Yoast SEO Premium plugin. -->","yoast_head_json":{"title":"Yunus Emre - Hayat\u0131 ve eserleri - narteks.net","robots":{"index":"index","follow":"follow","max-snippet":"max-snippet:-1","max-image-preview":"max-image-preview:large","max-video-preview":"max-video-preview:-1"},"canonical":"https:\/\/narteks.net\/index.php\/2009\/11\/13\/yunus-emre-hayat-ve-eserleri\/","og_locale":"tr_TR","og_type":"article","og_title":"Yunus Emre - Hayat\u0131 ve eserleri","og_description":"Ben y\u00fcr\u00fcr\u00fcm yane yane A\u015fk boyad\u0131 beni kane Ne ak\u0131lem ne divane Gel g\u00f6r beni a\u015fk neyledi. Miskin Yunus bi\u00e7areyim Ba\u015ftan aya\u011fa yareyim Dost ilinden avareyim Gel g\u00f6r beni a\u015fk neyledi Yunus Emre (1238 -1320) y\u0131llar\u0131 aras\u0131nda ya\u015fad\u0131\u011f\u0131 tahmin edilen ve Anadolu da T\u00fcrk\u00e7e \u015fiirin \u00f6nc\u00fcs\u00fc olan bir \u015fair ve mutasavv\u0131ft\u0131r, ya\u015fam\u0131na ili\u015fkin belgeler s\u0131n\u0131rl\u0131d\u0131r. [&hellip;]","og_url":"https:\/\/narteks.net\/index.php\/2009\/11\/13\/yunus-emre-hayat-ve-eserleri\/","og_site_name":"narteks.net","article_published_time":"2009-11-13T12:14:53+00:00","article_modified_time":"2025-04-20T10:01:04+00:00","og_image":[{"width":739,"height":415,"url":"http:\/\/narteks.net\/wp-content\/uploads\/yunusemre.jpg","type":"image\/jpeg"}],"author":"Tar\u0131k","twitter_card":"summary_large_image","twitter_creator":"@narteks","twitter_site":"@narteks","twitter_misc":{"Yazan:":"Tar\u0131k","Tahmini okuma s\u00fcresi":"19 dakika"},"schema":{"@context":"https:\/\/schema.org","@graph":[{"@type":"Article","@id":"https:\/\/narteks.net\/index.php\/2009\/11\/13\/yunus-emre-hayat-ve-eserleri\/#article","isPartOf":{"@id":"https:\/\/narteks.net\/index.php\/2009\/11\/13\/yunus-emre-hayat-ve-eserleri\/"},"author":{"name":"Tar\u0131k","@id":"https:\/\/narteks.net\/#\/schema\/person\/61f37d9834294b72d31d274e7ed79bca"},"headline":"Yunus Emre &#8211; Hayat\u0131 ve eserleri","datePublished":"2009-11-13T12:14:53+00:00","dateModified":"2025-04-20T10:01:04+00:00","mainEntityOfPage":{"@id":"https:\/\/narteks.net\/index.php\/2009\/11\/13\/yunus-emre-hayat-ve-eserleri\/"},"wordCount":4346,"commentCount":0,"publisher":{"@id":"https:\/\/narteks.net\/#organization"},"image":{"@id":"https:\/\/narteks.net\/index.php\/2009\/11\/13\/yunus-emre-hayat-ve-eserleri\/#primaryimage"},"thumbnailUrl":"https:\/\/narteks.net\/wp-content\/uploads\/yunusemre.jpg","articleSection":["Ozanlar ve Eserleri"],"inLanguage":"tr","potentialAction":[{"@type":"CommentAction","name":"Comment","target":["https:\/\/narteks.net\/index.php\/2009\/11\/13\/yunus-emre-hayat-ve-eserleri\/#respond"]}]},{"@type":"WebPage","@id":"https:\/\/narteks.net\/index.php\/2009\/11\/13\/yunus-emre-hayat-ve-eserleri\/","url":"https:\/\/narteks.net\/index.php\/2009\/11\/13\/yunus-emre-hayat-ve-eserleri\/","name":"Yunus Emre - Hayat\u0131 ve eserleri - narteks.net","isPartOf":{"@id":"https:\/\/narteks.net\/#website"},"primaryImageOfPage":{"@id":"https:\/\/narteks.net\/index.php\/2009\/11\/13\/yunus-emre-hayat-ve-eserleri\/#primaryimage"},"image":{"@id":"https:\/\/narteks.net\/index.php\/2009\/11\/13\/yunus-emre-hayat-ve-eserleri\/#primaryimage"},"thumbnailUrl":"https:\/\/narteks.net\/wp-content\/uploads\/yunusemre.jpg","datePublished":"2009-11-13T12:14:53+00:00","dateModified":"2025-04-20T10:01:04+00:00","breadcrumb":{"@id":"https:\/\/narteks.net\/index.php\/2009\/11\/13\/yunus-emre-hayat-ve-eserleri\/#breadcrumb"},"inLanguage":"tr","potentialAction":[{"@type":"ReadAction","target":["https:\/\/narteks.net\/index.php\/2009\/11\/13\/yunus-emre-hayat-ve-eserleri\/"]}]},{"@type":"ImageObject","inLanguage":"tr","@id":"https:\/\/narteks.net\/index.php\/2009\/11\/13\/yunus-emre-hayat-ve-eserleri\/#primaryimage","url":"https:\/\/narteks.net\/wp-content\/uploads\/yunusemre.jpg","contentUrl":"https:\/\/narteks.net\/wp-content\/uploads\/yunusemre.jpg","width":739,"height":415},{"@type":"BreadcrumbList","@id":"https:\/\/narteks.net\/index.php\/2009\/11\/13\/yunus-emre-hayat-ve-eserleri\/#breadcrumb","itemListElement":[{"@type":"ListItem","position":1,"name":"Anasayfa","item":"https:\/\/narteks.net\/"},{"@type":"ListItem","position":2,"name":"Yunus Emre &#8211; Hayat\u0131 ve eserleri"}]},{"@type":"WebSite","@id":"https:\/\/narteks.net\/#website","url":"https:\/\/narteks.net\/","name":"narteks.net","description":"K\u00fclt\u00fcr Sanat Edebiyat Felsefe","publisher":{"@id":"https:\/\/narteks.net\/#organization"},"alternateName":"K\u00fclt\u00fcr Sanat Edebiyat Felsefe","potentialAction":[{"@type":"SearchAction","target":{"@type":"EntryPoint","urlTemplate":"https:\/\/narteks.net\/?s={search_term_string}"},"query-input":{"@type":"PropertyValueSpecification","valueRequired":true,"valueName":"search_term_string"}}],"inLanguage":"tr"},{"@type":"Organization","@id":"https:\/\/narteks.net\/#organization","name":"narteks.net","url":"https:\/\/narteks.net\/","logo":{"@type":"ImageObject","inLanguage":"tr","@id":"https:\/\/narteks.net\/#\/schema\/logo\/image\/","url":"https:\/\/narteks.net\/wp-content\/uploads\/narteks.png","contentUrl":"https:\/\/narteks.net\/wp-content\/uploads\/narteks.png","width":300,"height":90,"caption":"narteks.net"},"image":{"@id":"https:\/\/narteks.net\/#\/schema\/logo\/image\/"},"sameAs":["https:\/\/x.com\/narteks","https:\/\/instagram.com\/narteksnet"]},{"@type":"Person","@id":"https:\/\/narteks.net\/#\/schema\/person\/61f37d9834294b72d31d274e7ed79bca","name":"Tar\u0131k","image":{"@type":"ImageObject","inLanguage":"tr","@id":"https:\/\/narteks.net\/#\/schema\/person\/image\/","url":"https:\/\/secure.gravatar.com\/avatar\/50865afb55632c4ae467e0af0930f6510aa2297d8014be502a55b14f3b7550cf?s=96&d=mm&r=g","contentUrl":"https:\/\/secure.gravatar.com\/avatar\/50865afb55632c4ae467e0af0930f6510aa2297d8014be502a55b14f3b7550cf?s=96&d=mm&r=g","caption":"Tar\u0131k"},"sameAs":["http:\/\/narteks.net"],"url":"https:\/\/narteks.net\/index.php\/author\/narbak\/"}]}},"_links":{"self":[{"href":"https:\/\/narteks.net\/index.php\/wp-json\/wp\/v2\/posts\/1408","targetHints":{"allow":["GET"]}}],"collection":[{"href":"https:\/\/narteks.net\/index.php\/wp-json\/wp\/v2\/posts"}],"about":[{"href":"https:\/\/narteks.net\/index.php\/wp-json\/wp\/v2\/types\/post"}],"author":[{"embeddable":true,"href":"https:\/\/narteks.net\/index.php\/wp-json\/wp\/v2\/users\/1"}],"replies":[{"embeddable":true,"href":"https:\/\/narteks.net\/index.php\/wp-json\/wp\/v2\/comments?post=1408"}],"version-history":[{"count":3,"href":"https:\/\/narteks.net\/index.php\/wp-json\/wp\/v2\/posts\/1408\/revisions"}],"predecessor-version":[{"id":8176,"href":"https:\/\/narteks.net\/index.php\/wp-json\/wp\/v2\/posts\/1408\/revisions\/8176"}],"wp:featuredmedia":[{"embeddable":true,"href":"https:\/\/narteks.net\/index.php\/wp-json\/wp\/v2\/media\/8174"}],"wp:attachment":[{"href":"https:\/\/narteks.net\/index.php\/wp-json\/wp\/v2\/media?parent=1408"}],"wp:term":[{"taxonomy":"category","embeddable":true,"href":"https:\/\/narteks.net\/index.php\/wp-json\/wp\/v2\/categories?post=1408"},{"taxonomy":"post_tag","embeddable":true,"href":"https:\/\/narteks.net\/index.php\/wp-json\/wp\/v2\/tags?post=1408"}],"curies":[{"name":"wp","href":"https:\/\/api.w.org\/{rel}","templated":true}]}}