{"id":1417,"date":"2009-11-13T21:40:37","date_gmt":"2009-11-13T18:40:37","guid":{"rendered":"http:\/\/localhost\/wordpress\/2009\/11\/13\/bulutsuzluk-ozlemi-uctu-uctu\/"},"modified":"2009-11-13T21:40:37","modified_gmt":"2009-11-13T18:40:37","slug":"bulutsuzluk-ozlemi-uctu-uctu","status":"publish","type":"post","link":"https:\/\/narteks.net\/index.php\/2009\/11\/13\/bulutsuzluk-ozlemi-uctu-uctu\/","title":{"rendered":"Bulutsuzluk \u00d6zlemi &#8211; U\u00e7tu U\u00e7tu"},"content":{"rendered":"<p>\u00a0<\/p>\n<p><span class=\"print_song\"><br \/> Am <br \/> Sabah\u00a0oldu\u00a0kalkt\u0131m, <br \/> Elim\u00a0bosa\u00a0gidiyordu. <br \/> Gitar\u0131m\u0131n\u00a0alt\u00a0teli\u00a0kopmus, <br \/> Aray\u0131p\u00a0bulam\u0131yordum. <\/p>\n<p> F\u00a0\u00a0\u00a0\u00a0\u00a0\u00a0\u00a0\u00a0\u00a0\u00a0\u00a0\u00a0\u00a0\u00a0\u00a0\u00a0\u00a0G <br \/> Akl\u0131m\u0131\u00a0tutamad\u0131m,\u00a0kafatas\u0131mdan <br \/> Am-F-G <br \/> U\u00e7tu\u00a0u\u00e7tu. <\/p>\n<p> Am <br \/> Helada\u00a0iki\u00a0musluk\u00a0bozuk <br \/> C\u0131r\u0131l\u00a0c\u0131r\u0131l\u00a0c\u0131rl\u0131yordu. <br \/> Kalkt\u0131m\u00a0bi\u00a0de\u00a0ben\u00a0c\u0131rlatt\u0131m. <br \/> Yok\u00a0&#8220;\u00e7ok\u00a0sesli&#8221;\u00a0yok\u00a0&#8220;tek\u00a0sesli&#8221;. <\/p>\n<p> F\u00a0\u00a0\u00a0\u00a0\u00a0\u00a0\u00a0\u00a0\u00a0\u00a0\u00a0\u00a0\u00a0\u00a0\u00a0\u00a0\u00a0G <br \/> Akl\u0131m\u0131\u00a0tutamad\u0131m,\u00a0kafatas\u0131mdan <br \/> Am-F-G <br \/> U\u00e7tu\u00a0u\u00e7tu. <\/p>\n<p> Am <br \/> Bak\u00a0ellerim\u00a0nas\u0131rlast\u0131 <br \/> Ulasmaya\u00a0u\u011frasmaktan. <br \/> Parmaklar\u0131ma\u00a0kan\u00a0oturdu. <br \/> Ve\u00a0Selam\u00fcnkavlenm\u00fcrabbirrahim. <\/p>\n<p> F\u00a0\u00a0\u00a0\u00a0\u00a0\u00a0\u00a0\u00a0\u00a0\u00a0\u00a0\u00a0\u00a0\u00a0\u00a0\u00a0\u00a0G <br \/> Akl\u0131m\u0131\u00a0tutamad\u0131m,\u00a0kafatas\u0131mdan <br \/> Am-F-G <br \/> U\u00e7tu\u00a0u\u00e7tu. <\/p>\n<p> Am <br \/> Cep\u00a0delik\u00a0cepken\u00a0delik, <br \/> Cebimde\u00a0yok\u00a0bir\u00a0metelik\u00a0&#8220;bazen&#8221;. <br \/> Ve\u00a0beton\u00a0yesili\u00a0deliyordu. <br \/> Deliriyordum\u00a0\u00e7ok\u00a0yoruyordu. <\/p>\n<p> F\u00a0\u00a0\u00a0\u00a0\u00a0\u00a0\u00a0\u00a0\u00a0\u00a0\u00a0\u00a0\u00a0\u00a0\u00a0\u00a0\u00a0G <br \/> Akl\u0131m\u0131\u00a0tutamad\u0131m,\u00a0kafatas\u0131mdan <br \/> Am-F-G <br \/> U\u00e7tu\u00a0u\u00e7tu.<\/p>\n<p><strong>Bulutsuzluk \u00d6zlemi &#8211; U\u00e7tu U\u00e7tu KULLANILAN AKORLAR<\/strong><br \/><\/span><\/p>\n<table border=\"0\" width=\"50%\" cellspacing=\"3\" cellpadding=\"5\">\n<tbody>\n<tr>\n<td class=\"ajaxtable2\"><small>F<\/small><\/td>\n<td class=\"ajaxtable2\"><small>1 3 3 2 1 1<\/small><\/td>\n<td class=\"ajaxtable2\"><small>x 0 3 2 1 1<\/small><\/td>\n<td class=\"ajaxtable2\"><small>x 3 3 2 1 1<\/small><\/td>\n<\/tr>\n<\/tbody>\n<\/table>\n<p><span class=\"print_song\"><small>\u015eark\u0131da kullan\u0131lan akorlar\u0131n farkl\u0131 \u015fekillerde bas\u0131l\u0131\u015flar\u0131d\u0131r.<\/small><\/span><\/p>\n","protected":false},"excerpt":{"rendered":"<p>\u00a0 Am Sabah\u00a0oldu\u00a0kalkt\u0131m, Elim\u00a0bosa\u00a0gidiyordu. Gitar\u0131m\u0131n\u00a0alt\u00a0teli\u00a0kopmus, Aray\u0131p\u00a0bulam\u0131yordum. F\u00a0\u00a0\u00a0\u00a0\u00a0\u00a0\u00a0\u00a0\u00a0\u00a0\u00a0\u00a0\u00a0\u00a0\u00a0\u00a0\u00a0G Akl\u0131m\u0131\u00a0tutamad\u0131m,\u00a0kafatas\u0131mdan Am-F-G U\u00e7tu\u00a0u\u00e7tu. Am Helada\u00a0iki\u00a0musluk\u00a0bozuk C\u0131r\u0131l\u00a0c\u0131r\u0131l\u00a0c\u0131rl\u0131yordu. Kalkt\u0131m\u00a0bi\u00a0de\u00a0ben\u00a0c\u0131rlatt\u0131m. Yok\u00a0&#8220;\u00e7ok\u00a0sesli&#8221;\u00a0yok\u00a0&#8220;tek\u00a0sesli&#8221;. F\u00a0\u00a0\u00a0\u00a0\u00a0\u00a0\u00a0\u00a0\u00a0\u00a0\u00a0\u00a0\u00a0\u00a0\u00a0\u00a0\u00a0G Akl\u0131m\u0131\u00a0tutamad\u0131m,\u00a0kafatas\u0131mdan Am-F-G U\u00e7tu\u00a0u\u00e7tu. Am Bak\u00a0ellerim\u00a0nas\u0131rlast\u0131 Ulasmaya\u00a0u\u011frasmaktan. Parmaklar\u0131ma\u00a0kan\u00a0oturdu. Ve\u00a0Selam\u00fcnkavlenm\u00fcrabbirrahim. F\u00a0\u00a0\u00a0\u00a0\u00a0\u00a0\u00a0\u00a0\u00a0\u00a0\u00a0\u00a0\u00a0\u00a0\u00a0\u00a0\u00a0G Akl\u0131m\u0131\u00a0tutamad\u0131m,\u00a0kafatas\u0131mdan Am-F-G U\u00e7tu\u00a0u\u00e7tu. Am Cep\u00a0delik\u00a0cepken\u00a0delik, Cebimde\u00a0yok\u00a0bir\u00a0metelik\u00a0&#8220;bazen&#8221;. Ve\u00a0beton\u00a0yesili\u00a0deliyordu. Deliriyordum\u00a0\u00e7ok\u00a0yoruyordu. F\u00a0\u00a0\u00a0\u00a0\u00a0\u00a0\u00a0\u00a0\u00a0\u00a0\u00a0\u00a0\u00a0\u00a0\u00a0\u00a0\u00a0G Akl\u0131m\u0131\u00a0tutamad\u0131m,\u00a0kafatas\u0131mdan Am-F-G U\u00e7tu\u00a0u\u00e7tu. Bulutsuzluk \u00d6zlemi &#8211; U\u00e7tu U\u00e7tu KULLANILAN AKORLAR F 1 3 3 2 1 1 x 0 3 2 [&hellip;]<\/p>\n","protected":false},"author":1,"featured_media":0,"comment_status":"open","ping_status":"open","sticky":false,"template":"","format":"standard","meta":{"footnotes":""},"categories":[75],"tags":[],"class_list":{"0":"post-1417","1":"post","2":"type-post","3":"status-publish","4":"format-standard","6":"category-sarki-turku-akorlari-rock"},"yoast_head":"<!-- This site is optimized with the Yoast SEO Premium plugin v24.9 (Yoast SEO v24.9) - https:\/\/yoast.com\/wordpress\/plugins\/seo\/ -->\n<title>Bulutsuzluk \u00d6zlemi - U\u00e7tu U\u00e7tu - narteks.net<\/title>\n<meta name=\"robots\" content=\"index, follow, max-snippet:-1, max-image-preview:large, max-video-preview:-1\" \/>\n<link rel=\"canonical\" href=\"https:\/\/narteks.net\/index.php\/2009\/11\/13\/bulutsuzluk-ozlemi-uctu-uctu\/\" \/>\n<meta property=\"og:locale\" content=\"tr_TR\" \/>\n<meta property=\"og:type\" content=\"article\" \/>\n<meta property=\"og:title\" content=\"Bulutsuzluk \u00d6zlemi - U\u00e7tu U\u00e7tu\" \/>\n<meta property=\"og:description\" content=\"\u00a0 Am Sabah\u00a0oldu\u00a0kalkt\u0131m, Elim\u00a0bosa\u00a0gidiyordu. Gitar\u0131m\u0131n\u00a0alt\u00a0teli\u00a0kopmus, Aray\u0131p\u00a0bulam\u0131yordum. F\u00a0\u00a0\u00a0\u00a0\u00a0\u00a0\u00a0\u00a0\u00a0\u00a0\u00a0\u00a0\u00a0\u00a0\u00a0\u00a0\u00a0G Akl\u0131m\u0131\u00a0tutamad\u0131m,\u00a0kafatas\u0131mdan Am-F-G U\u00e7tu\u00a0u\u00e7tu. Am Helada\u00a0iki\u00a0musluk\u00a0bozuk C\u0131r\u0131l\u00a0c\u0131r\u0131l\u00a0c\u0131rl\u0131yordu. Kalkt\u0131m\u00a0bi\u00a0de\u00a0ben\u00a0c\u0131rlatt\u0131m. Yok\u00a0&#8220;\u00e7ok\u00a0sesli&#8221;\u00a0yok\u00a0&#8220;tek\u00a0sesli&#8221;. F\u00a0\u00a0\u00a0\u00a0\u00a0\u00a0\u00a0\u00a0\u00a0\u00a0\u00a0\u00a0\u00a0\u00a0\u00a0\u00a0\u00a0G Akl\u0131m\u0131\u00a0tutamad\u0131m,\u00a0kafatas\u0131mdan Am-F-G U\u00e7tu\u00a0u\u00e7tu. Am Bak\u00a0ellerim\u00a0nas\u0131rlast\u0131 Ulasmaya\u00a0u\u011frasmaktan. Parmaklar\u0131ma\u00a0kan\u00a0oturdu. Ve\u00a0Selam\u00fcnkavlenm\u00fcrabbirrahim. F\u00a0\u00a0\u00a0\u00a0\u00a0\u00a0\u00a0\u00a0\u00a0\u00a0\u00a0\u00a0\u00a0\u00a0\u00a0\u00a0\u00a0G Akl\u0131m\u0131\u00a0tutamad\u0131m,\u00a0kafatas\u0131mdan Am-F-G U\u00e7tu\u00a0u\u00e7tu. Am Cep\u00a0delik\u00a0cepken\u00a0delik, Cebimde\u00a0yok\u00a0bir\u00a0metelik\u00a0&#8220;bazen&#8221;. Ve\u00a0beton\u00a0yesili\u00a0deliyordu. Deliriyordum\u00a0\u00e7ok\u00a0yoruyordu. F\u00a0\u00a0\u00a0\u00a0\u00a0\u00a0\u00a0\u00a0\u00a0\u00a0\u00a0\u00a0\u00a0\u00a0\u00a0\u00a0\u00a0G Akl\u0131m\u0131\u00a0tutamad\u0131m,\u00a0kafatas\u0131mdan Am-F-G U\u00e7tu\u00a0u\u00e7tu. Bulutsuzluk \u00d6zlemi &#8211; U\u00e7tu U\u00e7tu KULLANILAN AKORLAR F 1 3 3 2 1 1 x 0 3 2 [&hellip;]\" \/>\n<meta property=\"og:url\" content=\"https:\/\/narteks.net\/index.php\/2009\/11\/13\/bulutsuzluk-ozlemi-uctu-uctu\/\" \/>\n<meta property=\"og:site_name\" content=\"narteks.net\" \/>\n<meta property=\"article:published_time\" content=\"2009-11-13T18:40:37+00:00\" \/>\n<meta property=\"og:image\" content=\"https:\/\/narteks.net\/wp-content\/uploads\/narteks.png\" \/>\n\t<meta property=\"og:image:width\" content=\"300\" \/>\n\t<meta property=\"og:image:height\" content=\"90\" \/>\n\t<meta property=\"og:image:type\" content=\"image\/png\" \/>\n<meta name=\"author\" content=\"Tar\u0131k\" \/>\n<meta name=\"twitter:card\" content=\"summary_large_image\" \/>\n<meta name=\"twitter:creator\" content=\"@narteks\" \/>\n<meta name=\"twitter:site\" content=\"@narteks\" \/>\n<meta name=\"twitter:label1\" content=\"Yazan:\" \/>\n\t<meta name=\"twitter:data1\" content=\"Tar\u0131k\" \/>\n\t<meta name=\"twitter:label2\" content=\"Tahmini okuma s\u00fcresi\" \/>\n\t<meta name=\"twitter:data2\" content=\"1 dakika\" \/>\n<script type=\"application\/ld+json\" class=\"yoast-schema-graph\">{\"@context\":\"https:\/\/schema.org\",\"@graph\":[{\"@type\":\"Article\",\"@id\":\"https:\/\/narteks.net\/index.php\/2009\/11\/13\/bulutsuzluk-ozlemi-uctu-uctu\/#article\",\"isPartOf\":{\"@id\":\"https:\/\/narteks.net\/index.php\/2009\/11\/13\/bulutsuzluk-ozlemi-uctu-uctu\/\"},\"author\":{\"name\":\"Tar\u0131k\",\"@id\":\"https:\/\/narteks.net\/#\/schema\/person\/61f37d9834294b72d31d274e7ed79bca\"},\"headline\":\"Bulutsuzluk \u00d6zlemi &#8211; U\u00e7tu U\u00e7tu\",\"datePublished\":\"2009-11-13T18:40:37+00:00\",\"mainEntityOfPage\":{\"@id\":\"https:\/\/narteks.net\/index.php\/2009\/11\/13\/bulutsuzluk-ozlemi-uctu-uctu\/\"},\"wordCount\":163,\"commentCount\":0,\"publisher\":{\"@id\":\"https:\/\/narteks.net\/#organization\"},\"articleSection\":[\"\u015eark\u0131 ve T\u00fcrk\u00fc Akorlar\u0131 (Rock)\"],\"inLanguage\":\"tr\",\"potentialAction\":[{\"@type\":\"CommentAction\",\"name\":\"Comment\",\"target\":[\"https:\/\/narteks.net\/index.php\/2009\/11\/13\/bulutsuzluk-ozlemi-uctu-uctu\/#respond\"]}]},{\"@type\":\"WebPage\",\"@id\":\"https:\/\/narteks.net\/index.php\/2009\/11\/13\/bulutsuzluk-ozlemi-uctu-uctu\/\",\"url\":\"https:\/\/narteks.net\/index.php\/2009\/11\/13\/bulutsuzluk-ozlemi-uctu-uctu\/\",\"name\":\"Bulutsuzluk \u00d6zlemi - U\u00e7tu U\u00e7tu - narteks.net\",\"isPartOf\":{\"@id\":\"https:\/\/narteks.net\/#website\"},\"datePublished\":\"2009-11-13T18:40:37+00:00\",\"breadcrumb\":{\"@id\":\"https:\/\/narteks.net\/index.php\/2009\/11\/13\/bulutsuzluk-ozlemi-uctu-uctu\/#breadcrumb\"},\"inLanguage\":\"tr\",\"potentialAction\":[{\"@type\":\"ReadAction\",\"target\":[\"https:\/\/narteks.net\/index.php\/2009\/11\/13\/bulutsuzluk-ozlemi-uctu-uctu\/\"]}]},{\"@type\":\"BreadcrumbList\",\"@id\":\"https:\/\/narteks.net\/index.php\/2009\/11\/13\/bulutsuzluk-ozlemi-uctu-uctu\/#breadcrumb\",\"itemListElement\":[{\"@type\":\"ListItem\",\"position\":1,\"name\":\"Anasayfa\",\"item\":\"https:\/\/narteks.net\/\"},{\"@type\":\"ListItem\",\"position\":2,\"name\":\"Bulutsuzluk \u00d6zlemi &#8211; U\u00e7tu U\u00e7tu\"}]},{\"@type\":\"WebSite\",\"@id\":\"https:\/\/narteks.net\/#website\",\"url\":\"https:\/\/narteks.net\/\",\"name\":\"narteks.net\",\"description\":\"K\u00fclt\u00fcr Sanat Edebiyat Felsefe\",\"publisher\":{\"@id\":\"https:\/\/narteks.net\/#organization\"},\"alternateName\":\"K\u00fclt\u00fcr Sanat Edebiyat Felsefe\",\"potentialAction\":[{\"@type\":\"SearchAction\",\"target\":{\"@type\":\"EntryPoint\",\"urlTemplate\":\"https:\/\/narteks.net\/?s={search_term_string}\"},\"query-input\":{\"@type\":\"PropertyValueSpecification\",\"valueRequired\":true,\"valueName\":\"search_term_string\"}}],\"inLanguage\":\"tr\"},{\"@type\":\"Organization\",\"@id\":\"https:\/\/narteks.net\/#organization\",\"name\":\"narteks.net\",\"url\":\"https:\/\/narteks.net\/\",\"logo\":{\"@type\":\"ImageObject\",\"inLanguage\":\"tr\",\"@id\":\"https:\/\/narteks.net\/#\/schema\/logo\/image\/\",\"url\":\"https:\/\/narteks.net\/wp-content\/uploads\/narteks.png\",\"contentUrl\":\"https:\/\/narteks.net\/wp-content\/uploads\/narteks.png\",\"width\":300,\"height\":90,\"caption\":\"narteks.net\"},\"image\":{\"@id\":\"https:\/\/narteks.net\/#\/schema\/logo\/image\/\"},\"sameAs\":[\"https:\/\/x.com\/narteks\",\"https:\/\/instagram.com\/narteksnet\"]},{\"@type\":\"Person\",\"@id\":\"https:\/\/narteks.net\/#\/schema\/person\/61f37d9834294b72d31d274e7ed79bca\",\"name\":\"Tar\u0131k\",\"image\":{\"@type\":\"ImageObject\",\"inLanguage\":\"tr\",\"@id\":\"https:\/\/narteks.net\/#\/schema\/person\/image\/\",\"url\":\"https:\/\/secure.gravatar.com\/avatar\/50865afb55632c4ae467e0af0930f6510aa2297d8014be502a55b14f3b7550cf?s=96&d=mm&r=g\",\"contentUrl\":\"https:\/\/secure.gravatar.com\/avatar\/50865afb55632c4ae467e0af0930f6510aa2297d8014be502a55b14f3b7550cf?s=96&d=mm&r=g\",\"caption\":\"Tar\u0131k\"},\"sameAs\":[\"http:\/\/narteks.net\"],\"url\":\"https:\/\/narteks.net\/index.php\/author\/narbak\/\"}]}<\/script>\n<!-- \/ Yoast SEO Premium plugin. -->","yoast_head_json":{"title":"Bulutsuzluk \u00d6zlemi - U\u00e7tu U\u00e7tu - narteks.net","robots":{"index":"index","follow":"follow","max-snippet":"max-snippet:-1","max-image-preview":"max-image-preview:large","max-video-preview":"max-video-preview:-1"},"canonical":"https:\/\/narteks.net\/index.php\/2009\/11\/13\/bulutsuzluk-ozlemi-uctu-uctu\/","og_locale":"tr_TR","og_type":"article","og_title":"Bulutsuzluk \u00d6zlemi - U\u00e7tu U\u00e7tu","og_description":"\u00a0 Am Sabah\u00a0oldu\u00a0kalkt\u0131m, Elim\u00a0bosa\u00a0gidiyordu. Gitar\u0131m\u0131n\u00a0alt\u00a0teli\u00a0kopmus, Aray\u0131p\u00a0bulam\u0131yordum. F\u00a0\u00a0\u00a0\u00a0\u00a0\u00a0\u00a0\u00a0\u00a0\u00a0\u00a0\u00a0\u00a0\u00a0\u00a0\u00a0\u00a0G Akl\u0131m\u0131\u00a0tutamad\u0131m,\u00a0kafatas\u0131mdan Am-F-G U\u00e7tu\u00a0u\u00e7tu. Am Helada\u00a0iki\u00a0musluk\u00a0bozuk C\u0131r\u0131l\u00a0c\u0131r\u0131l\u00a0c\u0131rl\u0131yordu. Kalkt\u0131m\u00a0bi\u00a0de\u00a0ben\u00a0c\u0131rlatt\u0131m. Yok\u00a0&#8220;\u00e7ok\u00a0sesli&#8221;\u00a0yok\u00a0&#8220;tek\u00a0sesli&#8221;. F\u00a0\u00a0\u00a0\u00a0\u00a0\u00a0\u00a0\u00a0\u00a0\u00a0\u00a0\u00a0\u00a0\u00a0\u00a0\u00a0\u00a0G Akl\u0131m\u0131\u00a0tutamad\u0131m,\u00a0kafatas\u0131mdan Am-F-G U\u00e7tu\u00a0u\u00e7tu. Am Bak\u00a0ellerim\u00a0nas\u0131rlast\u0131 Ulasmaya\u00a0u\u011frasmaktan. Parmaklar\u0131ma\u00a0kan\u00a0oturdu. Ve\u00a0Selam\u00fcnkavlenm\u00fcrabbirrahim. F\u00a0\u00a0\u00a0\u00a0\u00a0\u00a0\u00a0\u00a0\u00a0\u00a0\u00a0\u00a0\u00a0\u00a0\u00a0\u00a0\u00a0G Akl\u0131m\u0131\u00a0tutamad\u0131m,\u00a0kafatas\u0131mdan Am-F-G U\u00e7tu\u00a0u\u00e7tu. Am Cep\u00a0delik\u00a0cepken\u00a0delik, Cebimde\u00a0yok\u00a0bir\u00a0metelik\u00a0&#8220;bazen&#8221;. Ve\u00a0beton\u00a0yesili\u00a0deliyordu. Deliriyordum\u00a0\u00e7ok\u00a0yoruyordu. F\u00a0\u00a0\u00a0\u00a0\u00a0\u00a0\u00a0\u00a0\u00a0\u00a0\u00a0\u00a0\u00a0\u00a0\u00a0\u00a0\u00a0G Akl\u0131m\u0131\u00a0tutamad\u0131m,\u00a0kafatas\u0131mdan Am-F-G U\u00e7tu\u00a0u\u00e7tu. Bulutsuzluk \u00d6zlemi &#8211; U\u00e7tu U\u00e7tu KULLANILAN AKORLAR F 1 3 3 2 1 1 x 0 3 2 [&hellip;]","og_url":"https:\/\/narteks.net\/index.php\/2009\/11\/13\/bulutsuzluk-ozlemi-uctu-uctu\/","og_site_name":"narteks.net","article_published_time":"2009-11-13T18:40:37+00:00","og_image":[{"width":300,"height":90,"url":"https:\/\/narteks.net\/wp-content\/uploads\/narteks.png","type":"image\/png"}],"author":"Tar\u0131k","twitter_card":"summary_large_image","twitter_creator":"@narteks","twitter_site":"@narteks","twitter_misc":{"Yazan:":"Tar\u0131k","Tahmini okuma s\u00fcresi":"1 dakika"},"schema":{"@context":"https:\/\/schema.org","@graph":[{"@type":"Article","@id":"https:\/\/narteks.net\/index.php\/2009\/11\/13\/bulutsuzluk-ozlemi-uctu-uctu\/#article","isPartOf":{"@id":"https:\/\/narteks.net\/index.php\/2009\/11\/13\/bulutsuzluk-ozlemi-uctu-uctu\/"},"author":{"name":"Tar\u0131k","@id":"https:\/\/narteks.net\/#\/schema\/person\/61f37d9834294b72d31d274e7ed79bca"},"headline":"Bulutsuzluk \u00d6zlemi &#8211; U\u00e7tu U\u00e7tu","datePublished":"2009-11-13T18:40:37+00:00","mainEntityOfPage":{"@id":"https:\/\/narteks.net\/index.php\/2009\/11\/13\/bulutsuzluk-ozlemi-uctu-uctu\/"},"wordCount":163,"commentCount":0,"publisher":{"@id":"https:\/\/narteks.net\/#organization"},"articleSection":["\u015eark\u0131 ve T\u00fcrk\u00fc Akorlar\u0131 (Rock)"],"inLanguage":"tr","potentialAction":[{"@type":"CommentAction","name":"Comment","target":["https:\/\/narteks.net\/index.php\/2009\/11\/13\/bulutsuzluk-ozlemi-uctu-uctu\/#respond"]}]},{"@type":"WebPage","@id":"https:\/\/narteks.net\/index.php\/2009\/11\/13\/bulutsuzluk-ozlemi-uctu-uctu\/","url":"https:\/\/narteks.net\/index.php\/2009\/11\/13\/bulutsuzluk-ozlemi-uctu-uctu\/","name":"Bulutsuzluk \u00d6zlemi - U\u00e7tu U\u00e7tu - narteks.net","isPartOf":{"@id":"https:\/\/narteks.net\/#website"},"datePublished":"2009-11-13T18:40:37+00:00","breadcrumb":{"@id":"https:\/\/narteks.net\/index.php\/2009\/11\/13\/bulutsuzluk-ozlemi-uctu-uctu\/#breadcrumb"},"inLanguage":"tr","potentialAction":[{"@type":"ReadAction","target":["https:\/\/narteks.net\/index.php\/2009\/11\/13\/bulutsuzluk-ozlemi-uctu-uctu\/"]}]},{"@type":"BreadcrumbList","@id":"https:\/\/narteks.net\/index.php\/2009\/11\/13\/bulutsuzluk-ozlemi-uctu-uctu\/#breadcrumb","itemListElement":[{"@type":"ListItem","position":1,"name":"Anasayfa","item":"https:\/\/narteks.net\/"},{"@type":"ListItem","position":2,"name":"Bulutsuzluk \u00d6zlemi &#8211; U\u00e7tu U\u00e7tu"}]},{"@type":"WebSite","@id":"https:\/\/narteks.net\/#website","url":"https:\/\/narteks.net\/","name":"narteks.net","description":"K\u00fclt\u00fcr Sanat Edebiyat Felsefe","publisher":{"@id":"https:\/\/narteks.net\/#organization"},"alternateName":"K\u00fclt\u00fcr Sanat Edebiyat Felsefe","potentialAction":[{"@type":"SearchAction","target":{"@type":"EntryPoint","urlTemplate":"https:\/\/narteks.net\/?s={search_term_string}"},"query-input":{"@type":"PropertyValueSpecification","valueRequired":true,"valueName":"search_term_string"}}],"inLanguage":"tr"},{"@type":"Organization","@id":"https:\/\/narteks.net\/#organization","name":"narteks.net","url":"https:\/\/narteks.net\/","logo":{"@type":"ImageObject","inLanguage":"tr","@id":"https:\/\/narteks.net\/#\/schema\/logo\/image\/","url":"https:\/\/narteks.net\/wp-content\/uploads\/narteks.png","contentUrl":"https:\/\/narteks.net\/wp-content\/uploads\/narteks.png","width":300,"height":90,"caption":"narteks.net"},"image":{"@id":"https:\/\/narteks.net\/#\/schema\/logo\/image\/"},"sameAs":["https:\/\/x.com\/narteks","https:\/\/instagram.com\/narteksnet"]},{"@type":"Person","@id":"https:\/\/narteks.net\/#\/schema\/person\/61f37d9834294b72d31d274e7ed79bca","name":"Tar\u0131k","image":{"@type":"ImageObject","inLanguage":"tr","@id":"https:\/\/narteks.net\/#\/schema\/person\/image\/","url":"https:\/\/secure.gravatar.com\/avatar\/50865afb55632c4ae467e0af0930f6510aa2297d8014be502a55b14f3b7550cf?s=96&d=mm&r=g","contentUrl":"https:\/\/secure.gravatar.com\/avatar\/50865afb55632c4ae467e0af0930f6510aa2297d8014be502a55b14f3b7550cf?s=96&d=mm&r=g","caption":"Tar\u0131k"},"sameAs":["http:\/\/narteks.net"],"url":"https:\/\/narteks.net\/index.php\/author\/narbak\/"}]}},"_links":{"self":[{"href":"https:\/\/narteks.net\/index.php\/wp-json\/wp\/v2\/posts\/1417","targetHints":{"allow":["GET"]}}],"collection":[{"href":"https:\/\/narteks.net\/index.php\/wp-json\/wp\/v2\/posts"}],"about":[{"href":"https:\/\/narteks.net\/index.php\/wp-json\/wp\/v2\/types\/post"}],"author":[{"embeddable":true,"href":"https:\/\/narteks.net\/index.php\/wp-json\/wp\/v2\/users\/1"}],"replies":[{"embeddable":true,"href":"https:\/\/narteks.net\/index.php\/wp-json\/wp\/v2\/comments?post=1417"}],"version-history":[{"count":0,"href":"https:\/\/narteks.net\/index.php\/wp-json\/wp\/v2\/posts\/1417\/revisions"}],"wp:attachment":[{"href":"https:\/\/narteks.net\/index.php\/wp-json\/wp\/v2\/media?parent=1417"}],"wp:term":[{"taxonomy":"category","embeddable":true,"href":"https:\/\/narteks.net\/index.php\/wp-json\/wp\/v2\/categories?post=1417"},{"taxonomy":"post_tag","embeddable":true,"href":"https:\/\/narteks.net\/index.php\/wp-json\/wp\/v2\/tags?post=1417"}],"curies":[{"name":"wp","href":"https:\/\/api.w.org\/{rel}","templated":true}]}}