{"id":1441,"date":"2009-11-14T11:14:34","date_gmt":"2009-11-14T08:14:34","guid":{"rendered":"http:\/\/localhost\/wordpress\/2009\/11\/14\/volkan-konak-aysem\/"},"modified":"2009-11-14T11:14:34","modified_gmt":"2009-11-14T08:14:34","slug":"volkan-konak-aysem","status":"publish","type":"post","link":"https:\/\/narteks.net\/index.php\/2009\/11\/14\/volkan-konak-aysem\/","title":{"rendered":"Volkan Konak &#8211; Ay\u015fem"},"content":{"rendered":"<p>\u00a0<\/p>\n<p><span class=\"print_song\"><br \/> E\u00a0\u00a0\u00a0\u00a0\u00a0\u00a0\u00a0\u00a0\u00a0\u00a0\u00a0\u00a0\u00a0\u00a0\u00a0\u00a0Am <br \/> Ayi\u015fem\u00a0ineklerun\u00a0hep\u00a0karaba\u015f\u00a0karaba\u015f <br \/> G\u00a0\u00a0\u00a0\u00a0\u00a0\u00a0\u00a0\u00a0\u00a0\u00a0\u00a0\u00a0\u00a0\u00a0\u00a0\u00a0\u00a0\u00a0\u00a0F\u00a0\u00a0\u00a0\u00a0\u00a0\u00a0\u00a0\u00a0\u00a0\u00a0\u00a0\u00a0\u00a0\u00a0\u00a0E <br \/> Gelir\u00a0misun\u00a0benumla\u00a0yaylalara\u00a0arkada\u015f <\/p>\n<p> E\u00a0\u00a0\u00a0\u00a0\u00a0\u00a0\u00a0\u00a0\u00a0\u00a0\u00a0\u00a0\u00a0\u00a0\u00a0\u00a0\u00a0Am <br \/> Ayi\u015feme\u00a0yan\u00a0g\u00f6zle\u00a0kimseler\u00a0bakmayacak <br \/> G\u00a0\u00a0\u00a0\u00a0\u00a0\u00a0\u00a0\u00a0\u00a0\u00a0\u00a0\u00a0\u00a0\u00a0\u00a0\u00a0\u00a0\u00a0F\u00a0\u00a0\u00a0\u00a0\u00a0\u00a0\u00a0\u00a0\u00a0\u00a0\u00a0\u00a0\u00a0\u00a0\u00a0\u00a0E <br \/> O\u00a0yaylaya\u00a0\u00e7\u0131kmadan\u00a0\u00e7i\u00e7ekler\u00a0a\u00e7mayacak <\/p>\n<p> E\u00a0\u00a0\u00a0\u00a0\u00a0\u00a0\u00a0\u00a0\u00a0\u00a0\u00a0\u00a0\u00a0\u00a0\u00a0\u00a0\u00a0\u00a0Am <br \/> Giyin\u00a0ku\u015fan\u00a0Ayi\u015fem\u00a0gel\u00a0ge\u00e7\u00a0bizum\u00a0k\u00f6ylerden <br \/> G\u00a0\u00a0\u00a0\u00a0\u00a0\u00a0\u00a0\u00a0\u00a0\u00a0\u00a0\u00a0\u00a0\u00a0\u00a0\u00a0F\u00a0\u00a0\u00a0\u00a0\u00a0\u00a0\u00a0\u00a0\u00a0\u00a0\u00a0\u00a0\u00a0\u00a0\u00a0E <br \/> Bakaca\u011fum\u00a0pe\u015fune\u00a0utan\u0131rum\u00a0ellerden <\/p>\n<p> E\u00a0\u00a0\u00a0\u00a0\u00a0\u00a0\u00a0\u00a0\u00a0\u00a0\u00a0\u00a0\u00a0\u00a0\u00a0Am <br \/> Atun\u00a0benu\u00a0ate\u015fe\u00a0cayir\u00a0cayir\u00a0yanay\u0131m <br \/> G\u00a0\u00a0\u00a0\u00a0\u00a0\u00a0\u00a0\u00a0\u00a0\u00a0\u00a0\u00a0\u00a0\u00a0\u00a0\u00a0\u00a0F\u00a0\u00a0\u00a0\u00a0\u00a0\u00a0\u00a0\u00a0\u00a0\u00a0\u00a0\u00a0\u00a0\u00a0\u00a0E <br \/> Koyun\u00a0benu\u00a0mezara\u00a0Ayi\u015femle\u00a0uyuyay\u0131m <\/p>\n<p> \u015eiir: <br \/> Evet\u00a0Ay\u015fem,\u00a0memleketler\u00a0i\u00e7inde\u00a0bir\u00a0g\u00fczel\u00a0memlekettir\u00a0 <br \/> T\u00fcrkiye&#8217;m.\u00a0Ve\u00a0memleketimizde\u00a0kad\u0131n\u00a0olmak\u00a0zor\u00a0zanaat\u00a0bilirim. <br \/> Sen\u00a0gittikten\u00a0sonra\u00a0de\u011fi\u015fen\u00a0pek\u00a0\u015fey\u00a0yok\u00a0buralarda,\u00a0yine\u00a0 <br \/> Rah\u015fan\u00a0var\u00a0yine\u00a0S\u00fcleyman\u00a0var\u00a0ve\u00a0yine\u00a0\u00f6r\u00fcmcek\u00a0beyinler&#8230; <\/p>\n<p> Ablam\u00a0k\u0131z\u0131na\u00a0senin\u00a0ad\u0131n\u0131\u00a0verdi,seslenmeye\u00a0dayanamam.Ama\u00a0 <br \/> sen\u00a0\u00f6l\u00fcme\u00a0yan,\u00a0yan\u00a0da\u00a0uyan,uyan\u00a0da\u00a0g\u00fcld\u00fc\u011f\u00fcn\u00fc\u00a0bestelerime\u00a0 <br \/> i\u015fleyeyim\u00a0kad\u0131n\u0131m&#8230;\u00a0Ha!\u00a0bu\u00a0arada\u00a0unutmadan,\u00a0bu\u00a0sene\u00a0de\u00a0 <br \/> \u015fampiyonlu\u011fa\u00a0oynuyoruz\u00a0ama\u00a0sen\u00a0\u00f6l\u00fcme\u00a0yan,\u00a0yan\u00a0da\u00a0uyan,uyan\u00a0 <br \/> da\u00a0g\u00fcld\u00fc\u011f\u00fcn\u00fc\u00a0bestelerime\u00a0i\u015fleyeyim\u00a0kad\u0131n\u0131m&#8230;kad\u0131n\u0131m&#8230;<\/p>\n<p><strong>Volkan Konak &#8211; Ay\u015fem KULLANILAN AKORLAR<\/strong><br \/><\/span><\/p>\n<table border=\"0\" width=\"50%\" cellspacing=\"3\" cellpadding=\"5\">\n<tbody>\n<tr>\n<td class=\"ajaxtable2\"><small>E<\/small><\/td>\n<td class=\"ajaxtable2\"><small>0 2 2 1 0 0<\/small><\/td>\n<td class=\"ajaxtable2\"><small>x 7 6 4 5 0<\/small><\/td>\n<\/tr>\n<tr>\n<td class=\"ajaxtable2\"><small>G<\/small><\/td>\n<td class=\"ajaxtable2\"><small>x 10 12 12 12 10<\/small><\/td>\n<td class=\"ajaxtable2\"><small>3 2 0 0 0 3<\/small><\/td>\n<td class=\"ajaxtable2\"><small>3 2 0 0 3 3<\/small><\/td>\n<\/tr>\n<tr>\n<td class=\"ajaxtable2\"><small>F<\/small><\/td>\n<td class=\"ajaxtable2\"><small>1 3 3 2 1 1<\/small><\/td>\n<td class=\"ajaxtable2\"><small>x 0 3 2 1 1<\/small><\/td>\n<td class=\"ajaxtable2\"><small>x 3 3 2 1 1<\/small><\/td>\n<\/tr>\n<\/tbody>\n<\/table>\n<p><span class=\"print_song\"><small>\u015eark\u0131da kullan\u0131lan akorlar\u0131n farkl\u0131 \u015fekillerde bas\u0131l\u0131\u015flar\u0131d\u0131r.<\/small><\/span><\/p>\n","protected":false},"excerpt":{"rendered":"<p>\u00a0 E\u00a0\u00a0\u00a0\u00a0\u00a0\u00a0\u00a0\u00a0\u00a0\u00a0\u00a0\u00a0\u00a0\u00a0\u00a0\u00a0Am Ayi\u015fem\u00a0ineklerun\u00a0hep\u00a0karaba\u015f\u00a0karaba\u015f G\u00a0\u00a0\u00a0\u00a0\u00a0\u00a0\u00a0\u00a0\u00a0\u00a0\u00a0\u00a0\u00a0\u00a0\u00a0\u00a0\u00a0\u00a0\u00a0F\u00a0\u00a0\u00a0\u00a0\u00a0\u00a0\u00a0\u00a0\u00a0\u00a0\u00a0\u00a0\u00a0\u00a0\u00a0E Gelir\u00a0misun\u00a0benumla\u00a0yaylalara\u00a0arkada\u015f E\u00a0\u00a0\u00a0\u00a0\u00a0\u00a0\u00a0\u00a0\u00a0\u00a0\u00a0\u00a0\u00a0\u00a0\u00a0\u00a0\u00a0Am Ayi\u015feme\u00a0yan\u00a0g\u00f6zle\u00a0kimseler\u00a0bakmayacak G\u00a0\u00a0\u00a0\u00a0\u00a0\u00a0\u00a0\u00a0\u00a0\u00a0\u00a0\u00a0\u00a0\u00a0\u00a0\u00a0\u00a0\u00a0F\u00a0\u00a0\u00a0\u00a0\u00a0\u00a0\u00a0\u00a0\u00a0\u00a0\u00a0\u00a0\u00a0\u00a0\u00a0\u00a0E O\u00a0yaylaya\u00a0\u00e7\u0131kmadan\u00a0\u00e7i\u00e7ekler\u00a0a\u00e7mayacak E\u00a0\u00a0\u00a0\u00a0\u00a0\u00a0\u00a0\u00a0\u00a0\u00a0\u00a0\u00a0\u00a0\u00a0\u00a0\u00a0\u00a0\u00a0Am Giyin\u00a0ku\u015fan\u00a0Ayi\u015fem\u00a0gel\u00a0ge\u00e7\u00a0bizum\u00a0k\u00f6ylerden G\u00a0\u00a0\u00a0\u00a0\u00a0\u00a0\u00a0\u00a0\u00a0\u00a0\u00a0\u00a0\u00a0\u00a0\u00a0\u00a0F\u00a0\u00a0\u00a0\u00a0\u00a0\u00a0\u00a0\u00a0\u00a0\u00a0\u00a0\u00a0\u00a0\u00a0\u00a0E Bakaca\u011fum\u00a0pe\u015fune\u00a0utan\u0131rum\u00a0ellerden E\u00a0\u00a0\u00a0\u00a0\u00a0\u00a0\u00a0\u00a0\u00a0\u00a0\u00a0\u00a0\u00a0\u00a0\u00a0Am Atun\u00a0benu\u00a0ate\u015fe\u00a0cayir\u00a0cayir\u00a0yanay\u0131m G\u00a0\u00a0\u00a0\u00a0\u00a0\u00a0\u00a0\u00a0\u00a0\u00a0\u00a0\u00a0\u00a0\u00a0\u00a0\u00a0\u00a0F\u00a0\u00a0\u00a0\u00a0\u00a0\u00a0\u00a0\u00a0\u00a0\u00a0\u00a0\u00a0\u00a0\u00a0\u00a0E Koyun\u00a0benu\u00a0mezara\u00a0Ayi\u015femle\u00a0uyuyay\u0131m \u015eiir: Evet\u00a0Ay\u015fem,\u00a0memleketler\u00a0i\u00e7inde\u00a0bir\u00a0g\u00fczel\u00a0memlekettir\u00a0 T\u00fcrkiye&#8217;m.\u00a0Ve\u00a0memleketimizde\u00a0kad\u0131n\u00a0olmak\u00a0zor\u00a0zanaat\u00a0bilirim. Sen\u00a0gittikten\u00a0sonra\u00a0de\u011fi\u015fen\u00a0pek\u00a0\u015fey\u00a0yok\u00a0buralarda,\u00a0yine\u00a0 Rah\u015fan\u00a0var\u00a0yine\u00a0S\u00fcleyman\u00a0var\u00a0ve\u00a0yine\u00a0\u00f6r\u00fcmcek\u00a0beyinler&#8230; Ablam\u00a0k\u0131z\u0131na\u00a0senin\u00a0ad\u0131n\u0131\u00a0verdi,seslenmeye\u00a0dayanamam.Ama\u00a0 sen\u00a0\u00f6l\u00fcme\u00a0yan,\u00a0yan\u00a0da\u00a0uyan,uyan\u00a0da\u00a0g\u00fcld\u00fc\u011f\u00fcn\u00fc\u00a0bestelerime\u00a0 i\u015fleyeyim\u00a0kad\u0131n\u0131m&#8230;\u00a0Ha!\u00a0bu\u00a0arada\u00a0unutmadan,\u00a0bu\u00a0sene\u00a0de\u00a0 \u015fampiyonlu\u011fa\u00a0oynuyoruz\u00a0ama\u00a0sen\u00a0\u00f6l\u00fcme\u00a0yan,\u00a0yan\u00a0da\u00a0uyan,uyan\u00a0 da\u00a0g\u00fcld\u00fc\u011f\u00fcn\u00fc\u00a0bestelerime\u00a0i\u015fleyeyim\u00a0kad\u0131n\u0131m&#8230;kad\u0131n\u0131m&#8230; Volkan Konak &#8211; Ay\u015fem KULLANILAN AKORLAR E 0 2 2 1 0 0 x 7 6 4 5 0 G x 10 12 12 12 10 3 2 [&hellip;]<\/p>\n","protected":false},"author":1,"featured_media":0,"comment_status":"open","ping_status":"open","sticky":false,"template":"","format":"standard","meta":{"footnotes":""},"categories":[76],"tags":[],"class_list":{"0":"post-1441","1":"post","2":"type-post","3":"status-publish","4":"format-standard","6":"category-sarki-ve-turku-akorlari-pop"},"yoast_head":"<!-- This site is optimized with the Yoast SEO Premium plugin v24.9 (Yoast SEO v24.9) - https:\/\/yoast.com\/wordpress\/plugins\/seo\/ -->\n<title>Volkan Konak - Ay\u015fem - narteks.net<\/title>\n<meta name=\"robots\" content=\"index, follow, max-snippet:-1, max-image-preview:large, max-video-preview:-1\" \/>\n<link rel=\"canonical\" href=\"https:\/\/narteks.net\/index.php\/2009\/11\/14\/volkan-konak-aysem\/\" \/>\n<meta property=\"og:locale\" content=\"tr_TR\" \/>\n<meta property=\"og:type\" content=\"article\" \/>\n<meta property=\"og:title\" content=\"Volkan Konak - Ay\u015fem\" \/>\n<meta property=\"og:description\" content=\"\u00a0 E\u00a0\u00a0\u00a0\u00a0\u00a0\u00a0\u00a0\u00a0\u00a0\u00a0\u00a0\u00a0\u00a0\u00a0\u00a0\u00a0Am Ayi\u015fem\u00a0ineklerun\u00a0hep\u00a0karaba\u015f\u00a0karaba\u015f G\u00a0\u00a0\u00a0\u00a0\u00a0\u00a0\u00a0\u00a0\u00a0\u00a0\u00a0\u00a0\u00a0\u00a0\u00a0\u00a0\u00a0\u00a0\u00a0F\u00a0\u00a0\u00a0\u00a0\u00a0\u00a0\u00a0\u00a0\u00a0\u00a0\u00a0\u00a0\u00a0\u00a0\u00a0E Gelir\u00a0misun\u00a0benumla\u00a0yaylalara\u00a0arkada\u015f E\u00a0\u00a0\u00a0\u00a0\u00a0\u00a0\u00a0\u00a0\u00a0\u00a0\u00a0\u00a0\u00a0\u00a0\u00a0\u00a0\u00a0Am Ayi\u015feme\u00a0yan\u00a0g\u00f6zle\u00a0kimseler\u00a0bakmayacak G\u00a0\u00a0\u00a0\u00a0\u00a0\u00a0\u00a0\u00a0\u00a0\u00a0\u00a0\u00a0\u00a0\u00a0\u00a0\u00a0\u00a0\u00a0F\u00a0\u00a0\u00a0\u00a0\u00a0\u00a0\u00a0\u00a0\u00a0\u00a0\u00a0\u00a0\u00a0\u00a0\u00a0\u00a0E O\u00a0yaylaya\u00a0\u00e7\u0131kmadan\u00a0\u00e7i\u00e7ekler\u00a0a\u00e7mayacak E\u00a0\u00a0\u00a0\u00a0\u00a0\u00a0\u00a0\u00a0\u00a0\u00a0\u00a0\u00a0\u00a0\u00a0\u00a0\u00a0\u00a0\u00a0Am Giyin\u00a0ku\u015fan\u00a0Ayi\u015fem\u00a0gel\u00a0ge\u00e7\u00a0bizum\u00a0k\u00f6ylerden G\u00a0\u00a0\u00a0\u00a0\u00a0\u00a0\u00a0\u00a0\u00a0\u00a0\u00a0\u00a0\u00a0\u00a0\u00a0\u00a0F\u00a0\u00a0\u00a0\u00a0\u00a0\u00a0\u00a0\u00a0\u00a0\u00a0\u00a0\u00a0\u00a0\u00a0\u00a0E Bakaca\u011fum\u00a0pe\u015fune\u00a0utan\u0131rum\u00a0ellerden E\u00a0\u00a0\u00a0\u00a0\u00a0\u00a0\u00a0\u00a0\u00a0\u00a0\u00a0\u00a0\u00a0\u00a0\u00a0Am Atun\u00a0benu\u00a0ate\u015fe\u00a0cayir\u00a0cayir\u00a0yanay\u0131m G\u00a0\u00a0\u00a0\u00a0\u00a0\u00a0\u00a0\u00a0\u00a0\u00a0\u00a0\u00a0\u00a0\u00a0\u00a0\u00a0\u00a0F\u00a0\u00a0\u00a0\u00a0\u00a0\u00a0\u00a0\u00a0\u00a0\u00a0\u00a0\u00a0\u00a0\u00a0\u00a0E Koyun\u00a0benu\u00a0mezara\u00a0Ayi\u015femle\u00a0uyuyay\u0131m \u015eiir: Evet\u00a0Ay\u015fem,\u00a0memleketler\u00a0i\u00e7inde\u00a0bir\u00a0g\u00fczel\u00a0memlekettir\u00a0 T\u00fcrkiye&#8217;m.\u00a0Ve\u00a0memleketimizde\u00a0kad\u0131n\u00a0olmak\u00a0zor\u00a0zanaat\u00a0bilirim. Sen\u00a0gittikten\u00a0sonra\u00a0de\u011fi\u015fen\u00a0pek\u00a0\u015fey\u00a0yok\u00a0buralarda,\u00a0yine\u00a0 Rah\u015fan\u00a0var\u00a0yine\u00a0S\u00fcleyman\u00a0var\u00a0ve\u00a0yine\u00a0\u00f6r\u00fcmcek\u00a0beyinler&#8230; Ablam\u00a0k\u0131z\u0131na\u00a0senin\u00a0ad\u0131n\u0131\u00a0verdi,seslenmeye\u00a0dayanamam.Ama\u00a0 sen\u00a0\u00f6l\u00fcme\u00a0yan,\u00a0yan\u00a0da\u00a0uyan,uyan\u00a0da\u00a0g\u00fcld\u00fc\u011f\u00fcn\u00fc\u00a0bestelerime\u00a0 i\u015fleyeyim\u00a0kad\u0131n\u0131m&#8230;\u00a0Ha!\u00a0bu\u00a0arada\u00a0unutmadan,\u00a0bu\u00a0sene\u00a0de\u00a0 \u015fampiyonlu\u011fa\u00a0oynuyoruz\u00a0ama\u00a0sen\u00a0\u00f6l\u00fcme\u00a0yan,\u00a0yan\u00a0da\u00a0uyan,uyan\u00a0 da\u00a0g\u00fcld\u00fc\u011f\u00fcn\u00fc\u00a0bestelerime\u00a0i\u015fleyeyim\u00a0kad\u0131n\u0131m&#8230;kad\u0131n\u0131m&#8230; Volkan Konak &#8211; Ay\u015fem KULLANILAN AKORLAR E 0 2 2 1 0 0 x 7 6 4 5 0 G x 10 12 12 12 10 3 2 [&hellip;]\" \/>\n<meta property=\"og:url\" content=\"https:\/\/narteks.net\/index.php\/2009\/11\/14\/volkan-konak-aysem\/\" \/>\n<meta property=\"og:site_name\" content=\"narteks.net\" \/>\n<meta property=\"article:published_time\" content=\"2009-11-14T08:14:34+00:00\" \/>\n<meta property=\"og:image\" content=\"https:\/\/narteks.net\/wp-content\/uploads\/narteks.png\" \/>\n\t<meta property=\"og:image:width\" content=\"300\" \/>\n\t<meta property=\"og:image:height\" content=\"90\" \/>\n\t<meta property=\"og:image:type\" content=\"image\/png\" \/>\n<meta name=\"author\" content=\"Tar\u0131k\" \/>\n<meta name=\"twitter:card\" content=\"summary_large_image\" \/>\n<meta name=\"twitter:creator\" content=\"@narteks\" \/>\n<meta name=\"twitter:site\" content=\"@narteks\" \/>\n<meta name=\"twitter:label1\" content=\"Yazan:\" \/>\n\t<meta name=\"twitter:data1\" content=\"Tar\u0131k\" \/>\n\t<meta name=\"twitter:label2\" content=\"Tahmini okuma s\u00fcresi\" \/>\n\t<meta name=\"twitter:data2\" content=\"1 dakika\" \/>\n<script type=\"application\/ld+json\" class=\"yoast-schema-graph\">{\"@context\":\"https:\/\/schema.org\",\"@graph\":[{\"@type\":\"Article\",\"@id\":\"https:\/\/narteks.net\/index.php\/2009\/11\/14\/volkan-konak-aysem\/#article\",\"isPartOf\":{\"@id\":\"https:\/\/narteks.net\/index.php\/2009\/11\/14\/volkan-konak-aysem\/\"},\"author\":{\"name\":\"Tar\u0131k\",\"@id\":\"https:\/\/narteks.net\/#\/schema\/person\/61f37d9834294b72d31d274e7ed79bca\"},\"headline\":\"Volkan Konak &#8211; Ay\u015fem\",\"datePublished\":\"2009-11-14T08:14:34+00:00\",\"mainEntityOfPage\":{\"@id\":\"https:\/\/narteks.net\/index.php\/2009\/11\/14\/volkan-konak-aysem\/\"},\"wordCount\":214,\"commentCount\":0,\"publisher\":{\"@id\":\"https:\/\/narteks.net\/#organization\"},\"articleSection\":[\"\u015eark\u0131 ve T\u00fcrk\u00fc Akorlar\u0131 (Pop)\"],\"inLanguage\":\"tr\",\"potentialAction\":[{\"@type\":\"CommentAction\",\"name\":\"Comment\",\"target\":[\"https:\/\/narteks.net\/index.php\/2009\/11\/14\/volkan-konak-aysem\/#respond\"]}]},{\"@type\":\"WebPage\",\"@id\":\"https:\/\/narteks.net\/index.php\/2009\/11\/14\/volkan-konak-aysem\/\",\"url\":\"https:\/\/narteks.net\/index.php\/2009\/11\/14\/volkan-konak-aysem\/\",\"name\":\"Volkan Konak - Ay\u015fem - narteks.net\",\"isPartOf\":{\"@id\":\"https:\/\/narteks.net\/#website\"},\"datePublished\":\"2009-11-14T08:14:34+00:00\",\"breadcrumb\":{\"@id\":\"https:\/\/narteks.net\/index.php\/2009\/11\/14\/volkan-konak-aysem\/#breadcrumb\"},\"inLanguage\":\"tr\",\"potentialAction\":[{\"@type\":\"ReadAction\",\"target\":[\"https:\/\/narteks.net\/index.php\/2009\/11\/14\/volkan-konak-aysem\/\"]}]},{\"@type\":\"BreadcrumbList\",\"@id\":\"https:\/\/narteks.net\/index.php\/2009\/11\/14\/volkan-konak-aysem\/#breadcrumb\",\"itemListElement\":[{\"@type\":\"ListItem\",\"position\":1,\"name\":\"Anasayfa\",\"item\":\"https:\/\/narteks.net\/\"},{\"@type\":\"ListItem\",\"position\":2,\"name\":\"Volkan Konak &#8211; Ay\u015fem\"}]},{\"@type\":\"WebSite\",\"@id\":\"https:\/\/narteks.net\/#website\",\"url\":\"https:\/\/narteks.net\/\",\"name\":\"narteks.net\",\"description\":\"K\u00fclt\u00fcr Sanat Edebiyat Felsefe\",\"publisher\":{\"@id\":\"https:\/\/narteks.net\/#organization\"},\"alternateName\":\"K\u00fclt\u00fcr Sanat Edebiyat Felsefe\",\"potentialAction\":[{\"@type\":\"SearchAction\",\"target\":{\"@type\":\"EntryPoint\",\"urlTemplate\":\"https:\/\/narteks.net\/?s={search_term_string}\"},\"query-input\":{\"@type\":\"PropertyValueSpecification\",\"valueRequired\":true,\"valueName\":\"search_term_string\"}}],\"inLanguage\":\"tr\"},{\"@type\":\"Organization\",\"@id\":\"https:\/\/narteks.net\/#organization\",\"name\":\"narteks.net\",\"url\":\"https:\/\/narteks.net\/\",\"logo\":{\"@type\":\"ImageObject\",\"inLanguage\":\"tr\",\"@id\":\"https:\/\/narteks.net\/#\/schema\/logo\/image\/\",\"url\":\"https:\/\/narteks.net\/wp-content\/uploads\/narteks.png\",\"contentUrl\":\"https:\/\/narteks.net\/wp-content\/uploads\/narteks.png\",\"width\":300,\"height\":90,\"caption\":\"narteks.net\"},\"image\":{\"@id\":\"https:\/\/narteks.net\/#\/schema\/logo\/image\/\"},\"sameAs\":[\"https:\/\/x.com\/narteks\",\"https:\/\/instagram.com\/narteksnet\"]},{\"@type\":\"Person\",\"@id\":\"https:\/\/narteks.net\/#\/schema\/person\/61f37d9834294b72d31d274e7ed79bca\",\"name\":\"Tar\u0131k\",\"image\":{\"@type\":\"ImageObject\",\"inLanguage\":\"tr\",\"@id\":\"https:\/\/narteks.net\/#\/schema\/person\/image\/\",\"url\":\"https:\/\/secure.gravatar.com\/avatar\/50865afb55632c4ae467e0af0930f6510aa2297d8014be502a55b14f3b7550cf?s=96&d=mm&r=g\",\"contentUrl\":\"https:\/\/secure.gravatar.com\/avatar\/50865afb55632c4ae467e0af0930f6510aa2297d8014be502a55b14f3b7550cf?s=96&d=mm&r=g\",\"caption\":\"Tar\u0131k\"},\"sameAs\":[\"http:\/\/narteks.net\"],\"url\":\"https:\/\/narteks.net\/index.php\/author\/narbak\/\"}]}<\/script>\n<!-- \/ Yoast SEO Premium plugin. -->","yoast_head_json":{"title":"Volkan Konak - Ay\u015fem - narteks.net","robots":{"index":"index","follow":"follow","max-snippet":"max-snippet:-1","max-image-preview":"max-image-preview:large","max-video-preview":"max-video-preview:-1"},"canonical":"https:\/\/narteks.net\/index.php\/2009\/11\/14\/volkan-konak-aysem\/","og_locale":"tr_TR","og_type":"article","og_title":"Volkan Konak - Ay\u015fem","og_description":"\u00a0 E\u00a0\u00a0\u00a0\u00a0\u00a0\u00a0\u00a0\u00a0\u00a0\u00a0\u00a0\u00a0\u00a0\u00a0\u00a0\u00a0Am Ayi\u015fem\u00a0ineklerun\u00a0hep\u00a0karaba\u015f\u00a0karaba\u015f G\u00a0\u00a0\u00a0\u00a0\u00a0\u00a0\u00a0\u00a0\u00a0\u00a0\u00a0\u00a0\u00a0\u00a0\u00a0\u00a0\u00a0\u00a0\u00a0F\u00a0\u00a0\u00a0\u00a0\u00a0\u00a0\u00a0\u00a0\u00a0\u00a0\u00a0\u00a0\u00a0\u00a0\u00a0E Gelir\u00a0misun\u00a0benumla\u00a0yaylalara\u00a0arkada\u015f E\u00a0\u00a0\u00a0\u00a0\u00a0\u00a0\u00a0\u00a0\u00a0\u00a0\u00a0\u00a0\u00a0\u00a0\u00a0\u00a0\u00a0Am Ayi\u015feme\u00a0yan\u00a0g\u00f6zle\u00a0kimseler\u00a0bakmayacak G\u00a0\u00a0\u00a0\u00a0\u00a0\u00a0\u00a0\u00a0\u00a0\u00a0\u00a0\u00a0\u00a0\u00a0\u00a0\u00a0\u00a0\u00a0F\u00a0\u00a0\u00a0\u00a0\u00a0\u00a0\u00a0\u00a0\u00a0\u00a0\u00a0\u00a0\u00a0\u00a0\u00a0\u00a0E O\u00a0yaylaya\u00a0\u00e7\u0131kmadan\u00a0\u00e7i\u00e7ekler\u00a0a\u00e7mayacak E\u00a0\u00a0\u00a0\u00a0\u00a0\u00a0\u00a0\u00a0\u00a0\u00a0\u00a0\u00a0\u00a0\u00a0\u00a0\u00a0\u00a0\u00a0Am Giyin\u00a0ku\u015fan\u00a0Ayi\u015fem\u00a0gel\u00a0ge\u00e7\u00a0bizum\u00a0k\u00f6ylerden G\u00a0\u00a0\u00a0\u00a0\u00a0\u00a0\u00a0\u00a0\u00a0\u00a0\u00a0\u00a0\u00a0\u00a0\u00a0\u00a0F\u00a0\u00a0\u00a0\u00a0\u00a0\u00a0\u00a0\u00a0\u00a0\u00a0\u00a0\u00a0\u00a0\u00a0\u00a0E Bakaca\u011fum\u00a0pe\u015fune\u00a0utan\u0131rum\u00a0ellerden E\u00a0\u00a0\u00a0\u00a0\u00a0\u00a0\u00a0\u00a0\u00a0\u00a0\u00a0\u00a0\u00a0\u00a0\u00a0Am Atun\u00a0benu\u00a0ate\u015fe\u00a0cayir\u00a0cayir\u00a0yanay\u0131m G\u00a0\u00a0\u00a0\u00a0\u00a0\u00a0\u00a0\u00a0\u00a0\u00a0\u00a0\u00a0\u00a0\u00a0\u00a0\u00a0\u00a0F\u00a0\u00a0\u00a0\u00a0\u00a0\u00a0\u00a0\u00a0\u00a0\u00a0\u00a0\u00a0\u00a0\u00a0\u00a0E Koyun\u00a0benu\u00a0mezara\u00a0Ayi\u015femle\u00a0uyuyay\u0131m \u015eiir: Evet\u00a0Ay\u015fem,\u00a0memleketler\u00a0i\u00e7inde\u00a0bir\u00a0g\u00fczel\u00a0memlekettir\u00a0 T\u00fcrkiye&#8217;m.\u00a0Ve\u00a0memleketimizde\u00a0kad\u0131n\u00a0olmak\u00a0zor\u00a0zanaat\u00a0bilirim. Sen\u00a0gittikten\u00a0sonra\u00a0de\u011fi\u015fen\u00a0pek\u00a0\u015fey\u00a0yok\u00a0buralarda,\u00a0yine\u00a0 Rah\u015fan\u00a0var\u00a0yine\u00a0S\u00fcleyman\u00a0var\u00a0ve\u00a0yine\u00a0\u00f6r\u00fcmcek\u00a0beyinler&#8230; Ablam\u00a0k\u0131z\u0131na\u00a0senin\u00a0ad\u0131n\u0131\u00a0verdi,seslenmeye\u00a0dayanamam.Ama\u00a0 sen\u00a0\u00f6l\u00fcme\u00a0yan,\u00a0yan\u00a0da\u00a0uyan,uyan\u00a0da\u00a0g\u00fcld\u00fc\u011f\u00fcn\u00fc\u00a0bestelerime\u00a0 i\u015fleyeyim\u00a0kad\u0131n\u0131m&#8230;\u00a0Ha!\u00a0bu\u00a0arada\u00a0unutmadan,\u00a0bu\u00a0sene\u00a0de\u00a0 \u015fampiyonlu\u011fa\u00a0oynuyoruz\u00a0ama\u00a0sen\u00a0\u00f6l\u00fcme\u00a0yan,\u00a0yan\u00a0da\u00a0uyan,uyan\u00a0 da\u00a0g\u00fcld\u00fc\u011f\u00fcn\u00fc\u00a0bestelerime\u00a0i\u015fleyeyim\u00a0kad\u0131n\u0131m&#8230;kad\u0131n\u0131m&#8230; Volkan Konak &#8211; Ay\u015fem KULLANILAN AKORLAR E 0 2 2 1 0 0 x 7 6 4 5 0 G x 10 12 12 12 10 3 2 [&hellip;]","og_url":"https:\/\/narteks.net\/index.php\/2009\/11\/14\/volkan-konak-aysem\/","og_site_name":"narteks.net","article_published_time":"2009-11-14T08:14:34+00:00","og_image":[{"width":300,"height":90,"url":"https:\/\/narteks.net\/wp-content\/uploads\/narteks.png","type":"image\/png"}],"author":"Tar\u0131k","twitter_card":"summary_large_image","twitter_creator":"@narteks","twitter_site":"@narteks","twitter_misc":{"Yazan:":"Tar\u0131k","Tahmini okuma s\u00fcresi":"1 dakika"},"schema":{"@context":"https:\/\/schema.org","@graph":[{"@type":"Article","@id":"https:\/\/narteks.net\/index.php\/2009\/11\/14\/volkan-konak-aysem\/#article","isPartOf":{"@id":"https:\/\/narteks.net\/index.php\/2009\/11\/14\/volkan-konak-aysem\/"},"author":{"name":"Tar\u0131k","@id":"https:\/\/narteks.net\/#\/schema\/person\/61f37d9834294b72d31d274e7ed79bca"},"headline":"Volkan Konak &#8211; Ay\u015fem","datePublished":"2009-11-14T08:14:34+00:00","mainEntityOfPage":{"@id":"https:\/\/narteks.net\/index.php\/2009\/11\/14\/volkan-konak-aysem\/"},"wordCount":214,"commentCount":0,"publisher":{"@id":"https:\/\/narteks.net\/#organization"},"articleSection":["\u015eark\u0131 ve T\u00fcrk\u00fc Akorlar\u0131 (Pop)"],"inLanguage":"tr","potentialAction":[{"@type":"CommentAction","name":"Comment","target":["https:\/\/narteks.net\/index.php\/2009\/11\/14\/volkan-konak-aysem\/#respond"]}]},{"@type":"WebPage","@id":"https:\/\/narteks.net\/index.php\/2009\/11\/14\/volkan-konak-aysem\/","url":"https:\/\/narteks.net\/index.php\/2009\/11\/14\/volkan-konak-aysem\/","name":"Volkan Konak - Ay\u015fem - narteks.net","isPartOf":{"@id":"https:\/\/narteks.net\/#website"},"datePublished":"2009-11-14T08:14:34+00:00","breadcrumb":{"@id":"https:\/\/narteks.net\/index.php\/2009\/11\/14\/volkan-konak-aysem\/#breadcrumb"},"inLanguage":"tr","potentialAction":[{"@type":"ReadAction","target":["https:\/\/narteks.net\/index.php\/2009\/11\/14\/volkan-konak-aysem\/"]}]},{"@type":"BreadcrumbList","@id":"https:\/\/narteks.net\/index.php\/2009\/11\/14\/volkan-konak-aysem\/#breadcrumb","itemListElement":[{"@type":"ListItem","position":1,"name":"Anasayfa","item":"https:\/\/narteks.net\/"},{"@type":"ListItem","position":2,"name":"Volkan Konak &#8211; Ay\u015fem"}]},{"@type":"WebSite","@id":"https:\/\/narteks.net\/#website","url":"https:\/\/narteks.net\/","name":"narteks.net","description":"K\u00fclt\u00fcr Sanat Edebiyat Felsefe","publisher":{"@id":"https:\/\/narteks.net\/#organization"},"alternateName":"K\u00fclt\u00fcr Sanat Edebiyat Felsefe","potentialAction":[{"@type":"SearchAction","target":{"@type":"EntryPoint","urlTemplate":"https:\/\/narteks.net\/?s={search_term_string}"},"query-input":{"@type":"PropertyValueSpecification","valueRequired":true,"valueName":"search_term_string"}}],"inLanguage":"tr"},{"@type":"Organization","@id":"https:\/\/narteks.net\/#organization","name":"narteks.net","url":"https:\/\/narteks.net\/","logo":{"@type":"ImageObject","inLanguage":"tr","@id":"https:\/\/narteks.net\/#\/schema\/logo\/image\/","url":"https:\/\/narteks.net\/wp-content\/uploads\/narteks.png","contentUrl":"https:\/\/narteks.net\/wp-content\/uploads\/narteks.png","width":300,"height":90,"caption":"narteks.net"},"image":{"@id":"https:\/\/narteks.net\/#\/schema\/logo\/image\/"},"sameAs":["https:\/\/x.com\/narteks","https:\/\/instagram.com\/narteksnet"]},{"@type":"Person","@id":"https:\/\/narteks.net\/#\/schema\/person\/61f37d9834294b72d31d274e7ed79bca","name":"Tar\u0131k","image":{"@type":"ImageObject","inLanguage":"tr","@id":"https:\/\/narteks.net\/#\/schema\/person\/image\/","url":"https:\/\/secure.gravatar.com\/avatar\/50865afb55632c4ae467e0af0930f6510aa2297d8014be502a55b14f3b7550cf?s=96&d=mm&r=g","contentUrl":"https:\/\/secure.gravatar.com\/avatar\/50865afb55632c4ae467e0af0930f6510aa2297d8014be502a55b14f3b7550cf?s=96&d=mm&r=g","caption":"Tar\u0131k"},"sameAs":["http:\/\/narteks.net"],"url":"https:\/\/narteks.net\/index.php\/author\/narbak\/"}]}},"_links":{"self":[{"href":"https:\/\/narteks.net\/index.php\/wp-json\/wp\/v2\/posts\/1441","targetHints":{"allow":["GET"]}}],"collection":[{"href":"https:\/\/narteks.net\/index.php\/wp-json\/wp\/v2\/posts"}],"about":[{"href":"https:\/\/narteks.net\/index.php\/wp-json\/wp\/v2\/types\/post"}],"author":[{"embeddable":true,"href":"https:\/\/narteks.net\/index.php\/wp-json\/wp\/v2\/users\/1"}],"replies":[{"embeddable":true,"href":"https:\/\/narteks.net\/index.php\/wp-json\/wp\/v2\/comments?post=1441"}],"version-history":[{"count":0,"href":"https:\/\/narteks.net\/index.php\/wp-json\/wp\/v2\/posts\/1441\/revisions"}],"wp:attachment":[{"href":"https:\/\/narteks.net\/index.php\/wp-json\/wp\/v2\/media?parent=1441"}],"wp:term":[{"taxonomy":"category","embeddable":true,"href":"https:\/\/narteks.net\/index.php\/wp-json\/wp\/v2\/categories?post=1441"},{"taxonomy":"post_tag","embeddable":true,"href":"https:\/\/narteks.net\/index.php\/wp-json\/wp\/v2\/tags?post=1441"}],"curies":[{"name":"wp","href":"https:\/\/api.w.org\/{rel}","templated":true}]}}