{"id":148,"date":"2009-02-27T16:07:17","date_gmt":"2009-02-27T13:07:17","guid":{"rendered":"http:\/\/localhost\/wordpress\/2009\/02\/27\/ofkenin-adini-koy\/"},"modified":"2009-02-27T16:07:17","modified_gmt":"2009-02-27T13:07:17","slug":"ofkenin-adini-koy","status":"publish","type":"post","link":"https:\/\/narteks.net\/index.php\/2009\/02\/27\/ofkenin-adini-koy\/","title":{"rendered":"\u00d6FKEN\u0130N ADINI KOY"},"content":{"rendered":"<p>\u00a0<\/p>\n<p>Devrilen bir \u00e7\u0131nar <br \/>nas\u0131l uzan\u0131rsa boylu boyunca <br \/>\u00f6ylece d\u00fc\u015ft\u00fc kollar\u0131na <br \/>kan-revan i\u00e7inde dostun <br \/>donup kald\u0131 soluk bir g\u00fcl\u00fcmseyi\u015f <br \/>\u00e7ocuksu k\u0131vr\u0131m\u0131nda dudaklar\u0131n\u0131n <\/p>\n<p>Ka\u015f\u0131n seyirmeye ba\u015flad\u0131 birden <br \/>y\u00fcre\u011fin k\u00f6r\u00fc\u011f\u00fc \u00fcfl\u00fcyor <br \/>i\u00e7indeki cehennemi <br \/>ve bir bo\u015flu\u011fa nas\u0131l \u00e7arparsa deli su <br \/>\u00f6yle u\u011fuldamakta kulaklar\u0131n <br \/>bir bora patl\u0131yor g\u00f6\u011fs\u00fcn\u00fcn okyanusunda <\/p>\n<p>Ne ki tutulmu\u015f nal\u00e7al\u0131 seslerle <br \/>umudun k\u00f6\u015feba\u015flar\u0131 <br \/>korsanlar dalgaland\u0131r\u0131yor <br \/>senin deli r\u00fczgarlar\u0131nla bayraklar\u0131n\u0131 <br \/>ve yitiriyorsun yolunu <br \/>balta kesmez orman\u0131nda \u00f6fkenin <\/p>\n<p>Bil ki dostunda de\u011fil \u00e7ekilen tetik <br \/>senin umuduna, unutma bunu <br \/>k\u00f6r bir \u00f6fke delirtmesin <br \/>y\u0131kmas\u0131n ya\u015fam\u0131n direncini <br \/>unutma ki her k\u00f6\u015feba\u015f\u0131nda <br \/>bunca dostun kurumad\u0131 h\u00e2l\u00e2 kanlar\u0131 <\/p>\n<p>Hele dik tut ba\u015f\u0131n\u0131 \u00f6nce <br \/>hayk\u0131r y\u0131k\u0131lmad\u0131\u011f\u0131n\u0131, t\u00fckenmedi\u011fini <br \/>y\u00fcre\u011findeki yal\u0131m nas\u0131l olsa <br \/>korla\u015ft\u0131r\u0131r zaman\u0131n \u00e7eli\u011fini <br \/>sen \u00f6nce \u00f6fkenin ad\u0131n\u0131 koy <br \/>yan\u0131ltmas\u0131n y\u00fcre\u011fini<\/p>\n<p>AHMET TELL\u0130<\/p>\n","protected":false},"excerpt":{"rendered":"<p>\u00a0 Devrilen bir \u00e7\u0131nar nas\u0131l uzan\u0131rsa boylu boyunca \u00f6ylece d\u00fc\u015ft\u00fc kollar\u0131na kan-revan i\u00e7inde dostun donup kald\u0131 soluk bir g\u00fcl\u00fcmseyi\u015f \u00e7ocuksu k\u0131vr\u0131m\u0131nda dudaklar\u0131n\u0131n Ka\u015f\u0131n seyirmeye ba\u015flad\u0131 birden y\u00fcre\u011fin k\u00f6r\u00fc\u011f\u00fc \u00fcfl\u00fcyor i\u00e7indeki cehennemi ve bir bo\u015flu\u011fa nas\u0131l \u00e7arparsa deli su \u00f6yle u\u011fuldamakta kulaklar\u0131n bir bora patl\u0131yor g\u00f6\u011fs\u00fcn\u00fcn okyanusunda Ne ki tutulmu\u015f nal\u00e7al\u0131 seslerle umudun k\u00f6\u015feba\u015flar\u0131 korsanlar dalgaland\u0131r\u0131yor [&hellip;]<\/p>\n","protected":false},"author":1,"featured_media":0,"comment_status":"open","ping_status":"open","sticky":false,"template":"","format":"standard","meta":{"footnotes":""},"categories":[7],"tags":[],"class_list":{"0":"post-148","1":"post","2":"type-post","3":"status-publish","4":"format-standard","6":"category-ahmet-telli"},"yoast_head":"<!-- This site is optimized with the Yoast SEO Premium plugin v24.9 (Yoast SEO v24.9) - https:\/\/yoast.com\/wordpress\/plugins\/seo\/ -->\n<title>\u00d6FKEN\u0130N ADINI KOY - narteks.net<\/title>\n<meta name=\"robots\" content=\"index, follow, max-snippet:-1, max-image-preview:large, max-video-preview:-1\" \/>\n<link rel=\"canonical\" href=\"https:\/\/narteks.net\/index.php\/2009\/02\/27\/ofkenin-adini-koy\/\" \/>\n<meta property=\"og:locale\" content=\"tr_TR\" \/>\n<meta property=\"og:type\" content=\"article\" \/>\n<meta property=\"og:title\" content=\"\u00d6FKEN\u0130N ADINI KOY\" \/>\n<meta property=\"og:description\" content=\"\u00a0 Devrilen bir \u00e7\u0131nar nas\u0131l uzan\u0131rsa boylu boyunca \u00f6ylece d\u00fc\u015ft\u00fc kollar\u0131na kan-revan i\u00e7inde dostun donup kald\u0131 soluk bir g\u00fcl\u00fcmseyi\u015f \u00e7ocuksu k\u0131vr\u0131m\u0131nda dudaklar\u0131n\u0131n Ka\u015f\u0131n seyirmeye ba\u015flad\u0131 birden y\u00fcre\u011fin k\u00f6r\u00fc\u011f\u00fc \u00fcfl\u00fcyor i\u00e7indeki cehennemi ve bir bo\u015flu\u011fa nas\u0131l \u00e7arparsa deli su \u00f6yle u\u011fuldamakta kulaklar\u0131n bir bora patl\u0131yor g\u00f6\u011fs\u00fcn\u00fcn okyanusunda Ne ki tutulmu\u015f nal\u00e7al\u0131 seslerle umudun k\u00f6\u015feba\u015flar\u0131 korsanlar dalgaland\u0131r\u0131yor [&hellip;]\" \/>\n<meta property=\"og:url\" content=\"https:\/\/narteks.net\/index.php\/2009\/02\/27\/ofkenin-adini-koy\/\" \/>\n<meta property=\"og:site_name\" content=\"narteks.net\" \/>\n<meta property=\"article:published_time\" content=\"2009-02-27T13:07:17+00:00\" \/>\n<meta property=\"og:image\" content=\"https:\/\/narteks.net\/wp-content\/uploads\/narteks.png\" \/>\n\t<meta property=\"og:image:width\" content=\"300\" \/>\n\t<meta property=\"og:image:height\" content=\"90\" \/>\n\t<meta property=\"og:image:type\" content=\"image\/png\" \/>\n<meta name=\"author\" content=\"Tar\u0131k\" \/>\n<meta name=\"twitter:card\" content=\"summary_large_image\" \/>\n<meta name=\"twitter:creator\" content=\"@narteks\" \/>\n<meta name=\"twitter:site\" content=\"@narteks\" \/>\n<meta name=\"twitter:label1\" content=\"Yazan:\" \/>\n\t<meta name=\"twitter:data1\" content=\"Tar\u0131k\" \/>\n\t<meta name=\"twitter:label2\" content=\"Tahmini okuma s\u00fcresi\" \/>\n\t<meta name=\"twitter:data2\" content=\"1 dakika\" \/>\n<script type=\"application\/ld+json\" class=\"yoast-schema-graph\">{\"@context\":\"https:\/\/schema.org\",\"@graph\":[{\"@type\":\"Article\",\"@id\":\"https:\/\/narteks.net\/index.php\/2009\/02\/27\/ofkenin-adini-koy\/#article\",\"isPartOf\":{\"@id\":\"https:\/\/narteks.net\/index.php\/2009\/02\/27\/ofkenin-adini-koy\/\"},\"author\":{\"name\":\"Tar\u0131k\",\"@id\":\"https:\/\/narteks.net\/#\/schema\/person\/61f37d9834294b72d31d274e7ed79bca\"},\"headline\":\"\u00d6FKEN\u0130N ADINI KOY\",\"datePublished\":\"2009-02-27T13:07:17+00:00\",\"mainEntityOfPage\":{\"@id\":\"https:\/\/narteks.net\/index.php\/2009\/02\/27\/ofkenin-adini-koy\/\"},\"wordCount\":186,\"commentCount\":0,\"publisher\":{\"@id\":\"https:\/\/narteks.net\/#organization\"},\"articleSection\":[\"Ahmet TELL\u0130\"],\"inLanguage\":\"tr\",\"potentialAction\":[{\"@type\":\"CommentAction\",\"name\":\"Comment\",\"target\":[\"https:\/\/narteks.net\/index.php\/2009\/02\/27\/ofkenin-adini-koy\/#respond\"]}]},{\"@type\":\"WebPage\",\"@id\":\"https:\/\/narteks.net\/index.php\/2009\/02\/27\/ofkenin-adini-koy\/\",\"url\":\"https:\/\/narteks.net\/index.php\/2009\/02\/27\/ofkenin-adini-koy\/\",\"name\":\"\u00d6FKEN\u0130N ADINI KOY - narteks.net\",\"isPartOf\":{\"@id\":\"https:\/\/narteks.net\/#website\"},\"datePublished\":\"2009-02-27T13:07:17+00:00\",\"breadcrumb\":{\"@id\":\"https:\/\/narteks.net\/index.php\/2009\/02\/27\/ofkenin-adini-koy\/#breadcrumb\"},\"inLanguage\":\"tr\",\"potentialAction\":[{\"@type\":\"ReadAction\",\"target\":[\"https:\/\/narteks.net\/index.php\/2009\/02\/27\/ofkenin-adini-koy\/\"]}]},{\"@type\":\"BreadcrumbList\",\"@id\":\"https:\/\/narteks.net\/index.php\/2009\/02\/27\/ofkenin-adini-koy\/#breadcrumb\",\"itemListElement\":[{\"@type\":\"ListItem\",\"position\":1,\"name\":\"Anasayfa\",\"item\":\"https:\/\/narteks.net\/\"},{\"@type\":\"ListItem\",\"position\":2,\"name\":\"\u00d6FKEN\u0130N ADINI KOY\"}]},{\"@type\":\"WebSite\",\"@id\":\"https:\/\/narteks.net\/#website\",\"url\":\"https:\/\/narteks.net\/\",\"name\":\"narteks.net\",\"description\":\"K\u00fclt\u00fcr Sanat Edebiyat Felsefe\",\"publisher\":{\"@id\":\"https:\/\/narteks.net\/#organization\"},\"alternateName\":\"K\u00fclt\u00fcr Sanat Edebiyat Felsefe\",\"potentialAction\":[{\"@type\":\"SearchAction\",\"target\":{\"@type\":\"EntryPoint\",\"urlTemplate\":\"https:\/\/narteks.net\/?s={search_term_string}\"},\"query-input\":{\"@type\":\"PropertyValueSpecification\",\"valueRequired\":true,\"valueName\":\"search_term_string\"}}],\"inLanguage\":\"tr\"},{\"@type\":\"Organization\",\"@id\":\"https:\/\/narteks.net\/#organization\",\"name\":\"narteks.net\",\"url\":\"https:\/\/narteks.net\/\",\"logo\":{\"@type\":\"ImageObject\",\"inLanguage\":\"tr\",\"@id\":\"https:\/\/narteks.net\/#\/schema\/logo\/image\/\",\"url\":\"https:\/\/narteks.net\/wp-content\/uploads\/narteks.png\",\"contentUrl\":\"https:\/\/narteks.net\/wp-content\/uploads\/narteks.png\",\"width\":300,\"height\":90,\"caption\":\"narteks.net\"},\"image\":{\"@id\":\"https:\/\/narteks.net\/#\/schema\/logo\/image\/\"},\"sameAs\":[\"https:\/\/x.com\/narteks\",\"https:\/\/instagram.com\/narteksnet\"]},{\"@type\":\"Person\",\"@id\":\"https:\/\/narteks.net\/#\/schema\/person\/61f37d9834294b72d31d274e7ed79bca\",\"name\":\"Tar\u0131k\",\"image\":{\"@type\":\"ImageObject\",\"inLanguage\":\"tr\",\"@id\":\"https:\/\/narteks.net\/#\/schema\/person\/image\/\",\"url\":\"https:\/\/secure.gravatar.com\/avatar\/50865afb55632c4ae467e0af0930f6510aa2297d8014be502a55b14f3b7550cf?s=96&d=mm&r=g\",\"contentUrl\":\"https:\/\/secure.gravatar.com\/avatar\/50865afb55632c4ae467e0af0930f6510aa2297d8014be502a55b14f3b7550cf?s=96&d=mm&r=g\",\"caption\":\"Tar\u0131k\"},\"sameAs\":[\"http:\/\/narteks.net\"],\"url\":\"https:\/\/narteks.net\/index.php\/author\/narbak\/\"}]}<\/script>\n<!-- \/ Yoast SEO Premium plugin. -->","yoast_head_json":{"title":"\u00d6FKEN\u0130N ADINI KOY - narteks.net","robots":{"index":"index","follow":"follow","max-snippet":"max-snippet:-1","max-image-preview":"max-image-preview:large","max-video-preview":"max-video-preview:-1"},"canonical":"https:\/\/narteks.net\/index.php\/2009\/02\/27\/ofkenin-adini-koy\/","og_locale":"tr_TR","og_type":"article","og_title":"\u00d6FKEN\u0130N ADINI KOY","og_description":"\u00a0 Devrilen bir \u00e7\u0131nar nas\u0131l uzan\u0131rsa boylu boyunca \u00f6ylece d\u00fc\u015ft\u00fc kollar\u0131na kan-revan i\u00e7inde dostun donup kald\u0131 soluk bir g\u00fcl\u00fcmseyi\u015f \u00e7ocuksu k\u0131vr\u0131m\u0131nda dudaklar\u0131n\u0131n Ka\u015f\u0131n seyirmeye ba\u015flad\u0131 birden y\u00fcre\u011fin k\u00f6r\u00fc\u011f\u00fc \u00fcfl\u00fcyor i\u00e7indeki cehennemi ve bir bo\u015flu\u011fa nas\u0131l \u00e7arparsa deli su \u00f6yle u\u011fuldamakta kulaklar\u0131n bir bora patl\u0131yor g\u00f6\u011fs\u00fcn\u00fcn okyanusunda Ne ki tutulmu\u015f nal\u00e7al\u0131 seslerle umudun k\u00f6\u015feba\u015flar\u0131 korsanlar dalgaland\u0131r\u0131yor [&hellip;]","og_url":"https:\/\/narteks.net\/index.php\/2009\/02\/27\/ofkenin-adini-koy\/","og_site_name":"narteks.net","article_published_time":"2009-02-27T13:07:17+00:00","og_image":[{"width":300,"height":90,"url":"https:\/\/narteks.net\/wp-content\/uploads\/narteks.png","type":"image\/png"}],"author":"Tar\u0131k","twitter_card":"summary_large_image","twitter_creator":"@narteks","twitter_site":"@narteks","twitter_misc":{"Yazan:":"Tar\u0131k","Tahmini okuma s\u00fcresi":"1 dakika"},"schema":{"@context":"https:\/\/schema.org","@graph":[{"@type":"Article","@id":"https:\/\/narteks.net\/index.php\/2009\/02\/27\/ofkenin-adini-koy\/#article","isPartOf":{"@id":"https:\/\/narteks.net\/index.php\/2009\/02\/27\/ofkenin-adini-koy\/"},"author":{"name":"Tar\u0131k","@id":"https:\/\/narteks.net\/#\/schema\/person\/61f37d9834294b72d31d274e7ed79bca"},"headline":"\u00d6FKEN\u0130N ADINI KOY","datePublished":"2009-02-27T13:07:17+00:00","mainEntityOfPage":{"@id":"https:\/\/narteks.net\/index.php\/2009\/02\/27\/ofkenin-adini-koy\/"},"wordCount":186,"commentCount":0,"publisher":{"@id":"https:\/\/narteks.net\/#organization"},"articleSection":["Ahmet TELL\u0130"],"inLanguage":"tr","potentialAction":[{"@type":"CommentAction","name":"Comment","target":["https:\/\/narteks.net\/index.php\/2009\/02\/27\/ofkenin-adini-koy\/#respond"]}]},{"@type":"WebPage","@id":"https:\/\/narteks.net\/index.php\/2009\/02\/27\/ofkenin-adini-koy\/","url":"https:\/\/narteks.net\/index.php\/2009\/02\/27\/ofkenin-adini-koy\/","name":"\u00d6FKEN\u0130N ADINI KOY - narteks.net","isPartOf":{"@id":"https:\/\/narteks.net\/#website"},"datePublished":"2009-02-27T13:07:17+00:00","breadcrumb":{"@id":"https:\/\/narteks.net\/index.php\/2009\/02\/27\/ofkenin-adini-koy\/#breadcrumb"},"inLanguage":"tr","potentialAction":[{"@type":"ReadAction","target":["https:\/\/narteks.net\/index.php\/2009\/02\/27\/ofkenin-adini-koy\/"]}]},{"@type":"BreadcrumbList","@id":"https:\/\/narteks.net\/index.php\/2009\/02\/27\/ofkenin-adini-koy\/#breadcrumb","itemListElement":[{"@type":"ListItem","position":1,"name":"Anasayfa","item":"https:\/\/narteks.net\/"},{"@type":"ListItem","position":2,"name":"\u00d6FKEN\u0130N ADINI KOY"}]},{"@type":"WebSite","@id":"https:\/\/narteks.net\/#website","url":"https:\/\/narteks.net\/","name":"narteks.net","description":"K\u00fclt\u00fcr Sanat Edebiyat Felsefe","publisher":{"@id":"https:\/\/narteks.net\/#organization"},"alternateName":"K\u00fclt\u00fcr Sanat Edebiyat Felsefe","potentialAction":[{"@type":"SearchAction","target":{"@type":"EntryPoint","urlTemplate":"https:\/\/narteks.net\/?s={search_term_string}"},"query-input":{"@type":"PropertyValueSpecification","valueRequired":true,"valueName":"search_term_string"}}],"inLanguage":"tr"},{"@type":"Organization","@id":"https:\/\/narteks.net\/#organization","name":"narteks.net","url":"https:\/\/narteks.net\/","logo":{"@type":"ImageObject","inLanguage":"tr","@id":"https:\/\/narteks.net\/#\/schema\/logo\/image\/","url":"https:\/\/narteks.net\/wp-content\/uploads\/narteks.png","contentUrl":"https:\/\/narteks.net\/wp-content\/uploads\/narteks.png","width":300,"height":90,"caption":"narteks.net"},"image":{"@id":"https:\/\/narteks.net\/#\/schema\/logo\/image\/"},"sameAs":["https:\/\/x.com\/narteks","https:\/\/instagram.com\/narteksnet"]},{"@type":"Person","@id":"https:\/\/narteks.net\/#\/schema\/person\/61f37d9834294b72d31d274e7ed79bca","name":"Tar\u0131k","image":{"@type":"ImageObject","inLanguage":"tr","@id":"https:\/\/narteks.net\/#\/schema\/person\/image\/","url":"https:\/\/secure.gravatar.com\/avatar\/50865afb55632c4ae467e0af0930f6510aa2297d8014be502a55b14f3b7550cf?s=96&d=mm&r=g","contentUrl":"https:\/\/secure.gravatar.com\/avatar\/50865afb55632c4ae467e0af0930f6510aa2297d8014be502a55b14f3b7550cf?s=96&d=mm&r=g","caption":"Tar\u0131k"},"sameAs":["http:\/\/narteks.net"],"url":"https:\/\/narteks.net\/index.php\/author\/narbak\/"}]}},"_links":{"self":[{"href":"https:\/\/narteks.net\/index.php\/wp-json\/wp\/v2\/posts\/148","targetHints":{"allow":["GET"]}}],"collection":[{"href":"https:\/\/narteks.net\/index.php\/wp-json\/wp\/v2\/posts"}],"about":[{"href":"https:\/\/narteks.net\/index.php\/wp-json\/wp\/v2\/types\/post"}],"author":[{"embeddable":true,"href":"https:\/\/narteks.net\/index.php\/wp-json\/wp\/v2\/users\/1"}],"replies":[{"embeddable":true,"href":"https:\/\/narteks.net\/index.php\/wp-json\/wp\/v2\/comments?post=148"}],"version-history":[{"count":0,"href":"https:\/\/narteks.net\/index.php\/wp-json\/wp\/v2\/posts\/148\/revisions"}],"wp:attachment":[{"href":"https:\/\/narteks.net\/index.php\/wp-json\/wp\/v2\/media?parent=148"}],"wp:term":[{"taxonomy":"category","embeddable":true,"href":"https:\/\/narteks.net\/index.php\/wp-json\/wp\/v2\/categories?post=148"},{"taxonomy":"post_tag","embeddable":true,"href":"https:\/\/narteks.net\/index.php\/wp-json\/wp\/v2\/tags?post=148"}],"curies":[{"name":"wp","href":"https:\/\/api.w.org\/{rel}","templated":true}]}}