{"id":1497,"date":"2009-11-14T12:38:37","date_gmt":"2009-11-14T09:38:37","guid":{"rendered":"http:\/\/localhost\/wordpress\/2009\/11\/14\/baris-manco-gonul-ferman-dinlemiyor\/"},"modified":"2009-11-14T12:38:37","modified_gmt":"2009-11-14T09:38:37","slug":"baris-manco-gonul-ferman-dinlemiyor","status":"publish","type":"post","link":"https:\/\/narteks.net\/index.php\/2009\/11\/14\/baris-manco-gonul-ferman-dinlemiyor\/","title":{"rendered":"Bar\u0131\u015f Man\u00e7o &#8211; G\u00f6n\u00fcl Ferman Dinlemiyor"},"content":{"rendered":"<p>\u00a0<\/p>\n<p><span class=\"print_song\"><br \/> Am <br \/> Diyar\u00a0\u00a0diyar\u00a0\u00a0dola\u015ft\u0131m\u00a0\u00a0\u00a0ben <br \/> E <br \/> Yollara\u00a0\u00a0\u00a0d\u00fcst\u00fcm\u00a0\u00a0derdimden <br \/> Dm <br \/> Her\u00a0\u00a0\u00e7i\u00e7ekte\u00a0\u00a0g\u00f6rd\u00fcm\u00a0\u00a0seni <br \/> E <br \/> Kara\u00a0\u00a0toprak\u00a0\u00a0\u00a0ver\u00a0\u00a0\u00a0yarimi <\/p>\n<p> Am <br \/> Yaza\u00a0\u00a0yaza\u00a0\u00a0bitti\u00a0\u00a0\u00a0kalem <br \/> E <br \/> Bir\u00a0\u00a0g\u00fcn\u00a0\u00a0elbet\u00a0\u00a0\u00a0dolar\u00a0\u00a0\u00e7ilem <br \/> Dm <br \/> Ben\u00a0\u00a0bu\u00a0\u00a0yola\u00a0\u00a0kurban\u00a0\u00a0olam <br \/> E <br \/> kara\u00a0\u00a0\u00a0toprak\u00a0ver\u00a0\u00a0yarimi <\/p>\n<p> Dm\u00a0\u00a0\u00a0\u00a0\u00a0\u00a0\u00a0\u00a0\u00a0\u00a0\u00a0\u00a0\u00a0\u00a0\u00a0Am\u00a0\u00a0\u00a0\u00a0\u00a0\u00a0\u00a0\u00a0\u00a0F\u00a0\u00a0\u00a0\u00a0\u00a0\u00a0\u00a0\u00a0\u00a0\u00a0\u00a0\u00a0\u00a0E <br \/> G\u00f6n\u00fcl\u00a0\u00a0\u00a0ferman\u00a0\u00a0dinlemiyor\u00a0\u00a0bu\u00a0\u00a0ayr\u0131l\u0131k\u00a0\u00a0cok\u00a0\u00a0ac\u0131 <br \/> Dm\u00a0\u00a0\u00a0\u00a0\u00a0\u00a0\u00a0\u00a0\u00a0\u00a0\u00a0\u00a0\u00a0\u00a0Am\u00a0\u00a0\u00a0\u00a0\u00a0\u00a0\u00a0\u00a0\u00a0F\u00a0\u00a0\u00a0\u00a0\u00a0\u00a0\u00a0\u00a0\u00a0\u00a0\u00a0\u00a0\u00a0\u00a0\u00a0E <br \/> g\u00f6n\u00fcl\u00a0\u00a0ferman\u00a0\u00a0dinlemiyor\u00a0\u00a0yok\u00a0\u00a0mu\u00a0\u00a0bunun\u00a0\u00a0ilac\u0131 <br \/> F\u00a0\u00a0\u00a0\u00a0\u00a0E\u00a0\u00a0\u00a0\u00a0F\u00a0\u00a0\u00a0\u00a0\u00a0E\u00a0\u00a0\u00a0\u00a0F\u00a0\u00a0\u00a0\u00a0\u00a0\u00a0\u00a0\u00a0\u00a0\u00a0E\u00a0\u00a0F\u00a0\u00a0\u00a0\u00a0\u00a0\u00a0\u00a0\u00a0\u00a0E <br \/> Geri\u00a0\u00a0ver\u00a0\u00a0geri\u00a0\u00a0ver\u00a0\u00a0kara\u00a0\u00a0toprak\u00a0\u00a0ver\u00a0\u00a0yarimi <br \/> F\u00a0\u00a0\u00a0\u00a0\u00a0E\u00a0\u00a0\u00a0\u00a0\u00a0F\u00a0\u00a0\u00a0\u00a0\u00a0E\u00a0\u00a0F\u00a0\u00a0\u00a0\u00a0E\u00a0\u00a0\u00a0\u00a0\u00a0\u00a0\u00a0\u00a0\u00a0F\u00a0\u00a0\u00a0\u00a0\u00a0E <br \/> Bir\u00a0\u00a0sabah\u00a0\u00a0ans\u0131z\u0131n\u00a0\u00a0elimden\u00a0\u00a0ald\u0131\u011f\u0131n\u00a0\u00a0gibi <\/p>\n<p> Am <br \/> Bir\u00a0\u00a0g\u00fcn\u00a0\u00a0olur\u00a0\u00a0devran\u00a0\u00a0d\u00f6ner <br \/> E <br \/> Vade\u00a0\u00a0gelir\u00a0\u00a0yollar\u00a0\u00a0biter <br \/> Dm <br \/> zengin\u00a0\u00a0fakir\u00a0\u00a0burdan\u00a0\u00a0ge\u00e7er <br \/> E <br \/> Kara\u00a0\u00a0toprak\u00a0\u00a0\u00a0ver\u00a0\u00a0yarimi <\/p>\n<p> Am <br \/> Deli\u00a0\u00a0g\u00f6n\u00fcl\u00a0\u00a0costu\u00a0\u00e7aglar <br \/> E <br \/> Derdime\u00a0\u00a0dayanmaz\u00a0\u00a0da\u011flar <br \/> Dm <br \/> Gelen\u00a0\u00a0a\u011flar\u00a0\u00a0giden\u00a0\u00a0aglar <br \/> E <br \/> Kara\u00a0\u00a0toprak\u00a0\u00a0ver\u00a0\u00a0yarimi<br \/><\/span><\/p>\n<p><span class=\"print_song\"><strong>Bar\u0131\u015f Man\u00e7o &#8211; G\u00f6n\u00fcl Ferman Dinlemiyor KULLANILAN AKORLAR <\/strong><br \/><\/span><\/p>\n<table border=\"0\" width=\"50%\" cellspacing=\"3\" cellpadding=\"5\">\n<tbody>\n<tr>\n<td class=\"ajaxtable2\"><small>Dm<\/small><\/td>\n<td class=\"ajaxtable2\"><small>x 0 0 2 3 1<\/small><\/td>\n<\/tr>\n<tr>\n<td class=\"ajaxtable2\"><small>Am<\/small><\/td>\n<td class=\"ajaxtable2\"><small>x 0 2 2 1 0<\/small><\/td>\n<td class=\"ajaxtable2\"><small>x 0 7 5 5 5<\/small><\/td>\n<td class=\"ajaxtable2\"><small>x 3 2 2 1 0<\/small><\/td>\n<\/tr>\n<tr>\n<td class=\"ajaxtable2\"><small>F<\/small><\/td>\n<td class=\"ajaxtable2\"><small>1 3 3 2 1 1<\/small><\/td>\n<td class=\"ajaxtable2\"><small>x 0 3 2 1 1<\/small><\/td>\n<td class=\"ajaxtable2\"><small>x 3 3 2 1 1<\/small><\/td>\n<\/tr>\n<tr>\n<td class=\"ajaxtable2\"><small>E<\/small><\/td>\n<td class=\"ajaxtable2\"><small>0 2 2 1 0 0<\/small><\/td>\n<td class=\"ajaxtable2\"><small>x 7 6 4 5 0<\/small><\/td>\n<\/tr>\n<\/tbody>\n<\/table>\n<p><span class=\"print_song\"><small>\u015eark\u0131da kullan\u0131lan akorlar\u0131n farkl\u0131 \u015fekillerde bas\u0131l\u0131\u015flar\u0131d\u0131r.<\/small><\/span><\/p>\n","protected":false},"excerpt":{"rendered":"<p>\u00a0 Am Diyar\u00a0\u00a0diyar\u00a0\u00a0dola\u015ft\u0131m\u00a0\u00a0\u00a0ben E Yollara\u00a0\u00a0\u00a0d\u00fcst\u00fcm\u00a0\u00a0derdimden Dm Her\u00a0\u00a0\u00e7i\u00e7ekte\u00a0\u00a0g\u00f6rd\u00fcm\u00a0\u00a0seni E Kara\u00a0\u00a0toprak\u00a0\u00a0\u00a0ver\u00a0\u00a0\u00a0yarimi Am Yaza\u00a0\u00a0yaza\u00a0\u00a0bitti\u00a0\u00a0\u00a0kalem E Bir\u00a0\u00a0g\u00fcn\u00a0\u00a0elbet\u00a0\u00a0\u00a0dolar\u00a0\u00a0\u00e7ilem Dm Ben\u00a0\u00a0bu\u00a0\u00a0yola\u00a0\u00a0kurban\u00a0\u00a0olam E kara\u00a0\u00a0\u00a0toprak\u00a0ver\u00a0\u00a0yarimi Dm\u00a0\u00a0\u00a0\u00a0\u00a0\u00a0\u00a0\u00a0\u00a0\u00a0\u00a0\u00a0\u00a0\u00a0\u00a0Am\u00a0\u00a0\u00a0\u00a0\u00a0\u00a0\u00a0\u00a0\u00a0F\u00a0\u00a0\u00a0\u00a0\u00a0\u00a0\u00a0\u00a0\u00a0\u00a0\u00a0\u00a0\u00a0E G\u00f6n\u00fcl\u00a0\u00a0\u00a0ferman\u00a0\u00a0dinlemiyor\u00a0\u00a0bu\u00a0\u00a0ayr\u0131l\u0131k\u00a0\u00a0cok\u00a0\u00a0ac\u0131 Dm\u00a0\u00a0\u00a0\u00a0\u00a0\u00a0\u00a0\u00a0\u00a0\u00a0\u00a0\u00a0\u00a0\u00a0Am\u00a0\u00a0\u00a0\u00a0\u00a0\u00a0\u00a0\u00a0\u00a0F\u00a0\u00a0\u00a0\u00a0\u00a0\u00a0\u00a0\u00a0\u00a0\u00a0\u00a0\u00a0\u00a0\u00a0\u00a0E g\u00f6n\u00fcl\u00a0\u00a0ferman\u00a0\u00a0dinlemiyor\u00a0\u00a0yok\u00a0\u00a0mu\u00a0\u00a0bunun\u00a0\u00a0ilac\u0131 F\u00a0\u00a0\u00a0\u00a0\u00a0E\u00a0\u00a0\u00a0\u00a0F\u00a0\u00a0\u00a0\u00a0\u00a0E\u00a0\u00a0\u00a0\u00a0F\u00a0\u00a0\u00a0\u00a0\u00a0\u00a0\u00a0\u00a0\u00a0\u00a0E\u00a0\u00a0F\u00a0\u00a0\u00a0\u00a0\u00a0\u00a0\u00a0\u00a0\u00a0E Geri\u00a0\u00a0ver\u00a0\u00a0geri\u00a0\u00a0ver\u00a0\u00a0kara\u00a0\u00a0toprak\u00a0\u00a0ver\u00a0\u00a0yarimi F\u00a0\u00a0\u00a0\u00a0\u00a0E\u00a0\u00a0\u00a0\u00a0\u00a0F\u00a0\u00a0\u00a0\u00a0\u00a0E\u00a0\u00a0F\u00a0\u00a0\u00a0\u00a0E\u00a0\u00a0\u00a0\u00a0\u00a0\u00a0\u00a0\u00a0\u00a0F\u00a0\u00a0\u00a0\u00a0\u00a0E Bir\u00a0\u00a0sabah\u00a0\u00a0ans\u0131z\u0131n\u00a0\u00a0elimden\u00a0\u00a0ald\u0131\u011f\u0131n\u00a0\u00a0gibi Am Bir\u00a0\u00a0g\u00fcn\u00a0\u00a0olur\u00a0\u00a0devran\u00a0\u00a0d\u00f6ner E Vade\u00a0\u00a0gelir\u00a0\u00a0yollar\u00a0\u00a0biter Dm zengin\u00a0\u00a0fakir\u00a0\u00a0burdan\u00a0\u00a0ge\u00e7er E Kara\u00a0\u00a0toprak\u00a0\u00a0\u00a0ver\u00a0\u00a0yarimi Am Deli\u00a0\u00a0g\u00f6n\u00fcl\u00a0\u00a0costu\u00a0\u00e7aglar E Derdime\u00a0\u00a0dayanmaz\u00a0\u00a0da\u011flar Dm Gelen\u00a0\u00a0a\u011flar\u00a0\u00a0giden\u00a0\u00a0aglar E Kara\u00a0\u00a0toprak\u00a0\u00a0ver\u00a0\u00a0yarimi Bar\u0131\u015f Man\u00e7o &#8211; G\u00f6n\u00fcl Ferman Dinlemiyor KULLANILAN AKORLAR Dm x 0 0 2 3 [&hellip;]<\/p>\n","protected":false},"author":1,"featured_media":0,"comment_status":"open","ping_status":"open","sticky":false,"template":"","format":"standard","meta":{"footnotes":""},"categories":[76],"tags":[],"class_list":{"0":"post-1497","1":"post","2":"type-post","3":"status-publish","4":"format-standard","6":"category-sarki-ve-turku-akorlari-pop"},"yoast_head":"<!-- This site is optimized with the Yoast SEO Premium plugin v24.9 (Yoast SEO v24.9) - https:\/\/yoast.com\/wordpress\/plugins\/seo\/ -->\n<title>Bar\u0131\u015f Man\u00e7o - G\u00f6n\u00fcl Ferman Dinlemiyor - narteks.net<\/title>\n<meta name=\"robots\" content=\"index, follow, max-snippet:-1, max-image-preview:large, max-video-preview:-1\" \/>\n<link rel=\"canonical\" href=\"https:\/\/narteks.net\/index.php\/2009\/11\/14\/baris-manco-gonul-ferman-dinlemiyor\/\" \/>\n<meta property=\"og:locale\" content=\"tr_TR\" \/>\n<meta property=\"og:type\" content=\"article\" \/>\n<meta property=\"og:title\" content=\"Bar\u0131\u015f Man\u00e7o - G\u00f6n\u00fcl Ferman Dinlemiyor\" \/>\n<meta property=\"og:description\" content=\"\u00a0 Am Diyar\u00a0\u00a0diyar\u00a0\u00a0dola\u015ft\u0131m\u00a0\u00a0\u00a0ben E Yollara\u00a0\u00a0\u00a0d\u00fcst\u00fcm\u00a0\u00a0derdimden Dm Her\u00a0\u00a0\u00e7i\u00e7ekte\u00a0\u00a0g\u00f6rd\u00fcm\u00a0\u00a0seni E Kara\u00a0\u00a0toprak\u00a0\u00a0\u00a0ver\u00a0\u00a0\u00a0yarimi Am Yaza\u00a0\u00a0yaza\u00a0\u00a0bitti\u00a0\u00a0\u00a0kalem E Bir\u00a0\u00a0g\u00fcn\u00a0\u00a0elbet\u00a0\u00a0\u00a0dolar\u00a0\u00a0\u00e7ilem Dm Ben\u00a0\u00a0bu\u00a0\u00a0yola\u00a0\u00a0kurban\u00a0\u00a0olam E kara\u00a0\u00a0\u00a0toprak\u00a0ver\u00a0\u00a0yarimi Dm\u00a0\u00a0\u00a0\u00a0\u00a0\u00a0\u00a0\u00a0\u00a0\u00a0\u00a0\u00a0\u00a0\u00a0\u00a0Am\u00a0\u00a0\u00a0\u00a0\u00a0\u00a0\u00a0\u00a0\u00a0F\u00a0\u00a0\u00a0\u00a0\u00a0\u00a0\u00a0\u00a0\u00a0\u00a0\u00a0\u00a0\u00a0E G\u00f6n\u00fcl\u00a0\u00a0\u00a0ferman\u00a0\u00a0dinlemiyor\u00a0\u00a0bu\u00a0\u00a0ayr\u0131l\u0131k\u00a0\u00a0cok\u00a0\u00a0ac\u0131 Dm\u00a0\u00a0\u00a0\u00a0\u00a0\u00a0\u00a0\u00a0\u00a0\u00a0\u00a0\u00a0\u00a0\u00a0Am\u00a0\u00a0\u00a0\u00a0\u00a0\u00a0\u00a0\u00a0\u00a0F\u00a0\u00a0\u00a0\u00a0\u00a0\u00a0\u00a0\u00a0\u00a0\u00a0\u00a0\u00a0\u00a0\u00a0\u00a0E g\u00f6n\u00fcl\u00a0\u00a0ferman\u00a0\u00a0dinlemiyor\u00a0\u00a0yok\u00a0\u00a0mu\u00a0\u00a0bunun\u00a0\u00a0ilac\u0131 F\u00a0\u00a0\u00a0\u00a0\u00a0E\u00a0\u00a0\u00a0\u00a0F\u00a0\u00a0\u00a0\u00a0\u00a0E\u00a0\u00a0\u00a0\u00a0F\u00a0\u00a0\u00a0\u00a0\u00a0\u00a0\u00a0\u00a0\u00a0\u00a0E\u00a0\u00a0F\u00a0\u00a0\u00a0\u00a0\u00a0\u00a0\u00a0\u00a0\u00a0E Geri\u00a0\u00a0ver\u00a0\u00a0geri\u00a0\u00a0ver\u00a0\u00a0kara\u00a0\u00a0toprak\u00a0\u00a0ver\u00a0\u00a0yarimi F\u00a0\u00a0\u00a0\u00a0\u00a0E\u00a0\u00a0\u00a0\u00a0\u00a0F\u00a0\u00a0\u00a0\u00a0\u00a0E\u00a0\u00a0F\u00a0\u00a0\u00a0\u00a0E\u00a0\u00a0\u00a0\u00a0\u00a0\u00a0\u00a0\u00a0\u00a0F\u00a0\u00a0\u00a0\u00a0\u00a0E Bir\u00a0\u00a0sabah\u00a0\u00a0ans\u0131z\u0131n\u00a0\u00a0elimden\u00a0\u00a0ald\u0131\u011f\u0131n\u00a0\u00a0gibi Am Bir\u00a0\u00a0g\u00fcn\u00a0\u00a0olur\u00a0\u00a0devran\u00a0\u00a0d\u00f6ner E Vade\u00a0\u00a0gelir\u00a0\u00a0yollar\u00a0\u00a0biter Dm zengin\u00a0\u00a0fakir\u00a0\u00a0burdan\u00a0\u00a0ge\u00e7er E Kara\u00a0\u00a0toprak\u00a0\u00a0\u00a0ver\u00a0\u00a0yarimi Am Deli\u00a0\u00a0g\u00f6n\u00fcl\u00a0\u00a0costu\u00a0\u00e7aglar E Derdime\u00a0\u00a0dayanmaz\u00a0\u00a0da\u011flar Dm Gelen\u00a0\u00a0a\u011flar\u00a0\u00a0giden\u00a0\u00a0aglar E Kara\u00a0\u00a0toprak\u00a0\u00a0ver\u00a0\u00a0yarimi Bar\u0131\u015f Man\u00e7o &#8211; G\u00f6n\u00fcl Ferman Dinlemiyor KULLANILAN AKORLAR Dm x 0 0 2 3 [&hellip;]\" \/>\n<meta property=\"og:url\" content=\"https:\/\/narteks.net\/index.php\/2009\/11\/14\/baris-manco-gonul-ferman-dinlemiyor\/\" \/>\n<meta property=\"og:site_name\" content=\"narteks.net\" \/>\n<meta property=\"article:published_time\" content=\"2009-11-14T09:38:37+00:00\" \/>\n<meta property=\"og:image\" content=\"https:\/\/narteks.net\/wp-content\/uploads\/narteks.png\" \/>\n\t<meta property=\"og:image:width\" content=\"300\" \/>\n\t<meta property=\"og:image:height\" content=\"90\" \/>\n\t<meta property=\"og:image:type\" content=\"image\/png\" \/>\n<meta name=\"author\" content=\"Tar\u0131k\" \/>\n<meta name=\"twitter:card\" content=\"summary_large_image\" \/>\n<meta name=\"twitter:creator\" content=\"@narteks\" \/>\n<meta name=\"twitter:site\" content=\"@narteks\" \/>\n<meta name=\"twitter:label1\" content=\"Yazan:\" \/>\n\t<meta name=\"twitter:data1\" content=\"Tar\u0131k\" \/>\n\t<meta name=\"twitter:label2\" content=\"Tahmini okuma s\u00fcresi\" \/>\n\t<meta name=\"twitter:data2\" content=\"1 dakika\" \/>\n<script type=\"application\/ld+json\" class=\"yoast-schema-graph\">{\"@context\":\"https:\/\/schema.org\",\"@graph\":[{\"@type\":\"Article\",\"@id\":\"https:\/\/narteks.net\/index.php\/2009\/11\/14\/baris-manco-gonul-ferman-dinlemiyor\/#article\",\"isPartOf\":{\"@id\":\"https:\/\/narteks.net\/index.php\/2009\/11\/14\/baris-manco-gonul-ferman-dinlemiyor\/\"},\"author\":{\"name\":\"Tar\u0131k\",\"@id\":\"https:\/\/narteks.net\/#\/schema\/person\/61f37d9834294b72d31d274e7ed79bca\"},\"headline\":\"Bar\u0131\u015f Man\u00e7o &#8211; G\u00f6n\u00fcl Ferman Dinlemiyor\",\"datePublished\":\"2009-11-14T09:38:37+00:00\",\"mainEntityOfPage\":{\"@id\":\"https:\/\/narteks.net\/index.php\/2009\/11\/14\/baris-manco-gonul-ferman-dinlemiyor\/\"},\"wordCount\":201,\"commentCount\":0,\"publisher\":{\"@id\":\"https:\/\/narteks.net\/#organization\"},\"articleSection\":[\"\u015eark\u0131 ve T\u00fcrk\u00fc Akorlar\u0131 (Pop)\"],\"inLanguage\":\"tr\",\"potentialAction\":[{\"@type\":\"CommentAction\",\"name\":\"Comment\",\"target\":[\"https:\/\/narteks.net\/index.php\/2009\/11\/14\/baris-manco-gonul-ferman-dinlemiyor\/#respond\"]}]},{\"@type\":\"WebPage\",\"@id\":\"https:\/\/narteks.net\/index.php\/2009\/11\/14\/baris-manco-gonul-ferman-dinlemiyor\/\",\"url\":\"https:\/\/narteks.net\/index.php\/2009\/11\/14\/baris-manco-gonul-ferman-dinlemiyor\/\",\"name\":\"Bar\u0131\u015f Man\u00e7o - G\u00f6n\u00fcl Ferman Dinlemiyor - narteks.net\",\"isPartOf\":{\"@id\":\"https:\/\/narteks.net\/#website\"},\"datePublished\":\"2009-11-14T09:38:37+00:00\",\"breadcrumb\":{\"@id\":\"https:\/\/narteks.net\/index.php\/2009\/11\/14\/baris-manco-gonul-ferman-dinlemiyor\/#breadcrumb\"},\"inLanguage\":\"tr\",\"potentialAction\":[{\"@type\":\"ReadAction\",\"target\":[\"https:\/\/narteks.net\/index.php\/2009\/11\/14\/baris-manco-gonul-ferman-dinlemiyor\/\"]}]},{\"@type\":\"BreadcrumbList\",\"@id\":\"https:\/\/narteks.net\/index.php\/2009\/11\/14\/baris-manco-gonul-ferman-dinlemiyor\/#breadcrumb\",\"itemListElement\":[{\"@type\":\"ListItem\",\"position\":1,\"name\":\"Anasayfa\",\"item\":\"https:\/\/narteks.net\/\"},{\"@type\":\"ListItem\",\"position\":2,\"name\":\"Bar\u0131\u015f Man\u00e7o &#8211; G\u00f6n\u00fcl Ferman Dinlemiyor\"}]},{\"@type\":\"WebSite\",\"@id\":\"https:\/\/narteks.net\/#website\",\"url\":\"https:\/\/narteks.net\/\",\"name\":\"narteks.net\",\"description\":\"K\u00fclt\u00fcr Sanat Edebiyat Felsefe\",\"publisher\":{\"@id\":\"https:\/\/narteks.net\/#organization\"},\"alternateName\":\"K\u00fclt\u00fcr Sanat Edebiyat Felsefe\",\"potentialAction\":[{\"@type\":\"SearchAction\",\"target\":{\"@type\":\"EntryPoint\",\"urlTemplate\":\"https:\/\/narteks.net\/?s={search_term_string}\"},\"query-input\":{\"@type\":\"PropertyValueSpecification\",\"valueRequired\":true,\"valueName\":\"search_term_string\"}}],\"inLanguage\":\"tr\"},{\"@type\":\"Organization\",\"@id\":\"https:\/\/narteks.net\/#organization\",\"name\":\"narteks.net\",\"url\":\"https:\/\/narteks.net\/\",\"logo\":{\"@type\":\"ImageObject\",\"inLanguage\":\"tr\",\"@id\":\"https:\/\/narteks.net\/#\/schema\/logo\/image\/\",\"url\":\"https:\/\/narteks.net\/wp-content\/uploads\/narteks.png\",\"contentUrl\":\"https:\/\/narteks.net\/wp-content\/uploads\/narteks.png\",\"width\":300,\"height\":90,\"caption\":\"narteks.net\"},\"image\":{\"@id\":\"https:\/\/narteks.net\/#\/schema\/logo\/image\/\"},\"sameAs\":[\"https:\/\/x.com\/narteks\",\"https:\/\/instagram.com\/narteksnet\"]},{\"@type\":\"Person\",\"@id\":\"https:\/\/narteks.net\/#\/schema\/person\/61f37d9834294b72d31d274e7ed79bca\",\"name\":\"Tar\u0131k\",\"image\":{\"@type\":\"ImageObject\",\"inLanguage\":\"tr\",\"@id\":\"https:\/\/narteks.net\/#\/schema\/person\/image\/\",\"url\":\"https:\/\/secure.gravatar.com\/avatar\/50865afb55632c4ae467e0af0930f6510aa2297d8014be502a55b14f3b7550cf?s=96&d=mm&r=g\",\"contentUrl\":\"https:\/\/secure.gravatar.com\/avatar\/50865afb55632c4ae467e0af0930f6510aa2297d8014be502a55b14f3b7550cf?s=96&d=mm&r=g\",\"caption\":\"Tar\u0131k\"},\"sameAs\":[\"http:\/\/narteks.net\"],\"url\":\"https:\/\/narteks.net\/index.php\/author\/narbak\/\"}]}<\/script>\n<!-- \/ Yoast SEO Premium plugin. -->","yoast_head_json":{"title":"Bar\u0131\u015f Man\u00e7o - G\u00f6n\u00fcl Ferman Dinlemiyor - narteks.net","robots":{"index":"index","follow":"follow","max-snippet":"max-snippet:-1","max-image-preview":"max-image-preview:large","max-video-preview":"max-video-preview:-1"},"canonical":"https:\/\/narteks.net\/index.php\/2009\/11\/14\/baris-manco-gonul-ferman-dinlemiyor\/","og_locale":"tr_TR","og_type":"article","og_title":"Bar\u0131\u015f Man\u00e7o - G\u00f6n\u00fcl Ferman Dinlemiyor","og_description":"\u00a0 Am Diyar\u00a0\u00a0diyar\u00a0\u00a0dola\u015ft\u0131m\u00a0\u00a0\u00a0ben E Yollara\u00a0\u00a0\u00a0d\u00fcst\u00fcm\u00a0\u00a0derdimden Dm Her\u00a0\u00a0\u00e7i\u00e7ekte\u00a0\u00a0g\u00f6rd\u00fcm\u00a0\u00a0seni E Kara\u00a0\u00a0toprak\u00a0\u00a0\u00a0ver\u00a0\u00a0\u00a0yarimi Am Yaza\u00a0\u00a0yaza\u00a0\u00a0bitti\u00a0\u00a0\u00a0kalem E Bir\u00a0\u00a0g\u00fcn\u00a0\u00a0elbet\u00a0\u00a0\u00a0dolar\u00a0\u00a0\u00e7ilem Dm Ben\u00a0\u00a0bu\u00a0\u00a0yola\u00a0\u00a0kurban\u00a0\u00a0olam E kara\u00a0\u00a0\u00a0toprak\u00a0ver\u00a0\u00a0yarimi Dm\u00a0\u00a0\u00a0\u00a0\u00a0\u00a0\u00a0\u00a0\u00a0\u00a0\u00a0\u00a0\u00a0\u00a0\u00a0Am\u00a0\u00a0\u00a0\u00a0\u00a0\u00a0\u00a0\u00a0\u00a0F\u00a0\u00a0\u00a0\u00a0\u00a0\u00a0\u00a0\u00a0\u00a0\u00a0\u00a0\u00a0\u00a0E G\u00f6n\u00fcl\u00a0\u00a0\u00a0ferman\u00a0\u00a0dinlemiyor\u00a0\u00a0bu\u00a0\u00a0ayr\u0131l\u0131k\u00a0\u00a0cok\u00a0\u00a0ac\u0131 Dm\u00a0\u00a0\u00a0\u00a0\u00a0\u00a0\u00a0\u00a0\u00a0\u00a0\u00a0\u00a0\u00a0\u00a0Am\u00a0\u00a0\u00a0\u00a0\u00a0\u00a0\u00a0\u00a0\u00a0F\u00a0\u00a0\u00a0\u00a0\u00a0\u00a0\u00a0\u00a0\u00a0\u00a0\u00a0\u00a0\u00a0\u00a0\u00a0E g\u00f6n\u00fcl\u00a0\u00a0ferman\u00a0\u00a0dinlemiyor\u00a0\u00a0yok\u00a0\u00a0mu\u00a0\u00a0bunun\u00a0\u00a0ilac\u0131 F\u00a0\u00a0\u00a0\u00a0\u00a0E\u00a0\u00a0\u00a0\u00a0F\u00a0\u00a0\u00a0\u00a0\u00a0E\u00a0\u00a0\u00a0\u00a0F\u00a0\u00a0\u00a0\u00a0\u00a0\u00a0\u00a0\u00a0\u00a0\u00a0E\u00a0\u00a0F\u00a0\u00a0\u00a0\u00a0\u00a0\u00a0\u00a0\u00a0\u00a0E Geri\u00a0\u00a0ver\u00a0\u00a0geri\u00a0\u00a0ver\u00a0\u00a0kara\u00a0\u00a0toprak\u00a0\u00a0ver\u00a0\u00a0yarimi F\u00a0\u00a0\u00a0\u00a0\u00a0E\u00a0\u00a0\u00a0\u00a0\u00a0F\u00a0\u00a0\u00a0\u00a0\u00a0E\u00a0\u00a0F\u00a0\u00a0\u00a0\u00a0E\u00a0\u00a0\u00a0\u00a0\u00a0\u00a0\u00a0\u00a0\u00a0F\u00a0\u00a0\u00a0\u00a0\u00a0E Bir\u00a0\u00a0sabah\u00a0\u00a0ans\u0131z\u0131n\u00a0\u00a0elimden\u00a0\u00a0ald\u0131\u011f\u0131n\u00a0\u00a0gibi Am Bir\u00a0\u00a0g\u00fcn\u00a0\u00a0olur\u00a0\u00a0devran\u00a0\u00a0d\u00f6ner E Vade\u00a0\u00a0gelir\u00a0\u00a0yollar\u00a0\u00a0biter Dm zengin\u00a0\u00a0fakir\u00a0\u00a0burdan\u00a0\u00a0ge\u00e7er E Kara\u00a0\u00a0toprak\u00a0\u00a0\u00a0ver\u00a0\u00a0yarimi Am Deli\u00a0\u00a0g\u00f6n\u00fcl\u00a0\u00a0costu\u00a0\u00e7aglar E Derdime\u00a0\u00a0dayanmaz\u00a0\u00a0da\u011flar Dm Gelen\u00a0\u00a0a\u011flar\u00a0\u00a0giden\u00a0\u00a0aglar E Kara\u00a0\u00a0toprak\u00a0\u00a0ver\u00a0\u00a0yarimi Bar\u0131\u015f Man\u00e7o &#8211; G\u00f6n\u00fcl Ferman Dinlemiyor KULLANILAN AKORLAR Dm x 0 0 2 3 [&hellip;]","og_url":"https:\/\/narteks.net\/index.php\/2009\/11\/14\/baris-manco-gonul-ferman-dinlemiyor\/","og_site_name":"narteks.net","article_published_time":"2009-11-14T09:38:37+00:00","og_image":[{"width":300,"height":90,"url":"https:\/\/narteks.net\/wp-content\/uploads\/narteks.png","type":"image\/png"}],"author":"Tar\u0131k","twitter_card":"summary_large_image","twitter_creator":"@narteks","twitter_site":"@narteks","twitter_misc":{"Yazan:":"Tar\u0131k","Tahmini okuma s\u00fcresi":"1 dakika"},"schema":{"@context":"https:\/\/schema.org","@graph":[{"@type":"Article","@id":"https:\/\/narteks.net\/index.php\/2009\/11\/14\/baris-manco-gonul-ferman-dinlemiyor\/#article","isPartOf":{"@id":"https:\/\/narteks.net\/index.php\/2009\/11\/14\/baris-manco-gonul-ferman-dinlemiyor\/"},"author":{"name":"Tar\u0131k","@id":"https:\/\/narteks.net\/#\/schema\/person\/61f37d9834294b72d31d274e7ed79bca"},"headline":"Bar\u0131\u015f Man\u00e7o &#8211; G\u00f6n\u00fcl Ferman Dinlemiyor","datePublished":"2009-11-14T09:38:37+00:00","mainEntityOfPage":{"@id":"https:\/\/narteks.net\/index.php\/2009\/11\/14\/baris-manco-gonul-ferman-dinlemiyor\/"},"wordCount":201,"commentCount":0,"publisher":{"@id":"https:\/\/narteks.net\/#organization"},"articleSection":["\u015eark\u0131 ve T\u00fcrk\u00fc Akorlar\u0131 (Pop)"],"inLanguage":"tr","potentialAction":[{"@type":"CommentAction","name":"Comment","target":["https:\/\/narteks.net\/index.php\/2009\/11\/14\/baris-manco-gonul-ferman-dinlemiyor\/#respond"]}]},{"@type":"WebPage","@id":"https:\/\/narteks.net\/index.php\/2009\/11\/14\/baris-manco-gonul-ferman-dinlemiyor\/","url":"https:\/\/narteks.net\/index.php\/2009\/11\/14\/baris-manco-gonul-ferman-dinlemiyor\/","name":"Bar\u0131\u015f Man\u00e7o - G\u00f6n\u00fcl Ferman Dinlemiyor - narteks.net","isPartOf":{"@id":"https:\/\/narteks.net\/#website"},"datePublished":"2009-11-14T09:38:37+00:00","breadcrumb":{"@id":"https:\/\/narteks.net\/index.php\/2009\/11\/14\/baris-manco-gonul-ferman-dinlemiyor\/#breadcrumb"},"inLanguage":"tr","potentialAction":[{"@type":"ReadAction","target":["https:\/\/narteks.net\/index.php\/2009\/11\/14\/baris-manco-gonul-ferman-dinlemiyor\/"]}]},{"@type":"BreadcrumbList","@id":"https:\/\/narteks.net\/index.php\/2009\/11\/14\/baris-manco-gonul-ferman-dinlemiyor\/#breadcrumb","itemListElement":[{"@type":"ListItem","position":1,"name":"Anasayfa","item":"https:\/\/narteks.net\/"},{"@type":"ListItem","position":2,"name":"Bar\u0131\u015f Man\u00e7o &#8211; G\u00f6n\u00fcl Ferman Dinlemiyor"}]},{"@type":"WebSite","@id":"https:\/\/narteks.net\/#website","url":"https:\/\/narteks.net\/","name":"narteks.net","description":"K\u00fclt\u00fcr Sanat Edebiyat Felsefe","publisher":{"@id":"https:\/\/narteks.net\/#organization"},"alternateName":"K\u00fclt\u00fcr Sanat Edebiyat Felsefe","potentialAction":[{"@type":"SearchAction","target":{"@type":"EntryPoint","urlTemplate":"https:\/\/narteks.net\/?s={search_term_string}"},"query-input":{"@type":"PropertyValueSpecification","valueRequired":true,"valueName":"search_term_string"}}],"inLanguage":"tr"},{"@type":"Organization","@id":"https:\/\/narteks.net\/#organization","name":"narteks.net","url":"https:\/\/narteks.net\/","logo":{"@type":"ImageObject","inLanguage":"tr","@id":"https:\/\/narteks.net\/#\/schema\/logo\/image\/","url":"https:\/\/narteks.net\/wp-content\/uploads\/narteks.png","contentUrl":"https:\/\/narteks.net\/wp-content\/uploads\/narteks.png","width":300,"height":90,"caption":"narteks.net"},"image":{"@id":"https:\/\/narteks.net\/#\/schema\/logo\/image\/"},"sameAs":["https:\/\/x.com\/narteks","https:\/\/instagram.com\/narteksnet"]},{"@type":"Person","@id":"https:\/\/narteks.net\/#\/schema\/person\/61f37d9834294b72d31d274e7ed79bca","name":"Tar\u0131k","image":{"@type":"ImageObject","inLanguage":"tr","@id":"https:\/\/narteks.net\/#\/schema\/person\/image\/","url":"https:\/\/secure.gravatar.com\/avatar\/50865afb55632c4ae467e0af0930f6510aa2297d8014be502a55b14f3b7550cf?s=96&d=mm&r=g","contentUrl":"https:\/\/secure.gravatar.com\/avatar\/50865afb55632c4ae467e0af0930f6510aa2297d8014be502a55b14f3b7550cf?s=96&d=mm&r=g","caption":"Tar\u0131k"},"sameAs":["http:\/\/narteks.net"],"url":"https:\/\/narteks.net\/index.php\/author\/narbak\/"}]}},"_links":{"self":[{"href":"https:\/\/narteks.net\/index.php\/wp-json\/wp\/v2\/posts\/1497","targetHints":{"allow":["GET"]}}],"collection":[{"href":"https:\/\/narteks.net\/index.php\/wp-json\/wp\/v2\/posts"}],"about":[{"href":"https:\/\/narteks.net\/index.php\/wp-json\/wp\/v2\/types\/post"}],"author":[{"embeddable":true,"href":"https:\/\/narteks.net\/index.php\/wp-json\/wp\/v2\/users\/1"}],"replies":[{"embeddable":true,"href":"https:\/\/narteks.net\/index.php\/wp-json\/wp\/v2\/comments?post=1497"}],"version-history":[{"count":0,"href":"https:\/\/narteks.net\/index.php\/wp-json\/wp\/v2\/posts\/1497\/revisions"}],"wp:attachment":[{"href":"https:\/\/narteks.net\/index.php\/wp-json\/wp\/v2\/media?parent=1497"}],"wp:term":[{"taxonomy":"category","embeddable":true,"href":"https:\/\/narteks.net\/index.php\/wp-json\/wp\/v2\/categories?post=1497"},{"taxonomy":"post_tag","embeddable":true,"href":"https:\/\/narteks.net\/index.php\/wp-json\/wp\/v2\/tags?post=1497"}],"curies":[{"name":"wp","href":"https:\/\/api.w.org\/{rel}","templated":true}]}}