{"id":15,"date":"2009-02-27T13:12:30","date_gmt":"2009-02-27T10:12:30","guid":{"rendered":""},"modified":"2009-02-27T13:12:30","modified_gmt":"2009-02-27T10:12:30","slug":"geriye-kalan","status":"publish","type":"post","link":"https:\/\/narteks.net\/index.php\/2009\/02\/27\/geriye-kalan\/","title":{"rendered":"GERIYE KALAN"},"content":{"rendered":"<p>\u00a0<\/p>\n<p><span>Neyi ya\u015f\u0131yoruz \u015fu anda <br \/> Nelerle s\u0131\u011fm\u0131yoruz d\u00fcnyaya <br \/> A\u015fktan <br \/> \u00d6fkeye ge\u00e7iriyoruz birdenbire <br \/> Sevin\u00e7ten \u00fcz\u00fcnt\u00fclere <br \/> Durgunluktan co\u015fkulara ko\u015fuyoruz <br \/> Co\u015fkulardan <br \/> Mutsuzlu\u011fa g\u00f6m\u00fcl\u00fcyoruz sessizce <br \/> Ve ya\u015f\u0131yoruz b\u00f6ylece her y\u0131l\u0131 <br \/> Koskoca bitmez bir saniyede <\/p>\n<p> Bu \u00e7eli\u015fkili y\u00fcr\u00fcy\u00fc\u015fler i\u00e7inde <br \/> Bizden ne kal\u0131r ki geriye <br \/> Bir \u00f6lenle \u00f6lebilmek <br \/> Bir g\u00fclenle g\u00fclebilmek <br \/> Mutlulu\u011funa sevinmek insanl\u0131\u011f\u0131n <br \/> Kan a\u011flamak \u00f6l\u00fcmlerine <br \/> Ve Afrika&#8217;l\u0131 kapkara bir ac\u0131y\u0131 <br \/> Duyabilmek bembeyaz y\u00fcre\u011fimizde <\/span><\/p>\n<p>ADNAN Y\u00dcCEL<\/p>\n","protected":false},"excerpt":{"rendered":"<p>\u00a0 Neyi ya\u015f\u0131yoruz \u015fu anda Nelerle s\u0131\u011fm\u0131yoruz d\u00fcnyaya A\u015fktan \u00d6fkeye ge\u00e7iriyoruz birdenbire Sevin\u00e7ten \u00fcz\u00fcnt\u00fclere Durgunluktan co\u015fkulara ko\u015fuyoruz Co\u015fkulardan Mutsuzlu\u011fa g\u00f6m\u00fcl\u00fcyoruz sessizce Ve ya\u015f\u0131yoruz b\u00f6ylece her y\u0131l\u0131 Koskoca bitmez bir saniyede Bu \u00e7eli\u015fkili y\u00fcr\u00fcy\u00fc\u015fler i\u00e7inde Bizden ne kal\u0131r ki geriye Bir \u00f6lenle \u00f6lebilmek Bir g\u00fclenle g\u00fclebilmek Mutlulu\u011funa sevinmek insanl\u0131\u011f\u0131n Kan a\u011flamak \u00f6l\u00fcmlerine Ve Afrika&#8217;l\u0131 kapkara bir [&hellip;]<\/p>\n","protected":false},"author":1,"featured_media":0,"comment_status":"open","ping_status":"open","sticky":false,"template":"","format":"standard","meta":{"footnotes":""},"categories":[3],"tags":[],"class_list":{"0":"post-15","1":"post","2":"type-post","3":"status-publish","4":"format-standard","6":"category-adnan-yucel"},"yoast_head":"<!-- This site is optimized with the Yoast SEO Premium plugin v24.9 (Yoast SEO v24.9) - https:\/\/yoast.com\/wordpress\/plugins\/seo\/ -->\n<title>GERIYE KALAN - narteks.net<\/title>\n<meta name=\"robots\" content=\"index, follow, max-snippet:-1, max-image-preview:large, max-video-preview:-1\" \/>\n<link rel=\"canonical\" href=\"https:\/\/narteks.net\/index.php\/2009\/02\/27\/geriye-kalan\/\" \/>\n<meta property=\"og:locale\" content=\"tr_TR\" \/>\n<meta property=\"og:type\" content=\"article\" \/>\n<meta property=\"og:title\" content=\"GERIYE KALAN\" \/>\n<meta property=\"og:description\" content=\"\u00a0 Neyi ya\u015f\u0131yoruz \u015fu anda Nelerle s\u0131\u011fm\u0131yoruz d\u00fcnyaya A\u015fktan \u00d6fkeye ge\u00e7iriyoruz birdenbire Sevin\u00e7ten \u00fcz\u00fcnt\u00fclere Durgunluktan co\u015fkulara ko\u015fuyoruz Co\u015fkulardan Mutsuzlu\u011fa g\u00f6m\u00fcl\u00fcyoruz sessizce Ve ya\u015f\u0131yoruz b\u00f6ylece her y\u0131l\u0131 Koskoca bitmez bir saniyede Bu \u00e7eli\u015fkili y\u00fcr\u00fcy\u00fc\u015fler i\u00e7inde Bizden ne kal\u0131r ki geriye Bir \u00f6lenle \u00f6lebilmek Bir g\u00fclenle g\u00fclebilmek Mutlulu\u011funa sevinmek insanl\u0131\u011f\u0131n Kan a\u011flamak \u00f6l\u00fcmlerine Ve Afrika&#8217;l\u0131 kapkara bir [&hellip;]\" \/>\n<meta property=\"og:url\" content=\"https:\/\/narteks.net\/index.php\/2009\/02\/27\/geriye-kalan\/\" \/>\n<meta property=\"og:site_name\" content=\"narteks.net\" \/>\n<meta property=\"article:published_time\" content=\"2009-02-27T10:12:30+00:00\" \/>\n<meta property=\"og:image\" content=\"https:\/\/narteks.net\/wp-content\/uploads\/narteks.png\" \/>\n\t<meta property=\"og:image:width\" content=\"300\" \/>\n\t<meta property=\"og:image:height\" content=\"90\" \/>\n\t<meta property=\"og:image:type\" content=\"image\/png\" \/>\n<meta name=\"author\" content=\"Tar\u0131k\" \/>\n<meta name=\"twitter:card\" content=\"summary_large_image\" \/>\n<meta name=\"twitter:creator\" content=\"@narteks\" \/>\n<meta name=\"twitter:site\" content=\"@narteks\" \/>\n<meta name=\"twitter:label1\" content=\"Yazan:\" \/>\n\t<meta name=\"twitter:data1\" content=\"Tar\u0131k\" \/>\n<script type=\"application\/ld+json\" class=\"yoast-schema-graph\">{\"@context\":\"https:\/\/schema.org\",\"@graph\":[{\"@type\":\"Article\",\"@id\":\"https:\/\/narteks.net\/index.php\/2009\/02\/27\/geriye-kalan\/#article\",\"isPartOf\":{\"@id\":\"https:\/\/narteks.net\/index.php\/2009\/02\/27\/geriye-kalan\/\"},\"author\":{\"name\":\"Tar\u0131k\",\"@id\":\"https:\/\/narteks.net\/#\/schema\/person\/61f37d9834294b72d31d274e7ed79bca\"},\"headline\":\"GERIYE KALAN\",\"datePublished\":\"2009-02-27T10:12:30+00:00\",\"mainEntityOfPage\":{\"@id\":\"https:\/\/narteks.net\/index.php\/2009\/02\/27\/geriye-kalan\/\"},\"wordCount\":97,\"commentCount\":0,\"publisher\":{\"@id\":\"https:\/\/narteks.net\/#organization\"},\"articleSection\":[\"Adnan Y\u00dcCEL\"],\"inLanguage\":\"tr\",\"potentialAction\":[{\"@type\":\"CommentAction\",\"name\":\"Comment\",\"target\":[\"https:\/\/narteks.net\/index.php\/2009\/02\/27\/geriye-kalan\/#respond\"]}]},{\"@type\":\"WebPage\",\"@id\":\"https:\/\/narteks.net\/index.php\/2009\/02\/27\/geriye-kalan\/\",\"url\":\"https:\/\/narteks.net\/index.php\/2009\/02\/27\/geriye-kalan\/\",\"name\":\"GERIYE KALAN - narteks.net\",\"isPartOf\":{\"@id\":\"https:\/\/narteks.net\/#website\"},\"datePublished\":\"2009-02-27T10:12:30+00:00\",\"breadcrumb\":{\"@id\":\"https:\/\/narteks.net\/index.php\/2009\/02\/27\/geriye-kalan\/#breadcrumb\"},\"inLanguage\":\"tr\",\"potentialAction\":[{\"@type\":\"ReadAction\",\"target\":[\"https:\/\/narteks.net\/index.php\/2009\/02\/27\/geriye-kalan\/\"]}]},{\"@type\":\"BreadcrumbList\",\"@id\":\"https:\/\/narteks.net\/index.php\/2009\/02\/27\/geriye-kalan\/#breadcrumb\",\"itemListElement\":[{\"@type\":\"ListItem\",\"position\":1,\"name\":\"Anasayfa\",\"item\":\"https:\/\/narteks.net\/\"},{\"@type\":\"ListItem\",\"position\":2,\"name\":\"GERIYE KALAN\"}]},{\"@type\":\"WebSite\",\"@id\":\"https:\/\/narteks.net\/#website\",\"url\":\"https:\/\/narteks.net\/\",\"name\":\"narteks.net\",\"description\":\"K\u00fclt\u00fcr Sanat Edebiyat Felsefe\",\"publisher\":{\"@id\":\"https:\/\/narteks.net\/#organization\"},\"alternateName\":\"K\u00fclt\u00fcr Sanat Edebiyat Felsefe\",\"potentialAction\":[{\"@type\":\"SearchAction\",\"target\":{\"@type\":\"EntryPoint\",\"urlTemplate\":\"https:\/\/narteks.net\/?s={search_term_string}\"},\"query-input\":{\"@type\":\"PropertyValueSpecification\",\"valueRequired\":true,\"valueName\":\"search_term_string\"}}],\"inLanguage\":\"tr\"},{\"@type\":\"Organization\",\"@id\":\"https:\/\/narteks.net\/#organization\",\"name\":\"narteks.net\",\"url\":\"https:\/\/narteks.net\/\",\"logo\":{\"@type\":\"ImageObject\",\"inLanguage\":\"tr\",\"@id\":\"https:\/\/narteks.net\/#\/schema\/logo\/image\/\",\"url\":\"https:\/\/narteks.net\/wp-content\/uploads\/narteks.png\",\"contentUrl\":\"https:\/\/narteks.net\/wp-content\/uploads\/narteks.png\",\"width\":300,\"height\":90,\"caption\":\"narteks.net\"},\"image\":{\"@id\":\"https:\/\/narteks.net\/#\/schema\/logo\/image\/\"},\"sameAs\":[\"https:\/\/x.com\/narteks\",\"https:\/\/instagram.com\/narteksnet\"]},{\"@type\":\"Person\",\"@id\":\"https:\/\/narteks.net\/#\/schema\/person\/61f37d9834294b72d31d274e7ed79bca\",\"name\":\"Tar\u0131k\",\"image\":{\"@type\":\"ImageObject\",\"inLanguage\":\"tr\",\"@id\":\"https:\/\/narteks.net\/#\/schema\/person\/image\/\",\"url\":\"https:\/\/secure.gravatar.com\/avatar\/50865afb55632c4ae467e0af0930f6510aa2297d8014be502a55b14f3b7550cf?s=96&d=mm&r=g\",\"contentUrl\":\"https:\/\/secure.gravatar.com\/avatar\/50865afb55632c4ae467e0af0930f6510aa2297d8014be502a55b14f3b7550cf?s=96&d=mm&r=g\",\"caption\":\"Tar\u0131k\"},\"sameAs\":[\"http:\/\/narteks.net\"],\"url\":\"https:\/\/narteks.net\/index.php\/author\/narbak\/\"}]}<\/script>\n<!-- \/ Yoast SEO Premium plugin. -->","yoast_head_json":{"title":"GERIYE KALAN - narteks.net","robots":{"index":"index","follow":"follow","max-snippet":"max-snippet:-1","max-image-preview":"max-image-preview:large","max-video-preview":"max-video-preview:-1"},"canonical":"https:\/\/narteks.net\/index.php\/2009\/02\/27\/geriye-kalan\/","og_locale":"tr_TR","og_type":"article","og_title":"GERIYE KALAN","og_description":"\u00a0 Neyi ya\u015f\u0131yoruz \u015fu anda Nelerle s\u0131\u011fm\u0131yoruz d\u00fcnyaya A\u015fktan \u00d6fkeye ge\u00e7iriyoruz birdenbire Sevin\u00e7ten \u00fcz\u00fcnt\u00fclere Durgunluktan co\u015fkulara ko\u015fuyoruz Co\u015fkulardan Mutsuzlu\u011fa g\u00f6m\u00fcl\u00fcyoruz sessizce Ve ya\u015f\u0131yoruz b\u00f6ylece her y\u0131l\u0131 Koskoca bitmez bir saniyede Bu \u00e7eli\u015fkili y\u00fcr\u00fcy\u00fc\u015fler i\u00e7inde Bizden ne kal\u0131r ki geriye Bir \u00f6lenle \u00f6lebilmek Bir g\u00fclenle g\u00fclebilmek Mutlulu\u011funa sevinmek insanl\u0131\u011f\u0131n Kan a\u011flamak \u00f6l\u00fcmlerine Ve Afrika&#8217;l\u0131 kapkara bir [&hellip;]","og_url":"https:\/\/narteks.net\/index.php\/2009\/02\/27\/geriye-kalan\/","og_site_name":"narteks.net","article_published_time":"2009-02-27T10:12:30+00:00","og_image":[{"width":300,"height":90,"url":"https:\/\/narteks.net\/wp-content\/uploads\/narteks.png","type":"image\/png"}],"author":"Tar\u0131k","twitter_card":"summary_large_image","twitter_creator":"@narteks","twitter_site":"@narteks","twitter_misc":{"Yazan:":"Tar\u0131k"},"schema":{"@context":"https:\/\/schema.org","@graph":[{"@type":"Article","@id":"https:\/\/narteks.net\/index.php\/2009\/02\/27\/geriye-kalan\/#article","isPartOf":{"@id":"https:\/\/narteks.net\/index.php\/2009\/02\/27\/geriye-kalan\/"},"author":{"name":"Tar\u0131k","@id":"https:\/\/narteks.net\/#\/schema\/person\/61f37d9834294b72d31d274e7ed79bca"},"headline":"GERIYE KALAN","datePublished":"2009-02-27T10:12:30+00:00","mainEntityOfPage":{"@id":"https:\/\/narteks.net\/index.php\/2009\/02\/27\/geriye-kalan\/"},"wordCount":97,"commentCount":0,"publisher":{"@id":"https:\/\/narteks.net\/#organization"},"articleSection":["Adnan Y\u00dcCEL"],"inLanguage":"tr","potentialAction":[{"@type":"CommentAction","name":"Comment","target":["https:\/\/narteks.net\/index.php\/2009\/02\/27\/geriye-kalan\/#respond"]}]},{"@type":"WebPage","@id":"https:\/\/narteks.net\/index.php\/2009\/02\/27\/geriye-kalan\/","url":"https:\/\/narteks.net\/index.php\/2009\/02\/27\/geriye-kalan\/","name":"GERIYE KALAN - narteks.net","isPartOf":{"@id":"https:\/\/narteks.net\/#website"},"datePublished":"2009-02-27T10:12:30+00:00","breadcrumb":{"@id":"https:\/\/narteks.net\/index.php\/2009\/02\/27\/geriye-kalan\/#breadcrumb"},"inLanguage":"tr","potentialAction":[{"@type":"ReadAction","target":["https:\/\/narteks.net\/index.php\/2009\/02\/27\/geriye-kalan\/"]}]},{"@type":"BreadcrumbList","@id":"https:\/\/narteks.net\/index.php\/2009\/02\/27\/geriye-kalan\/#breadcrumb","itemListElement":[{"@type":"ListItem","position":1,"name":"Anasayfa","item":"https:\/\/narteks.net\/"},{"@type":"ListItem","position":2,"name":"GERIYE KALAN"}]},{"@type":"WebSite","@id":"https:\/\/narteks.net\/#website","url":"https:\/\/narteks.net\/","name":"narteks.net","description":"K\u00fclt\u00fcr Sanat Edebiyat Felsefe","publisher":{"@id":"https:\/\/narteks.net\/#organization"},"alternateName":"K\u00fclt\u00fcr Sanat Edebiyat Felsefe","potentialAction":[{"@type":"SearchAction","target":{"@type":"EntryPoint","urlTemplate":"https:\/\/narteks.net\/?s={search_term_string}"},"query-input":{"@type":"PropertyValueSpecification","valueRequired":true,"valueName":"search_term_string"}}],"inLanguage":"tr"},{"@type":"Organization","@id":"https:\/\/narteks.net\/#organization","name":"narteks.net","url":"https:\/\/narteks.net\/","logo":{"@type":"ImageObject","inLanguage":"tr","@id":"https:\/\/narteks.net\/#\/schema\/logo\/image\/","url":"https:\/\/narteks.net\/wp-content\/uploads\/narteks.png","contentUrl":"https:\/\/narteks.net\/wp-content\/uploads\/narteks.png","width":300,"height":90,"caption":"narteks.net"},"image":{"@id":"https:\/\/narteks.net\/#\/schema\/logo\/image\/"},"sameAs":["https:\/\/x.com\/narteks","https:\/\/instagram.com\/narteksnet"]},{"@type":"Person","@id":"https:\/\/narteks.net\/#\/schema\/person\/61f37d9834294b72d31d274e7ed79bca","name":"Tar\u0131k","image":{"@type":"ImageObject","inLanguage":"tr","@id":"https:\/\/narteks.net\/#\/schema\/person\/image\/","url":"https:\/\/secure.gravatar.com\/avatar\/50865afb55632c4ae467e0af0930f6510aa2297d8014be502a55b14f3b7550cf?s=96&d=mm&r=g","contentUrl":"https:\/\/secure.gravatar.com\/avatar\/50865afb55632c4ae467e0af0930f6510aa2297d8014be502a55b14f3b7550cf?s=96&d=mm&r=g","caption":"Tar\u0131k"},"sameAs":["http:\/\/narteks.net"],"url":"https:\/\/narteks.net\/index.php\/author\/narbak\/"}]}},"_links":{"self":[{"href":"https:\/\/narteks.net\/index.php\/wp-json\/wp\/v2\/posts\/15","targetHints":{"allow":["GET"]}}],"collection":[{"href":"https:\/\/narteks.net\/index.php\/wp-json\/wp\/v2\/posts"}],"about":[{"href":"https:\/\/narteks.net\/index.php\/wp-json\/wp\/v2\/types\/post"}],"author":[{"embeddable":true,"href":"https:\/\/narteks.net\/index.php\/wp-json\/wp\/v2\/users\/1"}],"replies":[{"embeddable":true,"href":"https:\/\/narteks.net\/index.php\/wp-json\/wp\/v2\/comments?post=15"}],"version-history":[{"count":0,"href":"https:\/\/narteks.net\/index.php\/wp-json\/wp\/v2\/posts\/15\/revisions"}],"wp:attachment":[{"href":"https:\/\/narteks.net\/index.php\/wp-json\/wp\/v2\/media?parent=15"}],"wp:term":[{"taxonomy":"category","embeddable":true,"href":"https:\/\/narteks.net\/index.php\/wp-json\/wp\/v2\/categories?post=15"},{"taxonomy":"post_tag","embeddable":true,"href":"https:\/\/narteks.net\/index.php\/wp-json\/wp\/v2\/tags?post=15"}],"curies":[{"name":"wp","href":"https:\/\/api.w.org\/{rel}","templated":true}]}}