{"id":1500,"date":"2009-11-19T10:03:48","date_gmt":"2009-11-19T07:03:48","guid":{"rendered":"http:\/\/localhost\/wordpress\/2009\/11\/19\/da-vinci-biyografisi-ve-eserleri\/"},"modified":"2009-11-19T10:03:48","modified_gmt":"2009-11-19T07:03:48","slug":"da-vinci-biyografisi-ve-eserleri","status":"publish","type":"post","link":"https:\/\/narteks.net\/index.php\/2009\/11\/19\/da-vinci-biyografisi-ve-eserleri\/","title":{"rendered":"Da V\u0130NC\u0130 Biyografisi ve eserleri"},"content":{"rendered":"<p><img loading=\"lazy\" decoding=\"async\" src=\"http:\/\/upload.wikimedia.org\/wikipedia\/commons\/thumb\/b\/ba\/Leonardo_self.jpg\/220px-Leonardo_self.jpg\" border=\"0\" width=\"155\" height=\"205\" style=\"float: left;\" \/><\/p>\n<p style=\"text-align: justify;\"><strong>Leonardo di ser Piero da Vinci<\/strong>(d. 15 Nisan 1452 &#8211; \u00f6. 2 May\u0131s 1519) R\u00f6nesans d\u00f6nemi <span class=\"mw-redirect\">\u0130talyan<\/span> <span class=\"mw-redirect\">mimar\u0131<\/span>, <span class=\"mw-redirect\">m\u00fchendisi<\/span>, mucidi, matematik\u00e7isi, anatomisti, <span class=\"mw-redirect\">m\u00fczisyeni<\/span>, <span class=\"mw-redirect\">heykelt\u0131ra\u015f\u0131<\/span> ve <span class=\"mw-redirect\">ressam\u0131d\u0131r<\/span>. En tan\u0131nm\u0131\u015f yap\u0131tlar\u0131 Mona Lisa (1503 &#8211; 1507) ve Son Ak\u015fam Yeme\u011fi&#8217;dir (1495 &#8211; 1497). R\u00f6nesans sanat\u0131n\u0131 doru\u011funa ula\u015ft\u0131rm\u0131\u015f, yaln\u0131z sanat yap\u0131s\u0131na de\u011fil, \u00e7e\u015fitli alanlardaki ara\u015ft\u0131rmalar\u0131 ve bulu\u015flar\u0131yla da tan\u0131nan, d\u00fcnyan\u0131n gelmi\u015f ge\u00e7mi\u015f en b\u00fcy\u00fck sanat\u00e7\u0131lar\u0131ndan ve dehalar\u0131ndan biridir. 2. milenyumun adam\u0131 se\u00e7ilmi\u015ftir.<\/p>\n<p><strong><span id=\"Ya.C5.9Fam.C4.B1\" class=\"mw-headline\">Ya\u015fam\u0131<\/span><\/strong><span class=\"editsection\" style=\"font-size: x-small; font-weight: normal; float: none; margin-left: 0px;\"> <\/span><\/p>\n<p style=\"text-align: justify;\">Leonardo, gen\u00e7 bir noter olan Ser Piero da Vinci&#8217;nin ve muhtemelen bir \u00e7ift\u00e7i k\u0131z\u0131 olan <strong>Caterina&#8217;<\/strong>n\u0131n evlilik d\u0131\u015f\u0131 \u00e7ocu\u011fu olarak Vinci kasabas\u0131 yak\u0131nlar\u0131ndaki Anchiano&#8217;da d\u00fcnyaya geldi. Avrupa&#8217;daki modern isimlendirme kurallar\u0131n\u0131n yerle\u015fmesinden \u00f6nce d\u00fcnyaya tam ismi, &#8220;Vincili Piero&#8217;nun o\u011flu Leonardo&#8221; manas\u0131na gelen &#8220;Leonardo di Ser Piero da Vinci&#8221;dir. Eserlerini &#8220;Leonardo&#8221; ya da &#8220;Io, Leonardo (Ben, Leonardo)&#8221; olarak imzalam\u0131\u015ft\u0131r.<\/p>\n<p style=\"text-align: justify;\">Somut kan\u0131tlar bulunmasa da, Leonardo&#8217;nun annesi Caterina&#8217;n\u0131n, babas\u0131 Piero&#8217;ya ait Ortado\u011fulu bir k\u00f6le oldu\u011fu tahmin ediliyor. Babas\u0131, Leonardo\u2019nun do\u011fdu\u011fu y\u0131l, Albiera ad\u0131ndaki ilk e\u015fi ile evlendi<\/p>\n<p style=\"text-align: justify;\">Leonardo\u2019ya bebekli\u011finde annesi bakt\u0131, annesi ba\u015fka biriyle evlendirilerek kom\u015fu kasabaya yerle\u015fince, babas\u0131n\u0131n nadiren u\u011frad\u0131\u011f\u0131 b\u00fcy\u00fckbabas\u0131n\u0131n evinde ya\u015famaya ba\u015flad\u0131; arada s\u0131rada Floransa\u2019ya babas\u0131n\u0131n evine giderdi. Babas\u0131n\u0131n ilk e\u015finden \u00e7ocu\u011fu olmad\u0131\u011f\u0131 i\u00e7in aileye kabul edilmi\u015fti ama hi\u00e7bir zaman me\u015fru bir \u00e7ocuk olarak g\u00f6r\u00fclmedi ve amcas\u0131 Francesco d\u0131\u015f\u0131nda ailedeki kimseden sevgi g\u00f6rmedi.<\/p>\n<div class=\"thumb tleft\">\n<div class=\"thumbinner\" style=\"width: 152px;\"><span class=\"image\"><img loading=\"lazy\" decoding=\"async\" class=\"thumbimage\" src=\"http:\/\/upload.wikimedia.org\/wikipedia\/tr\/d\/d6\/Verrocchiok.jpg\" border=\"0\" width=\"150\" height=\"210\" \/><\/span><\/p>\n<div class=\"thumbcaption\">\n<div class=\"magnify\"><a class=\"internal\" href=\"http:\/\/tr.wikipedia.org\/wiki\/Dosya:Verrocchiok.jpg\" title=\"B\u00fcy\u00fct\"><br \/><\/a><\/div>\n<p>Leondardo&#8217;nun anatomi ve insan v\u00fccudu \u00fczerine e\u011fitimi \u00e7\u0131rakl\u0131k d\u00f6neminde ba\u015flad\u0131. \u00d6\u011fretmeni <strong>Andrea del Verrocchio<\/strong> \u00f6\u011frencilerinin anatomiyi kavramas\u0131nda \u0131srarl\u0131yd\u0131.<\/div>\n<\/div>\n<\/div>\n<p style=\"text-align: justify;\">14 ya\u015f\u0131na kadar Vinci\u2019de ya\u015fayan Leonardo, b\u00fcy\u00fckanne ve b\u00fcy\u00fckbabas\u0131n\u0131n ard\u0131 ard\u0131na \u00f6lmesi \u00fczerine 1466\u2019da babas\u0131 ile birlikte Floransa\u2019ya gitti. Evlilik d\u0131\u015f\u0131 \u00e7ocuklar\u0131n \u00fcniversiteye gitmesi yasak oldu\u011fundan \u00fcniversite \u00f6\u011frenimi g\u00f6rme \u015fans\u0131 yoktu. K\u00fc\u00e7\u00fck ya\u015ftan itibaren \u00e7ok g\u00fczel \u00e7izimler yapan Leonardo\u2019nun resimlerini babas\u0131, d\u00f6nemin \u00fcnl\u00fc ressam ve heykelt\u0131ra\u015f\u0131 Andrea del Verrocchio&#8217;ya g\u00f6sterince, Verrochio onu \u00e7\u0131rak olarak yan\u0131na ald\u0131. Leonardo Verrocchio&#8217;nun yan\u0131nda Lorenzo di Credi ve Pietro Perugino gibi \u00fcnl\u00fc sanat\u00e7\u0131larla \u00e7al\u0131\u015fma f\u0131rsat\u0131 buldu. At\u00f6lyede sadece resim yapmay\u0131 de\u011fil, lir \u00e7almay\u0131 da \u00f6\u011frendi. Ger\u00e7ekten de iyi \u00e7al\u0131yordu.<\/p>\n<p style=\"text-align: justify;\">Floransa\u2019y\u0131 1482\u2019de terkederek <strong>Milano D\u00fck\u00fc Sforza<\/strong>\u2019n\u0131n hizmetine girdi. D\u00fck\u00fcn hizmetine girebilmek i\u00e7in k\u00f6pr\u00fcler, silahlar, gemiler, bronz, mermer ve kilden heykeller yapabilece\u011fini anlatt\u0131\u011f\u0131 ancak g\u00f6ndermedi\u011fi mektubu b\u00fct\u00fcn zamanlar\u0131n en ola\u011fan\u00fcst\u00fc i\u015f ba\u015fvurusu olarak kabul edilmi\u015ftir.<\/p>\n<p style=\"text-align: justify;\">Leonardo, 1499\u2019da \u015fehir Frans\u0131zlar taraf\u0131ndan al\u0131n\u0131ncaya kadar 17 y\u0131l boyunca Milano D\u00fck\u00fc i\u00e7in \u00e7al\u0131\u015ft\u0131. D\u00fck i\u00e7in sadece resim ve heykeller yapmak, festivaller organize etmekle u\u011fra\u015fmad\u0131, ayn\u0131 zamanda bina, makine ve silah tasar\u0131mlar\u0131 yapt\u0131. 1485 &#8211; 1490 y\u0131llar\u0131nda do\u011fa, mekanik, geometri, u\u00e7an makinelerin yan\u0131s\u0131ra, <span class=\"mw-redirect\">kilise<\/span>, kale ve kanal yap\u0131m\u0131 gibi mimari yap\u0131lar ile ilgilendi, anatomi \u00e7al\u0131\u015fmalar\u0131 yapt\u0131, \u00f6\u011frenciler yeti\u015ftirdi. \u0130lgi alan\u0131 o kadar geni\u015fti ki, ba\u015flad\u0131\u011f\u0131 \u00e7o\u011fu i\u015fi bitiremiyordu. 1490 &#8211; 1495 y\u0131llar\u0131nda \u00e7al\u0131\u015fmalar\u0131n\u0131 ve \u00e7izimlerini deftere kaydetme al\u0131\u015fkanl\u0131\u011f\u0131 geli\u015ftirdi. Bu \u00e7izimler ve defter sayfalar\u0131, m\u00fczeler ve ki\u015fisel koleksiyonlarda toplanm\u0131\u015ft\u0131r. Bu koleksiyonculardan birisi de Leonardo\u2019nun hidrolik alan\u0131ndaki \u00e7al\u0131\u015fmalar\u0131n\u0131n el yazmalar\u0131n\u0131 toplayan Bill Gates\u2019dir.<\/p>\n<p style=\"text-align: justify;\">1499\u2019da Milano&#8217;yu terkeden ve yeni bir koruyucu (<em>hami<\/em>) aramaya ba\u015flayan Leonardo, 16 y\u0131l boyunca \u0130talya\u2019da seyahat etti. Pek \u00e7ok ki\u015fi i\u00e7in \u00e7al\u0131\u015ft\u0131, \u00e7o\u011fu eserini yar\u0131m b\u0131rakt\u0131.<\/p>\n<p style=\"text-align: justify;\">\u0130nsanl\u0131k tarihinin en iyi resimlerinden birisi kabul edilen <strong>Mona Lisa<\/strong> i\u00e7in 1503\u2019te \u00e7al\u0131\u015fmaya ba\u015flad\u0131\u011f\u0131 s\u00f6ylenir. Bu resmi tamamlad\u0131ktan sonra hi\u00e7 yan\u0131ndan ay\u0131rmam\u0131\u015f, t\u00fcm seyahatlerinde yan\u0131nda ta\u015f\u0131m\u0131\u015ft\u0131. 1504\u2019te babas\u0131n\u0131n \u00f6l\u00fcm haberi \u00fczerine Floransa\u2019ya d\u00f6nd\u00fc. Miras hakk\u0131 i\u00e7in karde\u015fleri ile m\u00fccadele etti ancak \u00e7abas\u0131 sonu\u00e7suz kald\u0131. Ancak \u00e7ok sevdi\u011fi amcas\u0131 t\u00fcm varl\u0131\u011f\u0131n\u0131 ona b\u0131rakt\u0131.<\/p>\n<p style=\"text-align: justify;\">1506 y\u0131l\u0131nda Leonardo, bir Lombardiya aristokrat\u0131n\u0131n 15 ya\u015f\u0131ndaki o\u011flu olan <strong>Kont Francesco Melzi&#8217;<\/strong>yle tan\u0131\u015ft\u0131. Melzi, hayat\u0131n\u0131n geri kalan\u0131nda onun en iyi \u00f6\u011frencisi ve en yak\u0131n\u0131 oldu. 1490\u2019da 10 ya\u015f\u0131nda iken korumas\u0131na ald\u0131\u011f\u0131 ve <strong>Salai<\/strong> ad\u0131n\u0131 verdi\u011fi gen\u00e7 de 30 y\u0131l boyunca onunla beraber olmu\u015f, ancak \u00f6\u011frencisi olarak bilinen bu gen\u00e7 hi\u00e7bir sanatsal \u00fcr\u00fcn \u00fcretmemi\u015fti.<\/p>\n<p style=\"text-align: justify;\">1513 &#8211; 1516 aras\u0131nda Roma\u2019da ya\u015fad\u0131 ve Papa i\u00e7in geli\u015ftirilen \u00e7e\u015fitli projelerde yer ald\u0131. Anatomi ve fizyoloji alan\u0131nda \u00e7al\u0131\u015fmaya devam etti ancak Papa, <span class=\"new\">kadavralar<\/span> \u00fczerinde \u00e7al\u0131\u015fmas\u0131n\u0131 yasaklad\u0131.<\/p>\n<div class=\"thumb tright\">\n<div class=\"thumbinner\" style=\"width: 252px;\"><span class=\"image\"><img loading=\"lazy\" decoding=\"async\" class=\"thumbimage\" src=\"http:\/\/upload.wikimedia.org\/wikipedia\/commons\/thumb\/e\/e3\/IngresDeathOfDaVinci.jpg\/250px-IngresDeathOfDaVinci.jpg\" border=\"0\" width=\"250\" height=\"196\" \/><\/span><\/p>\n<div class=\"thumbcaption\">\n<div class=\"magnify\"><a class=\"internal\" href=\"http:\/\/tr.wikipedia.org\/wiki\/Dosya:IngresDeathOfDaVinci.jpg\" title=\"B\u00fcy\u00fct\"><br \/><\/a><\/div>\n<p>Leonardo da Vinci&#8217;nin \u00f6l\u00fcm\u00fc (Jean Auguste Dominique Ingres, 1818)<\/p><\/div>\n<\/div>\n<\/div>\n<p style=\"text-align: justify;\">1516\u2019da koruyucusu <span class=\"new\">Giuliano de&#8217; Medici<\/span>\u2019nin \u00f6l\u00fcm\u00fc \u00fczerine Kral 1. Francis\u2019ten Fransa\u2019n\u0131n ba\u015f ressam, m\u00fchendis ve mimar\u0131 olmak \u00fczere davet ald\u0131. Paris\u2019in g\u00fcneybat\u0131s\u0131nda, Amboise yak\u0131nlar\u0131ndaki Kraliyet Saray\u0131\u2019n\u0131n hemen yan\u0131nda kendisi i\u00e7in haz\u0131rlanan kona\u011fa yerle\u015fti. Leonardo&#8217;ya b\u00fcy\u00fck hayranl\u0131k duyan kral, s\u0131k s\u0131k ziyarete gelir ve sohbet ederdi.<\/p>\n<p style=\"text-align: justify;\">Sa\u011f koluna fel\u00e7 inen Leonardo da Vinci, resimden \u00e7ok bilimsel \u00e7al\u0131\u015fmalara a\u011f\u0131rl\u0131k verdi. Kendisine dostu Melzi yard\u0131mc\u0131 olmaktayd\u0131. Salai ise Fransa\u2019ya geldikten sonra onu terketmi\u015fti.<\/p>\n<p><strong><span id=\".C3.96l.C3.BCm.C3.BC\" class=\"mw-headline\">\u00d6l\u00fcm\u00fc<\/span><\/strong><span class=\"editsection\" style=\"font-size: x-small; font-weight: normal; float: none; margin-left: 0px;\"> <\/span><\/p>\n<p style=\"text-align: justify;\">Leonardo 2 May\u0131s 1519\u2019da Amboise\u2019daki evinde 67 ya\u015f\u0131nda \u00f6ld\u00fc. Kral\u0131n kollar\u0131nda can verdi\u011fi rivayet edilir, ancak, 1 May\u0131s g\u00fcn\u00fc kral\u0131n bir ba\u015fka \u015fehirde oldu\u011fu ve bir g\u00fcn i\u00e7inde oraya gelemeyece\u011fi bilinmektedir. Vasiyetinde miras\u0131n\u0131n esas b\u00f6l\u00fcm\u00fcn\u00fc Melzi\u2019ye b\u0131rakt\u0131. <span class=\"new\">Amboise<\/span>&#8216;daki <strong>Saint Florentin Kilisesi<\/strong>\u2019nde topra\u011fa verildi.<\/p>\n<p><strong><span id=\".C3.96zel_hayat.C4.B1\" class=\"mw-headline\">\u00d6zel hayat\u0131<\/span><\/strong><span class=\"editsection\" style=\"font-size: x-small; font-weight: normal; float: none; margin-left: 0px;\"> <\/span><\/p>\n<p style=\"text-align: justify;\">Fiziksel temastan ho\u015flanmad\u0131\u011f\u0131 iddia edilir: \u201c\u00dcreme faaliyeti ve bununla ba\u011flant\u0131l\u0131 olan her \u015fey o kadar i\u011fren\u00e7tir ki insanlar ho\u015f y\u00fczler ve duygusal e\u011filimler de olmasa k\u0131sa s\u00fcrede yok olacakt\u0131r\u201d s\u00f6z\u00fc daha sonra Sigmund Freud taraf\u0131ndan analiz edilmi\u015f ve Freud, Leonardo\u2019nun frijit oldu\u011funa h\u00fckmetmi\u015ftir.<\/p>\n<p style=\"text-align: justify;\">1476 y\u0131l\u0131nda, sevgilisi Verrocchio ile birlikte ya\u015farken 17 ya\u015f\u0131ndaki model Jacopo Saltarelli ile <span class=\"new\">sodomist<\/span> ili\u015fki kurdu\u011fu gerek\u00e7esiyle ad\u0131 bilinmeyen bir ki\u015fi taraf\u0131ndan su\u00e7lanm\u0131\u015ft\u0131r. \u0130ki ay s\u00fcren soru\u015fturma sonucu, Leonardo\u2019nun babas\u0131n\u0131n sayg\u0131n konumuna da ba\u011fl\u0131 olarak hi\u00e7 \u015fahit bulunamamas\u0131 nedeniyle dava d\u00fc\u015fm\u00fc\u015ft\u00fcr.\u00a0 Bu olay\u0131n ard\u0131ndan Leonardo ve arkada\u015flar\u0131 Floransa\u2019daki \u201c<span class=\"new\">Gecenin Bek\u00e7ileri<\/span>\u201d isimli \u00f6rg\u00fct taraf\u0131ndan bir s\u00fcre takip edilmi\u015ftir. (Gecenin Bek\u00e7ileri&#8217;nin \u0130talya\u2019da R\u00f6nesans d\u00f6neminde kurulan ve sodomizmin bast\u0131r\u0131lmas\u0131na y\u00f6nelik faaliyet g\u00f6steren bir \u00f6rg\u00fct oldu\u011fu Podesta\u2019n\u0131n yasal kay\u0131tlar\u0131nda da yer almaktad\u0131r)<\/p>\n<div class=\"thumb tleft\">\n<div class=\"thumbinner\" style=\"width: 182px;\"><span class=\"image\"><img loading=\"lazy\" decoding=\"async\" class=\"thumbimage\" src=\"http:\/\/upload.wikimedia.org\/wikipedia\/commons\/thumb\/9\/92\/Gian_Giacomo_Caprotti_-_Salai.jpg\/180px-Gian_Giacomo_Caprotti_-_Salai.jpg\" border=\"0\" width=\"180\" height=\"234\" \/><\/span><\/p>\n<div class=\"thumbcaption\">\n<div class=\"magnify\"><a class=\"internal\" href=\"http:\/\/tr.wikipedia.org\/wiki\/Dosya:Gian_Giacomo_Caprotti_-_Salai.jpg\" title=\"B\u00fcy\u00fct\"><br \/><\/a><\/div>\n<p>Leonardo&#8217;nun hizmet\u00e7isi ve asistan\u0131 <strong>Gian Giacomo Caprotti da Oreno<\/strong>&#8216;nun anonim bir ressam taraf\u0131ndan \u00e7izilmi\u015f portresi (1505 dolaylar\u0131nda)<\/div>\n<\/div>\n<\/div>\n<p style=\"text-align: justify;\">\u201cSalai\u201d veya \u201cil Salaino\u201d takma adlar\u0131yla da bilinen <span class=\"new\">Gian Giacomo Caprotti da Oreno<\/span> Giorgio Vasari taraf\u0131ndan \u201cLeonardo\u2019nun b\u00fcy\u00fck keyif ald\u0131\u011f\u0131 harika k\u0131v\u0131rc\u0131k sa\u00e7lar\u0131 olan \u0131\u015f\u0131lt\u0131l\u0131 ve g\u00fczel gen\u00e7\u201d olarak tan\u0131mlanm\u0131\u015ft\u0131r. Il Salaino, 1490 y\u0131l\u0131nda hen\u00fcz 10 ya\u015f\u0131ndayken Leonardo\u2019nun evinde hizmet\u00e7ili\u011fe ba\u015flam\u0131\u015ft\u0131r. Leonardo ve il Saliano aras\u0131ndaki ili\u015fki \u201ckolay\u201d olarak de\u011ferlendirilmez. 1491 y\u0131l\u0131nda Leonardo il Salaino\u2019yu \u201ch\u0131rs\u0131z, yalanc\u0131, inat\u00e7\u0131 ve pisbo\u011faz\u201d olarak nitelendirmi\u015f ve onun i\u00e7in \u201cK\u00fc\u00e7\u00fck \u015eeytan\u201d benzetmesini yapm\u0131\u015ft\u0131r. Yine de, il Salaino 30 y\u0131l boyunca yolda\u015f\u0131, hizmet\u00e7isi ve asistan\u0131 olarak Leonardo\u2019nun hizmetinde kalm\u0131\u015ft\u0131r. Leonardo, il Salaino&#8217;yu &#8220;K\u00fc\u00e7\u00fck \u015eeytan&#8221; olarak \u00e7a\u011f\u0131rmaya devam etmi\u015ftir. Leonardo\u2019nun sanat\u00e7\u0131 defterlerinde \u00e7\u0131plak olarak \u00e7izilen il Salaino yak\u0131\u015f\u0131kl\u0131 ve k\u0131v\u0131rc\u0131k sa\u00e7l\u0131 bir ergen olarak tasvir edilir. Baz\u0131 arait\u0131rmac\u0131lar, il Salaino&#8217;nun Vitruvius Adam\u0131 oldu\u011funu ileri s\u00fcrer.<\/p>\n<p style=\"text-align: justify;\">1506 y\u0131l\u0131nda Leonardo, 15 ya\u015f\u0131ndaki Kont Francesco Melzi ile tan\u0131\u015fm\u0131\u015ft\u0131r. Melzi, Leonardo\u2019nun kendisine kar\u015f\u0131 hislerini bir mektubunda \u201ca sviscerato et ardentissimo amore\u201d (\u00e7ok ihtirasl\u0131 ve fazlas\u0131yla yak\u0131c\u0131 a\u015fk) olarak nitelendirmi\u015ftir. il Salaino bu y\u0131llarda Melzi\u2019nin s\u00fcrekli olarak Leonardo\u2019nun yan\u0131nda olmas\u0131n\u0131 kabullenmek zorunda kalm\u0131\u015ft\u0131r. Melzi, Leonardo\u2019nun \u00f6nce \u00f6\u011frencisi sonra da hayat arkada\u015f\u0131 olmu\u015ftur. Ayr\u0131ca, Leonardo Da Vinci&#8217;nin; Fransa&#8217;n\u0131n, kurulu\u015fu \u00e7ok eskilere dayanan (1099 M.S.) Sion Tarikat\u0131&#8217;na 1510-1519 y\u0131llar\u0131 aras\u0131nda \u00fcstatl\u0131k (Ba\u015fkanl\u0131k) yapt\u0131\u011f\u0131 bilinmektedir.<\/p>\n<p style=\"text-align: justify;\">Her iki ili\u015fki de Leonardo\u2019nun zaman\u0131nda Floransa\u2019da yayg\u0131n olan erotik usta-\u00e7\u0131rak ili\u015fkisine bir \u00f6rnektir. Bu iki ili\u015fkisinin yan\u0131s\u0131ra Leonardo\u2019nun Cesare Borgia ve Niccol\u00f2 Machiavelli ile de \u201cdostluktan \u00f6te\u201d bir ili\u015fki ya\u015fad\u0131\u011f\u0131 iddia edilmektedir.<\/p>\n<p style=\"text-align: justify;\">Leonardo\u2019nun gen\u00e7 erkeklere olan ilgisi 16. y\u00fczy\u0131lda da tart\u0131\u015fma konusu olmu\u015ftur. 1563\u2019te <span class=\"new\">Gian Paolo Lomazzo<\/span> taraf\u0131ndan yaz\u0131lan \u201cIl Libro dei Sogni\u201dde (D\u00fc\u015fler Kitab\u0131) yer alan \u201cl\u2019amore masculino\u201ddaki (erkek a\u015fk\u0131) kurmaca bir diyalogda, Leonardo ba\u015fkahramanlardan biri olarak yer alm\u0131\u015f ve \u201cBiliniz ki erkekler aras\u0131ndaki a\u015fk \u00e7e\u015fitli arkada\u015fl\u0131k duygular\u0131yla erkekleri biraraya getiren bir erdemdir. Bu durum onlar\u0131 daha erkeksi ve y\u00fcrekli h\u00e2le getirir\u201d s\u00f6z\u00fc Leonardo\u2019nun a\u011fz\u0131ndan verilmi\u015ftir.<\/p>\n<p style=\"text-align: justify;\">Leonardo\u2019nun \u00e7al\u0131\u015fmalar\u0131ndan ve biyografisini yazan erken d\u00f6nem yazarlardan anla\u015f\u0131ld\u0131\u011f\u0131 \u00fczere Leonardo d\u00fcr\u00fcst ve ahlaki konularda duyarl\u0131 bir ki\u015fiydi. Hayata duydu\u011fu sayg\u0131 onun en az\u0131ndan ya\u015fam\u0131n\u0131n bir evresinde vejeteryan oldu\u011funu g\u00f6stermektedir<\/p>\n<p style=\"text-align: justify;\"><span id=\".C4.B0lk_.C3.B6.C4.9Frenim_Y.C4.B1llar.C4.B1\" class=\"mw-headline\">\u0130lk \u00f6\u011frenim Y\u0131llar\u0131<\/span><span class=\"editsection\" style=\"font-size: x-small; font-weight: normal; float: none; margin-left: 0px;\"> <\/span><\/p>\n<p style=\"text-align: justify;\">Leonardo Da Vinci,ilk \u00f6\u011frenim y\u0131llar\u0131nda aritmetik ve geometride \u00f6\u011fretmenlerinin sordu\u011fu sorularla \u015fa\u015f\u0131rtacak kadar \u00e7abuk ilerledi.Keskin zekas\u0131 ve yetenekleriyle k\u00fc\u00e7\u00fck ya\u015flarda bile dikkat \u00e7ekiyordu.M\u00fczikle de ilgileniyor ve olduk\u00e7a iyi bir \u015fekilde Lut \u00e7al\u0131yordu.Fakat \u00e7ocukluk y\u0131llar\u0131nda en g\u00f6zde u\u011fra\u015f\u0131 resimdi.Babas\u0131da bunu farkedince,onu Flosan \u0131n en \u00f6nemli atolyelerinden birine verdi.<\/p>\n<p style=\"text-align: justify;\"><strong><span id=\".C4.B0nsan_v.C3.BCcudu_i.C3.A7in_yapt.C4.B1.C4.9F.C4.B1_yenilikler\" class=\"mw-headline\">\u0130nsan v\u00fccudu i\u00e7in yapt\u0131\u011f\u0131 yenilikler<\/span><\/strong><span class=\"editsection\" style=\"font-size: x-small; font-weight: normal; float: none; margin-left: 0px;\"> <\/span><\/p>\n<div class=\"thumb tright\">\n<div class=\"thumbinner\" style=\"width: 182px;\"><span class=\"image\"><img loading=\"lazy\" decoding=\"async\" class=\"thumbimage\" src=\"http:\/\/upload.wikimedia.org\/wikipedia\/commons\/thumb\/b\/ba\/Studies_of_the_Arm_showing_the_Movements_made_by_the_Biceps.jpg\/180px-Studies_of_the_Arm_showing_the_Movements_made_by_the_Biceps.jpg\" border=\"0\" width=\"180\" height=\"262\" \/><\/span><\/p>\n<div class=\"thumbcaption\">\n<div class=\"magnify\"><a class=\"internal\" href=\"http:\/\/tr.wikipedia.org\/wiki\/Dosya:Studies_of_the_Arm_showing_the_Movements_made_by_the_Biceps.jpg\" title=\"B\u00fcy\u00fct\"><br \/><\/a><\/div>\n<p>Koldaki kaslar\u0131n hareketini g\u00f6steren anatomik \u00e7al\u0131\u015fmas\u0131 (1510 dolaylar\u0131nda)<\/p><\/div>\n<\/div>\n<\/div>\n<p style=\"text-align: justify;\">Leonardo&#8217;nun insan v\u00fccuduna ilgisinin temelini, fig\u00fcr eskizleri i\u00e7in incelemeler olu\u015fturur. \u0130nsan\u0131 olabildi\u011fince canl\u0131 ve t\u00fcm hareketleri ger\u00e7e\u011fe en yak\u0131n \u015fekilde \u00e7izmek i\u00e7in d\u0131\u015f g\u00f6zlemleri yeterli g\u00f6rmemi\u015f, v\u00fccudun i\u00e7ini de g\u00f6rmek, <span class=\"mw-redirect\">kemiklerin<\/span>, kaslar\u0131n ve eklemlerin birbirleriyle ili\u015fkilerini kavramak istemi\u015ftir. Anatomi ara\u015ft\u0131rmalar\u0131, giderek daha, \u00e7ok zaman ay\u0131rd\u0131\u011f\u0131 ba\u015fl\u0131 ba\u015f\u0131na bir ilgi alan\u0131 haline gelmi\u015ftir. \u0130nsan organizmas\u0131na, \u00e7al\u0131\u015fma prensiplerini merak etti\u011fi m\u00fckemmel bir makine olarak yakla\u015fm\u0131\u015ft\u0131r. O d\u00f6nemin t\u0131p bilimine temel olu\u015fturan antik \u00e7a\u011f hekimi Galen\u2019in metinleri, merak\u0131n\u0131 ancak k\u0131smen giderebilmi\u015fti. Akl\u0131na gelen her soruyu sormaya ba\u015flam\u0131\u015ft\u0131.<\/p>\n<p style=\"text-align: justify;\">Leonardo, g\u00f6rd\u00fcklerini \u00e7izerek a\u00e7\u0131kl\u0131\u011fa kavu\u015fturuyordu. Kesitlerle, ayr\u0131nt\u0131l\u0131 g\u00f6r\u00fcn\u00fc\u015flerle ve farkl\u0131 a\u00e7\u0131lardan yapt\u0131\u011f\u0131 \u00e7izimlerle anatominin detaylar\u0131n\u0131 ortaya \u00e7\u0131kar\u0131yordu. \u00c7izimleri, baz\u0131 detaylardaki yanl\u0131\u015fl\u0131klara kar\u015f\u0131n son derece nettir. Anne karn\u0131ndaki bebek \u00e7izimi i\u00e7in bir insan kadavras\u0131na disseksiyon yapmam\u0131\u015f, inekleri inceleyip, oradan elde etti\u011fi sonu\u00e7lar\u0131 insan anatomisine uyarlam\u0131\u015ft\u0131. Papa, Leonardo\u2019nun insan kadavralar\u0131 \u00fczerinde disseksiyon yapmas\u0131n\u0131 yasaklad\u0131\u011f\u0131nda, dola\u015f\u0131m sistemi \u00fczerine yapt\u0131\u011f\u0131 ara\u015ft\u0131rmay\u0131 devam ettirebilmek i\u00e7in s\u0131\u011f\u0131r kalpleri kullanm\u0131\u015ft\u0131.<\/p>\n<p><strong><span id=\"Resim_galerisi\" class=\"mw-headline\">Resim galerisi<\/span><\/strong><span class=\"editsection\" style=\"font-size: x-small; font-weight: normal; float: none; margin-left: 0px;\"> <\/span><\/p>\n<table class=\"gallery\" border=\"0\" cellspacing=\"0\" cellpadding=\"0\">\n<tbody>\n<tr>\n<td>\n<div class=\"gallerybox\" style=\"width: 155px;\">\n<div class=\"thumb\" style=\"padding: 13px 0pt; width: 150px;\">\n<div style=\"margin-left: auto; margin-right: auto; width: 120px;\"><span class=\"image\"><img loading=\"lazy\" decoding=\"async\" src=\"http:\/\/upload.wikimedia.org\/wikipedia\/commons\/thumb\/6\/6a\/Mona_Lisa.jpg\/79px-Mona_Lisa.jpg\" border=\"0\" width=\"79\" height=\"120\" \/><\/span><\/div>\n<\/div>\n<div class=\"gallerytext\">\n<p><em>Mona Lisa<\/em><\/p>\n<\/div>\n<\/div>\n<\/td>\n<td>\n<div class=\"gallerybox\" style=\"width: 155px;\">\n<div class=\"thumb\" style=\"padding: 13px 0pt; width: 150px;\">\n<div style=\"margin-left: auto; margin-right: auto; width: 120px;\"><span class=\"image\"><img loading=\"lazy\" decoding=\"async\" src=\"http:\/\/upload.wikimedia.org\/wikipedia\/commons\/thumb\/5\/5f\/MonaLisa_sfumato.jpeg\/105px-MonaLisa_sfumato.jpeg\" border=\"0\" width=\"105\" height=\"120\" \/><\/span><\/div>\n<\/div>\n<div class=\"gallerytext\">\n<p><em>Mona Lisa<\/em> yak\u0131ndan<\/p>\n<\/div>\n<\/div>\n<\/td>\n<td>\n<div class=\"gallerybox\" style=\"width: 155px;\">\n<div class=\"thumb\" style=\"padding: 13px 0pt; width: 150px;\">\n<div style=\"margin-left: auto; margin-right: auto; width: 120px;\"><span class=\"image\"><img loading=\"lazy\" decoding=\"async\" src=\"http:\/\/upload.wikimedia.org\/wikipedia\/commons\/thumb\/9\/99\/Leonardo_da_Vinci_020.jpg\/81px-Leonardo_da_Vinci_020.jpg\" border=\"0\" width=\"81\" height=\"120\" \/><\/span><\/div>\n<\/div>\n<div class=\"gallerytext\">\n<p><em>The Virgin and Child with St. Anne<\/em><\/p>\n<\/div>\n<\/div>\n<\/td>\n<td>\n<div class=\"gallerybox\" style=\"width: 155px;\">\n<div class=\"thumb\" style=\"padding: 13px 0pt; width: 150px;\">\n<div style=\"margin-left: auto; margin-right: auto; width: 120px;\"><span class=\"image\"><img loading=\"lazy\" decoding=\"async\" src=\"http:\/\/upload.wikimedia.org\/wikipedia\/commons\/thumb\/3\/39\/Leonardo_da_Vinci_025.jpg\/88px-Leonardo_da_Vinci_025.jpg\" border=\"0\" width=\"88\" height=\"119\" \/><\/span><\/div>\n<\/div>\n<div class=\"gallerytext\">\n<p><em>Vaftizci Yahya<\/em><\/p>\n<\/div>\n<\/div>\n<\/td>\n<td>\n<div class=\"gallerybox\" style=\"width: 155px;\">\n<div class=\"thumb\" style=\"padding: 47px 0pt; width: 150px;\">\n<div style=\"margin-left: auto; margin-right: auto; width: 120px;\"><span class=\"image\"><img loading=\"lazy\" decoding=\"async\" src=\"http:\/\/upload.wikimedia.org\/wikipedia\/commons\/thumb\/6\/6b\/Da_Vinci_The_Annunciation.jpg\/120px-Da_Vinci_The_Annunciation.jpg\" border=\"0\" width=\"120\" height=\"52\" \/><\/span><\/div>\n<\/div>\n<div class=\"gallerytext\">\n<p><em>Be\u015faret<\/em><\/p>\n<\/div>\n<\/div>\n<\/td>\n<td>\n<div class=\"gallerybox\" style=\"width: 155px;\">\n<div class=\"thumb\" style=\"padding: 15px 0pt; width: 150px;\">\n<div style=\"margin-left: auto; margin-right: auto; width: 120px;\"><span class=\"image\"><img loading=\"lazy\" decoding=\"async\" src=\"http:\/\/upload.wikimedia.org\/wikipedia\/commons\/thumb\/9\/98\/Leonardo_da_Vinci_Adoration_of_the_Magi.jpg\/120px-Leonardo_da_Vinci_Adoration_of_the_Magi.jpg\" border=\"0\" width=\"120\" height=\"116\" \/><\/span><\/div>\n<\/div>\n<div class=\"gallerytext\">\n<p><em>M\u00fcneccimlerin Tap\u0131n\u0131\u015f\u0131<\/em><\/p>\n<\/div>\n<\/div>\n<\/td>\n<\/tr>\n<tr>\n<td>\n<div class=\"gallerybox\" style=\"width: 155px;\">\n<div class=\"thumb\" style=\"padding: 13px 0pt; width: 150px;\">\n<div style=\"margin-left: auto; margin-right: auto; width: 120px;\"><span class=\"image\"><img loading=\"lazy\" decoding=\"async\" src=\"http:\/\/upload.wikimedia.org\/wikipedia\/commons\/thumb\/e\/e1\/The_Lady_with_an_Ermine.jpg\/88px-The_Lady_with_an_Ermine.jpg\" border=\"0\" width=\"88\" height=\"120\" \/><\/span><\/div>\n<\/div>\n<div class=\"gallerytext\">\n<p><em>The Lady with an Ermine<\/em><\/p>\n<\/div>\n<\/div>\n<\/td>\n<td>\n<div class=\"gallerybox\" style=\"width: 155px;\">\n<div class=\"thumb\" style=\"padding: 13px 0pt; width: 150px;\">\n<div style=\"margin-left: auto; margin-right: auto; width: 120px;\"><span class=\"image\"><img loading=\"lazy\" decoding=\"async\" src=\"http:\/\/upload.wikimedia.org\/wikipedia\/commons\/thumb\/c\/c6\/Bacchus_%28painting%29.jpg\/78px-Bacchus_%28painting%29.jpg\" border=\"0\" width=\"78\" height=\"120\" \/><\/span><\/div>\n<\/div>\n<div class=\"gallerytext\">\n<p><em><span class=\"mw-redirect\">Bacchus<\/span><\/em><\/p>\n<\/div>\n<\/div>\n<\/td>\n<td>\n<div class=\"gallerybox\" style=\"width: 155px;\">\n<div class=\"thumb\" style=\"padding: 42px 0pt; width: 150px;\">\n<div style=\"margin-left: auto; margin-right: auto; width: 120px;\"><span class=\"image\"><img loading=\"lazy\" decoding=\"async\" src=\"http:\/\/upload.wikimedia.org\/wikipedia\/commons\/thumb\/0\/08\/Leonardo_da_Vinci_%281452-1519%29_-_The_Last_Supper_%281495-1498%29.jpg\/120px-Leonardo_da_Vinci_%281452-1519%29_-_The_Last_Supper_%281495-1498%29.jpg\" border=\"0\" width=\"120\" height=\"61\" \/><\/span><\/div>\n<\/div>\n<div class=\"gallerytext\">\n<p><em><span class=\"mw-redirect\">Son Ak\u015fam Yeme\u011fi<\/span><\/em><\/p>\n<\/div>\n<\/div>\n<\/td>\n<td>\n<div class=\"gallerybox\" style=\"width: 155px;\">\n<div class=\"thumb\" style=\"padding: 13px 0pt; width: 150px;\">\n<div style=\"margin-left: auto; margin-right: auto; width: 120px;\"><span class=\"image\"><img loading=\"lazy\" decoding=\"async\" src=\"http:\/\/upload.wikimedia.org\/wikipedia\/commons\/thumb\/4\/4a\/Leonardo_study_Christ_lastsupper.JPG\/97px-Leonardo_study_Christ_lastsupper.JPG\" border=\"0\" width=\"97\" height=\"120\" \/><\/span><\/div>\n<\/div>\n<div class=\"gallerytext\">\n<p><em><span class=\"mw-redirect\">Son Ak\u015fam Yeme\u011fi<\/span><\/em>&#8216;ndeki \u0130sa&#8217;n\u0131n ba\u015f\u0131 \u00e7al\u0131\u015fmas\u0131<\/p>\n<\/div>\n<\/div>\n<\/td>\n<td>\n<div class=\"gallerybox\" style=\"width: 155px;\">\n<div class=\"thumb\" style=\"padding: 13px 0pt; width: 150px;\">\n<div style=\"margin-left: auto; margin-right: auto; width: 120px;\"><span class=\"image\"><img loading=\"lazy\" decoding=\"async\" src=\"http:\/\/upload.wikimedia.org\/wikipedia\/commons\/thumb\/2\/22\/Da_Vinci_Vitruve_Luc_Viatour.jpg\/88px-Da_Vinci_Vitruve_Luc_Viatour.jpg\" border=\"0\" width=\"88\" height=\"120\" \/><\/span><\/div>\n<\/div>\n<div class=\"gallerytext\">\n<p><em>Vitruvius Adam\u0131<\/em><\/p>\n<\/div>\n<\/div>\n<\/td>\n<td>\n<div class=\"gallerybox\" style=\"width: 155px;\">\n<div class=\"thumb\" style=\"padding: 13px 0pt; width: 150px;\">\n<div style=\"margin-left: auto; margin-right: auto; width: 120px;\"><span class=\"image\"><img loading=\"lazy\" decoding=\"async\" src=\"http:\/\/upload.wikimedia.org\/wikipedia\/commons\/thumb\/c\/c9\/Da_Vinci_Studies_of_Embryos_Luc_Viatour.jpg\/81px-Da_Vinci_Studies_of_Embryos_Luc_Viatour.jpg\" border=\"0\" width=\"81\" height=\"119\" \/><\/span><\/div>\n<\/div>\n<div class=\"gallerytext\">\n<p>Embriyo \u00e7al\u0131\u015fmas\u0131<\/p>\n<\/div>\n<\/div>\n<\/td>\n<\/tr>\n<tr>\n<td>\n<div class=\"gallerybox\" style=\"width: 155px;\">\n<div class=\"thumb\" style=\"padding: 20px 0pt; width: 150px;\">\n<div style=\"margin-left: auto; margin-right: auto; width: 120px;\"><span class=\"image\"><img loading=\"lazy\" decoding=\"async\" src=\"http:\/\/upload.wikimedia.org\/wikipedia\/commons\/thumb\/a\/a8\/View_of_a_Skull.jpg\/120px-View_of_a_Skull.jpg\" border=\"0\" width=\"120\" height=\"105\" \/><\/span><\/div>\n<\/div>\n<div class=\"gallerytext\">\n<p>Kafatas\u0131 \u00e7al\u0131\u015fmas\u0131<\/p>\n<\/div>\n<\/div>\n<\/td>\n<td>\n<div class=\"gallerybox\" style=\"width: 155px;\">\n<div class=\"thumb\" style=\"padding: 13px 0pt; width: 150px;\">\n<div style=\"margin-left: auto; margin-right: auto; width: 120px;\"><span class=\"image\"><img loading=\"lazy\" decoding=\"async\" src=\"http:\/\/upload.wikimedia.org\/wikipedia\/commons\/thumb\/8\/87\/The_Principle_Organs_and_Vascular_and_Urino-Genital_Systems_of_a_Woman.jpg\/98px-The_Principle_Organs_and_Vascular_and_Urino-Genital_Systems_of_a_Woman.jpg\" border=\"0\" width=\"98\" height=\"120\" \/><\/span><\/div>\n<\/div>\n<div class=\"gallerytext\">\n<p>Kad\u0131n anatomisi<\/p>\n<\/div>\n<\/div>\n<\/td>\n<td>\n<div class=\"gallerybox\" style=\"width: 155px;\">\n<div class=\"thumb\" style=\"padding: 13px 0pt; width: 150px;\">\n<div style=\"margin-left: auto; margin-right: auto; width: 120px;\"><span class=\"image\"><img loading=\"lazy\" decoding=\"async\" src=\"http:\/\/upload.wikimedia.org\/wikipedia\/commons\/thumb\/8\/80\/Leonardo_helicopter.JPG\/117px-Leonardo_helicopter.JPG\" border=\"0\" width=\"117\" height=\"120\" \/><\/span><\/div>\n<\/div>\n<div class=\"gallerytext\">\n<p>Helikopter tasar\u0131s\u0131<\/p>\n<\/div>\n<\/div>\n<\/td>\n<td>\n<div class=\"gallerybox\" style=\"width: 155px;\">\n<div class=\"thumb\" style=\"padding: 30px 0pt; width: 150px;\">\n<div style=\"margin-left: auto; margin-right: auto; width: 120px;\"><span class=\"image\"><img loading=\"lazy\" decoding=\"async\" src=\"http:\/\/upload.wikimedia.org\/wikipedia\/commons\/thumb\/d\/da\/Leonardo_Design_for_a_Flying_Machine%2C_c._1505.jpg\/120px-Leonardo_Design_for_a_Flying_Machine%2C_c._1505.jpg\" border=\"0\" width=\"120\" height=\"85\" \/><\/span><\/div>\n<\/div>\n<div class=\"gallerytext\">\n<p>U\u00e7an makine tasar\u0131s\u0131<\/p>\n<\/div>\n<\/div>\n<\/td>\n<td>\n<div class=\"gallerybox\" style=\"width: 155px;\">\n<div class=\"thumb\" style=\"padding: 38px 0pt; width: 150px;\">\n<div style=\"margin-left: auto; margin-right: auto; width: 120px;\"><span class=\"image\"><img loading=\"lazy\" decoding=\"async\" src=\"http:\/\/upload.wikimedia.org\/wikipedia\/commons\/thumb\/b\/b9\/Leonardo_tank.JPG\/120px-Leonardo_tank.JPG\" border=\"0\" width=\"120\" height=\"70\" \/><\/span><\/div>\n<\/div>\n<div class=\"gallerytext\">\n<p>Tank tasar\u0131s\u0131<\/p>\n<\/div>\n<\/div>\n<\/td>\n<td>\n<div class=\"gallerybox\" style=\"width: 155px;\">\n<div class=\"thumb\" style=\"padding: 18px 0pt; width: 150px;\">\n<div style=\"margin-left: auto; margin-right: auto; width: 120px;\"><span class=\"image\"><img loading=\"lazy\" decoding=\"async\" src=\"http:\/\/upload.wikimedia.org\/wikipedia\/commons\/thumb\/7\/7d\/Leonardo_crossbow.JPG\/120px-Leonardo_crossbow.JPG\" border=\"0\" width=\"120\" height=\"109\" \/><\/span><\/div>\n<\/div>\n<div class=\"gallerytext\">\n<p>Tatar yay\u0131 tasar\u0131s\u0131<\/p>\n<\/div>\n<\/div>\n<\/td>\n<\/tr>\n<\/tbody>\n<\/table>\n","protected":false},"excerpt":{"rendered":"<p>Leonardo di ser Piero da Vinci(d. 15 Nisan 1452 &#8211; \u00f6. 2 May\u0131s 1519) R\u00f6nesans d\u00f6nemi \u0130talyan mimar\u0131, m\u00fchendisi, mucidi, matematik\u00e7isi, anatomisti, m\u00fczisyeni, heykelt\u0131ra\u015f\u0131 ve ressam\u0131d\u0131r. En tan\u0131nm\u0131\u015f yap\u0131tlar\u0131 Mona Lisa (1503 &#8211; 1507) ve Son Ak\u015fam Yeme\u011fi&#8217;dir (1495 &#8211; 1497). R\u00f6nesans sanat\u0131n\u0131 doru\u011funa ula\u015ft\u0131rm\u0131\u015f, yaln\u0131z sanat yap\u0131s\u0131na de\u011fil, \u00e7e\u015fitli alanlardaki ara\u015ft\u0131rmalar\u0131 ve bulu\u015flar\u0131yla da [&hellip;]<\/p>\n","protected":false},"author":1,"featured_media":0,"comment_status":"open","ping_status":"open","sticky":false,"template":"","format":"standard","meta":{"footnotes":""},"categories":[116],"tags":[],"class_list":{"0":"post-1500","1":"post","2":"type-post","3":"status-publish","4":"format-standard","6":"category-ressam-biyografileri-ve-eserleri"},"yoast_head":"<!-- This site is optimized with the Yoast SEO Premium plugin v24.9 (Yoast SEO v24.9) - https:\/\/yoast.com\/wordpress\/plugins\/seo\/ -->\n<title>Da V\u0130NC\u0130 Biyografisi ve eserleri - narteks.net<\/title>\n<meta name=\"robots\" content=\"index, follow, max-snippet:-1, max-image-preview:large, max-video-preview:-1\" \/>\n<link rel=\"canonical\" href=\"https:\/\/narteks.net\/index.php\/2009\/11\/19\/da-vinci-biyografisi-ve-eserleri\/\" \/>\n<meta property=\"og:locale\" content=\"tr_TR\" \/>\n<meta property=\"og:type\" content=\"article\" \/>\n<meta property=\"og:title\" content=\"Da V\u0130NC\u0130 Biyografisi ve eserleri\" \/>\n<meta property=\"og:description\" content=\"Leonardo di ser Piero da Vinci(d. 15 Nisan 1452 &#8211; \u00f6. 2 May\u0131s 1519) R\u00f6nesans d\u00f6nemi \u0130talyan mimar\u0131, m\u00fchendisi, mucidi, matematik\u00e7isi, anatomisti, m\u00fczisyeni, heykelt\u0131ra\u015f\u0131 ve ressam\u0131d\u0131r. En tan\u0131nm\u0131\u015f yap\u0131tlar\u0131 Mona Lisa (1503 &#8211; 1507) ve Son Ak\u015fam Yeme\u011fi&#8217;dir (1495 &#8211; 1497). R\u00f6nesans sanat\u0131n\u0131 doru\u011funa ula\u015ft\u0131rm\u0131\u015f, yaln\u0131z sanat yap\u0131s\u0131na de\u011fil, \u00e7e\u015fitli alanlardaki ara\u015ft\u0131rmalar\u0131 ve bulu\u015flar\u0131yla da [&hellip;]\" \/>\n<meta property=\"og:url\" content=\"https:\/\/narteks.net\/index.php\/2009\/11\/19\/da-vinci-biyografisi-ve-eserleri\/\" \/>\n<meta property=\"og:site_name\" content=\"narteks.net\" \/>\n<meta property=\"article:published_time\" content=\"2009-11-19T07:03:48+00:00\" \/>\n<meta property=\"og:image\" content=\"http:\/\/upload.wikimedia.org\/wikipedia\/commons\/thumb\/b\/ba\/Leonardo_self.jpg\/220px-Leonardo_self.jpg\" \/>\n<meta name=\"author\" content=\"Tar\u0131k\" \/>\n<meta name=\"twitter:card\" content=\"summary_large_image\" \/>\n<meta name=\"twitter:creator\" content=\"@narteks\" \/>\n<meta name=\"twitter:site\" content=\"@narteks\" \/>\n<meta name=\"twitter:label1\" content=\"Yazan:\" \/>\n\t<meta name=\"twitter:data1\" content=\"Tar\u0131k\" \/>\n\t<meta name=\"twitter:label2\" content=\"Tahmini okuma s\u00fcresi\" \/>\n\t<meta name=\"twitter:data2\" content=\"10 dakika\" \/>\n<script type=\"application\/ld+json\" class=\"yoast-schema-graph\">{\"@context\":\"https:\/\/schema.org\",\"@graph\":[{\"@type\":\"Article\",\"@id\":\"https:\/\/narteks.net\/index.php\/2009\/11\/19\/da-vinci-biyografisi-ve-eserleri\/#article\",\"isPartOf\":{\"@id\":\"https:\/\/narteks.net\/index.php\/2009\/11\/19\/da-vinci-biyografisi-ve-eserleri\/\"},\"author\":{\"name\":\"Tar\u0131k\",\"@id\":\"https:\/\/narteks.net\/#\/schema\/person\/61f37d9834294b72d31d274e7ed79bca\"},\"headline\":\"Da V\u0130NC\u0130 Biyografisi ve eserleri\",\"datePublished\":\"2009-11-19T07:03:48+00:00\",\"mainEntityOfPage\":{\"@id\":\"https:\/\/narteks.net\/index.php\/2009\/11\/19\/da-vinci-biyografisi-ve-eserleri\/\"},\"wordCount\":2048,\"commentCount\":0,\"publisher\":{\"@id\":\"https:\/\/narteks.net\/#organization\"},\"image\":{\"@id\":\"https:\/\/narteks.net\/index.php\/2009\/11\/19\/da-vinci-biyografisi-ve-eserleri\/#primaryimage\"},\"thumbnailUrl\":\"http:\/\/upload.wikimedia.org\/wikipedia\/commons\/thumb\/b\/ba\/Leonardo_self.jpg\/220px-Leonardo_self.jpg\",\"articleSection\":[\"Ressam Biyografileri ve Eserleri\"],\"inLanguage\":\"tr\",\"potentialAction\":[{\"@type\":\"CommentAction\",\"name\":\"Comment\",\"target\":[\"https:\/\/narteks.net\/index.php\/2009\/11\/19\/da-vinci-biyografisi-ve-eserleri\/#respond\"]}]},{\"@type\":\"WebPage\",\"@id\":\"https:\/\/narteks.net\/index.php\/2009\/11\/19\/da-vinci-biyografisi-ve-eserleri\/\",\"url\":\"https:\/\/narteks.net\/index.php\/2009\/11\/19\/da-vinci-biyografisi-ve-eserleri\/\",\"name\":\"Da V\u0130NC\u0130 Biyografisi ve eserleri - narteks.net\",\"isPartOf\":{\"@id\":\"https:\/\/narteks.net\/#website\"},\"primaryImageOfPage\":{\"@id\":\"https:\/\/narteks.net\/index.php\/2009\/11\/19\/da-vinci-biyografisi-ve-eserleri\/#primaryimage\"},\"image\":{\"@id\":\"https:\/\/narteks.net\/index.php\/2009\/11\/19\/da-vinci-biyografisi-ve-eserleri\/#primaryimage\"},\"thumbnailUrl\":\"http:\/\/upload.wikimedia.org\/wikipedia\/commons\/thumb\/b\/ba\/Leonardo_self.jpg\/220px-Leonardo_self.jpg\",\"datePublished\":\"2009-11-19T07:03:48+00:00\",\"breadcrumb\":{\"@id\":\"https:\/\/narteks.net\/index.php\/2009\/11\/19\/da-vinci-biyografisi-ve-eserleri\/#breadcrumb\"},\"inLanguage\":\"tr\",\"potentialAction\":[{\"@type\":\"ReadAction\",\"target\":[\"https:\/\/narteks.net\/index.php\/2009\/11\/19\/da-vinci-biyografisi-ve-eserleri\/\"]}]},{\"@type\":\"ImageObject\",\"inLanguage\":\"tr\",\"@id\":\"https:\/\/narteks.net\/index.php\/2009\/11\/19\/da-vinci-biyografisi-ve-eserleri\/#primaryimage\",\"url\":\"http:\/\/upload.wikimedia.org\/wikipedia\/commons\/thumb\/b\/ba\/Leonardo_self.jpg\/220px-Leonardo_self.jpg\",\"contentUrl\":\"http:\/\/upload.wikimedia.org\/wikipedia\/commons\/thumb\/b\/ba\/Leonardo_self.jpg\/220px-Leonardo_self.jpg\"},{\"@type\":\"BreadcrumbList\",\"@id\":\"https:\/\/narteks.net\/index.php\/2009\/11\/19\/da-vinci-biyografisi-ve-eserleri\/#breadcrumb\",\"itemListElement\":[{\"@type\":\"ListItem\",\"position\":1,\"name\":\"Anasayfa\",\"item\":\"https:\/\/narteks.net\/\"},{\"@type\":\"ListItem\",\"position\":2,\"name\":\"Da V\u0130NC\u0130 Biyografisi ve eserleri\"}]},{\"@type\":\"WebSite\",\"@id\":\"https:\/\/narteks.net\/#website\",\"url\":\"https:\/\/narteks.net\/\",\"name\":\"narteks.net\",\"description\":\"K\u00fclt\u00fcr Sanat Edebiyat Felsefe\",\"publisher\":{\"@id\":\"https:\/\/narteks.net\/#organization\"},\"alternateName\":\"K\u00fclt\u00fcr Sanat Edebiyat Felsefe\",\"potentialAction\":[{\"@type\":\"SearchAction\",\"target\":{\"@type\":\"EntryPoint\",\"urlTemplate\":\"https:\/\/narteks.net\/?s={search_term_string}\"},\"query-input\":{\"@type\":\"PropertyValueSpecification\",\"valueRequired\":true,\"valueName\":\"search_term_string\"}}],\"inLanguage\":\"tr\"},{\"@type\":\"Organization\",\"@id\":\"https:\/\/narteks.net\/#organization\",\"name\":\"narteks.net\",\"url\":\"https:\/\/narteks.net\/\",\"logo\":{\"@type\":\"ImageObject\",\"inLanguage\":\"tr\",\"@id\":\"https:\/\/narteks.net\/#\/schema\/logo\/image\/\",\"url\":\"https:\/\/narteks.net\/wp-content\/uploads\/narteks.png\",\"contentUrl\":\"https:\/\/narteks.net\/wp-content\/uploads\/narteks.png\",\"width\":300,\"height\":90,\"caption\":\"narteks.net\"},\"image\":{\"@id\":\"https:\/\/narteks.net\/#\/schema\/logo\/image\/\"},\"sameAs\":[\"https:\/\/x.com\/narteks\",\"https:\/\/instagram.com\/narteksnet\"]},{\"@type\":\"Person\",\"@id\":\"https:\/\/narteks.net\/#\/schema\/person\/61f37d9834294b72d31d274e7ed79bca\",\"name\":\"Tar\u0131k\",\"image\":{\"@type\":\"ImageObject\",\"inLanguage\":\"tr\",\"@id\":\"https:\/\/narteks.net\/#\/schema\/person\/image\/\",\"url\":\"https:\/\/secure.gravatar.com\/avatar\/50865afb55632c4ae467e0af0930f6510aa2297d8014be502a55b14f3b7550cf?s=96&d=mm&r=g\",\"contentUrl\":\"https:\/\/secure.gravatar.com\/avatar\/50865afb55632c4ae467e0af0930f6510aa2297d8014be502a55b14f3b7550cf?s=96&d=mm&r=g\",\"caption\":\"Tar\u0131k\"},\"sameAs\":[\"http:\/\/narteks.net\"],\"url\":\"https:\/\/narteks.net\/index.php\/author\/narbak\/\"}]}<\/script>\n<!-- \/ Yoast SEO Premium plugin. -->","yoast_head_json":{"title":"Da V\u0130NC\u0130 Biyografisi ve eserleri - narteks.net","robots":{"index":"index","follow":"follow","max-snippet":"max-snippet:-1","max-image-preview":"max-image-preview:large","max-video-preview":"max-video-preview:-1"},"canonical":"https:\/\/narteks.net\/index.php\/2009\/11\/19\/da-vinci-biyografisi-ve-eserleri\/","og_locale":"tr_TR","og_type":"article","og_title":"Da V\u0130NC\u0130 Biyografisi ve eserleri","og_description":"Leonardo di ser Piero da Vinci(d. 15 Nisan 1452 &#8211; \u00f6. 2 May\u0131s 1519) R\u00f6nesans d\u00f6nemi \u0130talyan mimar\u0131, m\u00fchendisi, mucidi, matematik\u00e7isi, anatomisti, m\u00fczisyeni, heykelt\u0131ra\u015f\u0131 ve ressam\u0131d\u0131r. En tan\u0131nm\u0131\u015f yap\u0131tlar\u0131 Mona Lisa (1503 &#8211; 1507) ve Son Ak\u015fam Yeme\u011fi&#8217;dir (1495 &#8211; 1497). R\u00f6nesans sanat\u0131n\u0131 doru\u011funa ula\u015ft\u0131rm\u0131\u015f, yaln\u0131z sanat yap\u0131s\u0131na de\u011fil, \u00e7e\u015fitli alanlardaki ara\u015ft\u0131rmalar\u0131 ve bulu\u015flar\u0131yla da [&hellip;]","og_url":"https:\/\/narteks.net\/index.php\/2009\/11\/19\/da-vinci-biyografisi-ve-eserleri\/","og_site_name":"narteks.net","article_published_time":"2009-11-19T07:03:48+00:00","og_image":[{"url":"http:\/\/upload.wikimedia.org\/wikipedia\/commons\/thumb\/b\/ba\/Leonardo_self.jpg\/220px-Leonardo_self.jpg","type":"","width":"","height":""}],"author":"Tar\u0131k","twitter_card":"summary_large_image","twitter_creator":"@narteks","twitter_site":"@narteks","twitter_misc":{"Yazan:":"Tar\u0131k","Tahmini okuma s\u00fcresi":"10 dakika"},"schema":{"@context":"https:\/\/schema.org","@graph":[{"@type":"Article","@id":"https:\/\/narteks.net\/index.php\/2009\/11\/19\/da-vinci-biyografisi-ve-eserleri\/#article","isPartOf":{"@id":"https:\/\/narteks.net\/index.php\/2009\/11\/19\/da-vinci-biyografisi-ve-eserleri\/"},"author":{"name":"Tar\u0131k","@id":"https:\/\/narteks.net\/#\/schema\/person\/61f37d9834294b72d31d274e7ed79bca"},"headline":"Da V\u0130NC\u0130 Biyografisi ve eserleri","datePublished":"2009-11-19T07:03:48+00:00","mainEntityOfPage":{"@id":"https:\/\/narteks.net\/index.php\/2009\/11\/19\/da-vinci-biyografisi-ve-eserleri\/"},"wordCount":2048,"commentCount":0,"publisher":{"@id":"https:\/\/narteks.net\/#organization"},"image":{"@id":"https:\/\/narteks.net\/index.php\/2009\/11\/19\/da-vinci-biyografisi-ve-eserleri\/#primaryimage"},"thumbnailUrl":"http:\/\/upload.wikimedia.org\/wikipedia\/commons\/thumb\/b\/ba\/Leonardo_self.jpg\/220px-Leonardo_self.jpg","articleSection":["Ressam Biyografileri ve Eserleri"],"inLanguage":"tr","potentialAction":[{"@type":"CommentAction","name":"Comment","target":["https:\/\/narteks.net\/index.php\/2009\/11\/19\/da-vinci-biyografisi-ve-eserleri\/#respond"]}]},{"@type":"WebPage","@id":"https:\/\/narteks.net\/index.php\/2009\/11\/19\/da-vinci-biyografisi-ve-eserleri\/","url":"https:\/\/narteks.net\/index.php\/2009\/11\/19\/da-vinci-biyografisi-ve-eserleri\/","name":"Da V\u0130NC\u0130 Biyografisi ve eserleri - narteks.net","isPartOf":{"@id":"https:\/\/narteks.net\/#website"},"primaryImageOfPage":{"@id":"https:\/\/narteks.net\/index.php\/2009\/11\/19\/da-vinci-biyografisi-ve-eserleri\/#primaryimage"},"image":{"@id":"https:\/\/narteks.net\/index.php\/2009\/11\/19\/da-vinci-biyografisi-ve-eserleri\/#primaryimage"},"thumbnailUrl":"http:\/\/upload.wikimedia.org\/wikipedia\/commons\/thumb\/b\/ba\/Leonardo_self.jpg\/220px-Leonardo_self.jpg","datePublished":"2009-11-19T07:03:48+00:00","breadcrumb":{"@id":"https:\/\/narteks.net\/index.php\/2009\/11\/19\/da-vinci-biyografisi-ve-eserleri\/#breadcrumb"},"inLanguage":"tr","potentialAction":[{"@type":"ReadAction","target":["https:\/\/narteks.net\/index.php\/2009\/11\/19\/da-vinci-biyografisi-ve-eserleri\/"]}]},{"@type":"ImageObject","inLanguage":"tr","@id":"https:\/\/narteks.net\/index.php\/2009\/11\/19\/da-vinci-biyografisi-ve-eserleri\/#primaryimage","url":"http:\/\/upload.wikimedia.org\/wikipedia\/commons\/thumb\/b\/ba\/Leonardo_self.jpg\/220px-Leonardo_self.jpg","contentUrl":"http:\/\/upload.wikimedia.org\/wikipedia\/commons\/thumb\/b\/ba\/Leonardo_self.jpg\/220px-Leonardo_self.jpg"},{"@type":"BreadcrumbList","@id":"https:\/\/narteks.net\/index.php\/2009\/11\/19\/da-vinci-biyografisi-ve-eserleri\/#breadcrumb","itemListElement":[{"@type":"ListItem","position":1,"name":"Anasayfa","item":"https:\/\/narteks.net\/"},{"@type":"ListItem","position":2,"name":"Da V\u0130NC\u0130 Biyografisi ve eserleri"}]},{"@type":"WebSite","@id":"https:\/\/narteks.net\/#website","url":"https:\/\/narteks.net\/","name":"narteks.net","description":"K\u00fclt\u00fcr Sanat Edebiyat Felsefe","publisher":{"@id":"https:\/\/narteks.net\/#organization"},"alternateName":"K\u00fclt\u00fcr Sanat Edebiyat Felsefe","potentialAction":[{"@type":"SearchAction","target":{"@type":"EntryPoint","urlTemplate":"https:\/\/narteks.net\/?s={search_term_string}"},"query-input":{"@type":"PropertyValueSpecification","valueRequired":true,"valueName":"search_term_string"}}],"inLanguage":"tr"},{"@type":"Organization","@id":"https:\/\/narteks.net\/#organization","name":"narteks.net","url":"https:\/\/narteks.net\/","logo":{"@type":"ImageObject","inLanguage":"tr","@id":"https:\/\/narteks.net\/#\/schema\/logo\/image\/","url":"https:\/\/narteks.net\/wp-content\/uploads\/narteks.png","contentUrl":"https:\/\/narteks.net\/wp-content\/uploads\/narteks.png","width":300,"height":90,"caption":"narteks.net"},"image":{"@id":"https:\/\/narteks.net\/#\/schema\/logo\/image\/"},"sameAs":["https:\/\/x.com\/narteks","https:\/\/instagram.com\/narteksnet"]},{"@type":"Person","@id":"https:\/\/narteks.net\/#\/schema\/person\/61f37d9834294b72d31d274e7ed79bca","name":"Tar\u0131k","image":{"@type":"ImageObject","inLanguage":"tr","@id":"https:\/\/narteks.net\/#\/schema\/person\/image\/","url":"https:\/\/secure.gravatar.com\/avatar\/50865afb55632c4ae467e0af0930f6510aa2297d8014be502a55b14f3b7550cf?s=96&d=mm&r=g","contentUrl":"https:\/\/secure.gravatar.com\/avatar\/50865afb55632c4ae467e0af0930f6510aa2297d8014be502a55b14f3b7550cf?s=96&d=mm&r=g","caption":"Tar\u0131k"},"sameAs":["http:\/\/narteks.net"],"url":"https:\/\/narteks.net\/index.php\/author\/narbak\/"}]}},"_links":{"self":[{"href":"https:\/\/narteks.net\/index.php\/wp-json\/wp\/v2\/posts\/1500","targetHints":{"allow":["GET"]}}],"collection":[{"href":"https:\/\/narteks.net\/index.php\/wp-json\/wp\/v2\/posts"}],"about":[{"href":"https:\/\/narteks.net\/index.php\/wp-json\/wp\/v2\/types\/post"}],"author":[{"embeddable":true,"href":"https:\/\/narteks.net\/index.php\/wp-json\/wp\/v2\/users\/1"}],"replies":[{"embeddable":true,"href":"https:\/\/narteks.net\/index.php\/wp-json\/wp\/v2\/comments?post=1500"}],"version-history":[{"count":0,"href":"https:\/\/narteks.net\/index.php\/wp-json\/wp\/v2\/posts\/1500\/revisions"}],"wp:attachment":[{"href":"https:\/\/narteks.net\/index.php\/wp-json\/wp\/v2\/media?parent=1500"}],"wp:term":[{"taxonomy":"category","embeddable":true,"href":"https:\/\/narteks.net\/index.php\/wp-json\/wp\/v2\/categories?post=1500"},{"taxonomy":"post_tag","embeddable":true,"href":"https:\/\/narteks.net\/index.php\/wp-json\/wp\/v2\/tags?post=1500"}],"curies":[{"name":"wp","href":"https:\/\/api.w.org\/{rel}","templated":true}]}}