{"id":1501,"date":"2009-11-19T11:05:24","date_gmt":"2009-11-19T08:05:24","guid":{"rendered":"http:\/\/localhost\/wordpress\/2009\/11\/19\/yilmaz-odabasi-biyografisi\/"},"modified":"2009-11-19T11:05:24","modified_gmt":"2009-11-19T08:05:24","slug":"yilmaz-odabasi-biyografisi","status":"publish","type":"post","link":"https:\/\/narteks.net\/index.php\/2009\/11\/19\/yilmaz-odabasi-biyografisi\/","title":{"rendered":"Y\u0131lmaz ODABA\u015eI Biyografisi"},"content":{"rendered":"<p><img loading=\"lazy\" decoding=\"async\" src=\"http:\/\/img03.blogcu.com\/images\/y\/o\/r\/yorgunhuzur\/yilmaz_odabasi_1249254993.jpg\" border=\"0\" width=\"155\" height=\"205\" \/><\/p>\n<p style=\"text-align: justify;\">Y\u0131lmaz Odaba\u015f\u0131, 1961 yilinda Diyarbakir\u2019da dogdu. Ilk\u00f6gretimini Diyarbakir Erdil, Ankara, Kayseri ve Gaziantep\u2019te, orta\u00f6gretimini de Diyarbakir\u2019da Diyarbakir Lisesi\u2019nde tamamladi. Sonraki yillarda \u00f6nce \u201csiyasal\u201d nedenlerle, sonra da d\u00fcs\u00fcnce su\u00e7lari kapsaminda bir \u00e7ok kez yargilandi. Tabela ressamligi, otob\u00fcs sirketinde yazihane katipligi, ila\u00e7 firmalarinda tibbi m\u00fcmessillik ve kitap\u00e7ilik yapti. 1985-93 yillari arasinda Diyarbakir\u2019da 8 yil gazetecilik yapti.<\/p>\n<p style=\"text-align: justify;\">Bu d\u00f6nemi anlatan &#8220;G\u00fcneydoguda Gazeteci Olmak&#8221; adinda bir kitabi da vardir. 1993 yilinda siyasi baskilar nedeniyle Ankara\u2019ya yerlesti. \u201881\u2019den bug\u00fcne Yeni Olgu, Olusum, Edebiyat 81, Yama\u00e7, Yarin, Nitelik, D\u00f6nem Sanat Rehberi, G\u00f6ky\u00fcz\u00fc, Yugoslavya\u2019da yayinlanan Tan ve Birlik Gazeteleri ile \u00c7evren dergisi, Yeni D\u00fcs\u00fcn, Broy, Parantez, \u00c7agdas T\u00fcrk Dili, Temmuz, Cumhuriyet Dergi, Yazili G\u00fcnler, Yeni Yaprak, Varlik, Kedi Siir, Insan, Evrensel K\u00fclt\u00fcr, Iblis, Sairin At\u00f6lyesi, G\u00f6steri, Edebiyat ve Elestiri, Izlek ve Yine Hist Gibi dergilerde siirleri ve siir konulu yazilari yer aldi. Bir kitabi Almanya\u2019nin K\u00f6ln sehrinde, bir kitabi da Irak\u2019in Dohuk kentinde yayinlandi.<\/p>\n<p style=\"text-align: justify;\">Bir \u00e7ok siiri degisik dillere \u00e7evrildi. 1987 yilinda Temmuz dergisinin okur oylariyla d\u00fczenledigi yarismada birincilik \u00f6d\u00fcl\u00fcn\u00fc aldi ve yilin en begenilen sairi se\u00e7ildi. 1989 Tayad Siir yarismasinda ikincilik, 1990 Cahit Sitki Taranci siir \u00f6d\u00fcl\u00fc, 1992 Petrol-Is Sendikasi IV. siir yarismasinda ikincilik \u00f6d\u00fclleri aldi. Bir \u00e7ok siiri Grup Kizilirmak, Grup Yorum, Danimarka\u2019nin \u00fcnl\u00fc m\u00fczik toplulugu Sawage Rose ve Onur Akin tarafindan bestelendi ve siirleriyle bir\u00e7ok kasete ad verdi. Ilk siir kitabi 1985 yilinda yayimlanan Odabasi\u2019nin bug\u00fcne dek 9 siir kitabi yayinlandi.<\/p>\n","protected":false},"excerpt":{"rendered":"<p>Y\u0131lmaz Odaba\u015f\u0131, 1961 yilinda Diyarbakir\u2019da dogdu. Ilk\u00f6gretimini Diyarbakir Erdil, Ankara, Kayseri ve Gaziantep\u2019te, orta\u00f6gretimini de Diyarbakir\u2019da Diyarbakir Lisesi\u2019nde tamamladi. Sonraki yillarda \u00f6nce \u201csiyasal\u201d nedenlerle, sonra da d\u00fcs\u00fcnce su\u00e7lari kapsaminda bir \u00e7ok kez yargilandi. Tabela ressamligi, otob\u00fcs sirketinde yazihane katipligi, ila\u00e7 firmalarinda tibbi m\u00fcmessillik ve kitap\u00e7ilik yapti. 1985-93 yillari arasinda Diyarbakir\u2019da 8 yil gazetecilik yapti. Bu [&hellip;]<\/p>\n","protected":false},"author":1,"featured_media":0,"comment_status":"open","ping_status":"open","sticky":false,"template":"","format":"standard","meta":{"footnotes":""},"categories":[77],"tags":[],"class_list":{"0":"post-1501","1":"post","2":"type-post","3":"status-publish","4":"format-standard","6":"category-yilmaz-odabasi"},"yoast_head":"<!-- This site is optimized with the Yoast SEO Premium plugin v24.9 (Yoast SEO v24.9) - https:\/\/yoast.com\/wordpress\/plugins\/seo\/ -->\n<title>Y\u0131lmaz ODABA\u015eI Biyografisi - narteks.net<\/title>\n<meta name=\"robots\" content=\"index, follow, max-snippet:-1, max-image-preview:large, max-video-preview:-1\" \/>\n<link rel=\"canonical\" href=\"https:\/\/narteks.net\/index.php\/2009\/11\/19\/yilmaz-odabasi-biyografisi\/\" \/>\n<meta property=\"og:locale\" content=\"tr_TR\" \/>\n<meta property=\"og:type\" content=\"article\" \/>\n<meta property=\"og:title\" content=\"Y\u0131lmaz ODABA\u015eI Biyografisi\" \/>\n<meta property=\"og:description\" content=\"Y\u0131lmaz Odaba\u015f\u0131, 1961 yilinda Diyarbakir\u2019da dogdu. Ilk\u00f6gretimini Diyarbakir Erdil, Ankara, Kayseri ve Gaziantep\u2019te, orta\u00f6gretimini de Diyarbakir\u2019da Diyarbakir Lisesi\u2019nde tamamladi. Sonraki yillarda \u00f6nce \u201csiyasal\u201d nedenlerle, sonra da d\u00fcs\u00fcnce su\u00e7lari kapsaminda bir \u00e7ok kez yargilandi. Tabela ressamligi, otob\u00fcs sirketinde yazihane katipligi, ila\u00e7 firmalarinda tibbi m\u00fcmessillik ve kitap\u00e7ilik yapti. 1985-93 yillari arasinda Diyarbakir\u2019da 8 yil gazetecilik yapti. Bu [&hellip;]\" \/>\n<meta property=\"og:url\" content=\"https:\/\/narteks.net\/index.php\/2009\/11\/19\/yilmaz-odabasi-biyografisi\/\" \/>\n<meta property=\"og:site_name\" content=\"narteks.net\" \/>\n<meta property=\"article:published_time\" content=\"2009-11-19T08:05:24+00:00\" \/>\n<meta property=\"og:image\" content=\"http:\/\/img03.blogcu.com\/images\/y\/o\/r\/yorgunhuzur\/yilmaz_odabasi_1249254993.jpg\" \/>\n<meta name=\"author\" content=\"Tar\u0131k\" \/>\n<meta name=\"twitter:card\" content=\"summary_large_image\" \/>\n<meta name=\"twitter:creator\" content=\"@narteks\" \/>\n<meta name=\"twitter:site\" content=\"@narteks\" \/>\n<meta name=\"twitter:label1\" content=\"Yazan:\" \/>\n\t<meta name=\"twitter:data1\" content=\"Tar\u0131k\" \/>\n\t<meta name=\"twitter:label2\" content=\"Tahmini okuma s\u00fcresi\" \/>\n\t<meta name=\"twitter:data2\" content=\"1 dakika\" \/>\n<script type=\"application\/ld+json\" class=\"yoast-schema-graph\">{\"@context\":\"https:\/\/schema.org\",\"@graph\":[{\"@type\":\"Article\",\"@id\":\"https:\/\/narteks.net\/index.php\/2009\/11\/19\/yilmaz-odabasi-biyografisi\/#article\",\"isPartOf\":{\"@id\":\"https:\/\/narteks.net\/index.php\/2009\/11\/19\/yilmaz-odabasi-biyografisi\/\"},\"author\":{\"name\":\"Tar\u0131k\",\"@id\":\"https:\/\/narteks.net\/#\/schema\/person\/61f37d9834294b72d31d274e7ed79bca\"},\"headline\":\"Y\u0131lmaz ODABA\u015eI Biyografisi\",\"datePublished\":\"2009-11-19T08:05:24+00:00\",\"mainEntityOfPage\":{\"@id\":\"https:\/\/narteks.net\/index.php\/2009\/11\/19\/yilmaz-odabasi-biyografisi\/\"},\"wordCount\":266,\"commentCount\":0,\"publisher\":{\"@id\":\"https:\/\/narteks.net\/#organization\"},\"image\":{\"@id\":\"https:\/\/narteks.net\/index.php\/2009\/11\/19\/yilmaz-odabasi-biyografisi\/#primaryimage\"},\"thumbnailUrl\":\"http:\/\/img03.blogcu.com\/images\/y\/o\/r\/yorgunhuzur\/yilmaz_odabasi_1249254993.jpg\",\"articleSection\":[\"Y\u0131lmaz ODABA\u015eI\"],\"inLanguage\":\"tr\",\"potentialAction\":[{\"@type\":\"CommentAction\",\"name\":\"Comment\",\"target\":[\"https:\/\/narteks.net\/index.php\/2009\/11\/19\/yilmaz-odabasi-biyografisi\/#respond\"]}]},{\"@type\":\"WebPage\",\"@id\":\"https:\/\/narteks.net\/index.php\/2009\/11\/19\/yilmaz-odabasi-biyografisi\/\",\"url\":\"https:\/\/narteks.net\/index.php\/2009\/11\/19\/yilmaz-odabasi-biyografisi\/\",\"name\":\"Y\u0131lmaz ODABA\u015eI Biyografisi - narteks.net\",\"isPartOf\":{\"@id\":\"https:\/\/narteks.net\/#website\"},\"primaryImageOfPage\":{\"@id\":\"https:\/\/narteks.net\/index.php\/2009\/11\/19\/yilmaz-odabasi-biyografisi\/#primaryimage\"},\"image\":{\"@id\":\"https:\/\/narteks.net\/index.php\/2009\/11\/19\/yilmaz-odabasi-biyografisi\/#primaryimage\"},\"thumbnailUrl\":\"http:\/\/img03.blogcu.com\/images\/y\/o\/r\/yorgunhuzur\/yilmaz_odabasi_1249254993.jpg\",\"datePublished\":\"2009-11-19T08:05:24+00:00\",\"breadcrumb\":{\"@id\":\"https:\/\/narteks.net\/index.php\/2009\/11\/19\/yilmaz-odabasi-biyografisi\/#breadcrumb\"},\"inLanguage\":\"tr\",\"potentialAction\":[{\"@type\":\"ReadAction\",\"target\":[\"https:\/\/narteks.net\/index.php\/2009\/11\/19\/yilmaz-odabasi-biyografisi\/\"]}]},{\"@type\":\"ImageObject\",\"inLanguage\":\"tr\",\"@id\":\"https:\/\/narteks.net\/index.php\/2009\/11\/19\/yilmaz-odabasi-biyografisi\/#primaryimage\",\"url\":\"http:\/\/img03.blogcu.com\/images\/y\/o\/r\/yorgunhuzur\/yilmaz_odabasi_1249254993.jpg\",\"contentUrl\":\"http:\/\/img03.blogcu.com\/images\/y\/o\/r\/yorgunhuzur\/yilmaz_odabasi_1249254993.jpg\"},{\"@type\":\"BreadcrumbList\",\"@id\":\"https:\/\/narteks.net\/index.php\/2009\/11\/19\/yilmaz-odabasi-biyografisi\/#breadcrumb\",\"itemListElement\":[{\"@type\":\"ListItem\",\"position\":1,\"name\":\"Anasayfa\",\"item\":\"https:\/\/narteks.net\/\"},{\"@type\":\"ListItem\",\"position\":2,\"name\":\"Y\u0131lmaz ODABA\u015eI Biyografisi\"}]},{\"@type\":\"WebSite\",\"@id\":\"https:\/\/narteks.net\/#website\",\"url\":\"https:\/\/narteks.net\/\",\"name\":\"narteks.net\",\"description\":\"K\u00fclt\u00fcr Sanat Edebiyat Felsefe\",\"publisher\":{\"@id\":\"https:\/\/narteks.net\/#organization\"},\"alternateName\":\"K\u00fclt\u00fcr Sanat Edebiyat Felsefe\",\"potentialAction\":[{\"@type\":\"SearchAction\",\"target\":{\"@type\":\"EntryPoint\",\"urlTemplate\":\"https:\/\/narteks.net\/?s={search_term_string}\"},\"query-input\":{\"@type\":\"PropertyValueSpecification\",\"valueRequired\":true,\"valueName\":\"search_term_string\"}}],\"inLanguage\":\"tr\"},{\"@type\":\"Organization\",\"@id\":\"https:\/\/narteks.net\/#organization\",\"name\":\"narteks.net\",\"url\":\"https:\/\/narteks.net\/\",\"logo\":{\"@type\":\"ImageObject\",\"inLanguage\":\"tr\",\"@id\":\"https:\/\/narteks.net\/#\/schema\/logo\/image\/\",\"url\":\"https:\/\/narteks.net\/wp-content\/uploads\/narteks.png\",\"contentUrl\":\"https:\/\/narteks.net\/wp-content\/uploads\/narteks.png\",\"width\":300,\"height\":90,\"caption\":\"narteks.net\"},\"image\":{\"@id\":\"https:\/\/narteks.net\/#\/schema\/logo\/image\/\"},\"sameAs\":[\"https:\/\/x.com\/narteks\",\"https:\/\/instagram.com\/narteksnet\"]},{\"@type\":\"Person\",\"@id\":\"https:\/\/narteks.net\/#\/schema\/person\/61f37d9834294b72d31d274e7ed79bca\",\"name\":\"Tar\u0131k\",\"image\":{\"@type\":\"ImageObject\",\"inLanguage\":\"tr\",\"@id\":\"https:\/\/narteks.net\/#\/schema\/person\/image\/\",\"url\":\"https:\/\/secure.gravatar.com\/avatar\/50865afb55632c4ae467e0af0930f6510aa2297d8014be502a55b14f3b7550cf?s=96&d=mm&r=g\",\"contentUrl\":\"https:\/\/secure.gravatar.com\/avatar\/50865afb55632c4ae467e0af0930f6510aa2297d8014be502a55b14f3b7550cf?s=96&d=mm&r=g\",\"caption\":\"Tar\u0131k\"},\"sameAs\":[\"http:\/\/narteks.net\"],\"url\":\"https:\/\/narteks.net\/index.php\/author\/narbak\/\"}]}<\/script>\n<!-- \/ Yoast SEO Premium plugin. -->","yoast_head_json":{"title":"Y\u0131lmaz ODABA\u015eI Biyografisi - narteks.net","robots":{"index":"index","follow":"follow","max-snippet":"max-snippet:-1","max-image-preview":"max-image-preview:large","max-video-preview":"max-video-preview:-1"},"canonical":"https:\/\/narteks.net\/index.php\/2009\/11\/19\/yilmaz-odabasi-biyografisi\/","og_locale":"tr_TR","og_type":"article","og_title":"Y\u0131lmaz ODABA\u015eI Biyografisi","og_description":"Y\u0131lmaz Odaba\u015f\u0131, 1961 yilinda Diyarbakir\u2019da dogdu. Ilk\u00f6gretimini Diyarbakir Erdil, Ankara, Kayseri ve Gaziantep\u2019te, orta\u00f6gretimini de Diyarbakir\u2019da Diyarbakir Lisesi\u2019nde tamamladi. Sonraki yillarda \u00f6nce \u201csiyasal\u201d nedenlerle, sonra da d\u00fcs\u00fcnce su\u00e7lari kapsaminda bir \u00e7ok kez yargilandi. Tabela ressamligi, otob\u00fcs sirketinde yazihane katipligi, ila\u00e7 firmalarinda tibbi m\u00fcmessillik ve kitap\u00e7ilik yapti. 1985-93 yillari arasinda Diyarbakir\u2019da 8 yil gazetecilik yapti. Bu [&hellip;]","og_url":"https:\/\/narteks.net\/index.php\/2009\/11\/19\/yilmaz-odabasi-biyografisi\/","og_site_name":"narteks.net","article_published_time":"2009-11-19T08:05:24+00:00","og_image":[{"url":"http:\/\/img03.blogcu.com\/images\/y\/o\/r\/yorgunhuzur\/yilmaz_odabasi_1249254993.jpg","type":"","width":"","height":""}],"author":"Tar\u0131k","twitter_card":"summary_large_image","twitter_creator":"@narteks","twitter_site":"@narteks","twitter_misc":{"Yazan:":"Tar\u0131k","Tahmini okuma s\u00fcresi":"1 dakika"},"schema":{"@context":"https:\/\/schema.org","@graph":[{"@type":"Article","@id":"https:\/\/narteks.net\/index.php\/2009\/11\/19\/yilmaz-odabasi-biyografisi\/#article","isPartOf":{"@id":"https:\/\/narteks.net\/index.php\/2009\/11\/19\/yilmaz-odabasi-biyografisi\/"},"author":{"name":"Tar\u0131k","@id":"https:\/\/narteks.net\/#\/schema\/person\/61f37d9834294b72d31d274e7ed79bca"},"headline":"Y\u0131lmaz ODABA\u015eI Biyografisi","datePublished":"2009-11-19T08:05:24+00:00","mainEntityOfPage":{"@id":"https:\/\/narteks.net\/index.php\/2009\/11\/19\/yilmaz-odabasi-biyografisi\/"},"wordCount":266,"commentCount":0,"publisher":{"@id":"https:\/\/narteks.net\/#organization"},"image":{"@id":"https:\/\/narteks.net\/index.php\/2009\/11\/19\/yilmaz-odabasi-biyografisi\/#primaryimage"},"thumbnailUrl":"http:\/\/img03.blogcu.com\/images\/y\/o\/r\/yorgunhuzur\/yilmaz_odabasi_1249254993.jpg","articleSection":["Y\u0131lmaz ODABA\u015eI"],"inLanguage":"tr","potentialAction":[{"@type":"CommentAction","name":"Comment","target":["https:\/\/narteks.net\/index.php\/2009\/11\/19\/yilmaz-odabasi-biyografisi\/#respond"]}]},{"@type":"WebPage","@id":"https:\/\/narteks.net\/index.php\/2009\/11\/19\/yilmaz-odabasi-biyografisi\/","url":"https:\/\/narteks.net\/index.php\/2009\/11\/19\/yilmaz-odabasi-biyografisi\/","name":"Y\u0131lmaz ODABA\u015eI Biyografisi - narteks.net","isPartOf":{"@id":"https:\/\/narteks.net\/#website"},"primaryImageOfPage":{"@id":"https:\/\/narteks.net\/index.php\/2009\/11\/19\/yilmaz-odabasi-biyografisi\/#primaryimage"},"image":{"@id":"https:\/\/narteks.net\/index.php\/2009\/11\/19\/yilmaz-odabasi-biyografisi\/#primaryimage"},"thumbnailUrl":"http:\/\/img03.blogcu.com\/images\/y\/o\/r\/yorgunhuzur\/yilmaz_odabasi_1249254993.jpg","datePublished":"2009-11-19T08:05:24+00:00","breadcrumb":{"@id":"https:\/\/narteks.net\/index.php\/2009\/11\/19\/yilmaz-odabasi-biyografisi\/#breadcrumb"},"inLanguage":"tr","potentialAction":[{"@type":"ReadAction","target":["https:\/\/narteks.net\/index.php\/2009\/11\/19\/yilmaz-odabasi-biyografisi\/"]}]},{"@type":"ImageObject","inLanguage":"tr","@id":"https:\/\/narteks.net\/index.php\/2009\/11\/19\/yilmaz-odabasi-biyografisi\/#primaryimage","url":"http:\/\/img03.blogcu.com\/images\/y\/o\/r\/yorgunhuzur\/yilmaz_odabasi_1249254993.jpg","contentUrl":"http:\/\/img03.blogcu.com\/images\/y\/o\/r\/yorgunhuzur\/yilmaz_odabasi_1249254993.jpg"},{"@type":"BreadcrumbList","@id":"https:\/\/narteks.net\/index.php\/2009\/11\/19\/yilmaz-odabasi-biyografisi\/#breadcrumb","itemListElement":[{"@type":"ListItem","position":1,"name":"Anasayfa","item":"https:\/\/narteks.net\/"},{"@type":"ListItem","position":2,"name":"Y\u0131lmaz ODABA\u015eI Biyografisi"}]},{"@type":"WebSite","@id":"https:\/\/narteks.net\/#website","url":"https:\/\/narteks.net\/","name":"narteks.net","description":"K\u00fclt\u00fcr Sanat Edebiyat Felsefe","publisher":{"@id":"https:\/\/narteks.net\/#organization"},"alternateName":"K\u00fclt\u00fcr Sanat Edebiyat Felsefe","potentialAction":[{"@type":"SearchAction","target":{"@type":"EntryPoint","urlTemplate":"https:\/\/narteks.net\/?s={search_term_string}"},"query-input":{"@type":"PropertyValueSpecification","valueRequired":true,"valueName":"search_term_string"}}],"inLanguage":"tr"},{"@type":"Organization","@id":"https:\/\/narteks.net\/#organization","name":"narteks.net","url":"https:\/\/narteks.net\/","logo":{"@type":"ImageObject","inLanguage":"tr","@id":"https:\/\/narteks.net\/#\/schema\/logo\/image\/","url":"https:\/\/narteks.net\/wp-content\/uploads\/narteks.png","contentUrl":"https:\/\/narteks.net\/wp-content\/uploads\/narteks.png","width":300,"height":90,"caption":"narteks.net"},"image":{"@id":"https:\/\/narteks.net\/#\/schema\/logo\/image\/"},"sameAs":["https:\/\/x.com\/narteks","https:\/\/instagram.com\/narteksnet"]},{"@type":"Person","@id":"https:\/\/narteks.net\/#\/schema\/person\/61f37d9834294b72d31d274e7ed79bca","name":"Tar\u0131k","image":{"@type":"ImageObject","inLanguage":"tr","@id":"https:\/\/narteks.net\/#\/schema\/person\/image\/","url":"https:\/\/secure.gravatar.com\/avatar\/50865afb55632c4ae467e0af0930f6510aa2297d8014be502a55b14f3b7550cf?s=96&d=mm&r=g","contentUrl":"https:\/\/secure.gravatar.com\/avatar\/50865afb55632c4ae467e0af0930f6510aa2297d8014be502a55b14f3b7550cf?s=96&d=mm&r=g","caption":"Tar\u0131k"},"sameAs":["http:\/\/narteks.net"],"url":"https:\/\/narteks.net\/index.php\/author\/narbak\/"}]}},"_links":{"self":[{"href":"https:\/\/narteks.net\/index.php\/wp-json\/wp\/v2\/posts\/1501","targetHints":{"allow":["GET"]}}],"collection":[{"href":"https:\/\/narteks.net\/index.php\/wp-json\/wp\/v2\/posts"}],"about":[{"href":"https:\/\/narteks.net\/index.php\/wp-json\/wp\/v2\/types\/post"}],"author":[{"embeddable":true,"href":"https:\/\/narteks.net\/index.php\/wp-json\/wp\/v2\/users\/1"}],"replies":[{"embeddable":true,"href":"https:\/\/narteks.net\/index.php\/wp-json\/wp\/v2\/comments?post=1501"}],"version-history":[{"count":0,"href":"https:\/\/narteks.net\/index.php\/wp-json\/wp\/v2\/posts\/1501\/revisions"}],"wp:attachment":[{"href":"https:\/\/narteks.net\/index.php\/wp-json\/wp\/v2\/media?parent=1501"}],"wp:term":[{"taxonomy":"category","embeddable":true,"href":"https:\/\/narteks.net\/index.php\/wp-json\/wp\/v2\/categories?post=1501"},{"taxonomy":"post_tag","embeddable":true,"href":"https:\/\/narteks.net\/index.php\/wp-json\/wp\/v2\/tags?post=1501"}],"curies":[{"name":"wp","href":"https:\/\/api.w.org\/{rel}","templated":true}]}}