{"id":1506,"date":"2009-11-19T11:11:46","date_gmt":"2009-11-19T08:11:46","guid":{"rendered":"http:\/\/localhost\/wordpress\/2009\/11\/19\/bir-liseli-silueti\/"},"modified":"2009-11-19T11:11:46","modified_gmt":"2009-11-19T08:11:46","slug":"bir-liseli-silueti","status":"publish","type":"post","link":"https:\/\/narteks.net\/index.php\/2009\/11\/19\/bir-liseli-silueti\/","title":{"rendered":"B\u0130R L\u0130SEL\u0130 S\u0130LUET\u0130"},"content":{"rendered":"<p>\u00a0<\/p>\n<p>hayat hatt\u0131nda acemi tayfalard\u0131k<br \/> ne avunduk sevin\u00e7 m\u00fcsvetteleriyle<br \/> a\u015fktan ikmale kald\u0131k&#8230;<\/p>\n<p> bak her sabah ba\u011f\u0131ran yeni sabaha<br \/> art\u0131k iklimler de\u011fi\u015fmi\u015f, ku\u015flar da gitmi\u015f<br \/> tenimde eski ate\u015f, g\u00f6zlerimde fer bitmi\u015f<\/p>\n<p> heybetli da\u011flar aras\u0131nda<br \/> g\u00f6\u011f\u00fcmde y\u0131ld\u0131z yitmi\u015f&#8230;<\/p>\n<p> sen<br \/> hala<br \/> an\u0131lar\u0131m\u0131n<br \/> en<br \/> beyaz<br \/> yan\u0131s\u0131n<\/p>\n<p> sen bu\u011fulu bir cam\u0131n ard\u0131ndan izledi\u011fim hayat\u0131n<br \/> yar\u0131s\u0131s\u0131n<br \/> sen sa\u011fanakla gelen sabahlarda<br \/> \u00e7ok eski bir \u015fark\u0131n\u0131n ad\u0131s\u0131n&#8230;<\/p>\n<p> *<br \/> daha adamlar \u015fehirlere otomobillerle<br \/> geceler an\u0131larla birlikte gelir<br \/> siluetin giderek uzakla\u015f\u0131r, d\u00fc\u015fler de kilitlenir<br \/> efkar\u0131m bir yaral\u0131 ayr\u0131l\u0131ktan beslenir<\/p>\n<p> (art\u0131k ne teneff\u00fcs zilleri \u00e7alar<br \/> ne otob\u00fcs duraklar\u0131nda sab\u0131rs\u0131z bekleyi\u015fler var&#8230;)<\/p>\n<p> *<br \/> kimse bilmez<br \/> y\u0131llar y\u0131l\u0131 hep ayn\u0131 beyazla gezmek nedendi<br \/> olsun!<br \/> Yirmi y\u0131l seni \u00f6zleyerek ya\u015flanmak da g\u00fczeldi&#8230;<\/p>\n<p> \u00c7\u00fcnk\u00fc sen bu\u011fulu bir cam\u0131n ard\u0131ndan izledi\u011fim hayat\u0131n<br \/> yar\u0131s\u0131s\u0131n<br \/> sen sa\u011fanakla gelen sabahlarda \u00e7ok eski<br \/> \u00e7ok eski bir \u015fark\u0131n\u0131n ad\u0131s\u0131n&#8230;<\/p>\n<p>Y\u0131lmaz ODABA\u015eI<\/p>\n","protected":false},"excerpt":{"rendered":"<p>\u00a0 hayat hatt\u0131nda acemi tayfalard\u0131k ne avunduk sevin\u00e7 m\u00fcsvetteleriyle a\u015fktan ikmale kald\u0131k&#8230; bak her sabah ba\u011f\u0131ran yeni sabaha art\u0131k iklimler de\u011fi\u015fmi\u015f, ku\u015flar da gitmi\u015f tenimde eski ate\u015f, g\u00f6zlerimde fer bitmi\u015f heybetli da\u011flar aras\u0131nda g\u00f6\u011f\u00fcmde y\u0131ld\u0131z yitmi\u015f&#8230; sen hala an\u0131lar\u0131m\u0131n en beyaz yan\u0131s\u0131n sen bu\u011fulu bir cam\u0131n ard\u0131ndan izledi\u011fim hayat\u0131n yar\u0131s\u0131s\u0131n sen sa\u011fanakla gelen sabahlarda \u00e7ok [&hellip;]<\/p>\n","protected":false},"author":1,"featured_media":0,"comment_status":"open","ping_status":"open","sticky":false,"template":"","format":"standard","meta":{"footnotes":""},"categories":[77],"tags":[],"class_list":{"0":"post-1506","1":"post","2":"type-post","3":"status-publish","4":"format-standard","6":"category-yilmaz-odabasi"},"yoast_head":"<!-- This site is optimized with the Yoast SEO Premium plugin v24.9 (Yoast SEO v24.9) - https:\/\/yoast.com\/wordpress\/plugins\/seo\/ -->\n<title>B\u0130R L\u0130SEL\u0130 S\u0130LUET\u0130 - narteks.net<\/title>\n<meta name=\"robots\" content=\"index, follow, max-snippet:-1, max-image-preview:large, max-video-preview:-1\" \/>\n<link rel=\"canonical\" href=\"https:\/\/narteks.net\/index.php\/2009\/11\/19\/bir-liseli-silueti\/\" \/>\n<meta property=\"og:locale\" content=\"tr_TR\" \/>\n<meta property=\"og:type\" content=\"article\" \/>\n<meta property=\"og:title\" content=\"B\u0130R L\u0130SEL\u0130 S\u0130LUET\u0130\" \/>\n<meta property=\"og:description\" content=\"\u00a0 hayat hatt\u0131nda acemi tayfalard\u0131k ne avunduk sevin\u00e7 m\u00fcsvetteleriyle a\u015fktan ikmale kald\u0131k&#8230; bak her sabah ba\u011f\u0131ran yeni sabaha art\u0131k iklimler de\u011fi\u015fmi\u015f, ku\u015flar da gitmi\u015f tenimde eski ate\u015f, g\u00f6zlerimde fer bitmi\u015f heybetli da\u011flar aras\u0131nda g\u00f6\u011f\u00fcmde y\u0131ld\u0131z yitmi\u015f&#8230; sen hala an\u0131lar\u0131m\u0131n en beyaz yan\u0131s\u0131n sen bu\u011fulu bir cam\u0131n ard\u0131ndan izledi\u011fim hayat\u0131n yar\u0131s\u0131s\u0131n sen sa\u011fanakla gelen sabahlarda \u00e7ok [&hellip;]\" \/>\n<meta property=\"og:url\" content=\"https:\/\/narteks.net\/index.php\/2009\/11\/19\/bir-liseli-silueti\/\" \/>\n<meta property=\"og:site_name\" content=\"narteks.net\" \/>\n<meta property=\"article:published_time\" content=\"2009-11-19T08:11:46+00:00\" \/>\n<meta property=\"og:image\" content=\"https:\/\/narteks.net\/wp-content\/uploads\/narteks.png\" \/>\n\t<meta property=\"og:image:width\" content=\"300\" \/>\n\t<meta property=\"og:image:height\" content=\"90\" \/>\n\t<meta property=\"og:image:type\" content=\"image\/png\" \/>\n<meta name=\"author\" content=\"Tar\u0131k\" \/>\n<meta name=\"twitter:card\" content=\"summary_large_image\" \/>\n<meta name=\"twitter:creator\" content=\"@narteks\" \/>\n<meta name=\"twitter:site\" content=\"@narteks\" \/>\n<meta name=\"twitter:label1\" content=\"Yazan:\" \/>\n\t<meta name=\"twitter:data1\" content=\"Tar\u0131k\" \/>\n\t<meta name=\"twitter:label2\" content=\"Tahmini okuma s\u00fcresi\" \/>\n\t<meta name=\"twitter:data2\" content=\"1 dakika\" \/>\n<script type=\"application\/ld+json\" class=\"yoast-schema-graph\">{\"@context\":\"https:\/\/schema.org\",\"@graph\":[{\"@type\":\"Article\",\"@id\":\"https:\/\/narteks.net\/index.php\/2009\/11\/19\/bir-liseli-silueti\/#article\",\"isPartOf\":{\"@id\":\"https:\/\/narteks.net\/index.php\/2009\/11\/19\/bir-liseli-silueti\/\"},\"author\":{\"name\":\"Tar\u0131k\",\"@id\":\"https:\/\/narteks.net\/#\/schema\/person\/61f37d9834294b72d31d274e7ed79bca\"},\"headline\":\"B\u0130R L\u0130SEL\u0130 S\u0130LUET\u0130\",\"datePublished\":\"2009-11-19T08:11:46+00:00\",\"mainEntityOfPage\":{\"@id\":\"https:\/\/narteks.net\/index.php\/2009\/11\/19\/bir-liseli-silueti\/\"},\"wordCount\":200,\"commentCount\":0,\"publisher\":{\"@id\":\"https:\/\/narteks.net\/#organization\"},\"articleSection\":[\"Y\u0131lmaz ODABA\u015eI\"],\"inLanguage\":\"tr\",\"potentialAction\":[{\"@type\":\"CommentAction\",\"name\":\"Comment\",\"target\":[\"https:\/\/narteks.net\/index.php\/2009\/11\/19\/bir-liseli-silueti\/#respond\"]}]},{\"@type\":\"WebPage\",\"@id\":\"https:\/\/narteks.net\/index.php\/2009\/11\/19\/bir-liseli-silueti\/\",\"url\":\"https:\/\/narteks.net\/index.php\/2009\/11\/19\/bir-liseli-silueti\/\",\"name\":\"B\u0130R L\u0130SEL\u0130 S\u0130LUET\u0130 - narteks.net\",\"isPartOf\":{\"@id\":\"https:\/\/narteks.net\/#website\"},\"datePublished\":\"2009-11-19T08:11:46+00:00\",\"breadcrumb\":{\"@id\":\"https:\/\/narteks.net\/index.php\/2009\/11\/19\/bir-liseli-silueti\/#breadcrumb\"},\"inLanguage\":\"tr\",\"potentialAction\":[{\"@type\":\"ReadAction\",\"target\":[\"https:\/\/narteks.net\/index.php\/2009\/11\/19\/bir-liseli-silueti\/\"]}]},{\"@type\":\"BreadcrumbList\",\"@id\":\"https:\/\/narteks.net\/index.php\/2009\/11\/19\/bir-liseli-silueti\/#breadcrumb\",\"itemListElement\":[{\"@type\":\"ListItem\",\"position\":1,\"name\":\"Anasayfa\",\"item\":\"https:\/\/narteks.net\/\"},{\"@type\":\"ListItem\",\"position\":2,\"name\":\"B\u0130R L\u0130SEL\u0130 S\u0130LUET\u0130\"}]},{\"@type\":\"WebSite\",\"@id\":\"https:\/\/narteks.net\/#website\",\"url\":\"https:\/\/narteks.net\/\",\"name\":\"narteks.net\",\"description\":\"K\u00fclt\u00fcr Sanat Edebiyat Felsefe\",\"publisher\":{\"@id\":\"https:\/\/narteks.net\/#organization\"},\"alternateName\":\"K\u00fclt\u00fcr Sanat Edebiyat Felsefe\",\"potentialAction\":[{\"@type\":\"SearchAction\",\"target\":{\"@type\":\"EntryPoint\",\"urlTemplate\":\"https:\/\/narteks.net\/?s={search_term_string}\"},\"query-input\":{\"@type\":\"PropertyValueSpecification\",\"valueRequired\":true,\"valueName\":\"search_term_string\"}}],\"inLanguage\":\"tr\"},{\"@type\":\"Organization\",\"@id\":\"https:\/\/narteks.net\/#organization\",\"name\":\"narteks.net\",\"url\":\"https:\/\/narteks.net\/\",\"logo\":{\"@type\":\"ImageObject\",\"inLanguage\":\"tr\",\"@id\":\"https:\/\/narteks.net\/#\/schema\/logo\/image\/\",\"url\":\"https:\/\/narteks.net\/wp-content\/uploads\/narteks.png\",\"contentUrl\":\"https:\/\/narteks.net\/wp-content\/uploads\/narteks.png\",\"width\":300,\"height\":90,\"caption\":\"narteks.net\"},\"image\":{\"@id\":\"https:\/\/narteks.net\/#\/schema\/logo\/image\/\"},\"sameAs\":[\"https:\/\/x.com\/narteks\",\"https:\/\/instagram.com\/narteksnet\"]},{\"@type\":\"Person\",\"@id\":\"https:\/\/narteks.net\/#\/schema\/person\/61f37d9834294b72d31d274e7ed79bca\",\"name\":\"Tar\u0131k\",\"image\":{\"@type\":\"ImageObject\",\"inLanguage\":\"tr\",\"@id\":\"https:\/\/narteks.net\/#\/schema\/person\/image\/\",\"url\":\"https:\/\/secure.gravatar.com\/avatar\/50865afb55632c4ae467e0af0930f6510aa2297d8014be502a55b14f3b7550cf?s=96&d=mm&r=g\",\"contentUrl\":\"https:\/\/secure.gravatar.com\/avatar\/50865afb55632c4ae467e0af0930f6510aa2297d8014be502a55b14f3b7550cf?s=96&d=mm&r=g\",\"caption\":\"Tar\u0131k\"},\"sameAs\":[\"http:\/\/narteks.net\"],\"url\":\"https:\/\/narteks.net\/index.php\/author\/narbak\/\"}]}<\/script>\n<!-- \/ Yoast SEO Premium plugin. -->","yoast_head_json":{"title":"B\u0130R L\u0130SEL\u0130 S\u0130LUET\u0130 - narteks.net","robots":{"index":"index","follow":"follow","max-snippet":"max-snippet:-1","max-image-preview":"max-image-preview:large","max-video-preview":"max-video-preview:-1"},"canonical":"https:\/\/narteks.net\/index.php\/2009\/11\/19\/bir-liseli-silueti\/","og_locale":"tr_TR","og_type":"article","og_title":"B\u0130R L\u0130SEL\u0130 S\u0130LUET\u0130","og_description":"\u00a0 hayat hatt\u0131nda acemi tayfalard\u0131k ne avunduk sevin\u00e7 m\u00fcsvetteleriyle a\u015fktan ikmale kald\u0131k&#8230; bak her sabah ba\u011f\u0131ran yeni sabaha art\u0131k iklimler de\u011fi\u015fmi\u015f, ku\u015flar da gitmi\u015f tenimde eski ate\u015f, g\u00f6zlerimde fer bitmi\u015f heybetli da\u011flar aras\u0131nda g\u00f6\u011f\u00fcmde y\u0131ld\u0131z yitmi\u015f&#8230; sen hala an\u0131lar\u0131m\u0131n en beyaz yan\u0131s\u0131n sen bu\u011fulu bir cam\u0131n ard\u0131ndan izledi\u011fim hayat\u0131n yar\u0131s\u0131s\u0131n sen sa\u011fanakla gelen sabahlarda \u00e7ok [&hellip;]","og_url":"https:\/\/narteks.net\/index.php\/2009\/11\/19\/bir-liseli-silueti\/","og_site_name":"narteks.net","article_published_time":"2009-11-19T08:11:46+00:00","og_image":[{"width":300,"height":90,"url":"https:\/\/narteks.net\/wp-content\/uploads\/narteks.png","type":"image\/png"}],"author":"Tar\u0131k","twitter_card":"summary_large_image","twitter_creator":"@narteks","twitter_site":"@narteks","twitter_misc":{"Yazan:":"Tar\u0131k","Tahmini okuma s\u00fcresi":"1 dakika"},"schema":{"@context":"https:\/\/schema.org","@graph":[{"@type":"Article","@id":"https:\/\/narteks.net\/index.php\/2009\/11\/19\/bir-liseli-silueti\/#article","isPartOf":{"@id":"https:\/\/narteks.net\/index.php\/2009\/11\/19\/bir-liseli-silueti\/"},"author":{"name":"Tar\u0131k","@id":"https:\/\/narteks.net\/#\/schema\/person\/61f37d9834294b72d31d274e7ed79bca"},"headline":"B\u0130R L\u0130SEL\u0130 S\u0130LUET\u0130","datePublished":"2009-11-19T08:11:46+00:00","mainEntityOfPage":{"@id":"https:\/\/narteks.net\/index.php\/2009\/11\/19\/bir-liseli-silueti\/"},"wordCount":200,"commentCount":0,"publisher":{"@id":"https:\/\/narteks.net\/#organization"},"articleSection":["Y\u0131lmaz ODABA\u015eI"],"inLanguage":"tr","potentialAction":[{"@type":"CommentAction","name":"Comment","target":["https:\/\/narteks.net\/index.php\/2009\/11\/19\/bir-liseli-silueti\/#respond"]}]},{"@type":"WebPage","@id":"https:\/\/narteks.net\/index.php\/2009\/11\/19\/bir-liseli-silueti\/","url":"https:\/\/narteks.net\/index.php\/2009\/11\/19\/bir-liseli-silueti\/","name":"B\u0130R L\u0130SEL\u0130 S\u0130LUET\u0130 - narteks.net","isPartOf":{"@id":"https:\/\/narteks.net\/#website"},"datePublished":"2009-11-19T08:11:46+00:00","breadcrumb":{"@id":"https:\/\/narteks.net\/index.php\/2009\/11\/19\/bir-liseli-silueti\/#breadcrumb"},"inLanguage":"tr","potentialAction":[{"@type":"ReadAction","target":["https:\/\/narteks.net\/index.php\/2009\/11\/19\/bir-liseli-silueti\/"]}]},{"@type":"BreadcrumbList","@id":"https:\/\/narteks.net\/index.php\/2009\/11\/19\/bir-liseli-silueti\/#breadcrumb","itemListElement":[{"@type":"ListItem","position":1,"name":"Anasayfa","item":"https:\/\/narteks.net\/"},{"@type":"ListItem","position":2,"name":"B\u0130R L\u0130SEL\u0130 S\u0130LUET\u0130"}]},{"@type":"WebSite","@id":"https:\/\/narteks.net\/#website","url":"https:\/\/narteks.net\/","name":"narteks.net","description":"K\u00fclt\u00fcr Sanat Edebiyat Felsefe","publisher":{"@id":"https:\/\/narteks.net\/#organization"},"alternateName":"K\u00fclt\u00fcr Sanat Edebiyat Felsefe","potentialAction":[{"@type":"SearchAction","target":{"@type":"EntryPoint","urlTemplate":"https:\/\/narteks.net\/?s={search_term_string}"},"query-input":{"@type":"PropertyValueSpecification","valueRequired":true,"valueName":"search_term_string"}}],"inLanguage":"tr"},{"@type":"Organization","@id":"https:\/\/narteks.net\/#organization","name":"narteks.net","url":"https:\/\/narteks.net\/","logo":{"@type":"ImageObject","inLanguage":"tr","@id":"https:\/\/narteks.net\/#\/schema\/logo\/image\/","url":"https:\/\/narteks.net\/wp-content\/uploads\/narteks.png","contentUrl":"https:\/\/narteks.net\/wp-content\/uploads\/narteks.png","width":300,"height":90,"caption":"narteks.net"},"image":{"@id":"https:\/\/narteks.net\/#\/schema\/logo\/image\/"},"sameAs":["https:\/\/x.com\/narteks","https:\/\/instagram.com\/narteksnet"]},{"@type":"Person","@id":"https:\/\/narteks.net\/#\/schema\/person\/61f37d9834294b72d31d274e7ed79bca","name":"Tar\u0131k","image":{"@type":"ImageObject","inLanguage":"tr","@id":"https:\/\/narteks.net\/#\/schema\/person\/image\/","url":"https:\/\/secure.gravatar.com\/avatar\/50865afb55632c4ae467e0af0930f6510aa2297d8014be502a55b14f3b7550cf?s=96&d=mm&r=g","contentUrl":"https:\/\/secure.gravatar.com\/avatar\/50865afb55632c4ae467e0af0930f6510aa2297d8014be502a55b14f3b7550cf?s=96&d=mm&r=g","caption":"Tar\u0131k"},"sameAs":["http:\/\/narteks.net"],"url":"https:\/\/narteks.net\/index.php\/author\/narbak\/"}]}},"_links":{"self":[{"href":"https:\/\/narteks.net\/index.php\/wp-json\/wp\/v2\/posts\/1506","targetHints":{"allow":["GET"]}}],"collection":[{"href":"https:\/\/narteks.net\/index.php\/wp-json\/wp\/v2\/posts"}],"about":[{"href":"https:\/\/narteks.net\/index.php\/wp-json\/wp\/v2\/types\/post"}],"author":[{"embeddable":true,"href":"https:\/\/narteks.net\/index.php\/wp-json\/wp\/v2\/users\/1"}],"replies":[{"embeddable":true,"href":"https:\/\/narteks.net\/index.php\/wp-json\/wp\/v2\/comments?post=1506"}],"version-history":[{"count":0,"href":"https:\/\/narteks.net\/index.php\/wp-json\/wp\/v2\/posts\/1506\/revisions"}],"wp:attachment":[{"href":"https:\/\/narteks.net\/index.php\/wp-json\/wp\/v2\/media?parent=1506"}],"wp:term":[{"taxonomy":"category","embeddable":true,"href":"https:\/\/narteks.net\/index.php\/wp-json\/wp\/v2\/categories?post=1506"},{"taxonomy":"post_tag","embeddable":true,"href":"https:\/\/narteks.net\/index.php\/wp-json\/wp\/v2\/tags?post=1506"}],"curies":[{"name":"wp","href":"https:\/\/api.w.org\/{rel}","templated":true}]}}