{"id":1510,"date":"2009-11-19T11:15:01","date_gmt":"2009-11-19T08:15:01","guid":{"rendered":"http:\/\/localhost\/wordpress\/2009\/11\/19\/cizre-yolunda-gunese-bakan-asker\/"},"modified":"2009-11-19T11:15:01","modified_gmt":"2009-11-19T08:15:01","slug":"cizre-yolunda-gunese-bakan-asker","status":"publish","type":"post","link":"https:\/\/narteks.net\/index.php\/2009\/11\/19\/cizre-yolunda-gunese-bakan-asker\/","title":{"rendered":"C\u0130ZRE YOLUNDA G\u00dcNE\u015eE BAKAN ASKER"},"content":{"rendered":"<p>\u00a0<\/p>\n<p>ku\u015fat\u0131lm\u0131\u015fl\u0131\u011fa kar ya\u011f\u0131yordu<br \/> topra\u011f\u0131n may\u0131nl\u0131 \u015faka\u011f\u0131 \u00fcrkek<br \/> ve sabah\u0131n yeni renginde bir asker<br \/> cizre yolunda g\u00fcne\u015fe bak\u0131yordu<\/p>\n<p> herkes bir d\u00fcnya konu\u015furken dilinin yordam\u0131yla<br \/> en \u00f6nce a\u015fklar bitiyordu cizre yolunda<br \/> sonra c\u0131gara paketleri ve sofralar<br \/> sonra mevsimler<br \/> \u00e7ocuklar ergenli\u011fe bitiyordu&#8230;<\/p>\n<p> kar beyaz, bembeyazd\u0131 morarman\u0131n dilini bilmiyordu<br \/> cizre&#8217;de havalar o g\u00fcn ayazd\u0131<br \/> neredeydi o alabal\u0131k s\u00fcr\u00fcleri, turna katar\u0131<br \/> nerede bulurduk \u00e7\u0131lg\u0131nl\u0131klarla yonttu\u011fumuz<br \/> ve karlar gibi eriyip yiten bahar\u0131<\/p>\n<p> \/cizre yolunda g\u00fcne\u015fe bakan asker sesini nerede bulur?\/<\/p>\n<p> \u00f6zlemler biraz kals\u0131n, b\u0131rak<br \/> b\u0131rak her \u00f6zlem \u00f6n\u00fcne bir yol bulur<br \/> sen de o f\u0131s\u0131lt\u0131ya savrulma asker<br \/> cizre ellerimize, hayat d\u00fc\u015flerimize yeter..<\/p>\n<p>Y\u0131lmaz ODABA\u015eI<\/p>\n","protected":false},"excerpt":{"rendered":"<p>\u00a0 ku\u015fat\u0131lm\u0131\u015fl\u0131\u011fa kar ya\u011f\u0131yordu topra\u011f\u0131n may\u0131nl\u0131 \u015faka\u011f\u0131 \u00fcrkek ve sabah\u0131n yeni renginde bir asker cizre yolunda g\u00fcne\u015fe bak\u0131yordu herkes bir d\u00fcnya konu\u015furken dilinin yordam\u0131yla en \u00f6nce a\u015fklar bitiyordu cizre yolunda sonra c\u0131gara paketleri ve sofralar sonra mevsimler \u00e7ocuklar ergenli\u011fe bitiyordu&#8230; kar beyaz, bembeyazd\u0131 morarman\u0131n dilini bilmiyordu cizre&#8217;de havalar o g\u00fcn ayazd\u0131 neredeydi o alabal\u0131k s\u00fcr\u00fcleri, [&hellip;]<\/p>\n","protected":false},"author":1,"featured_media":0,"comment_status":"open","ping_status":"open","sticky":false,"template":"","format":"standard","meta":{"footnotes":""},"categories":[77],"tags":[],"class_list":{"0":"post-1510","1":"post","2":"type-post","3":"status-publish","4":"format-standard","6":"category-yilmaz-odabasi"},"yoast_head":"<!-- This site is optimized with the Yoast SEO Premium plugin v24.9 (Yoast SEO v24.9) - https:\/\/yoast.com\/wordpress\/plugins\/seo\/ -->\n<title>C\u0130ZRE YOLUNDA G\u00dcNE\u015eE BAKAN ASKER - narteks.net<\/title>\n<meta name=\"robots\" content=\"index, follow, max-snippet:-1, max-image-preview:large, max-video-preview:-1\" \/>\n<link rel=\"canonical\" href=\"https:\/\/narteks.net\/index.php\/2009\/11\/19\/cizre-yolunda-gunese-bakan-asker\/\" \/>\n<meta property=\"og:locale\" content=\"tr_TR\" \/>\n<meta property=\"og:type\" content=\"article\" \/>\n<meta property=\"og:title\" content=\"C\u0130ZRE YOLUNDA G\u00dcNE\u015eE BAKAN ASKER\" \/>\n<meta property=\"og:description\" content=\"\u00a0 ku\u015fat\u0131lm\u0131\u015fl\u0131\u011fa kar ya\u011f\u0131yordu topra\u011f\u0131n may\u0131nl\u0131 \u015faka\u011f\u0131 \u00fcrkek ve sabah\u0131n yeni renginde bir asker cizre yolunda g\u00fcne\u015fe bak\u0131yordu herkes bir d\u00fcnya konu\u015furken dilinin yordam\u0131yla en \u00f6nce a\u015fklar bitiyordu cizre yolunda sonra c\u0131gara paketleri ve sofralar sonra mevsimler \u00e7ocuklar ergenli\u011fe bitiyordu&#8230; kar beyaz, bembeyazd\u0131 morarman\u0131n dilini bilmiyordu cizre&#8217;de havalar o g\u00fcn ayazd\u0131 neredeydi o alabal\u0131k s\u00fcr\u00fcleri, [&hellip;]\" \/>\n<meta property=\"og:url\" content=\"https:\/\/narteks.net\/index.php\/2009\/11\/19\/cizre-yolunda-gunese-bakan-asker\/\" \/>\n<meta property=\"og:site_name\" content=\"narteks.net\" \/>\n<meta property=\"article:published_time\" content=\"2009-11-19T08:15:01+00:00\" \/>\n<meta property=\"og:image\" content=\"https:\/\/narteks.net\/wp-content\/uploads\/narteks.png\" \/>\n\t<meta property=\"og:image:width\" content=\"300\" \/>\n\t<meta property=\"og:image:height\" content=\"90\" \/>\n\t<meta property=\"og:image:type\" content=\"image\/png\" \/>\n<meta name=\"author\" content=\"Tar\u0131k\" \/>\n<meta name=\"twitter:card\" content=\"summary_large_image\" \/>\n<meta name=\"twitter:creator\" content=\"@narteks\" \/>\n<meta name=\"twitter:site\" content=\"@narteks\" \/>\n<meta name=\"twitter:label1\" content=\"Yazan:\" \/>\n\t<meta name=\"twitter:data1\" content=\"Tar\u0131k\" \/>\n\t<meta name=\"twitter:label2\" content=\"Tahmini okuma s\u00fcresi\" \/>\n\t<meta name=\"twitter:data2\" content=\"1 dakika\" \/>\n<script type=\"application\/ld+json\" class=\"yoast-schema-graph\">{\"@context\":\"https:\/\/schema.org\",\"@graph\":[{\"@type\":\"Article\",\"@id\":\"https:\/\/narteks.net\/index.php\/2009\/11\/19\/cizre-yolunda-gunese-bakan-asker\/#article\",\"isPartOf\":{\"@id\":\"https:\/\/narteks.net\/index.php\/2009\/11\/19\/cizre-yolunda-gunese-bakan-asker\/\"},\"author\":{\"name\":\"Tar\u0131k\",\"@id\":\"https:\/\/narteks.net\/#\/schema\/person\/61f37d9834294b72d31d274e7ed79bca\"},\"headline\":\"C\u0130ZRE YOLUNDA G\u00dcNE\u015eE BAKAN ASKER\",\"datePublished\":\"2009-11-19T08:15:01+00:00\",\"mainEntityOfPage\":{\"@id\":\"https:\/\/narteks.net\/index.php\/2009\/11\/19\/cizre-yolunda-gunese-bakan-asker\/\"},\"wordCount\":143,\"commentCount\":0,\"publisher\":{\"@id\":\"https:\/\/narteks.net\/#organization\"},\"articleSection\":[\"Y\u0131lmaz ODABA\u015eI\"],\"inLanguage\":\"tr\",\"potentialAction\":[{\"@type\":\"CommentAction\",\"name\":\"Comment\",\"target\":[\"https:\/\/narteks.net\/index.php\/2009\/11\/19\/cizre-yolunda-gunese-bakan-asker\/#respond\"]}]},{\"@type\":\"WebPage\",\"@id\":\"https:\/\/narteks.net\/index.php\/2009\/11\/19\/cizre-yolunda-gunese-bakan-asker\/\",\"url\":\"https:\/\/narteks.net\/index.php\/2009\/11\/19\/cizre-yolunda-gunese-bakan-asker\/\",\"name\":\"C\u0130ZRE YOLUNDA G\u00dcNE\u015eE BAKAN ASKER - narteks.net\",\"isPartOf\":{\"@id\":\"https:\/\/narteks.net\/#website\"},\"datePublished\":\"2009-11-19T08:15:01+00:00\",\"breadcrumb\":{\"@id\":\"https:\/\/narteks.net\/index.php\/2009\/11\/19\/cizre-yolunda-gunese-bakan-asker\/#breadcrumb\"},\"inLanguage\":\"tr\",\"potentialAction\":[{\"@type\":\"ReadAction\",\"target\":[\"https:\/\/narteks.net\/index.php\/2009\/11\/19\/cizre-yolunda-gunese-bakan-asker\/\"]}]},{\"@type\":\"BreadcrumbList\",\"@id\":\"https:\/\/narteks.net\/index.php\/2009\/11\/19\/cizre-yolunda-gunese-bakan-asker\/#breadcrumb\",\"itemListElement\":[{\"@type\":\"ListItem\",\"position\":1,\"name\":\"Anasayfa\",\"item\":\"https:\/\/narteks.net\/\"},{\"@type\":\"ListItem\",\"position\":2,\"name\":\"C\u0130ZRE YOLUNDA G\u00dcNE\u015eE BAKAN ASKER\"}]},{\"@type\":\"WebSite\",\"@id\":\"https:\/\/narteks.net\/#website\",\"url\":\"https:\/\/narteks.net\/\",\"name\":\"narteks.net\",\"description\":\"K\u00fclt\u00fcr Sanat Edebiyat Felsefe\",\"publisher\":{\"@id\":\"https:\/\/narteks.net\/#organization\"},\"alternateName\":\"K\u00fclt\u00fcr Sanat Edebiyat Felsefe\",\"potentialAction\":[{\"@type\":\"SearchAction\",\"target\":{\"@type\":\"EntryPoint\",\"urlTemplate\":\"https:\/\/narteks.net\/?s={search_term_string}\"},\"query-input\":{\"@type\":\"PropertyValueSpecification\",\"valueRequired\":true,\"valueName\":\"search_term_string\"}}],\"inLanguage\":\"tr\"},{\"@type\":\"Organization\",\"@id\":\"https:\/\/narteks.net\/#organization\",\"name\":\"narteks.net\",\"url\":\"https:\/\/narteks.net\/\",\"logo\":{\"@type\":\"ImageObject\",\"inLanguage\":\"tr\",\"@id\":\"https:\/\/narteks.net\/#\/schema\/logo\/image\/\",\"url\":\"https:\/\/narteks.net\/wp-content\/uploads\/narteks.png\",\"contentUrl\":\"https:\/\/narteks.net\/wp-content\/uploads\/narteks.png\",\"width\":300,\"height\":90,\"caption\":\"narteks.net\"},\"image\":{\"@id\":\"https:\/\/narteks.net\/#\/schema\/logo\/image\/\"},\"sameAs\":[\"https:\/\/x.com\/narteks\",\"https:\/\/instagram.com\/narteksnet\"]},{\"@type\":\"Person\",\"@id\":\"https:\/\/narteks.net\/#\/schema\/person\/61f37d9834294b72d31d274e7ed79bca\",\"name\":\"Tar\u0131k\",\"image\":{\"@type\":\"ImageObject\",\"inLanguage\":\"tr\",\"@id\":\"https:\/\/narteks.net\/#\/schema\/person\/image\/\",\"url\":\"https:\/\/secure.gravatar.com\/avatar\/50865afb55632c4ae467e0af0930f6510aa2297d8014be502a55b14f3b7550cf?s=96&d=mm&r=g\",\"contentUrl\":\"https:\/\/secure.gravatar.com\/avatar\/50865afb55632c4ae467e0af0930f6510aa2297d8014be502a55b14f3b7550cf?s=96&d=mm&r=g\",\"caption\":\"Tar\u0131k\"},\"sameAs\":[\"http:\/\/narteks.net\"],\"url\":\"https:\/\/narteks.net\/index.php\/author\/narbak\/\"}]}<\/script>\n<!-- \/ Yoast SEO Premium plugin. -->","yoast_head_json":{"title":"C\u0130ZRE YOLUNDA G\u00dcNE\u015eE BAKAN ASKER - narteks.net","robots":{"index":"index","follow":"follow","max-snippet":"max-snippet:-1","max-image-preview":"max-image-preview:large","max-video-preview":"max-video-preview:-1"},"canonical":"https:\/\/narteks.net\/index.php\/2009\/11\/19\/cizre-yolunda-gunese-bakan-asker\/","og_locale":"tr_TR","og_type":"article","og_title":"C\u0130ZRE YOLUNDA G\u00dcNE\u015eE BAKAN ASKER","og_description":"\u00a0 ku\u015fat\u0131lm\u0131\u015fl\u0131\u011fa kar ya\u011f\u0131yordu topra\u011f\u0131n may\u0131nl\u0131 \u015faka\u011f\u0131 \u00fcrkek ve sabah\u0131n yeni renginde bir asker cizre yolunda g\u00fcne\u015fe bak\u0131yordu herkes bir d\u00fcnya konu\u015furken dilinin yordam\u0131yla en \u00f6nce a\u015fklar bitiyordu cizre yolunda sonra c\u0131gara paketleri ve sofralar sonra mevsimler \u00e7ocuklar ergenli\u011fe bitiyordu&#8230; kar beyaz, bembeyazd\u0131 morarman\u0131n dilini bilmiyordu cizre&#8217;de havalar o g\u00fcn ayazd\u0131 neredeydi o alabal\u0131k s\u00fcr\u00fcleri, [&hellip;]","og_url":"https:\/\/narteks.net\/index.php\/2009\/11\/19\/cizre-yolunda-gunese-bakan-asker\/","og_site_name":"narteks.net","article_published_time":"2009-11-19T08:15:01+00:00","og_image":[{"width":300,"height":90,"url":"https:\/\/narteks.net\/wp-content\/uploads\/narteks.png","type":"image\/png"}],"author":"Tar\u0131k","twitter_card":"summary_large_image","twitter_creator":"@narteks","twitter_site":"@narteks","twitter_misc":{"Yazan:":"Tar\u0131k","Tahmini okuma s\u00fcresi":"1 dakika"},"schema":{"@context":"https:\/\/schema.org","@graph":[{"@type":"Article","@id":"https:\/\/narteks.net\/index.php\/2009\/11\/19\/cizre-yolunda-gunese-bakan-asker\/#article","isPartOf":{"@id":"https:\/\/narteks.net\/index.php\/2009\/11\/19\/cizre-yolunda-gunese-bakan-asker\/"},"author":{"name":"Tar\u0131k","@id":"https:\/\/narteks.net\/#\/schema\/person\/61f37d9834294b72d31d274e7ed79bca"},"headline":"C\u0130ZRE YOLUNDA G\u00dcNE\u015eE BAKAN ASKER","datePublished":"2009-11-19T08:15:01+00:00","mainEntityOfPage":{"@id":"https:\/\/narteks.net\/index.php\/2009\/11\/19\/cizre-yolunda-gunese-bakan-asker\/"},"wordCount":143,"commentCount":0,"publisher":{"@id":"https:\/\/narteks.net\/#organization"},"articleSection":["Y\u0131lmaz ODABA\u015eI"],"inLanguage":"tr","potentialAction":[{"@type":"CommentAction","name":"Comment","target":["https:\/\/narteks.net\/index.php\/2009\/11\/19\/cizre-yolunda-gunese-bakan-asker\/#respond"]}]},{"@type":"WebPage","@id":"https:\/\/narteks.net\/index.php\/2009\/11\/19\/cizre-yolunda-gunese-bakan-asker\/","url":"https:\/\/narteks.net\/index.php\/2009\/11\/19\/cizre-yolunda-gunese-bakan-asker\/","name":"C\u0130ZRE YOLUNDA G\u00dcNE\u015eE BAKAN ASKER - narteks.net","isPartOf":{"@id":"https:\/\/narteks.net\/#website"},"datePublished":"2009-11-19T08:15:01+00:00","breadcrumb":{"@id":"https:\/\/narteks.net\/index.php\/2009\/11\/19\/cizre-yolunda-gunese-bakan-asker\/#breadcrumb"},"inLanguage":"tr","potentialAction":[{"@type":"ReadAction","target":["https:\/\/narteks.net\/index.php\/2009\/11\/19\/cizre-yolunda-gunese-bakan-asker\/"]}]},{"@type":"BreadcrumbList","@id":"https:\/\/narteks.net\/index.php\/2009\/11\/19\/cizre-yolunda-gunese-bakan-asker\/#breadcrumb","itemListElement":[{"@type":"ListItem","position":1,"name":"Anasayfa","item":"https:\/\/narteks.net\/"},{"@type":"ListItem","position":2,"name":"C\u0130ZRE YOLUNDA G\u00dcNE\u015eE BAKAN ASKER"}]},{"@type":"WebSite","@id":"https:\/\/narteks.net\/#website","url":"https:\/\/narteks.net\/","name":"narteks.net","description":"K\u00fclt\u00fcr Sanat Edebiyat Felsefe","publisher":{"@id":"https:\/\/narteks.net\/#organization"},"alternateName":"K\u00fclt\u00fcr Sanat Edebiyat Felsefe","potentialAction":[{"@type":"SearchAction","target":{"@type":"EntryPoint","urlTemplate":"https:\/\/narteks.net\/?s={search_term_string}"},"query-input":{"@type":"PropertyValueSpecification","valueRequired":true,"valueName":"search_term_string"}}],"inLanguage":"tr"},{"@type":"Organization","@id":"https:\/\/narteks.net\/#organization","name":"narteks.net","url":"https:\/\/narteks.net\/","logo":{"@type":"ImageObject","inLanguage":"tr","@id":"https:\/\/narteks.net\/#\/schema\/logo\/image\/","url":"https:\/\/narteks.net\/wp-content\/uploads\/narteks.png","contentUrl":"https:\/\/narteks.net\/wp-content\/uploads\/narteks.png","width":300,"height":90,"caption":"narteks.net"},"image":{"@id":"https:\/\/narteks.net\/#\/schema\/logo\/image\/"},"sameAs":["https:\/\/x.com\/narteks","https:\/\/instagram.com\/narteksnet"]},{"@type":"Person","@id":"https:\/\/narteks.net\/#\/schema\/person\/61f37d9834294b72d31d274e7ed79bca","name":"Tar\u0131k","image":{"@type":"ImageObject","inLanguage":"tr","@id":"https:\/\/narteks.net\/#\/schema\/person\/image\/","url":"https:\/\/secure.gravatar.com\/avatar\/50865afb55632c4ae467e0af0930f6510aa2297d8014be502a55b14f3b7550cf?s=96&d=mm&r=g","contentUrl":"https:\/\/secure.gravatar.com\/avatar\/50865afb55632c4ae467e0af0930f6510aa2297d8014be502a55b14f3b7550cf?s=96&d=mm&r=g","caption":"Tar\u0131k"},"sameAs":["http:\/\/narteks.net"],"url":"https:\/\/narteks.net\/index.php\/author\/narbak\/"}]}},"_links":{"self":[{"href":"https:\/\/narteks.net\/index.php\/wp-json\/wp\/v2\/posts\/1510","targetHints":{"allow":["GET"]}}],"collection":[{"href":"https:\/\/narteks.net\/index.php\/wp-json\/wp\/v2\/posts"}],"about":[{"href":"https:\/\/narteks.net\/index.php\/wp-json\/wp\/v2\/types\/post"}],"author":[{"embeddable":true,"href":"https:\/\/narteks.net\/index.php\/wp-json\/wp\/v2\/users\/1"}],"replies":[{"embeddable":true,"href":"https:\/\/narteks.net\/index.php\/wp-json\/wp\/v2\/comments?post=1510"}],"version-history":[{"count":0,"href":"https:\/\/narteks.net\/index.php\/wp-json\/wp\/v2\/posts\/1510\/revisions"}],"wp:attachment":[{"href":"https:\/\/narteks.net\/index.php\/wp-json\/wp\/v2\/media?parent=1510"}],"wp:term":[{"taxonomy":"category","embeddable":true,"href":"https:\/\/narteks.net\/index.php\/wp-json\/wp\/v2\/categories?post=1510"},{"taxonomy":"post_tag","embeddable":true,"href":"https:\/\/narteks.net\/index.php\/wp-json\/wp\/v2\/tags?post=1510"}],"curies":[{"name":"wp","href":"https:\/\/api.w.org\/{rel}","templated":true}]}}