{"id":1512,"date":"2009-11-19T11:16:51","date_gmt":"2009-11-19T08:16:51","guid":{"rendered":"http:\/\/localhost\/wordpress\/2009\/11\/19\/defolu-cikan-hayat-ve-iyi-yurekli-cocuklar\/"},"modified":"2009-11-19T11:16:51","modified_gmt":"2009-11-19T08:16:51","slug":"defolu-cikan-hayat-ve-iyi-yurekli-cocuklar","status":"publish","type":"post","link":"https:\/\/narteks.net\/index.php\/2009\/11\/19\/defolu-cikan-hayat-ve-iyi-yurekli-cocuklar\/","title":{"rendered":"DEFOLU \u00c7IKAN HAYAT VE \u0130Y\u0130 Y\u00dcREKL\u0130 \u00c7OCUKLAR"},"content":{"rendered":"<p>I<br \/> uzun boylu a\u011fr\u0131lara at\u0131ld\u0131m<br \/> sokaklarda<br \/> h\u0131r\u00e7\u0131n r\u00fczg\u00e2rlara kat\u0131ld\u0131m<br \/> iyi y\u00fcrekli \u00e7ocuklar sessizce<br \/> b\u00fcy\u00fcmekte<br \/> d\u00fcnyan\u0131n \u015favk\u0131 kendine,<br \/> efk\u00e2r\u0131 bize mi? demekte;<br \/> kimileri taburlara, ko\u011fu\u015flara gitmekte<br \/> kimileri sidikli d\u00f6\u015feklerde upuzun uykulara<br \/> d\u00fc\u015fmekteydiler<br \/> uzaklarda ya\u015fl\u0131 \u00e7am a\u011fa\u00e7lar\u0131 sessizce \u00e7\u00fcr\u00fcmekteydiler&#8230;<\/p>\n<p> iyi y\u00fcrekli \u00e7ocuklar<br \/> g\u00fcnlerin rahmine yaslarken d\u00fc\u015flerini<br \/> bazen apans\u0131z \u00f6lmekte<br \/> \u00f6lmekteydiler&#8230;<\/p>\n<p> ama \u015falvarlar\u0131 g\u00fcl desenli d\u00f6neler<br \/> yeniden dillenip d\u00f6llenmekte<br \/> do\u011frulup yeniden dillenmekte<br \/> ve sokaklar\u0131n, a(damlar\u0131n), kedilerin \u00fcst\u00fcnden <br \/> r\u00fczg\u00e2rlar esmekteydiler&#8230;<br \/> (gecede bir fahi\u015fenin koynunda uzun donlu, nizipli bir t\u00fcccar \u00fc\u015f\u00fcmekte; ka\u00e7ak elektrik kullan\u0131lan evlerde s\u00fcm\u00fckl\u00fc o\u011flanlar p\u00fcsk\u00fcvit(!) istemekte ve s\u0131ms\u0131cak somunlar\u0131 kavrayan yasl\u0131 eller, balta girmemi\u015f hayat\u0131n ortas\u0131ndan korkak ve k\u00fcstah bir tevazuyla y\u00fcr\u00fcmekteydiler&#8230; iyi y\u00fcrekli \u00e7ocuklar d\u00fczineler halinde fele\u011fe k\u00fcfrederek ge\u00e7mekteydiler; sonra gecede mart kedileri, ay \u0131\u015f\u0131\u011f\u0131 ve iniltiler&#8230; hep ayn\u0131 nakaratta k\u00f6hne bir hayat&#8230;)<br \/> sonra bildik t\u00f6renler, kan\u0131ksanm\u0131\u015f itaatler<br \/> ve her a\u015fk\u0131n k\u00fcnyesine bir g\u00fcn<br \/> d\u00f6k\u00fclen k\u00fcller&#8230;<\/p>\n<p> sonras\u0131 pazaryerleri: patates, p\u0131rasa vs.<br \/> taksitler \u00f6denip senetler al\u0131nacak bu ay da<br \/> bu ay da s\u00fcr\u00fcm s\u00fcr\u00fcm<br \/> turplara s\u0131k\u0131lan limon damlalar\u0131 gibi duraklarda<\/p>\n<p> defolu \u00e7\u0131km\u0131\u015f hayat<br \/> kimin umurunda!<\/p>\n<p> II<br \/> kimin umurunda<br \/> yeni donlar giyen eski kad\u0131nlar<br \/> ve bilumum \u00f6tekiler<br \/> dolup bo\u015falan k\u00fcltablalar\u0131<br \/> bozuk sifonlar<br \/> \u015ferefsiz adisyonlar<br \/> ve yamal\u0131 boh\u00e7alar gibi uzayan yollar<\/p>\n<p> kimin umurunda<br \/> buharla\u015fm\u0131\u015f o\u011fullar\u0131n\u0131 arayan analar\u0131n ac\u0131s\u0131<br \/> ve ya\u015fl\u0131 bir kemanc\u0131n\u0131n eskimi\u015f papyonundaki keder&#8230;<\/p>\n<p> \/s\u00fcrerken \u0131ss\u0131zl\u0131\u011f\u0131n \u00f6d\u00fcl t\u00f6reni<br \/> sen topla dur topla dur da\u011f\u0131lan sevin\u00e7leri&#8230;\/<\/p>\n<p> III<br \/> -vay anas\u0131n\u0131 bu ma\u00e7\u0131 da alamad\u0131k abiler<br \/> ipne hakemler bizi yine ma\u011flup ettiler!<\/p>\n<p> iyi y\u00fcrekli \u00e7ocuklar sessizce b\u00fcy\u00fcmekte<br \/> en pahal\u0131 d\u00fc\u015fleri dolara endeksleyip<br \/> en ucuz pazarlara s\u00fcrmekteydiler<br \/> sonras\u0131 a\u015fk\u0131n<br \/> ve \u015farab\u0131n \u015fan\u0131na d\u00fc\u015fen g\u00f6lgeler&#8230;<\/p>\n<p> g\u00f6lgeler<br \/> kimin umurunda?<br \/> yoruldu yorgunluk da<br \/> a\u015fk bir yana, d\u00fc\u015f bir yana!<\/p>\n<p> paran\u0131n sultas\u0131 d\u00fc\u015ft\u00fck\u00e7e<br \/> d\u00fc\u015ft\u00fck\u00e7e a\u015fka, \u0131\u015f\u0131\u011fa ve \u015fark\u0131ya<br \/> her \u015fey h\u0131zla ayr\u0131\u015fmakta<br \/> \u00fcstelik g\u00fcn ortas\u0131, \u0131\u015f\u0131kta!<\/p>\n<p> her \u015fey pazar<br \/> ve karma\u015fa&#8230;<br \/> \/s\u00fcrerken \u0131ss\u0131zl\u0131\u011f\u0131n \u00f6d\u00fcl t\u00f6reni<br \/> sen topla dur topla dur kirletilmi\u015f d\u00fc\u015fleri&#8230;\/<br \/> IV<br \/> iyi y\u00fcrekli \u00e7ocuklar sessizce<br \/> o a\u015f\u0131nm\u0131\u015f sa\u00e7aklarda, yollarda<br \/> \u0131srarla yanl\u0131\u015f atlara binip<br \/> \u0131srarla d\u00fc\u015fmekteydiler&#8230;<\/p>\n<p> -yok yoluna ge\u00e7ti ge\u00e7en g\u00fcnler<br \/> ..k yoluna kald\u0131 kalan g\u00fcnler geride<br \/> bu y\u00fczden a\u015fk dedi\u011finiz nedir ki be abiler?<br \/> camlar\u0131 bu\u011fulu bir genelev odas\u0131nda<br \/> vizite fiyat\u0131na&#8230;<\/p>\n<p> solarken<br \/> gecekondular\u0131n dar pencerelerinde bal g\u00f6zl\u00fc k\u0131zlar&#8230;<\/p>\n<p> V<br \/> s\u00fcrerdi<br \/> yine s\u00fcrerdi m\u0131r\u0131lt\u0131lar ve homurtularla hayat <br \/> bu ma\u00e7\u0131 da alamazken abiler<br \/> iyi y\u00fcrekli \u00e7ocuklar sessizce b\u00fcy\u00fcmekte<br \/> b\u00fcy\u00fcd\u00fck\u00e7e kirlenmekte<br \/> kirlendik\u00e7e \u00f6lmekte<br \/> \u00f6ld\u00fck\u00e7e bilmekte<br \/> bildik\u00e7e ac\u0131makta<br \/> ac\u0131d\u0131k\u00e7a g\u00f6rmekteydiler<br \/> ki her f\u0131rt\u0131nadan ve an\u0131dan geride<br \/> herkes fig\u00fcran<br \/> ya\u015fam\u0131n sahnesinde&#8230;<\/p>\n<p> sahnesinde<br \/> ya\u015fam\u0131n<br \/> kentlerin kald\u0131r\u0131mlar\u0131nda upuzun dilenciler<br \/> minib\u00fcslerde demlenmi\u015f ter ve \u00e7\u00fcr\u00fck sperm kokusu<br \/> sahnesinde<br \/> a\u015fklarla rus ruleti<br \/> ve tel ka\u00e7\u0131ran \u00e7oraplar\u0131n kederi&#8230;<\/p>\n<p> sahnesinde<br \/> br\u00fct bir ya\u015fam<br \/> net bir \u00f6l\u00fcm<\/p>\n<p> (b\u0131rak rezil g\u00fcnd\u00fczleri<br \/> geceye yaslan g\u00fcl\u00fcm!)<\/p>\n<p> VI<br \/> iyi y\u00fcrekli \u00e7ocuklar o mahallelerden<br \/> d\u00fczineler halinde ge\u00e7mekteydiler&#8230;<br \/> uzak ormanlarda yaln\u0131z me\u015feler sessizce b\u00fcy\u00fcmekteydiler<\/p>\n<p> -i\u015fte bu vuru\u015flar s\u00fcrd\u00fck\u00e7e<br \/> ma\u00e7 m\u0131 al\u0131n\u0131r ulan say\u0131n abiler<br \/> ipne hakemler bu sezon da bizi ma\u011flup ettiler!<\/p>\n<p> a\u015fkta<br \/> d\u00fc\u015fte<br \/> i\u015fte<br \/> birer<br \/> birer<br \/> inerken<br \/> beyaz<br \/> bayraklar\u0131<\/p>\n<p> \/bizim \u00e7ocuklar,<br \/> b\u00fct\u00fcn ma\u00e7larda yenildiler&#8230;\/<\/p>\n<p>Y\u0131lmaz ODABA\u015eI<\/p>\n","protected":false},"excerpt":{"rendered":"<p>I uzun boylu a\u011fr\u0131lara at\u0131ld\u0131m sokaklarda h\u0131r\u00e7\u0131n r\u00fczg\u00e2rlara kat\u0131ld\u0131m iyi y\u00fcrekli \u00e7ocuklar sessizce b\u00fcy\u00fcmekte d\u00fcnyan\u0131n \u015favk\u0131 kendine, efk\u00e2r\u0131 bize mi? demekte; kimileri taburlara, ko\u011fu\u015flara gitmekte kimileri sidikli d\u00f6\u015feklerde upuzun uykulara d\u00fc\u015fmekteydiler uzaklarda ya\u015fl\u0131 \u00e7am a\u011fa\u00e7lar\u0131 sessizce \u00e7\u00fcr\u00fcmekteydiler&#8230; iyi y\u00fcrekli \u00e7ocuklar g\u00fcnlerin rahmine yaslarken d\u00fc\u015flerini bazen apans\u0131z \u00f6lmekte \u00f6lmekteydiler&#8230; ama \u015falvarlar\u0131 g\u00fcl desenli d\u00f6neler yeniden dillenip [&hellip;]<\/p>\n","protected":false},"author":1,"featured_media":0,"comment_status":"open","ping_status":"open","sticky":false,"template":"","format":"standard","meta":{"footnotes":""},"categories":[77],"tags":[],"class_list":{"0":"post-1512","1":"post","2":"type-post","3":"status-publish","4":"format-standard","6":"category-yilmaz-odabasi"},"yoast_head":"<!-- This site is optimized with the Yoast SEO Premium plugin v24.9 (Yoast SEO v24.9) - https:\/\/yoast.com\/wordpress\/plugins\/seo\/ -->\n<title>DEFOLU \u00c7IKAN HAYAT VE \u0130Y\u0130 Y\u00dcREKL\u0130 \u00c7OCUKLAR - narteks.net<\/title>\n<meta name=\"robots\" content=\"index, follow, max-snippet:-1, max-image-preview:large, max-video-preview:-1\" \/>\n<link rel=\"canonical\" href=\"https:\/\/narteks.net\/index.php\/2009\/11\/19\/defolu-cikan-hayat-ve-iyi-yurekli-cocuklar\/\" \/>\n<meta property=\"og:locale\" content=\"tr_TR\" \/>\n<meta property=\"og:type\" content=\"article\" \/>\n<meta property=\"og:title\" content=\"DEFOLU \u00c7IKAN HAYAT VE \u0130Y\u0130 Y\u00dcREKL\u0130 \u00c7OCUKLAR\" \/>\n<meta property=\"og:description\" content=\"I uzun boylu a\u011fr\u0131lara at\u0131ld\u0131m sokaklarda h\u0131r\u00e7\u0131n r\u00fczg\u00e2rlara kat\u0131ld\u0131m iyi y\u00fcrekli \u00e7ocuklar sessizce b\u00fcy\u00fcmekte d\u00fcnyan\u0131n \u015favk\u0131 kendine, efk\u00e2r\u0131 bize mi? demekte; kimileri taburlara, ko\u011fu\u015flara gitmekte kimileri sidikli d\u00f6\u015feklerde upuzun uykulara d\u00fc\u015fmekteydiler uzaklarda ya\u015fl\u0131 \u00e7am a\u011fa\u00e7lar\u0131 sessizce \u00e7\u00fcr\u00fcmekteydiler&#8230; iyi y\u00fcrekli \u00e7ocuklar g\u00fcnlerin rahmine yaslarken d\u00fc\u015flerini bazen apans\u0131z \u00f6lmekte \u00f6lmekteydiler&#8230; ama \u015falvarlar\u0131 g\u00fcl desenli d\u00f6neler yeniden dillenip [&hellip;]\" \/>\n<meta property=\"og:url\" content=\"https:\/\/narteks.net\/index.php\/2009\/11\/19\/defolu-cikan-hayat-ve-iyi-yurekli-cocuklar\/\" \/>\n<meta property=\"og:site_name\" content=\"narteks.net\" \/>\n<meta property=\"article:published_time\" content=\"2009-11-19T08:16:51+00:00\" \/>\n<meta property=\"og:image\" content=\"https:\/\/narteks.net\/wp-content\/uploads\/narteks.png\" \/>\n\t<meta property=\"og:image:width\" content=\"300\" \/>\n\t<meta property=\"og:image:height\" content=\"90\" \/>\n\t<meta property=\"og:image:type\" content=\"image\/png\" \/>\n<meta name=\"author\" content=\"Tar\u0131k\" \/>\n<meta name=\"twitter:card\" content=\"summary_large_image\" \/>\n<meta name=\"twitter:creator\" content=\"@narteks\" \/>\n<meta name=\"twitter:site\" content=\"@narteks\" \/>\n<meta name=\"twitter:label1\" content=\"Yazan:\" \/>\n\t<meta name=\"twitter:data1\" content=\"Tar\u0131k\" \/>\n\t<meta name=\"twitter:label2\" content=\"Tahmini okuma s\u00fcresi\" \/>\n\t<meta name=\"twitter:data2\" content=\"3 dakika\" \/>\n<script type=\"application\/ld+json\" class=\"yoast-schema-graph\">{\"@context\":\"https:\/\/schema.org\",\"@graph\":[{\"@type\":\"Article\",\"@id\":\"https:\/\/narteks.net\/index.php\/2009\/11\/19\/defolu-cikan-hayat-ve-iyi-yurekli-cocuklar\/#article\",\"isPartOf\":{\"@id\":\"https:\/\/narteks.net\/index.php\/2009\/11\/19\/defolu-cikan-hayat-ve-iyi-yurekli-cocuklar\/\"},\"author\":{\"name\":\"Tar\u0131k\",\"@id\":\"https:\/\/narteks.net\/#\/schema\/person\/61f37d9834294b72d31d274e7ed79bca\"},\"headline\":\"DEFOLU \u00c7IKAN HAYAT VE \u0130Y\u0130 Y\u00dcREKL\u0130 \u00c7OCUKLAR\",\"datePublished\":\"2009-11-19T08:16:51+00:00\",\"mainEntityOfPage\":{\"@id\":\"https:\/\/narteks.net\/index.php\/2009\/11\/19\/defolu-cikan-hayat-ve-iyi-yurekli-cocuklar\/\"},\"wordCount\":684,\"commentCount\":0,\"publisher\":{\"@id\":\"https:\/\/narteks.net\/#organization\"},\"articleSection\":[\"Y\u0131lmaz ODABA\u015eI\"],\"inLanguage\":\"tr\",\"potentialAction\":[{\"@type\":\"CommentAction\",\"name\":\"Comment\",\"target\":[\"https:\/\/narteks.net\/index.php\/2009\/11\/19\/defolu-cikan-hayat-ve-iyi-yurekli-cocuklar\/#respond\"]}]},{\"@type\":\"WebPage\",\"@id\":\"https:\/\/narteks.net\/index.php\/2009\/11\/19\/defolu-cikan-hayat-ve-iyi-yurekli-cocuklar\/\",\"url\":\"https:\/\/narteks.net\/index.php\/2009\/11\/19\/defolu-cikan-hayat-ve-iyi-yurekli-cocuklar\/\",\"name\":\"DEFOLU \u00c7IKAN HAYAT VE \u0130Y\u0130 Y\u00dcREKL\u0130 \u00c7OCUKLAR - narteks.net\",\"isPartOf\":{\"@id\":\"https:\/\/narteks.net\/#website\"},\"datePublished\":\"2009-11-19T08:16:51+00:00\",\"breadcrumb\":{\"@id\":\"https:\/\/narteks.net\/index.php\/2009\/11\/19\/defolu-cikan-hayat-ve-iyi-yurekli-cocuklar\/#breadcrumb\"},\"inLanguage\":\"tr\",\"potentialAction\":[{\"@type\":\"ReadAction\",\"target\":[\"https:\/\/narteks.net\/index.php\/2009\/11\/19\/defolu-cikan-hayat-ve-iyi-yurekli-cocuklar\/\"]}]},{\"@type\":\"BreadcrumbList\",\"@id\":\"https:\/\/narteks.net\/index.php\/2009\/11\/19\/defolu-cikan-hayat-ve-iyi-yurekli-cocuklar\/#breadcrumb\",\"itemListElement\":[{\"@type\":\"ListItem\",\"position\":1,\"name\":\"Anasayfa\",\"item\":\"https:\/\/narteks.net\/\"},{\"@type\":\"ListItem\",\"position\":2,\"name\":\"DEFOLU \u00c7IKAN HAYAT VE \u0130Y\u0130 Y\u00dcREKL\u0130 \u00c7OCUKLAR\"}]},{\"@type\":\"WebSite\",\"@id\":\"https:\/\/narteks.net\/#website\",\"url\":\"https:\/\/narteks.net\/\",\"name\":\"narteks.net\",\"description\":\"K\u00fclt\u00fcr Sanat Edebiyat Felsefe\",\"publisher\":{\"@id\":\"https:\/\/narteks.net\/#organization\"},\"alternateName\":\"K\u00fclt\u00fcr Sanat Edebiyat Felsefe\",\"potentialAction\":[{\"@type\":\"SearchAction\",\"target\":{\"@type\":\"EntryPoint\",\"urlTemplate\":\"https:\/\/narteks.net\/?s={search_term_string}\"},\"query-input\":{\"@type\":\"PropertyValueSpecification\",\"valueRequired\":true,\"valueName\":\"search_term_string\"}}],\"inLanguage\":\"tr\"},{\"@type\":\"Organization\",\"@id\":\"https:\/\/narteks.net\/#organization\",\"name\":\"narteks.net\",\"url\":\"https:\/\/narteks.net\/\",\"logo\":{\"@type\":\"ImageObject\",\"inLanguage\":\"tr\",\"@id\":\"https:\/\/narteks.net\/#\/schema\/logo\/image\/\",\"url\":\"https:\/\/narteks.net\/wp-content\/uploads\/narteks.png\",\"contentUrl\":\"https:\/\/narteks.net\/wp-content\/uploads\/narteks.png\",\"width\":300,\"height\":90,\"caption\":\"narteks.net\"},\"image\":{\"@id\":\"https:\/\/narteks.net\/#\/schema\/logo\/image\/\"},\"sameAs\":[\"https:\/\/x.com\/narteks\",\"https:\/\/instagram.com\/narteksnet\"]},{\"@type\":\"Person\",\"@id\":\"https:\/\/narteks.net\/#\/schema\/person\/61f37d9834294b72d31d274e7ed79bca\",\"name\":\"Tar\u0131k\",\"image\":{\"@type\":\"ImageObject\",\"inLanguage\":\"tr\",\"@id\":\"https:\/\/narteks.net\/#\/schema\/person\/image\/\",\"url\":\"https:\/\/secure.gravatar.com\/avatar\/50865afb55632c4ae467e0af0930f6510aa2297d8014be502a55b14f3b7550cf?s=96&d=mm&r=g\",\"contentUrl\":\"https:\/\/secure.gravatar.com\/avatar\/50865afb55632c4ae467e0af0930f6510aa2297d8014be502a55b14f3b7550cf?s=96&d=mm&r=g\",\"caption\":\"Tar\u0131k\"},\"sameAs\":[\"http:\/\/narteks.net\"],\"url\":\"https:\/\/narteks.net\/index.php\/author\/narbak\/\"}]}<\/script>\n<!-- \/ Yoast SEO Premium plugin. -->","yoast_head_json":{"title":"DEFOLU \u00c7IKAN HAYAT VE \u0130Y\u0130 Y\u00dcREKL\u0130 \u00c7OCUKLAR - narteks.net","robots":{"index":"index","follow":"follow","max-snippet":"max-snippet:-1","max-image-preview":"max-image-preview:large","max-video-preview":"max-video-preview:-1"},"canonical":"https:\/\/narteks.net\/index.php\/2009\/11\/19\/defolu-cikan-hayat-ve-iyi-yurekli-cocuklar\/","og_locale":"tr_TR","og_type":"article","og_title":"DEFOLU \u00c7IKAN HAYAT VE \u0130Y\u0130 Y\u00dcREKL\u0130 \u00c7OCUKLAR","og_description":"I uzun boylu a\u011fr\u0131lara at\u0131ld\u0131m sokaklarda h\u0131r\u00e7\u0131n r\u00fczg\u00e2rlara kat\u0131ld\u0131m iyi y\u00fcrekli \u00e7ocuklar sessizce b\u00fcy\u00fcmekte d\u00fcnyan\u0131n \u015favk\u0131 kendine, efk\u00e2r\u0131 bize mi? demekte; kimileri taburlara, ko\u011fu\u015flara gitmekte kimileri sidikli d\u00f6\u015feklerde upuzun uykulara d\u00fc\u015fmekteydiler uzaklarda ya\u015fl\u0131 \u00e7am a\u011fa\u00e7lar\u0131 sessizce \u00e7\u00fcr\u00fcmekteydiler&#8230; iyi y\u00fcrekli \u00e7ocuklar g\u00fcnlerin rahmine yaslarken d\u00fc\u015flerini bazen apans\u0131z \u00f6lmekte \u00f6lmekteydiler&#8230; ama \u015falvarlar\u0131 g\u00fcl desenli d\u00f6neler yeniden dillenip [&hellip;]","og_url":"https:\/\/narteks.net\/index.php\/2009\/11\/19\/defolu-cikan-hayat-ve-iyi-yurekli-cocuklar\/","og_site_name":"narteks.net","article_published_time":"2009-11-19T08:16:51+00:00","og_image":[{"width":300,"height":90,"url":"https:\/\/narteks.net\/wp-content\/uploads\/narteks.png","type":"image\/png"}],"author":"Tar\u0131k","twitter_card":"summary_large_image","twitter_creator":"@narteks","twitter_site":"@narteks","twitter_misc":{"Yazan:":"Tar\u0131k","Tahmini okuma s\u00fcresi":"3 dakika"},"schema":{"@context":"https:\/\/schema.org","@graph":[{"@type":"Article","@id":"https:\/\/narteks.net\/index.php\/2009\/11\/19\/defolu-cikan-hayat-ve-iyi-yurekli-cocuklar\/#article","isPartOf":{"@id":"https:\/\/narteks.net\/index.php\/2009\/11\/19\/defolu-cikan-hayat-ve-iyi-yurekli-cocuklar\/"},"author":{"name":"Tar\u0131k","@id":"https:\/\/narteks.net\/#\/schema\/person\/61f37d9834294b72d31d274e7ed79bca"},"headline":"DEFOLU \u00c7IKAN HAYAT VE \u0130Y\u0130 Y\u00dcREKL\u0130 \u00c7OCUKLAR","datePublished":"2009-11-19T08:16:51+00:00","mainEntityOfPage":{"@id":"https:\/\/narteks.net\/index.php\/2009\/11\/19\/defolu-cikan-hayat-ve-iyi-yurekli-cocuklar\/"},"wordCount":684,"commentCount":0,"publisher":{"@id":"https:\/\/narteks.net\/#organization"},"articleSection":["Y\u0131lmaz ODABA\u015eI"],"inLanguage":"tr","potentialAction":[{"@type":"CommentAction","name":"Comment","target":["https:\/\/narteks.net\/index.php\/2009\/11\/19\/defolu-cikan-hayat-ve-iyi-yurekli-cocuklar\/#respond"]}]},{"@type":"WebPage","@id":"https:\/\/narteks.net\/index.php\/2009\/11\/19\/defolu-cikan-hayat-ve-iyi-yurekli-cocuklar\/","url":"https:\/\/narteks.net\/index.php\/2009\/11\/19\/defolu-cikan-hayat-ve-iyi-yurekli-cocuklar\/","name":"DEFOLU \u00c7IKAN HAYAT VE \u0130Y\u0130 Y\u00dcREKL\u0130 \u00c7OCUKLAR - narteks.net","isPartOf":{"@id":"https:\/\/narteks.net\/#website"},"datePublished":"2009-11-19T08:16:51+00:00","breadcrumb":{"@id":"https:\/\/narteks.net\/index.php\/2009\/11\/19\/defolu-cikan-hayat-ve-iyi-yurekli-cocuklar\/#breadcrumb"},"inLanguage":"tr","potentialAction":[{"@type":"ReadAction","target":["https:\/\/narteks.net\/index.php\/2009\/11\/19\/defolu-cikan-hayat-ve-iyi-yurekli-cocuklar\/"]}]},{"@type":"BreadcrumbList","@id":"https:\/\/narteks.net\/index.php\/2009\/11\/19\/defolu-cikan-hayat-ve-iyi-yurekli-cocuklar\/#breadcrumb","itemListElement":[{"@type":"ListItem","position":1,"name":"Anasayfa","item":"https:\/\/narteks.net\/"},{"@type":"ListItem","position":2,"name":"DEFOLU \u00c7IKAN HAYAT VE \u0130Y\u0130 Y\u00dcREKL\u0130 \u00c7OCUKLAR"}]},{"@type":"WebSite","@id":"https:\/\/narteks.net\/#website","url":"https:\/\/narteks.net\/","name":"narteks.net","description":"K\u00fclt\u00fcr Sanat Edebiyat Felsefe","publisher":{"@id":"https:\/\/narteks.net\/#organization"},"alternateName":"K\u00fclt\u00fcr Sanat Edebiyat Felsefe","potentialAction":[{"@type":"SearchAction","target":{"@type":"EntryPoint","urlTemplate":"https:\/\/narteks.net\/?s={search_term_string}"},"query-input":{"@type":"PropertyValueSpecification","valueRequired":true,"valueName":"search_term_string"}}],"inLanguage":"tr"},{"@type":"Organization","@id":"https:\/\/narteks.net\/#organization","name":"narteks.net","url":"https:\/\/narteks.net\/","logo":{"@type":"ImageObject","inLanguage":"tr","@id":"https:\/\/narteks.net\/#\/schema\/logo\/image\/","url":"https:\/\/narteks.net\/wp-content\/uploads\/narteks.png","contentUrl":"https:\/\/narteks.net\/wp-content\/uploads\/narteks.png","width":300,"height":90,"caption":"narteks.net"},"image":{"@id":"https:\/\/narteks.net\/#\/schema\/logo\/image\/"},"sameAs":["https:\/\/x.com\/narteks","https:\/\/instagram.com\/narteksnet"]},{"@type":"Person","@id":"https:\/\/narteks.net\/#\/schema\/person\/61f37d9834294b72d31d274e7ed79bca","name":"Tar\u0131k","image":{"@type":"ImageObject","inLanguage":"tr","@id":"https:\/\/narteks.net\/#\/schema\/person\/image\/","url":"https:\/\/secure.gravatar.com\/avatar\/50865afb55632c4ae467e0af0930f6510aa2297d8014be502a55b14f3b7550cf?s=96&d=mm&r=g","contentUrl":"https:\/\/secure.gravatar.com\/avatar\/50865afb55632c4ae467e0af0930f6510aa2297d8014be502a55b14f3b7550cf?s=96&d=mm&r=g","caption":"Tar\u0131k"},"sameAs":["http:\/\/narteks.net"],"url":"https:\/\/narteks.net\/index.php\/author\/narbak\/"}]}},"_links":{"self":[{"href":"https:\/\/narteks.net\/index.php\/wp-json\/wp\/v2\/posts\/1512","targetHints":{"allow":["GET"]}}],"collection":[{"href":"https:\/\/narteks.net\/index.php\/wp-json\/wp\/v2\/posts"}],"about":[{"href":"https:\/\/narteks.net\/index.php\/wp-json\/wp\/v2\/types\/post"}],"author":[{"embeddable":true,"href":"https:\/\/narteks.net\/index.php\/wp-json\/wp\/v2\/users\/1"}],"replies":[{"embeddable":true,"href":"https:\/\/narteks.net\/index.php\/wp-json\/wp\/v2\/comments?post=1512"}],"version-history":[{"count":0,"href":"https:\/\/narteks.net\/index.php\/wp-json\/wp\/v2\/posts\/1512\/revisions"}],"wp:attachment":[{"href":"https:\/\/narteks.net\/index.php\/wp-json\/wp\/v2\/media?parent=1512"}],"wp:term":[{"taxonomy":"category","embeddable":true,"href":"https:\/\/narteks.net\/index.php\/wp-json\/wp\/v2\/categories?post=1512"},{"taxonomy":"post_tag","embeddable":true,"href":"https:\/\/narteks.net\/index.php\/wp-json\/wp\/v2\/tags?post=1512"}],"curies":[{"name":"wp","href":"https:\/\/api.w.org\/{rel}","templated":true}]}}