{"id":1513,"date":"2009-11-19T11:18:29","date_gmt":"2009-11-19T08:18:29","guid":{"rendered":"http:\/\/localhost\/wordpress\/2009\/11\/19\/disarda-usuyen-haziran-kalbimde-hazan\/"},"modified":"2009-11-19T11:18:29","modified_gmt":"2009-11-19T08:18:29","slug":"disarda-usuyen-haziran-kalbimde-hazan","status":"publish","type":"post","link":"https:\/\/narteks.net\/index.php\/2009\/11\/19\/disarda-usuyen-haziran-kalbimde-hazan\/","title":{"rendered":"DI\u015eARDA \u00dc\u015e\u00dcYEN HAZ\u0130RAN KALB\u0130MDE HAZAN"},"content":{"rendered":"<p>\u00a0<\/p>\n<p>uygarl\u0131k ve barbarl\u0131k karde\u015ftir.<br \/> -Havel-<\/p>\n<p> d\u00fcnya s\u0131\u011fm\u0131yor insana havel<br \/> y\u00fczlerdeki, y\u00fcreklerdeki maske<br \/> parada kir, suda klor, havada nem<br \/> y\u00fcksek borsa, al\u00e7ak bas\u0131n\u00e7<br \/> ve kanun h\u00fckm\u00fcnde ihanetler, sahtek\u00e2r jestler<\/p>\n<p> \/insan, s\u0131\u011fm\u0131yor insana havel!\/<\/p>\n<p> ve her \u015fey:<br \/> \u015fey!<br \/> mesela o takvimler, o g\u00fcnler <br \/> her biri \u015fimdi kim bilir neredeler<br \/> yalanc\u0131d\u0131r aynalara g\u00fcl\u00fcmseyen o muhte\u015fem gen\u00e7likler<br \/> bir yaz ya\u011fmuru gibi \u00e7abucak ge\u00e7ecekler<br \/> bize kalan kurt kapan\u0131 s\u00f6zle\u015fmeler<br \/> ve i\u015f akdi k\u0131vam\u0131nda morarm\u0131\u015f evlilikler<\/p>\n<p> oysa insan\u0131 b\u00fcy\u00fcten yaln\u0131zl\u0131k m\u0131d\u0131r havel?<br \/> biz bu kentlerde<br \/> bu \u00f6m\u00fcrlerin gecelerinde \u00e7\u00fcr\u00fcsek bile<br \/> \u015fimdi eski da\u011flarda vakur bir \u015fafak y\u0131rt\u0131lmaktad\u0131r<br \/> ve d\u0131\u015far\u0131da \u00fc\u015f\u00fcyen bir haziran<br \/> kalbimde y\u0131llar\u0131n tufan\u0131ndan art\u0131k bir hazan <\/p>\n<p> (kalbimde hazan<br \/> ve \u015fairdir elbet<br \/> s\u00f6zc\u00fcklere rus ruleti oynat\u0131p yazan!)<\/p>\n<p> d\u0131\u015far\u0131da \u00fc\u015f\u00fcyen bir haziran<br \/> kan\u0131mda nikotin cehennemi<br \/> k\u0131sa kibrit uzun duman<br \/> yaan!<br \/> yine yaan! yine yaaaan!<br \/> yan ki yang\u0131nlar bile yans\u0131n<br \/> hakl\u0131d\u0131r i\u00e7indeki abdal b\u0131rak a\u011flas\u0131n&#8230;<br \/> b\u0131rak a\u011flas\u0131n art\u0131k g\u00fcnd\u00fczlerin \u0131\u015f\u0131\u011f\u0131nda a\u015fk<br \/> gecelerin sular\u0131nda yakamozlar yok<br \/> ve ku\u015flar konsun diye gerilmiyor balkonlara<br \/> \u00e7ama\u015f\u0131r ipleri<br \/> duyuyorsun i\u015fte \u015fiir de yaz\u0131yorlarm\u0131\u015f i\u011ffal \u015febekeleri(!)<\/p>\n<p> d\u0131\u015far\u0131da \u00fc\u015f\u00fcyen bir haziran<br \/> d\u0131\u015far\u0131da a\u015fks\u0131z a\u015fk, aids, hepatit b<br \/> d\u0131\u015far\u0131da hormonlu sevin\u00e7ler, kokmayan g\u00fcller<br \/> viagra cinsellikler, \u00e7\u0131ld\u0131rtan g\u00fcnler!<\/p>\n<p> ve d\u0131\u015far\u0131da dostlu\u011fun, pu\u015ftlu\u011fun kolunda g\u00fcl\u00fcmsemesi<br \/> ama \u00f6\u011frendim karanl\u0131klardan \u0131\u015f\u0131k destelemeyi<br \/> ve baka baka irkilmi\u015f g\u00f6zlerine hayat\u0131n<br \/> inatla!<br \/> inatla g\u00fcl\u00fcmsemeyi<br \/> \u00f6\u011frendim i\u00e7imdeki abdal\u0131 h\u00fcnerle gizlemeyi&#8230;<\/p>\n<p> (herkes fanusuna asm\u0131\u015f kendini<br \/> bu y\u00fczden beklemiyorum farkl\u0131 k\u0131yametleri&#8230;)<br \/> d\u0131\u015far\u0131da \u00fc\u015f\u00fcyen bir haziran<br \/> d\u0131\u015far\u0131da \u00f6ld\u00fc insan<br \/> \u00f6ld\u00fc insan<br \/> hi\u00e7bir kitaba yak\u0131\u015fmadan!<\/p>\n<p> ben de yaza yaza \u00e7\u00fcr\u00fct\u00fcp d\u00fcnlerimi<br \/> her g\u00fcn bu cehennemden \u00e7al\u0131yorum kendimi<\/p>\n<p> bu y\u00fczden her \u015fey:<br \/> \u015fey!<br \/> havada hava, g\u00fcnlerinde g\u00fcn, evlerde sarm\u0131sak so\u011fan;<br \/> hepsi bu i\u015fte basit, ola\u011fan<br \/> her \u015fey \u015feydir; inand\u0131klar\u0131m\u0131zd\u0131r belki de yalan<br \/> abartt\u0131\u011f\u0131m\u0131zd\u0131r,<br \/> k\u00fcld\u00fcr herkesin pay\u0131na kalan&#8230;<\/p>\n<p>Y\u0131lmaz ODABA\u015eI<\/p>\n","protected":false},"excerpt":{"rendered":"<p>\u00a0 uygarl\u0131k ve barbarl\u0131k karde\u015ftir. -Havel- d\u00fcnya s\u0131\u011fm\u0131yor insana havel y\u00fczlerdeki, y\u00fcreklerdeki maske parada kir, suda klor, havada nem y\u00fcksek borsa, al\u00e7ak bas\u0131n\u00e7 ve kanun h\u00fckm\u00fcnde ihanetler, sahtek\u00e2r jestler \/insan, s\u0131\u011fm\u0131yor insana havel!\/ ve her \u015fey: \u015fey! mesela o takvimler, o g\u00fcnler her biri \u015fimdi kim bilir neredeler yalanc\u0131d\u0131r aynalara g\u00fcl\u00fcmseyen o muhte\u015fem gen\u00e7likler bir [&hellip;]<\/p>\n","protected":false},"author":1,"featured_media":0,"comment_status":"open","ping_status":"open","sticky":false,"template":"","format":"standard","meta":{"footnotes":""},"categories":[77],"tags":[],"class_list":{"0":"post-1513","1":"post","2":"type-post","3":"status-publish","4":"format-standard","6":"category-yilmaz-odabasi"},"yoast_head":"<!-- This site is optimized with the Yoast SEO Premium plugin v24.9 (Yoast SEO v24.9) - https:\/\/yoast.com\/wordpress\/plugins\/seo\/ -->\n<title>DI\u015eARDA \u00dc\u015e\u00dcYEN HAZ\u0130RAN KALB\u0130MDE HAZAN - narteks.net<\/title>\n<meta name=\"robots\" content=\"index, follow, max-snippet:-1, max-image-preview:large, max-video-preview:-1\" \/>\n<link rel=\"canonical\" href=\"https:\/\/narteks.net\/index.php\/2009\/11\/19\/disarda-usuyen-haziran-kalbimde-hazan\/\" \/>\n<meta property=\"og:locale\" content=\"tr_TR\" \/>\n<meta property=\"og:type\" content=\"article\" \/>\n<meta property=\"og:title\" content=\"DI\u015eARDA \u00dc\u015e\u00dcYEN HAZ\u0130RAN KALB\u0130MDE HAZAN\" \/>\n<meta property=\"og:description\" content=\"\u00a0 uygarl\u0131k ve barbarl\u0131k karde\u015ftir. -Havel- d\u00fcnya s\u0131\u011fm\u0131yor insana havel y\u00fczlerdeki, y\u00fcreklerdeki maske parada kir, suda klor, havada nem y\u00fcksek borsa, al\u00e7ak bas\u0131n\u00e7 ve kanun h\u00fckm\u00fcnde ihanetler, sahtek\u00e2r jestler \/insan, s\u0131\u011fm\u0131yor insana havel!\/ ve her \u015fey: \u015fey! mesela o takvimler, o g\u00fcnler her biri \u015fimdi kim bilir neredeler yalanc\u0131d\u0131r aynalara g\u00fcl\u00fcmseyen o muhte\u015fem gen\u00e7likler bir [&hellip;]\" \/>\n<meta property=\"og:url\" content=\"https:\/\/narteks.net\/index.php\/2009\/11\/19\/disarda-usuyen-haziran-kalbimde-hazan\/\" \/>\n<meta property=\"og:site_name\" content=\"narteks.net\" \/>\n<meta property=\"article:published_time\" content=\"2009-11-19T08:18:29+00:00\" \/>\n<meta property=\"og:image\" content=\"https:\/\/narteks.net\/wp-content\/uploads\/narteks.png\" \/>\n\t<meta property=\"og:image:width\" content=\"300\" \/>\n\t<meta property=\"og:image:height\" content=\"90\" \/>\n\t<meta property=\"og:image:type\" content=\"image\/png\" \/>\n<meta name=\"author\" content=\"Tar\u0131k\" \/>\n<meta name=\"twitter:card\" content=\"summary_large_image\" \/>\n<meta name=\"twitter:creator\" content=\"@narteks\" \/>\n<meta name=\"twitter:site\" content=\"@narteks\" \/>\n<meta name=\"twitter:label1\" content=\"Yazan:\" \/>\n\t<meta name=\"twitter:data1\" content=\"Tar\u0131k\" \/>\n\t<meta name=\"twitter:label2\" content=\"Tahmini okuma s\u00fcresi\" \/>\n\t<meta name=\"twitter:data2\" content=\"2 dakika\" \/>\n<script type=\"application\/ld+json\" class=\"yoast-schema-graph\">{\"@context\":\"https:\/\/schema.org\",\"@graph\":[{\"@type\":\"Article\",\"@id\":\"https:\/\/narteks.net\/index.php\/2009\/11\/19\/disarda-usuyen-haziran-kalbimde-hazan\/#article\",\"isPartOf\":{\"@id\":\"https:\/\/narteks.net\/index.php\/2009\/11\/19\/disarda-usuyen-haziran-kalbimde-hazan\/\"},\"author\":{\"name\":\"Tar\u0131k\",\"@id\":\"https:\/\/narteks.net\/#\/schema\/person\/61f37d9834294b72d31d274e7ed79bca\"},\"headline\":\"DI\u015eARDA \u00dc\u015e\u00dcYEN HAZ\u0130RAN KALB\u0130MDE HAZAN\",\"datePublished\":\"2009-11-19T08:18:29+00:00\",\"mainEntityOfPage\":{\"@id\":\"https:\/\/narteks.net\/index.php\/2009\/11\/19\/disarda-usuyen-haziran-kalbimde-hazan\/\"},\"wordCount\":413,\"commentCount\":0,\"publisher\":{\"@id\":\"https:\/\/narteks.net\/#organization\"},\"articleSection\":[\"Y\u0131lmaz ODABA\u015eI\"],\"inLanguage\":\"tr\",\"potentialAction\":[{\"@type\":\"CommentAction\",\"name\":\"Comment\",\"target\":[\"https:\/\/narteks.net\/index.php\/2009\/11\/19\/disarda-usuyen-haziran-kalbimde-hazan\/#respond\"]}]},{\"@type\":\"WebPage\",\"@id\":\"https:\/\/narteks.net\/index.php\/2009\/11\/19\/disarda-usuyen-haziran-kalbimde-hazan\/\",\"url\":\"https:\/\/narteks.net\/index.php\/2009\/11\/19\/disarda-usuyen-haziran-kalbimde-hazan\/\",\"name\":\"DI\u015eARDA \u00dc\u015e\u00dcYEN HAZ\u0130RAN KALB\u0130MDE HAZAN - narteks.net\",\"isPartOf\":{\"@id\":\"https:\/\/narteks.net\/#website\"},\"datePublished\":\"2009-11-19T08:18:29+00:00\",\"breadcrumb\":{\"@id\":\"https:\/\/narteks.net\/index.php\/2009\/11\/19\/disarda-usuyen-haziran-kalbimde-hazan\/#breadcrumb\"},\"inLanguage\":\"tr\",\"potentialAction\":[{\"@type\":\"ReadAction\",\"target\":[\"https:\/\/narteks.net\/index.php\/2009\/11\/19\/disarda-usuyen-haziran-kalbimde-hazan\/\"]}]},{\"@type\":\"BreadcrumbList\",\"@id\":\"https:\/\/narteks.net\/index.php\/2009\/11\/19\/disarda-usuyen-haziran-kalbimde-hazan\/#breadcrumb\",\"itemListElement\":[{\"@type\":\"ListItem\",\"position\":1,\"name\":\"Anasayfa\",\"item\":\"https:\/\/narteks.net\/\"},{\"@type\":\"ListItem\",\"position\":2,\"name\":\"DI\u015eARDA \u00dc\u015e\u00dcYEN HAZ\u0130RAN KALB\u0130MDE HAZAN\"}]},{\"@type\":\"WebSite\",\"@id\":\"https:\/\/narteks.net\/#website\",\"url\":\"https:\/\/narteks.net\/\",\"name\":\"narteks.net\",\"description\":\"K\u00fclt\u00fcr Sanat Edebiyat Felsefe\",\"publisher\":{\"@id\":\"https:\/\/narteks.net\/#organization\"},\"alternateName\":\"K\u00fclt\u00fcr Sanat Edebiyat Felsefe\",\"potentialAction\":[{\"@type\":\"SearchAction\",\"target\":{\"@type\":\"EntryPoint\",\"urlTemplate\":\"https:\/\/narteks.net\/?s={search_term_string}\"},\"query-input\":{\"@type\":\"PropertyValueSpecification\",\"valueRequired\":true,\"valueName\":\"search_term_string\"}}],\"inLanguage\":\"tr\"},{\"@type\":\"Organization\",\"@id\":\"https:\/\/narteks.net\/#organization\",\"name\":\"narteks.net\",\"url\":\"https:\/\/narteks.net\/\",\"logo\":{\"@type\":\"ImageObject\",\"inLanguage\":\"tr\",\"@id\":\"https:\/\/narteks.net\/#\/schema\/logo\/image\/\",\"url\":\"https:\/\/narteks.net\/wp-content\/uploads\/narteks.png\",\"contentUrl\":\"https:\/\/narteks.net\/wp-content\/uploads\/narteks.png\",\"width\":300,\"height\":90,\"caption\":\"narteks.net\"},\"image\":{\"@id\":\"https:\/\/narteks.net\/#\/schema\/logo\/image\/\"},\"sameAs\":[\"https:\/\/x.com\/narteks\",\"https:\/\/instagram.com\/narteksnet\"]},{\"@type\":\"Person\",\"@id\":\"https:\/\/narteks.net\/#\/schema\/person\/61f37d9834294b72d31d274e7ed79bca\",\"name\":\"Tar\u0131k\",\"image\":{\"@type\":\"ImageObject\",\"inLanguage\":\"tr\",\"@id\":\"https:\/\/narteks.net\/#\/schema\/person\/image\/\",\"url\":\"https:\/\/secure.gravatar.com\/avatar\/50865afb55632c4ae467e0af0930f6510aa2297d8014be502a55b14f3b7550cf?s=96&d=mm&r=g\",\"contentUrl\":\"https:\/\/secure.gravatar.com\/avatar\/50865afb55632c4ae467e0af0930f6510aa2297d8014be502a55b14f3b7550cf?s=96&d=mm&r=g\",\"caption\":\"Tar\u0131k\"},\"sameAs\":[\"http:\/\/narteks.net\"],\"url\":\"https:\/\/narteks.net\/index.php\/author\/narbak\/\"}]}<\/script>\n<!-- \/ Yoast SEO Premium plugin. -->","yoast_head_json":{"title":"DI\u015eARDA \u00dc\u015e\u00dcYEN HAZ\u0130RAN KALB\u0130MDE HAZAN - narteks.net","robots":{"index":"index","follow":"follow","max-snippet":"max-snippet:-1","max-image-preview":"max-image-preview:large","max-video-preview":"max-video-preview:-1"},"canonical":"https:\/\/narteks.net\/index.php\/2009\/11\/19\/disarda-usuyen-haziran-kalbimde-hazan\/","og_locale":"tr_TR","og_type":"article","og_title":"DI\u015eARDA \u00dc\u015e\u00dcYEN HAZ\u0130RAN KALB\u0130MDE HAZAN","og_description":"\u00a0 uygarl\u0131k ve barbarl\u0131k karde\u015ftir. -Havel- d\u00fcnya s\u0131\u011fm\u0131yor insana havel y\u00fczlerdeki, y\u00fcreklerdeki maske parada kir, suda klor, havada nem y\u00fcksek borsa, al\u00e7ak bas\u0131n\u00e7 ve kanun h\u00fckm\u00fcnde ihanetler, sahtek\u00e2r jestler \/insan, s\u0131\u011fm\u0131yor insana havel!\/ ve her \u015fey: \u015fey! mesela o takvimler, o g\u00fcnler her biri \u015fimdi kim bilir neredeler yalanc\u0131d\u0131r aynalara g\u00fcl\u00fcmseyen o muhte\u015fem gen\u00e7likler bir [&hellip;]","og_url":"https:\/\/narteks.net\/index.php\/2009\/11\/19\/disarda-usuyen-haziran-kalbimde-hazan\/","og_site_name":"narteks.net","article_published_time":"2009-11-19T08:18:29+00:00","og_image":[{"width":300,"height":90,"url":"https:\/\/narteks.net\/wp-content\/uploads\/narteks.png","type":"image\/png"}],"author":"Tar\u0131k","twitter_card":"summary_large_image","twitter_creator":"@narteks","twitter_site":"@narteks","twitter_misc":{"Yazan:":"Tar\u0131k","Tahmini okuma s\u00fcresi":"2 dakika"},"schema":{"@context":"https:\/\/schema.org","@graph":[{"@type":"Article","@id":"https:\/\/narteks.net\/index.php\/2009\/11\/19\/disarda-usuyen-haziran-kalbimde-hazan\/#article","isPartOf":{"@id":"https:\/\/narteks.net\/index.php\/2009\/11\/19\/disarda-usuyen-haziran-kalbimde-hazan\/"},"author":{"name":"Tar\u0131k","@id":"https:\/\/narteks.net\/#\/schema\/person\/61f37d9834294b72d31d274e7ed79bca"},"headline":"DI\u015eARDA \u00dc\u015e\u00dcYEN HAZ\u0130RAN KALB\u0130MDE HAZAN","datePublished":"2009-11-19T08:18:29+00:00","mainEntityOfPage":{"@id":"https:\/\/narteks.net\/index.php\/2009\/11\/19\/disarda-usuyen-haziran-kalbimde-hazan\/"},"wordCount":413,"commentCount":0,"publisher":{"@id":"https:\/\/narteks.net\/#organization"},"articleSection":["Y\u0131lmaz ODABA\u015eI"],"inLanguage":"tr","potentialAction":[{"@type":"CommentAction","name":"Comment","target":["https:\/\/narteks.net\/index.php\/2009\/11\/19\/disarda-usuyen-haziran-kalbimde-hazan\/#respond"]}]},{"@type":"WebPage","@id":"https:\/\/narteks.net\/index.php\/2009\/11\/19\/disarda-usuyen-haziran-kalbimde-hazan\/","url":"https:\/\/narteks.net\/index.php\/2009\/11\/19\/disarda-usuyen-haziran-kalbimde-hazan\/","name":"DI\u015eARDA \u00dc\u015e\u00dcYEN HAZ\u0130RAN KALB\u0130MDE HAZAN - narteks.net","isPartOf":{"@id":"https:\/\/narteks.net\/#website"},"datePublished":"2009-11-19T08:18:29+00:00","breadcrumb":{"@id":"https:\/\/narteks.net\/index.php\/2009\/11\/19\/disarda-usuyen-haziran-kalbimde-hazan\/#breadcrumb"},"inLanguage":"tr","potentialAction":[{"@type":"ReadAction","target":["https:\/\/narteks.net\/index.php\/2009\/11\/19\/disarda-usuyen-haziran-kalbimde-hazan\/"]}]},{"@type":"BreadcrumbList","@id":"https:\/\/narteks.net\/index.php\/2009\/11\/19\/disarda-usuyen-haziran-kalbimde-hazan\/#breadcrumb","itemListElement":[{"@type":"ListItem","position":1,"name":"Anasayfa","item":"https:\/\/narteks.net\/"},{"@type":"ListItem","position":2,"name":"DI\u015eARDA \u00dc\u015e\u00dcYEN HAZ\u0130RAN KALB\u0130MDE HAZAN"}]},{"@type":"WebSite","@id":"https:\/\/narteks.net\/#website","url":"https:\/\/narteks.net\/","name":"narteks.net","description":"K\u00fclt\u00fcr Sanat Edebiyat Felsefe","publisher":{"@id":"https:\/\/narteks.net\/#organization"},"alternateName":"K\u00fclt\u00fcr Sanat Edebiyat Felsefe","potentialAction":[{"@type":"SearchAction","target":{"@type":"EntryPoint","urlTemplate":"https:\/\/narteks.net\/?s={search_term_string}"},"query-input":{"@type":"PropertyValueSpecification","valueRequired":true,"valueName":"search_term_string"}}],"inLanguage":"tr"},{"@type":"Organization","@id":"https:\/\/narteks.net\/#organization","name":"narteks.net","url":"https:\/\/narteks.net\/","logo":{"@type":"ImageObject","inLanguage":"tr","@id":"https:\/\/narteks.net\/#\/schema\/logo\/image\/","url":"https:\/\/narteks.net\/wp-content\/uploads\/narteks.png","contentUrl":"https:\/\/narteks.net\/wp-content\/uploads\/narteks.png","width":300,"height":90,"caption":"narteks.net"},"image":{"@id":"https:\/\/narteks.net\/#\/schema\/logo\/image\/"},"sameAs":["https:\/\/x.com\/narteks","https:\/\/instagram.com\/narteksnet"]},{"@type":"Person","@id":"https:\/\/narteks.net\/#\/schema\/person\/61f37d9834294b72d31d274e7ed79bca","name":"Tar\u0131k","image":{"@type":"ImageObject","inLanguage":"tr","@id":"https:\/\/narteks.net\/#\/schema\/person\/image\/","url":"https:\/\/secure.gravatar.com\/avatar\/50865afb55632c4ae467e0af0930f6510aa2297d8014be502a55b14f3b7550cf?s=96&d=mm&r=g","contentUrl":"https:\/\/secure.gravatar.com\/avatar\/50865afb55632c4ae467e0af0930f6510aa2297d8014be502a55b14f3b7550cf?s=96&d=mm&r=g","caption":"Tar\u0131k"},"sameAs":["http:\/\/narteks.net"],"url":"https:\/\/narteks.net\/index.php\/author\/narbak\/"}]}},"_links":{"self":[{"href":"https:\/\/narteks.net\/index.php\/wp-json\/wp\/v2\/posts\/1513","targetHints":{"allow":["GET"]}}],"collection":[{"href":"https:\/\/narteks.net\/index.php\/wp-json\/wp\/v2\/posts"}],"about":[{"href":"https:\/\/narteks.net\/index.php\/wp-json\/wp\/v2\/types\/post"}],"author":[{"embeddable":true,"href":"https:\/\/narteks.net\/index.php\/wp-json\/wp\/v2\/users\/1"}],"replies":[{"embeddable":true,"href":"https:\/\/narteks.net\/index.php\/wp-json\/wp\/v2\/comments?post=1513"}],"version-history":[{"count":0,"href":"https:\/\/narteks.net\/index.php\/wp-json\/wp\/v2\/posts\/1513\/revisions"}],"wp:attachment":[{"href":"https:\/\/narteks.net\/index.php\/wp-json\/wp\/v2\/media?parent=1513"}],"wp:term":[{"taxonomy":"category","embeddable":true,"href":"https:\/\/narteks.net\/index.php\/wp-json\/wp\/v2\/categories?post=1513"},{"taxonomy":"post_tag","embeddable":true,"href":"https:\/\/narteks.net\/index.php\/wp-json\/wp\/v2\/tags?post=1513"}],"curies":[{"name":"wp","href":"https:\/\/api.w.org\/{rel}","templated":true}]}}