{"id":152,"date":"2009-02-27T16:10:18","date_gmt":"2009-02-27T13:10:18","guid":{"rendered":"http:\/\/localhost\/wordpress\/2009\/02\/27\/ozletiyor-seni-bu-yagmurlar\/"},"modified":"2009-02-27T16:10:18","modified_gmt":"2009-02-27T13:10:18","slug":"ozletiyor-seni-bu-yagmurlar","status":"publish","type":"post","link":"https:\/\/narteks.net\/index.php\/2009\/02\/27\/ozletiyor-seni-bu-yagmurlar\/","title":{"rendered":"\u00d6ZLET\u0130YOR SEN\u0130 BU YA\u011eMURLAR"},"content":{"rendered":"<p>\u00a0<\/p>\n<p>Burada ya\u011fmur ya\u011f\u0131yor <br \/>Aral\u0131ks\u0131z ya\u011f\u0131yor g\u00fcnlerdir <br \/>Ama sen yine de \u015femsiyeni <br \/>Almadan gel ilk otob\u00fcsle <br \/>Bu\u011fulanan camlara usulca <br \/>Y\u00fcz\u00fcn\u00fc \u00e7iziyorum ki y\u00fcz\u00fcn <br \/>Bir ya\u011fmur damlas\u0131 olup <br \/>D\u00fc\u015f\u00fcyor yapraklar\u0131na g\u00fcl\u00fcn <br \/>G\u00fcller de bozam\u0131yor bu uzun <br \/>Karanl\u0131k sessizli\u011fini kentin <br \/>An\u0131lar\u0131n\u0131 yitiriyor sokaklar <br \/>Bezirg\u00e2nla\u015f\u0131yor bulvar \u0131\u015f\u0131klar\u0131 <br \/>Tarih de kekemele\u015fiyor bazen <br \/>Ki o zaman a\u015fkt\u0131r tek bilici <br \/>A\u015fksa y\u00fcr\u00fcmek gibi bir \u015fey <br \/>Duyabilmek ku\u015flar\u0131n geli\u015fini <br \/>An\u0131s\u0131 bizsek e\u011fer bu kentin <br \/>Unuttu\u011fu t\u00fcrk\u00fcler bizsek <br \/>Ac\u0131y\u0131 rehin b\u0131rak\u0131p bir g\u00fcle <br \/>An\u0131msatmal\u0131y\u0131z bunlar\u0131 bir bir <br \/>Sonra y\u00fcr\u00fcmeliyiz seninle <br \/>Sokaklara caddelere \u00e7\u0131kmal\u0131y\u0131z <br \/>Belki bir a\u015fkt\u0131r bu kentin <br \/>Belle\u011fini geri getirecek olan <br \/>Burada ya\u011fmur ya\u011f\u0131yor ama sen <br \/>\u015eemsiyeni almadan gel yine de <br \/>\u00d6zletiyor bu \u00e7\u0131lg\u0131n sa\u011fanak seni <br \/>S\u0131r\u0131ls\u0131klam \u00f6zletiyor biliyor musun<\/p>\n<p>AHMET TELL\u0130<\/p>\n","protected":false},"excerpt":{"rendered":"<p>\u00a0 Burada ya\u011fmur ya\u011f\u0131yor Aral\u0131ks\u0131z ya\u011f\u0131yor g\u00fcnlerdir Ama sen yine de \u015femsiyeni Almadan gel ilk otob\u00fcsle Bu\u011fulanan camlara usulca Y\u00fcz\u00fcn\u00fc \u00e7iziyorum ki y\u00fcz\u00fcn Bir ya\u011fmur damlas\u0131 olup D\u00fc\u015f\u00fcyor yapraklar\u0131na g\u00fcl\u00fcn G\u00fcller de bozam\u0131yor bu uzun Karanl\u0131k sessizli\u011fini kentin An\u0131lar\u0131n\u0131 yitiriyor sokaklar Bezirg\u00e2nla\u015f\u0131yor bulvar \u0131\u015f\u0131klar\u0131 Tarih de kekemele\u015fiyor bazen Ki o zaman a\u015fkt\u0131r tek bilici A\u015fksa [&hellip;]<\/p>\n","protected":false},"author":1,"featured_media":0,"comment_status":"open","ping_status":"open","sticky":false,"template":"","format":"standard","meta":{"footnotes":""},"categories":[7],"tags":[],"class_list":{"0":"post-152","1":"post","2":"type-post","3":"status-publish","4":"format-standard","6":"category-ahmet-telli"},"yoast_head":"<!-- This site is optimized with the Yoast SEO Premium plugin v24.9 (Yoast SEO v24.9) - https:\/\/yoast.com\/wordpress\/plugins\/seo\/ -->\n<title>\u00d6ZLET\u0130YOR SEN\u0130 BU YA\u011eMURLAR - narteks.net<\/title>\n<meta name=\"robots\" content=\"index, follow, max-snippet:-1, max-image-preview:large, max-video-preview:-1\" \/>\n<link rel=\"canonical\" href=\"https:\/\/narteks.net\/index.php\/2009\/02\/27\/ozletiyor-seni-bu-yagmurlar\/\" \/>\n<meta property=\"og:locale\" content=\"tr_TR\" \/>\n<meta property=\"og:type\" content=\"article\" \/>\n<meta property=\"og:title\" content=\"\u00d6ZLET\u0130YOR SEN\u0130 BU YA\u011eMURLAR\" \/>\n<meta property=\"og:description\" content=\"\u00a0 Burada ya\u011fmur ya\u011f\u0131yor Aral\u0131ks\u0131z ya\u011f\u0131yor g\u00fcnlerdir Ama sen yine de \u015femsiyeni Almadan gel ilk otob\u00fcsle Bu\u011fulanan camlara usulca Y\u00fcz\u00fcn\u00fc \u00e7iziyorum ki y\u00fcz\u00fcn Bir ya\u011fmur damlas\u0131 olup D\u00fc\u015f\u00fcyor yapraklar\u0131na g\u00fcl\u00fcn G\u00fcller de bozam\u0131yor bu uzun Karanl\u0131k sessizli\u011fini kentin An\u0131lar\u0131n\u0131 yitiriyor sokaklar Bezirg\u00e2nla\u015f\u0131yor bulvar \u0131\u015f\u0131klar\u0131 Tarih de kekemele\u015fiyor bazen Ki o zaman a\u015fkt\u0131r tek bilici A\u015fksa [&hellip;]\" \/>\n<meta property=\"og:url\" content=\"https:\/\/narteks.net\/index.php\/2009\/02\/27\/ozletiyor-seni-bu-yagmurlar\/\" \/>\n<meta property=\"og:site_name\" content=\"narteks.net\" \/>\n<meta property=\"article:published_time\" content=\"2009-02-27T13:10:18+00:00\" \/>\n<meta property=\"og:image\" content=\"https:\/\/narteks.net\/wp-content\/uploads\/narteks.png\" \/>\n\t<meta property=\"og:image:width\" content=\"300\" \/>\n\t<meta property=\"og:image:height\" content=\"90\" \/>\n\t<meta property=\"og:image:type\" content=\"image\/png\" \/>\n<meta name=\"author\" content=\"Tar\u0131k\" \/>\n<meta name=\"twitter:card\" content=\"summary_large_image\" \/>\n<meta name=\"twitter:creator\" content=\"@narteks\" \/>\n<meta name=\"twitter:site\" content=\"@narteks\" \/>\n<meta name=\"twitter:label1\" content=\"Yazan:\" \/>\n\t<meta name=\"twitter:data1\" content=\"Tar\u0131k\" \/>\n\t<meta name=\"twitter:label2\" content=\"Tahmini okuma s\u00fcresi\" \/>\n\t<meta name=\"twitter:data2\" content=\"1 dakika\" \/>\n<script type=\"application\/ld+json\" class=\"yoast-schema-graph\">{\"@context\":\"https:\/\/schema.org\",\"@graph\":[{\"@type\":\"Article\",\"@id\":\"https:\/\/narteks.net\/index.php\/2009\/02\/27\/ozletiyor-seni-bu-yagmurlar\/#article\",\"isPartOf\":{\"@id\":\"https:\/\/narteks.net\/index.php\/2009\/02\/27\/ozletiyor-seni-bu-yagmurlar\/\"},\"author\":{\"name\":\"Tar\u0131k\",\"@id\":\"https:\/\/narteks.net\/#\/schema\/person\/61f37d9834294b72d31d274e7ed79bca\"},\"headline\":\"\u00d6ZLET\u0130YOR SEN\u0130 BU YA\u011eMURLAR\",\"datePublished\":\"2009-02-27T13:10:18+00:00\",\"mainEntityOfPage\":{\"@id\":\"https:\/\/narteks.net\/index.php\/2009\/02\/27\/ozletiyor-seni-bu-yagmurlar\/\"},\"wordCount\":180,\"commentCount\":0,\"publisher\":{\"@id\":\"https:\/\/narteks.net\/#organization\"},\"articleSection\":[\"Ahmet TELL\u0130\"],\"inLanguage\":\"tr\",\"potentialAction\":[{\"@type\":\"CommentAction\",\"name\":\"Comment\",\"target\":[\"https:\/\/narteks.net\/index.php\/2009\/02\/27\/ozletiyor-seni-bu-yagmurlar\/#respond\"]}]},{\"@type\":\"WebPage\",\"@id\":\"https:\/\/narteks.net\/index.php\/2009\/02\/27\/ozletiyor-seni-bu-yagmurlar\/\",\"url\":\"https:\/\/narteks.net\/index.php\/2009\/02\/27\/ozletiyor-seni-bu-yagmurlar\/\",\"name\":\"\u00d6ZLET\u0130YOR SEN\u0130 BU YA\u011eMURLAR - narteks.net\",\"isPartOf\":{\"@id\":\"https:\/\/narteks.net\/#website\"},\"datePublished\":\"2009-02-27T13:10:18+00:00\",\"breadcrumb\":{\"@id\":\"https:\/\/narteks.net\/index.php\/2009\/02\/27\/ozletiyor-seni-bu-yagmurlar\/#breadcrumb\"},\"inLanguage\":\"tr\",\"potentialAction\":[{\"@type\":\"ReadAction\",\"target\":[\"https:\/\/narteks.net\/index.php\/2009\/02\/27\/ozletiyor-seni-bu-yagmurlar\/\"]}]},{\"@type\":\"BreadcrumbList\",\"@id\":\"https:\/\/narteks.net\/index.php\/2009\/02\/27\/ozletiyor-seni-bu-yagmurlar\/#breadcrumb\",\"itemListElement\":[{\"@type\":\"ListItem\",\"position\":1,\"name\":\"Anasayfa\",\"item\":\"https:\/\/narteks.net\/\"},{\"@type\":\"ListItem\",\"position\":2,\"name\":\"\u00d6ZLET\u0130YOR SEN\u0130 BU YA\u011eMURLAR\"}]},{\"@type\":\"WebSite\",\"@id\":\"https:\/\/narteks.net\/#website\",\"url\":\"https:\/\/narteks.net\/\",\"name\":\"narteks.net\",\"description\":\"K\u00fclt\u00fcr Sanat Edebiyat Felsefe\",\"publisher\":{\"@id\":\"https:\/\/narteks.net\/#organization\"},\"alternateName\":\"K\u00fclt\u00fcr Sanat Edebiyat Felsefe\",\"potentialAction\":[{\"@type\":\"SearchAction\",\"target\":{\"@type\":\"EntryPoint\",\"urlTemplate\":\"https:\/\/narteks.net\/?s={search_term_string}\"},\"query-input\":{\"@type\":\"PropertyValueSpecification\",\"valueRequired\":true,\"valueName\":\"search_term_string\"}}],\"inLanguage\":\"tr\"},{\"@type\":\"Organization\",\"@id\":\"https:\/\/narteks.net\/#organization\",\"name\":\"narteks.net\",\"url\":\"https:\/\/narteks.net\/\",\"logo\":{\"@type\":\"ImageObject\",\"inLanguage\":\"tr\",\"@id\":\"https:\/\/narteks.net\/#\/schema\/logo\/image\/\",\"url\":\"https:\/\/narteks.net\/wp-content\/uploads\/narteks.png\",\"contentUrl\":\"https:\/\/narteks.net\/wp-content\/uploads\/narteks.png\",\"width\":300,\"height\":90,\"caption\":\"narteks.net\"},\"image\":{\"@id\":\"https:\/\/narteks.net\/#\/schema\/logo\/image\/\"},\"sameAs\":[\"https:\/\/x.com\/narteks\",\"https:\/\/instagram.com\/narteksnet\"]},{\"@type\":\"Person\",\"@id\":\"https:\/\/narteks.net\/#\/schema\/person\/61f37d9834294b72d31d274e7ed79bca\",\"name\":\"Tar\u0131k\",\"image\":{\"@type\":\"ImageObject\",\"inLanguage\":\"tr\",\"@id\":\"https:\/\/narteks.net\/#\/schema\/person\/image\/\",\"url\":\"https:\/\/secure.gravatar.com\/avatar\/50865afb55632c4ae467e0af0930f6510aa2297d8014be502a55b14f3b7550cf?s=96&d=mm&r=g\",\"contentUrl\":\"https:\/\/secure.gravatar.com\/avatar\/50865afb55632c4ae467e0af0930f6510aa2297d8014be502a55b14f3b7550cf?s=96&d=mm&r=g\",\"caption\":\"Tar\u0131k\"},\"sameAs\":[\"http:\/\/narteks.net\"],\"url\":\"https:\/\/narteks.net\/index.php\/author\/narbak\/\"}]}<\/script>\n<!-- \/ Yoast SEO Premium plugin. -->","yoast_head_json":{"title":"\u00d6ZLET\u0130YOR SEN\u0130 BU YA\u011eMURLAR - narteks.net","robots":{"index":"index","follow":"follow","max-snippet":"max-snippet:-1","max-image-preview":"max-image-preview:large","max-video-preview":"max-video-preview:-1"},"canonical":"https:\/\/narteks.net\/index.php\/2009\/02\/27\/ozletiyor-seni-bu-yagmurlar\/","og_locale":"tr_TR","og_type":"article","og_title":"\u00d6ZLET\u0130YOR SEN\u0130 BU YA\u011eMURLAR","og_description":"\u00a0 Burada ya\u011fmur ya\u011f\u0131yor Aral\u0131ks\u0131z ya\u011f\u0131yor g\u00fcnlerdir Ama sen yine de \u015femsiyeni Almadan gel ilk otob\u00fcsle Bu\u011fulanan camlara usulca Y\u00fcz\u00fcn\u00fc \u00e7iziyorum ki y\u00fcz\u00fcn Bir ya\u011fmur damlas\u0131 olup D\u00fc\u015f\u00fcyor yapraklar\u0131na g\u00fcl\u00fcn G\u00fcller de bozam\u0131yor bu uzun Karanl\u0131k sessizli\u011fini kentin An\u0131lar\u0131n\u0131 yitiriyor sokaklar Bezirg\u00e2nla\u015f\u0131yor bulvar \u0131\u015f\u0131klar\u0131 Tarih de kekemele\u015fiyor bazen Ki o zaman a\u015fkt\u0131r tek bilici A\u015fksa [&hellip;]","og_url":"https:\/\/narteks.net\/index.php\/2009\/02\/27\/ozletiyor-seni-bu-yagmurlar\/","og_site_name":"narteks.net","article_published_time":"2009-02-27T13:10:18+00:00","og_image":[{"width":300,"height":90,"url":"https:\/\/narteks.net\/wp-content\/uploads\/narteks.png","type":"image\/png"}],"author":"Tar\u0131k","twitter_card":"summary_large_image","twitter_creator":"@narteks","twitter_site":"@narteks","twitter_misc":{"Yazan:":"Tar\u0131k","Tahmini okuma s\u00fcresi":"1 dakika"},"schema":{"@context":"https:\/\/schema.org","@graph":[{"@type":"Article","@id":"https:\/\/narteks.net\/index.php\/2009\/02\/27\/ozletiyor-seni-bu-yagmurlar\/#article","isPartOf":{"@id":"https:\/\/narteks.net\/index.php\/2009\/02\/27\/ozletiyor-seni-bu-yagmurlar\/"},"author":{"name":"Tar\u0131k","@id":"https:\/\/narteks.net\/#\/schema\/person\/61f37d9834294b72d31d274e7ed79bca"},"headline":"\u00d6ZLET\u0130YOR SEN\u0130 BU YA\u011eMURLAR","datePublished":"2009-02-27T13:10:18+00:00","mainEntityOfPage":{"@id":"https:\/\/narteks.net\/index.php\/2009\/02\/27\/ozletiyor-seni-bu-yagmurlar\/"},"wordCount":180,"commentCount":0,"publisher":{"@id":"https:\/\/narteks.net\/#organization"},"articleSection":["Ahmet TELL\u0130"],"inLanguage":"tr","potentialAction":[{"@type":"CommentAction","name":"Comment","target":["https:\/\/narteks.net\/index.php\/2009\/02\/27\/ozletiyor-seni-bu-yagmurlar\/#respond"]}]},{"@type":"WebPage","@id":"https:\/\/narteks.net\/index.php\/2009\/02\/27\/ozletiyor-seni-bu-yagmurlar\/","url":"https:\/\/narteks.net\/index.php\/2009\/02\/27\/ozletiyor-seni-bu-yagmurlar\/","name":"\u00d6ZLET\u0130YOR SEN\u0130 BU YA\u011eMURLAR - narteks.net","isPartOf":{"@id":"https:\/\/narteks.net\/#website"},"datePublished":"2009-02-27T13:10:18+00:00","breadcrumb":{"@id":"https:\/\/narteks.net\/index.php\/2009\/02\/27\/ozletiyor-seni-bu-yagmurlar\/#breadcrumb"},"inLanguage":"tr","potentialAction":[{"@type":"ReadAction","target":["https:\/\/narteks.net\/index.php\/2009\/02\/27\/ozletiyor-seni-bu-yagmurlar\/"]}]},{"@type":"BreadcrumbList","@id":"https:\/\/narteks.net\/index.php\/2009\/02\/27\/ozletiyor-seni-bu-yagmurlar\/#breadcrumb","itemListElement":[{"@type":"ListItem","position":1,"name":"Anasayfa","item":"https:\/\/narteks.net\/"},{"@type":"ListItem","position":2,"name":"\u00d6ZLET\u0130YOR SEN\u0130 BU YA\u011eMURLAR"}]},{"@type":"WebSite","@id":"https:\/\/narteks.net\/#website","url":"https:\/\/narteks.net\/","name":"narteks.net","description":"K\u00fclt\u00fcr Sanat Edebiyat Felsefe","publisher":{"@id":"https:\/\/narteks.net\/#organization"},"alternateName":"K\u00fclt\u00fcr Sanat Edebiyat Felsefe","potentialAction":[{"@type":"SearchAction","target":{"@type":"EntryPoint","urlTemplate":"https:\/\/narteks.net\/?s={search_term_string}"},"query-input":{"@type":"PropertyValueSpecification","valueRequired":true,"valueName":"search_term_string"}}],"inLanguage":"tr"},{"@type":"Organization","@id":"https:\/\/narteks.net\/#organization","name":"narteks.net","url":"https:\/\/narteks.net\/","logo":{"@type":"ImageObject","inLanguage":"tr","@id":"https:\/\/narteks.net\/#\/schema\/logo\/image\/","url":"https:\/\/narteks.net\/wp-content\/uploads\/narteks.png","contentUrl":"https:\/\/narteks.net\/wp-content\/uploads\/narteks.png","width":300,"height":90,"caption":"narteks.net"},"image":{"@id":"https:\/\/narteks.net\/#\/schema\/logo\/image\/"},"sameAs":["https:\/\/x.com\/narteks","https:\/\/instagram.com\/narteksnet"]},{"@type":"Person","@id":"https:\/\/narteks.net\/#\/schema\/person\/61f37d9834294b72d31d274e7ed79bca","name":"Tar\u0131k","image":{"@type":"ImageObject","inLanguage":"tr","@id":"https:\/\/narteks.net\/#\/schema\/person\/image\/","url":"https:\/\/secure.gravatar.com\/avatar\/50865afb55632c4ae467e0af0930f6510aa2297d8014be502a55b14f3b7550cf?s=96&d=mm&r=g","contentUrl":"https:\/\/secure.gravatar.com\/avatar\/50865afb55632c4ae467e0af0930f6510aa2297d8014be502a55b14f3b7550cf?s=96&d=mm&r=g","caption":"Tar\u0131k"},"sameAs":["http:\/\/narteks.net"],"url":"https:\/\/narteks.net\/index.php\/author\/narbak\/"}]}},"_links":{"self":[{"href":"https:\/\/narteks.net\/index.php\/wp-json\/wp\/v2\/posts\/152","targetHints":{"allow":["GET"]}}],"collection":[{"href":"https:\/\/narteks.net\/index.php\/wp-json\/wp\/v2\/posts"}],"about":[{"href":"https:\/\/narteks.net\/index.php\/wp-json\/wp\/v2\/types\/post"}],"author":[{"embeddable":true,"href":"https:\/\/narteks.net\/index.php\/wp-json\/wp\/v2\/users\/1"}],"replies":[{"embeddable":true,"href":"https:\/\/narteks.net\/index.php\/wp-json\/wp\/v2\/comments?post=152"}],"version-history":[{"count":0,"href":"https:\/\/narteks.net\/index.php\/wp-json\/wp\/v2\/posts\/152\/revisions"}],"wp:attachment":[{"href":"https:\/\/narteks.net\/index.php\/wp-json\/wp\/v2\/media?parent=152"}],"wp:term":[{"taxonomy":"category","embeddable":true,"href":"https:\/\/narteks.net\/index.php\/wp-json\/wp\/v2\/categories?post=152"},{"taxonomy":"post_tag","embeddable":true,"href":"https:\/\/narteks.net\/index.php\/wp-json\/wp\/v2\/tags?post=152"}],"curies":[{"name":"wp","href":"https:\/\/api.w.org\/{rel}","templated":true}]}}