{"id":1526,"date":"2009-11-19T11:28:17","date_gmt":"2009-11-19T08:28:17","guid":{"rendered":"http:\/\/localhost\/wordpress\/2009\/11\/19\/kendine-benim-icin-bir-gul-ver\/"},"modified":"2009-11-19T11:28:17","modified_gmt":"2009-11-19T08:28:17","slug":"kendine-benim-icin-bir-gul-ver","status":"publish","type":"post","link":"https:\/\/narteks.net\/index.php\/2009\/11\/19\/kendine-benim-icin-bir-gul-ver\/","title":{"rendered":"KEND\u0130NE BEN\u0130M \u0130\u00c7\u0130N B\u0130R G\u00dcL VER"},"content":{"rendered":"<p>\u00a0<\/p>\n<p>sensizlikle fl\u00f6rt etmeyi sen de\u011fil <br \/> sensizlik bilir <br \/> sesi ses\/sensizli\u011fi sensizlik bilir <\/p>\n<p> korkma, sana a\u015fk\u0131 \u00f6\u011fretmeyen kendinin <br \/> ellerinden tuk! <br \/> \u00e7ok a\u011fr\u0131m\u0131\u015f kendinin, siyah <br \/> ve ayaz kendinin <br \/> hep avuttu\u011fum d\u00fc\u015fler i\u00e7in bana bir g\u00fcl ver&#8230; <br \/> * <br \/> bak, paland\u00f6ken da\u011flar\u0131nda karlar erimi\u015f <br \/> teknelerde kol kola bahar sulara inmi\u015f <br \/> da\u011flar i\u00e7in, sular i\u00e7in bana bir g\u00fcl ver <br \/> bir g\u00fcl ver s\u00f6k\u00fcld\u00fc\u011f\u00fcm g\u00fcnler i\u00e7in <\/p>\n<p> -ve \u00f6nce kendinin ellerinden tut!- <br \/> * <br \/> kendimin ellerinden tutunca <br \/> i\u00e7imden nehirler gibi akmak geliyor <br \/> yollara \u00e7\u0131kmak, yolculuklara bakmak geliyor <br \/> geberesiye i\u00e7ip sala\u015f meyhanelerde <br \/> buralardan b\u00f6yle ceketsiz ka\u00e7mak geliyor <\/p>\n<p> tutunca kendimin ellerinden <br \/> pusulas\u0131z gemilerde yatmak <br \/> ya\u015fl\u0131 ve \u015fefkatli bir azizenin koynunda <br \/> sabaha dek k\u0131p\u0131rt\u0131s\u0131z susmak geliyor <\/p>\n<p> sevgilim, iyi insan, tutunca ellerimden <br \/> \u00f6mr\u00fcm\u00fcn i\u00e7inden akmak geliyor&#8230; <br \/> * <br \/> sessizlik sensizli\u011fi ezbere bilir <br \/> sensizlik her \u015feyi bilir&#8230; <\/p>\n<p> korkma, sana a\u015fk\u0131 \u00f6\u011fretmeyen kendinin <br \/> ellerinden tut! <br \/> sonra bana a\u015fk\u0131 \u00f6\u011fretmeyen kendimin <br \/> ellerinden; <\/p>\n<p> bak, y\u0131llar\u0131m s\u0131r\u0131ls\u0131klam ya\u011fmurlar giymi\u015f <br \/> g\u00fcnlerin avlusuna yeni yeni \u00e7ocuklar inmi\u015f <br \/> da\u011flar i\u00e7in, sular i\u00e7in bana bir g\u00fcl ver <br \/> avuttu\u011fum d\u00fc\u015fler i\u00e7in bana bir g\u00fcl ver <br \/> bir <br \/> g\u00fcl <br \/> pusulas\u0131z gemiler, s\u00f6k\u00fclm\u00fc\u015f g\u00fcnler i\u00e7in&#8230; <br \/> * <br \/> ben b\u00fct\u00fcn ye\u015fillerimi inat\u00e7\u0131 ayazlara \u00e7ald\u0131rd\u0131m <br \/> sen kendinin ellerinden tut <br \/> ve kendine benim<\/p>\n<p>Y\u0131lmaz ODABA\u015eI<\/p>\n","protected":false},"excerpt":{"rendered":"<p>\u00a0 sensizlikle fl\u00f6rt etmeyi sen de\u011fil sensizlik bilir sesi ses\/sensizli\u011fi sensizlik bilir korkma, sana a\u015fk\u0131 \u00f6\u011fretmeyen kendinin ellerinden tuk! \u00e7ok a\u011fr\u0131m\u0131\u015f kendinin, siyah ve ayaz kendinin hep avuttu\u011fum d\u00fc\u015fler i\u00e7in bana bir g\u00fcl ver&#8230; * bak, paland\u00f6ken da\u011flar\u0131nda karlar erimi\u015f teknelerde kol kola bahar sulara inmi\u015f da\u011flar i\u00e7in, sular i\u00e7in bana bir g\u00fcl ver bir [&hellip;]<\/p>\n","protected":false},"author":1,"featured_media":0,"comment_status":"open","ping_status":"open","sticky":false,"template":"","format":"standard","meta":{"footnotes":""},"categories":[77],"tags":[],"class_list":{"0":"post-1526","1":"post","2":"type-post","3":"status-publish","4":"format-standard","6":"category-yilmaz-odabasi"},"yoast_head":"<!-- This site is optimized with the Yoast SEO Premium plugin v24.9 (Yoast SEO v24.9) - https:\/\/yoast.com\/wordpress\/plugins\/seo\/ -->\n<title>KEND\u0130NE BEN\u0130M \u0130\u00c7\u0130N B\u0130R G\u00dcL VER - narteks.net<\/title>\n<meta name=\"robots\" content=\"index, follow, max-snippet:-1, max-image-preview:large, max-video-preview:-1\" \/>\n<link rel=\"canonical\" href=\"https:\/\/narteks.net\/index.php\/2009\/11\/19\/kendine-benim-icin-bir-gul-ver\/\" \/>\n<meta property=\"og:locale\" content=\"tr_TR\" \/>\n<meta property=\"og:type\" content=\"article\" \/>\n<meta property=\"og:title\" content=\"KEND\u0130NE BEN\u0130M \u0130\u00c7\u0130N B\u0130R G\u00dcL VER\" \/>\n<meta property=\"og:description\" content=\"\u00a0 sensizlikle fl\u00f6rt etmeyi sen de\u011fil sensizlik bilir sesi ses\/sensizli\u011fi sensizlik bilir korkma, sana a\u015fk\u0131 \u00f6\u011fretmeyen kendinin ellerinden tuk! \u00e7ok a\u011fr\u0131m\u0131\u015f kendinin, siyah ve ayaz kendinin hep avuttu\u011fum d\u00fc\u015fler i\u00e7in bana bir g\u00fcl ver&#8230; * bak, paland\u00f6ken da\u011flar\u0131nda karlar erimi\u015f teknelerde kol kola bahar sulara inmi\u015f da\u011flar i\u00e7in, sular i\u00e7in bana bir g\u00fcl ver bir [&hellip;]\" \/>\n<meta property=\"og:url\" content=\"https:\/\/narteks.net\/index.php\/2009\/11\/19\/kendine-benim-icin-bir-gul-ver\/\" \/>\n<meta property=\"og:site_name\" content=\"narteks.net\" \/>\n<meta property=\"article:published_time\" content=\"2009-11-19T08:28:17+00:00\" \/>\n<meta property=\"og:image\" content=\"https:\/\/narteks.net\/wp-content\/uploads\/narteks.png\" \/>\n\t<meta property=\"og:image:width\" content=\"300\" \/>\n\t<meta property=\"og:image:height\" content=\"90\" \/>\n\t<meta property=\"og:image:type\" content=\"image\/png\" \/>\n<meta name=\"author\" content=\"Tar\u0131k\" \/>\n<meta name=\"twitter:card\" content=\"summary_large_image\" \/>\n<meta name=\"twitter:creator\" content=\"@narteks\" \/>\n<meta name=\"twitter:site\" content=\"@narteks\" \/>\n<meta name=\"twitter:label1\" content=\"Yazan:\" \/>\n\t<meta name=\"twitter:data1\" content=\"Tar\u0131k\" \/>\n\t<meta name=\"twitter:label2\" content=\"Tahmini okuma s\u00fcresi\" \/>\n\t<meta name=\"twitter:data2\" content=\"1 dakika\" \/>\n<script type=\"application\/ld+json\" class=\"yoast-schema-graph\">{\"@context\":\"https:\/\/schema.org\",\"@graph\":[{\"@type\":\"Article\",\"@id\":\"https:\/\/narteks.net\/index.php\/2009\/11\/19\/kendine-benim-icin-bir-gul-ver\/#article\",\"isPartOf\":{\"@id\":\"https:\/\/narteks.net\/index.php\/2009\/11\/19\/kendine-benim-icin-bir-gul-ver\/\"},\"author\":{\"name\":\"Tar\u0131k\",\"@id\":\"https:\/\/narteks.net\/#\/schema\/person\/61f37d9834294b72d31d274e7ed79bca\"},\"headline\":\"KEND\u0130NE BEN\u0130M \u0130\u00c7\u0130N B\u0130R G\u00dcL VER\",\"datePublished\":\"2009-11-19T08:28:17+00:00\",\"mainEntityOfPage\":{\"@id\":\"https:\/\/narteks.net\/index.php\/2009\/11\/19\/kendine-benim-icin-bir-gul-ver\/\"},\"wordCount\":259,\"commentCount\":0,\"publisher\":{\"@id\":\"https:\/\/narteks.net\/#organization\"},\"articleSection\":[\"Y\u0131lmaz ODABA\u015eI\"],\"inLanguage\":\"tr\",\"potentialAction\":[{\"@type\":\"CommentAction\",\"name\":\"Comment\",\"target\":[\"https:\/\/narteks.net\/index.php\/2009\/11\/19\/kendine-benim-icin-bir-gul-ver\/#respond\"]}]},{\"@type\":\"WebPage\",\"@id\":\"https:\/\/narteks.net\/index.php\/2009\/11\/19\/kendine-benim-icin-bir-gul-ver\/\",\"url\":\"https:\/\/narteks.net\/index.php\/2009\/11\/19\/kendine-benim-icin-bir-gul-ver\/\",\"name\":\"KEND\u0130NE BEN\u0130M \u0130\u00c7\u0130N B\u0130R G\u00dcL VER - narteks.net\",\"isPartOf\":{\"@id\":\"https:\/\/narteks.net\/#website\"},\"datePublished\":\"2009-11-19T08:28:17+00:00\",\"breadcrumb\":{\"@id\":\"https:\/\/narteks.net\/index.php\/2009\/11\/19\/kendine-benim-icin-bir-gul-ver\/#breadcrumb\"},\"inLanguage\":\"tr\",\"potentialAction\":[{\"@type\":\"ReadAction\",\"target\":[\"https:\/\/narteks.net\/index.php\/2009\/11\/19\/kendine-benim-icin-bir-gul-ver\/\"]}]},{\"@type\":\"BreadcrumbList\",\"@id\":\"https:\/\/narteks.net\/index.php\/2009\/11\/19\/kendine-benim-icin-bir-gul-ver\/#breadcrumb\",\"itemListElement\":[{\"@type\":\"ListItem\",\"position\":1,\"name\":\"Anasayfa\",\"item\":\"https:\/\/narteks.net\/\"},{\"@type\":\"ListItem\",\"position\":2,\"name\":\"KEND\u0130NE BEN\u0130M \u0130\u00c7\u0130N B\u0130R G\u00dcL VER\"}]},{\"@type\":\"WebSite\",\"@id\":\"https:\/\/narteks.net\/#website\",\"url\":\"https:\/\/narteks.net\/\",\"name\":\"narteks.net\",\"description\":\"K\u00fclt\u00fcr Sanat Edebiyat Felsefe\",\"publisher\":{\"@id\":\"https:\/\/narteks.net\/#organization\"},\"alternateName\":\"K\u00fclt\u00fcr Sanat Edebiyat Felsefe\",\"potentialAction\":[{\"@type\":\"SearchAction\",\"target\":{\"@type\":\"EntryPoint\",\"urlTemplate\":\"https:\/\/narteks.net\/?s={search_term_string}\"},\"query-input\":{\"@type\":\"PropertyValueSpecification\",\"valueRequired\":true,\"valueName\":\"search_term_string\"}}],\"inLanguage\":\"tr\"},{\"@type\":\"Organization\",\"@id\":\"https:\/\/narteks.net\/#organization\",\"name\":\"narteks.net\",\"url\":\"https:\/\/narteks.net\/\",\"logo\":{\"@type\":\"ImageObject\",\"inLanguage\":\"tr\",\"@id\":\"https:\/\/narteks.net\/#\/schema\/logo\/image\/\",\"url\":\"https:\/\/narteks.net\/wp-content\/uploads\/narteks.png\",\"contentUrl\":\"https:\/\/narteks.net\/wp-content\/uploads\/narteks.png\",\"width\":300,\"height\":90,\"caption\":\"narteks.net\"},\"image\":{\"@id\":\"https:\/\/narteks.net\/#\/schema\/logo\/image\/\"},\"sameAs\":[\"https:\/\/x.com\/narteks\",\"https:\/\/instagram.com\/narteksnet\"]},{\"@type\":\"Person\",\"@id\":\"https:\/\/narteks.net\/#\/schema\/person\/61f37d9834294b72d31d274e7ed79bca\",\"name\":\"Tar\u0131k\",\"image\":{\"@type\":\"ImageObject\",\"inLanguage\":\"tr\",\"@id\":\"https:\/\/narteks.net\/#\/schema\/person\/image\/\",\"url\":\"https:\/\/secure.gravatar.com\/avatar\/50865afb55632c4ae467e0af0930f6510aa2297d8014be502a55b14f3b7550cf?s=96&d=mm&r=g\",\"contentUrl\":\"https:\/\/secure.gravatar.com\/avatar\/50865afb55632c4ae467e0af0930f6510aa2297d8014be502a55b14f3b7550cf?s=96&d=mm&r=g\",\"caption\":\"Tar\u0131k\"},\"sameAs\":[\"http:\/\/narteks.net\"],\"url\":\"https:\/\/narteks.net\/index.php\/author\/narbak\/\"}]}<\/script>\n<!-- \/ Yoast SEO Premium plugin. -->","yoast_head_json":{"title":"KEND\u0130NE BEN\u0130M \u0130\u00c7\u0130N B\u0130R G\u00dcL VER - narteks.net","robots":{"index":"index","follow":"follow","max-snippet":"max-snippet:-1","max-image-preview":"max-image-preview:large","max-video-preview":"max-video-preview:-1"},"canonical":"https:\/\/narteks.net\/index.php\/2009\/11\/19\/kendine-benim-icin-bir-gul-ver\/","og_locale":"tr_TR","og_type":"article","og_title":"KEND\u0130NE BEN\u0130M \u0130\u00c7\u0130N B\u0130R G\u00dcL VER","og_description":"\u00a0 sensizlikle fl\u00f6rt etmeyi sen de\u011fil sensizlik bilir sesi ses\/sensizli\u011fi sensizlik bilir korkma, sana a\u015fk\u0131 \u00f6\u011fretmeyen kendinin ellerinden tuk! \u00e7ok a\u011fr\u0131m\u0131\u015f kendinin, siyah ve ayaz kendinin hep avuttu\u011fum d\u00fc\u015fler i\u00e7in bana bir g\u00fcl ver&#8230; * bak, paland\u00f6ken da\u011flar\u0131nda karlar erimi\u015f teknelerde kol kola bahar sulara inmi\u015f da\u011flar i\u00e7in, sular i\u00e7in bana bir g\u00fcl ver bir [&hellip;]","og_url":"https:\/\/narteks.net\/index.php\/2009\/11\/19\/kendine-benim-icin-bir-gul-ver\/","og_site_name":"narteks.net","article_published_time":"2009-11-19T08:28:17+00:00","og_image":[{"width":300,"height":90,"url":"https:\/\/narteks.net\/wp-content\/uploads\/narteks.png","type":"image\/png"}],"author":"Tar\u0131k","twitter_card":"summary_large_image","twitter_creator":"@narteks","twitter_site":"@narteks","twitter_misc":{"Yazan:":"Tar\u0131k","Tahmini okuma s\u00fcresi":"1 dakika"},"schema":{"@context":"https:\/\/schema.org","@graph":[{"@type":"Article","@id":"https:\/\/narteks.net\/index.php\/2009\/11\/19\/kendine-benim-icin-bir-gul-ver\/#article","isPartOf":{"@id":"https:\/\/narteks.net\/index.php\/2009\/11\/19\/kendine-benim-icin-bir-gul-ver\/"},"author":{"name":"Tar\u0131k","@id":"https:\/\/narteks.net\/#\/schema\/person\/61f37d9834294b72d31d274e7ed79bca"},"headline":"KEND\u0130NE BEN\u0130M \u0130\u00c7\u0130N B\u0130R G\u00dcL VER","datePublished":"2009-11-19T08:28:17+00:00","mainEntityOfPage":{"@id":"https:\/\/narteks.net\/index.php\/2009\/11\/19\/kendine-benim-icin-bir-gul-ver\/"},"wordCount":259,"commentCount":0,"publisher":{"@id":"https:\/\/narteks.net\/#organization"},"articleSection":["Y\u0131lmaz ODABA\u015eI"],"inLanguage":"tr","potentialAction":[{"@type":"CommentAction","name":"Comment","target":["https:\/\/narteks.net\/index.php\/2009\/11\/19\/kendine-benim-icin-bir-gul-ver\/#respond"]}]},{"@type":"WebPage","@id":"https:\/\/narteks.net\/index.php\/2009\/11\/19\/kendine-benim-icin-bir-gul-ver\/","url":"https:\/\/narteks.net\/index.php\/2009\/11\/19\/kendine-benim-icin-bir-gul-ver\/","name":"KEND\u0130NE BEN\u0130M \u0130\u00c7\u0130N B\u0130R G\u00dcL VER - narteks.net","isPartOf":{"@id":"https:\/\/narteks.net\/#website"},"datePublished":"2009-11-19T08:28:17+00:00","breadcrumb":{"@id":"https:\/\/narteks.net\/index.php\/2009\/11\/19\/kendine-benim-icin-bir-gul-ver\/#breadcrumb"},"inLanguage":"tr","potentialAction":[{"@type":"ReadAction","target":["https:\/\/narteks.net\/index.php\/2009\/11\/19\/kendine-benim-icin-bir-gul-ver\/"]}]},{"@type":"BreadcrumbList","@id":"https:\/\/narteks.net\/index.php\/2009\/11\/19\/kendine-benim-icin-bir-gul-ver\/#breadcrumb","itemListElement":[{"@type":"ListItem","position":1,"name":"Anasayfa","item":"https:\/\/narteks.net\/"},{"@type":"ListItem","position":2,"name":"KEND\u0130NE BEN\u0130M \u0130\u00c7\u0130N B\u0130R G\u00dcL VER"}]},{"@type":"WebSite","@id":"https:\/\/narteks.net\/#website","url":"https:\/\/narteks.net\/","name":"narteks.net","description":"K\u00fclt\u00fcr Sanat Edebiyat Felsefe","publisher":{"@id":"https:\/\/narteks.net\/#organization"},"alternateName":"K\u00fclt\u00fcr Sanat Edebiyat Felsefe","potentialAction":[{"@type":"SearchAction","target":{"@type":"EntryPoint","urlTemplate":"https:\/\/narteks.net\/?s={search_term_string}"},"query-input":{"@type":"PropertyValueSpecification","valueRequired":true,"valueName":"search_term_string"}}],"inLanguage":"tr"},{"@type":"Organization","@id":"https:\/\/narteks.net\/#organization","name":"narteks.net","url":"https:\/\/narteks.net\/","logo":{"@type":"ImageObject","inLanguage":"tr","@id":"https:\/\/narteks.net\/#\/schema\/logo\/image\/","url":"https:\/\/narteks.net\/wp-content\/uploads\/narteks.png","contentUrl":"https:\/\/narteks.net\/wp-content\/uploads\/narteks.png","width":300,"height":90,"caption":"narteks.net"},"image":{"@id":"https:\/\/narteks.net\/#\/schema\/logo\/image\/"},"sameAs":["https:\/\/x.com\/narteks","https:\/\/instagram.com\/narteksnet"]},{"@type":"Person","@id":"https:\/\/narteks.net\/#\/schema\/person\/61f37d9834294b72d31d274e7ed79bca","name":"Tar\u0131k","image":{"@type":"ImageObject","inLanguage":"tr","@id":"https:\/\/narteks.net\/#\/schema\/person\/image\/","url":"https:\/\/secure.gravatar.com\/avatar\/50865afb55632c4ae467e0af0930f6510aa2297d8014be502a55b14f3b7550cf?s=96&d=mm&r=g","contentUrl":"https:\/\/secure.gravatar.com\/avatar\/50865afb55632c4ae467e0af0930f6510aa2297d8014be502a55b14f3b7550cf?s=96&d=mm&r=g","caption":"Tar\u0131k"},"sameAs":["http:\/\/narteks.net"],"url":"https:\/\/narteks.net\/index.php\/author\/narbak\/"}]}},"_links":{"self":[{"href":"https:\/\/narteks.net\/index.php\/wp-json\/wp\/v2\/posts\/1526","targetHints":{"allow":["GET"]}}],"collection":[{"href":"https:\/\/narteks.net\/index.php\/wp-json\/wp\/v2\/posts"}],"about":[{"href":"https:\/\/narteks.net\/index.php\/wp-json\/wp\/v2\/types\/post"}],"author":[{"embeddable":true,"href":"https:\/\/narteks.net\/index.php\/wp-json\/wp\/v2\/users\/1"}],"replies":[{"embeddable":true,"href":"https:\/\/narteks.net\/index.php\/wp-json\/wp\/v2\/comments?post=1526"}],"version-history":[{"count":0,"href":"https:\/\/narteks.net\/index.php\/wp-json\/wp\/v2\/posts\/1526\/revisions"}],"wp:attachment":[{"href":"https:\/\/narteks.net\/index.php\/wp-json\/wp\/v2\/media?parent=1526"}],"wp:term":[{"taxonomy":"category","embeddable":true,"href":"https:\/\/narteks.net\/index.php\/wp-json\/wp\/v2\/categories?post=1526"},{"taxonomy":"post_tag","embeddable":true,"href":"https:\/\/narteks.net\/index.php\/wp-json\/wp\/v2\/tags?post=1526"}],"curies":[{"name":"wp","href":"https:\/\/api.w.org\/{rel}","templated":true}]}}