{"id":1527,"date":"2009-11-19T11:29:00","date_gmt":"2009-11-19T08:29:00","guid":{"rendered":"http:\/\/localhost\/wordpress\/2009\/11\/19\/kiralik-keder\/"},"modified":"2009-11-19T11:29:00","modified_gmt":"2009-11-19T08:29:00","slug":"kiralik-keder","status":"publish","type":"post","link":"https:\/\/narteks.net\/index.php\/2009\/11\/19\/kiralik-keder\/","title":{"rendered":"K\u0130RALIK KEDER"},"content":{"rendered":"<p>\u00a0<\/p>\n<p>dicle kadar kurudum<br \/> ne sustum ne konu\u015ftum<br \/> \u00e7\u00f6pl\u00fckte bir g\u00fcl gibi<\/p>\n<p> b\u00f6yledir savrulu\u015flar<\/p>\n<p> ben yakt\u0131m yang\u0131n\u0131m\u0131<br \/> ben inledim, ben izledim<br \/> \u00f6l\u00fcm, seni g\u00f6zledim<\/p>\n<p> \u00f6mr\u00fcmde \u00e7\u0131rp\u0131n\u0131\u015flar<\/p>\n<p> \u015fimdi kim anlar beni<br \/> so\u011fuk hayat, so\u011fuk duvar<br \/> s\u0131cak bir\u015fey \u00f6zledim<\/p>\n<p> kalmad\u0131 ba\u015flang\u0131\u00e7lar<br \/> kalmad\u0131 ba\u015flang\u0131\u00e7lar<\/p>\n<p>Y\u0131lmaz ODABA\u015eI<\/p>\n","protected":false},"excerpt":{"rendered":"<p>\u00a0 dicle kadar kurudum ne sustum ne konu\u015ftum \u00e7\u00f6pl\u00fckte bir g\u00fcl gibi b\u00f6yledir savrulu\u015flar ben yakt\u0131m yang\u0131n\u0131m\u0131 ben inledim, ben izledim \u00f6l\u00fcm, seni g\u00f6zledim \u00f6mr\u00fcmde \u00e7\u0131rp\u0131n\u0131\u015flar \u015fimdi kim anlar beni so\u011fuk hayat, so\u011fuk duvar s\u0131cak bir\u015fey \u00f6zledim kalmad\u0131 ba\u015flang\u0131\u00e7lar kalmad\u0131 ba\u015flang\u0131\u00e7lar Y\u0131lmaz ODABA\u015eI<\/p>\n","protected":false},"author":1,"featured_media":0,"comment_status":"open","ping_status":"open","sticky":false,"template":"","format":"standard","meta":{"footnotes":""},"categories":[77],"tags":[],"class_list":{"0":"post-1527","1":"post","2":"type-post","3":"status-publish","4":"format-standard","6":"category-yilmaz-odabasi"},"yoast_head":"<!-- This site is optimized with the Yoast SEO Premium plugin v24.9 (Yoast SEO v24.9) - https:\/\/yoast.com\/wordpress\/plugins\/seo\/ -->\n<title>K\u0130RALIK KEDER - narteks.net<\/title>\n<meta name=\"robots\" content=\"index, follow, max-snippet:-1, max-image-preview:large, max-video-preview:-1\" \/>\n<link rel=\"canonical\" href=\"https:\/\/narteks.net\/index.php\/2009\/11\/19\/kiralik-keder\/\" \/>\n<meta property=\"og:locale\" content=\"tr_TR\" \/>\n<meta property=\"og:type\" content=\"article\" \/>\n<meta property=\"og:title\" content=\"K\u0130RALIK KEDER\" \/>\n<meta property=\"og:description\" content=\"\u00a0 dicle kadar kurudum ne sustum ne konu\u015ftum \u00e7\u00f6pl\u00fckte bir g\u00fcl gibi b\u00f6yledir savrulu\u015flar ben yakt\u0131m yang\u0131n\u0131m\u0131 ben inledim, ben izledim \u00f6l\u00fcm, seni g\u00f6zledim \u00f6mr\u00fcmde \u00e7\u0131rp\u0131n\u0131\u015flar \u015fimdi kim anlar beni so\u011fuk hayat, so\u011fuk duvar s\u0131cak bir\u015fey \u00f6zledim kalmad\u0131 ba\u015flang\u0131\u00e7lar kalmad\u0131 ba\u015flang\u0131\u00e7lar Y\u0131lmaz ODABA\u015eI\" \/>\n<meta property=\"og:url\" content=\"https:\/\/narteks.net\/index.php\/2009\/11\/19\/kiralik-keder\/\" \/>\n<meta property=\"og:site_name\" content=\"narteks.net\" \/>\n<meta property=\"article:published_time\" content=\"2009-11-19T08:29:00+00:00\" \/>\n<meta property=\"og:image\" content=\"https:\/\/narteks.net\/wp-content\/uploads\/narteks.png\" \/>\n\t<meta property=\"og:image:width\" content=\"300\" \/>\n\t<meta property=\"og:image:height\" content=\"90\" \/>\n\t<meta property=\"og:image:type\" content=\"image\/png\" \/>\n<meta name=\"author\" content=\"Tar\u0131k\" \/>\n<meta name=\"twitter:card\" content=\"summary_large_image\" \/>\n<meta name=\"twitter:creator\" content=\"@narteks\" \/>\n<meta name=\"twitter:site\" content=\"@narteks\" \/>\n<meta name=\"twitter:label1\" content=\"Yazan:\" \/>\n\t<meta name=\"twitter:data1\" content=\"Tar\u0131k\" \/>\n<script type=\"application\/ld+json\" class=\"yoast-schema-graph\">{\"@context\":\"https:\/\/schema.org\",\"@graph\":[{\"@type\":\"Article\",\"@id\":\"https:\/\/narteks.net\/index.php\/2009\/11\/19\/kiralik-keder\/#article\",\"isPartOf\":{\"@id\":\"https:\/\/narteks.net\/index.php\/2009\/11\/19\/kiralik-keder\/\"},\"author\":{\"name\":\"Tar\u0131k\",\"@id\":\"https:\/\/narteks.net\/#\/schema\/person\/61f37d9834294b72d31d274e7ed79bca\"},\"headline\":\"K\u0130RALIK KEDER\",\"datePublished\":\"2009-11-19T08:29:00+00:00\",\"mainEntityOfPage\":{\"@id\":\"https:\/\/narteks.net\/index.php\/2009\/11\/19\/kiralik-keder\/\"},\"wordCount\":68,\"commentCount\":0,\"publisher\":{\"@id\":\"https:\/\/narteks.net\/#organization\"},\"articleSection\":[\"Y\u0131lmaz ODABA\u015eI\"],\"inLanguage\":\"tr\",\"potentialAction\":[{\"@type\":\"CommentAction\",\"name\":\"Comment\",\"target\":[\"https:\/\/narteks.net\/index.php\/2009\/11\/19\/kiralik-keder\/#respond\"]}]},{\"@type\":\"WebPage\",\"@id\":\"https:\/\/narteks.net\/index.php\/2009\/11\/19\/kiralik-keder\/\",\"url\":\"https:\/\/narteks.net\/index.php\/2009\/11\/19\/kiralik-keder\/\",\"name\":\"K\u0130RALIK KEDER - narteks.net\",\"isPartOf\":{\"@id\":\"https:\/\/narteks.net\/#website\"},\"datePublished\":\"2009-11-19T08:29:00+00:00\",\"breadcrumb\":{\"@id\":\"https:\/\/narteks.net\/index.php\/2009\/11\/19\/kiralik-keder\/#breadcrumb\"},\"inLanguage\":\"tr\",\"potentialAction\":[{\"@type\":\"ReadAction\",\"target\":[\"https:\/\/narteks.net\/index.php\/2009\/11\/19\/kiralik-keder\/\"]}]},{\"@type\":\"BreadcrumbList\",\"@id\":\"https:\/\/narteks.net\/index.php\/2009\/11\/19\/kiralik-keder\/#breadcrumb\",\"itemListElement\":[{\"@type\":\"ListItem\",\"position\":1,\"name\":\"Anasayfa\",\"item\":\"https:\/\/narteks.net\/\"},{\"@type\":\"ListItem\",\"position\":2,\"name\":\"K\u0130RALIK KEDER\"}]},{\"@type\":\"WebSite\",\"@id\":\"https:\/\/narteks.net\/#website\",\"url\":\"https:\/\/narteks.net\/\",\"name\":\"narteks.net\",\"description\":\"K\u00fclt\u00fcr Sanat Edebiyat Felsefe\",\"publisher\":{\"@id\":\"https:\/\/narteks.net\/#organization\"},\"alternateName\":\"K\u00fclt\u00fcr Sanat Edebiyat Felsefe\",\"potentialAction\":[{\"@type\":\"SearchAction\",\"target\":{\"@type\":\"EntryPoint\",\"urlTemplate\":\"https:\/\/narteks.net\/?s={search_term_string}\"},\"query-input\":{\"@type\":\"PropertyValueSpecification\",\"valueRequired\":true,\"valueName\":\"search_term_string\"}}],\"inLanguage\":\"tr\"},{\"@type\":\"Organization\",\"@id\":\"https:\/\/narteks.net\/#organization\",\"name\":\"narteks.net\",\"url\":\"https:\/\/narteks.net\/\",\"logo\":{\"@type\":\"ImageObject\",\"inLanguage\":\"tr\",\"@id\":\"https:\/\/narteks.net\/#\/schema\/logo\/image\/\",\"url\":\"https:\/\/narteks.net\/wp-content\/uploads\/narteks.png\",\"contentUrl\":\"https:\/\/narteks.net\/wp-content\/uploads\/narteks.png\",\"width\":300,\"height\":90,\"caption\":\"narteks.net\"},\"image\":{\"@id\":\"https:\/\/narteks.net\/#\/schema\/logo\/image\/\"},\"sameAs\":[\"https:\/\/x.com\/narteks\",\"https:\/\/instagram.com\/narteksnet\"]},{\"@type\":\"Person\",\"@id\":\"https:\/\/narteks.net\/#\/schema\/person\/61f37d9834294b72d31d274e7ed79bca\",\"name\":\"Tar\u0131k\",\"image\":{\"@type\":\"ImageObject\",\"inLanguage\":\"tr\",\"@id\":\"https:\/\/narteks.net\/#\/schema\/person\/image\/\",\"url\":\"https:\/\/secure.gravatar.com\/avatar\/50865afb55632c4ae467e0af0930f6510aa2297d8014be502a55b14f3b7550cf?s=96&d=mm&r=g\",\"contentUrl\":\"https:\/\/secure.gravatar.com\/avatar\/50865afb55632c4ae467e0af0930f6510aa2297d8014be502a55b14f3b7550cf?s=96&d=mm&r=g\",\"caption\":\"Tar\u0131k\"},\"sameAs\":[\"http:\/\/narteks.net\"],\"url\":\"https:\/\/narteks.net\/index.php\/author\/narbak\/\"}]}<\/script>\n<!-- \/ Yoast SEO Premium plugin. -->","yoast_head_json":{"title":"K\u0130RALIK KEDER - narteks.net","robots":{"index":"index","follow":"follow","max-snippet":"max-snippet:-1","max-image-preview":"max-image-preview:large","max-video-preview":"max-video-preview:-1"},"canonical":"https:\/\/narteks.net\/index.php\/2009\/11\/19\/kiralik-keder\/","og_locale":"tr_TR","og_type":"article","og_title":"K\u0130RALIK KEDER","og_description":"\u00a0 dicle kadar kurudum ne sustum ne konu\u015ftum \u00e7\u00f6pl\u00fckte bir g\u00fcl gibi b\u00f6yledir savrulu\u015flar ben yakt\u0131m yang\u0131n\u0131m\u0131 ben inledim, ben izledim \u00f6l\u00fcm, seni g\u00f6zledim \u00f6mr\u00fcmde \u00e7\u0131rp\u0131n\u0131\u015flar \u015fimdi kim anlar beni so\u011fuk hayat, so\u011fuk duvar s\u0131cak bir\u015fey \u00f6zledim kalmad\u0131 ba\u015flang\u0131\u00e7lar kalmad\u0131 ba\u015flang\u0131\u00e7lar Y\u0131lmaz ODABA\u015eI","og_url":"https:\/\/narteks.net\/index.php\/2009\/11\/19\/kiralik-keder\/","og_site_name":"narteks.net","article_published_time":"2009-11-19T08:29:00+00:00","og_image":[{"width":300,"height":90,"url":"https:\/\/narteks.net\/wp-content\/uploads\/narteks.png","type":"image\/png"}],"author":"Tar\u0131k","twitter_card":"summary_large_image","twitter_creator":"@narteks","twitter_site":"@narteks","twitter_misc":{"Yazan:":"Tar\u0131k"},"schema":{"@context":"https:\/\/schema.org","@graph":[{"@type":"Article","@id":"https:\/\/narteks.net\/index.php\/2009\/11\/19\/kiralik-keder\/#article","isPartOf":{"@id":"https:\/\/narteks.net\/index.php\/2009\/11\/19\/kiralik-keder\/"},"author":{"name":"Tar\u0131k","@id":"https:\/\/narteks.net\/#\/schema\/person\/61f37d9834294b72d31d274e7ed79bca"},"headline":"K\u0130RALIK KEDER","datePublished":"2009-11-19T08:29:00+00:00","mainEntityOfPage":{"@id":"https:\/\/narteks.net\/index.php\/2009\/11\/19\/kiralik-keder\/"},"wordCount":68,"commentCount":0,"publisher":{"@id":"https:\/\/narteks.net\/#organization"},"articleSection":["Y\u0131lmaz ODABA\u015eI"],"inLanguage":"tr","potentialAction":[{"@type":"CommentAction","name":"Comment","target":["https:\/\/narteks.net\/index.php\/2009\/11\/19\/kiralik-keder\/#respond"]}]},{"@type":"WebPage","@id":"https:\/\/narteks.net\/index.php\/2009\/11\/19\/kiralik-keder\/","url":"https:\/\/narteks.net\/index.php\/2009\/11\/19\/kiralik-keder\/","name":"K\u0130RALIK KEDER - narteks.net","isPartOf":{"@id":"https:\/\/narteks.net\/#website"},"datePublished":"2009-11-19T08:29:00+00:00","breadcrumb":{"@id":"https:\/\/narteks.net\/index.php\/2009\/11\/19\/kiralik-keder\/#breadcrumb"},"inLanguage":"tr","potentialAction":[{"@type":"ReadAction","target":["https:\/\/narteks.net\/index.php\/2009\/11\/19\/kiralik-keder\/"]}]},{"@type":"BreadcrumbList","@id":"https:\/\/narteks.net\/index.php\/2009\/11\/19\/kiralik-keder\/#breadcrumb","itemListElement":[{"@type":"ListItem","position":1,"name":"Anasayfa","item":"https:\/\/narteks.net\/"},{"@type":"ListItem","position":2,"name":"K\u0130RALIK KEDER"}]},{"@type":"WebSite","@id":"https:\/\/narteks.net\/#website","url":"https:\/\/narteks.net\/","name":"narteks.net","description":"K\u00fclt\u00fcr Sanat Edebiyat Felsefe","publisher":{"@id":"https:\/\/narteks.net\/#organization"},"alternateName":"K\u00fclt\u00fcr Sanat Edebiyat Felsefe","potentialAction":[{"@type":"SearchAction","target":{"@type":"EntryPoint","urlTemplate":"https:\/\/narteks.net\/?s={search_term_string}"},"query-input":{"@type":"PropertyValueSpecification","valueRequired":true,"valueName":"search_term_string"}}],"inLanguage":"tr"},{"@type":"Organization","@id":"https:\/\/narteks.net\/#organization","name":"narteks.net","url":"https:\/\/narteks.net\/","logo":{"@type":"ImageObject","inLanguage":"tr","@id":"https:\/\/narteks.net\/#\/schema\/logo\/image\/","url":"https:\/\/narteks.net\/wp-content\/uploads\/narteks.png","contentUrl":"https:\/\/narteks.net\/wp-content\/uploads\/narteks.png","width":300,"height":90,"caption":"narteks.net"},"image":{"@id":"https:\/\/narteks.net\/#\/schema\/logo\/image\/"},"sameAs":["https:\/\/x.com\/narteks","https:\/\/instagram.com\/narteksnet"]},{"@type":"Person","@id":"https:\/\/narteks.net\/#\/schema\/person\/61f37d9834294b72d31d274e7ed79bca","name":"Tar\u0131k","image":{"@type":"ImageObject","inLanguage":"tr","@id":"https:\/\/narteks.net\/#\/schema\/person\/image\/","url":"https:\/\/secure.gravatar.com\/avatar\/50865afb55632c4ae467e0af0930f6510aa2297d8014be502a55b14f3b7550cf?s=96&d=mm&r=g","contentUrl":"https:\/\/secure.gravatar.com\/avatar\/50865afb55632c4ae467e0af0930f6510aa2297d8014be502a55b14f3b7550cf?s=96&d=mm&r=g","caption":"Tar\u0131k"},"sameAs":["http:\/\/narteks.net"],"url":"https:\/\/narteks.net\/index.php\/author\/narbak\/"}]}},"_links":{"self":[{"href":"https:\/\/narteks.net\/index.php\/wp-json\/wp\/v2\/posts\/1527","targetHints":{"allow":["GET"]}}],"collection":[{"href":"https:\/\/narteks.net\/index.php\/wp-json\/wp\/v2\/posts"}],"about":[{"href":"https:\/\/narteks.net\/index.php\/wp-json\/wp\/v2\/types\/post"}],"author":[{"embeddable":true,"href":"https:\/\/narteks.net\/index.php\/wp-json\/wp\/v2\/users\/1"}],"replies":[{"embeddable":true,"href":"https:\/\/narteks.net\/index.php\/wp-json\/wp\/v2\/comments?post=1527"}],"version-history":[{"count":0,"href":"https:\/\/narteks.net\/index.php\/wp-json\/wp\/v2\/posts\/1527\/revisions"}],"wp:attachment":[{"href":"https:\/\/narteks.net\/index.php\/wp-json\/wp\/v2\/media?parent=1527"}],"wp:term":[{"taxonomy":"category","embeddable":true,"href":"https:\/\/narteks.net\/index.php\/wp-json\/wp\/v2\/categories?post=1527"},{"taxonomy":"post_tag","embeddable":true,"href":"https:\/\/narteks.net\/index.php\/wp-json\/wp\/v2\/tags?post=1527"}],"curies":[{"name":"wp","href":"https:\/\/api.w.org\/{rel}","templated":true}]}}