{"id":1528,"date":"2009-11-19T11:29:45","date_gmt":"2009-11-19T08:29:45","guid":{"rendered":"http:\/\/localhost\/wordpress\/2009\/11\/19\/konussam-sessizlik-sussam-ayrilik\/"},"modified":"2009-11-19T11:29:45","modified_gmt":"2009-11-19T08:29:45","slug":"konussam-sessizlik-sussam-ayrilik","status":"publish","type":"post","link":"https:\/\/narteks.net\/index.php\/2009\/11\/19\/konussam-sessizlik-sussam-ayrilik\/","title":{"rendered":"KONU\u015eSAM SESS\u0130ZL\u0130K SUSSAM AYRILIK"},"content":{"rendered":"<p>\u00a0<\/p>\n<p>resmin rehindir gurbetimde<br \/> gurbetimde sesleri a\u015f\u0131nd\u0131rm\u0131\u015f kimliksiz bir kasaba<br \/> ve senin kederini \u0131slatan o ya\u011fmurlar rehin<\/p>\n<p> aln\u0131 \u00f6zlemle da\u011f\u0131n\u0131k bir ak\u015fam getirdim sana<br \/> sar, b\u00fcy\u00fct ellerinle, konuk et s\u0131cakl\u0131\u011f\u0131na<br \/> konuk et kanatlar\u0131 kanat\u0131lm\u0131\u015f ku\u015flar getirdim sana&#8230;<\/p>\n<p> ve ak\u015fam, bir kez daha<br \/> sa\u00e7lar\u0131n\u0131 topla ve da\u011f\u0131t sesini r\u00fczg\u00e2rlara<br \/> bir of \u00e7eksen kar\u015f\u0131ki da\u011flar y\u0131k\u0131l\u0131r<\/p>\n<p> \u00e7ekmiyorsun!<\/p>\n<p> akarsular\u0131 imrendiren y\u00fcz\u00fcn de<br \/> sabah\u00e7\u0131 kahveler de biliyor<br \/> g\u00f6r\u00fc\u015fmeyeli yorgunum <br \/> y\u0131k\u0131k kentler kanad\u0131 sevin\u00e7lerimle<br \/> g\u00f6r\u00fc\u015fmeyeli ya sen nas\u0131ls\u0131n<br \/> ad\u0131m, adresim durur mu defterinde?<br \/> \u015fimdi siirt&#8217;te koyun kokulu bir gecedeyim<br \/> beynimde iklimsiz papatyalar<br \/> ve ku\u015fat\u0131lm\u0131\u015f bir ak\u015fam duruyor penceremde<\/p>\n<p> sokaklar\u0131n g\u00fcn bat\u0131nca neden bo\u015fald\u0131\u011f\u0131n\u0131<br \/> ve y\u00fcre\u011fimin neden kabard\u0131\u011f\u0131n\u0131 bilmiyorum<br \/> konu\u015fsam: sessizlik\/gitsem: ayr\u0131l\u0131k<\/p>\n<p> sonra k\u0131p\u0131rt\u0131s\u0131z yaslad\u0131m g\u00f6\u011fs\u00fcm\u00fc bo\u011fulmu\u015f g\u00fcne<br \/> al bu \u00e7a\u011fr\u0131lar\u0131 sulara g\u00f6m, o uzak sulara<br \/> gurbetini rehnetme \u00f6zlemimde<\/p>\n<p>Y\u0131lmaz ODABA\u015eI<\/p>\n","protected":false},"excerpt":{"rendered":"<p>\u00a0 resmin rehindir gurbetimde gurbetimde sesleri a\u015f\u0131nd\u0131rm\u0131\u015f kimliksiz bir kasaba ve senin kederini \u0131slatan o ya\u011fmurlar rehin aln\u0131 \u00f6zlemle da\u011f\u0131n\u0131k bir ak\u015fam getirdim sana sar, b\u00fcy\u00fct ellerinle, konuk et s\u0131cakl\u0131\u011f\u0131na konuk et kanatlar\u0131 kanat\u0131lm\u0131\u015f ku\u015flar getirdim sana&#8230; ve ak\u015fam, bir kez daha sa\u00e7lar\u0131n\u0131 topla ve da\u011f\u0131t sesini r\u00fczg\u00e2rlara bir of \u00e7eksen kar\u015f\u0131ki da\u011flar y\u0131k\u0131l\u0131r \u00e7ekmiyorsun! [&hellip;]<\/p>\n","protected":false},"author":1,"featured_media":0,"comment_status":"open","ping_status":"open","sticky":false,"template":"","format":"standard","meta":{"footnotes":""},"categories":[77],"tags":[],"class_list":{"0":"post-1528","1":"post","2":"type-post","3":"status-publish","4":"format-standard","6":"category-yilmaz-odabasi"},"yoast_head":"<!-- This site is optimized with the Yoast SEO Premium plugin v24.9 (Yoast SEO v24.9) - https:\/\/yoast.com\/wordpress\/plugins\/seo\/ -->\n<title>KONU\u015eSAM SESS\u0130ZL\u0130K SUSSAM AYRILIK - narteks.net<\/title>\n<meta name=\"robots\" content=\"index, follow, max-snippet:-1, max-image-preview:large, max-video-preview:-1\" \/>\n<link rel=\"canonical\" href=\"https:\/\/narteks.net\/index.php\/2009\/11\/19\/konussam-sessizlik-sussam-ayrilik\/\" \/>\n<meta property=\"og:locale\" content=\"tr_TR\" \/>\n<meta property=\"og:type\" content=\"article\" \/>\n<meta property=\"og:title\" content=\"KONU\u015eSAM SESS\u0130ZL\u0130K SUSSAM AYRILIK\" \/>\n<meta property=\"og:description\" content=\"\u00a0 resmin rehindir gurbetimde gurbetimde sesleri a\u015f\u0131nd\u0131rm\u0131\u015f kimliksiz bir kasaba ve senin kederini \u0131slatan o ya\u011fmurlar rehin aln\u0131 \u00f6zlemle da\u011f\u0131n\u0131k bir ak\u015fam getirdim sana sar, b\u00fcy\u00fct ellerinle, konuk et s\u0131cakl\u0131\u011f\u0131na konuk et kanatlar\u0131 kanat\u0131lm\u0131\u015f ku\u015flar getirdim sana&#8230; ve ak\u015fam, bir kez daha sa\u00e7lar\u0131n\u0131 topla ve da\u011f\u0131t sesini r\u00fczg\u00e2rlara bir of \u00e7eksen kar\u015f\u0131ki da\u011flar y\u0131k\u0131l\u0131r \u00e7ekmiyorsun! [&hellip;]\" \/>\n<meta property=\"og:url\" content=\"https:\/\/narteks.net\/index.php\/2009\/11\/19\/konussam-sessizlik-sussam-ayrilik\/\" \/>\n<meta property=\"og:site_name\" content=\"narteks.net\" \/>\n<meta property=\"article:published_time\" content=\"2009-11-19T08:29:45+00:00\" \/>\n<meta property=\"og:image\" content=\"https:\/\/narteks.net\/wp-content\/uploads\/narteks.png\" \/>\n\t<meta property=\"og:image:width\" content=\"300\" \/>\n\t<meta property=\"og:image:height\" content=\"90\" \/>\n\t<meta property=\"og:image:type\" content=\"image\/png\" \/>\n<meta name=\"author\" content=\"Tar\u0131k\" \/>\n<meta name=\"twitter:card\" content=\"summary_large_image\" \/>\n<meta name=\"twitter:creator\" content=\"@narteks\" \/>\n<meta name=\"twitter:site\" content=\"@narteks\" \/>\n<meta name=\"twitter:label1\" content=\"Yazan:\" \/>\n\t<meta name=\"twitter:data1\" content=\"Tar\u0131k\" \/>\n\t<meta name=\"twitter:label2\" content=\"Tahmini okuma s\u00fcresi\" \/>\n\t<meta name=\"twitter:data2\" content=\"1 dakika\" \/>\n<script type=\"application\/ld+json\" class=\"yoast-schema-graph\">{\"@context\":\"https:\/\/schema.org\",\"@graph\":[{\"@type\":\"Article\",\"@id\":\"https:\/\/narteks.net\/index.php\/2009\/11\/19\/konussam-sessizlik-sussam-ayrilik\/#article\",\"isPartOf\":{\"@id\":\"https:\/\/narteks.net\/index.php\/2009\/11\/19\/konussam-sessizlik-sussam-ayrilik\/\"},\"author\":{\"name\":\"Tar\u0131k\",\"@id\":\"https:\/\/narteks.net\/#\/schema\/person\/61f37d9834294b72d31d274e7ed79bca\"},\"headline\":\"KONU\u015eSAM SESS\u0130ZL\u0130K SUSSAM AYRILIK\",\"datePublished\":\"2009-11-19T08:29:45+00:00\",\"mainEntityOfPage\":{\"@id\":\"https:\/\/narteks.net\/index.php\/2009\/11\/19\/konussam-sessizlik-sussam-ayrilik\/\"},\"wordCount\":195,\"commentCount\":0,\"publisher\":{\"@id\":\"https:\/\/narteks.net\/#organization\"},\"articleSection\":[\"Y\u0131lmaz ODABA\u015eI\"],\"inLanguage\":\"tr\",\"potentialAction\":[{\"@type\":\"CommentAction\",\"name\":\"Comment\",\"target\":[\"https:\/\/narteks.net\/index.php\/2009\/11\/19\/konussam-sessizlik-sussam-ayrilik\/#respond\"]}]},{\"@type\":\"WebPage\",\"@id\":\"https:\/\/narteks.net\/index.php\/2009\/11\/19\/konussam-sessizlik-sussam-ayrilik\/\",\"url\":\"https:\/\/narteks.net\/index.php\/2009\/11\/19\/konussam-sessizlik-sussam-ayrilik\/\",\"name\":\"KONU\u015eSAM SESS\u0130ZL\u0130K SUSSAM AYRILIK - narteks.net\",\"isPartOf\":{\"@id\":\"https:\/\/narteks.net\/#website\"},\"datePublished\":\"2009-11-19T08:29:45+00:00\",\"breadcrumb\":{\"@id\":\"https:\/\/narteks.net\/index.php\/2009\/11\/19\/konussam-sessizlik-sussam-ayrilik\/#breadcrumb\"},\"inLanguage\":\"tr\",\"potentialAction\":[{\"@type\":\"ReadAction\",\"target\":[\"https:\/\/narteks.net\/index.php\/2009\/11\/19\/konussam-sessizlik-sussam-ayrilik\/\"]}]},{\"@type\":\"BreadcrumbList\",\"@id\":\"https:\/\/narteks.net\/index.php\/2009\/11\/19\/konussam-sessizlik-sussam-ayrilik\/#breadcrumb\",\"itemListElement\":[{\"@type\":\"ListItem\",\"position\":1,\"name\":\"Anasayfa\",\"item\":\"https:\/\/narteks.net\/\"},{\"@type\":\"ListItem\",\"position\":2,\"name\":\"KONU\u015eSAM SESS\u0130ZL\u0130K SUSSAM AYRILIK\"}]},{\"@type\":\"WebSite\",\"@id\":\"https:\/\/narteks.net\/#website\",\"url\":\"https:\/\/narteks.net\/\",\"name\":\"narteks.net\",\"description\":\"K\u00fclt\u00fcr Sanat Edebiyat Felsefe\",\"publisher\":{\"@id\":\"https:\/\/narteks.net\/#organization\"},\"alternateName\":\"K\u00fclt\u00fcr Sanat Edebiyat Felsefe\",\"potentialAction\":[{\"@type\":\"SearchAction\",\"target\":{\"@type\":\"EntryPoint\",\"urlTemplate\":\"https:\/\/narteks.net\/?s={search_term_string}\"},\"query-input\":{\"@type\":\"PropertyValueSpecification\",\"valueRequired\":true,\"valueName\":\"search_term_string\"}}],\"inLanguage\":\"tr\"},{\"@type\":\"Organization\",\"@id\":\"https:\/\/narteks.net\/#organization\",\"name\":\"narteks.net\",\"url\":\"https:\/\/narteks.net\/\",\"logo\":{\"@type\":\"ImageObject\",\"inLanguage\":\"tr\",\"@id\":\"https:\/\/narteks.net\/#\/schema\/logo\/image\/\",\"url\":\"https:\/\/narteks.net\/wp-content\/uploads\/narteks.png\",\"contentUrl\":\"https:\/\/narteks.net\/wp-content\/uploads\/narteks.png\",\"width\":300,\"height\":90,\"caption\":\"narteks.net\"},\"image\":{\"@id\":\"https:\/\/narteks.net\/#\/schema\/logo\/image\/\"},\"sameAs\":[\"https:\/\/x.com\/narteks\",\"https:\/\/instagram.com\/narteksnet\"]},{\"@type\":\"Person\",\"@id\":\"https:\/\/narteks.net\/#\/schema\/person\/61f37d9834294b72d31d274e7ed79bca\",\"name\":\"Tar\u0131k\",\"image\":{\"@type\":\"ImageObject\",\"inLanguage\":\"tr\",\"@id\":\"https:\/\/narteks.net\/#\/schema\/person\/image\/\",\"url\":\"https:\/\/secure.gravatar.com\/avatar\/50865afb55632c4ae467e0af0930f6510aa2297d8014be502a55b14f3b7550cf?s=96&d=mm&r=g\",\"contentUrl\":\"https:\/\/secure.gravatar.com\/avatar\/50865afb55632c4ae467e0af0930f6510aa2297d8014be502a55b14f3b7550cf?s=96&d=mm&r=g\",\"caption\":\"Tar\u0131k\"},\"sameAs\":[\"http:\/\/narteks.net\"],\"url\":\"https:\/\/narteks.net\/index.php\/author\/narbak\/\"}]}<\/script>\n<!-- \/ Yoast SEO Premium plugin. -->","yoast_head_json":{"title":"KONU\u015eSAM SESS\u0130ZL\u0130K SUSSAM AYRILIK - narteks.net","robots":{"index":"index","follow":"follow","max-snippet":"max-snippet:-1","max-image-preview":"max-image-preview:large","max-video-preview":"max-video-preview:-1"},"canonical":"https:\/\/narteks.net\/index.php\/2009\/11\/19\/konussam-sessizlik-sussam-ayrilik\/","og_locale":"tr_TR","og_type":"article","og_title":"KONU\u015eSAM SESS\u0130ZL\u0130K SUSSAM AYRILIK","og_description":"\u00a0 resmin rehindir gurbetimde gurbetimde sesleri a\u015f\u0131nd\u0131rm\u0131\u015f kimliksiz bir kasaba ve senin kederini \u0131slatan o ya\u011fmurlar rehin aln\u0131 \u00f6zlemle da\u011f\u0131n\u0131k bir ak\u015fam getirdim sana sar, b\u00fcy\u00fct ellerinle, konuk et s\u0131cakl\u0131\u011f\u0131na konuk et kanatlar\u0131 kanat\u0131lm\u0131\u015f ku\u015flar getirdim sana&#8230; ve ak\u015fam, bir kez daha sa\u00e7lar\u0131n\u0131 topla ve da\u011f\u0131t sesini r\u00fczg\u00e2rlara bir of \u00e7eksen kar\u015f\u0131ki da\u011flar y\u0131k\u0131l\u0131r \u00e7ekmiyorsun! [&hellip;]","og_url":"https:\/\/narteks.net\/index.php\/2009\/11\/19\/konussam-sessizlik-sussam-ayrilik\/","og_site_name":"narteks.net","article_published_time":"2009-11-19T08:29:45+00:00","og_image":[{"width":300,"height":90,"url":"https:\/\/narteks.net\/wp-content\/uploads\/narteks.png","type":"image\/png"}],"author":"Tar\u0131k","twitter_card":"summary_large_image","twitter_creator":"@narteks","twitter_site":"@narteks","twitter_misc":{"Yazan:":"Tar\u0131k","Tahmini okuma s\u00fcresi":"1 dakika"},"schema":{"@context":"https:\/\/schema.org","@graph":[{"@type":"Article","@id":"https:\/\/narteks.net\/index.php\/2009\/11\/19\/konussam-sessizlik-sussam-ayrilik\/#article","isPartOf":{"@id":"https:\/\/narteks.net\/index.php\/2009\/11\/19\/konussam-sessizlik-sussam-ayrilik\/"},"author":{"name":"Tar\u0131k","@id":"https:\/\/narteks.net\/#\/schema\/person\/61f37d9834294b72d31d274e7ed79bca"},"headline":"KONU\u015eSAM SESS\u0130ZL\u0130K SUSSAM AYRILIK","datePublished":"2009-11-19T08:29:45+00:00","mainEntityOfPage":{"@id":"https:\/\/narteks.net\/index.php\/2009\/11\/19\/konussam-sessizlik-sussam-ayrilik\/"},"wordCount":195,"commentCount":0,"publisher":{"@id":"https:\/\/narteks.net\/#organization"},"articleSection":["Y\u0131lmaz ODABA\u015eI"],"inLanguage":"tr","potentialAction":[{"@type":"CommentAction","name":"Comment","target":["https:\/\/narteks.net\/index.php\/2009\/11\/19\/konussam-sessizlik-sussam-ayrilik\/#respond"]}]},{"@type":"WebPage","@id":"https:\/\/narteks.net\/index.php\/2009\/11\/19\/konussam-sessizlik-sussam-ayrilik\/","url":"https:\/\/narteks.net\/index.php\/2009\/11\/19\/konussam-sessizlik-sussam-ayrilik\/","name":"KONU\u015eSAM SESS\u0130ZL\u0130K SUSSAM AYRILIK - narteks.net","isPartOf":{"@id":"https:\/\/narteks.net\/#website"},"datePublished":"2009-11-19T08:29:45+00:00","breadcrumb":{"@id":"https:\/\/narteks.net\/index.php\/2009\/11\/19\/konussam-sessizlik-sussam-ayrilik\/#breadcrumb"},"inLanguage":"tr","potentialAction":[{"@type":"ReadAction","target":["https:\/\/narteks.net\/index.php\/2009\/11\/19\/konussam-sessizlik-sussam-ayrilik\/"]}]},{"@type":"BreadcrumbList","@id":"https:\/\/narteks.net\/index.php\/2009\/11\/19\/konussam-sessizlik-sussam-ayrilik\/#breadcrumb","itemListElement":[{"@type":"ListItem","position":1,"name":"Anasayfa","item":"https:\/\/narteks.net\/"},{"@type":"ListItem","position":2,"name":"KONU\u015eSAM SESS\u0130ZL\u0130K SUSSAM AYRILIK"}]},{"@type":"WebSite","@id":"https:\/\/narteks.net\/#website","url":"https:\/\/narteks.net\/","name":"narteks.net","description":"K\u00fclt\u00fcr Sanat Edebiyat Felsefe","publisher":{"@id":"https:\/\/narteks.net\/#organization"},"alternateName":"K\u00fclt\u00fcr Sanat Edebiyat Felsefe","potentialAction":[{"@type":"SearchAction","target":{"@type":"EntryPoint","urlTemplate":"https:\/\/narteks.net\/?s={search_term_string}"},"query-input":{"@type":"PropertyValueSpecification","valueRequired":true,"valueName":"search_term_string"}}],"inLanguage":"tr"},{"@type":"Organization","@id":"https:\/\/narteks.net\/#organization","name":"narteks.net","url":"https:\/\/narteks.net\/","logo":{"@type":"ImageObject","inLanguage":"tr","@id":"https:\/\/narteks.net\/#\/schema\/logo\/image\/","url":"https:\/\/narteks.net\/wp-content\/uploads\/narteks.png","contentUrl":"https:\/\/narteks.net\/wp-content\/uploads\/narteks.png","width":300,"height":90,"caption":"narteks.net"},"image":{"@id":"https:\/\/narteks.net\/#\/schema\/logo\/image\/"},"sameAs":["https:\/\/x.com\/narteks","https:\/\/instagram.com\/narteksnet"]},{"@type":"Person","@id":"https:\/\/narteks.net\/#\/schema\/person\/61f37d9834294b72d31d274e7ed79bca","name":"Tar\u0131k","image":{"@type":"ImageObject","inLanguage":"tr","@id":"https:\/\/narteks.net\/#\/schema\/person\/image\/","url":"https:\/\/secure.gravatar.com\/avatar\/50865afb55632c4ae467e0af0930f6510aa2297d8014be502a55b14f3b7550cf?s=96&d=mm&r=g","contentUrl":"https:\/\/secure.gravatar.com\/avatar\/50865afb55632c4ae467e0af0930f6510aa2297d8014be502a55b14f3b7550cf?s=96&d=mm&r=g","caption":"Tar\u0131k"},"sameAs":["http:\/\/narteks.net"],"url":"https:\/\/narteks.net\/index.php\/author\/narbak\/"}]}},"_links":{"self":[{"href":"https:\/\/narteks.net\/index.php\/wp-json\/wp\/v2\/posts\/1528","targetHints":{"allow":["GET"]}}],"collection":[{"href":"https:\/\/narteks.net\/index.php\/wp-json\/wp\/v2\/posts"}],"about":[{"href":"https:\/\/narteks.net\/index.php\/wp-json\/wp\/v2\/types\/post"}],"author":[{"embeddable":true,"href":"https:\/\/narteks.net\/index.php\/wp-json\/wp\/v2\/users\/1"}],"replies":[{"embeddable":true,"href":"https:\/\/narteks.net\/index.php\/wp-json\/wp\/v2\/comments?post=1528"}],"version-history":[{"count":0,"href":"https:\/\/narteks.net\/index.php\/wp-json\/wp\/v2\/posts\/1528\/revisions"}],"wp:attachment":[{"href":"https:\/\/narteks.net\/index.php\/wp-json\/wp\/v2\/media?parent=1528"}],"wp:term":[{"taxonomy":"category","embeddable":true,"href":"https:\/\/narteks.net\/index.php\/wp-json\/wp\/v2\/categories?post=1528"},{"taxonomy":"post_tag","embeddable":true,"href":"https:\/\/narteks.net\/index.php\/wp-json\/wp\/v2\/tags?post=1528"}],"curies":[{"name":"wp","href":"https:\/\/api.w.org\/{rel}","templated":true}]}}