{"id":1530,"date":"2009-11-19T11:30:57","date_gmt":"2009-11-19T08:30:57","guid":{"rendered":"http:\/\/localhost\/wordpress\/2009\/11\/19\/kuslarim-vuruldu\/"},"modified":"2009-11-19T11:30:57","modified_gmt":"2009-11-19T08:30:57","slug":"kuslarim-vuruldu","status":"publish","type":"post","link":"https:\/\/narteks.net\/index.php\/2009\/11\/19\/kuslarim-vuruldu\/","title":{"rendered":"KU\u015eLARIM VURULDU"},"content":{"rendered":"<p>\u00a0<\/p>\n<p>ku\u015flar m\u0131yd\u0131, ben miydim \u00f6len ger\u00e7ekten<br \/> bozgunum her sabah yeni bir ku\u015fu yitirmekten<\/p>\n<p> ku\u015flar\u0131m vuruldu kurak bir nehirle kald\u0131m<br \/> alacakaranl\u0131kta bu yetim \u015fark\u0131s\u0131yla<br \/> d\u00f6nd\u00fcm dola\u015ft\u0131m kendime vard\u0131m<br \/> da\u011flar\u0131m kur\u015funland\u0131, ayazlarda y\u0131kand\u0131m<br \/> ku\u015flar\u0131m vuruldu \u00e7oktan kimsesiz kald\u0131m&#8230;<\/p>\n<p> ku\u015flar\u0131m vuruldu, \u00f6mr\u00fcm pasland\u0131, yiten y\u0131llar\u0131 and\u0131m<br \/> ki r\u00fczg\u00e2rlar kadar \u00e7ok kar\u015f\u0131land\u0131m \u00e7ok u\u011furland\u0131m<br \/> h\u0131zla d\u00f6kerken yapraklar\u0131n\u0131 kalbim<br \/> gidip bir \u015fark\u0131n\u0131n notas\u0131nda sakland\u0131m<br \/> ama ku\u015flar\u0131m<br \/> ku\u015flar\u0131m vuruldu \u00e7oktan kimsesiz kald\u0131m&#8230; <\/p>\n<p> ku\u015flar\u0131m vuruldu, kalbim da\u011fland\u0131, o ah a\u015fklara yand\u0131m<br \/> yas tutan bir d\u00fcnyan\u0131n kalabal\u0131\u011f\u0131nda<br \/> gelenler gittiler g\u00f6lgemle kald\u0131m<br \/> \u00e7ek git yolumdan kalbim art\u0131k usland\u0131m<br \/> ku\u015flar\u0131m ku\u015flar\u0131m vuruldu \u00e7oktan kimsesiz kald\u0131m<\/p>\n<p>Y\u0131lmaz ODABA\u015eI<\/p>\n","protected":false},"excerpt":{"rendered":"<p>\u00a0 ku\u015flar m\u0131yd\u0131, ben miydim \u00f6len ger\u00e7ekten bozgunum her sabah yeni bir ku\u015fu yitirmekten ku\u015flar\u0131m vuruldu kurak bir nehirle kald\u0131m alacakaranl\u0131kta bu yetim \u015fark\u0131s\u0131yla d\u00f6nd\u00fcm dola\u015ft\u0131m kendime vard\u0131m da\u011flar\u0131m kur\u015funland\u0131, ayazlarda y\u0131kand\u0131m ku\u015flar\u0131m vuruldu \u00e7oktan kimsesiz kald\u0131m&#8230; ku\u015flar\u0131m vuruldu, \u00f6mr\u00fcm pasland\u0131, yiten y\u0131llar\u0131 and\u0131m ki r\u00fczg\u00e2rlar kadar \u00e7ok kar\u015f\u0131land\u0131m \u00e7ok u\u011furland\u0131m h\u0131zla d\u00f6kerken yapraklar\u0131n\u0131 kalbim [&hellip;]<\/p>\n","protected":false},"author":1,"featured_media":0,"comment_status":"open","ping_status":"open","sticky":false,"template":"","format":"standard","meta":{"footnotes":""},"categories":[77],"tags":[],"class_list":{"0":"post-1530","1":"post","2":"type-post","3":"status-publish","4":"format-standard","6":"category-yilmaz-odabasi"},"yoast_head":"<!-- This site is optimized with the Yoast SEO Premium plugin v24.9 (Yoast SEO v24.9) - https:\/\/yoast.com\/wordpress\/plugins\/seo\/ -->\n<title>KU\u015eLARIM VURULDU - narteks.net<\/title>\n<meta name=\"robots\" content=\"index, follow, max-snippet:-1, max-image-preview:large, max-video-preview:-1\" \/>\n<link rel=\"canonical\" href=\"https:\/\/narteks.net\/index.php\/2009\/11\/19\/kuslarim-vuruldu\/\" \/>\n<meta property=\"og:locale\" content=\"tr_TR\" \/>\n<meta property=\"og:type\" content=\"article\" \/>\n<meta property=\"og:title\" content=\"KU\u015eLARIM VURULDU\" \/>\n<meta property=\"og:description\" content=\"\u00a0 ku\u015flar m\u0131yd\u0131, ben miydim \u00f6len ger\u00e7ekten bozgunum her sabah yeni bir ku\u015fu yitirmekten ku\u015flar\u0131m vuruldu kurak bir nehirle kald\u0131m alacakaranl\u0131kta bu yetim \u015fark\u0131s\u0131yla d\u00f6nd\u00fcm dola\u015ft\u0131m kendime vard\u0131m da\u011flar\u0131m kur\u015funland\u0131, ayazlarda y\u0131kand\u0131m ku\u015flar\u0131m vuruldu \u00e7oktan kimsesiz kald\u0131m&#8230; ku\u015flar\u0131m vuruldu, \u00f6mr\u00fcm pasland\u0131, yiten y\u0131llar\u0131 and\u0131m ki r\u00fczg\u00e2rlar kadar \u00e7ok kar\u015f\u0131land\u0131m \u00e7ok u\u011furland\u0131m h\u0131zla d\u00f6kerken yapraklar\u0131n\u0131 kalbim [&hellip;]\" \/>\n<meta property=\"og:url\" content=\"https:\/\/narteks.net\/index.php\/2009\/11\/19\/kuslarim-vuruldu\/\" \/>\n<meta property=\"og:site_name\" content=\"narteks.net\" \/>\n<meta property=\"article:published_time\" content=\"2009-11-19T08:30:57+00:00\" \/>\n<meta property=\"og:image\" content=\"https:\/\/narteks.net\/wp-content\/uploads\/narteks.png\" \/>\n\t<meta property=\"og:image:width\" content=\"300\" \/>\n\t<meta property=\"og:image:height\" content=\"90\" \/>\n\t<meta property=\"og:image:type\" content=\"image\/png\" \/>\n<meta name=\"author\" content=\"Tar\u0131k\" \/>\n<meta name=\"twitter:card\" content=\"summary_large_image\" \/>\n<meta name=\"twitter:creator\" content=\"@narteks\" \/>\n<meta name=\"twitter:site\" content=\"@narteks\" \/>\n<meta name=\"twitter:label1\" content=\"Yazan:\" \/>\n\t<meta name=\"twitter:data1\" content=\"Tar\u0131k\" \/>\n\t<meta name=\"twitter:label2\" content=\"Tahmini okuma s\u00fcresi\" \/>\n\t<meta name=\"twitter:data2\" content=\"1 dakika\" \/>\n<script type=\"application\/ld+json\" class=\"yoast-schema-graph\">{\"@context\":\"https:\/\/schema.org\",\"@graph\":[{\"@type\":\"Article\",\"@id\":\"https:\/\/narteks.net\/index.php\/2009\/11\/19\/kuslarim-vuruldu\/#article\",\"isPartOf\":{\"@id\":\"https:\/\/narteks.net\/index.php\/2009\/11\/19\/kuslarim-vuruldu\/\"},\"author\":{\"name\":\"Tar\u0131k\",\"@id\":\"https:\/\/narteks.net\/#\/schema\/person\/61f37d9834294b72d31d274e7ed79bca\"},\"headline\":\"KU\u015eLARIM VURULDU\",\"datePublished\":\"2009-11-19T08:30:57+00:00\",\"mainEntityOfPage\":{\"@id\":\"https:\/\/narteks.net\/index.php\/2009\/11\/19\/kuslarim-vuruldu\/\"},\"wordCount\":165,\"commentCount\":0,\"publisher\":{\"@id\":\"https:\/\/narteks.net\/#organization\"},\"articleSection\":[\"Y\u0131lmaz ODABA\u015eI\"],\"inLanguage\":\"tr\",\"potentialAction\":[{\"@type\":\"CommentAction\",\"name\":\"Comment\",\"target\":[\"https:\/\/narteks.net\/index.php\/2009\/11\/19\/kuslarim-vuruldu\/#respond\"]}]},{\"@type\":\"WebPage\",\"@id\":\"https:\/\/narteks.net\/index.php\/2009\/11\/19\/kuslarim-vuruldu\/\",\"url\":\"https:\/\/narteks.net\/index.php\/2009\/11\/19\/kuslarim-vuruldu\/\",\"name\":\"KU\u015eLARIM VURULDU - narteks.net\",\"isPartOf\":{\"@id\":\"https:\/\/narteks.net\/#website\"},\"datePublished\":\"2009-11-19T08:30:57+00:00\",\"breadcrumb\":{\"@id\":\"https:\/\/narteks.net\/index.php\/2009\/11\/19\/kuslarim-vuruldu\/#breadcrumb\"},\"inLanguage\":\"tr\",\"potentialAction\":[{\"@type\":\"ReadAction\",\"target\":[\"https:\/\/narteks.net\/index.php\/2009\/11\/19\/kuslarim-vuruldu\/\"]}]},{\"@type\":\"BreadcrumbList\",\"@id\":\"https:\/\/narteks.net\/index.php\/2009\/11\/19\/kuslarim-vuruldu\/#breadcrumb\",\"itemListElement\":[{\"@type\":\"ListItem\",\"position\":1,\"name\":\"Anasayfa\",\"item\":\"https:\/\/narteks.net\/\"},{\"@type\":\"ListItem\",\"position\":2,\"name\":\"KU\u015eLARIM VURULDU\"}]},{\"@type\":\"WebSite\",\"@id\":\"https:\/\/narteks.net\/#website\",\"url\":\"https:\/\/narteks.net\/\",\"name\":\"narteks.net\",\"description\":\"K\u00fclt\u00fcr Sanat Edebiyat Felsefe\",\"publisher\":{\"@id\":\"https:\/\/narteks.net\/#organization\"},\"alternateName\":\"K\u00fclt\u00fcr Sanat Edebiyat Felsefe\",\"potentialAction\":[{\"@type\":\"SearchAction\",\"target\":{\"@type\":\"EntryPoint\",\"urlTemplate\":\"https:\/\/narteks.net\/?s={search_term_string}\"},\"query-input\":{\"@type\":\"PropertyValueSpecification\",\"valueRequired\":true,\"valueName\":\"search_term_string\"}}],\"inLanguage\":\"tr\"},{\"@type\":\"Organization\",\"@id\":\"https:\/\/narteks.net\/#organization\",\"name\":\"narteks.net\",\"url\":\"https:\/\/narteks.net\/\",\"logo\":{\"@type\":\"ImageObject\",\"inLanguage\":\"tr\",\"@id\":\"https:\/\/narteks.net\/#\/schema\/logo\/image\/\",\"url\":\"https:\/\/narteks.net\/wp-content\/uploads\/narteks.png\",\"contentUrl\":\"https:\/\/narteks.net\/wp-content\/uploads\/narteks.png\",\"width\":300,\"height\":90,\"caption\":\"narteks.net\"},\"image\":{\"@id\":\"https:\/\/narteks.net\/#\/schema\/logo\/image\/\"},\"sameAs\":[\"https:\/\/x.com\/narteks\",\"https:\/\/instagram.com\/narteksnet\"]},{\"@type\":\"Person\",\"@id\":\"https:\/\/narteks.net\/#\/schema\/person\/61f37d9834294b72d31d274e7ed79bca\",\"name\":\"Tar\u0131k\",\"image\":{\"@type\":\"ImageObject\",\"inLanguage\":\"tr\",\"@id\":\"https:\/\/narteks.net\/#\/schema\/person\/image\/\",\"url\":\"https:\/\/secure.gravatar.com\/avatar\/50865afb55632c4ae467e0af0930f6510aa2297d8014be502a55b14f3b7550cf?s=96&d=mm&r=g\",\"contentUrl\":\"https:\/\/secure.gravatar.com\/avatar\/50865afb55632c4ae467e0af0930f6510aa2297d8014be502a55b14f3b7550cf?s=96&d=mm&r=g\",\"caption\":\"Tar\u0131k\"},\"sameAs\":[\"http:\/\/narteks.net\"],\"url\":\"https:\/\/narteks.net\/index.php\/author\/narbak\/\"}]}<\/script>\n<!-- \/ Yoast SEO Premium plugin. -->","yoast_head_json":{"title":"KU\u015eLARIM VURULDU - narteks.net","robots":{"index":"index","follow":"follow","max-snippet":"max-snippet:-1","max-image-preview":"max-image-preview:large","max-video-preview":"max-video-preview:-1"},"canonical":"https:\/\/narteks.net\/index.php\/2009\/11\/19\/kuslarim-vuruldu\/","og_locale":"tr_TR","og_type":"article","og_title":"KU\u015eLARIM VURULDU","og_description":"\u00a0 ku\u015flar m\u0131yd\u0131, ben miydim \u00f6len ger\u00e7ekten bozgunum her sabah yeni bir ku\u015fu yitirmekten ku\u015flar\u0131m vuruldu kurak bir nehirle kald\u0131m alacakaranl\u0131kta bu yetim \u015fark\u0131s\u0131yla d\u00f6nd\u00fcm dola\u015ft\u0131m kendime vard\u0131m da\u011flar\u0131m kur\u015funland\u0131, ayazlarda y\u0131kand\u0131m ku\u015flar\u0131m vuruldu \u00e7oktan kimsesiz kald\u0131m&#8230; ku\u015flar\u0131m vuruldu, \u00f6mr\u00fcm pasland\u0131, yiten y\u0131llar\u0131 and\u0131m ki r\u00fczg\u00e2rlar kadar \u00e7ok kar\u015f\u0131land\u0131m \u00e7ok u\u011furland\u0131m h\u0131zla d\u00f6kerken yapraklar\u0131n\u0131 kalbim [&hellip;]","og_url":"https:\/\/narteks.net\/index.php\/2009\/11\/19\/kuslarim-vuruldu\/","og_site_name":"narteks.net","article_published_time":"2009-11-19T08:30:57+00:00","og_image":[{"width":300,"height":90,"url":"https:\/\/narteks.net\/wp-content\/uploads\/narteks.png","type":"image\/png"}],"author":"Tar\u0131k","twitter_card":"summary_large_image","twitter_creator":"@narteks","twitter_site":"@narteks","twitter_misc":{"Yazan:":"Tar\u0131k","Tahmini okuma s\u00fcresi":"1 dakika"},"schema":{"@context":"https:\/\/schema.org","@graph":[{"@type":"Article","@id":"https:\/\/narteks.net\/index.php\/2009\/11\/19\/kuslarim-vuruldu\/#article","isPartOf":{"@id":"https:\/\/narteks.net\/index.php\/2009\/11\/19\/kuslarim-vuruldu\/"},"author":{"name":"Tar\u0131k","@id":"https:\/\/narteks.net\/#\/schema\/person\/61f37d9834294b72d31d274e7ed79bca"},"headline":"KU\u015eLARIM VURULDU","datePublished":"2009-11-19T08:30:57+00:00","mainEntityOfPage":{"@id":"https:\/\/narteks.net\/index.php\/2009\/11\/19\/kuslarim-vuruldu\/"},"wordCount":165,"commentCount":0,"publisher":{"@id":"https:\/\/narteks.net\/#organization"},"articleSection":["Y\u0131lmaz ODABA\u015eI"],"inLanguage":"tr","potentialAction":[{"@type":"CommentAction","name":"Comment","target":["https:\/\/narteks.net\/index.php\/2009\/11\/19\/kuslarim-vuruldu\/#respond"]}]},{"@type":"WebPage","@id":"https:\/\/narteks.net\/index.php\/2009\/11\/19\/kuslarim-vuruldu\/","url":"https:\/\/narteks.net\/index.php\/2009\/11\/19\/kuslarim-vuruldu\/","name":"KU\u015eLARIM VURULDU - narteks.net","isPartOf":{"@id":"https:\/\/narteks.net\/#website"},"datePublished":"2009-11-19T08:30:57+00:00","breadcrumb":{"@id":"https:\/\/narteks.net\/index.php\/2009\/11\/19\/kuslarim-vuruldu\/#breadcrumb"},"inLanguage":"tr","potentialAction":[{"@type":"ReadAction","target":["https:\/\/narteks.net\/index.php\/2009\/11\/19\/kuslarim-vuruldu\/"]}]},{"@type":"BreadcrumbList","@id":"https:\/\/narteks.net\/index.php\/2009\/11\/19\/kuslarim-vuruldu\/#breadcrumb","itemListElement":[{"@type":"ListItem","position":1,"name":"Anasayfa","item":"https:\/\/narteks.net\/"},{"@type":"ListItem","position":2,"name":"KU\u015eLARIM VURULDU"}]},{"@type":"WebSite","@id":"https:\/\/narteks.net\/#website","url":"https:\/\/narteks.net\/","name":"narteks.net","description":"K\u00fclt\u00fcr Sanat Edebiyat Felsefe","publisher":{"@id":"https:\/\/narteks.net\/#organization"},"alternateName":"K\u00fclt\u00fcr Sanat Edebiyat Felsefe","potentialAction":[{"@type":"SearchAction","target":{"@type":"EntryPoint","urlTemplate":"https:\/\/narteks.net\/?s={search_term_string}"},"query-input":{"@type":"PropertyValueSpecification","valueRequired":true,"valueName":"search_term_string"}}],"inLanguage":"tr"},{"@type":"Organization","@id":"https:\/\/narteks.net\/#organization","name":"narteks.net","url":"https:\/\/narteks.net\/","logo":{"@type":"ImageObject","inLanguage":"tr","@id":"https:\/\/narteks.net\/#\/schema\/logo\/image\/","url":"https:\/\/narteks.net\/wp-content\/uploads\/narteks.png","contentUrl":"https:\/\/narteks.net\/wp-content\/uploads\/narteks.png","width":300,"height":90,"caption":"narteks.net"},"image":{"@id":"https:\/\/narteks.net\/#\/schema\/logo\/image\/"},"sameAs":["https:\/\/x.com\/narteks","https:\/\/instagram.com\/narteksnet"]},{"@type":"Person","@id":"https:\/\/narteks.net\/#\/schema\/person\/61f37d9834294b72d31d274e7ed79bca","name":"Tar\u0131k","image":{"@type":"ImageObject","inLanguage":"tr","@id":"https:\/\/narteks.net\/#\/schema\/person\/image\/","url":"https:\/\/secure.gravatar.com\/avatar\/50865afb55632c4ae467e0af0930f6510aa2297d8014be502a55b14f3b7550cf?s=96&d=mm&r=g","contentUrl":"https:\/\/secure.gravatar.com\/avatar\/50865afb55632c4ae467e0af0930f6510aa2297d8014be502a55b14f3b7550cf?s=96&d=mm&r=g","caption":"Tar\u0131k"},"sameAs":["http:\/\/narteks.net"],"url":"https:\/\/narteks.net\/index.php\/author\/narbak\/"}]}},"_links":{"self":[{"href":"https:\/\/narteks.net\/index.php\/wp-json\/wp\/v2\/posts\/1530","targetHints":{"allow":["GET"]}}],"collection":[{"href":"https:\/\/narteks.net\/index.php\/wp-json\/wp\/v2\/posts"}],"about":[{"href":"https:\/\/narteks.net\/index.php\/wp-json\/wp\/v2\/types\/post"}],"author":[{"embeddable":true,"href":"https:\/\/narteks.net\/index.php\/wp-json\/wp\/v2\/users\/1"}],"replies":[{"embeddable":true,"href":"https:\/\/narteks.net\/index.php\/wp-json\/wp\/v2\/comments?post=1530"}],"version-history":[{"count":0,"href":"https:\/\/narteks.net\/index.php\/wp-json\/wp\/v2\/posts\/1530\/revisions"}],"wp:attachment":[{"href":"https:\/\/narteks.net\/index.php\/wp-json\/wp\/v2\/media?parent=1530"}],"wp:term":[{"taxonomy":"category","embeddable":true,"href":"https:\/\/narteks.net\/index.php\/wp-json\/wp\/v2\/categories?post=1530"},{"taxonomy":"post_tag","embeddable":true,"href":"https:\/\/narteks.net\/index.php\/wp-json\/wp\/v2\/tags?post=1530"}],"curies":[{"name":"wp","href":"https:\/\/api.w.org\/{rel}","templated":true}]}}