{"id":1536,"date":"2009-11-19T11:36:34","date_gmt":"2009-11-19T08:36:34","guid":{"rendered":"http:\/\/localhost\/wordpress\/2009\/11\/19\/sana-yagmur-diyorum\/"},"modified":"2009-11-19T11:36:34","modified_gmt":"2009-11-19T08:36:34","slug":"sana-yagmur-diyorum","status":"publish","type":"post","link":"https:\/\/narteks.net\/index.php\/2009\/11\/19\/sana-yagmur-diyorum\/","title":{"rendered":"SANA YA\u011eMUR D\u0130YORUM"},"content":{"rendered":"<p>\u00a0<\/p>\n<p>(gidersen hani s\u0131\u011f\u0131naklar\u0131m?<br \/> eksilir, zarar kal\u0131r\u0131m<br \/> kal\u0131r\u0131m!<br \/> yeni g\u00fcn\u00fcn tenine da\u011f\u0131l\u0131r yaralar\u0131m<br \/> sana ya\u011fmur diyorum)<\/p>\n<p> uzun boylu umuttun<br \/> tad\u0131nda unutuldun<br \/> nerde b\u00fcy\u00fck u\u00e7urumlar\u0131n<br \/> k\u0131\u015f sular\u0131n, yaz uykular\u0131n?<\/p>\n<p> sana ya\u011fmur diyorum \u0131slakl\u0131\u011f\u0131m bundan<br \/> ya\u011f da \u0131slanal\u0131m, ama uslanmayal\u0131m<br \/> uslanmayal\u0131m!<\/p>\n<p> g\u00fcn, vursun y\u00fck\u00fcn\u00fc gecenin h\u0131rkas\u0131na<br \/> yol, vursun sesini uzakl\u0131\u011f\u0131n pas\u0131na<br \/> sesime kibrit \u00e7aksan tutu\u015faca\u011f\u0131m<br \/> sarg\u0131s\u0131z\u0131m,<br \/> \u00e7o\u011fal\u0131r\u0131m;<br \/> \u00e7o\u011fald\u0131k\u00e7a ars\u0131z\u0131m<br \/> sana ya\u011fmur diyorum<br \/> en hakl\u0131 a\u015fk,<br \/> alk\u0131\u015fs\u0131z s\u00fcrebilendir<br \/> ve en hakl\u0131 kavgan\u0131n \u00f6znesi<br \/> \u00f6lmemek i\u00e7in d\u00f6v\u00fc\u015f\u00fcrken de \u00f6lebilendir<\/p>\n<p> o an<br \/> i\u015fte o an<br \/> ey bizi ayr\u0131 takvimlere d\u00fc\u015f\u00fcren zaman<br \/> yere bir bahar dal\u0131 d\u00fc\u015fm\u00fc\u015f gibi mi olur<br \/> s\u0131rada\u011flar m\u0131 tutu\u015fur ba\u011fr\u0131n\u0131n orta yerinde?<\/p>\n<p> yeter<br \/> kan s\u0131\u00e7ratmay\u0131n sabah\u0131n seherine<br \/> bo\u011fulursunuz<br \/> bo\u011fulursunuz!<\/p>\n<p>Y\u0131lmaz ODABA\u015eI<\/p>\n","protected":false},"excerpt":{"rendered":"<p>\u00a0 (gidersen hani s\u0131\u011f\u0131naklar\u0131m? eksilir, zarar kal\u0131r\u0131m kal\u0131r\u0131m! yeni g\u00fcn\u00fcn tenine da\u011f\u0131l\u0131r yaralar\u0131m sana ya\u011fmur diyorum) uzun boylu umuttun tad\u0131nda unutuldun nerde b\u00fcy\u00fck u\u00e7urumlar\u0131n k\u0131\u015f sular\u0131n, yaz uykular\u0131n? sana ya\u011fmur diyorum \u0131slakl\u0131\u011f\u0131m bundan ya\u011f da \u0131slanal\u0131m, ama uslanmayal\u0131m uslanmayal\u0131m! g\u00fcn, vursun y\u00fck\u00fcn\u00fc gecenin h\u0131rkas\u0131na yol, vursun sesini uzakl\u0131\u011f\u0131n pas\u0131na sesime kibrit \u00e7aksan tutu\u015faca\u011f\u0131m sarg\u0131s\u0131z\u0131m, \u00e7o\u011fal\u0131r\u0131m; [&hellip;]<\/p>\n","protected":false},"author":1,"featured_media":0,"comment_status":"open","ping_status":"open","sticky":false,"template":"","format":"standard","meta":{"footnotes":""},"categories":[77],"tags":[],"class_list":{"0":"post-1536","1":"post","2":"type-post","3":"status-publish","4":"format-standard","6":"category-yilmaz-odabasi"},"yoast_head":"<!-- This site is optimized with the Yoast SEO Premium plugin v24.9 (Yoast SEO v24.9) - https:\/\/yoast.com\/wordpress\/plugins\/seo\/ -->\n<title>SANA YA\u011eMUR D\u0130YORUM - narteks.net<\/title>\n<meta name=\"robots\" content=\"index, follow, max-snippet:-1, max-image-preview:large, max-video-preview:-1\" \/>\n<link rel=\"canonical\" href=\"https:\/\/narteks.net\/index.php\/2009\/11\/19\/sana-yagmur-diyorum\/\" \/>\n<meta property=\"og:locale\" content=\"tr_TR\" \/>\n<meta property=\"og:type\" content=\"article\" \/>\n<meta property=\"og:title\" content=\"SANA YA\u011eMUR D\u0130YORUM\" \/>\n<meta property=\"og:description\" content=\"\u00a0 (gidersen hani s\u0131\u011f\u0131naklar\u0131m? eksilir, zarar kal\u0131r\u0131m kal\u0131r\u0131m! yeni g\u00fcn\u00fcn tenine da\u011f\u0131l\u0131r yaralar\u0131m sana ya\u011fmur diyorum) uzun boylu umuttun tad\u0131nda unutuldun nerde b\u00fcy\u00fck u\u00e7urumlar\u0131n k\u0131\u015f sular\u0131n, yaz uykular\u0131n? sana ya\u011fmur diyorum \u0131slakl\u0131\u011f\u0131m bundan ya\u011f da \u0131slanal\u0131m, ama uslanmayal\u0131m uslanmayal\u0131m! g\u00fcn, vursun y\u00fck\u00fcn\u00fc gecenin h\u0131rkas\u0131na yol, vursun sesini uzakl\u0131\u011f\u0131n pas\u0131na sesime kibrit \u00e7aksan tutu\u015faca\u011f\u0131m sarg\u0131s\u0131z\u0131m, \u00e7o\u011fal\u0131r\u0131m; [&hellip;]\" \/>\n<meta property=\"og:url\" content=\"https:\/\/narteks.net\/index.php\/2009\/11\/19\/sana-yagmur-diyorum\/\" \/>\n<meta property=\"og:site_name\" content=\"narteks.net\" \/>\n<meta property=\"article:published_time\" content=\"2009-11-19T08:36:34+00:00\" \/>\n<meta property=\"og:image\" content=\"https:\/\/narteks.net\/wp-content\/uploads\/narteks.png\" \/>\n\t<meta property=\"og:image:width\" content=\"300\" \/>\n\t<meta property=\"og:image:height\" content=\"90\" \/>\n\t<meta property=\"og:image:type\" content=\"image\/png\" \/>\n<meta name=\"author\" content=\"Tar\u0131k\" \/>\n<meta name=\"twitter:card\" content=\"summary_large_image\" \/>\n<meta name=\"twitter:creator\" content=\"@narteks\" \/>\n<meta name=\"twitter:site\" content=\"@narteks\" \/>\n<meta name=\"twitter:label1\" content=\"Yazan:\" \/>\n\t<meta name=\"twitter:data1\" content=\"Tar\u0131k\" \/>\n\t<meta name=\"twitter:label2\" content=\"Tahmini okuma s\u00fcresi\" \/>\n\t<meta name=\"twitter:data2\" content=\"1 dakika\" \/>\n<script type=\"application\/ld+json\" class=\"yoast-schema-graph\">{\"@context\":\"https:\/\/schema.org\",\"@graph\":[{\"@type\":\"Article\",\"@id\":\"https:\/\/narteks.net\/index.php\/2009\/11\/19\/sana-yagmur-diyorum\/#article\",\"isPartOf\":{\"@id\":\"https:\/\/narteks.net\/index.php\/2009\/11\/19\/sana-yagmur-diyorum\/\"},\"author\":{\"name\":\"Tar\u0131k\",\"@id\":\"https:\/\/narteks.net\/#\/schema\/person\/61f37d9834294b72d31d274e7ed79bca\"},\"headline\":\"SANA YA\u011eMUR D\u0130YORUM\",\"datePublished\":\"2009-11-19T08:36:34+00:00\",\"mainEntityOfPage\":{\"@id\":\"https:\/\/narteks.net\/index.php\/2009\/11\/19\/sana-yagmur-diyorum\/\"},\"wordCount\":182,\"commentCount\":0,\"publisher\":{\"@id\":\"https:\/\/narteks.net\/#organization\"},\"articleSection\":[\"Y\u0131lmaz ODABA\u015eI\"],\"inLanguage\":\"tr\",\"potentialAction\":[{\"@type\":\"CommentAction\",\"name\":\"Comment\",\"target\":[\"https:\/\/narteks.net\/index.php\/2009\/11\/19\/sana-yagmur-diyorum\/#respond\"]}]},{\"@type\":\"WebPage\",\"@id\":\"https:\/\/narteks.net\/index.php\/2009\/11\/19\/sana-yagmur-diyorum\/\",\"url\":\"https:\/\/narteks.net\/index.php\/2009\/11\/19\/sana-yagmur-diyorum\/\",\"name\":\"SANA YA\u011eMUR D\u0130YORUM - narteks.net\",\"isPartOf\":{\"@id\":\"https:\/\/narteks.net\/#website\"},\"datePublished\":\"2009-11-19T08:36:34+00:00\",\"breadcrumb\":{\"@id\":\"https:\/\/narteks.net\/index.php\/2009\/11\/19\/sana-yagmur-diyorum\/#breadcrumb\"},\"inLanguage\":\"tr\",\"potentialAction\":[{\"@type\":\"ReadAction\",\"target\":[\"https:\/\/narteks.net\/index.php\/2009\/11\/19\/sana-yagmur-diyorum\/\"]}]},{\"@type\":\"BreadcrumbList\",\"@id\":\"https:\/\/narteks.net\/index.php\/2009\/11\/19\/sana-yagmur-diyorum\/#breadcrumb\",\"itemListElement\":[{\"@type\":\"ListItem\",\"position\":1,\"name\":\"Anasayfa\",\"item\":\"https:\/\/narteks.net\/\"},{\"@type\":\"ListItem\",\"position\":2,\"name\":\"SANA YA\u011eMUR D\u0130YORUM\"}]},{\"@type\":\"WebSite\",\"@id\":\"https:\/\/narteks.net\/#website\",\"url\":\"https:\/\/narteks.net\/\",\"name\":\"narteks.net\",\"description\":\"K\u00fclt\u00fcr Sanat Edebiyat Felsefe\",\"publisher\":{\"@id\":\"https:\/\/narteks.net\/#organization\"},\"alternateName\":\"K\u00fclt\u00fcr Sanat Edebiyat Felsefe\",\"potentialAction\":[{\"@type\":\"SearchAction\",\"target\":{\"@type\":\"EntryPoint\",\"urlTemplate\":\"https:\/\/narteks.net\/?s={search_term_string}\"},\"query-input\":{\"@type\":\"PropertyValueSpecification\",\"valueRequired\":true,\"valueName\":\"search_term_string\"}}],\"inLanguage\":\"tr\"},{\"@type\":\"Organization\",\"@id\":\"https:\/\/narteks.net\/#organization\",\"name\":\"narteks.net\",\"url\":\"https:\/\/narteks.net\/\",\"logo\":{\"@type\":\"ImageObject\",\"inLanguage\":\"tr\",\"@id\":\"https:\/\/narteks.net\/#\/schema\/logo\/image\/\",\"url\":\"https:\/\/narteks.net\/wp-content\/uploads\/narteks.png\",\"contentUrl\":\"https:\/\/narteks.net\/wp-content\/uploads\/narteks.png\",\"width\":300,\"height\":90,\"caption\":\"narteks.net\"},\"image\":{\"@id\":\"https:\/\/narteks.net\/#\/schema\/logo\/image\/\"},\"sameAs\":[\"https:\/\/x.com\/narteks\",\"https:\/\/instagram.com\/narteksnet\"]},{\"@type\":\"Person\",\"@id\":\"https:\/\/narteks.net\/#\/schema\/person\/61f37d9834294b72d31d274e7ed79bca\",\"name\":\"Tar\u0131k\",\"image\":{\"@type\":\"ImageObject\",\"inLanguage\":\"tr\",\"@id\":\"https:\/\/narteks.net\/#\/schema\/person\/image\/\",\"url\":\"https:\/\/secure.gravatar.com\/avatar\/50865afb55632c4ae467e0af0930f6510aa2297d8014be502a55b14f3b7550cf?s=96&d=mm&r=g\",\"contentUrl\":\"https:\/\/secure.gravatar.com\/avatar\/50865afb55632c4ae467e0af0930f6510aa2297d8014be502a55b14f3b7550cf?s=96&d=mm&r=g\",\"caption\":\"Tar\u0131k\"},\"sameAs\":[\"http:\/\/narteks.net\"],\"url\":\"https:\/\/narteks.net\/index.php\/author\/narbak\/\"}]}<\/script>\n<!-- \/ Yoast SEO Premium plugin. -->","yoast_head_json":{"title":"SANA YA\u011eMUR D\u0130YORUM - narteks.net","robots":{"index":"index","follow":"follow","max-snippet":"max-snippet:-1","max-image-preview":"max-image-preview:large","max-video-preview":"max-video-preview:-1"},"canonical":"https:\/\/narteks.net\/index.php\/2009\/11\/19\/sana-yagmur-diyorum\/","og_locale":"tr_TR","og_type":"article","og_title":"SANA YA\u011eMUR D\u0130YORUM","og_description":"\u00a0 (gidersen hani s\u0131\u011f\u0131naklar\u0131m? eksilir, zarar kal\u0131r\u0131m kal\u0131r\u0131m! yeni g\u00fcn\u00fcn tenine da\u011f\u0131l\u0131r yaralar\u0131m sana ya\u011fmur diyorum) uzun boylu umuttun tad\u0131nda unutuldun nerde b\u00fcy\u00fck u\u00e7urumlar\u0131n k\u0131\u015f sular\u0131n, yaz uykular\u0131n? sana ya\u011fmur diyorum \u0131slakl\u0131\u011f\u0131m bundan ya\u011f da \u0131slanal\u0131m, ama uslanmayal\u0131m uslanmayal\u0131m! g\u00fcn, vursun y\u00fck\u00fcn\u00fc gecenin h\u0131rkas\u0131na yol, vursun sesini uzakl\u0131\u011f\u0131n pas\u0131na sesime kibrit \u00e7aksan tutu\u015faca\u011f\u0131m sarg\u0131s\u0131z\u0131m, \u00e7o\u011fal\u0131r\u0131m; [&hellip;]","og_url":"https:\/\/narteks.net\/index.php\/2009\/11\/19\/sana-yagmur-diyorum\/","og_site_name":"narteks.net","article_published_time":"2009-11-19T08:36:34+00:00","og_image":[{"width":300,"height":90,"url":"https:\/\/narteks.net\/wp-content\/uploads\/narteks.png","type":"image\/png"}],"author":"Tar\u0131k","twitter_card":"summary_large_image","twitter_creator":"@narteks","twitter_site":"@narteks","twitter_misc":{"Yazan:":"Tar\u0131k","Tahmini okuma s\u00fcresi":"1 dakika"},"schema":{"@context":"https:\/\/schema.org","@graph":[{"@type":"Article","@id":"https:\/\/narteks.net\/index.php\/2009\/11\/19\/sana-yagmur-diyorum\/#article","isPartOf":{"@id":"https:\/\/narteks.net\/index.php\/2009\/11\/19\/sana-yagmur-diyorum\/"},"author":{"name":"Tar\u0131k","@id":"https:\/\/narteks.net\/#\/schema\/person\/61f37d9834294b72d31d274e7ed79bca"},"headline":"SANA YA\u011eMUR D\u0130YORUM","datePublished":"2009-11-19T08:36:34+00:00","mainEntityOfPage":{"@id":"https:\/\/narteks.net\/index.php\/2009\/11\/19\/sana-yagmur-diyorum\/"},"wordCount":182,"commentCount":0,"publisher":{"@id":"https:\/\/narteks.net\/#organization"},"articleSection":["Y\u0131lmaz ODABA\u015eI"],"inLanguage":"tr","potentialAction":[{"@type":"CommentAction","name":"Comment","target":["https:\/\/narteks.net\/index.php\/2009\/11\/19\/sana-yagmur-diyorum\/#respond"]}]},{"@type":"WebPage","@id":"https:\/\/narteks.net\/index.php\/2009\/11\/19\/sana-yagmur-diyorum\/","url":"https:\/\/narteks.net\/index.php\/2009\/11\/19\/sana-yagmur-diyorum\/","name":"SANA YA\u011eMUR D\u0130YORUM - narteks.net","isPartOf":{"@id":"https:\/\/narteks.net\/#website"},"datePublished":"2009-11-19T08:36:34+00:00","breadcrumb":{"@id":"https:\/\/narteks.net\/index.php\/2009\/11\/19\/sana-yagmur-diyorum\/#breadcrumb"},"inLanguage":"tr","potentialAction":[{"@type":"ReadAction","target":["https:\/\/narteks.net\/index.php\/2009\/11\/19\/sana-yagmur-diyorum\/"]}]},{"@type":"BreadcrumbList","@id":"https:\/\/narteks.net\/index.php\/2009\/11\/19\/sana-yagmur-diyorum\/#breadcrumb","itemListElement":[{"@type":"ListItem","position":1,"name":"Anasayfa","item":"https:\/\/narteks.net\/"},{"@type":"ListItem","position":2,"name":"SANA YA\u011eMUR D\u0130YORUM"}]},{"@type":"WebSite","@id":"https:\/\/narteks.net\/#website","url":"https:\/\/narteks.net\/","name":"narteks.net","description":"K\u00fclt\u00fcr Sanat Edebiyat Felsefe","publisher":{"@id":"https:\/\/narteks.net\/#organization"},"alternateName":"K\u00fclt\u00fcr Sanat Edebiyat Felsefe","potentialAction":[{"@type":"SearchAction","target":{"@type":"EntryPoint","urlTemplate":"https:\/\/narteks.net\/?s={search_term_string}"},"query-input":{"@type":"PropertyValueSpecification","valueRequired":true,"valueName":"search_term_string"}}],"inLanguage":"tr"},{"@type":"Organization","@id":"https:\/\/narteks.net\/#organization","name":"narteks.net","url":"https:\/\/narteks.net\/","logo":{"@type":"ImageObject","inLanguage":"tr","@id":"https:\/\/narteks.net\/#\/schema\/logo\/image\/","url":"https:\/\/narteks.net\/wp-content\/uploads\/narteks.png","contentUrl":"https:\/\/narteks.net\/wp-content\/uploads\/narteks.png","width":300,"height":90,"caption":"narteks.net"},"image":{"@id":"https:\/\/narteks.net\/#\/schema\/logo\/image\/"},"sameAs":["https:\/\/x.com\/narteks","https:\/\/instagram.com\/narteksnet"]},{"@type":"Person","@id":"https:\/\/narteks.net\/#\/schema\/person\/61f37d9834294b72d31d274e7ed79bca","name":"Tar\u0131k","image":{"@type":"ImageObject","inLanguage":"tr","@id":"https:\/\/narteks.net\/#\/schema\/person\/image\/","url":"https:\/\/secure.gravatar.com\/avatar\/50865afb55632c4ae467e0af0930f6510aa2297d8014be502a55b14f3b7550cf?s=96&d=mm&r=g","contentUrl":"https:\/\/secure.gravatar.com\/avatar\/50865afb55632c4ae467e0af0930f6510aa2297d8014be502a55b14f3b7550cf?s=96&d=mm&r=g","caption":"Tar\u0131k"},"sameAs":["http:\/\/narteks.net"],"url":"https:\/\/narteks.net\/index.php\/author\/narbak\/"}]}},"_links":{"self":[{"href":"https:\/\/narteks.net\/index.php\/wp-json\/wp\/v2\/posts\/1536","targetHints":{"allow":["GET"]}}],"collection":[{"href":"https:\/\/narteks.net\/index.php\/wp-json\/wp\/v2\/posts"}],"about":[{"href":"https:\/\/narteks.net\/index.php\/wp-json\/wp\/v2\/types\/post"}],"author":[{"embeddable":true,"href":"https:\/\/narteks.net\/index.php\/wp-json\/wp\/v2\/users\/1"}],"replies":[{"embeddable":true,"href":"https:\/\/narteks.net\/index.php\/wp-json\/wp\/v2\/comments?post=1536"}],"version-history":[{"count":0,"href":"https:\/\/narteks.net\/index.php\/wp-json\/wp\/v2\/posts\/1536\/revisions"}],"wp:attachment":[{"href":"https:\/\/narteks.net\/index.php\/wp-json\/wp\/v2\/media?parent=1536"}],"wp:term":[{"taxonomy":"category","embeddable":true,"href":"https:\/\/narteks.net\/index.php\/wp-json\/wp\/v2\/categories?post=1536"},{"taxonomy":"post_tag","embeddable":true,"href":"https:\/\/narteks.net\/index.php\/wp-json\/wp\/v2\/tags?post=1536"}],"curies":[{"name":"wp","href":"https:\/\/api.w.org\/{rel}","templated":true}]}}