{"id":1545,"date":"2009-11-19T11:42:50","date_gmt":"2009-11-19T08:42:50","guid":{"rendered":"http:\/\/localhost\/wordpress\/2009\/11\/19\/yakarim-geceleri\/"},"modified":"2009-11-19T11:42:50","modified_gmt":"2009-11-19T08:42:50","slug":"yakarim-geceleri","status":"publish","type":"post","link":"https:\/\/narteks.net\/index.php\/2009\/11\/19\/yakarim-geceleri\/","title":{"rendered":"YAKARIM GECELER\u0130"},"content":{"rendered":"<p>\u00a0<\/p>\n<p>Bu a\u015fk\u0131n n\u00fcshas\u0131 r\u00fczgarlarda <br \/> Asl\u0131 bende kalacak <br \/> Bizi hasret saracak <br \/> Bulutlar \u00e7\u0131ld\u0131racak <\/p>\n<p> Ayr\u0131l\u0131k ba\u015f\u0131m\u0131 d\u00f6nd\u00fcr\u00fcyor <br \/> Kavu\u015fmay\u0131 \u00f6zlettin <br \/> \u0130ntiharlar ku\u015fand\u0131m <br \/> Bu a\u015fk\u0131 sen kirlettin <\/p>\n<p> Ge\u00e7tim borandan kardan <br \/> Yitirdim bah\u00e7eleri <br \/> Ellerimi tutmazsan g\u00fcl\u00fcm <br \/> Yatamam geceleri <\/p>\n<p> Bu a\u015fk\u0131n n\u00fcshas\u0131 r\u00fczgarlarda <br \/> Kahr\u0131 bende duracak <br \/> Sende ihanet g\u00fcl\u00fcm <br \/> Bende matem kalacak <\/p>\n<p> Bu a\u015fk\u0131n efkar\u0131 \u015fark\u0131larda <br \/> Y\u00fcz\u00fcn bende solacak <br \/> Bizi zaman yenecek <br \/> Ve an\u0131lar kalacak <\/p>\n<p> Ge\u00e7tim borandan kardan <br \/> Yitirdim bah\u00e7eleri <br \/> Ellerini tutmazsam g\u00fcl\u00fcm <br \/> Yatamam geceleri<\/p>\n<p>Y\u0131lmaz ODABA\u015eI<\/p>\n","protected":false},"excerpt":{"rendered":"<p>\u00a0 Bu a\u015fk\u0131n n\u00fcshas\u0131 r\u00fczgarlarda Asl\u0131 bende kalacak Bizi hasret saracak Bulutlar \u00e7\u0131ld\u0131racak Ayr\u0131l\u0131k ba\u015f\u0131m\u0131 d\u00f6nd\u00fcr\u00fcyor Kavu\u015fmay\u0131 \u00f6zlettin \u0130ntiharlar ku\u015fand\u0131m Bu a\u015fk\u0131 sen kirlettin Ge\u00e7tim borandan kardan Yitirdim bah\u00e7eleri Ellerimi tutmazsan g\u00fcl\u00fcm Yatamam geceleri Bu a\u015fk\u0131n n\u00fcshas\u0131 r\u00fczgarlarda Kahr\u0131 bende duracak Sende ihanet g\u00fcl\u00fcm Bende matem kalacak Bu a\u015fk\u0131n efkar\u0131 \u015fark\u0131larda Y\u00fcz\u00fcn bende solacak Bizi [&hellip;]<\/p>\n","protected":false},"author":1,"featured_media":0,"comment_status":"open","ping_status":"open","sticky":false,"template":"","format":"standard","meta":{"footnotes":""},"categories":[77],"tags":[],"class_list":{"0":"post-1545","1":"post","2":"type-post","3":"status-publish","4":"format-standard","6":"category-yilmaz-odabasi"},"yoast_head":"<!-- This site is optimized with the Yoast SEO Premium plugin v24.9 (Yoast SEO v24.9) - https:\/\/yoast.com\/wordpress\/plugins\/seo\/ -->\n<title>YAKARIM GECELER\u0130 - narteks.net<\/title>\n<meta name=\"robots\" content=\"index, follow, max-snippet:-1, max-image-preview:large, max-video-preview:-1\" \/>\n<link rel=\"canonical\" href=\"https:\/\/narteks.net\/index.php\/2009\/11\/19\/yakarim-geceleri\/\" \/>\n<meta property=\"og:locale\" content=\"tr_TR\" \/>\n<meta property=\"og:type\" content=\"article\" \/>\n<meta property=\"og:title\" content=\"YAKARIM GECELER\u0130\" \/>\n<meta property=\"og:description\" content=\"\u00a0 Bu a\u015fk\u0131n n\u00fcshas\u0131 r\u00fczgarlarda Asl\u0131 bende kalacak Bizi hasret saracak Bulutlar \u00e7\u0131ld\u0131racak Ayr\u0131l\u0131k ba\u015f\u0131m\u0131 d\u00f6nd\u00fcr\u00fcyor Kavu\u015fmay\u0131 \u00f6zlettin \u0130ntiharlar ku\u015fand\u0131m Bu a\u015fk\u0131 sen kirlettin Ge\u00e7tim borandan kardan Yitirdim bah\u00e7eleri Ellerimi tutmazsan g\u00fcl\u00fcm Yatamam geceleri Bu a\u015fk\u0131n n\u00fcshas\u0131 r\u00fczgarlarda Kahr\u0131 bende duracak Sende ihanet g\u00fcl\u00fcm Bende matem kalacak Bu a\u015fk\u0131n efkar\u0131 \u015fark\u0131larda Y\u00fcz\u00fcn bende solacak Bizi [&hellip;]\" \/>\n<meta property=\"og:url\" content=\"https:\/\/narteks.net\/index.php\/2009\/11\/19\/yakarim-geceleri\/\" \/>\n<meta property=\"og:site_name\" content=\"narteks.net\" \/>\n<meta property=\"article:published_time\" content=\"2009-11-19T08:42:50+00:00\" \/>\n<meta property=\"og:image\" content=\"https:\/\/narteks.net\/wp-content\/uploads\/narteks.png\" \/>\n\t<meta property=\"og:image:width\" content=\"300\" \/>\n\t<meta property=\"og:image:height\" content=\"90\" \/>\n\t<meta property=\"og:image:type\" content=\"image\/png\" \/>\n<meta name=\"author\" content=\"Tar\u0131k\" \/>\n<meta name=\"twitter:card\" content=\"summary_large_image\" \/>\n<meta name=\"twitter:creator\" content=\"@narteks\" \/>\n<meta name=\"twitter:site\" content=\"@narteks\" \/>\n<meta name=\"twitter:label1\" content=\"Yazan:\" \/>\n\t<meta name=\"twitter:data1\" content=\"Tar\u0131k\" \/>\n\t<meta name=\"twitter:label2\" content=\"Tahmini okuma s\u00fcresi\" \/>\n\t<meta name=\"twitter:data2\" content=\"1 dakika\" \/>\n<script type=\"application\/ld+json\" class=\"yoast-schema-graph\">{\"@context\":\"https:\/\/schema.org\",\"@graph\":[{\"@type\":\"Article\",\"@id\":\"https:\/\/narteks.net\/index.php\/2009\/11\/19\/yakarim-geceleri\/#article\",\"isPartOf\":{\"@id\":\"https:\/\/narteks.net\/index.php\/2009\/11\/19\/yakarim-geceleri\/\"},\"author\":{\"name\":\"Tar\u0131k\",\"@id\":\"https:\/\/narteks.net\/#\/schema\/person\/61f37d9834294b72d31d274e7ed79bca\"},\"headline\":\"YAKARIM GECELER\u0130\",\"datePublished\":\"2009-11-19T08:42:50+00:00\",\"mainEntityOfPage\":{\"@id\":\"https:\/\/narteks.net\/index.php\/2009\/11\/19\/yakarim-geceleri\/\"},\"wordCount\":110,\"commentCount\":0,\"publisher\":{\"@id\":\"https:\/\/narteks.net\/#organization\"},\"articleSection\":[\"Y\u0131lmaz ODABA\u015eI\"],\"inLanguage\":\"tr\",\"potentialAction\":[{\"@type\":\"CommentAction\",\"name\":\"Comment\",\"target\":[\"https:\/\/narteks.net\/index.php\/2009\/11\/19\/yakarim-geceleri\/#respond\"]}]},{\"@type\":\"WebPage\",\"@id\":\"https:\/\/narteks.net\/index.php\/2009\/11\/19\/yakarim-geceleri\/\",\"url\":\"https:\/\/narteks.net\/index.php\/2009\/11\/19\/yakarim-geceleri\/\",\"name\":\"YAKARIM GECELER\u0130 - narteks.net\",\"isPartOf\":{\"@id\":\"https:\/\/narteks.net\/#website\"},\"datePublished\":\"2009-11-19T08:42:50+00:00\",\"breadcrumb\":{\"@id\":\"https:\/\/narteks.net\/index.php\/2009\/11\/19\/yakarim-geceleri\/#breadcrumb\"},\"inLanguage\":\"tr\",\"potentialAction\":[{\"@type\":\"ReadAction\",\"target\":[\"https:\/\/narteks.net\/index.php\/2009\/11\/19\/yakarim-geceleri\/\"]}]},{\"@type\":\"BreadcrumbList\",\"@id\":\"https:\/\/narteks.net\/index.php\/2009\/11\/19\/yakarim-geceleri\/#breadcrumb\",\"itemListElement\":[{\"@type\":\"ListItem\",\"position\":1,\"name\":\"Anasayfa\",\"item\":\"https:\/\/narteks.net\/\"},{\"@type\":\"ListItem\",\"position\":2,\"name\":\"YAKARIM GECELER\u0130\"}]},{\"@type\":\"WebSite\",\"@id\":\"https:\/\/narteks.net\/#website\",\"url\":\"https:\/\/narteks.net\/\",\"name\":\"narteks.net\",\"description\":\"K\u00fclt\u00fcr Sanat Edebiyat Felsefe\",\"publisher\":{\"@id\":\"https:\/\/narteks.net\/#organization\"},\"alternateName\":\"K\u00fclt\u00fcr Sanat Edebiyat Felsefe\",\"potentialAction\":[{\"@type\":\"SearchAction\",\"target\":{\"@type\":\"EntryPoint\",\"urlTemplate\":\"https:\/\/narteks.net\/?s={search_term_string}\"},\"query-input\":{\"@type\":\"PropertyValueSpecification\",\"valueRequired\":true,\"valueName\":\"search_term_string\"}}],\"inLanguage\":\"tr\"},{\"@type\":\"Organization\",\"@id\":\"https:\/\/narteks.net\/#organization\",\"name\":\"narteks.net\",\"url\":\"https:\/\/narteks.net\/\",\"logo\":{\"@type\":\"ImageObject\",\"inLanguage\":\"tr\",\"@id\":\"https:\/\/narteks.net\/#\/schema\/logo\/image\/\",\"url\":\"https:\/\/narteks.net\/wp-content\/uploads\/narteks.png\",\"contentUrl\":\"https:\/\/narteks.net\/wp-content\/uploads\/narteks.png\",\"width\":300,\"height\":90,\"caption\":\"narteks.net\"},\"image\":{\"@id\":\"https:\/\/narteks.net\/#\/schema\/logo\/image\/\"},\"sameAs\":[\"https:\/\/x.com\/narteks\",\"https:\/\/instagram.com\/narteksnet\"]},{\"@type\":\"Person\",\"@id\":\"https:\/\/narteks.net\/#\/schema\/person\/61f37d9834294b72d31d274e7ed79bca\",\"name\":\"Tar\u0131k\",\"image\":{\"@type\":\"ImageObject\",\"inLanguage\":\"tr\",\"@id\":\"https:\/\/narteks.net\/#\/schema\/person\/image\/\",\"url\":\"https:\/\/secure.gravatar.com\/avatar\/50865afb55632c4ae467e0af0930f6510aa2297d8014be502a55b14f3b7550cf?s=96&d=mm&r=g\",\"contentUrl\":\"https:\/\/secure.gravatar.com\/avatar\/50865afb55632c4ae467e0af0930f6510aa2297d8014be502a55b14f3b7550cf?s=96&d=mm&r=g\",\"caption\":\"Tar\u0131k\"},\"sameAs\":[\"http:\/\/narteks.net\"],\"url\":\"https:\/\/narteks.net\/index.php\/author\/narbak\/\"}]}<\/script>\n<!-- \/ Yoast SEO Premium plugin. -->","yoast_head_json":{"title":"YAKARIM GECELER\u0130 - narteks.net","robots":{"index":"index","follow":"follow","max-snippet":"max-snippet:-1","max-image-preview":"max-image-preview:large","max-video-preview":"max-video-preview:-1"},"canonical":"https:\/\/narteks.net\/index.php\/2009\/11\/19\/yakarim-geceleri\/","og_locale":"tr_TR","og_type":"article","og_title":"YAKARIM GECELER\u0130","og_description":"\u00a0 Bu a\u015fk\u0131n n\u00fcshas\u0131 r\u00fczgarlarda Asl\u0131 bende kalacak Bizi hasret saracak Bulutlar \u00e7\u0131ld\u0131racak Ayr\u0131l\u0131k ba\u015f\u0131m\u0131 d\u00f6nd\u00fcr\u00fcyor Kavu\u015fmay\u0131 \u00f6zlettin \u0130ntiharlar ku\u015fand\u0131m Bu a\u015fk\u0131 sen kirlettin Ge\u00e7tim borandan kardan Yitirdim bah\u00e7eleri Ellerimi tutmazsan g\u00fcl\u00fcm Yatamam geceleri Bu a\u015fk\u0131n n\u00fcshas\u0131 r\u00fczgarlarda Kahr\u0131 bende duracak Sende ihanet g\u00fcl\u00fcm Bende matem kalacak Bu a\u015fk\u0131n efkar\u0131 \u015fark\u0131larda Y\u00fcz\u00fcn bende solacak Bizi [&hellip;]","og_url":"https:\/\/narteks.net\/index.php\/2009\/11\/19\/yakarim-geceleri\/","og_site_name":"narteks.net","article_published_time":"2009-11-19T08:42:50+00:00","og_image":[{"width":300,"height":90,"url":"https:\/\/narteks.net\/wp-content\/uploads\/narteks.png","type":"image\/png"}],"author":"Tar\u0131k","twitter_card":"summary_large_image","twitter_creator":"@narteks","twitter_site":"@narteks","twitter_misc":{"Yazan:":"Tar\u0131k","Tahmini okuma s\u00fcresi":"1 dakika"},"schema":{"@context":"https:\/\/schema.org","@graph":[{"@type":"Article","@id":"https:\/\/narteks.net\/index.php\/2009\/11\/19\/yakarim-geceleri\/#article","isPartOf":{"@id":"https:\/\/narteks.net\/index.php\/2009\/11\/19\/yakarim-geceleri\/"},"author":{"name":"Tar\u0131k","@id":"https:\/\/narteks.net\/#\/schema\/person\/61f37d9834294b72d31d274e7ed79bca"},"headline":"YAKARIM GECELER\u0130","datePublished":"2009-11-19T08:42:50+00:00","mainEntityOfPage":{"@id":"https:\/\/narteks.net\/index.php\/2009\/11\/19\/yakarim-geceleri\/"},"wordCount":110,"commentCount":0,"publisher":{"@id":"https:\/\/narteks.net\/#organization"},"articleSection":["Y\u0131lmaz ODABA\u015eI"],"inLanguage":"tr","potentialAction":[{"@type":"CommentAction","name":"Comment","target":["https:\/\/narteks.net\/index.php\/2009\/11\/19\/yakarim-geceleri\/#respond"]}]},{"@type":"WebPage","@id":"https:\/\/narteks.net\/index.php\/2009\/11\/19\/yakarim-geceleri\/","url":"https:\/\/narteks.net\/index.php\/2009\/11\/19\/yakarim-geceleri\/","name":"YAKARIM GECELER\u0130 - narteks.net","isPartOf":{"@id":"https:\/\/narteks.net\/#website"},"datePublished":"2009-11-19T08:42:50+00:00","breadcrumb":{"@id":"https:\/\/narteks.net\/index.php\/2009\/11\/19\/yakarim-geceleri\/#breadcrumb"},"inLanguage":"tr","potentialAction":[{"@type":"ReadAction","target":["https:\/\/narteks.net\/index.php\/2009\/11\/19\/yakarim-geceleri\/"]}]},{"@type":"BreadcrumbList","@id":"https:\/\/narteks.net\/index.php\/2009\/11\/19\/yakarim-geceleri\/#breadcrumb","itemListElement":[{"@type":"ListItem","position":1,"name":"Anasayfa","item":"https:\/\/narteks.net\/"},{"@type":"ListItem","position":2,"name":"YAKARIM GECELER\u0130"}]},{"@type":"WebSite","@id":"https:\/\/narteks.net\/#website","url":"https:\/\/narteks.net\/","name":"narteks.net","description":"K\u00fclt\u00fcr Sanat Edebiyat Felsefe","publisher":{"@id":"https:\/\/narteks.net\/#organization"},"alternateName":"K\u00fclt\u00fcr Sanat Edebiyat Felsefe","potentialAction":[{"@type":"SearchAction","target":{"@type":"EntryPoint","urlTemplate":"https:\/\/narteks.net\/?s={search_term_string}"},"query-input":{"@type":"PropertyValueSpecification","valueRequired":true,"valueName":"search_term_string"}}],"inLanguage":"tr"},{"@type":"Organization","@id":"https:\/\/narteks.net\/#organization","name":"narteks.net","url":"https:\/\/narteks.net\/","logo":{"@type":"ImageObject","inLanguage":"tr","@id":"https:\/\/narteks.net\/#\/schema\/logo\/image\/","url":"https:\/\/narteks.net\/wp-content\/uploads\/narteks.png","contentUrl":"https:\/\/narteks.net\/wp-content\/uploads\/narteks.png","width":300,"height":90,"caption":"narteks.net"},"image":{"@id":"https:\/\/narteks.net\/#\/schema\/logo\/image\/"},"sameAs":["https:\/\/x.com\/narteks","https:\/\/instagram.com\/narteksnet"]},{"@type":"Person","@id":"https:\/\/narteks.net\/#\/schema\/person\/61f37d9834294b72d31d274e7ed79bca","name":"Tar\u0131k","image":{"@type":"ImageObject","inLanguage":"tr","@id":"https:\/\/narteks.net\/#\/schema\/person\/image\/","url":"https:\/\/secure.gravatar.com\/avatar\/50865afb55632c4ae467e0af0930f6510aa2297d8014be502a55b14f3b7550cf?s=96&d=mm&r=g","contentUrl":"https:\/\/secure.gravatar.com\/avatar\/50865afb55632c4ae467e0af0930f6510aa2297d8014be502a55b14f3b7550cf?s=96&d=mm&r=g","caption":"Tar\u0131k"},"sameAs":["http:\/\/narteks.net"],"url":"https:\/\/narteks.net\/index.php\/author\/narbak\/"}]}},"_links":{"self":[{"href":"https:\/\/narteks.net\/index.php\/wp-json\/wp\/v2\/posts\/1545","targetHints":{"allow":["GET"]}}],"collection":[{"href":"https:\/\/narteks.net\/index.php\/wp-json\/wp\/v2\/posts"}],"about":[{"href":"https:\/\/narteks.net\/index.php\/wp-json\/wp\/v2\/types\/post"}],"author":[{"embeddable":true,"href":"https:\/\/narteks.net\/index.php\/wp-json\/wp\/v2\/users\/1"}],"replies":[{"embeddable":true,"href":"https:\/\/narteks.net\/index.php\/wp-json\/wp\/v2\/comments?post=1545"}],"version-history":[{"count":0,"href":"https:\/\/narteks.net\/index.php\/wp-json\/wp\/v2\/posts\/1545\/revisions"}],"wp:attachment":[{"href":"https:\/\/narteks.net\/index.php\/wp-json\/wp\/v2\/media?parent=1545"}],"wp:term":[{"taxonomy":"category","embeddable":true,"href":"https:\/\/narteks.net\/index.php\/wp-json\/wp\/v2\/categories?post=1545"},{"taxonomy":"post_tag","embeddable":true,"href":"https:\/\/narteks.net\/index.php\/wp-json\/wp\/v2\/tags?post=1545"}],"curies":[{"name":"wp","href":"https:\/\/api.w.org\/{rel}","templated":true}]}}