{"id":1551,"date":"2009-11-19T11:49:22","date_gmt":"2009-11-19T08:49:22","guid":{"rendered":"http:\/\/localhost\/wordpress\/2009\/11\/19\/metin-eloglu-biyografisi\/"},"modified":"2009-11-19T11:49:22","modified_gmt":"2009-11-19T08:49:22","slug":"metin-eloglu-biyografisi","status":"publish","type":"post","link":"https:\/\/narteks.net\/index.php\/2009\/11\/19\/metin-eloglu-biyografisi\/","title":{"rendered":"Metin ELO\u011eLU Biyografisi"},"content":{"rendered":"<p><img loading=\"lazy\" decoding=\"async\" src=\"http:\/\/upload.wikimedia.org\/wikipedia\/tr\/3\/39\/Metin_eloglu.jpg\" border=\"0\" width=\"155\" height=\"205\" \/><\/p>\n<p style=\"text-align: justify;\">Metin Elo\u011flu (d. 1927 \u0130stanbul, \u00f6. 1985 \u0130stanbul) \u015fair ve ressam.<\/p>\n<p>Ortaokuldan mezun olduktan sonra, 1943\u2019te G\u00fczel Sanatlar Akademisi Resim B\u00f6l\u00fcm\u00fc&#8217;ne girdi. 1946\u2019dasiyasi nedenlerden dolay\u0131 iki ay tutuklu kald\u0131. Olay \u00fczerine Akademi\u2019deki kayd\u0131 silindi. 1947\u2019de ba\u015flad\u0131\u011f\u0131 askerlik hizmetini, disiplinsizlik nedeniyle ald\u0131\u011f\u0131 uzatma cezalar\u0131 nedeniyle ancak 5 y\u0131lda tamamlayabildi.<\/p>\n<p>Edebiyata \u00f6yk\u00fcyle ad\u0131m att\u0131. 1942\u2019de Servetif\u00fcnun-Uyan\u0131\u015f dergisinde ilk \u00f6yk\u00fcs\u00fc yay\u0131nland\u0131. 1943\u2019te \u0130zmir\u2019de bas\u0131lan Kovan dergisinde de Mehmet Metin imzas\u0131n\u0131 ta\u015f\u0131yan \u201eSabah \u015eark\u0131s\u0131\u201d \u015fiirine yer verildi. Ressam olarak bir\u00e7ok \u00e7al\u0131\u015fma ve sergiye imza att\u0131. 1967\u2019de d\u00fczenlenen 1. DYO Sergisi ile ve 1976\u2019da yap\u0131lan Yar\u0131mca Sanat \u015eenli\u011fi\u2019nde birincilik \u00f6d\u00fcllerine lay\u0131k g\u00f6r\u00fcld\u00fc. Eserlerinde ad\u0131n\u0131n d\u0131\u015f\u0131nda Mehmet Metin, Mehmet Emin, Ali Haziranl\u0131, Etem Olgunil ve Nil Meteo\u011flu imzalar\u0131n\u0131 kulland\u0131. Ayr\u0131ca bir\u00e7ok ele\u015ftiri yaz\u0131s\u0131 kaleme ald\u0131. 1985&#8217;te \u0130stanbul&#8217;da \u00f6ld\u00fc.<br \/>\u015eiiri<\/p>\n<p>Elo\u011flu&#8217;nun ilk kitab\u0131, Orhan Veli&#8217;nin &#8216;\u015eof\u00f6r\u00fcn Kar\u0131s\u0131&#8217;, &#8216;Dedikodu&#8217; (bkz. Garip) ve &#8216;Tahattur&#8217;, &#8216;Alt\u0131n Di\u015flim&#8217;, v.b. (bkz. Yenisi) gibi, lumpen ortatabakan\u0131n dilini ve duyarl\u0131l\u0131\u011f\u0131n\u0131 yans\u0131tan \u015fiirlerinden esinlenmi\u015f bir \u015fairin \u00fcr\u00fcnlerini i\u00e7eriyor. Fakat yine bu kitab\u0131nda Naz\u0131m Hikmet&#8217;in &#8216;\u0130nsan Manzaralar\u0131&#8217;n\u0131 bilen bir \u015fair de seziliyor. Elo\u011flu ilk kitab\u0131yla, lumpen \u00e7evrelerin, kenar mahalle insan\u0131n\u0131n dilini, s\u00f6zc\u00fcklerini, duyarl\u0131l\u0131\u011f\u0131n\u0131, \u00e7ok ba\u015far\u0131l\u0131 bir konu\u015fma dili, edas\u0131 ve \u00f6zg\u00fcn bir ironiyle yans\u0131tmay\u0131 ba\u015far\u0131yor. Orhan Veli&#8217;de dilsel alanda kalan bir tutumu geni\u015f bir alana \u00e7\u0131kararak \u015fiirimize yeni bir ufuk kazand\u0131r\u0131yor.<\/p>\n<p>Sultan Palamutta konu\u015fma dilinin engin tatlar\u0131n\u0131, edalar\u0131n\u0131, tonlamalar\u0131n\u0131 \u00e7ok ba\u015far\u0131yla kullanan bir \u015fair kimli\u011fiyle \u015fiirini geli\u015ftiriyor. \u015eiire ustal\u0131kla \u00f6z\u00fcmsetilmi\u015f bir argo, humor ve ironi&#8217;yle, yeni \u015fiirimize getirdi\u011fi olanaklar\u0131n alan\u0131n\u0131 daha da geni\u015fletiyor.<\/p>\n<p>Horozdan Korkan O\u011flanda gittik\u00e7e artacak olan dil soyutlamac\u0131l\u0131\u011f\u0131n\u0131n, kurmaca bir dil yaratma e\u011filiminin ilk belirtileri var. Yine de bu kitab\u0131na bir denge ve sentezin \u00fcr\u00fcn\u00fc diyebiliriz. T\u00fcrkiye&#8217;nin Adresinde \u0130kinci Yeni&#8217;ye (Ece Ayhan vb.) yak\u0131n bir dil deneycili\u011finin \u00fcr\u00fcnleri yer al\u0131yor. Yumu\u015fak Gde, Beh\u00e7et Necatigil&#8217;in son \u015fiirlerini and\u0131ran bir dilci tutum bu. Denebilir ki bir kavram\u0131 irdeliyor, s\u00f6zc\u00fck birimlerine indirgiyor, sonra en g\u00fc\u00e7 anla\u015f\u0131l\u0131r bi\u00e7imde olabildi\u011fince uzak \u00e7a\u011fr\u0131\u015f\u0131mlarla geri kuruyor ( bu tutumuyla T\u00fcrkiye&#8217;nin Adresinde oldu\u011fu gibi, yine Ece Ayhan&#8217;a yakla\u015f\u0131yor).<\/p>\n<p>Metin Elo\u011flu, ilk kitaplar\u0131yla, kendi d\u00f6nemini ve kendinden sonraki ku\u015faklar\u0131 b\u00fcy\u00fck \u00f6l\u00e7\u00fcde etkilemi\u015f bir \u015fair. Humor, ironi ve toplumsal ele\u015ftiricili\u011fiyle Can Y\u00fccel, Cemal S\u00fcreya v.b. \u015fairleri, lumpen \u00e7evrelerin, orta tabakan\u0131n dilini \u015fiirle\u015ftirmesiyle dolays\u0131z konu\u015fma tonu ve yine ironi ve toplumsal ele\u015ftiricilik \u00f6zelli\u011fiyle Ataol Behramo\u011flu&#8217;nu etkilemi\u015f oldu\u011fu s\u00f6ylenebilir.<br \/>Eserleri<\/p>\n<p> * D\u00fcd\u00fckl\u00fc Tencere (Yeditepe, 1951)<br \/> * Sultan Palamut (Se\u00e7ilmi\u015f Hik\u00e2yeler, 1957)<br \/> * Odun (Alpaslan Mtb., 1959)<br \/> * Horozdan Korkan O\u011flan (Dost, 1961)<br \/> * T\u00fcrkiye\u2019nin Adresi (Yeditepe, 1965)<br \/> * Ay\u015femay\u015fe (Yay, 1968)<br \/> * Dizin (G\u00fcney, 1971 TDK \u015eiir \u00d6d\u00fcl\u00fc)<br \/> * Yumu\u015fak G (Baha Mtb.,1975)<br \/> * R\u00fczg\u00e2r Ekmek (Ada,1978)<br \/> * Hep (Adam, 1982)<br \/> * Yine (ilk alt\u0131 kitab\u0131n\u0131n birlikte bas\u0131m\u0131, Adam, 1982)<br \/> * \u015eiirce, (son \u00fc\u00e7 kitab\u0131n\u0131n birlikte bas\u0131m\u0131, Adam, 1982)<br \/> * Ay Par\u00e7as\u0131 (Yazko, 1983)<br \/> * \u00d6nce Kad\u0131nlar (Adam, 1984)<br \/> * Bekta\u015fi dedikleri, (O. Tansel ile; \u015fiirle\u015ftirilmi\u015f Bekta\u015fi f\u0131kralar\u0131, T\u00fcrkiye \u0130\u015f Bankas\u0131, 1970)<br \/> * Derleme: Garip \u015eiirler Antolojisi, (\u00dc. Y. O\u011fuzcan ile, Yay, 1957)<\/p>\n<p>\u00d6d\u00fclleri<\/p>\n<p> * TDK \u015eiir \u00d6d\u00fcl\u00fc (Dizin, 1972)<br \/> * DYO Sergisi (Resim dal\u0131nda birincilik \u00d6d\u00fcl\u00fc, 1967)<br \/> * Yar\u0131mca Sanat \u015eenli\u011fi (Resim dal\u0131nda birincilik \u00d6d\u00fcl\u00fc, 1976)<\/p>\n","protected":false},"excerpt":{"rendered":"<p>Metin Elo\u011flu (d. 1927 \u0130stanbul, \u00f6. 1985 \u0130stanbul) \u015fair ve ressam. Ortaokuldan mezun olduktan sonra, 1943\u2019te G\u00fczel Sanatlar Akademisi Resim B\u00f6l\u00fcm\u00fc&#8217;ne girdi. 1946\u2019dasiyasi nedenlerden dolay\u0131 iki ay tutuklu kald\u0131. Olay \u00fczerine Akademi\u2019deki kayd\u0131 silindi. 1947\u2019de ba\u015flad\u0131\u011f\u0131 askerlik hizmetini, disiplinsizlik nedeniyle ald\u0131\u011f\u0131 uzatma cezalar\u0131 nedeniyle ancak 5 y\u0131lda tamamlayabildi. Edebiyata \u00f6yk\u00fcyle ad\u0131m att\u0131. 1942\u2019de Servetif\u00fcnun-Uyan\u0131\u015f dergisinde [&hellip;]<\/p>\n","protected":false},"author":1,"featured_media":0,"comment_status":"open","ping_status":"open","sticky":false,"template":"","format":"standard","meta":{"footnotes":""},"categories":[78],"tags":[],"class_list":{"0":"post-1551","1":"post","2":"type-post","3":"status-publish","4":"format-standard","6":"category-metin-eloglu"},"yoast_head":"<!-- This site is optimized with the Yoast SEO Premium plugin v24.9 (Yoast SEO v24.9) - https:\/\/yoast.com\/wordpress\/plugins\/seo\/ -->\n<title>Metin ELO\u011eLU Biyografisi - narteks.net<\/title>\n<meta name=\"robots\" content=\"index, follow, max-snippet:-1, max-image-preview:large, max-video-preview:-1\" \/>\n<link rel=\"canonical\" href=\"https:\/\/narteks.net\/index.php\/2009\/11\/19\/metin-eloglu-biyografisi\/\" \/>\n<meta property=\"og:locale\" content=\"tr_TR\" \/>\n<meta property=\"og:type\" content=\"article\" \/>\n<meta property=\"og:title\" content=\"Metin ELO\u011eLU Biyografisi\" \/>\n<meta property=\"og:description\" content=\"Metin Elo\u011flu (d. 1927 \u0130stanbul, \u00f6. 1985 \u0130stanbul) \u015fair ve ressam. Ortaokuldan mezun olduktan sonra, 1943\u2019te G\u00fczel Sanatlar Akademisi Resim B\u00f6l\u00fcm\u00fc&#8217;ne girdi. 1946\u2019dasiyasi nedenlerden dolay\u0131 iki ay tutuklu kald\u0131. Olay \u00fczerine Akademi\u2019deki kayd\u0131 silindi. 1947\u2019de ba\u015flad\u0131\u011f\u0131 askerlik hizmetini, disiplinsizlik nedeniyle ald\u0131\u011f\u0131 uzatma cezalar\u0131 nedeniyle ancak 5 y\u0131lda tamamlayabildi. Edebiyata \u00f6yk\u00fcyle ad\u0131m att\u0131. 1942\u2019de Servetif\u00fcnun-Uyan\u0131\u015f dergisinde [&hellip;]\" \/>\n<meta property=\"og:url\" content=\"https:\/\/narteks.net\/index.php\/2009\/11\/19\/metin-eloglu-biyografisi\/\" \/>\n<meta property=\"og:site_name\" content=\"narteks.net\" \/>\n<meta property=\"article:published_time\" content=\"2009-11-19T08:49:22+00:00\" \/>\n<meta property=\"og:image\" content=\"http:\/\/upload.wikimedia.org\/wikipedia\/tr\/3\/39\/Metin_eloglu.jpg\" \/>\n<meta name=\"author\" content=\"Tar\u0131k\" \/>\n<meta name=\"twitter:card\" content=\"summary_large_image\" \/>\n<meta name=\"twitter:creator\" content=\"@narteks\" \/>\n<meta name=\"twitter:site\" content=\"@narteks\" \/>\n<meta name=\"twitter:label1\" content=\"Yazan:\" \/>\n\t<meta name=\"twitter:data1\" content=\"Tar\u0131k\" \/>\n\t<meta name=\"twitter:label2\" content=\"Tahmini okuma s\u00fcresi\" \/>\n\t<meta name=\"twitter:data2\" content=\"3 dakika\" \/>\n<script type=\"application\/ld+json\" class=\"yoast-schema-graph\">{\"@context\":\"https:\/\/schema.org\",\"@graph\":[{\"@type\":\"Article\",\"@id\":\"https:\/\/narteks.net\/index.php\/2009\/11\/19\/metin-eloglu-biyografisi\/#article\",\"isPartOf\":{\"@id\":\"https:\/\/narteks.net\/index.php\/2009\/11\/19\/metin-eloglu-biyografisi\/\"},\"author\":{\"name\":\"Tar\u0131k\",\"@id\":\"https:\/\/narteks.net\/#\/schema\/person\/61f37d9834294b72d31d274e7ed79bca\"},\"headline\":\"Metin ELO\u011eLU Biyografisi\",\"datePublished\":\"2009-11-19T08:49:22+00:00\",\"mainEntityOfPage\":{\"@id\":\"https:\/\/narteks.net\/index.php\/2009\/11\/19\/metin-eloglu-biyografisi\/\"},\"wordCount\":623,\"commentCount\":0,\"publisher\":{\"@id\":\"https:\/\/narteks.net\/#organization\"},\"image\":{\"@id\":\"https:\/\/narteks.net\/index.php\/2009\/11\/19\/metin-eloglu-biyografisi\/#primaryimage\"},\"thumbnailUrl\":\"http:\/\/upload.wikimedia.org\/wikipedia\/tr\/3\/39\/Metin_eloglu.jpg\",\"articleSection\":[\"Metin ELO\u011eLU\"],\"inLanguage\":\"tr\",\"potentialAction\":[{\"@type\":\"CommentAction\",\"name\":\"Comment\",\"target\":[\"https:\/\/narteks.net\/index.php\/2009\/11\/19\/metin-eloglu-biyografisi\/#respond\"]}]},{\"@type\":\"WebPage\",\"@id\":\"https:\/\/narteks.net\/index.php\/2009\/11\/19\/metin-eloglu-biyografisi\/\",\"url\":\"https:\/\/narteks.net\/index.php\/2009\/11\/19\/metin-eloglu-biyografisi\/\",\"name\":\"Metin ELO\u011eLU Biyografisi - narteks.net\",\"isPartOf\":{\"@id\":\"https:\/\/narteks.net\/#website\"},\"primaryImageOfPage\":{\"@id\":\"https:\/\/narteks.net\/index.php\/2009\/11\/19\/metin-eloglu-biyografisi\/#primaryimage\"},\"image\":{\"@id\":\"https:\/\/narteks.net\/index.php\/2009\/11\/19\/metin-eloglu-biyografisi\/#primaryimage\"},\"thumbnailUrl\":\"http:\/\/upload.wikimedia.org\/wikipedia\/tr\/3\/39\/Metin_eloglu.jpg\",\"datePublished\":\"2009-11-19T08:49:22+00:00\",\"breadcrumb\":{\"@id\":\"https:\/\/narteks.net\/index.php\/2009\/11\/19\/metin-eloglu-biyografisi\/#breadcrumb\"},\"inLanguage\":\"tr\",\"potentialAction\":[{\"@type\":\"ReadAction\",\"target\":[\"https:\/\/narteks.net\/index.php\/2009\/11\/19\/metin-eloglu-biyografisi\/\"]}]},{\"@type\":\"ImageObject\",\"inLanguage\":\"tr\",\"@id\":\"https:\/\/narteks.net\/index.php\/2009\/11\/19\/metin-eloglu-biyografisi\/#primaryimage\",\"url\":\"http:\/\/upload.wikimedia.org\/wikipedia\/tr\/3\/39\/Metin_eloglu.jpg\",\"contentUrl\":\"http:\/\/upload.wikimedia.org\/wikipedia\/tr\/3\/39\/Metin_eloglu.jpg\"},{\"@type\":\"BreadcrumbList\",\"@id\":\"https:\/\/narteks.net\/index.php\/2009\/11\/19\/metin-eloglu-biyografisi\/#breadcrumb\",\"itemListElement\":[{\"@type\":\"ListItem\",\"position\":1,\"name\":\"Anasayfa\",\"item\":\"https:\/\/narteks.net\/\"},{\"@type\":\"ListItem\",\"position\":2,\"name\":\"Metin ELO\u011eLU Biyografisi\"}]},{\"@type\":\"WebSite\",\"@id\":\"https:\/\/narteks.net\/#website\",\"url\":\"https:\/\/narteks.net\/\",\"name\":\"narteks.net\",\"description\":\"K\u00fclt\u00fcr Sanat Edebiyat Felsefe\",\"publisher\":{\"@id\":\"https:\/\/narteks.net\/#organization\"},\"alternateName\":\"K\u00fclt\u00fcr Sanat Edebiyat Felsefe\",\"potentialAction\":[{\"@type\":\"SearchAction\",\"target\":{\"@type\":\"EntryPoint\",\"urlTemplate\":\"https:\/\/narteks.net\/?s={search_term_string}\"},\"query-input\":{\"@type\":\"PropertyValueSpecification\",\"valueRequired\":true,\"valueName\":\"search_term_string\"}}],\"inLanguage\":\"tr\"},{\"@type\":\"Organization\",\"@id\":\"https:\/\/narteks.net\/#organization\",\"name\":\"narteks.net\",\"url\":\"https:\/\/narteks.net\/\",\"logo\":{\"@type\":\"ImageObject\",\"inLanguage\":\"tr\",\"@id\":\"https:\/\/narteks.net\/#\/schema\/logo\/image\/\",\"url\":\"https:\/\/narteks.net\/wp-content\/uploads\/narteks.png\",\"contentUrl\":\"https:\/\/narteks.net\/wp-content\/uploads\/narteks.png\",\"width\":300,\"height\":90,\"caption\":\"narteks.net\"},\"image\":{\"@id\":\"https:\/\/narteks.net\/#\/schema\/logo\/image\/\"},\"sameAs\":[\"https:\/\/x.com\/narteks\",\"https:\/\/instagram.com\/narteksnet\"]},{\"@type\":\"Person\",\"@id\":\"https:\/\/narteks.net\/#\/schema\/person\/61f37d9834294b72d31d274e7ed79bca\",\"name\":\"Tar\u0131k\",\"image\":{\"@type\":\"ImageObject\",\"inLanguage\":\"tr\",\"@id\":\"https:\/\/narteks.net\/#\/schema\/person\/image\/\",\"url\":\"https:\/\/secure.gravatar.com\/avatar\/50865afb55632c4ae467e0af0930f6510aa2297d8014be502a55b14f3b7550cf?s=96&d=mm&r=g\",\"contentUrl\":\"https:\/\/secure.gravatar.com\/avatar\/50865afb55632c4ae467e0af0930f6510aa2297d8014be502a55b14f3b7550cf?s=96&d=mm&r=g\",\"caption\":\"Tar\u0131k\"},\"sameAs\":[\"http:\/\/narteks.net\"],\"url\":\"https:\/\/narteks.net\/index.php\/author\/narbak\/\"}]}<\/script>\n<!-- \/ Yoast SEO Premium plugin. -->","yoast_head_json":{"title":"Metin ELO\u011eLU Biyografisi - narteks.net","robots":{"index":"index","follow":"follow","max-snippet":"max-snippet:-1","max-image-preview":"max-image-preview:large","max-video-preview":"max-video-preview:-1"},"canonical":"https:\/\/narteks.net\/index.php\/2009\/11\/19\/metin-eloglu-biyografisi\/","og_locale":"tr_TR","og_type":"article","og_title":"Metin ELO\u011eLU Biyografisi","og_description":"Metin Elo\u011flu (d. 1927 \u0130stanbul, \u00f6. 1985 \u0130stanbul) \u015fair ve ressam. Ortaokuldan mezun olduktan sonra, 1943\u2019te G\u00fczel Sanatlar Akademisi Resim B\u00f6l\u00fcm\u00fc&#8217;ne girdi. 1946\u2019dasiyasi nedenlerden dolay\u0131 iki ay tutuklu kald\u0131. Olay \u00fczerine Akademi\u2019deki kayd\u0131 silindi. 1947\u2019de ba\u015flad\u0131\u011f\u0131 askerlik hizmetini, disiplinsizlik nedeniyle ald\u0131\u011f\u0131 uzatma cezalar\u0131 nedeniyle ancak 5 y\u0131lda tamamlayabildi. Edebiyata \u00f6yk\u00fcyle ad\u0131m att\u0131. 1942\u2019de Servetif\u00fcnun-Uyan\u0131\u015f dergisinde [&hellip;]","og_url":"https:\/\/narteks.net\/index.php\/2009\/11\/19\/metin-eloglu-biyografisi\/","og_site_name":"narteks.net","article_published_time":"2009-11-19T08:49:22+00:00","og_image":[{"url":"http:\/\/upload.wikimedia.org\/wikipedia\/tr\/3\/39\/Metin_eloglu.jpg","type":"","width":"","height":""}],"author":"Tar\u0131k","twitter_card":"summary_large_image","twitter_creator":"@narteks","twitter_site":"@narteks","twitter_misc":{"Yazan:":"Tar\u0131k","Tahmini okuma s\u00fcresi":"3 dakika"},"schema":{"@context":"https:\/\/schema.org","@graph":[{"@type":"Article","@id":"https:\/\/narteks.net\/index.php\/2009\/11\/19\/metin-eloglu-biyografisi\/#article","isPartOf":{"@id":"https:\/\/narteks.net\/index.php\/2009\/11\/19\/metin-eloglu-biyografisi\/"},"author":{"name":"Tar\u0131k","@id":"https:\/\/narteks.net\/#\/schema\/person\/61f37d9834294b72d31d274e7ed79bca"},"headline":"Metin ELO\u011eLU Biyografisi","datePublished":"2009-11-19T08:49:22+00:00","mainEntityOfPage":{"@id":"https:\/\/narteks.net\/index.php\/2009\/11\/19\/metin-eloglu-biyografisi\/"},"wordCount":623,"commentCount":0,"publisher":{"@id":"https:\/\/narteks.net\/#organization"},"image":{"@id":"https:\/\/narteks.net\/index.php\/2009\/11\/19\/metin-eloglu-biyografisi\/#primaryimage"},"thumbnailUrl":"http:\/\/upload.wikimedia.org\/wikipedia\/tr\/3\/39\/Metin_eloglu.jpg","articleSection":["Metin ELO\u011eLU"],"inLanguage":"tr","potentialAction":[{"@type":"CommentAction","name":"Comment","target":["https:\/\/narteks.net\/index.php\/2009\/11\/19\/metin-eloglu-biyografisi\/#respond"]}]},{"@type":"WebPage","@id":"https:\/\/narteks.net\/index.php\/2009\/11\/19\/metin-eloglu-biyografisi\/","url":"https:\/\/narteks.net\/index.php\/2009\/11\/19\/metin-eloglu-biyografisi\/","name":"Metin ELO\u011eLU Biyografisi - narteks.net","isPartOf":{"@id":"https:\/\/narteks.net\/#website"},"primaryImageOfPage":{"@id":"https:\/\/narteks.net\/index.php\/2009\/11\/19\/metin-eloglu-biyografisi\/#primaryimage"},"image":{"@id":"https:\/\/narteks.net\/index.php\/2009\/11\/19\/metin-eloglu-biyografisi\/#primaryimage"},"thumbnailUrl":"http:\/\/upload.wikimedia.org\/wikipedia\/tr\/3\/39\/Metin_eloglu.jpg","datePublished":"2009-11-19T08:49:22+00:00","breadcrumb":{"@id":"https:\/\/narteks.net\/index.php\/2009\/11\/19\/metin-eloglu-biyografisi\/#breadcrumb"},"inLanguage":"tr","potentialAction":[{"@type":"ReadAction","target":["https:\/\/narteks.net\/index.php\/2009\/11\/19\/metin-eloglu-biyografisi\/"]}]},{"@type":"ImageObject","inLanguage":"tr","@id":"https:\/\/narteks.net\/index.php\/2009\/11\/19\/metin-eloglu-biyografisi\/#primaryimage","url":"http:\/\/upload.wikimedia.org\/wikipedia\/tr\/3\/39\/Metin_eloglu.jpg","contentUrl":"http:\/\/upload.wikimedia.org\/wikipedia\/tr\/3\/39\/Metin_eloglu.jpg"},{"@type":"BreadcrumbList","@id":"https:\/\/narteks.net\/index.php\/2009\/11\/19\/metin-eloglu-biyografisi\/#breadcrumb","itemListElement":[{"@type":"ListItem","position":1,"name":"Anasayfa","item":"https:\/\/narteks.net\/"},{"@type":"ListItem","position":2,"name":"Metin ELO\u011eLU Biyografisi"}]},{"@type":"WebSite","@id":"https:\/\/narteks.net\/#website","url":"https:\/\/narteks.net\/","name":"narteks.net","description":"K\u00fclt\u00fcr Sanat Edebiyat Felsefe","publisher":{"@id":"https:\/\/narteks.net\/#organization"},"alternateName":"K\u00fclt\u00fcr Sanat Edebiyat Felsefe","potentialAction":[{"@type":"SearchAction","target":{"@type":"EntryPoint","urlTemplate":"https:\/\/narteks.net\/?s={search_term_string}"},"query-input":{"@type":"PropertyValueSpecification","valueRequired":true,"valueName":"search_term_string"}}],"inLanguage":"tr"},{"@type":"Organization","@id":"https:\/\/narteks.net\/#organization","name":"narteks.net","url":"https:\/\/narteks.net\/","logo":{"@type":"ImageObject","inLanguage":"tr","@id":"https:\/\/narteks.net\/#\/schema\/logo\/image\/","url":"https:\/\/narteks.net\/wp-content\/uploads\/narteks.png","contentUrl":"https:\/\/narteks.net\/wp-content\/uploads\/narteks.png","width":300,"height":90,"caption":"narteks.net"},"image":{"@id":"https:\/\/narteks.net\/#\/schema\/logo\/image\/"},"sameAs":["https:\/\/x.com\/narteks","https:\/\/instagram.com\/narteksnet"]},{"@type":"Person","@id":"https:\/\/narteks.net\/#\/schema\/person\/61f37d9834294b72d31d274e7ed79bca","name":"Tar\u0131k","image":{"@type":"ImageObject","inLanguage":"tr","@id":"https:\/\/narteks.net\/#\/schema\/person\/image\/","url":"https:\/\/secure.gravatar.com\/avatar\/50865afb55632c4ae467e0af0930f6510aa2297d8014be502a55b14f3b7550cf?s=96&d=mm&r=g","contentUrl":"https:\/\/secure.gravatar.com\/avatar\/50865afb55632c4ae467e0af0930f6510aa2297d8014be502a55b14f3b7550cf?s=96&d=mm&r=g","caption":"Tar\u0131k"},"sameAs":["http:\/\/narteks.net"],"url":"https:\/\/narteks.net\/index.php\/author\/narbak\/"}]}},"_links":{"self":[{"href":"https:\/\/narteks.net\/index.php\/wp-json\/wp\/v2\/posts\/1551","targetHints":{"allow":["GET"]}}],"collection":[{"href":"https:\/\/narteks.net\/index.php\/wp-json\/wp\/v2\/posts"}],"about":[{"href":"https:\/\/narteks.net\/index.php\/wp-json\/wp\/v2\/types\/post"}],"author":[{"embeddable":true,"href":"https:\/\/narteks.net\/index.php\/wp-json\/wp\/v2\/users\/1"}],"replies":[{"embeddable":true,"href":"https:\/\/narteks.net\/index.php\/wp-json\/wp\/v2\/comments?post=1551"}],"version-history":[{"count":0,"href":"https:\/\/narteks.net\/index.php\/wp-json\/wp\/v2\/posts\/1551\/revisions"}],"wp:attachment":[{"href":"https:\/\/narteks.net\/index.php\/wp-json\/wp\/v2\/media?parent=1551"}],"wp:term":[{"taxonomy":"category","embeddable":true,"href":"https:\/\/narteks.net\/index.php\/wp-json\/wp\/v2\/categories?post=1551"},{"taxonomy":"post_tag","embeddable":true,"href":"https:\/\/narteks.net\/index.php\/wp-json\/wp\/v2\/tags?post=1551"}],"curies":[{"name":"wp","href":"https:\/\/api.w.org\/{rel}","templated":true}]}}