{"id":157,"date":"2009-02-27T16:14:10","date_gmt":"2009-02-27T13:14:10","guid":{"rendered":"http:\/\/localhost\/wordpress\/2009\/02\/27\/sakli-kalan\/"},"modified":"2009-02-27T16:14:10","modified_gmt":"2009-02-27T13:14:10","slug":"sakli-kalan","status":"publish","type":"post","link":"https:\/\/narteks.net\/index.php\/2009\/02\/27\/sakli-kalan\/","title":{"rendered":"SAKLI KALAN"},"content":{"rendered":"<p>\u00a0<\/p>\n<p>g\u00fcnl\u00fc\u011f\u00fc eksik tutulan g\u00fcz <br \/>usulca \u00e7ekilmi\u015f de k\u0131y\u0131ya <br \/>b\u00fct\u00fcn g\u00fcr\u00fclt\u00fclerden uzakta <br \/>e\u011firiyor sular\u0131n k\u00f6p\u00fc\u011f\u00fcn\u00fc <br \/>belli ki duymuyor da\u011flar\u0131n <br \/>u\u011fuldayan yaln\u0131zl\u0131\u011f\u0131n\u0131 <\/p>\n<p>bekleyi\u015fin ve ac\u0131lar\u0131n <br \/>u\u011fultusudur yaln\u0131zl\u0131klar <br \/>kimi kez ku\u015fatabilir b\u00fcsb\u00fct\u00fcn <br \/>do\u011fay\u0131, a\u015fk\u0131 ve ya\u015fam\u0131 <br \/>ama kayal\u0131klar\u0131n karanl\u0131klar\u0131na <br \/>hi\u00e7 s\u0131\u011far m\u0131 bir da\u011f\u0131n yaln\u0131zl\u0131\u011f\u0131 <\/p>\n<p>bir \u00e7i\u00e7ek bile doldurabilir <br \/>u\u00e7urumlar\u0131n derin oyuklar\u0131n\u0131 <br \/>oysa o bir \u00e7atlaktan f\u0131\u015fk\u0131r\u0131p <br \/>bir yang\u0131n gibi b\u00fcy\u00fcyendir <br \/>belli ki duymaktad\u0131r kalbinde <br \/>a\u015fk\u0131n sakl\u0131 yaln\u0131zl\u0131\u011f\u0131n\u0131 <\/p>\n<p>an\u0131msanan ne varsa \u015fimdi <br \/>biraz ac\u0131ya d\u00f6n\u00fckt\u00fcr y\u00fcz\u00fc <br \/>ve solgun bir g\u00fcl\u00fcmseyi\u015f <br \/>gibi sararken sessizli\u011fi <br \/>ta\u015f\u0131r bekleyi\u015fin gizinde <br \/>a\u015fk\u0131n sakl\u0131 yaln\u0131zl\u0131\u011f\u0131n\u0131 <\/p>\n<p>g\u00fcnl\u00fc\u011f\u00fc eksik tutulan g\u00fcz <br \/>e\u011firirken sular\u0131n k\u00f6p\u00fc\u011f\u00fcn\u00fc <br \/>ey al\u0131ngan susu\u015fundan \u00fcz\u00fcn\u00e7 <br \/>gibi \u00f6fkesinden kan s\u0131zan <br \/>kalbini sular\u0131n g\u00f6\u011fs\u00fcne bast\u0131r <br \/>duyacaks\u0131n kalbimizin at\u0131\u015flar\u0131n\u0131<\/p>\n<p>AHMET TELL\u0130<\/p>\n","protected":false},"excerpt":{"rendered":"<p>\u00a0 g\u00fcnl\u00fc\u011f\u00fc eksik tutulan g\u00fcz usulca \u00e7ekilmi\u015f de k\u0131y\u0131ya b\u00fct\u00fcn g\u00fcr\u00fclt\u00fclerden uzakta e\u011firiyor sular\u0131n k\u00f6p\u00fc\u011f\u00fcn\u00fc belli ki duymuyor da\u011flar\u0131n u\u011fuldayan yaln\u0131zl\u0131\u011f\u0131n\u0131 bekleyi\u015fin ve ac\u0131lar\u0131n u\u011fultusudur yaln\u0131zl\u0131klar kimi kez ku\u015fatabilir b\u00fcsb\u00fct\u00fcn do\u011fay\u0131, a\u015fk\u0131 ve ya\u015fam\u0131 ama kayal\u0131klar\u0131n karanl\u0131klar\u0131na hi\u00e7 s\u0131\u011far m\u0131 bir da\u011f\u0131n yaln\u0131zl\u0131\u011f\u0131 bir \u00e7i\u00e7ek bile doldurabilir u\u00e7urumlar\u0131n derin oyuklar\u0131n\u0131 oysa o bir \u00e7atlaktan f\u0131\u015fk\u0131r\u0131p [&hellip;]<\/p>\n","protected":false},"author":1,"featured_media":0,"comment_status":"open","ping_status":"open","sticky":false,"template":"","format":"standard","meta":{"footnotes":""},"categories":[7],"tags":[],"class_list":{"0":"post-157","1":"post","2":"type-post","3":"status-publish","4":"format-standard","6":"category-ahmet-telli"},"yoast_head":"<!-- This site is optimized with the Yoast SEO Premium plugin v24.9 (Yoast SEO v24.9) - https:\/\/yoast.com\/wordpress\/plugins\/seo\/ -->\n<title>SAKLI KALAN - narteks.net<\/title>\n<meta name=\"robots\" content=\"index, follow, max-snippet:-1, max-image-preview:large, max-video-preview:-1\" \/>\n<link rel=\"canonical\" href=\"https:\/\/narteks.net\/index.php\/2009\/02\/27\/sakli-kalan\/\" \/>\n<meta property=\"og:locale\" content=\"tr_TR\" \/>\n<meta property=\"og:type\" content=\"article\" \/>\n<meta property=\"og:title\" content=\"SAKLI KALAN\" \/>\n<meta property=\"og:description\" content=\"\u00a0 g\u00fcnl\u00fc\u011f\u00fc eksik tutulan g\u00fcz usulca \u00e7ekilmi\u015f de k\u0131y\u0131ya b\u00fct\u00fcn g\u00fcr\u00fclt\u00fclerden uzakta e\u011firiyor sular\u0131n k\u00f6p\u00fc\u011f\u00fcn\u00fc belli ki duymuyor da\u011flar\u0131n u\u011fuldayan yaln\u0131zl\u0131\u011f\u0131n\u0131 bekleyi\u015fin ve ac\u0131lar\u0131n u\u011fultusudur yaln\u0131zl\u0131klar kimi kez ku\u015fatabilir b\u00fcsb\u00fct\u00fcn do\u011fay\u0131, a\u015fk\u0131 ve ya\u015fam\u0131 ama kayal\u0131klar\u0131n karanl\u0131klar\u0131na hi\u00e7 s\u0131\u011far m\u0131 bir da\u011f\u0131n yaln\u0131zl\u0131\u011f\u0131 bir \u00e7i\u00e7ek bile doldurabilir u\u00e7urumlar\u0131n derin oyuklar\u0131n\u0131 oysa o bir \u00e7atlaktan f\u0131\u015fk\u0131r\u0131p [&hellip;]\" \/>\n<meta property=\"og:url\" content=\"https:\/\/narteks.net\/index.php\/2009\/02\/27\/sakli-kalan\/\" \/>\n<meta property=\"og:site_name\" content=\"narteks.net\" \/>\n<meta property=\"article:published_time\" content=\"2009-02-27T13:14:10+00:00\" \/>\n<meta property=\"og:image\" content=\"https:\/\/narteks.net\/wp-content\/uploads\/narteks.png\" \/>\n\t<meta property=\"og:image:width\" content=\"300\" \/>\n\t<meta property=\"og:image:height\" content=\"90\" \/>\n\t<meta property=\"og:image:type\" content=\"image\/png\" \/>\n<meta name=\"author\" content=\"Tar\u0131k\" \/>\n<meta name=\"twitter:card\" content=\"summary_large_image\" \/>\n<meta name=\"twitter:creator\" content=\"@narteks\" \/>\n<meta name=\"twitter:site\" content=\"@narteks\" \/>\n<meta name=\"twitter:label1\" content=\"Yazan:\" \/>\n\t<meta name=\"twitter:data1\" content=\"Tar\u0131k\" \/>\n\t<meta name=\"twitter:label2\" content=\"Tahmini okuma s\u00fcresi\" \/>\n\t<meta name=\"twitter:data2\" content=\"1 dakika\" \/>\n<script type=\"application\/ld+json\" class=\"yoast-schema-graph\">{\"@context\":\"https:\/\/schema.org\",\"@graph\":[{\"@type\":\"Article\",\"@id\":\"https:\/\/narteks.net\/index.php\/2009\/02\/27\/sakli-kalan\/#article\",\"isPartOf\":{\"@id\":\"https:\/\/narteks.net\/index.php\/2009\/02\/27\/sakli-kalan\/\"},\"author\":{\"name\":\"Tar\u0131k\",\"@id\":\"https:\/\/narteks.net\/#\/schema\/person\/61f37d9834294b72d31d274e7ed79bca\"},\"headline\":\"SAKLI KALAN\",\"datePublished\":\"2009-02-27T13:14:10+00:00\",\"mainEntityOfPage\":{\"@id\":\"https:\/\/narteks.net\/index.php\/2009\/02\/27\/sakli-kalan\/\"},\"wordCount\":197,\"commentCount\":0,\"publisher\":{\"@id\":\"https:\/\/narteks.net\/#organization\"},\"articleSection\":[\"Ahmet TELL\u0130\"],\"inLanguage\":\"tr\",\"potentialAction\":[{\"@type\":\"CommentAction\",\"name\":\"Comment\",\"target\":[\"https:\/\/narteks.net\/index.php\/2009\/02\/27\/sakli-kalan\/#respond\"]}]},{\"@type\":\"WebPage\",\"@id\":\"https:\/\/narteks.net\/index.php\/2009\/02\/27\/sakli-kalan\/\",\"url\":\"https:\/\/narteks.net\/index.php\/2009\/02\/27\/sakli-kalan\/\",\"name\":\"SAKLI KALAN - narteks.net\",\"isPartOf\":{\"@id\":\"https:\/\/narteks.net\/#website\"},\"datePublished\":\"2009-02-27T13:14:10+00:00\",\"breadcrumb\":{\"@id\":\"https:\/\/narteks.net\/index.php\/2009\/02\/27\/sakli-kalan\/#breadcrumb\"},\"inLanguage\":\"tr\",\"potentialAction\":[{\"@type\":\"ReadAction\",\"target\":[\"https:\/\/narteks.net\/index.php\/2009\/02\/27\/sakli-kalan\/\"]}]},{\"@type\":\"BreadcrumbList\",\"@id\":\"https:\/\/narteks.net\/index.php\/2009\/02\/27\/sakli-kalan\/#breadcrumb\",\"itemListElement\":[{\"@type\":\"ListItem\",\"position\":1,\"name\":\"Anasayfa\",\"item\":\"https:\/\/narteks.net\/\"},{\"@type\":\"ListItem\",\"position\":2,\"name\":\"SAKLI KALAN\"}]},{\"@type\":\"WebSite\",\"@id\":\"https:\/\/narteks.net\/#website\",\"url\":\"https:\/\/narteks.net\/\",\"name\":\"narteks.net\",\"description\":\"K\u00fclt\u00fcr Sanat Edebiyat Felsefe\",\"publisher\":{\"@id\":\"https:\/\/narteks.net\/#organization\"},\"alternateName\":\"K\u00fclt\u00fcr Sanat Edebiyat Felsefe\",\"potentialAction\":[{\"@type\":\"SearchAction\",\"target\":{\"@type\":\"EntryPoint\",\"urlTemplate\":\"https:\/\/narteks.net\/?s={search_term_string}\"},\"query-input\":{\"@type\":\"PropertyValueSpecification\",\"valueRequired\":true,\"valueName\":\"search_term_string\"}}],\"inLanguage\":\"tr\"},{\"@type\":\"Organization\",\"@id\":\"https:\/\/narteks.net\/#organization\",\"name\":\"narteks.net\",\"url\":\"https:\/\/narteks.net\/\",\"logo\":{\"@type\":\"ImageObject\",\"inLanguage\":\"tr\",\"@id\":\"https:\/\/narteks.net\/#\/schema\/logo\/image\/\",\"url\":\"https:\/\/narteks.net\/wp-content\/uploads\/narteks.png\",\"contentUrl\":\"https:\/\/narteks.net\/wp-content\/uploads\/narteks.png\",\"width\":300,\"height\":90,\"caption\":\"narteks.net\"},\"image\":{\"@id\":\"https:\/\/narteks.net\/#\/schema\/logo\/image\/\"},\"sameAs\":[\"https:\/\/x.com\/narteks\",\"https:\/\/instagram.com\/narteksnet\"]},{\"@type\":\"Person\",\"@id\":\"https:\/\/narteks.net\/#\/schema\/person\/61f37d9834294b72d31d274e7ed79bca\",\"name\":\"Tar\u0131k\",\"image\":{\"@type\":\"ImageObject\",\"inLanguage\":\"tr\",\"@id\":\"https:\/\/narteks.net\/#\/schema\/person\/image\/\",\"url\":\"https:\/\/secure.gravatar.com\/avatar\/50865afb55632c4ae467e0af0930f6510aa2297d8014be502a55b14f3b7550cf?s=96&d=mm&r=g\",\"contentUrl\":\"https:\/\/secure.gravatar.com\/avatar\/50865afb55632c4ae467e0af0930f6510aa2297d8014be502a55b14f3b7550cf?s=96&d=mm&r=g\",\"caption\":\"Tar\u0131k\"},\"sameAs\":[\"http:\/\/narteks.net\"],\"url\":\"https:\/\/narteks.net\/index.php\/author\/narbak\/\"}]}<\/script>\n<!-- \/ Yoast SEO Premium plugin. -->","yoast_head_json":{"title":"SAKLI KALAN - narteks.net","robots":{"index":"index","follow":"follow","max-snippet":"max-snippet:-1","max-image-preview":"max-image-preview:large","max-video-preview":"max-video-preview:-1"},"canonical":"https:\/\/narteks.net\/index.php\/2009\/02\/27\/sakli-kalan\/","og_locale":"tr_TR","og_type":"article","og_title":"SAKLI KALAN","og_description":"\u00a0 g\u00fcnl\u00fc\u011f\u00fc eksik tutulan g\u00fcz usulca \u00e7ekilmi\u015f de k\u0131y\u0131ya b\u00fct\u00fcn g\u00fcr\u00fclt\u00fclerden uzakta e\u011firiyor sular\u0131n k\u00f6p\u00fc\u011f\u00fcn\u00fc belli ki duymuyor da\u011flar\u0131n u\u011fuldayan yaln\u0131zl\u0131\u011f\u0131n\u0131 bekleyi\u015fin ve ac\u0131lar\u0131n u\u011fultusudur yaln\u0131zl\u0131klar kimi kez ku\u015fatabilir b\u00fcsb\u00fct\u00fcn do\u011fay\u0131, a\u015fk\u0131 ve ya\u015fam\u0131 ama kayal\u0131klar\u0131n karanl\u0131klar\u0131na hi\u00e7 s\u0131\u011far m\u0131 bir da\u011f\u0131n yaln\u0131zl\u0131\u011f\u0131 bir \u00e7i\u00e7ek bile doldurabilir u\u00e7urumlar\u0131n derin oyuklar\u0131n\u0131 oysa o bir \u00e7atlaktan f\u0131\u015fk\u0131r\u0131p [&hellip;]","og_url":"https:\/\/narteks.net\/index.php\/2009\/02\/27\/sakli-kalan\/","og_site_name":"narteks.net","article_published_time":"2009-02-27T13:14:10+00:00","og_image":[{"width":300,"height":90,"url":"https:\/\/narteks.net\/wp-content\/uploads\/narteks.png","type":"image\/png"}],"author":"Tar\u0131k","twitter_card":"summary_large_image","twitter_creator":"@narteks","twitter_site":"@narteks","twitter_misc":{"Yazan:":"Tar\u0131k","Tahmini okuma s\u00fcresi":"1 dakika"},"schema":{"@context":"https:\/\/schema.org","@graph":[{"@type":"Article","@id":"https:\/\/narteks.net\/index.php\/2009\/02\/27\/sakli-kalan\/#article","isPartOf":{"@id":"https:\/\/narteks.net\/index.php\/2009\/02\/27\/sakli-kalan\/"},"author":{"name":"Tar\u0131k","@id":"https:\/\/narteks.net\/#\/schema\/person\/61f37d9834294b72d31d274e7ed79bca"},"headline":"SAKLI KALAN","datePublished":"2009-02-27T13:14:10+00:00","mainEntityOfPage":{"@id":"https:\/\/narteks.net\/index.php\/2009\/02\/27\/sakli-kalan\/"},"wordCount":197,"commentCount":0,"publisher":{"@id":"https:\/\/narteks.net\/#organization"},"articleSection":["Ahmet TELL\u0130"],"inLanguage":"tr","potentialAction":[{"@type":"CommentAction","name":"Comment","target":["https:\/\/narteks.net\/index.php\/2009\/02\/27\/sakli-kalan\/#respond"]}]},{"@type":"WebPage","@id":"https:\/\/narteks.net\/index.php\/2009\/02\/27\/sakli-kalan\/","url":"https:\/\/narteks.net\/index.php\/2009\/02\/27\/sakli-kalan\/","name":"SAKLI KALAN - narteks.net","isPartOf":{"@id":"https:\/\/narteks.net\/#website"},"datePublished":"2009-02-27T13:14:10+00:00","breadcrumb":{"@id":"https:\/\/narteks.net\/index.php\/2009\/02\/27\/sakli-kalan\/#breadcrumb"},"inLanguage":"tr","potentialAction":[{"@type":"ReadAction","target":["https:\/\/narteks.net\/index.php\/2009\/02\/27\/sakli-kalan\/"]}]},{"@type":"BreadcrumbList","@id":"https:\/\/narteks.net\/index.php\/2009\/02\/27\/sakli-kalan\/#breadcrumb","itemListElement":[{"@type":"ListItem","position":1,"name":"Anasayfa","item":"https:\/\/narteks.net\/"},{"@type":"ListItem","position":2,"name":"SAKLI KALAN"}]},{"@type":"WebSite","@id":"https:\/\/narteks.net\/#website","url":"https:\/\/narteks.net\/","name":"narteks.net","description":"K\u00fclt\u00fcr Sanat Edebiyat Felsefe","publisher":{"@id":"https:\/\/narteks.net\/#organization"},"alternateName":"K\u00fclt\u00fcr Sanat Edebiyat Felsefe","potentialAction":[{"@type":"SearchAction","target":{"@type":"EntryPoint","urlTemplate":"https:\/\/narteks.net\/?s={search_term_string}"},"query-input":{"@type":"PropertyValueSpecification","valueRequired":true,"valueName":"search_term_string"}}],"inLanguage":"tr"},{"@type":"Organization","@id":"https:\/\/narteks.net\/#organization","name":"narteks.net","url":"https:\/\/narteks.net\/","logo":{"@type":"ImageObject","inLanguage":"tr","@id":"https:\/\/narteks.net\/#\/schema\/logo\/image\/","url":"https:\/\/narteks.net\/wp-content\/uploads\/narteks.png","contentUrl":"https:\/\/narteks.net\/wp-content\/uploads\/narteks.png","width":300,"height":90,"caption":"narteks.net"},"image":{"@id":"https:\/\/narteks.net\/#\/schema\/logo\/image\/"},"sameAs":["https:\/\/x.com\/narteks","https:\/\/instagram.com\/narteksnet"]},{"@type":"Person","@id":"https:\/\/narteks.net\/#\/schema\/person\/61f37d9834294b72d31d274e7ed79bca","name":"Tar\u0131k","image":{"@type":"ImageObject","inLanguage":"tr","@id":"https:\/\/narteks.net\/#\/schema\/person\/image\/","url":"https:\/\/secure.gravatar.com\/avatar\/50865afb55632c4ae467e0af0930f6510aa2297d8014be502a55b14f3b7550cf?s=96&d=mm&r=g","contentUrl":"https:\/\/secure.gravatar.com\/avatar\/50865afb55632c4ae467e0af0930f6510aa2297d8014be502a55b14f3b7550cf?s=96&d=mm&r=g","caption":"Tar\u0131k"},"sameAs":["http:\/\/narteks.net"],"url":"https:\/\/narteks.net\/index.php\/author\/narbak\/"}]}},"_links":{"self":[{"href":"https:\/\/narteks.net\/index.php\/wp-json\/wp\/v2\/posts\/157","targetHints":{"allow":["GET"]}}],"collection":[{"href":"https:\/\/narteks.net\/index.php\/wp-json\/wp\/v2\/posts"}],"about":[{"href":"https:\/\/narteks.net\/index.php\/wp-json\/wp\/v2\/types\/post"}],"author":[{"embeddable":true,"href":"https:\/\/narteks.net\/index.php\/wp-json\/wp\/v2\/users\/1"}],"replies":[{"embeddable":true,"href":"https:\/\/narteks.net\/index.php\/wp-json\/wp\/v2\/comments?post=157"}],"version-history":[{"count":0,"href":"https:\/\/narteks.net\/index.php\/wp-json\/wp\/v2\/posts\/157\/revisions"}],"wp:attachment":[{"href":"https:\/\/narteks.net\/index.php\/wp-json\/wp\/v2\/media?parent=157"}],"wp:term":[{"taxonomy":"category","embeddable":true,"href":"https:\/\/narteks.net\/index.php\/wp-json\/wp\/v2\/categories?post=157"},{"taxonomy":"post_tag","embeddable":true,"href":"https:\/\/narteks.net\/index.php\/wp-json\/wp\/v2\/tags?post=157"}],"curies":[{"name":"wp","href":"https:\/\/api.w.org\/{rel}","templated":true}]}}