{"id":1581,"date":"2009-11-20T00:22:35","date_gmt":"2009-11-19T21:22:35","guid":{"rendered":"http:\/\/localhost\/wordpress\/2009\/11\/20\/vaiz\/"},"modified":"2009-11-20T00:22:35","modified_gmt":"2009-11-19T21:22:35","slug":"vaiz","status":"publish","type":"post","link":"https:\/\/narteks.net\/index.php\/2009\/11\/20\/vaiz\/","title":{"rendered":"Vaiz"},"content":{"rendered":"<p style=\"text-align: justify;\">Vaiz i\u00e7in kendini parmakl\u0131klar aras\u0131nda ate\u015fe vermi\u015fti. Belden a\u015fa\u011f\u0131s\u0131 fel\u00e7 kald\u0131. Vaizin s\u00f6zlerini her g\u00fcn tekrarl\u0131yor: \u00f6zg\u00fcrl\u00fck, halk,sava\u015f,feda\u2026.<\/p>\n<p style=\"text-align: justify;\">Kap\u0131 araland\u0131 bir g\u00fcn. Onu al\u0131p g\u00f6t\u00fcrd\u00fcler. Koktu \u00f6nce. Sonra anlay\u0131nca g\u00f6t\u00fcr\u00fcld\u00fc\u011f\u00fc yeri, \u201cbu bir \u00f6d\u00fcl m\u00fc\u201d dedi kendi kendine. Yaln\u0131z bir adada, y\u0131llard\u0131r yaln\u0131zl\u0131\u011fa b\u0131rak\u0131lm\u0131\u015f bir adam\u0131n kar\u015f\u0131s\u0131ndayd\u0131. Adama a\u015fa\u011f\u0131dan, tekerlekli sandalyesinden, kalbinin olanca \u00e7arp\u0131nt\u0131s\u0131yla bak\u0131yor, s\u00f6ylenenleri anlamaya \u00e7al\u0131\u015f\u0131yordu.<\/p>\n<p style=\"text-align: justify;\">Vaiz konu\u015fuyor.<\/p>\n<p style=\"text-align: justify;\">Foto\u011fraftaki haline g\u00f6re bir hayli de\u011fi\u015fmi\u015f, zay\u0131flam\u0131\u015f, b\u0131y\u0131klar\u0131 yok.<\/p>\n<p style=\"text-align: justify;\">Vaizi dinliyor. Dinlemeye \u00e7al\u0131\u015f\u0131yordu; \u00e7\u0131t dahi \u00e7\u0131karmamak i\u00e7in solu\u011funu tutuyordu.<\/p>\n<p style=\"text-align: justify;\">Hegel dedi vaiz.<\/p>\n<p style=\"text-align: justify;\">Adam kimin gelmesi gerekti\u011fini anlamad\u0131 \u00f6nce. Sonra fark etti. Bahsedilen ecnebi bir ki\u015fiydi.<br \/>Vaiz konu\u015fuyordu. Her \u015feyin yan\u0131lg\u0131s\u0131n\u0131, hi\u00e7li\u011fini s\u00f6yl\u00fcyordu. Koskoca bir yalan\u0131n pe\u015finde s\u00fcr\u00fcklendik, \u00e7ocuktuk o zamanlar, \u015fimdi b\u00fcy\u00fcd\u00fck, diyordu.<br \/>\u00c7ok b\u00fcy\u00fck bir adam diye ge\u00e7irdi i\u00e7inden. Ne g\u00fczelde konu\u015fuyor. \u00c7ocuklar\u0131m\u0131zdan bahsediyor. Hepsi b\u00fcy\u00fcd\u00fc \u015fimdi, buras\u0131 da epey uzak, acaba nas\u0131l gelip gidecekler ziyaretimize. S\u0131k\u0131nt\u0131 hissetti. Sonra utand\u0131, kendi derdine d\u00fc\u015fmekten dolay\u0131. Vaize dald\u0131 yine. <br \/>Konu\u015ftu vaiz, hep konu\u015ftu. Silindi her \u015fey o konu\u015furken. Sahteydi her \u015fey. <br \/>Ne g\u00fczel konu\u015fuyor diye d\u00fc\u015f\u00fcnd\u00fc adam.<\/p>\n<p style=\"text-align: justify;\">\u00a0<\/p>\n","protected":false},"excerpt":{"rendered":"<p>Vaiz i\u00e7in kendini parmakl\u0131klar aras\u0131nda ate\u015fe vermi\u015fti. Belden a\u015fa\u011f\u0131s\u0131 fel\u00e7 kald\u0131. Vaizin s\u00f6zlerini her g\u00fcn tekrarl\u0131yor: \u00f6zg\u00fcrl\u00fck, halk,sava\u015f,feda\u2026. Kap\u0131 araland\u0131 bir g\u00fcn. Onu al\u0131p g\u00f6t\u00fcrd\u00fcler. Koktu \u00f6nce. Sonra anlay\u0131nca g\u00f6t\u00fcr\u00fcld\u00fc\u011f\u00fc yeri, \u201cbu bir \u00f6d\u00fcl m\u00fc\u201d dedi kendi kendine. Yaln\u0131z bir adada, y\u0131llard\u0131r yaln\u0131zl\u0131\u011fa b\u0131rak\u0131lm\u0131\u015f bir adam\u0131n kar\u015f\u0131s\u0131ndayd\u0131. Adama a\u015fa\u011f\u0131dan, tekerlekli sandalyesinden, kalbinin olanca \u00e7arp\u0131nt\u0131s\u0131yla bak\u0131yor, [&hellip;]<\/p>\n","protected":false},"author":1,"featured_media":0,"comment_status":"open","ping_status":"open","sticky":false,"template":"","format":"standard","meta":{"footnotes":""},"categories":[140],"tags":[],"class_list":{"0":"post-1581","1":"post","2":"type-post","3":"status-publish","4":"format-standard","6":"category-erkan-kucuk-makale"},"yoast_head":"<!-- This site is optimized with the Yoast SEO Premium plugin v24.9 (Yoast SEO v24.9) - https:\/\/yoast.com\/wordpress\/plugins\/seo\/ -->\n<title>Vaiz - narteks.net<\/title>\n<meta name=\"robots\" content=\"index, follow, max-snippet:-1, max-image-preview:large, max-video-preview:-1\" \/>\n<link rel=\"canonical\" href=\"https:\/\/narteks.net\/index.php\/2009\/11\/20\/vaiz\/\" \/>\n<meta property=\"og:locale\" content=\"tr_TR\" \/>\n<meta property=\"og:type\" content=\"article\" \/>\n<meta property=\"og:title\" content=\"Vaiz\" \/>\n<meta property=\"og:description\" content=\"Vaiz i\u00e7in kendini parmakl\u0131klar aras\u0131nda ate\u015fe vermi\u015fti. Belden a\u015fa\u011f\u0131s\u0131 fel\u00e7 kald\u0131. Vaizin s\u00f6zlerini her g\u00fcn tekrarl\u0131yor: \u00f6zg\u00fcrl\u00fck, halk,sava\u015f,feda\u2026. Kap\u0131 araland\u0131 bir g\u00fcn. Onu al\u0131p g\u00f6t\u00fcrd\u00fcler. Koktu \u00f6nce. Sonra anlay\u0131nca g\u00f6t\u00fcr\u00fcld\u00fc\u011f\u00fc yeri, \u201cbu bir \u00f6d\u00fcl m\u00fc\u201d dedi kendi kendine. Yaln\u0131z bir adada, y\u0131llard\u0131r yaln\u0131zl\u0131\u011fa b\u0131rak\u0131lm\u0131\u015f bir adam\u0131n kar\u015f\u0131s\u0131ndayd\u0131. Adama a\u015fa\u011f\u0131dan, tekerlekli sandalyesinden, kalbinin olanca \u00e7arp\u0131nt\u0131s\u0131yla bak\u0131yor, [&hellip;]\" \/>\n<meta property=\"og:url\" content=\"https:\/\/narteks.net\/index.php\/2009\/11\/20\/vaiz\/\" \/>\n<meta property=\"og:site_name\" content=\"narteks.net\" \/>\n<meta property=\"article:published_time\" content=\"2009-11-19T21:22:35+00:00\" \/>\n<meta property=\"og:image\" content=\"https:\/\/narteks.net\/wp-content\/uploads\/narteks.png\" \/>\n\t<meta property=\"og:image:width\" content=\"300\" \/>\n\t<meta property=\"og:image:height\" content=\"90\" \/>\n\t<meta property=\"og:image:type\" content=\"image\/png\" \/>\n<meta name=\"author\" content=\"Tar\u0131k\" \/>\n<meta name=\"twitter:card\" content=\"summary_large_image\" \/>\n<meta name=\"twitter:creator\" content=\"@narteks\" \/>\n<meta name=\"twitter:site\" content=\"@narteks\" \/>\n<meta name=\"twitter:label1\" content=\"Yazan:\" \/>\n\t<meta name=\"twitter:data1\" content=\"Tar\u0131k\" \/>\n\t<meta name=\"twitter:label2\" content=\"Tahmini okuma s\u00fcresi\" \/>\n\t<meta name=\"twitter:data2\" content=\"1 dakika\" \/>\n<script type=\"application\/ld+json\" class=\"yoast-schema-graph\">{\"@context\":\"https:\/\/schema.org\",\"@graph\":[{\"@type\":\"Article\",\"@id\":\"https:\/\/narteks.net\/index.php\/2009\/11\/20\/vaiz\/#article\",\"isPartOf\":{\"@id\":\"https:\/\/narteks.net\/index.php\/2009\/11\/20\/vaiz\/\"},\"author\":{\"name\":\"Tar\u0131k\",\"@id\":\"https:\/\/narteks.net\/#\/schema\/person\/61f37d9834294b72d31d274e7ed79bca\"},\"headline\":\"Vaiz\",\"datePublished\":\"2009-11-19T21:22:35+00:00\",\"mainEntityOfPage\":{\"@id\":\"https:\/\/narteks.net\/index.php\/2009\/11\/20\/vaiz\/\"},\"wordCount\":257,\"commentCount\":0,\"publisher\":{\"@id\":\"https:\/\/narteks.net\/#organization\"},\"articleSection\":[\"Erkan K\u00fc\u00e7\u00fck (Makale)\"],\"inLanguage\":\"tr\",\"potentialAction\":[{\"@type\":\"CommentAction\",\"name\":\"Comment\",\"target\":[\"https:\/\/narteks.net\/index.php\/2009\/11\/20\/vaiz\/#respond\"]}]},{\"@type\":\"WebPage\",\"@id\":\"https:\/\/narteks.net\/index.php\/2009\/11\/20\/vaiz\/\",\"url\":\"https:\/\/narteks.net\/index.php\/2009\/11\/20\/vaiz\/\",\"name\":\"Vaiz - narteks.net\",\"isPartOf\":{\"@id\":\"https:\/\/narteks.net\/#website\"},\"datePublished\":\"2009-11-19T21:22:35+00:00\",\"breadcrumb\":{\"@id\":\"https:\/\/narteks.net\/index.php\/2009\/11\/20\/vaiz\/#breadcrumb\"},\"inLanguage\":\"tr\",\"potentialAction\":[{\"@type\":\"ReadAction\",\"target\":[\"https:\/\/narteks.net\/index.php\/2009\/11\/20\/vaiz\/\"]}]},{\"@type\":\"BreadcrumbList\",\"@id\":\"https:\/\/narteks.net\/index.php\/2009\/11\/20\/vaiz\/#breadcrumb\",\"itemListElement\":[{\"@type\":\"ListItem\",\"position\":1,\"name\":\"Anasayfa\",\"item\":\"https:\/\/narteks.net\/\"},{\"@type\":\"ListItem\",\"position\":2,\"name\":\"Vaiz\"}]},{\"@type\":\"WebSite\",\"@id\":\"https:\/\/narteks.net\/#website\",\"url\":\"https:\/\/narteks.net\/\",\"name\":\"narteks.net\",\"description\":\"K\u00fclt\u00fcr Sanat Edebiyat Felsefe\",\"publisher\":{\"@id\":\"https:\/\/narteks.net\/#organization\"},\"alternateName\":\"K\u00fclt\u00fcr Sanat Edebiyat Felsefe\",\"potentialAction\":[{\"@type\":\"SearchAction\",\"target\":{\"@type\":\"EntryPoint\",\"urlTemplate\":\"https:\/\/narteks.net\/?s={search_term_string}\"},\"query-input\":{\"@type\":\"PropertyValueSpecification\",\"valueRequired\":true,\"valueName\":\"search_term_string\"}}],\"inLanguage\":\"tr\"},{\"@type\":\"Organization\",\"@id\":\"https:\/\/narteks.net\/#organization\",\"name\":\"narteks.net\",\"url\":\"https:\/\/narteks.net\/\",\"logo\":{\"@type\":\"ImageObject\",\"inLanguage\":\"tr\",\"@id\":\"https:\/\/narteks.net\/#\/schema\/logo\/image\/\",\"url\":\"https:\/\/narteks.net\/wp-content\/uploads\/narteks.png\",\"contentUrl\":\"https:\/\/narteks.net\/wp-content\/uploads\/narteks.png\",\"width\":300,\"height\":90,\"caption\":\"narteks.net\"},\"image\":{\"@id\":\"https:\/\/narteks.net\/#\/schema\/logo\/image\/\"},\"sameAs\":[\"https:\/\/x.com\/narteks\",\"https:\/\/instagram.com\/narteksnet\"]},{\"@type\":\"Person\",\"@id\":\"https:\/\/narteks.net\/#\/schema\/person\/61f37d9834294b72d31d274e7ed79bca\",\"name\":\"Tar\u0131k\",\"image\":{\"@type\":\"ImageObject\",\"inLanguage\":\"tr\",\"@id\":\"https:\/\/narteks.net\/#\/schema\/person\/image\/\",\"url\":\"https:\/\/secure.gravatar.com\/avatar\/50865afb55632c4ae467e0af0930f6510aa2297d8014be502a55b14f3b7550cf?s=96&d=mm&r=g\",\"contentUrl\":\"https:\/\/secure.gravatar.com\/avatar\/50865afb55632c4ae467e0af0930f6510aa2297d8014be502a55b14f3b7550cf?s=96&d=mm&r=g\",\"caption\":\"Tar\u0131k\"},\"sameAs\":[\"http:\/\/narteks.net\"],\"url\":\"https:\/\/narteks.net\/index.php\/author\/narbak\/\"}]}<\/script>\n<!-- \/ Yoast SEO Premium plugin. -->","yoast_head_json":{"title":"Vaiz - narteks.net","robots":{"index":"index","follow":"follow","max-snippet":"max-snippet:-1","max-image-preview":"max-image-preview:large","max-video-preview":"max-video-preview:-1"},"canonical":"https:\/\/narteks.net\/index.php\/2009\/11\/20\/vaiz\/","og_locale":"tr_TR","og_type":"article","og_title":"Vaiz","og_description":"Vaiz i\u00e7in kendini parmakl\u0131klar aras\u0131nda ate\u015fe vermi\u015fti. Belden a\u015fa\u011f\u0131s\u0131 fel\u00e7 kald\u0131. Vaizin s\u00f6zlerini her g\u00fcn tekrarl\u0131yor: \u00f6zg\u00fcrl\u00fck, halk,sava\u015f,feda\u2026. Kap\u0131 araland\u0131 bir g\u00fcn. Onu al\u0131p g\u00f6t\u00fcrd\u00fcler. Koktu \u00f6nce. Sonra anlay\u0131nca g\u00f6t\u00fcr\u00fcld\u00fc\u011f\u00fc yeri, \u201cbu bir \u00f6d\u00fcl m\u00fc\u201d dedi kendi kendine. Yaln\u0131z bir adada, y\u0131llard\u0131r yaln\u0131zl\u0131\u011fa b\u0131rak\u0131lm\u0131\u015f bir adam\u0131n kar\u015f\u0131s\u0131ndayd\u0131. Adama a\u015fa\u011f\u0131dan, tekerlekli sandalyesinden, kalbinin olanca \u00e7arp\u0131nt\u0131s\u0131yla bak\u0131yor, [&hellip;]","og_url":"https:\/\/narteks.net\/index.php\/2009\/11\/20\/vaiz\/","og_site_name":"narteks.net","article_published_time":"2009-11-19T21:22:35+00:00","og_image":[{"width":300,"height":90,"url":"https:\/\/narteks.net\/wp-content\/uploads\/narteks.png","type":"image\/png"}],"author":"Tar\u0131k","twitter_card":"summary_large_image","twitter_creator":"@narteks","twitter_site":"@narteks","twitter_misc":{"Yazan:":"Tar\u0131k","Tahmini okuma s\u00fcresi":"1 dakika"},"schema":{"@context":"https:\/\/schema.org","@graph":[{"@type":"Article","@id":"https:\/\/narteks.net\/index.php\/2009\/11\/20\/vaiz\/#article","isPartOf":{"@id":"https:\/\/narteks.net\/index.php\/2009\/11\/20\/vaiz\/"},"author":{"name":"Tar\u0131k","@id":"https:\/\/narteks.net\/#\/schema\/person\/61f37d9834294b72d31d274e7ed79bca"},"headline":"Vaiz","datePublished":"2009-11-19T21:22:35+00:00","mainEntityOfPage":{"@id":"https:\/\/narteks.net\/index.php\/2009\/11\/20\/vaiz\/"},"wordCount":257,"commentCount":0,"publisher":{"@id":"https:\/\/narteks.net\/#organization"},"articleSection":["Erkan K\u00fc\u00e7\u00fck (Makale)"],"inLanguage":"tr","potentialAction":[{"@type":"CommentAction","name":"Comment","target":["https:\/\/narteks.net\/index.php\/2009\/11\/20\/vaiz\/#respond"]}]},{"@type":"WebPage","@id":"https:\/\/narteks.net\/index.php\/2009\/11\/20\/vaiz\/","url":"https:\/\/narteks.net\/index.php\/2009\/11\/20\/vaiz\/","name":"Vaiz - narteks.net","isPartOf":{"@id":"https:\/\/narteks.net\/#website"},"datePublished":"2009-11-19T21:22:35+00:00","breadcrumb":{"@id":"https:\/\/narteks.net\/index.php\/2009\/11\/20\/vaiz\/#breadcrumb"},"inLanguage":"tr","potentialAction":[{"@type":"ReadAction","target":["https:\/\/narteks.net\/index.php\/2009\/11\/20\/vaiz\/"]}]},{"@type":"BreadcrumbList","@id":"https:\/\/narteks.net\/index.php\/2009\/11\/20\/vaiz\/#breadcrumb","itemListElement":[{"@type":"ListItem","position":1,"name":"Anasayfa","item":"https:\/\/narteks.net\/"},{"@type":"ListItem","position":2,"name":"Vaiz"}]},{"@type":"WebSite","@id":"https:\/\/narteks.net\/#website","url":"https:\/\/narteks.net\/","name":"narteks.net","description":"K\u00fclt\u00fcr Sanat Edebiyat Felsefe","publisher":{"@id":"https:\/\/narteks.net\/#organization"},"alternateName":"K\u00fclt\u00fcr Sanat Edebiyat Felsefe","potentialAction":[{"@type":"SearchAction","target":{"@type":"EntryPoint","urlTemplate":"https:\/\/narteks.net\/?s={search_term_string}"},"query-input":{"@type":"PropertyValueSpecification","valueRequired":true,"valueName":"search_term_string"}}],"inLanguage":"tr"},{"@type":"Organization","@id":"https:\/\/narteks.net\/#organization","name":"narteks.net","url":"https:\/\/narteks.net\/","logo":{"@type":"ImageObject","inLanguage":"tr","@id":"https:\/\/narteks.net\/#\/schema\/logo\/image\/","url":"https:\/\/narteks.net\/wp-content\/uploads\/narteks.png","contentUrl":"https:\/\/narteks.net\/wp-content\/uploads\/narteks.png","width":300,"height":90,"caption":"narteks.net"},"image":{"@id":"https:\/\/narteks.net\/#\/schema\/logo\/image\/"},"sameAs":["https:\/\/x.com\/narteks","https:\/\/instagram.com\/narteksnet"]},{"@type":"Person","@id":"https:\/\/narteks.net\/#\/schema\/person\/61f37d9834294b72d31d274e7ed79bca","name":"Tar\u0131k","image":{"@type":"ImageObject","inLanguage":"tr","@id":"https:\/\/narteks.net\/#\/schema\/person\/image\/","url":"https:\/\/secure.gravatar.com\/avatar\/50865afb55632c4ae467e0af0930f6510aa2297d8014be502a55b14f3b7550cf?s=96&d=mm&r=g","contentUrl":"https:\/\/secure.gravatar.com\/avatar\/50865afb55632c4ae467e0af0930f6510aa2297d8014be502a55b14f3b7550cf?s=96&d=mm&r=g","caption":"Tar\u0131k"},"sameAs":["http:\/\/narteks.net"],"url":"https:\/\/narteks.net\/index.php\/author\/narbak\/"}]}},"_links":{"self":[{"href":"https:\/\/narteks.net\/index.php\/wp-json\/wp\/v2\/posts\/1581","targetHints":{"allow":["GET"]}}],"collection":[{"href":"https:\/\/narteks.net\/index.php\/wp-json\/wp\/v2\/posts"}],"about":[{"href":"https:\/\/narteks.net\/index.php\/wp-json\/wp\/v2\/types\/post"}],"author":[{"embeddable":true,"href":"https:\/\/narteks.net\/index.php\/wp-json\/wp\/v2\/users\/1"}],"replies":[{"embeddable":true,"href":"https:\/\/narteks.net\/index.php\/wp-json\/wp\/v2\/comments?post=1581"}],"version-history":[{"count":0,"href":"https:\/\/narteks.net\/index.php\/wp-json\/wp\/v2\/posts\/1581\/revisions"}],"wp:attachment":[{"href":"https:\/\/narteks.net\/index.php\/wp-json\/wp\/v2\/media?parent=1581"}],"wp:term":[{"taxonomy":"category","embeddable":true,"href":"https:\/\/narteks.net\/index.php\/wp-json\/wp\/v2\/categories?post=1581"},{"taxonomy":"post_tag","embeddable":true,"href":"https:\/\/narteks.net\/index.php\/wp-json\/wp\/v2\/tags?post=1581"}],"curies":[{"name":"wp","href":"https:\/\/api.w.org\/{rel}","templated":true}]}}