{"id":1583,"date":"2009-11-21T13:02:46","date_gmt":"2009-11-21T10:02:46","guid":{"rendered":"http:\/\/localhost\/wordpress\/2009\/11\/21\/yalanlar-ve-hileler-karsisinda-diz-cokmeyen-bir-lider-seyit-riza\/"},"modified":"2009-11-21T13:02:46","modified_gmt":"2009-11-21T10:02:46","slug":"yalanlar-ve-hileler-karsisinda-diz-cokmeyen-bir-lider-seyit-riza","status":"publish","type":"post","link":"https:\/\/narteks.net\/index.php\/2009\/11\/21\/yalanlar-ve-hileler-karsisinda-diz-cokmeyen-bir-lider-seyit-riza\/","title":{"rendered":"Yalanlar ve hileler kar\u015f\u0131s\u0131nda diz \u00e7\u00f6kmeyen bir lider | Seyit R\u0131za"},"content":{"rendered":"<p class=\"p_spot\" style=\"text-align: justify;\"><img loading=\"lazy\" decoding=\"async\" src=\"http:\/\/www.alinteri.org\/img\/seyitt.jpg\" border=\"0\" alt=\"seyit r\u0131za\" width=\"155\" height=\"203\" style=\"float: left;\" \/><strong>\u201cBen sizin yalan ve hilelerinizle ba\u015f edemedim, bu bana dert oldu. Ama ben de sizin \u00f6n\u00fcn\u00fczde diz \u00e7\u00f6kmedim, bu da size dert olsun!..\u201d Seyit R\u0131za<\/strong><\/p>\n<p>Seyid R\u0131za (1863) Dersim\u2019in Lirtik k\u00f6y\u00fcnde do\u011fdu. Ancak do\u011fum tarihi kesin bilinmiyor. 1937\u2019de idam edildi\u011finde, 75 ya\u015f\u0131ndan k\u00fc\u00e7\u00fck olmad\u0131\u011f\u0131 80\u2019in \u00fczerinde oldu\u011fu s\u00f6ylenir. \u0130lerlemi\u015f ya\u015f\u0131, yasalara g\u00f6re idam\u0131na engeldir. Ya\u015f\u0131 k\u00fc\u00e7\u00fclt\u00fcl\u00fcr ve \u00f6yle idam edilir. Seyit R\u0131za\u2019n\u0131n bu ya\u015f k\u00fc\u00e7\u00fcltme davas\u0131nda \u015f\u00f6yle bir olay ya\u015fan\u0131r:<\/p>\n<p>Muhundulu Seyit U\u015fen (H\u00fcseyin Do\u011fan), S. R\u0131za\u2019n\u0131n ya\u015f\u0131n\u0131 belirleme davas\u0131nda tan\u0131k olur. Tan\u0131k Seyit R\u0131za\u2019n\u0131n ya\u015f\u0131n\u0131n (ya\u015f\u0131n\u0131n idam\u0131 sa\u011flayan ya\u015ftan) k\u00fc\u00e7\u00fck oldu\u011funu s\u00f6yler. Dava yarg\u0131c\u0131, ya\u015f\u0131 k\u00fc\u00e7\u00fclt\u00fclen Seyit R\u0131za\u2019ya, tan\u0131k beyan\u0131na bir itiraz\u0131n\u0131n olup olmad\u0131\u011f\u0131n\u0131 sorunca, S. R\u0131za, i\u015flemin bir formalite oldu\u011funu anlar, yarg\u0131ca \u015fu d\u00fc\u015f\u00fcnd\u00fcr\u00fcc\u00fc yan\u0131t\u0131 verir:<\/p>\n<p style=\"text-align: justify;\">&#8211;<em>Tan\u0131k, benim b\u00fcy\u00fck o\u011flumdan iki y\u0131l k\u00fc\u00e7\u00fckt\u00fcr. O\u011flumdan k\u00fc\u00e7\u00fck biri ya\u015f\u0131m\u0131 belirler ve yasa da bunu kabul ediyorsa, benim itiraz\u0131m olmaz.<\/em><\/p>\n<p style=\"text-align: justify;\">Seyit R\u0131za Dersim\u2019in ileri gelenlerinden Seyid \u0130brahim\u2019in o\u011fludur. Seyid \u0130brahim e\u011fitimini Nuri Dersimi\u2019nin atalar\u0131ndan Mehmet Ali Efendi\u2019den g\u00f6rd\u00fc. Seyid R\u0131za ,<\/p>\n<p>Seyid \u0130brahim\u2019in d\u00f6rt erkek \u00e7ocu\u011funun en k\u00fc\u00e7\u00fc\u011f\u00fc idi. Babas\u0131 onun, yetenek ve cesareti yan\u0131nda bilgeli\u011fini sezmi\u015f olmal\u0131 ki a\u015firet y\u00f6netimini ona b\u0131rak\u0131r.<\/p>\n<p style=\"text-align: justify;\">Seyid R\u0131za \u015eex Hesenan a\u015firetinin yukari Abbasan koluna mensupdu. \u015eex Hesenan a\u015firetinin atas\u0131 \u015eex Hesen oldu\u011fu i\u00e7in a\u015fireti de ayn\u0131 isimle an\u0131lm\u0131\u015ft\u0131r. \u015eex Hesen\u2019in t\u00fcrbesi Malatya\u2019n\u0131n Arapgir il\u00e7esinin G\u00eekey\u00eek k\u00f6y\u00fcndedir.<\/p>\n<p> \u015eex Hesen\u2019in soy seceresi eskiden Baxsi Xan nam\u0131nda bir K\u00fcrd\u2019e ula\u015f\u0131r. 13.yy.\u2019da G\u00fcney&#8217;de Mo\u011fol sald\u0131r\u0131lar\u0131na u\u011framas\u0131 nedeniyle \u015eex Hesen de bir\u00e7ok K\u00fcrd a\u015fireti gibi G\u00fcney&#8217;den g\u00f6\u00e7 ederek Kuzey&#8217;e, D\u00earsim b\u00f6lgesine gelip yerle\u015fmi\u015f.<\/p>\n<p> \u015eex Hesen D\u00earsim\u2019e vard\u0131\u011f\u0131nda Kalmemo S\u00eer\u2019\u0131n dergah\u0131na gelmi\u015ftir. Kalmemo S\u00eer\u2019\u0131n dergah\u0131nda hizmet\u00e7ilik yapan \u015eex Hesen g\u00f6sterdi\u011fi zekilik ve g\u00fczel ahlakl\u0131\u011f\u0131 ile Kalmemo S\u00eer\u2019\u0131n be\u011fenisini sa\u011flam\u0131\u015f ve Kalmemo S\u00eer\u2019\u0131n Kince S\u00fbr ad\u0131ndaki k\u0131z\u0131yla evlenmi\u015ftir. Kalmam\u2019da ailece \u00e7ok b\u00fcy\u00fcyen \u015eex Hesenan a\u015fireti Kalmam\u2019dan Lert\u00eek m\u0131nt\u0131kas\u0131na yerle\u015fmi\u015fler.<\/p>\n<p> K\u00fcrt\u2019ler Seyid R\u0131za\u2019ya R\u0131zo, Rayber ve babas\u0131n\u0131n o\u011flu anlam\u0131na gelen Lace Baboy\u0131 \u00fcnvanlar\u0131yla seslenirlerdi. Babas\u0131 Seyid \u0130brahim\u2019in \u00f6l\u00fcm\u00fcnden sonra Tujik Da\u011f\u0131 eteklerindeki A\u011fdat k\u00f6y\u00fcne yerle\u015fti.<br \/> Yumu\u015fak tavr\u0131, bilge s\u00f6zleri, olaylar\u0131 so\u011fukkanl\u0131l\u0131kla halledi\u015fi onun <em>\u201cReyber\u201d (yol g\u00f6steren)<\/em> ve <em>\u201cBava\u201d (hikmet sahibi)<\/em> rol\u00fcn\u00fc y\u00fcceltir. Bu nedenle halk aras\u0131nda; <em>\u201cR\u0131za Reyber\u201d<\/em> veya <em>\u201cLace Bavi\u201d<\/em> gibi de\u011fi\u015fik isimlerle an\u0131l\u0131r. K\u0131sa s\u00fcrede, ac\u0131l\u0131 ya\u015fam\u0131n bu diyar\u0131nda mistik umar\u0131n aranan simgesi olur. \u00dcnl\u00fc a\u015firet reisi Diyab A\u011fa\u2019n\u0131n k\u0131z\u0131 ile evlenmesi, g\u00fcvenirli\u011fi yan\u0131nda \u00fcn\u00fcn\u00fc daha da peki\u015ftirir.<\/p>\n<p> Ko\u00e7giri Hareketi&#8217;nin ka\u00e7an iki lideri Ali\u015f\u00ear ve N. Dersimi, Seyid R\u0131za\u2019ya s\u0131\u011f\u0131n\u0131r. Seyit R\u0131za, Dersim a\u015firet gelene\u011fini s\u00fcrd\u00fcr\u00fcr. Merkezi otorite ile politik ba\u011flar\u0131 olan kimi g\u00fc\u00e7l\u00fc a\u015firet liderlerine uymaz ve onlar\u0131 teslim etmez, bu iki lideri sonuna dek, kellesi pahas\u0131na korur. Onu, Dersim a\u015firetleri lideri durumuna getiren bu d\u00fcr\u00fcstl\u00fc\u011f\u00fc, mertli\u011fi, g\u00fcvenirlili\u011fidir. Bu iki liderle ayn\u0131 ideali s\u00fcrd\u00fcrd\u00fc\u011f\u00fcn\u00fcn kan\u0131t\u0131 onlar\u0131 korumas\u0131 ve d\u00fc\u015f\u00fcncelerine kat\u0131lmas\u0131d\u0131r. Seyid R\u0131za\u2019n\u0131n bu iki liderin etkisi alt\u0131nda kald\u0131\u011f\u0131 kesin. N. Dersimi, Seyid R\u0131za\u2019dan \u201csayg\u0131n bir yurtsever\u201d diye s\u00f6z eder ve onun ideologu oldu\u011funu belirtir.<\/p>\n<p> N. Dersimi;<em>\u201c\u2026 \u00d6ncelikle memnuniyete de\u011fer bir \u015fey varsa, o da Seyid R\u0131za\u2019n\u0131n b\u00fct\u00fcn kuvvet ve kudretiyle ve hakiki bir imamla beni sevmesi ve takdir etmesi ve her t\u00fcrl\u00fc hareket arzular\u0131m\u0131 kay\u0131ts\u0131z ve \u015farts\u0131z kabul edilmesi idi.<\/em><\/p>\n<p> <em>Seyid R\u0131za\u2019n\u0131n bana bu derecede itimad\u0131, T\u00fcrkiye h\u00fck\u00fcmet makamlar\u0131n\u0131n narar\u0131 dikkatini celbetmi\u015f bulundu\u011fundan, her ne suretle olursa olsun Dersim\u2019den \u00e7\u0131kar\u0131lmam veya yok edilmem konusunda gizli y\u00f6ntemlere ba\u015fvuruldu\u011fu da anla\u015f\u0131lm\u0131\u015ft\u0131. Malum oldu\u011fu \u00fczere Garbi Dersim\u2019de Seyid R\u0131za umum \u015e\u00eax Hesan\u0131n a\u015firetleri rehberi ve manevi reisi ve hem de ba\u015f evlad\u0131 bulunuyordu. Pederim M\u0131lla \u0130brahim\u2019den hususi tahsil g\u00f6rm\u00fc\u015ft\u00fc. M\u00fctefekkir, Milliyetperver ve f\u0131tri zekas\u0131 dolay\u0131s\u0131yla T\u00fcrkiye h\u00fck\u00fcmeti Seyid R\u0131za\u2019y\u0131 umum Dersim\u2019in y\u00fcksek bir reisi ve bu suretle beni de Seyid R\u0131za\u2019n\u0131n kati surette ideologu tan\u0131makta idi.\u201d<br \/> <\/em><br \/> Seyid R\u0131za\u2019n\u0131n 3 o\u011flu; 1.\u015eeyusen, 2. \u015e\u0131x Hasan, 3.Bava (Baba)\u2019d\u0131r.<\/p>\n<p> Ba\u015f\u0131ndan itibaren otoritesini kuramad\u0131\u011f\u0131 Dersim\u2019i ezmek, politik ilhak s\u00fcrecinde Mustafa Kemal ve devletin stratejik hedefini olu\u015fturuyordu. B\u00f6lgede b\u00fct\u00fcn isyan ocaklar\u0131 s\u00f6nd\u00fcr\u00fclerek, Dersim etraf\u0131ndaki \u00e7ember daralt\u0131ld\u0131. TC, b\u00fct\u00fcn g\u00fc\u00e7lerini Dersim\u2019i imha etmeye seferber etti. 1936\u2032da <strong>M. Kemal<\/strong> meclisin a\u00e7\u0131l\u0131\u015f konu\u015fmas\u0131nda \u201c<em>Dahili i\u015flerimizden en m\u00fchim bir safra varsa o da Dersim meselesidir\u201d<\/em> diyerek, <em>\u201cezilmesi i\u00e7in ne gerekiyorsa yap\u0131lmal\u0131d\u0131r\u201d<\/em> diyordu. 2 Ocak 1936\u2032da y\u00fcr\u00fcrl\u00fc\u011fe giren Tunceli Kanunu\u2019yla Dersim\u2019in ad\u0131 Tunceli olarak de\u011fi\u015ftirildi. General Abdullah Alpdogan Dersim\u2019e vali ve kumandan 3. Umum M\u00fcfetti\u015fi olarak atand\u0131. Alpdo\u011fan\u2019\u0131n Dersim \u00fczerinde her t\u00fcrl\u00fc tasarrufa yetkisi vard\u0131. Alpdo\u011fan, s\u0131k\u0131y\u00f6netim ilan ederek, ter\u00f6r ve idamlara ba\u015flayarak Dersim\u2019e asker y\u0131\u011fd\u0131. Bu katil eleba\u015f\u0131n\u0131n sald\u0131r\u0131lar\u0131 kar\u015f\u0131s\u0131nda Dersimliler direni\u015f ba\u011flar\u0131n\u0131 g\u00fc\u00e7lendirdiler.<\/p>\n<p> Dersimliler Seyit R\u0131za \u00f6nderli\u011finde 1937 y\u0131l\u0131 ba\u015f\u0131nda M. Kemal\u2019e bir uyar\u0131 bildirisi sunarak<em> \u201cB\u00fct\u00fcn jandarma ve ordu mensuplar\u0131n\u0131n b\u00f6lgeden \u00e7ekilmesini, her t\u00fcrl\u00fc imar (askeri ama\u00e7l\u0131) \u00e7al\u0131\u015fmalar\u0131n\u0131n (k\u00f6pr\u00fc, demiryolu vb.) durdurulmas\u0131n\u0131 isteyip silahlar\u0131n\u0131 koruma hakk\u0131 ve vergilerin hafifletilmesi\u201d<\/em> taleplerinde bulundular. T\u00fcrk devleti kuvvetleri 1937 ilkbahar\u0131nda tanklarla, toplarla, u\u00e7aklarla sald\u0131r\u0131ya ge\u00e7tiler. T\u00fcrk ordu birlikleri, insanl\u0131k tarihinin en b\u00fcy\u00fck katliamlar\u0131ndan birini ger\u00e7ekle\u015ftirmeyi ba\u015fard\u0131lar. Kendi saflar\u0131nda yer al\u0131p, Seyit R\u0131za g\u00fc\u00e7lerine kar\u015f\u0131 \u00e7arp\u0131\u015fan a\u015firetleri bile katliama u\u011fratmalar\u0131 yap\u0131lan soyk\u0131r\u0131m\u0131n d\u00fczeyinin ifadesidir. Sava\u015fta yenemeyece\u011fini anlayan T\u00fcrk birlikleri, hileye ba\u015fvurarak g\u00f6r\u00fc\u015fmek i\u00e7in Erzincan\u2019a \u00e7a\u011f\u0131rd\u0131klar\u0131 Seyit R\u0131za\u2019y\u0131 15 Eyl\u00fcl 1937\u2032de tutuklad\u0131lar. 1938 y\u0131l\u0131nda tekil ayaklanmalarla devam eden direni\u015f tam bir katliamla sonu\u00e7land\u0131\/yenildi. 60 bin Dersimli katledildi, on binlercesi s\u00fcrg\u00fcn edildi. Y\u00fczlerce gen\u00e7 k\u0131z, kad\u0131n, \u201c<em>namusunu teslim etmemek\u201d<\/em> i\u00e7in kendilerini kayal\u0131klardan, Munzur\u2019un suyuna att\u0131lar. \u0130hanet han\u00e7eri bu direni\u015fte de ortaya \u00e7\u0131kt\u0131. Seyit R\u0131za\u2019n\u0131n ye\u011feni Rayber, General Alpdo\u011fan\u2019\u0131n talimat\u0131yla, Ko\u00e7giri ve Dersim ayaklanmas\u0131n\u0131n kahraman \u00f6nderi Ali\u015fer ve e\u015fi Zarife\u2019yi al\u00e7ak\u00e7a bir oyunla \u00f6ld\u00fcr\u00fcp, ba\u015flar\u0131n\u0131 keserek bir \u00e7uval i\u00e7erisinde General Alpdo\u011fan\u2019a teslim etti.<\/p>\n<p> Seyit R\u0131za, 1937\u2019de kendini sava\u015f i\u00e7inde bulur. Ba\u015f\u0131na toplar ya\u011far. Beklemedi\u011fi tepkilerle kar\u015f\u0131la\u015f\u0131r. \u00c7ok g\u00fcvendi\u011fi dostu Ali\u015f\u00ear ve e\u015fi Zarife\u2019nin haince katledilmelerine dayanmaz. Uzun ve yo\u011fun s\u00fcren bir \u00e7at\u0131\u015fmadan sonra, bar\u0131\u015f g\u00f6r\u00fc\u015fmelerini yapmak i\u00e7in \u00e7a\u011fr\u0131ld\u0131\u011f\u0131 Erzincan\u2019da 5 Eyl\u00fcl 1937\u2019de tutuklan\u0131r. Elaz\u0131\u011f\u2019a getirilerek yarg\u0131lan\u0131r. Bu yarg\u0131lama sonucunu ve Seyit R\u0131za, dara\u011fac\u0131na giderken bile, \u00f6l\u00fcm\u00fc hi\u00e7e sayan biri oldu\u011funu, idam\u0131 i\u00e7in Ankara\u2019dan g\u00f6nderiler \u0130hsan Sabri \u00c7a\u011flayangil\u2019in an\u0131lar\u0131ndan \u00f6\u011freniyoruz.<\/p>\n<p> Seyid R\u0131za\u2019n\u0131n ailesinin \u00e7o\u011fu 1938 Dersim isyan\u0131nda \u00f6ld\u00fcr\u00fcld\u00fc. Seyid R\u0131za\u2019ya Erzincan Valisi\u2019nden isteklerinin kabul edilece\u011fi haberi ula\u015f\u0131r. \u0130ki arkada\u015f\u0131 ile birlikte Erzincan yoluna d\u00fc\u015fen Seyid R\u0131za F\u0131rat nehri \u00fczerindeki k\u00f6pr\u00fcden ge\u00e7tikten sonra k\u00f6pr\u00fcn\u00fcn kar\u015f\u0131 taraf\u0131nda kurulu olan asker \u00e7ad\u0131r\u0131ndaki askerler taraf\u0131ndan iki arkada\u015f\u0131yla beraber 5 Eyl\u00fcl 1937\u2019de tutuklan\u0131r. Daha sonra beraberinde tutuklanan Riz\u00ea Berti ve Sekina\u2019n\u0131n \u00e7oban\u0131, Seyid R\u0131za\u2019n\u0131n yan\u0131ndaki arkada\u015flar\u0131n\u0131 kurtarmak i\u00e7in onlar\u0131n k\u00f6ylerinin \u00e7obanlar\u0131 oldu\u011funu s\u00f6yler, arkada\u015flar\u0131n\u0131n da ayn\u0131 do\u011frultuda ifade vermeleri y\u00fcz\u00fcnden her ikisi de serbest b\u0131rak\u0131l\u0131rlar. Seyid R\u0131za ve 71 ki\u015fi Elaz\u0131\u011f\u2019da yarg\u0131land\u0131. Mahkeme heyeti 11 ki\u015fi hakk\u0131nda idam karar\u0131 verdi ama \u00e7ok ya\u015fl\u0131 olduklar\u0131 gerek\u00e7esiyle 4\u2032\u00fcn\u00fcn cezas\u0131 30 y\u0131la indirildi.<\/p>\n<p> Seyid R\u0131za, Seyid R\u0131za\u2019n\u0131n o\u011flu Resik H\u00fcseyin, \u015eeyhan a\u015fireti reisi Seyid H\u00fcsen, Yusufan a\u015fireti reisi Kamer\u2019in o\u011flu F\u0131nd\u0131k, Demenan a\u015fireti reisi Cebrail\u2019in o\u011flu Hasan, Kurey\u015fan a\u015firetinden Ulkiye o\u011flu Hasan, Mirza Ali\u2019nin o\u011flu Ali hakk\u0131nda verilen idam kararlar\u0131 15 Kas\u0131m\u2019da apar topar infaz edildi.<\/p>\n<p> Seyid R\u0131za ile isyan\u0131n \u00f6nderi konumundaki 11 ki\u015fi 18 Kas\u0131m 1937\u2019de Elaz\u0131\u011f\u2019\u0131n Bu\u011fday Meydan\u0131\u2019nda as\u0131ld\u0131lar.<\/p>\n<p> Seyid R\u0131za\u2019n\u0131n cesedi sonradan bir ziyaret yeri olmas\u0131n\u0131 \u00f6nlemek i\u00e7in yak\u0131larak, k\u00fclleri de bilinmeyen bir yere g\u00f6m\u00fcld\u00fc. D\u00f6nemin Emniyet M\u00fcd\u00fcr\u00fc olan daha sonra da Adalet Partisi D\u0131\u015fi\u015fleri Bakanl\u0131\u011f\u0131 yapan \u0130hsan Sabri \u00c7a\u011flayangil Seyid R\u0131za\u2019n\u0131n idam\u0131n\u0131 an\u0131lar\u0131nda \u015f\u00f6yle anlatmaktad\u0131r:<\/p>\n<blockquote style=\"text-align: justify;\"><p>Meydan doluymu\u015f\u00e7as\u0131na, bo\u015flu\u011fa \u015f\u00f6yle seslendi: <strong>\u2018Evlad\u0131 Kerbalay\u0131h. B\u0131 hat\u0131yh. Ay\u0131pt\u0131r, zul\u00fcmd\u00fcr, cinayettir\u2019,<\/strong> dedi. Benim t\u00fcylerim diken diken oldu. Bu ya\u015fl\u0131 adam rap-rap y\u00fcr\u00fcd\u00fc. \u00c7ingene\u2019yi itti. \u0130pi boynuna ge\u00e7irdi. Sandalyeye aya\u011f\u0131 ile tekme vurdu, infaz\u0131n\u0131 yapt\u0131.<\/p><\/blockquote>\n<p style=\"text-align: justify;\">(An\u0131lar\u0131m, Syf.51-52)<\/p>\n<p> Fakat baz\u0131 iddialara g\u00f6re Seyid R\u0131za son s\u00f6zlerinde ayr\u0131yeten <em>\u201c75 ya\u015f\u0131nday\u0131m, \u015fehit oluyorum. Dersim ma\u011flup oluyor, kahrolsun zalimler! Kahrolsun kahpe ve yalanc\u0131lar.\u201d<\/em> demi\u015ftir ve \u00c7a\u011flayangil bunu bilin\u00e7li olarak yazmam\u0131\u015ft\u0131r.<\/p>\n<p> \u2026 Aradan aylar ge\u00e7ti, Seyit R\u0131za ve \u00e7evresi yakaland\u0131. Mahkemeleri s\u00fcr\u00fcyor. \u0130\u015fte bu s\u0131rada Atat\u00fcrk Diyarbak\u0131r\u2019daki (Pertek olmas\u0131 gerekir y.n) Murat suyu \u00fczerinde yeni yeni yap\u0131lan Singe\u00e7 K\u00f6pr\u00fcs\u00fc\u2019n\u00fc a\u00e7maya gidecek. Emniyet Genel M\u00fcd\u00fcr\u00fc \u015e\u00fckr\u00fc S\u00f6kmens\u00fcer Bey bana diyor ki; <em>\u201cAtat\u00fcrk, Singe\u00e7 K\u00f6pr\u00fcs\u00fc\u2019n\u00fc a\u00e7maya gidecek. Dersim hareketi bitti. Beyaz donlu alt\u0131 bin do\u011fulu Elaz\u0131\u011f\u2019a dolmu\u015f, Atat\u00fcrk\u2019ten Seyit R\u0131za\u2019n\u0131n hayat\u0131n\u0131 ba\u011f\u0131\u015flamas\u0131n\u0131 isteyecekler. Beyaz donlular\u0131n Atat\u00fcrk\u2019\u00fcn kar\u015f\u0131s\u0131na \u00e7\u0131karmalar\u0131na meydan vermeyelim.\u201d<\/em> 1937 y\u0131l\u0131nda resmi tatil g\u00fcn\u00fc Cumartesi \u00f6\u011fleden sonra. Atat\u00fcrk Pazartesi g\u00fcn\u00fc Elaz\u0131\u011f\u2019a gelecek. Bizden istenenler <em>\u201cas\u0131lacak as\u0131ls\u0131n\u201d<\/em> ve Atat\u00fcrk\u2019\u00fcn kar\u015f\u0131s\u0131na Beyaz Donlular \u00e7\u0131kt\u0131\u011f\u0131 zaman i\u015f i\u015ften ge\u00e7mi\u015f olsun. O d\u00f6nemde Elaz\u0131\u011f Valisi \u015e\u00fckr\u00fc Bey, Savc\u0131 Hatemi Senihi Bey, Emniyet M\u00fcd\u00fcr\u00fc Sezerli \u0130brahim Bey, savc\u0131 yard\u0131mc\u0131s\u0131 arkada\u015f\u0131yd\u0131.<\/p>\n<p> \u015e\u00fckr\u00fc S\u00f6kmens\u00fcer, <em>\u201cSivillerden Emniyet Genel M\u00fcd\u00fcrl\u00fc\u011f\u00fcn\u00fcn siyasi \u015fubesinden istediklerini al. Atat\u00fcrk\u2019\u00fcn istasyondan halkevine kadar korunmas\u0131 da size ait\u201d dedi. Ba\u015fta Macar Mustafa olmak \u00fczere alt\u0131 ki\u015fi al\u0131p yola \u00e7\u0131kt\u0131m. Trenle Elaz\u0131\u011f\u2019a vard\u0131m. Emniyet M\u00fcd\u00fcr\u00fc \u0130brahim Bey\u2019e gittim. Savc\u0131 i\u00e7in, \u201ckural d\u0131\u015f\u0131 bir \u015fey yapmaz, m\u00fcmk\u00fcn de\u011fil.\u201d<\/em> dedi.<\/p>\n<p> Savc\u0131ya gittim. Durumu kendisine anlatt\u0131m. Bu konuda Adalet Bakanl\u0131\u011f\u0131ndan da bir \u015fifre ald\u0131\u011f\u0131n\u0131, ama mahkemelerin Cumartesi tatil oldu\u011funu, tatilde ise sonu\u00e7 alman\u0131n m\u00fcmk\u00fcn olmad\u0131\u011f\u0131n\u0131 bana bildirdi. Ve ekledi:<\/p>\n<p> <em>\u201cBen de mahkemeleri etkileyemem.\u201d<\/em><\/p>\n<p> Oysa biz mahkemenin karar\u0131n\u0131 Atat\u00fcrk gelmeden evvel vermesini ve geldi\u011finde Seyit R\u0131za meselesinin kapanm\u0131\u015f olmas\u0131n\u0131 istiyorduk. Ben bunu halletmek i\u00e7in H\u00fck\u00fcmet taraf\u0131ndan buraya g\u00f6nderilmi\u015ftim.<\/p>\n<p> Savc\u0131 yard\u0131mc\u0131s\u0131 hukuktan s\u0131n\u0131f arkada\u015f\u0131m. Bana, <em>\u201cSen valiye s\u00f6yle bu savc\u0131 rapor als\u0131n gitsin, ben senin istedi\u011fini yapar\u0131m.\u201d<\/em> dedi. Biz mahkemenin tatil g\u00fcn\u00fc i\u015flemesini ve al\u0131nacak sonucun infaz\u0131n\u0131 istiyorduk. Savc\u0131, rapor ald\u0131. Arkada\u015f\u0131m vekil olarak savc\u0131n\u0131n yerine ge\u00e7ti. Mahkeme hakimini evinde buldum. Gitti\u011finde mahkemenin ald\u0131\u011f\u0131 karar\u0131 yazd\u0131r\u0131yordu. Hakimle konu\u015ftuk. Kendisi karar\u0131 daktiloya \u00e7ektirmekle me\u015fguld\u00fc. Devir, CHP devri. Herkes \u00e7ekiniyor.<\/p>\n<p> Hakim bana, \u201c<em> Cumartesi mahkeme toplanmaz, ancak Pazartesi g\u00fcn\u00fc mahkemeyi toplar, karar\u0131 veririz. Sal\u0131 g\u00fcn\u00fc de idam h\u00fck\u00fcmlerini yerine getiririz,\u201d<\/em>dedi.<\/p>\n<p> O zamanlar d\u00f6rd\u00fcnc\u00fc b\u00f6lgede temyiz hakk\u0131 yok.<\/p>\n<p> Abdullah Pa\u015fa, s\u0131k\u0131y\u00f6netim kumandan\u0131 olarak karar\u0131 tasdik edecek. O da, <em>\u201c yukar\u0131daki karar tasdik olunur\u201d<\/em> demi\u015f, basm\u0131\u015f bo\u015f k\u00e2\u011f\u0131da imzas\u0131n\u0131. Yukar\u0131ya \u201c Abdullah Pa\u015fa\u2019n\u0131n idam\u0131\u201d diye yazsan\u0131z kendisi as\u0131lacak. Hakime dedik ki: <em>\u201c Bu dedi\u011finiz g\u00fcn Atat\u00fcrk geliyor. Maksat has\u0131l olmuyor ki.\u201d<\/em> Hakim,<em> \u201cba\u015fkaca bir \u015fey yap\u0131lamaz\u201d<\/em> diyerek kestirdi att\u0131. Ben de kendilerine sordum:<\/p>\n<p> <em>\u201cSizin saat 17:00\u2019den sonra davaya devam etti\u011finiz olmuyor mu?\u201d<\/em><\/p>\n<p> <em>\u201cOoo, \u00e7ok oluyor. G\u00fcn oluyor, dokuzlara onlara kadar \u00e7al\u0131\u015f\u0131yoruz,\u201d<\/em> cevab\u0131n\u0131 verdi.<\/p>\n<p> <em>\u201cEee, sondan be\u015f saat ihlal ediyorsunuz da ba\u015ftan be\u015f saat ihlal etseniz, olmuyor mu? Yani Pazar ak\u015fam\u0131 sahurdan sonra mahkemeyi a\u00e7ar\u0131z. Pazartesi g\u00fcn\u00fc 00.24\u2019ten ba\u015fl\u0131yor,<\/em> dedim. Hakim: <em>Elektrikler kesiliyor,<\/em> dedi. Ona da \u00e7are bulduk. Otomobil farlar\u0131 ile hapishaneyi ayd\u0131nlat\u0131r\u0131z. Halkevi\u2019ne l\u00fcksler koyar\u0131z. Hakim bu defa ; samiin yok, dedi. Ona da \u00e7are bulduk. Samiin de getiririz. Ka\u00e7 ki\u015fi as\u0131lacak? Onu karardan \u00f6nce s\u00f6yleyemem, dedi. Ama ekledi: Savc\u0131 27 ki\u015finin idam\u0131n\u0131 istedi. Biz ona g\u00f6re mi haz\u0131rl\u0131\u011f\u0131m\u0131z\u0131 yapal\u0131m? Bilemem, dedi.<\/p>\n<h3 style=\"text-align: justify;\">Beni asmaya m\u0131 geldin?<\/h3>\n<p style=\"text-align: justify;\"> <img decoding=\"async\" src=\"http:\/\/www.alinteri.org\/img\/seyit003.jpg\" border=\"0\" alt=\"seyit r\u0131za\" \/><\/p>\n<p> Ceza \u0130nfaz Kanunu her as\u0131lan\u0131n ayr\u0131 bir yerde as\u0131lmas\u0131n\u0131, as\u0131lanlar\u0131n birbirini g\u00f6rmemesini emrediyordu. Bu \u015fart\u0131 da yerine getirmeye \u00e7al\u0131\u015ft\u0131k. Her meydana d\u00f6rt sehpa kurduk. Vali bir de \u00e7ingene cellat buldu. Gece 12:00&#8217;de hapishaneye gittik. Farlarla \u00e7evreyi ayd\u0131nlatt\u0131k. Mahkemenin 72 san\u0131\u011f\u0131 var. Sank\u0131lar\u0131 ald\u0131k. Mahkemeye g\u00f6t\u00fcrd\u00fck. \u00c7ingene de geldi. Adam ba\u015f\u0131na on lira istedi. \u201cPeki\u201d dedik. San\u0131klar T\u00fcrk\u00e7e bilmiyor. Mahkeme karar\u0131 a\u00e7\u0131kland\u0131. Yedi ki\u015fi \u00f6l\u00fcm cezas\u0131na \u00e7arp\u0131t\u0131r\u0131lm\u0131\u015f, san\u0131klardan baz\u0131lar\u0131 beraat etmi\u015f, baz\u0131lar\u0131 da \u00e7e\u015fitli hapis cezalar\u0131 alm\u0131\u015ft\u0131. Kararlar okununca hakim ilamda idam laf\u0131n\u0131 kullanmad\u0131\u011f\u0131 ve \u00f6l\u00fcm cezas\u0131na \u00e7arp\u0131t\u0131r\u0131lmaktan bahsetti\u011fi i\u00e7in verilen h\u00fckm\u00fc iyi anlamad\u0131lar. \u201c\u0130dam T\u00fcnne\u201d diye bir vaveyle koptu. Biz Seyit R\u0131za\u2019y\u0131 ald\u0131k. Otomobilde benimle polis M\u00fcd\u00fcr\u00fc \u0130brahim\u2019in aras\u0131na oturdu. Jeep jandarma karakolunun yan\u0131ndaki meydanda durdu. Seyit R\u0131za, sehpalar\u0131 g\u00f6r\u00fcnce durumu anlad\u0131:<\/p>\n<p> <em>-Asacaks\u0131n\u0131z,<\/em> dedi ve bana d\u00f6nd\u00fc:<\/p>\n<p> <em>-Sen Ankara\u2019dan beni asmak i\u00e7in mi geldin?<\/em><\/p>\n<p> Bak\u0131\u015ft\u0131k. \u0130lk kez idam edilecek bir insanla y\u00fczy\u00fcze geliyorum. Bana g\u00fcld\u00fc. Savc\u0131 namaz k\u0131l\u0131p k\u0131lmayaca\u011f\u0131n\u0131 sordu. \u0130stemedi.<\/p>\n<p> Son s\u00f6z\u00fcn\u00fc sorduk.<\/p>\n<p> <em>-K\u0131rk liram ve saatim var. O\u011fluma verirsiniz,<\/em> dedi.<\/p>\n<p> Bu s\u0131rda F\u0131nd\u0131k Haf\u0131z as\u0131l\u0131yordu. Asarken iki kez ip koptu. Ben F\u0131nd\u0131k Haf\u0131z as\u0131l\u0131rken, Seyit R\u0131za g\u00f6rmesin diye pencerenin \u00f6n\u00fcnde durdum. F\u0131nd\u0131k Haf\u0131z\u2019\u0131n idam\u0131 bitti. Seyit R\u0131za\u2019y\u0131 meydana \u00e7\u0131kard\u0131k. Hava so\u011fuktu ve etrafta kimseler yoktu. Ama Seyit R\u0131za, meydan insan doluymu\u015f gibi sesizli\u011fe ve bo\u015flu\u011fa hitap etti:<\/p>\n<p> <em>-Evlad\u0131 Kerbelay\u0131h. Bi hatay\u0131h. Ay\u0131pt\u0131r. Zul\u00fcmd\u00fcr. Cinayettir,<\/em> dedi.<\/p>\n<p> Benim t\u00fcylerim diken diken oldu. Bu ya\u015fl\u0131 adam rap rap y\u00fcr\u00fcd\u00fc. \u00c7ingeneyi itti. \u0130pi boynuna ge\u00e7irdi. Sandalyeye aya\u011f\u0131 ile tekme vurdu, infaz\u0131n\u0131 ger\u00e7ekle\u015ftirdi. O\u011flu ya\u015f\u0131nda bir subay\u0131 \u00f6ld\u00fcrecek kadar kat\u0131 y\u00fcrekli olan bir insan\u0131n bu mukadder akibetine ac\u0131mak zor. Ama ihtiyar\u0131n bu cesaretini takdir etmekten kendimi alamad\u0131m. Asab\u0131m \u00e7ok bozuldu. Emniyet M\u00fcd\u00fcr\u00fcne;<\/p>\n<p> <em>-Ben \u00fc\u015f\u00fcd\u00fcm, otele gidiyorum,<\/em> dedim.\u201d<\/p>\n<p> Seyit R\u0131za ile birlikte \u0130dam Edilen Di\u011fer Direni\u015f\u00e7iler:<\/p>\n<p> 1.Seyit R\u0131za o\u011flu Resik H\u00fcseyin<br \/> 2.\u015eexanl\u0131 A\u015firet Reisi Seyd H\u00fcsen<br \/> 3.Yusufun A\u015firetinin Reisi Kamer\u2019in o\u011flu F\u0131nd\u0131k<br \/> 4.Demanan A\u015firetinin Reisi Cebrail\u2019in o\u011flu Hasan<br \/> 5.Kurey\u015fan A\u015firetinden Ulkiye o\u011flu Hasan<br \/> 6. Mirza Ali\u2019nin o\u011flu Ali<\/p>\n<p> <strong><em>\u201cBen sizin yalan ve hilelerinizle ba\u015f edemedim, bu bana dert oldu. Ama ben de sizin \u00f6n\u00fcn\u00fczde diz \u00e7\u00f6kmedim, bu da size dert olsun.\u201d<\/em><\/strong> (Seyit Riza)<br \/> \u2026.<\/p>\n<h3 style=\"text-align: justify;\">Kaynaklar:<\/h3>\n<p style=\"text-align: justify;\"> \u2022 \u0130hsan Sabri \u00c7a\u011flayangil, An\u0131lar\u0131m<br \/> \u2022 Nuri Dersimi , K\u00fcrdistan Tarihinde Dersim<br \/> \u2022 Nuri Dersimi, Hat\u0131rat\u0131m<br \/> \u2022 Seyid Kekil, Hiris He\u015ft ve Munzur Kan A\u011flarken<br \/> \u2022 38 Katliam\u0131 Tan\u0131klar\u0131n\u0131n an\u0131lar\u0131<\/p>\n<p> Kaynak: <strong>yasanacakdunya<\/strong><\/p>\n","protected":false},"excerpt":{"rendered":"<p>\u201cBen sizin yalan ve hilelerinizle ba\u015f edemedim, bu bana dert oldu. Ama ben de sizin \u00f6n\u00fcn\u00fczde diz \u00e7\u00f6kmedim, bu da size dert olsun!..\u201d Seyit R\u0131za Seyid R\u0131za (1863) Dersim\u2019in Lirtik k\u00f6y\u00fcnde do\u011fdu. Ancak do\u011fum tarihi kesin bilinmiyor. 1937\u2019de idam edildi\u011finde, 75 ya\u015f\u0131ndan k\u00fc\u00e7\u00fck olmad\u0131\u011f\u0131 80\u2019in \u00fczerinde oldu\u011fu s\u00f6ylenir. \u0130lerlemi\u015f ya\u015f\u0131, yasalara g\u00f6re idam\u0131na engeldir. Ya\u015f\u0131 [&hellip;]<\/p>\n","protected":false},"author":1,"featured_media":0,"comment_status":"open","ping_status":"open","sticky":false,"template":"","format":"standard","meta":{"footnotes":""},"categories":[156],"tags":[],"class_list":["post-1583","post","type-post","status-publish","format-standard","category-genel-tarih"],"yoast_head":"<!-- This site is optimized with the Yoast SEO Premium plugin v24.9 (Yoast SEO v24.9) - https:\/\/yoast.com\/wordpress\/plugins\/seo\/ -->\n<title>Yalanlar ve hileler kar\u015f\u0131s\u0131nda diz \u00e7\u00f6kmeyen bir lider | Seyit R\u0131za - narteks.net<\/title>\n<meta name=\"robots\" content=\"index, follow, max-snippet:-1, max-image-preview:large, max-video-preview:-1\" \/>\n<link rel=\"canonical\" href=\"https:\/\/narteks.net\/index.php\/2009\/11\/21\/yalanlar-ve-hileler-karsisinda-diz-cokmeyen-bir-lider-seyit-riza\/\" \/>\n<meta property=\"og:locale\" content=\"tr_TR\" \/>\n<meta property=\"og:type\" content=\"article\" \/>\n<meta property=\"og:title\" content=\"Yalanlar ve hileler kar\u015f\u0131s\u0131nda diz \u00e7\u00f6kmeyen bir lider | Seyit R\u0131za\" \/>\n<meta property=\"og:description\" content=\"\u201cBen sizin yalan ve hilelerinizle ba\u015f edemedim, bu bana dert oldu. Ama ben de sizin \u00f6n\u00fcn\u00fczde diz \u00e7\u00f6kmedim, bu da size dert olsun!..\u201d Seyit R\u0131za Seyid R\u0131za (1863) Dersim\u2019in Lirtik k\u00f6y\u00fcnde do\u011fdu. Ancak do\u011fum tarihi kesin bilinmiyor. 1937\u2019de idam edildi\u011finde, 75 ya\u015f\u0131ndan k\u00fc\u00e7\u00fck olmad\u0131\u011f\u0131 80\u2019in \u00fczerinde oldu\u011fu s\u00f6ylenir. \u0130lerlemi\u015f ya\u015f\u0131, yasalara g\u00f6re idam\u0131na engeldir. Ya\u015f\u0131 [&hellip;]\" \/>\n<meta property=\"og:url\" content=\"https:\/\/narteks.net\/index.php\/2009\/11\/21\/yalanlar-ve-hileler-karsisinda-diz-cokmeyen-bir-lider-seyit-riza\/\" \/>\n<meta property=\"og:site_name\" content=\"narteks.net\" \/>\n<meta property=\"article:published_time\" content=\"2009-11-21T10:02:46+00:00\" \/>\n<meta property=\"og:image\" content=\"http:\/\/www.alinteri.org\/img\/seyitt.jpg\" \/>\n<meta name=\"author\" content=\"Tar\u0131k\" \/>\n<meta name=\"twitter:card\" content=\"summary_large_image\" \/>\n<meta name=\"twitter:creator\" content=\"@narteks\" \/>\n<meta name=\"twitter:site\" content=\"@narteks\" \/>\n<meta name=\"twitter:label1\" content=\"Yazan:\" \/>\n\t<meta name=\"twitter:data1\" content=\"Tar\u0131k\" \/>\n\t<meta name=\"twitter:label2\" content=\"Tahmini okuma s\u00fcresi\" \/>\n\t<meta name=\"twitter:data2\" content=\"15 dakika\" \/>\n<script type=\"application\/ld+json\" class=\"yoast-schema-graph\">{\"@context\":\"https:\/\/schema.org\",\"@graph\":[{\"@type\":\"Article\",\"@id\":\"https:\/\/narteks.net\/index.php\/2009\/11\/21\/yalanlar-ve-hileler-karsisinda-diz-cokmeyen-bir-lider-seyit-riza\/#article\",\"isPartOf\":{\"@id\":\"https:\/\/narteks.net\/index.php\/2009\/11\/21\/yalanlar-ve-hileler-karsisinda-diz-cokmeyen-bir-lider-seyit-riza\/\"},\"author\":{\"name\":\"Tar\u0131k\",\"@id\":\"https:\/\/narteks.net\/#\/schema\/person\/61f37d9834294b72d31d274e7ed79bca\"},\"headline\":\"Yalanlar ve hileler kar\u015f\u0131s\u0131nda diz \u00e7\u00f6kmeyen bir lider | Seyit R\u0131za\",\"datePublished\":\"2009-11-21T10:02:46+00:00\",\"mainEntityOfPage\":{\"@id\":\"https:\/\/narteks.net\/index.php\/2009\/11\/21\/yalanlar-ve-hileler-karsisinda-diz-cokmeyen-bir-lider-seyit-riza\/\"},\"wordCount\":2987,\"commentCount\":0,\"publisher\":{\"@id\":\"https:\/\/narteks.net\/#organization\"},\"image\":{\"@id\":\"https:\/\/narteks.net\/index.php\/2009\/11\/21\/yalanlar-ve-hileler-karsisinda-diz-cokmeyen-bir-lider-seyit-riza\/#primaryimage\"},\"thumbnailUrl\":\"http:\/\/www.alinteri.org\/img\/seyitt.jpg\",\"articleSection\":[\"Genel Tarih\"],\"inLanguage\":\"tr\",\"potentialAction\":[{\"@type\":\"CommentAction\",\"name\":\"Comment\",\"target\":[\"https:\/\/narteks.net\/index.php\/2009\/11\/21\/yalanlar-ve-hileler-karsisinda-diz-cokmeyen-bir-lider-seyit-riza\/#respond\"]}]},{\"@type\":\"WebPage\",\"@id\":\"https:\/\/narteks.net\/index.php\/2009\/11\/21\/yalanlar-ve-hileler-karsisinda-diz-cokmeyen-bir-lider-seyit-riza\/\",\"url\":\"https:\/\/narteks.net\/index.php\/2009\/11\/21\/yalanlar-ve-hileler-karsisinda-diz-cokmeyen-bir-lider-seyit-riza\/\",\"name\":\"Yalanlar ve hileler kar\u015f\u0131s\u0131nda diz \u00e7\u00f6kmeyen bir lider | Seyit R\u0131za - narteks.net\",\"isPartOf\":{\"@id\":\"https:\/\/narteks.net\/#website\"},\"primaryImageOfPage\":{\"@id\":\"https:\/\/narteks.net\/index.php\/2009\/11\/21\/yalanlar-ve-hileler-karsisinda-diz-cokmeyen-bir-lider-seyit-riza\/#primaryimage\"},\"image\":{\"@id\":\"https:\/\/narteks.net\/index.php\/2009\/11\/21\/yalanlar-ve-hileler-karsisinda-diz-cokmeyen-bir-lider-seyit-riza\/#primaryimage\"},\"thumbnailUrl\":\"http:\/\/www.alinteri.org\/img\/seyitt.jpg\",\"datePublished\":\"2009-11-21T10:02:46+00:00\",\"breadcrumb\":{\"@id\":\"https:\/\/narteks.net\/index.php\/2009\/11\/21\/yalanlar-ve-hileler-karsisinda-diz-cokmeyen-bir-lider-seyit-riza\/#breadcrumb\"},\"inLanguage\":\"tr\",\"potentialAction\":[{\"@type\":\"ReadAction\",\"target\":[\"https:\/\/narteks.net\/index.php\/2009\/11\/21\/yalanlar-ve-hileler-karsisinda-diz-cokmeyen-bir-lider-seyit-riza\/\"]}]},{\"@type\":\"ImageObject\",\"inLanguage\":\"tr\",\"@id\":\"https:\/\/narteks.net\/index.php\/2009\/11\/21\/yalanlar-ve-hileler-karsisinda-diz-cokmeyen-bir-lider-seyit-riza\/#primaryimage\",\"url\":\"http:\/\/www.alinteri.org\/img\/seyitt.jpg\",\"contentUrl\":\"http:\/\/www.alinteri.org\/img\/seyitt.jpg\"},{\"@type\":\"BreadcrumbList\",\"@id\":\"https:\/\/narteks.net\/index.php\/2009\/11\/21\/yalanlar-ve-hileler-karsisinda-diz-cokmeyen-bir-lider-seyit-riza\/#breadcrumb\",\"itemListElement\":[{\"@type\":\"ListItem\",\"position\":1,\"name\":\"Anasayfa\",\"item\":\"https:\/\/narteks.net\/\"},{\"@type\":\"ListItem\",\"position\":2,\"name\":\"Yalanlar ve hileler kar\u015f\u0131s\u0131nda diz \u00e7\u00f6kmeyen bir lider | Seyit R\u0131za\"}]},{\"@type\":\"WebSite\",\"@id\":\"https:\/\/narteks.net\/#website\",\"url\":\"https:\/\/narteks.net\/\",\"name\":\"narteks.net\",\"description\":\"K\u00fclt\u00fcr Sanat Edebiyat Felsefe\",\"publisher\":{\"@id\":\"https:\/\/narteks.net\/#organization\"},\"alternateName\":\"K\u00fclt\u00fcr Sanat Edebiyat Felsefe\",\"potentialAction\":[{\"@type\":\"SearchAction\",\"target\":{\"@type\":\"EntryPoint\",\"urlTemplate\":\"https:\/\/narteks.net\/?s={search_term_string}\"},\"query-input\":{\"@type\":\"PropertyValueSpecification\",\"valueRequired\":true,\"valueName\":\"search_term_string\"}}],\"inLanguage\":\"tr\"},{\"@type\":\"Organization\",\"@id\":\"https:\/\/narteks.net\/#organization\",\"name\":\"narteks.net\",\"url\":\"https:\/\/narteks.net\/\",\"logo\":{\"@type\":\"ImageObject\",\"inLanguage\":\"tr\",\"@id\":\"https:\/\/narteks.net\/#\/schema\/logo\/image\/\",\"url\":\"https:\/\/narteks.net\/wp-content\/uploads\/narteks.png\",\"contentUrl\":\"https:\/\/narteks.net\/wp-content\/uploads\/narteks.png\",\"width\":300,\"height\":90,\"caption\":\"narteks.net\"},\"image\":{\"@id\":\"https:\/\/narteks.net\/#\/schema\/logo\/image\/\"},\"sameAs\":[\"https:\/\/x.com\/narteks\",\"https:\/\/instagram.com\/narteksnet\"]},{\"@type\":\"Person\",\"@id\":\"https:\/\/narteks.net\/#\/schema\/person\/61f37d9834294b72d31d274e7ed79bca\",\"name\":\"Tar\u0131k\",\"image\":{\"@type\":\"ImageObject\",\"inLanguage\":\"tr\",\"@id\":\"https:\/\/narteks.net\/#\/schema\/person\/image\/\",\"url\":\"https:\/\/secure.gravatar.com\/avatar\/50865afb55632c4ae467e0af0930f6510aa2297d8014be502a55b14f3b7550cf?s=96&d=mm&r=g\",\"contentUrl\":\"https:\/\/secure.gravatar.com\/avatar\/50865afb55632c4ae467e0af0930f6510aa2297d8014be502a55b14f3b7550cf?s=96&d=mm&r=g\",\"caption\":\"Tar\u0131k\"},\"sameAs\":[\"http:\/\/narteks.net\"],\"url\":\"https:\/\/narteks.net\/index.php\/author\/narbak\/\"}]}<\/script>\n<!-- \/ Yoast SEO Premium plugin. -->","yoast_head_json":{"title":"Yalanlar ve hileler kar\u015f\u0131s\u0131nda diz \u00e7\u00f6kmeyen bir lider | Seyit R\u0131za - narteks.net","robots":{"index":"index","follow":"follow","max-snippet":"max-snippet:-1","max-image-preview":"max-image-preview:large","max-video-preview":"max-video-preview:-1"},"canonical":"https:\/\/narteks.net\/index.php\/2009\/11\/21\/yalanlar-ve-hileler-karsisinda-diz-cokmeyen-bir-lider-seyit-riza\/","og_locale":"tr_TR","og_type":"article","og_title":"Yalanlar ve hileler kar\u015f\u0131s\u0131nda diz \u00e7\u00f6kmeyen bir lider | Seyit R\u0131za","og_description":"\u201cBen sizin yalan ve hilelerinizle ba\u015f edemedim, bu bana dert oldu. Ama ben de sizin \u00f6n\u00fcn\u00fczde diz \u00e7\u00f6kmedim, bu da size dert olsun!..\u201d Seyit R\u0131za Seyid R\u0131za (1863) Dersim\u2019in Lirtik k\u00f6y\u00fcnde do\u011fdu. Ancak do\u011fum tarihi kesin bilinmiyor. 1937\u2019de idam edildi\u011finde, 75 ya\u015f\u0131ndan k\u00fc\u00e7\u00fck olmad\u0131\u011f\u0131 80\u2019in \u00fczerinde oldu\u011fu s\u00f6ylenir. \u0130lerlemi\u015f ya\u015f\u0131, yasalara g\u00f6re idam\u0131na engeldir. Ya\u015f\u0131 [&hellip;]","og_url":"https:\/\/narteks.net\/index.php\/2009\/11\/21\/yalanlar-ve-hileler-karsisinda-diz-cokmeyen-bir-lider-seyit-riza\/","og_site_name":"narteks.net","article_published_time":"2009-11-21T10:02:46+00:00","og_image":[{"url":"http:\/\/www.alinteri.org\/img\/seyitt.jpg","type":"","width":"","height":""}],"author":"Tar\u0131k","twitter_card":"summary_large_image","twitter_creator":"@narteks","twitter_site":"@narteks","twitter_misc":{"Yazan:":"Tar\u0131k","Tahmini okuma s\u00fcresi":"15 dakika"},"schema":{"@context":"https:\/\/schema.org","@graph":[{"@type":"Article","@id":"https:\/\/narteks.net\/index.php\/2009\/11\/21\/yalanlar-ve-hileler-karsisinda-diz-cokmeyen-bir-lider-seyit-riza\/#article","isPartOf":{"@id":"https:\/\/narteks.net\/index.php\/2009\/11\/21\/yalanlar-ve-hileler-karsisinda-diz-cokmeyen-bir-lider-seyit-riza\/"},"author":{"name":"Tar\u0131k","@id":"https:\/\/narteks.net\/#\/schema\/person\/61f37d9834294b72d31d274e7ed79bca"},"headline":"Yalanlar ve hileler kar\u015f\u0131s\u0131nda diz \u00e7\u00f6kmeyen bir lider | Seyit R\u0131za","datePublished":"2009-11-21T10:02:46+00:00","mainEntityOfPage":{"@id":"https:\/\/narteks.net\/index.php\/2009\/11\/21\/yalanlar-ve-hileler-karsisinda-diz-cokmeyen-bir-lider-seyit-riza\/"},"wordCount":2987,"commentCount":0,"publisher":{"@id":"https:\/\/narteks.net\/#organization"},"image":{"@id":"https:\/\/narteks.net\/index.php\/2009\/11\/21\/yalanlar-ve-hileler-karsisinda-diz-cokmeyen-bir-lider-seyit-riza\/#primaryimage"},"thumbnailUrl":"http:\/\/www.alinteri.org\/img\/seyitt.jpg","articleSection":["Genel Tarih"],"inLanguage":"tr","potentialAction":[{"@type":"CommentAction","name":"Comment","target":["https:\/\/narteks.net\/index.php\/2009\/11\/21\/yalanlar-ve-hileler-karsisinda-diz-cokmeyen-bir-lider-seyit-riza\/#respond"]}]},{"@type":"WebPage","@id":"https:\/\/narteks.net\/index.php\/2009\/11\/21\/yalanlar-ve-hileler-karsisinda-diz-cokmeyen-bir-lider-seyit-riza\/","url":"https:\/\/narteks.net\/index.php\/2009\/11\/21\/yalanlar-ve-hileler-karsisinda-diz-cokmeyen-bir-lider-seyit-riza\/","name":"Yalanlar ve hileler kar\u015f\u0131s\u0131nda diz \u00e7\u00f6kmeyen bir lider | Seyit R\u0131za - narteks.net","isPartOf":{"@id":"https:\/\/narteks.net\/#website"},"primaryImageOfPage":{"@id":"https:\/\/narteks.net\/index.php\/2009\/11\/21\/yalanlar-ve-hileler-karsisinda-diz-cokmeyen-bir-lider-seyit-riza\/#primaryimage"},"image":{"@id":"https:\/\/narteks.net\/index.php\/2009\/11\/21\/yalanlar-ve-hileler-karsisinda-diz-cokmeyen-bir-lider-seyit-riza\/#primaryimage"},"thumbnailUrl":"http:\/\/www.alinteri.org\/img\/seyitt.jpg","datePublished":"2009-11-21T10:02:46+00:00","breadcrumb":{"@id":"https:\/\/narteks.net\/index.php\/2009\/11\/21\/yalanlar-ve-hileler-karsisinda-diz-cokmeyen-bir-lider-seyit-riza\/#breadcrumb"},"inLanguage":"tr","potentialAction":[{"@type":"ReadAction","target":["https:\/\/narteks.net\/index.php\/2009\/11\/21\/yalanlar-ve-hileler-karsisinda-diz-cokmeyen-bir-lider-seyit-riza\/"]}]},{"@type":"ImageObject","inLanguage":"tr","@id":"https:\/\/narteks.net\/index.php\/2009\/11\/21\/yalanlar-ve-hileler-karsisinda-diz-cokmeyen-bir-lider-seyit-riza\/#primaryimage","url":"http:\/\/www.alinteri.org\/img\/seyitt.jpg","contentUrl":"http:\/\/www.alinteri.org\/img\/seyitt.jpg"},{"@type":"BreadcrumbList","@id":"https:\/\/narteks.net\/index.php\/2009\/11\/21\/yalanlar-ve-hileler-karsisinda-diz-cokmeyen-bir-lider-seyit-riza\/#breadcrumb","itemListElement":[{"@type":"ListItem","position":1,"name":"Anasayfa","item":"https:\/\/narteks.net\/"},{"@type":"ListItem","position":2,"name":"Yalanlar ve hileler kar\u015f\u0131s\u0131nda diz \u00e7\u00f6kmeyen bir lider | Seyit R\u0131za"}]},{"@type":"WebSite","@id":"https:\/\/narteks.net\/#website","url":"https:\/\/narteks.net\/","name":"narteks.net","description":"K\u00fclt\u00fcr Sanat Edebiyat Felsefe","publisher":{"@id":"https:\/\/narteks.net\/#organization"},"alternateName":"K\u00fclt\u00fcr Sanat Edebiyat Felsefe","potentialAction":[{"@type":"SearchAction","target":{"@type":"EntryPoint","urlTemplate":"https:\/\/narteks.net\/?s={search_term_string}"},"query-input":{"@type":"PropertyValueSpecification","valueRequired":true,"valueName":"search_term_string"}}],"inLanguage":"tr"},{"@type":"Organization","@id":"https:\/\/narteks.net\/#organization","name":"narteks.net","url":"https:\/\/narteks.net\/","logo":{"@type":"ImageObject","inLanguage":"tr","@id":"https:\/\/narteks.net\/#\/schema\/logo\/image\/","url":"https:\/\/narteks.net\/wp-content\/uploads\/narteks.png","contentUrl":"https:\/\/narteks.net\/wp-content\/uploads\/narteks.png","width":300,"height":90,"caption":"narteks.net"},"image":{"@id":"https:\/\/narteks.net\/#\/schema\/logo\/image\/"},"sameAs":["https:\/\/x.com\/narteks","https:\/\/instagram.com\/narteksnet"]},{"@type":"Person","@id":"https:\/\/narteks.net\/#\/schema\/person\/61f37d9834294b72d31d274e7ed79bca","name":"Tar\u0131k","image":{"@type":"ImageObject","inLanguage":"tr","@id":"https:\/\/narteks.net\/#\/schema\/person\/image\/","url":"https:\/\/secure.gravatar.com\/avatar\/50865afb55632c4ae467e0af0930f6510aa2297d8014be502a55b14f3b7550cf?s=96&d=mm&r=g","contentUrl":"https:\/\/secure.gravatar.com\/avatar\/50865afb55632c4ae467e0af0930f6510aa2297d8014be502a55b14f3b7550cf?s=96&d=mm&r=g","caption":"Tar\u0131k"},"sameAs":["http:\/\/narteks.net"],"url":"https:\/\/narteks.net\/index.php\/author\/narbak\/"}]}},"_links":{"self":[{"href":"https:\/\/narteks.net\/index.php\/wp-json\/wp\/v2\/posts\/1583","targetHints":{"allow":["GET"]}}],"collection":[{"href":"https:\/\/narteks.net\/index.php\/wp-json\/wp\/v2\/posts"}],"about":[{"href":"https:\/\/narteks.net\/index.php\/wp-json\/wp\/v2\/types\/post"}],"author":[{"embeddable":true,"href":"https:\/\/narteks.net\/index.php\/wp-json\/wp\/v2\/users\/1"}],"replies":[{"embeddable":true,"href":"https:\/\/narteks.net\/index.php\/wp-json\/wp\/v2\/comments?post=1583"}],"version-history":[{"count":0,"href":"https:\/\/narteks.net\/index.php\/wp-json\/wp\/v2\/posts\/1583\/revisions"}],"wp:attachment":[{"href":"https:\/\/narteks.net\/index.php\/wp-json\/wp\/v2\/media?parent=1583"}],"wp:term":[{"taxonomy":"category","embeddable":true,"href":"https:\/\/narteks.net\/index.php\/wp-json\/wp\/v2\/categories?post=1583"},{"taxonomy":"post_tag","embeddable":true,"href":"https:\/\/narteks.net\/index.php\/wp-json\/wp\/v2\/tags?post=1583"}],"curies":[{"name":"wp","href":"https:\/\/api.w.org\/{rel}","templated":true}]}}