{"id":1586,"date":"2009-11-23T00:51:17","date_gmt":"2009-11-22T21:51:17","guid":{"rendered":"http:\/\/localhost\/wordpress\/2009\/11\/23\/detone\/"},"modified":"2009-11-23T00:51:17","modified_gmt":"2009-11-22T21:51:17","slug":"detone","status":"publish","type":"post","link":"https:\/\/narteks.net\/index.php\/2009\/11\/23\/detone\/","title":{"rendered":"DETONE"},"content":{"rendered":"<p>Demokrasi \u00fclkesinde bir s\u00fcredir hararetli bir tart\u0131\u015fma \u00fclkenin t\u00fcm g\u00fcndemini olu\u015fturmaya ba\u015flam\u0131\u015ft\u0131. Yediden yetmi\u015fe, dedesinden tornuna her insan evlad\u0131 akl\u0131n\u0131n yetti\u011fince bu mesele \u00fcst\u00fcne d\u00fc\u015f\u00fcn\u00fcp, \u00e7ene \u00e7al\u0131yordu. Tart\u0131\u015fmalar\u0131n kimisi uzla\u015fmayla kimisi uzla\u015fmaya var\u0131lmadan el s\u0131k\u0131\u015f\u0131larak bitiyordu. Demokrasinin t\u00fcm g\u00fczelli\u011fi kendini b\u00f6yle ortamlarda g\u00f6steriyordu.<\/p>\n<p style=\"text-align: justify;\">\u00dclkenin diline d\u00fc\u015fen bu konu su\u00e7lular\u0131n idam\u0131nda uygulanan y\u00f6ntemle ilgiliydi. Su\u00e7 i\u015fleyenlerin \u00e7o\u011funlu\u011fu toplumsal huzurun s\u00fcrd\u00fcr\u00fclebilmesi, demokratik i\u015fleyi\u015fte problem \u00e7\u0131kmamas\u0131 i\u00e7in hemen su\u00e7lunun kafas\u0131 bedeninden testere kullan\u0131larak\u00a0 bir g\u00fczel s\u0131yr\u0131l\u0131p i\u015fi bitiriliyordu.<\/p>\n<p style=\"text-align: justify;\">Temiz demokrasi bu yolla garantiye al\u0131n\u0131yordu. Hal b\u00f6yleyken \u00fclkenin en b\u00fcy\u00fck insan haklar\u0131 savunma \u00f6rg\u00fct\u00fc bu idam mefhumunda testere yerine b\u0131\u00e7ak kullan\u0131lmas\u0131n\u0131n insanl\u0131k onuru ve vicdan\u0131 i\u00e7in daha do\u011fru olaca\u011f\u0131na ili\u015fkin fikirlerini beyan ettiler. Savunular\u0131na g\u00f6re testere b\u0131\u00e7a\u011fa oranla daha fazla can ac\u0131t\u0131c\u0131 ve i\u00e7 g\u0131c\u0131klay\u0131c\u0131yd\u0131.\u00a0 Bu tart\u0131\u015fmada di\u011fer taraf\u0131 olu\u015fturan adaletin terazisini elinde bulunduranlar testerenin her i\u015f \u00f6ncesi muhakkak bilendi\u011fini, b\u0131\u00e7akla ancak koyun kurban edilece\u011fini bu i\u015f i\u00e7in kullan\u0131l\u0131rsa dinen g\u00fcnah olaca\u011f\u0131n\u0131 ve Allah\u0131n g\u00fcc\u00fcne gidece\u011fini iddia ediyorlard\u0131.<\/p>\n<p style=\"text-align: justify;\">Testere bizim geleneksel aletimiz, hem m\u00fcmk\u00fcn oldu\u011funca h\u0131zl\u0131 hallediyorlar i\u015flerini sevgili cellatlar\u0131m\u0131z. Yani esas alete de\u011fil onu kullanan\u0131n yetkinli\u011fine bakmal\u0131y\u0131z. Benim ve uzmanlar\u0131n ortak g\u00f6r\u00fc\u015f\u00fc odur ki hepsi ma\u015fallah ald\u0131klar\u0131 paray\u0131 ki par\u00e7a ba\u015f\u0131 \u00fccret \u00f6d\u00fcyoruz, e\u011fer i\u015flerini iyi yapmazlarsa s\u00f6zle\u015fme gere\u011fi i\u015flerine son veririz. Ama ne yalan s\u00f6yleyeyim, ellerini ustal\u0131kla kullan\u0131yorlar. Alet sanki tereya\u011f\u0131nda kay\u0131yor.\u00a0\u00a0 Su\u00e7lular\u0131n cezalar\u0131n\u0131 gayet konforlu \u00e7ektiklerini d\u00fc\u015f\u00fcn\u00fcyorum. Bu y\u00fczden say\u0131n insan haklar\u0131 s\u00f6zc\u00fclerinin ortaya att\u0131klar\u0131 savlar\u0131n tamamen provokasyon oldu\u011fu kanaatindeyim<\/p>\n<p>&#8211;\u00a0\u00a0\u00a0\u00a0\u00a0\u00a0\u00a0\u00a0 Teess\u00fcf ederim say\u0131n bakan\u0131m biz bug\u00fcne de\u011fin ihmal edilen bu vahim problemin \u00fcst\u00fcne dikkatleri \u00e7ekmek istedik. E\u011fer ki ceza merkezi yak\u0131nlar\u0131nda oturan ve \u00e7\u0131\u011fl\u0131klardan \u015fik\u00e2yet\u00e7i olan bir sevgili \u00fcyemiz bu durumu bize bildirmi\u015f olmasayd\u0131, i\u015f aynen d\u00fcn s\u00fcrd\u00fc\u011f\u00fc gibi devam edecekti. Bak\u0131n\u0131z biz yaln\u0131zca su\u00e7lunun ac\u0131s\u0131n\u0131n azalt\u0131lmas\u0131 de\u011fil bu olayla ilgisi olmayan su\u00e7suz g\u00fcnahs\u0131z de\u011ferli vatanda\u015flar\u0131m\u0131z\u0131n rahats\u0131zl\u0131\u011f\u0131n\u0131n da ortadan kald\u0131r\u0131lmas\u0131n\u0131 arzu ediyoruz. \u00c7\u0131\u011fl\u0131klar y\u00fcz\u00fcnden ka\u00e7 g\u00fcn do\u011fru d\u00fczg\u00fcn uyuyamad\u0131\u011f\u0131n\u0131, sinirlerinin alt\u00fcst oldu\u011funu isterseniz kendisi size ifade edebilir. Buyurun say\u0131n \u00fcyem, vatanda\u015f\u0131m.<\/p>\n<p>&#8211;\u00a0\u00a0\u00a0\u00a0\u00a0\u00a0\u00a0\u00a0 \u00c7ok sinir bozucu. Bir m\u00fczisyen kula\u011f\u0131na sahip olan benim, b\u00f6yle irkiltici, itici, expresyonist, detone sesleri duymam\u0131n ne kadar asap bozucu olabilece\u011fini herhalde tahmin edersiniz. Daha fazla konu\u015fmak istemiyorum.<\/p>\n<p>&#8211;\u00a0\u00a0\u00a0\u00a0\u00a0\u00a0\u00a0\u00a0 Tamam pek sevgili \u00fcye yurtta\u015f\u0131m\u0131z, siz can\u0131n\u0131z\u0131 s\u0131kmay\u0131n. Nerde kalm\u0131\u015ft\u0131m ( eee) evet, daha ac\u0131s\u0131z ve sessiz bir y\u00f6ntemin aray\u0131\u015f\u0131na girip yo\u011fun bilimsel ara\u015ft\u0131rmalar yapt\u0131k ve \u015fu elimde g\u00f6rm\u00fc\u015f oldu\u011funuz lazerle \u00f6zel olarak keskinle\u015ftirilmi\u015f titanyum ala\u015f\u0131ml\u0131, paslanmaz b\u0131\u00e7a\u011f\u0131n bu i\u015fte m\u00fckemmel sonu\u00e7 verece\u011fi sonucuna vard\u0131k. \u00dcstelik \u00e7ok da ucuza ithal edebilece\u011fiz.<\/p>\n<p>&#8211;\u00a0\u00a0\u00a0\u00a0\u00a0\u00a0\u00a0\u00a0 Neden b\u00f6yle bir yarg\u0131ya vard\u0131n\u0131z. Kan\u0131t\u0131n\u0131z bile yoktur sizin. \u0130\u015fkembeden at\u0131yorsunuz yine.<\/p>\n<p> &#8211;\u00a0\u00a0\u00a0\u00a0\u00a0\u00a0\u00a0\u00a0 Bunu hemen ispat edebiliriz.<\/p>\n<p> &#8211;\u00a0\u00a0\u00a0\u00a0\u00a0\u00a0\u00a0\u00a0 Evet bekliyorum l\u00fctfen.<\/p>\n<p>&#8211;\u00a0\u00a0\u00a0\u00a0\u00a0\u00a0\u00a0\u00a0 Bize iki su\u00e7lu getirin l\u00fctfen. Bir \u00e7iftte sevgili \u00fcyemiz i\u00e7in kulak t\u0131kac\u0131. Su\u00e7lulardan birisini sizin y\u00f6nteminizle, di\u011ferini de bu b\u0131\u00e7akla halledelim. Yan\u0131m\u0131zda getirdi\u011fimiz ses \u00f6l\u00e7\u00fcm cihaz\u0131yla da \u00e7\u0131kan sesin ne kadar oldu\u011funa bak\u0131p kar\u015f\u0131la\u015ft\u0131raca\u011f\u0131z.<\/p>\n<p>&#8211;\u00a0\u00a0\u00a0\u00a0\u00a0\u00a0\u00a0\u00a0 Evet bu \u00e7ok mant\u0131kl\u0131. (..) getirin bakay\u0131m iki su\u00e7lu. Peki biz kazan\u0131rsak, bizim su\u00e7lumuz daha az ba\u011f\u0131r\u0131rsa ne olacak.<\/p>\n<p> &#8211;\u00a0\u00a0\u00a0\u00a0\u00a0\u00a0\u00a0\u00a0 Siz kazan\u0131rsan\u0131z sav\u0131m\u0131z\u0131 geri \u00e7ekece\u011fiz.<\/p>\n<p> &#8211;\u00a0\u00a0\u00a0\u00a0\u00a0\u00a0\u00a0\u00a0 Ee anla\u015ft\u0131k o zaman.<\/p>\n","protected":false},"excerpt":{"rendered":"<p>Demokrasi \u00fclkesinde bir s\u00fcredir hararetli bir tart\u0131\u015fma \u00fclkenin t\u00fcm g\u00fcndemini olu\u015fturmaya ba\u015flam\u0131\u015ft\u0131. Yediden yetmi\u015fe, dedesinden tornuna her insan evlad\u0131 akl\u0131n\u0131n yetti\u011fince bu mesele \u00fcst\u00fcne d\u00fc\u015f\u00fcn\u00fcp, \u00e7ene \u00e7al\u0131yordu. Tart\u0131\u015fmalar\u0131n kimisi uzla\u015fmayla kimisi uzla\u015fmaya var\u0131lmadan el s\u0131k\u0131\u015f\u0131larak bitiyordu. Demokrasinin t\u00fcm g\u00fczelli\u011fi kendini b\u00f6yle ortamlarda g\u00f6steriyordu. \u00dclkenin diline d\u00fc\u015fen bu konu su\u00e7lular\u0131n idam\u0131nda uygulanan y\u00f6ntemle ilgiliydi. Su\u00e7 i\u015fleyenlerin [&hellip;]<\/p>\n","protected":false},"author":1,"featured_media":0,"comment_status":"open","ping_status":"open","sticky":false,"template":"","format":"standard","meta":{"footnotes":""},"categories":[140],"tags":[],"class_list":{"0":"post-1586","1":"post","2":"type-post","3":"status-publish","4":"format-standard","6":"category-erkan-kucuk-makale"},"yoast_head":"<!-- This site is optimized with the Yoast SEO Premium plugin v24.9 (Yoast SEO v24.9) - https:\/\/yoast.com\/wordpress\/plugins\/seo\/ -->\n<title>DETONE - narteks.net<\/title>\n<meta name=\"robots\" content=\"index, follow, max-snippet:-1, max-image-preview:large, max-video-preview:-1\" \/>\n<link rel=\"canonical\" href=\"https:\/\/narteks.net\/index.php\/2009\/11\/23\/detone\/\" \/>\n<meta property=\"og:locale\" content=\"tr_TR\" \/>\n<meta property=\"og:type\" content=\"article\" \/>\n<meta property=\"og:title\" content=\"DETONE\" \/>\n<meta property=\"og:description\" content=\"Demokrasi \u00fclkesinde bir s\u00fcredir hararetli bir tart\u0131\u015fma \u00fclkenin t\u00fcm g\u00fcndemini olu\u015fturmaya ba\u015flam\u0131\u015ft\u0131. Yediden yetmi\u015fe, dedesinden tornuna her insan evlad\u0131 akl\u0131n\u0131n yetti\u011fince bu mesele \u00fcst\u00fcne d\u00fc\u015f\u00fcn\u00fcp, \u00e7ene \u00e7al\u0131yordu. Tart\u0131\u015fmalar\u0131n kimisi uzla\u015fmayla kimisi uzla\u015fmaya var\u0131lmadan el s\u0131k\u0131\u015f\u0131larak bitiyordu. Demokrasinin t\u00fcm g\u00fczelli\u011fi kendini b\u00f6yle ortamlarda g\u00f6steriyordu. \u00dclkenin diline d\u00fc\u015fen bu konu su\u00e7lular\u0131n idam\u0131nda uygulanan y\u00f6ntemle ilgiliydi. Su\u00e7 i\u015fleyenlerin [&hellip;]\" \/>\n<meta property=\"og:url\" content=\"https:\/\/narteks.net\/index.php\/2009\/11\/23\/detone\/\" \/>\n<meta property=\"og:site_name\" content=\"narteks.net\" \/>\n<meta property=\"article:published_time\" content=\"2009-11-22T21:51:17+00:00\" \/>\n<meta property=\"og:image\" content=\"https:\/\/narteks.net\/wp-content\/uploads\/narteks.png\" \/>\n\t<meta property=\"og:image:width\" content=\"300\" \/>\n\t<meta property=\"og:image:height\" content=\"90\" \/>\n\t<meta property=\"og:image:type\" content=\"image\/png\" \/>\n<meta name=\"author\" content=\"Tar\u0131k\" \/>\n<meta name=\"twitter:card\" content=\"summary_large_image\" \/>\n<meta name=\"twitter:creator\" content=\"@narteks\" \/>\n<meta name=\"twitter:site\" content=\"@narteks\" \/>\n<meta name=\"twitter:label1\" content=\"Yazan:\" \/>\n\t<meta name=\"twitter:data1\" content=\"Tar\u0131k\" \/>\n\t<meta name=\"twitter:label2\" content=\"Tahmini okuma s\u00fcresi\" \/>\n\t<meta name=\"twitter:data2\" content=\"4 dakika\" \/>\n<script type=\"application\/ld+json\" class=\"yoast-schema-graph\">{\"@context\":\"https:\/\/schema.org\",\"@graph\":[{\"@type\":\"Article\",\"@id\":\"https:\/\/narteks.net\/index.php\/2009\/11\/23\/detone\/#article\",\"isPartOf\":{\"@id\":\"https:\/\/narteks.net\/index.php\/2009\/11\/23\/detone\/\"},\"author\":{\"name\":\"Tar\u0131k\",\"@id\":\"https:\/\/narteks.net\/#\/schema\/person\/61f37d9834294b72d31d274e7ed79bca\"},\"headline\":\"DETONE\",\"datePublished\":\"2009-11-22T21:51:17+00:00\",\"mainEntityOfPage\":{\"@id\":\"https:\/\/narteks.net\/index.php\/2009\/11\/23\/detone\/\"},\"wordCount\":732,\"commentCount\":0,\"publisher\":{\"@id\":\"https:\/\/narteks.net\/#organization\"},\"articleSection\":[\"Erkan K\u00fc\u00e7\u00fck (Makale)\"],\"inLanguage\":\"tr\",\"potentialAction\":[{\"@type\":\"CommentAction\",\"name\":\"Comment\",\"target\":[\"https:\/\/narteks.net\/index.php\/2009\/11\/23\/detone\/#respond\"]}]},{\"@type\":\"WebPage\",\"@id\":\"https:\/\/narteks.net\/index.php\/2009\/11\/23\/detone\/\",\"url\":\"https:\/\/narteks.net\/index.php\/2009\/11\/23\/detone\/\",\"name\":\"DETONE - narteks.net\",\"isPartOf\":{\"@id\":\"https:\/\/narteks.net\/#website\"},\"datePublished\":\"2009-11-22T21:51:17+00:00\",\"breadcrumb\":{\"@id\":\"https:\/\/narteks.net\/index.php\/2009\/11\/23\/detone\/#breadcrumb\"},\"inLanguage\":\"tr\",\"potentialAction\":[{\"@type\":\"ReadAction\",\"target\":[\"https:\/\/narteks.net\/index.php\/2009\/11\/23\/detone\/\"]}]},{\"@type\":\"BreadcrumbList\",\"@id\":\"https:\/\/narteks.net\/index.php\/2009\/11\/23\/detone\/#breadcrumb\",\"itemListElement\":[{\"@type\":\"ListItem\",\"position\":1,\"name\":\"Anasayfa\",\"item\":\"https:\/\/narteks.net\/\"},{\"@type\":\"ListItem\",\"position\":2,\"name\":\"DETONE\"}]},{\"@type\":\"WebSite\",\"@id\":\"https:\/\/narteks.net\/#website\",\"url\":\"https:\/\/narteks.net\/\",\"name\":\"narteks.net\",\"description\":\"K\u00fclt\u00fcr Sanat Edebiyat Felsefe\",\"publisher\":{\"@id\":\"https:\/\/narteks.net\/#organization\"},\"alternateName\":\"K\u00fclt\u00fcr Sanat Edebiyat Felsefe\",\"potentialAction\":[{\"@type\":\"SearchAction\",\"target\":{\"@type\":\"EntryPoint\",\"urlTemplate\":\"https:\/\/narteks.net\/?s={search_term_string}\"},\"query-input\":{\"@type\":\"PropertyValueSpecification\",\"valueRequired\":true,\"valueName\":\"search_term_string\"}}],\"inLanguage\":\"tr\"},{\"@type\":\"Organization\",\"@id\":\"https:\/\/narteks.net\/#organization\",\"name\":\"narteks.net\",\"url\":\"https:\/\/narteks.net\/\",\"logo\":{\"@type\":\"ImageObject\",\"inLanguage\":\"tr\",\"@id\":\"https:\/\/narteks.net\/#\/schema\/logo\/image\/\",\"url\":\"https:\/\/narteks.net\/wp-content\/uploads\/narteks.png\",\"contentUrl\":\"https:\/\/narteks.net\/wp-content\/uploads\/narteks.png\",\"width\":300,\"height\":90,\"caption\":\"narteks.net\"},\"image\":{\"@id\":\"https:\/\/narteks.net\/#\/schema\/logo\/image\/\"},\"sameAs\":[\"https:\/\/x.com\/narteks\",\"https:\/\/instagram.com\/narteksnet\"]},{\"@type\":\"Person\",\"@id\":\"https:\/\/narteks.net\/#\/schema\/person\/61f37d9834294b72d31d274e7ed79bca\",\"name\":\"Tar\u0131k\",\"image\":{\"@type\":\"ImageObject\",\"inLanguage\":\"tr\",\"@id\":\"https:\/\/narteks.net\/#\/schema\/person\/image\/\",\"url\":\"https:\/\/secure.gravatar.com\/avatar\/50865afb55632c4ae467e0af0930f6510aa2297d8014be502a55b14f3b7550cf?s=96&d=mm&r=g\",\"contentUrl\":\"https:\/\/secure.gravatar.com\/avatar\/50865afb55632c4ae467e0af0930f6510aa2297d8014be502a55b14f3b7550cf?s=96&d=mm&r=g\",\"caption\":\"Tar\u0131k\"},\"sameAs\":[\"http:\/\/narteks.net\"],\"url\":\"https:\/\/narteks.net\/index.php\/author\/narbak\/\"}]}<\/script>\n<!-- \/ Yoast SEO Premium plugin. -->","yoast_head_json":{"title":"DETONE - narteks.net","robots":{"index":"index","follow":"follow","max-snippet":"max-snippet:-1","max-image-preview":"max-image-preview:large","max-video-preview":"max-video-preview:-1"},"canonical":"https:\/\/narteks.net\/index.php\/2009\/11\/23\/detone\/","og_locale":"tr_TR","og_type":"article","og_title":"DETONE","og_description":"Demokrasi \u00fclkesinde bir s\u00fcredir hararetli bir tart\u0131\u015fma \u00fclkenin t\u00fcm g\u00fcndemini olu\u015fturmaya ba\u015flam\u0131\u015ft\u0131. Yediden yetmi\u015fe, dedesinden tornuna her insan evlad\u0131 akl\u0131n\u0131n yetti\u011fince bu mesele \u00fcst\u00fcne d\u00fc\u015f\u00fcn\u00fcp, \u00e7ene \u00e7al\u0131yordu. Tart\u0131\u015fmalar\u0131n kimisi uzla\u015fmayla kimisi uzla\u015fmaya var\u0131lmadan el s\u0131k\u0131\u015f\u0131larak bitiyordu. Demokrasinin t\u00fcm g\u00fczelli\u011fi kendini b\u00f6yle ortamlarda g\u00f6steriyordu. \u00dclkenin diline d\u00fc\u015fen bu konu su\u00e7lular\u0131n idam\u0131nda uygulanan y\u00f6ntemle ilgiliydi. Su\u00e7 i\u015fleyenlerin [&hellip;]","og_url":"https:\/\/narteks.net\/index.php\/2009\/11\/23\/detone\/","og_site_name":"narteks.net","article_published_time":"2009-11-22T21:51:17+00:00","og_image":[{"width":300,"height":90,"url":"https:\/\/narteks.net\/wp-content\/uploads\/narteks.png","type":"image\/png"}],"author":"Tar\u0131k","twitter_card":"summary_large_image","twitter_creator":"@narteks","twitter_site":"@narteks","twitter_misc":{"Yazan:":"Tar\u0131k","Tahmini okuma s\u00fcresi":"4 dakika"},"schema":{"@context":"https:\/\/schema.org","@graph":[{"@type":"Article","@id":"https:\/\/narteks.net\/index.php\/2009\/11\/23\/detone\/#article","isPartOf":{"@id":"https:\/\/narteks.net\/index.php\/2009\/11\/23\/detone\/"},"author":{"name":"Tar\u0131k","@id":"https:\/\/narteks.net\/#\/schema\/person\/61f37d9834294b72d31d274e7ed79bca"},"headline":"DETONE","datePublished":"2009-11-22T21:51:17+00:00","mainEntityOfPage":{"@id":"https:\/\/narteks.net\/index.php\/2009\/11\/23\/detone\/"},"wordCount":732,"commentCount":0,"publisher":{"@id":"https:\/\/narteks.net\/#organization"},"articleSection":["Erkan K\u00fc\u00e7\u00fck (Makale)"],"inLanguage":"tr","potentialAction":[{"@type":"CommentAction","name":"Comment","target":["https:\/\/narteks.net\/index.php\/2009\/11\/23\/detone\/#respond"]}]},{"@type":"WebPage","@id":"https:\/\/narteks.net\/index.php\/2009\/11\/23\/detone\/","url":"https:\/\/narteks.net\/index.php\/2009\/11\/23\/detone\/","name":"DETONE - narteks.net","isPartOf":{"@id":"https:\/\/narteks.net\/#website"},"datePublished":"2009-11-22T21:51:17+00:00","breadcrumb":{"@id":"https:\/\/narteks.net\/index.php\/2009\/11\/23\/detone\/#breadcrumb"},"inLanguage":"tr","potentialAction":[{"@type":"ReadAction","target":["https:\/\/narteks.net\/index.php\/2009\/11\/23\/detone\/"]}]},{"@type":"BreadcrumbList","@id":"https:\/\/narteks.net\/index.php\/2009\/11\/23\/detone\/#breadcrumb","itemListElement":[{"@type":"ListItem","position":1,"name":"Anasayfa","item":"https:\/\/narteks.net\/"},{"@type":"ListItem","position":2,"name":"DETONE"}]},{"@type":"WebSite","@id":"https:\/\/narteks.net\/#website","url":"https:\/\/narteks.net\/","name":"narteks.net","description":"K\u00fclt\u00fcr Sanat Edebiyat Felsefe","publisher":{"@id":"https:\/\/narteks.net\/#organization"},"alternateName":"K\u00fclt\u00fcr Sanat Edebiyat Felsefe","potentialAction":[{"@type":"SearchAction","target":{"@type":"EntryPoint","urlTemplate":"https:\/\/narteks.net\/?s={search_term_string}"},"query-input":{"@type":"PropertyValueSpecification","valueRequired":true,"valueName":"search_term_string"}}],"inLanguage":"tr"},{"@type":"Organization","@id":"https:\/\/narteks.net\/#organization","name":"narteks.net","url":"https:\/\/narteks.net\/","logo":{"@type":"ImageObject","inLanguage":"tr","@id":"https:\/\/narteks.net\/#\/schema\/logo\/image\/","url":"https:\/\/narteks.net\/wp-content\/uploads\/narteks.png","contentUrl":"https:\/\/narteks.net\/wp-content\/uploads\/narteks.png","width":300,"height":90,"caption":"narteks.net"},"image":{"@id":"https:\/\/narteks.net\/#\/schema\/logo\/image\/"},"sameAs":["https:\/\/x.com\/narteks","https:\/\/instagram.com\/narteksnet"]},{"@type":"Person","@id":"https:\/\/narteks.net\/#\/schema\/person\/61f37d9834294b72d31d274e7ed79bca","name":"Tar\u0131k","image":{"@type":"ImageObject","inLanguage":"tr","@id":"https:\/\/narteks.net\/#\/schema\/person\/image\/","url":"https:\/\/secure.gravatar.com\/avatar\/50865afb55632c4ae467e0af0930f6510aa2297d8014be502a55b14f3b7550cf?s=96&d=mm&r=g","contentUrl":"https:\/\/secure.gravatar.com\/avatar\/50865afb55632c4ae467e0af0930f6510aa2297d8014be502a55b14f3b7550cf?s=96&d=mm&r=g","caption":"Tar\u0131k"},"sameAs":["http:\/\/narteks.net"],"url":"https:\/\/narteks.net\/index.php\/author\/narbak\/"}]}},"_links":{"self":[{"href":"https:\/\/narteks.net\/index.php\/wp-json\/wp\/v2\/posts\/1586","targetHints":{"allow":["GET"]}}],"collection":[{"href":"https:\/\/narteks.net\/index.php\/wp-json\/wp\/v2\/posts"}],"about":[{"href":"https:\/\/narteks.net\/index.php\/wp-json\/wp\/v2\/types\/post"}],"author":[{"embeddable":true,"href":"https:\/\/narteks.net\/index.php\/wp-json\/wp\/v2\/users\/1"}],"replies":[{"embeddable":true,"href":"https:\/\/narteks.net\/index.php\/wp-json\/wp\/v2\/comments?post=1586"}],"version-history":[{"count":0,"href":"https:\/\/narteks.net\/index.php\/wp-json\/wp\/v2\/posts\/1586\/revisions"}],"wp:attachment":[{"href":"https:\/\/narteks.net\/index.php\/wp-json\/wp\/v2\/media?parent=1586"}],"wp:term":[{"taxonomy":"category","embeddable":true,"href":"https:\/\/narteks.net\/index.php\/wp-json\/wp\/v2\/categories?post=1586"},{"taxonomy":"post_tag","embeddable":true,"href":"https:\/\/narteks.net\/index.php\/wp-json\/wp\/v2\/tags?post=1586"}],"curies":[{"name":"wp","href":"https:\/\/api.w.org\/{rel}","templated":true}]}}