{"id":1587,"date":"2009-11-23T01:05:18","date_gmt":"2009-11-22T22:05:18","guid":{"rendered":"http:\/\/localhost\/wordpress\/2009\/11\/23\/sen-giderken-ben-eksildim-geride\/"},"modified":"2009-11-23T01:05:18","modified_gmt":"2009-11-22T22:05:18","slug":"sen-giderken-ben-eksildim-geride","status":"publish","type":"post","link":"https:\/\/narteks.net\/index.php\/2009\/11\/23\/sen-giderken-ben-eksildim-geride\/","title":{"rendered":"SEN G\u0130DERKEN BEN EKS\u0130LD\u0130M GER\u0130DE&#8230;."},"content":{"rendered":"<p>D\u00fcn sabah\u0131n 6\u2019s\u0131nda kap\u0131ma dayanm\u0131\u015f, b\u00fck\u00fck boynunla bana s\u0131\u011f\u0131nm\u0131\u015ft\u0131n. Ellerini, s\u0131ms\u0131k\u0131 kapatt\u0131\u011f\u0131 elerini, kap\u0131 ard\u0131ndan uzat\u0131p \u201cbir bunlar var sana verebilece\u011fim\u201d demi\u015ftin. Avu\u00e7lar\u0131nda kestane \u015fekerleri duruyordu. Y\u00fcz\u00fcn yoksullu\u011fundan utan\u0131rcas\u0131na saklanmaya \u00e7abal\u0131yordu benden. Dayanamay\u0131p hayat\u0131mda ilk defa g\u00f6rd\u00fc\u011f\u00fcm seni i\u00e7eri ald\u0131m. Aya\u011f\u0131n\u0131 e\u015fikten atarken odama, sanki iffetsiz bir kad\u0131n\u0131n yapt\u0131klar\u0131n\u0131 yap\u0131yormu\u015fum duygusuna kap\u0131lm\u0131\u015ft\u0131m. Seni neden i\u00e7eriye ald\u0131\u011f\u0131m\u0131, neden kovmad\u0131\u011f\u0131m\u0131 anlam\u0131\u015f de\u011fildim o zaman.<\/p>\n<p style=\"text-align: justify;\">Sen kimdin, birden bire, beklenmedik bir \u015fekilde ge\u00e7ip gittin hayat\u0131mdan. Seni evime al\u0131rken durduramad\u0131\u011f\u0131m isteklerim, arzular\u0131m vard\u0131 ve onlar o anlar\u0131mda konu\u015fuyorlard\u0131. Seni odama al\u0131rken masum bir \u00e7ocu\u011fu ok\u015famak isteyen \u00e7ocuksuz bir kad\u0131n gibiydim. Seni evime al\u0131rken tenini de al\u0131yordum evime.<\/p>\n<p style=\"text-align: justify;\">Salonda ba\u015f\u0131n\u0131 \u00f6n\u00fcne e\u011fmi\u015f ellerindeki kestane \u015fekerlerine bak\u0131yordun. Sonra birden \u00f6n\u00fcndeki sehpaya koydun onlar\u0131 ama ba\u015f\u0131n hi\u00e7 do\u011frulmad\u0131 yukar\u0131. Sana \u201cneden ben\u201d diye sordu\u011fumda g\u00f6zlerimin i\u00e7ine i\u015fleyen mas mavi bak\u0131\u015flar\u0131nla bakm\u0131\u015ft\u0131n bana, g\u00f6zlerin nemliydi ya\u011fmur d\u00f6km\u00fc\u015f buluttu. Bilmiyorum dedin sonra yutkunarak, bu\u011fulu k\u0131s\u0131k sesinle. Sordu\u011fuma pi\u015fman olmu\u015ftum, o bak\u0131\u015f\u0131n ve k\u0131rg\u0131n sesin&#8230;.h\u00fcz\u00fcn damlatm\u0131\u015ft\u0131 i\u00e7ime. Sana sar\u0131lma arzusu kaplam\u0131\u015ft\u0131 i\u00e7imi. Bu bir annenin mi, yoksa yaln\u0131z bir kad\u0131n\u0131n ate\u015fli isterik n\u00f6betimiydi \u00e7\u0131karam\u0131yordum ama yan\u0131na t\u00fcneyip, senin \u015fa\u015fk\u0131nl\u0131\u011f\u0131n i\u00e7inde dolam\u0131\u015ft\u0131m kollar\u0131n\u0131 bedenine. Ve sonra&#8230;<\/p>\n<p style=\"text-align: justify;\">Elerinden tutup seni s\u00fcr\u00fcklemi\u015ftim a\u00e7\u0131k olan yata\u011f\u0131ma do\u011fru. Sen hareketsizdin. Ben ise arzular\u0131 v\u00fccudunu titreten biriydim.bedeninde dola\u015ft\u0131m ars\u0131zca. Kokunu i\u00e7ime \u00e7ekerken uyu\u015fturucu kullanan bir ba\u011f\u0131ml\u0131n\u0131n kendinden ge\u00e7i\u015fi gibi bamba\u015fka alemlere gidip gelmi\u015ftim. Bu bir kam t\u00f6reniydi sanki ve bende bir \u015famand\u0131m ba\u015fka alemlere g\u00f6\u00e7en. Sen hareketsizdin. G\u00f6zlerim a\u00e7\u0131ld\u0131\u011f\u0131nda senin tavana dalm\u0131\u015f bakan yabanc\u0131la\u015fm\u0131\u015f g\u00f6zlerini g\u00f6rm\u00fc\u015ft\u00fcm. Benim sesim senin sessizli\u011finde yok oluyordu. Doyuma ula\u015f\u0131p son derin bir nefes verdikten sonra a\u011flayan bir \u00e7ift g\u00f6z ile kar\u015f\u0131la\u015fm\u0131\u015ft\u0131m. Tek hissetti\u011fim pi\u015fmanl\u0131k olmu\u015ftu&#8230;g\u00fcnahkar bir nedamet..<\/p>\n<p>O andan, ak\u015fam evi terk edene kadar a\u011fz\u0131ndan bir kelime dahi havalanmad\u0131. Hep sustun, hep sustum, konu\u015famazd\u0131m ki, hatta y\u00fcz\u00fcne dahi bakamazd\u0131m senin. Bakmad\u0131m. Bakmad\u0131n.<\/p>\n<p>Sen \u00e7\u0131karken masada duran kestane \u015fekerlerine tak\u0131lm\u0131\u015ft\u0131 g\u00f6z\u00fcm. Akl\u0131ma, sokakta oynayan \u00e7ocuklar\u0131n bilyeleri gelmi\u015fti.<\/p>\n","protected":false},"excerpt":{"rendered":"<p>D\u00fcn sabah\u0131n 6\u2019s\u0131nda kap\u0131ma dayanm\u0131\u015f, b\u00fck\u00fck boynunla bana s\u0131\u011f\u0131nm\u0131\u015ft\u0131n. Ellerini, s\u0131ms\u0131k\u0131 kapatt\u0131\u011f\u0131 elerini, kap\u0131 ard\u0131ndan uzat\u0131p \u201cbir bunlar var sana verebilece\u011fim\u201d demi\u015ftin. Avu\u00e7lar\u0131nda kestane \u015fekerleri duruyordu. Y\u00fcz\u00fcn yoksullu\u011fundan utan\u0131rcas\u0131na saklanmaya \u00e7abal\u0131yordu benden. Dayanamay\u0131p hayat\u0131mda ilk defa g\u00f6rd\u00fc\u011f\u00fcm seni i\u00e7eri ald\u0131m. Aya\u011f\u0131n\u0131 e\u015fikten atarken odama, sanki iffetsiz bir kad\u0131n\u0131n yapt\u0131klar\u0131n\u0131 yap\u0131yormu\u015fum duygusuna kap\u0131lm\u0131\u015ft\u0131m. Seni neden i\u00e7eriye [&hellip;]<\/p>\n","protected":false},"author":1,"featured_media":0,"comment_status":"open","ping_status":"open","sticky":false,"template":"","format":"standard","meta":{"footnotes":""},"categories":[140],"tags":[],"class_list":{"0":"post-1587","1":"post","2":"type-post","3":"status-publish","4":"format-standard","6":"category-erkan-kucuk-makale"},"yoast_head":"<!-- This site is optimized with the Yoast SEO Premium plugin v24.9 (Yoast SEO v24.9) - https:\/\/yoast.com\/wordpress\/plugins\/seo\/ -->\n<title>SEN G\u0130DERKEN BEN EKS\u0130LD\u0130M GER\u0130DE.... - narteks.net<\/title>\n<meta name=\"robots\" content=\"index, follow, max-snippet:-1, max-image-preview:large, max-video-preview:-1\" \/>\n<link rel=\"canonical\" href=\"https:\/\/narteks.net\/index.php\/2009\/11\/23\/sen-giderken-ben-eksildim-geride\/\" \/>\n<meta property=\"og:locale\" content=\"tr_TR\" \/>\n<meta property=\"og:type\" content=\"article\" \/>\n<meta property=\"og:title\" content=\"SEN G\u0130DERKEN BEN EKS\u0130LD\u0130M GER\u0130DE....\" \/>\n<meta property=\"og:description\" content=\"D\u00fcn sabah\u0131n 6\u2019s\u0131nda kap\u0131ma dayanm\u0131\u015f, b\u00fck\u00fck boynunla bana s\u0131\u011f\u0131nm\u0131\u015ft\u0131n. Ellerini, s\u0131ms\u0131k\u0131 kapatt\u0131\u011f\u0131 elerini, kap\u0131 ard\u0131ndan uzat\u0131p \u201cbir bunlar var sana verebilece\u011fim\u201d demi\u015ftin. Avu\u00e7lar\u0131nda kestane \u015fekerleri duruyordu. Y\u00fcz\u00fcn yoksullu\u011fundan utan\u0131rcas\u0131na saklanmaya \u00e7abal\u0131yordu benden. Dayanamay\u0131p hayat\u0131mda ilk defa g\u00f6rd\u00fc\u011f\u00fcm seni i\u00e7eri ald\u0131m. Aya\u011f\u0131n\u0131 e\u015fikten atarken odama, sanki iffetsiz bir kad\u0131n\u0131n yapt\u0131klar\u0131n\u0131 yap\u0131yormu\u015fum duygusuna kap\u0131lm\u0131\u015ft\u0131m. Seni neden i\u00e7eriye [&hellip;]\" \/>\n<meta property=\"og:url\" content=\"https:\/\/narteks.net\/index.php\/2009\/11\/23\/sen-giderken-ben-eksildim-geride\/\" \/>\n<meta property=\"og:site_name\" content=\"narteks.net\" \/>\n<meta property=\"article:published_time\" content=\"2009-11-22T22:05:18+00:00\" \/>\n<meta property=\"og:image\" content=\"https:\/\/narteks.net\/wp-content\/uploads\/narteks.png\" \/>\n\t<meta property=\"og:image:width\" content=\"300\" \/>\n\t<meta property=\"og:image:height\" content=\"90\" \/>\n\t<meta property=\"og:image:type\" content=\"image\/png\" \/>\n<meta name=\"author\" content=\"Tar\u0131k\" \/>\n<meta name=\"twitter:card\" content=\"summary_large_image\" \/>\n<meta name=\"twitter:creator\" content=\"@narteks\" \/>\n<meta name=\"twitter:site\" content=\"@narteks\" \/>\n<meta name=\"twitter:label1\" content=\"Yazan:\" \/>\n\t<meta name=\"twitter:data1\" content=\"Tar\u0131k\" \/>\n\t<meta name=\"twitter:label2\" content=\"Tahmini okuma s\u00fcresi\" \/>\n\t<meta name=\"twitter:data2\" content=\"2 dakika\" \/>\n<script type=\"application\/ld+json\" class=\"yoast-schema-graph\">{\"@context\":\"https:\/\/schema.org\",\"@graph\":[{\"@type\":\"Article\",\"@id\":\"https:\/\/narteks.net\/index.php\/2009\/11\/23\/sen-giderken-ben-eksildim-geride\/#article\",\"isPartOf\":{\"@id\":\"https:\/\/narteks.net\/index.php\/2009\/11\/23\/sen-giderken-ben-eksildim-geride\/\"},\"author\":{\"name\":\"Tar\u0131k\",\"@id\":\"https:\/\/narteks.net\/#\/schema\/person\/61f37d9834294b72d31d274e7ed79bca\"},\"headline\":\"SEN G\u0130DERKEN BEN EKS\u0130LD\u0130M GER\u0130DE&#8230;.\",\"datePublished\":\"2009-11-22T22:05:18+00:00\",\"mainEntityOfPage\":{\"@id\":\"https:\/\/narteks.net\/index.php\/2009\/11\/23\/sen-giderken-ben-eksildim-geride\/\"},\"wordCount\":485,\"commentCount\":0,\"publisher\":{\"@id\":\"https:\/\/narteks.net\/#organization\"},\"articleSection\":[\"Erkan K\u00fc\u00e7\u00fck (Makale)\"],\"inLanguage\":\"tr\",\"potentialAction\":[{\"@type\":\"CommentAction\",\"name\":\"Comment\",\"target\":[\"https:\/\/narteks.net\/index.php\/2009\/11\/23\/sen-giderken-ben-eksildim-geride\/#respond\"]}]},{\"@type\":\"WebPage\",\"@id\":\"https:\/\/narteks.net\/index.php\/2009\/11\/23\/sen-giderken-ben-eksildim-geride\/\",\"url\":\"https:\/\/narteks.net\/index.php\/2009\/11\/23\/sen-giderken-ben-eksildim-geride\/\",\"name\":\"SEN G\u0130DERKEN BEN EKS\u0130LD\u0130M GER\u0130DE.... - narteks.net\",\"isPartOf\":{\"@id\":\"https:\/\/narteks.net\/#website\"},\"datePublished\":\"2009-11-22T22:05:18+00:00\",\"breadcrumb\":{\"@id\":\"https:\/\/narteks.net\/index.php\/2009\/11\/23\/sen-giderken-ben-eksildim-geride\/#breadcrumb\"},\"inLanguage\":\"tr\",\"potentialAction\":[{\"@type\":\"ReadAction\",\"target\":[\"https:\/\/narteks.net\/index.php\/2009\/11\/23\/sen-giderken-ben-eksildim-geride\/\"]}]},{\"@type\":\"BreadcrumbList\",\"@id\":\"https:\/\/narteks.net\/index.php\/2009\/11\/23\/sen-giderken-ben-eksildim-geride\/#breadcrumb\",\"itemListElement\":[{\"@type\":\"ListItem\",\"position\":1,\"name\":\"Anasayfa\",\"item\":\"https:\/\/narteks.net\/\"},{\"@type\":\"ListItem\",\"position\":2,\"name\":\"SEN G\u0130DERKEN BEN EKS\u0130LD\u0130M GER\u0130DE&#8230;.\"}]},{\"@type\":\"WebSite\",\"@id\":\"https:\/\/narteks.net\/#website\",\"url\":\"https:\/\/narteks.net\/\",\"name\":\"narteks.net\",\"description\":\"K\u00fclt\u00fcr Sanat Edebiyat Felsefe\",\"publisher\":{\"@id\":\"https:\/\/narteks.net\/#organization\"},\"alternateName\":\"K\u00fclt\u00fcr Sanat Edebiyat Felsefe\",\"potentialAction\":[{\"@type\":\"SearchAction\",\"target\":{\"@type\":\"EntryPoint\",\"urlTemplate\":\"https:\/\/narteks.net\/?s={search_term_string}\"},\"query-input\":{\"@type\":\"PropertyValueSpecification\",\"valueRequired\":true,\"valueName\":\"search_term_string\"}}],\"inLanguage\":\"tr\"},{\"@type\":\"Organization\",\"@id\":\"https:\/\/narteks.net\/#organization\",\"name\":\"narteks.net\",\"url\":\"https:\/\/narteks.net\/\",\"logo\":{\"@type\":\"ImageObject\",\"inLanguage\":\"tr\",\"@id\":\"https:\/\/narteks.net\/#\/schema\/logo\/image\/\",\"url\":\"https:\/\/narteks.net\/wp-content\/uploads\/narteks.png\",\"contentUrl\":\"https:\/\/narteks.net\/wp-content\/uploads\/narteks.png\",\"width\":300,\"height\":90,\"caption\":\"narteks.net\"},\"image\":{\"@id\":\"https:\/\/narteks.net\/#\/schema\/logo\/image\/\"},\"sameAs\":[\"https:\/\/x.com\/narteks\",\"https:\/\/instagram.com\/narteksnet\"]},{\"@type\":\"Person\",\"@id\":\"https:\/\/narteks.net\/#\/schema\/person\/61f37d9834294b72d31d274e7ed79bca\",\"name\":\"Tar\u0131k\",\"image\":{\"@type\":\"ImageObject\",\"inLanguage\":\"tr\",\"@id\":\"https:\/\/narteks.net\/#\/schema\/person\/image\/\",\"url\":\"https:\/\/secure.gravatar.com\/avatar\/50865afb55632c4ae467e0af0930f6510aa2297d8014be502a55b14f3b7550cf?s=96&d=mm&r=g\",\"contentUrl\":\"https:\/\/secure.gravatar.com\/avatar\/50865afb55632c4ae467e0af0930f6510aa2297d8014be502a55b14f3b7550cf?s=96&d=mm&r=g\",\"caption\":\"Tar\u0131k\"},\"sameAs\":[\"http:\/\/narteks.net\"],\"url\":\"https:\/\/narteks.net\/index.php\/author\/narbak\/\"}]}<\/script>\n<!-- \/ Yoast SEO Premium plugin. -->","yoast_head_json":{"title":"SEN G\u0130DERKEN BEN EKS\u0130LD\u0130M GER\u0130DE.... - narteks.net","robots":{"index":"index","follow":"follow","max-snippet":"max-snippet:-1","max-image-preview":"max-image-preview:large","max-video-preview":"max-video-preview:-1"},"canonical":"https:\/\/narteks.net\/index.php\/2009\/11\/23\/sen-giderken-ben-eksildim-geride\/","og_locale":"tr_TR","og_type":"article","og_title":"SEN G\u0130DERKEN BEN EKS\u0130LD\u0130M GER\u0130DE....","og_description":"D\u00fcn sabah\u0131n 6\u2019s\u0131nda kap\u0131ma dayanm\u0131\u015f, b\u00fck\u00fck boynunla bana s\u0131\u011f\u0131nm\u0131\u015ft\u0131n. Ellerini, s\u0131ms\u0131k\u0131 kapatt\u0131\u011f\u0131 elerini, kap\u0131 ard\u0131ndan uzat\u0131p \u201cbir bunlar var sana verebilece\u011fim\u201d demi\u015ftin. Avu\u00e7lar\u0131nda kestane \u015fekerleri duruyordu. Y\u00fcz\u00fcn yoksullu\u011fundan utan\u0131rcas\u0131na saklanmaya \u00e7abal\u0131yordu benden. Dayanamay\u0131p hayat\u0131mda ilk defa g\u00f6rd\u00fc\u011f\u00fcm seni i\u00e7eri ald\u0131m. Aya\u011f\u0131n\u0131 e\u015fikten atarken odama, sanki iffetsiz bir kad\u0131n\u0131n yapt\u0131klar\u0131n\u0131 yap\u0131yormu\u015fum duygusuna kap\u0131lm\u0131\u015ft\u0131m. Seni neden i\u00e7eriye [&hellip;]","og_url":"https:\/\/narteks.net\/index.php\/2009\/11\/23\/sen-giderken-ben-eksildim-geride\/","og_site_name":"narteks.net","article_published_time":"2009-11-22T22:05:18+00:00","og_image":[{"width":300,"height":90,"url":"https:\/\/narteks.net\/wp-content\/uploads\/narteks.png","type":"image\/png"}],"author":"Tar\u0131k","twitter_card":"summary_large_image","twitter_creator":"@narteks","twitter_site":"@narteks","twitter_misc":{"Yazan:":"Tar\u0131k","Tahmini okuma s\u00fcresi":"2 dakika"},"schema":{"@context":"https:\/\/schema.org","@graph":[{"@type":"Article","@id":"https:\/\/narteks.net\/index.php\/2009\/11\/23\/sen-giderken-ben-eksildim-geride\/#article","isPartOf":{"@id":"https:\/\/narteks.net\/index.php\/2009\/11\/23\/sen-giderken-ben-eksildim-geride\/"},"author":{"name":"Tar\u0131k","@id":"https:\/\/narteks.net\/#\/schema\/person\/61f37d9834294b72d31d274e7ed79bca"},"headline":"SEN G\u0130DERKEN BEN EKS\u0130LD\u0130M GER\u0130DE&#8230;.","datePublished":"2009-11-22T22:05:18+00:00","mainEntityOfPage":{"@id":"https:\/\/narteks.net\/index.php\/2009\/11\/23\/sen-giderken-ben-eksildim-geride\/"},"wordCount":485,"commentCount":0,"publisher":{"@id":"https:\/\/narteks.net\/#organization"},"articleSection":["Erkan K\u00fc\u00e7\u00fck (Makale)"],"inLanguage":"tr","potentialAction":[{"@type":"CommentAction","name":"Comment","target":["https:\/\/narteks.net\/index.php\/2009\/11\/23\/sen-giderken-ben-eksildim-geride\/#respond"]}]},{"@type":"WebPage","@id":"https:\/\/narteks.net\/index.php\/2009\/11\/23\/sen-giderken-ben-eksildim-geride\/","url":"https:\/\/narteks.net\/index.php\/2009\/11\/23\/sen-giderken-ben-eksildim-geride\/","name":"SEN G\u0130DERKEN BEN EKS\u0130LD\u0130M GER\u0130DE.... - narteks.net","isPartOf":{"@id":"https:\/\/narteks.net\/#website"},"datePublished":"2009-11-22T22:05:18+00:00","breadcrumb":{"@id":"https:\/\/narteks.net\/index.php\/2009\/11\/23\/sen-giderken-ben-eksildim-geride\/#breadcrumb"},"inLanguage":"tr","potentialAction":[{"@type":"ReadAction","target":["https:\/\/narteks.net\/index.php\/2009\/11\/23\/sen-giderken-ben-eksildim-geride\/"]}]},{"@type":"BreadcrumbList","@id":"https:\/\/narteks.net\/index.php\/2009\/11\/23\/sen-giderken-ben-eksildim-geride\/#breadcrumb","itemListElement":[{"@type":"ListItem","position":1,"name":"Anasayfa","item":"https:\/\/narteks.net\/"},{"@type":"ListItem","position":2,"name":"SEN G\u0130DERKEN BEN EKS\u0130LD\u0130M GER\u0130DE&#8230;."}]},{"@type":"WebSite","@id":"https:\/\/narteks.net\/#website","url":"https:\/\/narteks.net\/","name":"narteks.net","description":"K\u00fclt\u00fcr Sanat Edebiyat Felsefe","publisher":{"@id":"https:\/\/narteks.net\/#organization"},"alternateName":"K\u00fclt\u00fcr Sanat Edebiyat Felsefe","potentialAction":[{"@type":"SearchAction","target":{"@type":"EntryPoint","urlTemplate":"https:\/\/narteks.net\/?s={search_term_string}"},"query-input":{"@type":"PropertyValueSpecification","valueRequired":true,"valueName":"search_term_string"}}],"inLanguage":"tr"},{"@type":"Organization","@id":"https:\/\/narteks.net\/#organization","name":"narteks.net","url":"https:\/\/narteks.net\/","logo":{"@type":"ImageObject","inLanguage":"tr","@id":"https:\/\/narteks.net\/#\/schema\/logo\/image\/","url":"https:\/\/narteks.net\/wp-content\/uploads\/narteks.png","contentUrl":"https:\/\/narteks.net\/wp-content\/uploads\/narteks.png","width":300,"height":90,"caption":"narteks.net"},"image":{"@id":"https:\/\/narteks.net\/#\/schema\/logo\/image\/"},"sameAs":["https:\/\/x.com\/narteks","https:\/\/instagram.com\/narteksnet"]},{"@type":"Person","@id":"https:\/\/narteks.net\/#\/schema\/person\/61f37d9834294b72d31d274e7ed79bca","name":"Tar\u0131k","image":{"@type":"ImageObject","inLanguage":"tr","@id":"https:\/\/narteks.net\/#\/schema\/person\/image\/","url":"https:\/\/secure.gravatar.com\/avatar\/50865afb55632c4ae467e0af0930f6510aa2297d8014be502a55b14f3b7550cf?s=96&d=mm&r=g","contentUrl":"https:\/\/secure.gravatar.com\/avatar\/50865afb55632c4ae467e0af0930f6510aa2297d8014be502a55b14f3b7550cf?s=96&d=mm&r=g","caption":"Tar\u0131k"},"sameAs":["http:\/\/narteks.net"],"url":"https:\/\/narteks.net\/index.php\/author\/narbak\/"}]}},"_links":{"self":[{"href":"https:\/\/narteks.net\/index.php\/wp-json\/wp\/v2\/posts\/1587","targetHints":{"allow":["GET"]}}],"collection":[{"href":"https:\/\/narteks.net\/index.php\/wp-json\/wp\/v2\/posts"}],"about":[{"href":"https:\/\/narteks.net\/index.php\/wp-json\/wp\/v2\/types\/post"}],"author":[{"embeddable":true,"href":"https:\/\/narteks.net\/index.php\/wp-json\/wp\/v2\/users\/1"}],"replies":[{"embeddable":true,"href":"https:\/\/narteks.net\/index.php\/wp-json\/wp\/v2\/comments?post=1587"}],"version-history":[{"count":0,"href":"https:\/\/narteks.net\/index.php\/wp-json\/wp\/v2\/posts\/1587\/revisions"}],"wp:attachment":[{"href":"https:\/\/narteks.net\/index.php\/wp-json\/wp\/v2\/media?parent=1587"}],"wp:term":[{"taxonomy":"category","embeddable":true,"href":"https:\/\/narteks.net\/index.php\/wp-json\/wp\/v2\/categories?post=1587"},{"taxonomy":"post_tag","embeddable":true,"href":"https:\/\/narteks.net\/index.php\/wp-json\/wp\/v2\/tags?post=1587"}],"curies":[{"name":"wp","href":"https:\/\/api.w.org\/{rel}","templated":true}]}}