{"id":1588,"date":"2009-11-23T20:20:38","date_gmt":"2009-11-23T17:20:38","guid":{"rendered":"http:\/\/localhost\/wordpress\/2009\/11\/23\/cumhuriyetin-toplumu-turklestirme-harekati\/"},"modified":"2009-11-23T20:20:38","modified_gmt":"2009-11-23T17:20:38","slug":"cumhuriyetin-toplumu-turklestirme-harekati","status":"publish","type":"post","link":"https:\/\/narteks.net\/index.php\/2009\/11\/23\/cumhuriyetin-toplumu-turklestirme-harekati\/","title":{"rendered":"Cumhuriyetin Toplumu T\u00fcrkle\u015ftirme Harekat\u0131"},"content":{"rendered":"<p><img loading=\"lazy\" decoding=\"async\" class=\"alignleft size-medium wp-image-3169\" src=\"http:\/\/yasanacakdunya.net\/wp-content\/uploads\/2009\/11\/gocmenler-kurdistana-yerlestiriliyor2-242x250.jpg\" border=\"0\" title=\"gocmenler-kurdistana-yerlestiriliyor2\" width=\"155\" height=\"203\" style=\"float: left;\" \/><\/p>\n<p style=\"text-align: justify;\">A\u015fa\u011f\u0131da, \u015eark Islahat Plan\u0131 Haz\u0131rlanmas\u0131na Dair Kararname (8 Eyl\u00fcl 1925) ve \u015eark Islahat Plan\u0131 (24 Eyl\u00fcl 1925) adl\u0131 iki tarihi belge yer almaktad\u0131r. Her iki belgede de Kemalizm\u2019in ve gen\u00e7 cumhuriyetin toplumu T\u00fcrkle\u015ftirme operasyonlar\u0131n\u0131n altyap\u0131s\u0131 g\u00f6r\u00fclecektir.<\/p>\n<p style=\"text-align: justify;\">3 Aral\u0131k 1934 tarihli Cumhuriyet Gazetesi\u2019nin ma\u015feti; \u201cT\u00fcrk gibi ya\u015famak i\u00e7in T\u00fcrkiye\u2019ye gidiyoruz!..\u201d Balkanlardan ve Trakyadan\u00a0 \u201cHalis T\u00fcrkler\u201d K\u00fcrdistan\u2019a yerle\u015ftirilirken, ayn\u0131 tarihlerde \u0130skan Kanunu ile K\u00fcrtler, bat\u0131ya s\u00fcrg\u00fcn ediliyor\u2026 Toplu katliamlar, asimilasyonlar belleklerden silinemeyecektir.<\/p>\n<p>Kalemi Mahsus M\u00fcd\u00fcriyeti<\/p>\n<p style=\"margin-bottom: 0cm;\">Karar No: 2536<br \/> Gayet mahremdir<\/p>\n<p style=\"margin-bottom: 0cm;\"><strong>\u015eARK ISLAHAT PLANI HAZIRLANMASINA DA\u0130R KARARNAME<\/strong><\/p>\n<p style=\"margin-bottom: 0cm; text-align: justify;\">17 Haziran 1341 tarih ve 2086 numaral\u0131 kararnameye zeyildir:<\/p>\n<p style=\"text-align: justify;\">\u0130rtica hadisesine mahall-i cereyan ola\u0131\u0131 vilayetlerimizdeki m\u00fc\u015fahedat\u0131 tetkik ve icabeden tedabiri tezekk\u00fcr ve bir rapor halinde tanzim eylemek \u00fczere Dahiliye Vek\u00e2ili Cemil, Adliye Vekili Mahmut Esat, \u00c7ank\u0131r\u0131 Mebusu Abd\u00fclhalik beyefendilerin ve Erk\u00e2n-\u0131 Umumiye Reisi\u2019nin i\u015ftirakivle bir enc\u00fcmen te\u015fkili havali-i mezkurede seyahat etmi\u015f olan Dahiliye Vekili Cemil beyefendi ile Abd\u00fclhalik beyefendi taraf\u0131ndan daha evvel ayr\u0131 ayr\u0131 ihzar edilecek raporlar\u0131n mezkur enc\u00fcmene tevdii ve mevzubahis enc\u00fcmence netayic-i m\u00fczakereyi havi olmak \u00fczere ihzar olunacak raporun ve derpi\u015f edilecek tedabirin enc\u00fcmenin tarih-i te\u015fekk\u00fcl\u00fcnden 15 g\u00fcn sonra Heyet-i Vekiliye tevdi ve teklif edilmesi \u0130cra Vekilleri Heyetinin 8 Eyl\u00fcl 1341 tarihli i\u00e7tima\u0131nda tasvip ve kabul olunmu\u015ftur.<\/p>\n<p style=\"margin-bottom: 0cm; text-align: justify;\">T\u00fcrkiye Reis-i Cumhuru<br \/> Gazi Mustafa Kemal<\/p>\n<p style=\"margin-bottom: 0cm; text-align: justify;\">\u0130smet (Ba\u015fvekil), Mahmut Esat (Adliye Vekili) Recep (M\u00fcdafaa-y\u0131 Milliye) \u0130hsan (Vekili Bahriye Vekili) Cemil (Dahiliye Vekili) Mahmut Esat (Hariciye Vekili V.) Hasan H\u00fcsn\u00fc (Maliye Vekili) Hamdullah Suphi (Maarif Vekili) S\u00fcleyman S\u0131rr (Naf\u0131a Vekili) Ali Cenani (Ziraat Vekili V.) Ali Cenani (Ticaret Vekili) Dr. Refik (S\u0131hhat V. \u0130\u00e7. M. Vekili)<\/p>\n<p style=\"margin-bottom: 0cm; text-align: justify;\"><strong>\u015eark Islahat Plan\u0131<\/strong><\/p>\n<p style=\"margin-bottom: 0cm; text-align: justify;\">8 Eyl\u00fcl 1341 Tarihli Kararnameye G\u00f6re Te\u015fkil Olunan Enc\u00fcmen\u2019in Ba\u015fvekalet Vas\u0131tasile Vekiller Heyetine Verdi\u011fi 24 Eyl\u00fcl 1925 Tarihli Rapor[dur].<\/p>\n<p style=\"margin-bottom: 0cm; text-align: justify;\">\u0130rtica hadisesinde mahall-i ceryan olan vilayetlerimizdeki m\u00fc\u015fahedat\u0131 tetkik ve icabeden tedabiri tezekk\u00fcr ve bir rapor halinde tanzim eylemek \u00fczere Dahiliye Vekili Cemil, Adliye Vekili Mahmut Esat, \u00c7ank\u0131r\u0131 Mebusu Mustafa Abd\u00fclhalik beylerle Erk\u00e2n-\u0131 Harbiye-i Umumiye Reisi sanisi Mirliva K\u00e2z\u0131m Pa\u015fa\u2019n\u0131n i\u015ftirakile bir enc\u00fcmen te\u015fkili hakk\u0131ndaki 8 Eyl\u00fcl 1341 tarih ve 2536 numaral\u0131 mahrem \u0130cra Vekilleri Heyeti Kararnamesi mucibince Dahiliye Vekaletinde i\u00e7tima ve netice-i m\u00fczakeratta m\u00fcttefikan berve\u00e7h-i ati mukarrerat\u0131n arz\u0131na karar verilmi\u015ftir:<\/p>\n<p style=\"margin-bottom: 0cm; text-align: justify;\">1- \u015eark vilayetlerinde mevcut idare-i \u00f6rfiye berve\u00e7h-i ati program\u0131n hitam-\u0131 tatbikine kadar idame olunacakt\u0131r.<\/p>\n<p style=\"margin-bottom: 0cm; text-align: justify;\">2- T\u00fcrkiye 5 umumi m\u00fcfetti\u015flik m\u0131nt\u0131kas\u0131na tefrik edilmi\u015ftir. 5. umumi m\u00fcfetti\u015flik m\u0131nt\u0131kas\u0131 bervech-i ati vilayattan terekk\u00fcp eder:<\/p>\n<p style=\"margin-bottom: 0cm; text-align: justify;\">Hakkari, Van, Mu\u015f, Bitlis, Siirt, Gen\u00e7, Diyarbekir, Mardin, Urfa, Siverek, Elaziz, Dersim, Malatya, Ergani, Bayezit vilayeti ile P\u00fcl\u00fcm\u00fcr, Ki\u011f\u0131 ve H\u0131n\u0131s kazalar\u0131 program\u0131n tatbikine kadar muvakkaten be\u015finci m\u00fcfetti\u015flik emrinde bulunacakt\u0131r.<\/p>\n<p style=\"margin-bottom: 0cm; text-align: justify;\">M\u00fcfetti\u015f-i Umumi, \u0131slahat program\u0131n\u0131n aleddevam tatbikine memur olup maiyetinde her vekaletten bir m\u00fcfetti\u015f ile bir de askeri m\u00fc\u015favir ve ayr\u0131ca maiyet heyeti vard\u0131r. M\u0131nt\u0131kas\u0131ndaki seyyar jandarma alaylar\u0131 emri alt\u0131ndad\u0131r. \u0130dare-i \u00f6rfiye m\u0131nt\u0131kas\u0131n\u0131n amir-i askerisi 7. Kolordu kumandan\u0131 olup idare-i \u00f6rfiye reisi s\u0131fatile m\u00fcfetti\u015fe merbuttur. M\u00fcfetti\u015f-i umumilik ihdas olununcaya kadar 3. Ordu M\u00fcfetti\u015fi bu vazifeyi ifaya devam edecektir. \u0130dare-i \u00f6rfiyenin Beyazit vilayeti ile P\u00fcl\u00fcm\u00fcr kazas\u0131na te\u015fmili ve \u0131slahat\u0131n hitam-\u0131 tatbikine kadar temdidi hakk\u0131nda Meclis-i Aliye bir teklifte bulunmak icapeder.<\/p>\n<p style=\"margin-bottom: 0cm; text-align: justify;\">3- Mahakim-i nizamiye ve divan-\u0131 harb-i \u00f6rfilerde asker ve sivil yerli hakim bulunmayacakt\u0131r.<\/p>\n<p style=\"margin-bottom: 0cm; text-align: justify;\">4- 13 \u015eubat 1341 tarihine kadar haklar\u0131nda takibat-\u0131 adli yap\u0131l\u0131p da i\u015fleri inta\u00e7 edilemeyen maznun ve m\u00fchtehimlerin hukuk-u \u015fahsiye baki kalmak \u015fartile davalar\u0131 tecil olunacakt\u0131r. Ancak m\u00fcrur-u zamana u\u011framam\u0131\u015f katl-i m\u00fcnti\u00e7 cinayetlerle isyan-\u0131 ahirden mukaddem isyan mahiyetindeki cinayetler tecil edilmez, buna nazaran meclis-i aliye teklif-i kanuni yap\u0131lacakt\u0131r.<\/p>\n<p style=\"margin-bottom: 0cm; text-align: justify;\">5- Van \u015fehri ile Midyat aras\u0131ndaki hatt\u0131n garb\u0131nda Ermenilerden metruk araziye T\u00fcrk muhacirleri yerle\u015ftirilecektir. Bunun i\u00e7in idare-i \u00f6rfiye m\u0131nt\u0131kas\u0131ndaki vilayette bulunan Ermeni emvali maliyece sat\u0131lmayacak ve hatta K\u00fcrtlere icar dahi edilmeyecektir. Yugoslavya\u2019dan gelmekte olan T\u00fcrk ve Arnavutlar ile \u0130ran ve Kafkasya\u2019dan gelecek te\u015fkil edece\u011fi, muhacirin, evvelemirde Elaziz &#8211; Ergani &#8211; Diyar\u0131bekir, Elaziz &#8211; Palu &#8211; Ki\u011f\u0131, Palu &#8211; Mu\u015f aras\u0131ndaki Murat Vadisi, Bing\u00f6l Da\u011f\u0131\u2019n\u0131n \u015fark ve cenubu ve H\u0131n\u0131s, Murat vadileri, Mu\u015f Ovas\u0131, Van G\u00f6l\u00fc havzas\u0131, Diyar\u0131bekir &#8211; Garzan &#8211; Bitlis hatlar\u0131nda iskan edilecek.<\/p>\n<p style=\"margin-bottom: 0cm; text-align: justify;\">Bunlardan ba\u015fka Rize, Trabzon vilayetlerile Erzurum vilayetinin \u015fimali \u015farki kazalar\u0131nda m\u00fctekasif olan halktan inzimam ve muvafakatlarile ve muhacirlerin iskan\u0131 i\u00e7in m\u00fcttehez \u015feraitten istifade ederek H\u0131n\u0131s \u00e7ay\u0131 ve Murat Vadisi\u2019ne ve Van G\u00f6l\u00fc\u2019n\u00fcn \u015fimal m\u0131nt\u0131kas\u0131na naklolunacakt\u0131r.<\/p>\n<p style=\"margin-bottom: 0cm; text-align: justify;\">\u015earka yerle\u015ftirilecek muhacirin ve yerli T\u00fcrklerin iskan edilecekleri m\u0131nt\u0131kalara kadar h\u00fck\u00fcmetin vesait-i serias\u0131 ile nakilleri ve esnay-i nakilde ia\u015feleri ve evlerinin taraf-\u0131 h\u00fck\u00fcmetten in\u015fas\u0131 bir senelik ia\u015felerinin temini, hayvanat ve alat-\u0131 ziraiyelerinin de kezalik taraf-\u0131 h\u00fck\u00fcmetten itas\u0131 laz\u0131m gelir.<\/p>\n<p style=\"margin-bottom: 0cm; text-align: justify;\">T\u00fcrk muhacirinin yerle\u015ftirilece\u011fi Ermeni emvalini vesaik-i tasarrufiye ibraz edemeyerek ne sebeple olursa olsun i\u015fgal etmi\u015f olan K\u00fcrtler \u00e7\u0131kar\u0131larak geldikleri eski yerlerine iade veya arzu ettikleri garpte h\u00fck\u00fcmetin irae edece\u011fi mahallere naklolunacakt\u0131r. Yerle\u015ftirilecek T\u00fcrklerin, K\u00fcrtlerin taarruzundan muhafazalar\u0131 i\u00e7in tedabir-i mahsusa al\u0131nacakt\u0131r.<\/p>\n<p style=\"margin-bottom: 0cm; text-align: justify;\">1341 senesinde azami 50 bin n\u00fcfus sevk ve iskan edilece\u011fine nazaran:<\/p>\n<p style=\"margin-bottom: 0cm; text-align: justify;\">1.000.000 Nakil masraf\u0131 otomobil, ia\u015fe ve saire beher n\u00fcfusa 20 lira hesabile, 250.000 Onbin hane in\u015fas\u0131 beheri 250 lira, 1.000.000 Bir senelik mevadd-\u0131 ia\u015fe, tohumluk, alat-\u0131 ziraiye, beher haneye 1.000 lira, 2.000.000 Yirmi bin \u00e7ift hayvan, 500.000 \u0130sk\u00e2n masraf\u0131.<\/p>\n<p style=\"margin-bottom: 0cm; text-align: justify;\">7.000.000 ki ceman yedi milyon liran\u0131n 1342 isk\u00e2n b\u00fct\u00e7esine ilavesi iktiza eder. Bu masariften bina, mevadd-i ia\u015fe, tohumluk, hayvanat ve alat-\u0131 ziraiye esman\u0131 20 senede \u00f6den\u00acmek \u00fczere muhacirine tedeyy\u00fcn ettirilecektir.<br \/> Ayni ve\u00e7hile 10 senede Yugoslavya, Bulgaristan, Kafkasya ve Azerbaycan\u2019dan be\u015f y\u00fcz bin n\u00fcfusun celp ve b\u00e2l\u00e2da arz edilen m\u0131nt\u0131kaya yerle\u015ftirilmesi i\u00e7in 1343\u2032ten itibaren her sene b\u00fct\u00e7eye ekalli be\u015f milyon lira tahsisat konmas\u0131 laz\u0131md\u0131r.<\/p>\n<p style=\"margin-bottom: 0cm; text-align: justify;\">6- Bu m\u0131nt\u0131<img loading=\"lazy\" decoding=\"async\" class=\"alignleft size-medium wp-image-3167\" src=\"http:\/\/yasanacakdunya.net\/wp-content\/uploads\/2009\/11\/hesene__gewe_elleri_bagli-165x250.jpg\" border=\"0\" title=\"hesene__gewe_elleri_bagli\" width=\"165\" height=\"250\" style=\"float: right;\" \/>kada arazi tahrir yerine Maliye Vekaletince tercihan ve m\u00fcstacelen ba\u015flanacakt\u0131r.<\/p>\n<p style=\"margin-bottom: 0cm; text-align: justify;\">7- D\u00e2hiliye Vek\u00e2leti 1342 b\u00fct\u00e7esine mevzu tahsisatla evvelemirde 5. M\u00fcfetti\u015flik m\u0131nt\u0131kas\u0131nda tahrir-i n\u00fcfus yap\u0131lacakt\u0131r.<\/p>\n<p style=\"margin-bottom: 0cm; text-align: justify;\">8- \u0130syana i\u015ftirak eden m\u0131nt\u0131kalardaki halka isyandan m\u00fctevellit masraf\u0131n tahmili muvaf\u0131kt\u0131r. Bunun temini i\u00e7in Maliye Vek\u00e2letince meclis-i aliye bir kanun teklif edilecektir. Bu m\u0131nt\u0131kada bulunup da isyana i\u015ftirak etmeyen k\u00f6yler bu vergi ile m\u00fckellef tutulmayacakt\u0131r. (Bu k\u00f6yler Erkan-\u0131 Harbiye-i Umumiye\u2019ce tesbit edilmi\u015f olanlard\u0131r.)<\/p>\n<p style=\"margin-bottom: 0cm; text-align: justify;\">9- \u0130syan\u0131 te\u015fvik ve idare etmi\u015f olanlar ile bunlar\u0131n akraba ve taallukat\u0131 ve r\u00fcesadan h\u00fck\u00fcmetin \u015farkta kalmalar\u0131n\u0131 muvaf\u0131k g\u00f6rmedi\u011fi e\u015fhas, aile ve taallukatile beraber garpta h\u00fck\u00fcmetin g\u00f6sterece\u011fi mahallere nakledilecektir. Terk edecekleri emval ve arazi h\u00fck\u00fcmet\u00e7e sat\u0131n al\u0131narak bedeli nakden ita veya nakledilecekleri mahallerde ayni k\u0131ymette emlak ve arazi tefviz olunacakt\u0131r.<\/p>\n<p style=\"margin-bottom: 0cm; text-align: justify;\">\u0130syan harekat\u0131 esnas\u0131nda h\u00fck\u00fcmete arz-\u0131 hizmet ve sadakat edenlerden h\u00fck\u00fcmetle beraber bizzat isyan aleyhinde hareket etmi\u015f olan r\u00fcesan\u0131n nakilleri tehir olunacakt\u0131r.<\/p>\n<p style=\"margin-bottom: 0cm; text-align: justify;\">10- A\u015firet yap\u0131s\u0131n\u0131n o sene zarf\u0131nda ilgasi ve halktan do\u011frudan do\u011fruya h\u00fck\u00fcmetle temas ve hukukunun bilvas\u0131ta h\u00fck\u00fcmet\u00e7e muhafazas\u0131 ve temini hususu peyderpey mevki-i fiile konacakt\u0131r. Bunun i\u00e7in \u015earkta h\u00fck\u00fcmet kuvvet ve n\u00fcfuzunun her \u015fube-i idareden mefkureli ve muktedir memur g\u00f6nderilmek suretile takviyesi laz\u0131md\u0131r.<\/p>\n<p style=\"margin-bottom: 0cm; text-align: justify;\">Ayn\u0131 zamanda bu m\u0131ntakadaki tali memuriyetlere dahi K\u00fcrt memur tayine olunmamal\u0131d\u0131r. Merkezden mansup memurin \u201cjandarma dahil\u201d i\u00e7in berve\u00e7h-i ati teklif-i kanuniye l\u00fczum vard\u0131r:<\/p>\n<p style=\"margin-bottom: 0cm; text-align: justify;\">A- \u0130darei \u00d6rfiye M\u0131ntakas\u0131nda merkezden mansup bilumum memurin \u201cJandarma dahil\u201d orada bulunduklar\u0131 m\u00fcddet\u00e7e tahsisat\u0131 fevkaladelerinin % 75\u2032i nispetinde zam al\u0131rlar.<\/p>\n<p style=\"margin-bottom: 0cm; text-align: justify;\">B- Bu m\u0131ntakada memurin laakal 3 sene hizmet ederler, 3 seneden sonra bu m\u0131ntaka haricinde s\u0131n\u0131file m\u00fctenasip di\u011fer bir hizmete nakledilirler ve yerlerine ba\u015fkalar\u0131 g\u00f6nderilir. 3 seneden fazla kalmak isteyenler yerlerine ipka edilir ve 6 seneden fazla ayn\u0131 mevkide kimse kalamaz.<\/p>\n<p style=\"margin-bottom: 0cm; text-align: justify;\">C- Bu m\u0131ntakadaki ordu mensubinine de aile n\u00fcfus miktar\u0131na nazaran 1-5 nefer tay\u0131n\u0131 nisbetinde zam verilir.<\/p>\n<p style=\"margin-bottom: 0cm; text-align: justify;\">11- Hakkari, Van vilayetlerinde bulunan 4 hudut taburlarile Van\u2019da te\u015fekk\u00fcl\u00fc Erkan\u0131 Harbiye-i Umumiyece arzu edilen 2 taburdan bir avc\u0131 livas\u0131 te\u015fkili ve bu 6 tabur ile bunlara m\u00fccavir olan di\u011fer 3 hudut taburu mevcutlar\u0131n\u0131n sekiz y\u00fczere ibla\u011f\u0131 i\u00e7in b\u00fct\u00e7eye tahsisat ilave edilmelidir.<\/p>\n<p style=\"margin-bottom: 0cm; text-align: justify;\">12- Silahlar toplanacak ve silah ta\u015f\u0131nmas\u0131 men edilerek ancak vesika taht\u0131nda ta\u015f\u0131nmas\u0131na m\u00fcsaade edilecektir. Vesikas\u0131z silahlar evlerde dahi olsa m\u00fcsadere edilecek ve sahipleri Divan\u0131 Harbi \u00d6rfilere tevdi olunacakt\u0131r.<\/p>\n<p style=\"margin-bottom: 0cm; text-align: justify;\">13- Aslen T\u00fcrk olup K\u00fcrtl\u00fc\u011fe ma\u011flup olmaya ba\u015flayan berve\u00e7hi ati Malatya, Elaziz, Diyar\u0131bekir, Bitlis, Van, Mu\u015f, Urfa, Ergani, Hozat, Erci\u015f, Adilcevaz, Ahlat, Palu, \u00c7arsancak, \u00c7emi\u015fkezek, Ovac\u0131k, H\u0131sn\u0131mansur, Behisni, Arga, Hekimhan, Birecik, \u00c7ermik vilayet ve kaza merkezlerinde h\u00fck\u00fcmet ve belediye dairelerinde ve sair m\u00fccssesat ve te\u015fkilatta, mekteplerde, \u00e7ar\u015f\u0131 ve pazarlarda T\u00fcrk\u00e7eden maada lisan kullananlar evamir-i h\u00fck\u00fcmete ve belediyeye muhalif ve mukavemet c\u00fcrmile tecziye edilirler.<\/p>\n<p style=\"margin-bottom: 0cm; text-align: justify;\">14- Aslen T\u00fcrk olan fakat K\u00fcrtl\u00fc\u011fe temess\u00fcl etmek \u00fczere olan bulunan mevkide ve Siirt, Mardin, Savur, gibi ahalisi Arap\u00e7a konu\u015fan mahallerde T\u00fcrk Ocaklar\u0131 ve mektep a\u00e7\u0131lmas\u0131 ve bilhassa her t\u00fcrl\u00fc fedakarl\u0131k iktiham olunarak m\u00fckemmel k\u0131z mektepleri tesis ve k\u0131zlar\u0131 mekteplere ra\u011fbetlerinin suveri adide ile temini laz\u0131md\u0131r.<br \/> Hassaten Dersim, tercihan ve m\u00fcstacelen leyli iptidailer a\u00e7\u0131lmak suretiyle K\u00fcrtl\u00fc\u011fe kar\u0131\u015fmaktan bir an ewel kurtar\u0131lmal\u0131d\u0131r.<\/p>\n<p style=\"margin-bottom: 0cm; text-align: justify;\">15- Dersimlilerin, Dersimden \u00e7\u0131kmak isteyen k\u0131s\u0131mlar\u0131 Sivas garbinde g\u00f6sterilecek m\u0131ntakaya nakledilebilirler. M\u00fcfetti\u015flik m\u0131ntakalar\u0131ndan bu suretle Anadolu dahiline nakledilmek arzu edenlerin h\u00fck\u00fcmet\u00e7e iras olunacak yerlere nakilleri de m\u00fcmk\u00fcnd\u00fcr.<\/p>\n<p style=\"margin-bottom: 0cm; text-align: justify;\">16- F\u0131rat garb\u0131ndaki vilayetlerimizin baz\u0131 akvam\u0131nda da\u011f\u0131n\u0131k bir surette yerle\u015fmi\u015f olan K\u00fcrtlerin K\u00fcrt\u00e7e konu\u015fmalar\u0131 behemehal men edilmeli ve k\u0131z mekteplerine ehemmiyet verilerek kad\u0131nlar\u0131n T\u00fcrk\u00e7e konu\u015fmalar\u0131 temin olunmal\u0131d\u0131r.<\/p>\n<p style=\"margin-bottom: 0cm; text-align: justify;\">17- H\u00fck\u00fcmet binalar\u0131 ile Jandarma karakollar\u0131 ve askeriye ve hudut karakollar\u0131 cemi ianat kanununa tevfikan s\u00fcratle in\u015fa edilecektir.<\/p>\n<p style=\"margin-bottom: 0cm; text-align: justify;\">Yaln\u0131z h\u00fck\u00fcmet konaklar\u0131 in\u015faat\u0131na h\u00fck\u00fcmet de muvazene-i umumiyeden yard\u0131m eder. Bu mebani meyan\u0131nda memurin ve zabitan ikametgahlar\u0131 da imkan nispetinde nazar-\u0131 dikkate al\u0131nmal\u0131d\u0131r.<\/p>\n<p style=\"margin-bottom: 0cm; text-align: justify;\">18- Bu m\u0131ntakadaki bilumum yollar\u0131n in\u015faat program\u0131, M\u00fcfetti\u015f-i Umumilik taraf\u0131ndan tanzim edilir. Evvelemirde idare-i umumiye ve hususiyeden olup m\u00fchim sevk\u00fclcey\u015fi yollar\u0131 \u0130n\u015fa edilmelidir.<\/p>\n<p style=\"margin-bottom: 0cm; text-align: justify;\">19- \u015eark \u015fimendiferlerinin Erzincan\u2019a, Sivas, Elaziz-Diyar\u0131bekir, Elaziz-\u00c7apak\u00e7ur-Mu\u015f, Van G\u00f6l\u00fcne m\u00fcmk\u00fcn oldu\u011fu kadar az zamanda varmas\u0131n\u0131 temine \u00e7al\u0131\u015fmak laz\u0131md\u0131r.<\/p>\n<p style=\"margin-bottom: 0cm; text-align: justify;\">20- Bilumum karakollar, m\u00fcdafaaya m\u00fcsait in\u015fa edilmekle beraber telefon ve helyosta ile<br \/> m\u00fccehhez olmal\u0131d\u0131r. Bu m\u0131ntakada behemehal birka\u00e7 telsiz istasyonu bulunmal\u0131d\u0131r.<\/p>\n<p style=\"margin-bottom: 0cm; text-align: justify;\">21- Ka\u00e7ak\u00e7\u0131l\u0131k, istihbarat, casusluk ve emniyet nokta-i nazar\u0131ndan hudut komiserleri esasl\u0131 vazi\u00fclceyi\u015f tebedd\u00fclat\u0131ndan maada hususat i\u00e7in Umumi M\u00fcfetti\u015ften evamir-i mucibe alabilirler.<\/p>\n<p style=\"margin-bottom: 0cm; text-align: justify;\"><img loading=\"lazy\" decoding=\"async\" class=\"alignleft size-medium wp-image-3168\" src=\"http:\/\/yasanacakdunya.net\/wp-content\/uploads\/2009\/11\/pranga-300x225.jpg\" border=\"0\" title=\"pranga\" width=\"300\" height=\"225\" style=\"float: left;\" \/>22- Ka\u00e7ak\u00e7\u0131l\u0131\u011fa mani olmak i\u00e7in Maliye Vek\u00e2letince al\u0131nacak otomobillerden bir ka\u00e7\u0131n\u0131n z\u0131rhl\u0131 otomobil olmas\u0131 ve bu otomobillerden indelluzum hudut k\u0131taat\u0131n\u0131n dahi istifadesi muvaf\u0131kt\u0131r.<\/p>\n<p style=\"margin-bottom: 0cm; text-align: justify;\">23- \u015eehir, kasaba ve nahiyelerde vazaif-i zabitan\u0131n kamilen polise tevdii ve jandarman\u0131n k\u0131ta halinde asayi\u015f ve takibatla tavzifi muvaf\u0131kt\u0131r. Bu bapta D\u00e2hiliye Vek\u00e2leti taraf\u0131ndan bir kanun tanzimi ve b\u00fct\u00e7elere buna nazaran nakliyat ve zammiyat icras\u0131 laz\u0131md\u0131r.<\/p>\n<p style=\"margin-bottom: 0cm; text-align: justify;\">24- Bu m\u0131ntakaya ecnebi bir \u015fah\u0131s ve m\u00fcessesenin h\u00fck\u00fcmetin m\u00fcsaadesi olmaks\u0131z\u0131n duhul ve teess\u00fcs\u00fcne m\u00fcsaade edilmeyecektir.<\/p>\n<p style=\"margin-bottom: 0cm; text-align: justify;\">25- Tahrir-i n\u00fcfus yap\u0131lan m\u0131ntakalarda derhal ahz\u0131asker te\u015fkilat\u0131 yap\u0131lacakt\u0131r. Dahil-i esnan olanlar bu m\u0131ntaka haricinde hizmet-i askeriyelerini ifa edeceklerdir. Bunlar\u0131n bir m\u00fcddet i\u00e7in gayr-i m\u00fcsellah hidematta istihdamlar\u0131 muvaf\u0131k olur.<\/p>\n<p style=\"margin-bottom: 0cm; text-align: justify;\">26- Bu m\u0131ntakada h\u00fck\u00fcmet, b\u00fct\u00fcn \u015fuabat-i idarede halk\u0131n i\u015fini bilavas\u0131ta ve bizzat g\u00f6rmeli ve mutavass\u0131tlar\u0131 \u015fiddetle red ve men eylemelidir.<\/p>\n<p style=\"margin-bottom: 0cm; text-align: justify;\">27- M\u00fcfetti\u015flik m\u0131ntakas\u0131ndaki vilayet taksimat\u0131n\u0131n tadil ve \u0130slah\u0131 umumi te\u015fkilat\u0131n kabul ve \u0130cras\u0131na kadar tehir olunabilir.<\/p>\n<p style=\"margin-bottom: 0cm;\"><strong>24 Eyl\u00fcl 1925<\/strong><\/p>\n<div class=\"details\">\n<p>YD: <a href=\"http:\/\/yasanacakdunya.net\/archives\/category\/avrupadan-haberler\" title=\"Avrupa kategorisindeki t\u00fcm yaz\u0131lar\u0131 g\u00f6ster\" rel=\"category tag\">Avrupa<\/a><\/p>\n<\/div>\n","protected":false},"excerpt":{"rendered":"<p>A\u015fa\u011f\u0131da, \u015eark Islahat Plan\u0131 Haz\u0131rlanmas\u0131na Dair Kararname (8 Eyl\u00fcl 1925) ve \u015eark Islahat Plan\u0131 (24 Eyl\u00fcl 1925) adl\u0131 iki tarihi belge yer almaktad\u0131r. Her iki belgede de Kemalizm\u2019in ve gen\u00e7 cumhuriyetin toplumu T\u00fcrkle\u015ftirme operasyonlar\u0131n\u0131n altyap\u0131s\u0131 g\u00f6r\u00fclecektir. 3 Aral\u0131k 1934 tarihli Cumhuriyet Gazetesi\u2019nin ma\u015feti; \u201cT\u00fcrk gibi ya\u015famak i\u00e7in T\u00fcrkiye\u2019ye gidiyoruz!..\u201d Balkanlardan ve Trakyadan\u00a0 \u201cHalis T\u00fcrkler\u201d K\u00fcrdistan\u2019a [&hellip;]<\/p>\n","protected":false},"author":1,"featured_media":0,"comment_status":"open","ping_status":"open","sticky":false,"template":"","format":"standard","meta":{"footnotes":""},"categories":[156],"tags":[],"class_list":{"0":"post-1588","1":"post","2":"type-post","3":"status-publish","4":"format-standard","6":"category-genel-tarih"},"yoast_head":"<!-- This site is optimized with the Yoast SEO Premium plugin v24.9 (Yoast SEO v24.9) - https:\/\/yoast.com\/wordpress\/plugins\/seo\/ -->\n<title>Cumhuriyetin Toplumu T\u00fcrkle\u015ftirme Harekat\u0131 - narteks.net<\/title>\n<meta name=\"robots\" content=\"index, follow, max-snippet:-1, max-image-preview:large, max-video-preview:-1\" \/>\n<link rel=\"canonical\" href=\"https:\/\/narteks.net\/index.php\/2009\/11\/23\/cumhuriyetin-toplumu-turklestirme-harekati\/\" \/>\n<meta property=\"og:locale\" content=\"tr_TR\" \/>\n<meta property=\"og:type\" content=\"article\" \/>\n<meta property=\"og:title\" content=\"Cumhuriyetin Toplumu T\u00fcrkle\u015ftirme Harekat\u0131\" \/>\n<meta property=\"og:description\" content=\"A\u015fa\u011f\u0131da, \u015eark Islahat Plan\u0131 Haz\u0131rlanmas\u0131na Dair Kararname (8 Eyl\u00fcl 1925) ve \u015eark Islahat Plan\u0131 (24 Eyl\u00fcl 1925) adl\u0131 iki tarihi belge yer almaktad\u0131r. Her iki belgede de Kemalizm\u2019in ve gen\u00e7 cumhuriyetin toplumu T\u00fcrkle\u015ftirme operasyonlar\u0131n\u0131n altyap\u0131s\u0131 g\u00f6r\u00fclecektir. 3 Aral\u0131k 1934 tarihli Cumhuriyet Gazetesi\u2019nin ma\u015feti; \u201cT\u00fcrk gibi ya\u015famak i\u00e7in T\u00fcrkiye\u2019ye gidiyoruz!..\u201d Balkanlardan ve Trakyadan\u00a0 \u201cHalis T\u00fcrkler\u201d K\u00fcrdistan\u2019a [&hellip;]\" \/>\n<meta property=\"og:url\" content=\"https:\/\/narteks.net\/index.php\/2009\/11\/23\/cumhuriyetin-toplumu-turklestirme-harekati\/\" \/>\n<meta property=\"og:site_name\" content=\"narteks.net\" \/>\n<meta property=\"article:published_time\" content=\"2009-11-23T17:20:38+00:00\" \/>\n<meta property=\"og:image\" content=\"http:\/\/yasanacakdunya.net\/wp-content\/uploads\/2009\/11\/gocmenler-kurdistana-yerlestiriliyor2-242x250.jpg\" \/>\n<meta name=\"author\" content=\"Tar\u0131k\" \/>\n<meta name=\"twitter:card\" content=\"summary_large_image\" \/>\n<meta name=\"twitter:creator\" content=\"@narteks\" \/>\n<meta name=\"twitter:site\" content=\"@narteks\" \/>\n<meta name=\"twitter:label1\" content=\"Yazan:\" \/>\n\t<meta name=\"twitter:data1\" content=\"Tar\u0131k\" \/>\n\t<meta name=\"twitter:label2\" content=\"Tahmini okuma s\u00fcresi\" \/>\n\t<meta name=\"twitter:data2\" content=\"11 dakika\" \/>\n<script type=\"application\/ld+json\" class=\"yoast-schema-graph\">{\"@context\":\"https:\/\/schema.org\",\"@graph\":[{\"@type\":\"Article\",\"@id\":\"https:\/\/narteks.net\/index.php\/2009\/11\/23\/cumhuriyetin-toplumu-turklestirme-harekati\/#article\",\"isPartOf\":{\"@id\":\"https:\/\/narteks.net\/index.php\/2009\/11\/23\/cumhuriyetin-toplumu-turklestirme-harekati\/\"},\"author\":{\"name\":\"Tar\u0131k\",\"@id\":\"https:\/\/narteks.net\/#\/schema\/person\/61f37d9834294b72d31d274e7ed79bca\"},\"headline\":\"Cumhuriyetin Toplumu T\u00fcrkle\u015ftirme Harekat\u0131\",\"datePublished\":\"2009-11-23T17:20:38+00:00\",\"mainEntityOfPage\":{\"@id\":\"https:\/\/narteks.net\/index.php\/2009\/11\/23\/cumhuriyetin-toplumu-turklestirme-harekati\/\"},\"wordCount\":2202,\"commentCount\":0,\"publisher\":{\"@id\":\"https:\/\/narteks.net\/#organization\"},\"image\":{\"@id\":\"https:\/\/narteks.net\/index.php\/2009\/11\/23\/cumhuriyetin-toplumu-turklestirme-harekati\/#primaryimage\"},\"thumbnailUrl\":\"http:\/\/yasanacakdunya.net\/wp-content\/uploads\/2009\/11\/gocmenler-kurdistana-yerlestiriliyor2-242x250.jpg\",\"articleSection\":[\"Genel Tarih\"],\"inLanguage\":\"tr\",\"potentialAction\":[{\"@type\":\"CommentAction\",\"name\":\"Comment\",\"target\":[\"https:\/\/narteks.net\/index.php\/2009\/11\/23\/cumhuriyetin-toplumu-turklestirme-harekati\/#respond\"]}]},{\"@type\":\"WebPage\",\"@id\":\"https:\/\/narteks.net\/index.php\/2009\/11\/23\/cumhuriyetin-toplumu-turklestirme-harekati\/\",\"url\":\"https:\/\/narteks.net\/index.php\/2009\/11\/23\/cumhuriyetin-toplumu-turklestirme-harekati\/\",\"name\":\"Cumhuriyetin Toplumu T\u00fcrkle\u015ftirme Harekat\u0131 - narteks.net\",\"isPartOf\":{\"@id\":\"https:\/\/narteks.net\/#website\"},\"primaryImageOfPage\":{\"@id\":\"https:\/\/narteks.net\/index.php\/2009\/11\/23\/cumhuriyetin-toplumu-turklestirme-harekati\/#primaryimage\"},\"image\":{\"@id\":\"https:\/\/narteks.net\/index.php\/2009\/11\/23\/cumhuriyetin-toplumu-turklestirme-harekati\/#primaryimage\"},\"thumbnailUrl\":\"http:\/\/yasanacakdunya.net\/wp-content\/uploads\/2009\/11\/gocmenler-kurdistana-yerlestiriliyor2-242x250.jpg\",\"datePublished\":\"2009-11-23T17:20:38+00:00\",\"breadcrumb\":{\"@id\":\"https:\/\/narteks.net\/index.php\/2009\/11\/23\/cumhuriyetin-toplumu-turklestirme-harekati\/#breadcrumb\"},\"inLanguage\":\"tr\",\"potentialAction\":[{\"@type\":\"ReadAction\",\"target\":[\"https:\/\/narteks.net\/index.php\/2009\/11\/23\/cumhuriyetin-toplumu-turklestirme-harekati\/\"]}]},{\"@type\":\"ImageObject\",\"inLanguage\":\"tr\",\"@id\":\"https:\/\/narteks.net\/index.php\/2009\/11\/23\/cumhuriyetin-toplumu-turklestirme-harekati\/#primaryimage\",\"url\":\"http:\/\/yasanacakdunya.net\/wp-content\/uploads\/2009\/11\/gocmenler-kurdistana-yerlestiriliyor2-242x250.jpg\",\"contentUrl\":\"http:\/\/yasanacakdunya.net\/wp-content\/uploads\/2009\/11\/gocmenler-kurdistana-yerlestiriliyor2-242x250.jpg\"},{\"@type\":\"BreadcrumbList\",\"@id\":\"https:\/\/narteks.net\/index.php\/2009\/11\/23\/cumhuriyetin-toplumu-turklestirme-harekati\/#breadcrumb\",\"itemListElement\":[{\"@type\":\"ListItem\",\"position\":1,\"name\":\"Anasayfa\",\"item\":\"https:\/\/narteks.net\/\"},{\"@type\":\"ListItem\",\"position\":2,\"name\":\"Cumhuriyetin Toplumu T\u00fcrkle\u015ftirme Harekat\u0131\"}]},{\"@type\":\"WebSite\",\"@id\":\"https:\/\/narteks.net\/#website\",\"url\":\"https:\/\/narteks.net\/\",\"name\":\"narteks.net\",\"description\":\"K\u00fclt\u00fcr Sanat Edebiyat Felsefe\",\"publisher\":{\"@id\":\"https:\/\/narteks.net\/#organization\"},\"alternateName\":\"K\u00fclt\u00fcr Sanat Edebiyat Felsefe\",\"potentialAction\":[{\"@type\":\"SearchAction\",\"target\":{\"@type\":\"EntryPoint\",\"urlTemplate\":\"https:\/\/narteks.net\/?s={search_term_string}\"},\"query-input\":{\"@type\":\"PropertyValueSpecification\",\"valueRequired\":true,\"valueName\":\"search_term_string\"}}],\"inLanguage\":\"tr\"},{\"@type\":\"Organization\",\"@id\":\"https:\/\/narteks.net\/#organization\",\"name\":\"narteks.net\",\"url\":\"https:\/\/narteks.net\/\",\"logo\":{\"@type\":\"ImageObject\",\"inLanguage\":\"tr\",\"@id\":\"https:\/\/narteks.net\/#\/schema\/logo\/image\/\",\"url\":\"https:\/\/narteks.net\/wp-content\/uploads\/narteks.png\",\"contentUrl\":\"https:\/\/narteks.net\/wp-content\/uploads\/narteks.png\",\"width\":300,\"height\":90,\"caption\":\"narteks.net\"},\"image\":{\"@id\":\"https:\/\/narteks.net\/#\/schema\/logo\/image\/\"},\"sameAs\":[\"https:\/\/x.com\/narteks\",\"https:\/\/instagram.com\/narteksnet\"]},{\"@type\":\"Person\",\"@id\":\"https:\/\/narteks.net\/#\/schema\/person\/61f37d9834294b72d31d274e7ed79bca\",\"name\":\"Tar\u0131k\",\"image\":{\"@type\":\"ImageObject\",\"inLanguage\":\"tr\",\"@id\":\"https:\/\/narteks.net\/#\/schema\/person\/image\/\",\"url\":\"https:\/\/secure.gravatar.com\/avatar\/50865afb55632c4ae467e0af0930f6510aa2297d8014be502a55b14f3b7550cf?s=96&d=mm&r=g\",\"contentUrl\":\"https:\/\/secure.gravatar.com\/avatar\/50865afb55632c4ae467e0af0930f6510aa2297d8014be502a55b14f3b7550cf?s=96&d=mm&r=g\",\"caption\":\"Tar\u0131k\"},\"sameAs\":[\"http:\/\/narteks.net\"],\"url\":\"https:\/\/narteks.net\/index.php\/author\/narbak\/\"}]}<\/script>\n<!-- \/ Yoast SEO Premium plugin. -->","yoast_head_json":{"title":"Cumhuriyetin Toplumu T\u00fcrkle\u015ftirme Harekat\u0131 - narteks.net","robots":{"index":"index","follow":"follow","max-snippet":"max-snippet:-1","max-image-preview":"max-image-preview:large","max-video-preview":"max-video-preview:-1"},"canonical":"https:\/\/narteks.net\/index.php\/2009\/11\/23\/cumhuriyetin-toplumu-turklestirme-harekati\/","og_locale":"tr_TR","og_type":"article","og_title":"Cumhuriyetin Toplumu T\u00fcrkle\u015ftirme Harekat\u0131","og_description":"A\u015fa\u011f\u0131da, \u015eark Islahat Plan\u0131 Haz\u0131rlanmas\u0131na Dair Kararname (8 Eyl\u00fcl 1925) ve \u015eark Islahat Plan\u0131 (24 Eyl\u00fcl 1925) adl\u0131 iki tarihi belge yer almaktad\u0131r. Her iki belgede de Kemalizm\u2019in ve gen\u00e7 cumhuriyetin toplumu T\u00fcrkle\u015ftirme operasyonlar\u0131n\u0131n altyap\u0131s\u0131 g\u00f6r\u00fclecektir. 3 Aral\u0131k 1934 tarihli Cumhuriyet Gazetesi\u2019nin ma\u015feti; \u201cT\u00fcrk gibi ya\u015famak i\u00e7in T\u00fcrkiye\u2019ye gidiyoruz!..\u201d Balkanlardan ve Trakyadan\u00a0 \u201cHalis T\u00fcrkler\u201d K\u00fcrdistan\u2019a [&hellip;]","og_url":"https:\/\/narteks.net\/index.php\/2009\/11\/23\/cumhuriyetin-toplumu-turklestirme-harekati\/","og_site_name":"narteks.net","article_published_time":"2009-11-23T17:20:38+00:00","og_image":[{"url":"http:\/\/yasanacakdunya.net\/wp-content\/uploads\/2009\/11\/gocmenler-kurdistana-yerlestiriliyor2-242x250.jpg","type":"","width":"","height":""}],"author":"Tar\u0131k","twitter_card":"summary_large_image","twitter_creator":"@narteks","twitter_site":"@narteks","twitter_misc":{"Yazan:":"Tar\u0131k","Tahmini okuma s\u00fcresi":"11 dakika"},"schema":{"@context":"https:\/\/schema.org","@graph":[{"@type":"Article","@id":"https:\/\/narteks.net\/index.php\/2009\/11\/23\/cumhuriyetin-toplumu-turklestirme-harekati\/#article","isPartOf":{"@id":"https:\/\/narteks.net\/index.php\/2009\/11\/23\/cumhuriyetin-toplumu-turklestirme-harekati\/"},"author":{"name":"Tar\u0131k","@id":"https:\/\/narteks.net\/#\/schema\/person\/61f37d9834294b72d31d274e7ed79bca"},"headline":"Cumhuriyetin Toplumu T\u00fcrkle\u015ftirme Harekat\u0131","datePublished":"2009-11-23T17:20:38+00:00","mainEntityOfPage":{"@id":"https:\/\/narteks.net\/index.php\/2009\/11\/23\/cumhuriyetin-toplumu-turklestirme-harekati\/"},"wordCount":2202,"commentCount":0,"publisher":{"@id":"https:\/\/narteks.net\/#organization"},"image":{"@id":"https:\/\/narteks.net\/index.php\/2009\/11\/23\/cumhuriyetin-toplumu-turklestirme-harekati\/#primaryimage"},"thumbnailUrl":"http:\/\/yasanacakdunya.net\/wp-content\/uploads\/2009\/11\/gocmenler-kurdistana-yerlestiriliyor2-242x250.jpg","articleSection":["Genel Tarih"],"inLanguage":"tr","potentialAction":[{"@type":"CommentAction","name":"Comment","target":["https:\/\/narteks.net\/index.php\/2009\/11\/23\/cumhuriyetin-toplumu-turklestirme-harekati\/#respond"]}]},{"@type":"WebPage","@id":"https:\/\/narteks.net\/index.php\/2009\/11\/23\/cumhuriyetin-toplumu-turklestirme-harekati\/","url":"https:\/\/narteks.net\/index.php\/2009\/11\/23\/cumhuriyetin-toplumu-turklestirme-harekati\/","name":"Cumhuriyetin Toplumu T\u00fcrkle\u015ftirme Harekat\u0131 - narteks.net","isPartOf":{"@id":"https:\/\/narteks.net\/#website"},"primaryImageOfPage":{"@id":"https:\/\/narteks.net\/index.php\/2009\/11\/23\/cumhuriyetin-toplumu-turklestirme-harekati\/#primaryimage"},"image":{"@id":"https:\/\/narteks.net\/index.php\/2009\/11\/23\/cumhuriyetin-toplumu-turklestirme-harekati\/#primaryimage"},"thumbnailUrl":"http:\/\/yasanacakdunya.net\/wp-content\/uploads\/2009\/11\/gocmenler-kurdistana-yerlestiriliyor2-242x250.jpg","datePublished":"2009-11-23T17:20:38+00:00","breadcrumb":{"@id":"https:\/\/narteks.net\/index.php\/2009\/11\/23\/cumhuriyetin-toplumu-turklestirme-harekati\/#breadcrumb"},"inLanguage":"tr","potentialAction":[{"@type":"ReadAction","target":["https:\/\/narteks.net\/index.php\/2009\/11\/23\/cumhuriyetin-toplumu-turklestirme-harekati\/"]}]},{"@type":"ImageObject","inLanguage":"tr","@id":"https:\/\/narteks.net\/index.php\/2009\/11\/23\/cumhuriyetin-toplumu-turklestirme-harekati\/#primaryimage","url":"http:\/\/yasanacakdunya.net\/wp-content\/uploads\/2009\/11\/gocmenler-kurdistana-yerlestiriliyor2-242x250.jpg","contentUrl":"http:\/\/yasanacakdunya.net\/wp-content\/uploads\/2009\/11\/gocmenler-kurdistana-yerlestiriliyor2-242x250.jpg"},{"@type":"BreadcrumbList","@id":"https:\/\/narteks.net\/index.php\/2009\/11\/23\/cumhuriyetin-toplumu-turklestirme-harekati\/#breadcrumb","itemListElement":[{"@type":"ListItem","position":1,"name":"Anasayfa","item":"https:\/\/narteks.net\/"},{"@type":"ListItem","position":2,"name":"Cumhuriyetin Toplumu T\u00fcrkle\u015ftirme Harekat\u0131"}]},{"@type":"WebSite","@id":"https:\/\/narteks.net\/#website","url":"https:\/\/narteks.net\/","name":"narteks.net","description":"K\u00fclt\u00fcr Sanat Edebiyat Felsefe","publisher":{"@id":"https:\/\/narteks.net\/#organization"},"alternateName":"K\u00fclt\u00fcr Sanat Edebiyat Felsefe","potentialAction":[{"@type":"SearchAction","target":{"@type":"EntryPoint","urlTemplate":"https:\/\/narteks.net\/?s={search_term_string}"},"query-input":{"@type":"PropertyValueSpecification","valueRequired":true,"valueName":"search_term_string"}}],"inLanguage":"tr"},{"@type":"Organization","@id":"https:\/\/narteks.net\/#organization","name":"narteks.net","url":"https:\/\/narteks.net\/","logo":{"@type":"ImageObject","inLanguage":"tr","@id":"https:\/\/narteks.net\/#\/schema\/logo\/image\/","url":"https:\/\/narteks.net\/wp-content\/uploads\/narteks.png","contentUrl":"https:\/\/narteks.net\/wp-content\/uploads\/narteks.png","width":300,"height":90,"caption":"narteks.net"},"image":{"@id":"https:\/\/narteks.net\/#\/schema\/logo\/image\/"},"sameAs":["https:\/\/x.com\/narteks","https:\/\/instagram.com\/narteksnet"]},{"@type":"Person","@id":"https:\/\/narteks.net\/#\/schema\/person\/61f37d9834294b72d31d274e7ed79bca","name":"Tar\u0131k","image":{"@type":"ImageObject","inLanguage":"tr","@id":"https:\/\/narteks.net\/#\/schema\/person\/image\/","url":"https:\/\/secure.gravatar.com\/avatar\/50865afb55632c4ae467e0af0930f6510aa2297d8014be502a55b14f3b7550cf?s=96&d=mm&r=g","contentUrl":"https:\/\/secure.gravatar.com\/avatar\/50865afb55632c4ae467e0af0930f6510aa2297d8014be502a55b14f3b7550cf?s=96&d=mm&r=g","caption":"Tar\u0131k"},"sameAs":["http:\/\/narteks.net"],"url":"https:\/\/narteks.net\/index.php\/author\/narbak\/"}]}},"_links":{"self":[{"href":"https:\/\/narteks.net\/index.php\/wp-json\/wp\/v2\/posts\/1588","targetHints":{"allow":["GET"]}}],"collection":[{"href":"https:\/\/narteks.net\/index.php\/wp-json\/wp\/v2\/posts"}],"about":[{"href":"https:\/\/narteks.net\/index.php\/wp-json\/wp\/v2\/types\/post"}],"author":[{"embeddable":true,"href":"https:\/\/narteks.net\/index.php\/wp-json\/wp\/v2\/users\/1"}],"replies":[{"embeddable":true,"href":"https:\/\/narteks.net\/index.php\/wp-json\/wp\/v2\/comments?post=1588"}],"version-history":[{"count":0,"href":"https:\/\/narteks.net\/index.php\/wp-json\/wp\/v2\/posts\/1588\/revisions"}],"wp:attachment":[{"href":"https:\/\/narteks.net\/index.php\/wp-json\/wp\/v2\/media?parent=1588"}],"wp:term":[{"taxonomy":"category","embeddable":true,"href":"https:\/\/narteks.net\/index.php\/wp-json\/wp\/v2\/categories?post=1588"},{"taxonomy":"post_tag","embeddable":true,"href":"https:\/\/narteks.net\/index.php\/wp-json\/wp\/v2\/tags?post=1588"}],"curies":[{"name":"wp","href":"https:\/\/api.w.org\/{rel}","templated":true}]}}