{"id":16,"date":"2009-02-27T13:13:33","date_gmt":"2009-02-27T10:13:33","guid":{"rendered":""},"modified":"2009-02-27T13:13:33","modified_gmt":"2009-02-27T10:13:33","slug":"gozler-yangin-simdi","status":"publish","type":"post","link":"https:\/\/narteks.net\/index.php\/2009\/02\/27\/gozler-yangin-simdi\/","title":{"rendered":"G\u00d6ZLER YANGIN \u015eIMDI"},"content":{"rendered":"<p>\u00a0<\/p>\n<p><span>bunca y\u0131l \u00e7\u0131\u011fl\u0131klar ko\u015fturulmu\u015f bu yolda <br \/> deli taylar gibi ter i\u00e7inde \u00e7\u0131\u011fl\u0131klar  <br \/> savrulan bir yanl\u0131\u015fa vurulmak i\u00e7in mi <br \/> yoksa da\u011flar\u0131 y\u0131rta y\u0131rta y\u00fcr\u00fcyen <br \/> bir \u0131rmak diliyle durulmak i\u00e7in mi <\/p>\n<p> g\u00f6zler yang\u0131n \u015fimdi-ufuklar duman <br \/> d\u00fcnya de\u011fi\u015fiyor-masal\u0131 koca bir yalan <\/p>\n<p> tam k\u0131rk y\u0131l buland\u0131rd\u0131lar sular\u0131 <br \/> nil\u00fcferleri da\u011flara ta\u015f\u0131d\u0131lar <br \/> kekikleri \u00e7aylara <br \/> u\u011frun u\u011frun-ince ince-gizlice <br \/> ve sinsice y\u00fcr\u00fcd\u00fcler karanl\u0131klara <br \/> p\u0131narba\u015flar\u0131nda yarpuzlar utand\u0131 <br \/> ormanda k\u00f6knarlar <br \/> sonra leylak d\u00fc\u015fman\u0131 bir ak\u015fam vakti <br \/> d\u00fcnyan\u0131n de\u011fi\u015fti\u011fini buyurdular <br \/> ihaneti kanl\u0131 bir gelinlik i\u00e7inde <br \/> yery\u00fcz\u00fcn\u00fcn yata\u011f\u0131nda doyurdular <\/p>\n<p> durduk d\u00fc\u015f\u00fcnd\u00fck sularla birlikte <br \/> da\u011flarla &#8211; ormanlarla &#8211; bulutlarla birlikte <br \/> durduk d\u00fc\u015f\u00fcnd\u00fck <br \/> nergislerle &#8211; nevruzlarla &#8211; g\u00fcllerle birlikte <br \/> yok olan hi\u00e7bir \u00e7i\u00e7ek yoktu yery\u00fcz\u00fcnde <br \/> durduk d\u00fc\u015f\u00fcnd\u00fck <br \/> mart\u0131larla &#8211; turnalarla &#8211; g\u00fcvercinlerle birlikte <br \/> yok olan hi\u00e7bir g\u00fczellik yoktu yery\u00fcz\u00fcnde <br \/> durduk d\u00fc\u015f\u00fcnd\u00fck <br \/> nehirlerle &#8211; denizlerle &#8211; okyanuslarla birlikte <br \/> yok olan hi\u00e7bir dalga yoktu yery\u00fcz\u00fcnde <\/p>\n<p> tamda yunuslar sevi\u015firken ar\u015fipel&#8217;de <br \/> tamda g\u00f6kku\u015fa\u011f\u0131 sevinle\u015firken <br \/> \u00f6zlenen renkler siliniyor dediler <br \/> tamda insan\u0131n insanl\u0131\u011f\u0131na \u00e7eyrek kala <br \/> yar\u0131m metrelik cam bir sava\u015f alan\u0131yla  <br \/> \u00e7\u0131kt\u0131lar kar\u015f\u0131m\u0131za teknoloji yalan\u0131yla <br \/> g\u00f6zler yang\u0131n \u015fimdi ufuklar duman <br \/> d\u00fcnya de\u011fi\u015fiyor masal\u0131 koca bir yalan <\/p>\n<p> \u00e7ocuklar \u00f6l\u00fcrken b\u00fct\u00fcn \u00fclkelerde <br \/> ey koca naz\u0131m <br \/> ey ustam\u0131n ustam dedi\u011fi <br \/> milyonlar i\u00e7indeki vatans\u0131z yaln\u0131z\u0131m <\/p>\n<p> \u00e7ocuklar g\u00fcld\u00fc demi\u015ftin o b\u00fcy\u00fck \u00fclkede <br \/> gel de g\u00f6r \u015fimdi <br \/> o y\u00fczlerde b\u00fcy\u00fcm\u00fc\u015f yar\u0131ns\u0131z \u00f6fkeyi <br \/> gel de g\u00f6r <br \/> gece gelen telgraftaki y\u00fcce de\u011ferin <br \/> nas\u0131l bir k\u00f6rl\u00fc\u011fe kurban verildi\u011fini <br \/> yureklerde y\u00fckselen son an\u0131t\u0131nda  <br \/> gel de g\u00f6r nas\u0131l yerlere serildi\u011fini <\/p>\n<p> sonras\u0131 vurgun soygun ve talan <br \/> sonras\u0131 g\u00f6zya\u015f\u0131 ve kan <br \/> \u00e7aykovski harlemde bir tepinme <br \/> tolstoy s\u00fctyen bo\u015fluklar\u0131nda pembe dizi <br \/> mayakovski bir papaz duas\u0131 belki <br \/> pu\u015fkin \u00e7arl\u0131k \u00f6zlemlerinin \u015fiirsel gizi <\/p>\n<p> g\u00f6zler yang\u0131n \u015fimdi ufuklar duman <br \/> d\u00fcnya de\u011fi\u015fiyor masal\u0131 koca bir yalan <\/p>\n<p> ne olur tun\u00e7tand\u0131 demirdendi demeseydin <br \/> bir tabuttan korkan o \u015faire g\u00f6n\u00fcl vermeseydin <br \/> neruda&#8217;nin \u015fili kas\u0131mpat\u0131lar\u0131n\u0131  <br \/> hasan h\u00fcseyin&#8217;in k\u0131rm\u0131z\u0131 g\u00fcl dallar\u0131n\u0131 <br \/> howard fast&#8217;in f\u0131rt\u0131na sonras\u0131 \u00e7\u0131\u011fl\u0131klar\u0131n\u0131  <br \/> \u00f6lmeden \u00f6nce mezar\u0131n\u0131n ba\u015f\u0131na koysayd\u0131n <br \/> burcu burcu koksayd\u0131n <br \/> d\u00fcnya de\u011fi\u015fiyor masal\u0131na kahkalar atsayd\u0131n <br \/> son anda sokup ellerini kanayan kalbine <br \/> \u00e7ocuk y\u00fczl\u00fc yepyeni bir \u015fiir \u00e7\u0131karsayd\u0131n <\/p>\n<p> nas\u0131l da severim seni <br \/> hiro\u015fimal\u0131 bir k\u0131z\u0131n yaprak dudaklar\u0131nda <br \/> i\u015f\u00e7i tulumuyla istanbul da taksim alan\u0131nda <br \/> ve 1960 yaz\u0131nda k\u00fcba da nas\u0131l da severim <br \/> al \u015fimdi ellerimi <br \/> yatt\u0131\u011f\u0131n o b\u00fcy\u00fck \u00fclkenin topraklar\u0131na uzat <br \/> yanar parmaklar\u0131m yanar <br \/> ne \u015folohovlar ne de gorkiler var <br \/> yaln\u0131zca seni o topraklarda tutsak edenler <br \/> ve memedin \u00f6zlemiyle oraya g\u00f6menler var <\/p>\n<p> yanarda\u011flar m\u0131 patl\u0131yor bilemiyorum <br \/> denizlerle karalar yer de\u011fi\u015ftiriyor <br \/> dinazorlar m\u0131 gocuyor yoksa <br \/> bir yan\u0131m t\u0131rpan yine-bir yan\u0131m g\u00fcl bah\u00e7esi <br \/> bir yan\u0131m soygun yine-bir yan\u0131m ter ezgisi <br \/> s\u00f6yler misin ey ustalar\u0131n ustas\u0131 <br \/> nedir bu de\u011fi\u015fmenin yar\u0131ns\u0131z sonras\u0131 <\/p>\n<p> \u015fimdi senin ceviz yapra\u011f\u0131 k\u0131v\u0131l k\u0131v\u0131l \u00fclkende <br \/> kimi d\u00fcnya de\u011fi\u015fiyor masal\u0131n\u0131n halinde <br \/> ki orta asyan\u0131n k\u0131m\u0131z tad\u0131 hala dilinde <br \/> kimi zonguldak madenlerinde <br \/> pa\u015fabah\u00e7ede ve \u00e7ukobirlikte <br \/> yurti\u00e7i kargoda ve toros g\u00fcbrede <br \/> direnen b\u00fct\u00fcn y\u00fcreklerle birlikte <br \/> kimi dort bin y\u0131ll\u0131k g\u00fcne\u015f pe\u015finde <br \/> ad\u0131n\u0131n \u00f6zg\u00fcrl\u00fc\u011f\u00fc i\u00e7in d\u00f6\u011f\u00fc\u015fmekte <br \/> de\u011fi\u015fen nedir s\u00f6yler misin <br \/> al\u0131nterinin nehirle\u015fti\u011fi bu ya\u015fam i\u00e7inde <\/p>\n<p> bir tren penceresinde saman sar\u0131s\u0131 sa\u00e7lar <br \/> r\u00fczgar\u0131n yelesinde nas\u0131l \u00fclkeden \u00fclkeye <br \/> beyinden yure\u011fe nas\u0131l f\u0131rt\u0131nalarla ko\u015far  <br \/> o b\u00fcy\u00fck co\u015fkular <br \/> o sonsuz duygular <br \/> uzansam her teline \u015fimdi ellerim yanar <br \/> her biri be\u015f dolara bir masadan u\u00e7ar <br \/> bir ba\u015fka masaya konar <br \/> seninse bu k\u00f6rk\u00fct\u00fck gidi\u015f i\u00e7inde <br \/> insanl\u0131k ad\u0131na y\u00fcre\u011fin bir ba\u015fka kanar <\/p>\n<p> dikersin g\u00f6zlerini masmavi yar\u0131nlara <br \/> insanl\u0131\u011f\u0131n insanca ya\u015fam\u0131n\u0131 \u00f6zlersin <br \/> ve s\u00f6ylenirsin kendi kendine <br \/> \u00e7a\u011f\u0131n\u0131n tan\u0131\u011f\u0131 her \u015fair gibi sen de <br \/> ne a\u00e7l\u0131k ne zul\u00fcm ne de kan <br \/> ancak biz kazand\u0131\u011f\u0131m\u0131z zaman <br \/> ve b\u00fct\u00fcn insanl\u0131k insanca ya\u015fad\u0131\u011f\u0131 zaman <\/span><\/p>\n<p>ADNAN Y\u00dcCEL<\/p>\n","protected":false},"excerpt":{"rendered":"<p>\u00a0 bunca y\u0131l \u00e7\u0131\u011fl\u0131klar ko\u015fturulmu\u015f bu yolda deli taylar gibi ter i\u00e7inde \u00e7\u0131\u011fl\u0131klar savrulan bir yanl\u0131\u015fa vurulmak i\u00e7in mi yoksa da\u011flar\u0131 y\u0131rta y\u0131rta y\u00fcr\u00fcyen bir \u0131rmak diliyle durulmak i\u00e7in mi g\u00f6zler yang\u0131n \u015fimdi-ufuklar duman d\u00fcnya de\u011fi\u015fiyor-masal\u0131 koca bir yalan tam k\u0131rk y\u0131l buland\u0131rd\u0131lar sular\u0131 nil\u00fcferleri da\u011flara ta\u015f\u0131d\u0131lar kekikleri \u00e7aylara u\u011frun u\u011frun-ince ince-gizlice ve sinsice y\u00fcr\u00fcd\u00fcler [&hellip;]<\/p>\n","protected":false},"author":1,"featured_media":0,"comment_status":"open","ping_status":"open","sticky":false,"template":"","format":"standard","meta":{"footnotes":""},"categories":[3],"tags":[],"class_list":{"0":"post-16","1":"post","2":"type-post","3":"status-publish","4":"format-standard","6":"category-adnan-yucel"},"yoast_head":"<!-- This site is optimized with the Yoast SEO Premium plugin v24.9 (Yoast SEO v24.9) - https:\/\/yoast.com\/wordpress\/plugins\/seo\/ -->\n<title>G\u00d6ZLER YANGIN \u015eIMDI - narteks.net<\/title>\n<meta name=\"robots\" content=\"index, follow, max-snippet:-1, max-image-preview:large, max-video-preview:-1\" \/>\n<link rel=\"canonical\" href=\"https:\/\/narteks.net\/index.php\/2009\/02\/27\/gozler-yangin-simdi\/\" \/>\n<meta property=\"og:locale\" content=\"tr_TR\" \/>\n<meta property=\"og:type\" content=\"article\" \/>\n<meta property=\"og:title\" content=\"G\u00d6ZLER YANGIN \u015eIMDI\" \/>\n<meta property=\"og:description\" content=\"\u00a0 bunca y\u0131l \u00e7\u0131\u011fl\u0131klar ko\u015fturulmu\u015f bu yolda deli taylar gibi ter i\u00e7inde \u00e7\u0131\u011fl\u0131klar savrulan bir yanl\u0131\u015fa vurulmak i\u00e7in mi yoksa da\u011flar\u0131 y\u0131rta y\u0131rta y\u00fcr\u00fcyen bir \u0131rmak diliyle durulmak i\u00e7in mi g\u00f6zler yang\u0131n \u015fimdi-ufuklar duman d\u00fcnya de\u011fi\u015fiyor-masal\u0131 koca bir yalan tam k\u0131rk y\u0131l buland\u0131rd\u0131lar sular\u0131 nil\u00fcferleri da\u011flara ta\u015f\u0131d\u0131lar kekikleri \u00e7aylara u\u011frun u\u011frun-ince ince-gizlice ve sinsice y\u00fcr\u00fcd\u00fcler [&hellip;]\" \/>\n<meta property=\"og:url\" content=\"https:\/\/narteks.net\/index.php\/2009\/02\/27\/gozler-yangin-simdi\/\" \/>\n<meta property=\"og:site_name\" content=\"narteks.net\" \/>\n<meta property=\"article:published_time\" content=\"2009-02-27T10:13:33+00:00\" \/>\n<meta property=\"og:image\" content=\"https:\/\/narteks.net\/wp-content\/uploads\/narteks.png\" \/>\n\t<meta property=\"og:image:width\" content=\"300\" \/>\n\t<meta property=\"og:image:height\" content=\"90\" \/>\n\t<meta property=\"og:image:type\" content=\"image\/png\" \/>\n<meta name=\"author\" content=\"Tar\u0131k\" \/>\n<meta name=\"twitter:card\" content=\"summary_large_image\" \/>\n<meta name=\"twitter:creator\" content=\"@narteks\" \/>\n<meta name=\"twitter:site\" content=\"@narteks\" \/>\n<meta name=\"twitter:label1\" content=\"Yazan:\" \/>\n\t<meta name=\"twitter:data1\" content=\"Tar\u0131k\" \/>\n\t<meta name=\"twitter:label2\" content=\"Tahmini okuma s\u00fcresi\" \/>\n\t<meta name=\"twitter:data2\" content=\"4 dakika\" \/>\n<script type=\"application\/ld+json\" class=\"yoast-schema-graph\">{\"@context\":\"https:\/\/schema.org\",\"@graph\":[{\"@type\":\"Article\",\"@id\":\"https:\/\/narteks.net\/index.php\/2009\/02\/27\/gozler-yangin-simdi\/#article\",\"isPartOf\":{\"@id\":\"https:\/\/narteks.net\/index.php\/2009\/02\/27\/gozler-yangin-simdi\/\"},\"author\":{\"name\":\"Tar\u0131k\",\"@id\":\"https:\/\/narteks.net\/#\/schema\/person\/61f37d9834294b72d31d274e7ed79bca\"},\"headline\":\"G\u00d6ZLER YANGIN \u015eIMDI\",\"datePublished\":\"2009-02-27T10:13:33+00:00\",\"mainEntityOfPage\":{\"@id\":\"https:\/\/narteks.net\/index.php\/2009\/02\/27\/gozler-yangin-simdi\/\"},\"wordCount\":813,\"commentCount\":0,\"publisher\":{\"@id\":\"https:\/\/narteks.net\/#organization\"},\"articleSection\":[\"Adnan Y\u00dcCEL\"],\"inLanguage\":\"tr\",\"potentialAction\":[{\"@type\":\"CommentAction\",\"name\":\"Comment\",\"target\":[\"https:\/\/narteks.net\/index.php\/2009\/02\/27\/gozler-yangin-simdi\/#respond\"]}]},{\"@type\":\"WebPage\",\"@id\":\"https:\/\/narteks.net\/index.php\/2009\/02\/27\/gozler-yangin-simdi\/\",\"url\":\"https:\/\/narteks.net\/index.php\/2009\/02\/27\/gozler-yangin-simdi\/\",\"name\":\"G\u00d6ZLER YANGIN \u015eIMDI - narteks.net\",\"isPartOf\":{\"@id\":\"https:\/\/narteks.net\/#website\"},\"datePublished\":\"2009-02-27T10:13:33+00:00\",\"breadcrumb\":{\"@id\":\"https:\/\/narteks.net\/index.php\/2009\/02\/27\/gozler-yangin-simdi\/#breadcrumb\"},\"inLanguage\":\"tr\",\"potentialAction\":[{\"@type\":\"ReadAction\",\"target\":[\"https:\/\/narteks.net\/index.php\/2009\/02\/27\/gozler-yangin-simdi\/\"]}]},{\"@type\":\"BreadcrumbList\",\"@id\":\"https:\/\/narteks.net\/index.php\/2009\/02\/27\/gozler-yangin-simdi\/#breadcrumb\",\"itemListElement\":[{\"@type\":\"ListItem\",\"position\":1,\"name\":\"Anasayfa\",\"item\":\"https:\/\/narteks.net\/\"},{\"@type\":\"ListItem\",\"position\":2,\"name\":\"G\u00d6ZLER YANGIN \u015eIMDI\"}]},{\"@type\":\"WebSite\",\"@id\":\"https:\/\/narteks.net\/#website\",\"url\":\"https:\/\/narteks.net\/\",\"name\":\"narteks.net\",\"description\":\"K\u00fclt\u00fcr Sanat Edebiyat Felsefe\",\"publisher\":{\"@id\":\"https:\/\/narteks.net\/#organization\"},\"alternateName\":\"K\u00fclt\u00fcr Sanat Edebiyat Felsefe\",\"potentialAction\":[{\"@type\":\"SearchAction\",\"target\":{\"@type\":\"EntryPoint\",\"urlTemplate\":\"https:\/\/narteks.net\/?s={search_term_string}\"},\"query-input\":{\"@type\":\"PropertyValueSpecification\",\"valueRequired\":true,\"valueName\":\"search_term_string\"}}],\"inLanguage\":\"tr\"},{\"@type\":\"Organization\",\"@id\":\"https:\/\/narteks.net\/#organization\",\"name\":\"narteks.net\",\"url\":\"https:\/\/narteks.net\/\",\"logo\":{\"@type\":\"ImageObject\",\"inLanguage\":\"tr\",\"@id\":\"https:\/\/narteks.net\/#\/schema\/logo\/image\/\",\"url\":\"https:\/\/narteks.net\/wp-content\/uploads\/narteks.png\",\"contentUrl\":\"https:\/\/narteks.net\/wp-content\/uploads\/narteks.png\",\"width\":300,\"height\":90,\"caption\":\"narteks.net\"},\"image\":{\"@id\":\"https:\/\/narteks.net\/#\/schema\/logo\/image\/\"},\"sameAs\":[\"https:\/\/x.com\/narteks\",\"https:\/\/instagram.com\/narteksnet\"]},{\"@type\":\"Person\",\"@id\":\"https:\/\/narteks.net\/#\/schema\/person\/61f37d9834294b72d31d274e7ed79bca\",\"name\":\"Tar\u0131k\",\"image\":{\"@type\":\"ImageObject\",\"inLanguage\":\"tr\",\"@id\":\"https:\/\/narteks.net\/#\/schema\/person\/image\/\",\"url\":\"https:\/\/secure.gravatar.com\/avatar\/50865afb55632c4ae467e0af0930f6510aa2297d8014be502a55b14f3b7550cf?s=96&d=mm&r=g\",\"contentUrl\":\"https:\/\/secure.gravatar.com\/avatar\/50865afb55632c4ae467e0af0930f6510aa2297d8014be502a55b14f3b7550cf?s=96&d=mm&r=g\",\"caption\":\"Tar\u0131k\"},\"sameAs\":[\"http:\/\/narteks.net\"],\"url\":\"https:\/\/narteks.net\/index.php\/author\/narbak\/\"}]}<\/script>\n<!-- \/ Yoast SEO Premium plugin. -->","yoast_head_json":{"title":"G\u00d6ZLER YANGIN \u015eIMDI - narteks.net","robots":{"index":"index","follow":"follow","max-snippet":"max-snippet:-1","max-image-preview":"max-image-preview:large","max-video-preview":"max-video-preview:-1"},"canonical":"https:\/\/narteks.net\/index.php\/2009\/02\/27\/gozler-yangin-simdi\/","og_locale":"tr_TR","og_type":"article","og_title":"G\u00d6ZLER YANGIN \u015eIMDI","og_description":"\u00a0 bunca y\u0131l \u00e7\u0131\u011fl\u0131klar ko\u015fturulmu\u015f bu yolda deli taylar gibi ter i\u00e7inde \u00e7\u0131\u011fl\u0131klar savrulan bir yanl\u0131\u015fa vurulmak i\u00e7in mi yoksa da\u011flar\u0131 y\u0131rta y\u0131rta y\u00fcr\u00fcyen bir \u0131rmak diliyle durulmak i\u00e7in mi g\u00f6zler yang\u0131n \u015fimdi-ufuklar duman d\u00fcnya de\u011fi\u015fiyor-masal\u0131 koca bir yalan tam k\u0131rk y\u0131l buland\u0131rd\u0131lar sular\u0131 nil\u00fcferleri da\u011flara ta\u015f\u0131d\u0131lar kekikleri \u00e7aylara u\u011frun u\u011frun-ince ince-gizlice ve sinsice y\u00fcr\u00fcd\u00fcler [&hellip;]","og_url":"https:\/\/narteks.net\/index.php\/2009\/02\/27\/gozler-yangin-simdi\/","og_site_name":"narteks.net","article_published_time":"2009-02-27T10:13:33+00:00","og_image":[{"width":300,"height":90,"url":"https:\/\/narteks.net\/wp-content\/uploads\/narteks.png","type":"image\/png"}],"author":"Tar\u0131k","twitter_card":"summary_large_image","twitter_creator":"@narteks","twitter_site":"@narteks","twitter_misc":{"Yazan:":"Tar\u0131k","Tahmini okuma s\u00fcresi":"4 dakika"},"schema":{"@context":"https:\/\/schema.org","@graph":[{"@type":"Article","@id":"https:\/\/narteks.net\/index.php\/2009\/02\/27\/gozler-yangin-simdi\/#article","isPartOf":{"@id":"https:\/\/narteks.net\/index.php\/2009\/02\/27\/gozler-yangin-simdi\/"},"author":{"name":"Tar\u0131k","@id":"https:\/\/narteks.net\/#\/schema\/person\/61f37d9834294b72d31d274e7ed79bca"},"headline":"G\u00d6ZLER YANGIN \u015eIMDI","datePublished":"2009-02-27T10:13:33+00:00","mainEntityOfPage":{"@id":"https:\/\/narteks.net\/index.php\/2009\/02\/27\/gozler-yangin-simdi\/"},"wordCount":813,"commentCount":0,"publisher":{"@id":"https:\/\/narteks.net\/#organization"},"articleSection":["Adnan Y\u00dcCEL"],"inLanguage":"tr","potentialAction":[{"@type":"CommentAction","name":"Comment","target":["https:\/\/narteks.net\/index.php\/2009\/02\/27\/gozler-yangin-simdi\/#respond"]}]},{"@type":"WebPage","@id":"https:\/\/narteks.net\/index.php\/2009\/02\/27\/gozler-yangin-simdi\/","url":"https:\/\/narteks.net\/index.php\/2009\/02\/27\/gozler-yangin-simdi\/","name":"G\u00d6ZLER YANGIN \u015eIMDI - narteks.net","isPartOf":{"@id":"https:\/\/narteks.net\/#website"},"datePublished":"2009-02-27T10:13:33+00:00","breadcrumb":{"@id":"https:\/\/narteks.net\/index.php\/2009\/02\/27\/gozler-yangin-simdi\/#breadcrumb"},"inLanguage":"tr","potentialAction":[{"@type":"ReadAction","target":["https:\/\/narteks.net\/index.php\/2009\/02\/27\/gozler-yangin-simdi\/"]}]},{"@type":"BreadcrumbList","@id":"https:\/\/narteks.net\/index.php\/2009\/02\/27\/gozler-yangin-simdi\/#breadcrumb","itemListElement":[{"@type":"ListItem","position":1,"name":"Anasayfa","item":"https:\/\/narteks.net\/"},{"@type":"ListItem","position":2,"name":"G\u00d6ZLER YANGIN \u015eIMDI"}]},{"@type":"WebSite","@id":"https:\/\/narteks.net\/#website","url":"https:\/\/narteks.net\/","name":"narteks.net","description":"K\u00fclt\u00fcr Sanat Edebiyat Felsefe","publisher":{"@id":"https:\/\/narteks.net\/#organization"},"alternateName":"K\u00fclt\u00fcr Sanat Edebiyat Felsefe","potentialAction":[{"@type":"SearchAction","target":{"@type":"EntryPoint","urlTemplate":"https:\/\/narteks.net\/?s={search_term_string}"},"query-input":{"@type":"PropertyValueSpecification","valueRequired":true,"valueName":"search_term_string"}}],"inLanguage":"tr"},{"@type":"Organization","@id":"https:\/\/narteks.net\/#organization","name":"narteks.net","url":"https:\/\/narteks.net\/","logo":{"@type":"ImageObject","inLanguage":"tr","@id":"https:\/\/narteks.net\/#\/schema\/logo\/image\/","url":"https:\/\/narteks.net\/wp-content\/uploads\/narteks.png","contentUrl":"https:\/\/narteks.net\/wp-content\/uploads\/narteks.png","width":300,"height":90,"caption":"narteks.net"},"image":{"@id":"https:\/\/narteks.net\/#\/schema\/logo\/image\/"},"sameAs":["https:\/\/x.com\/narteks","https:\/\/instagram.com\/narteksnet"]},{"@type":"Person","@id":"https:\/\/narteks.net\/#\/schema\/person\/61f37d9834294b72d31d274e7ed79bca","name":"Tar\u0131k","image":{"@type":"ImageObject","inLanguage":"tr","@id":"https:\/\/narteks.net\/#\/schema\/person\/image\/","url":"https:\/\/secure.gravatar.com\/avatar\/50865afb55632c4ae467e0af0930f6510aa2297d8014be502a55b14f3b7550cf?s=96&d=mm&r=g","contentUrl":"https:\/\/secure.gravatar.com\/avatar\/50865afb55632c4ae467e0af0930f6510aa2297d8014be502a55b14f3b7550cf?s=96&d=mm&r=g","caption":"Tar\u0131k"},"sameAs":["http:\/\/narteks.net"],"url":"https:\/\/narteks.net\/index.php\/author\/narbak\/"}]}},"_links":{"self":[{"href":"https:\/\/narteks.net\/index.php\/wp-json\/wp\/v2\/posts\/16","targetHints":{"allow":["GET"]}}],"collection":[{"href":"https:\/\/narteks.net\/index.php\/wp-json\/wp\/v2\/posts"}],"about":[{"href":"https:\/\/narteks.net\/index.php\/wp-json\/wp\/v2\/types\/post"}],"author":[{"embeddable":true,"href":"https:\/\/narteks.net\/index.php\/wp-json\/wp\/v2\/users\/1"}],"replies":[{"embeddable":true,"href":"https:\/\/narteks.net\/index.php\/wp-json\/wp\/v2\/comments?post=16"}],"version-history":[{"count":0,"href":"https:\/\/narteks.net\/index.php\/wp-json\/wp\/v2\/posts\/16\/revisions"}],"wp:attachment":[{"href":"https:\/\/narteks.net\/index.php\/wp-json\/wp\/v2\/media?parent=16"}],"wp:term":[{"taxonomy":"category","embeddable":true,"href":"https:\/\/narteks.net\/index.php\/wp-json\/wp\/v2\/categories?post=16"},{"taxonomy":"post_tag","embeddable":true,"href":"https:\/\/narteks.net\/index.php\/wp-json\/wp\/v2\/tags?post=16"}],"curies":[{"name":"wp","href":"https:\/\/api.w.org\/{rel}","templated":true}]}}