{"id":160,"date":"2009-02-27T16:16:47","date_gmt":"2009-02-27T13:16:47","guid":{"rendered":"http:\/\/localhost\/wordpress\/2009\/02\/27\/sen-olasin-halep-sehri\/"},"modified":"2009-02-27T16:16:47","modified_gmt":"2009-02-27T13:16:47","slug":"sen-olasin-halep-sehri","status":"publish","type":"post","link":"https:\/\/narteks.net\/index.php\/2009\/02\/27\/sen-olasin-halep-sehri\/","title":{"rendered":"\u015eEN OLASIN HALEP \u015eEHR\u0130"},"content":{"rendered":"<p>\u00a0<\/p>\n<p>Hi\u00e7 kimse senin kadar <br \/>yak\u0131\u015ft\u0131rmam\u0131\u015ft\u0131r h\u00fczn\u00fc kendine <br \/>H\u00fcz\u00fcnler ki a\u015fk\u0131n ve \u015fiirin <br \/>y\u0131llanm\u0131\u015f \u015farab\u0131d\u0131r <br \/>dam\u0131t\u0131lm\u0131\u015ft\u0131r ac\u0131lar\u0131n imbi\u011finden <br \/>H\u00fcz\u00fcnler ki \u015fairlerin y\u00fcre\u011finden u\u00e7u\u015fan <br \/>sararm\u0131\u015f \u00e7i\u00e7ek tozlar\u0131d\u0131r <br \/>Biraz da \u015fairlere \u00f6zg\u00fcd\u00fcr h\u00fcz\u00fcn <\/p>\n<p>Bozk\u0131r\u0131n yal\u0131m\u0131na direnen <br \/>solgun bir g\u00fcl gibi y\u00fcz\u00fcn <br \/>Ac\u0131n\u0131n, sabr\u0131n ve yaln\u0131zl\u0131\u011f\u0131n <br \/>sessizli\u011fi sarar\u0131yor <br \/>yorgun g\u00fcz\u00fcnde aln\u0131n\u0131n <br \/>Ve art\u0131k hi\u00e7 bir \u015fey b\u0131rakam\u0131yorsun <br \/>bekleyi\u015flerden ba\u015fka kendine <br \/>Biraz da \u015fairlere \u00f6zg\u00fcd\u00fcr bekleyi\u015f <\/p>\n<p>Hi\u00e7 kimse senin kadar <br \/>al\u0131\u015fk\u0131n de\u011fildir ayr\u0131l\u0131klara <br \/>Ayr\u0131l\u0131klar ki ni\u015fanl\u0131s\u0131d\u0131r hasretin <br \/>ac\u0131lar ve t\u00fcrk\u00fclerle \u00e7eyizlenir <br \/>bekleyi\u015flerin sararan g\u00fcz\u00fcne <br \/>Ve hasret k\u0131z\u0131l bir g\u00fcld\u00fcr <br \/>ayr\u0131l\u0131klar\u0131n mendiline nak\u0131\u015flanm\u0131\u015f <br \/>Biraz da \u015fairlere \u00f6zg\u00fcd\u00fcr hasret <\/p>\n<p>Kerem\u00b4i k\u00fcl eden yang\u0131nd\u0131r gurbet <br \/>ferhat\u00b4\u0131n sabr\u0131yla \u00e7atlayan kayad\u0131r <br \/>Sar\u0131narak ac\u0131n\u0131n yorgan\u0131na <br \/>sararm\u0131\u015f bir yaprak gibi nak\u0131\u015flar <br \/>bekleyi\u015flerin gergefine h\u00fczn\u00fc <br \/>Gurbet biraz da halep demektir <br \/>s\u00f6ylenir ad\u0131 efsane efsane <br \/>Biraz da \u015fairlere \u00f6zg\u00fcd\u00fcr gurbet <\/p>\n<p>Ayr\u0131l\u0131klar\u0131n \u00e7an\u0131 vurdu\u011funda <br \/>savrulur pi\u015fmanl\u0131\u011f\u0131n k\u0131zg\u0131n k\u00fclleri <br \/>B\u00fct\u00fcn sevdalar hasretin yal\u0131m\u0131yla tutu\u015fmu\u015f <br \/>bir bozk\u0131r t\u00fcrk\u00fcs\u00fcd\u00fcr Kerem\u00b4in kavruk ba\u011fr\u0131nda <br \/>ve art\u0131k <br \/>yollara d\u00fc\u015fmenin zaman\u0131d\u0131r <br \/>\u015fen olas\u0131n halep \u015fehri <br \/>Biraz da \u015fairlere \u00f6zg\u00fcd\u00fcr ayr\u0131l\u0131klar..<\/p>\n<p>AHMET TELL\u0130<\/p>\n","protected":false},"excerpt":{"rendered":"<p>\u00a0 Hi\u00e7 kimse senin kadar yak\u0131\u015ft\u0131rmam\u0131\u015ft\u0131r h\u00fczn\u00fc kendine H\u00fcz\u00fcnler ki a\u015fk\u0131n ve \u015fiirin y\u0131llanm\u0131\u015f \u015farab\u0131d\u0131r dam\u0131t\u0131lm\u0131\u015ft\u0131r ac\u0131lar\u0131n imbi\u011finden H\u00fcz\u00fcnler ki \u015fairlerin y\u00fcre\u011finden u\u00e7u\u015fan sararm\u0131\u015f \u00e7i\u00e7ek tozlar\u0131d\u0131r Biraz da \u015fairlere \u00f6zg\u00fcd\u00fcr h\u00fcz\u00fcn Bozk\u0131r\u0131n yal\u0131m\u0131na direnen solgun bir g\u00fcl gibi y\u00fcz\u00fcn Ac\u0131n\u0131n, sabr\u0131n ve yaln\u0131zl\u0131\u011f\u0131n sessizli\u011fi sarar\u0131yor yorgun g\u00fcz\u00fcnde aln\u0131n\u0131n Ve art\u0131k hi\u00e7 bir \u015fey b\u0131rakam\u0131yorsun bekleyi\u015flerden [&hellip;]<\/p>\n","protected":false},"author":1,"featured_media":0,"comment_status":"open","ping_status":"open","sticky":false,"template":"","format":"standard","meta":{"footnotes":""},"categories":[7],"tags":[],"class_list":{"0":"post-160","1":"post","2":"type-post","3":"status-publish","4":"format-standard","6":"category-ahmet-telli"},"yoast_head":"<!-- This site is optimized with the Yoast SEO Premium plugin v24.9 (Yoast SEO v24.9) - https:\/\/yoast.com\/wordpress\/plugins\/seo\/ -->\n<title>\u015eEN OLASIN HALEP \u015eEHR\u0130 - narteks.net<\/title>\n<meta name=\"robots\" content=\"index, follow, max-snippet:-1, max-image-preview:large, max-video-preview:-1\" \/>\n<link rel=\"canonical\" href=\"https:\/\/narteks.net\/index.php\/2009\/02\/27\/sen-olasin-halep-sehri\/\" \/>\n<meta property=\"og:locale\" content=\"tr_TR\" \/>\n<meta property=\"og:type\" content=\"article\" \/>\n<meta property=\"og:title\" content=\"\u015eEN OLASIN HALEP \u015eEHR\u0130\" \/>\n<meta property=\"og:description\" content=\"\u00a0 Hi\u00e7 kimse senin kadar yak\u0131\u015ft\u0131rmam\u0131\u015ft\u0131r h\u00fczn\u00fc kendine H\u00fcz\u00fcnler ki a\u015fk\u0131n ve \u015fiirin y\u0131llanm\u0131\u015f \u015farab\u0131d\u0131r dam\u0131t\u0131lm\u0131\u015ft\u0131r ac\u0131lar\u0131n imbi\u011finden H\u00fcz\u00fcnler ki \u015fairlerin y\u00fcre\u011finden u\u00e7u\u015fan sararm\u0131\u015f \u00e7i\u00e7ek tozlar\u0131d\u0131r Biraz da \u015fairlere \u00f6zg\u00fcd\u00fcr h\u00fcz\u00fcn Bozk\u0131r\u0131n yal\u0131m\u0131na direnen solgun bir g\u00fcl gibi y\u00fcz\u00fcn Ac\u0131n\u0131n, sabr\u0131n ve yaln\u0131zl\u0131\u011f\u0131n sessizli\u011fi sarar\u0131yor yorgun g\u00fcz\u00fcnde aln\u0131n\u0131n Ve art\u0131k hi\u00e7 bir \u015fey b\u0131rakam\u0131yorsun bekleyi\u015flerden [&hellip;]\" \/>\n<meta property=\"og:url\" content=\"https:\/\/narteks.net\/index.php\/2009\/02\/27\/sen-olasin-halep-sehri\/\" \/>\n<meta property=\"og:site_name\" content=\"narteks.net\" \/>\n<meta property=\"article:published_time\" content=\"2009-02-27T13:16:47+00:00\" \/>\n<meta property=\"og:image\" content=\"https:\/\/narteks.net\/wp-content\/uploads\/narteks.png\" \/>\n\t<meta property=\"og:image:width\" content=\"300\" \/>\n\t<meta property=\"og:image:height\" content=\"90\" \/>\n\t<meta property=\"og:image:type\" content=\"image\/png\" \/>\n<meta name=\"author\" content=\"Tar\u0131k\" \/>\n<meta name=\"twitter:card\" content=\"summary_large_image\" \/>\n<meta name=\"twitter:creator\" content=\"@narteks\" \/>\n<meta name=\"twitter:site\" content=\"@narteks\" \/>\n<meta name=\"twitter:label1\" content=\"Yazan:\" \/>\n\t<meta name=\"twitter:data1\" content=\"Tar\u0131k\" \/>\n\t<meta name=\"twitter:label2\" content=\"Tahmini okuma s\u00fcresi\" \/>\n\t<meta name=\"twitter:data2\" content=\"1 dakika\" \/>\n<script type=\"application\/ld+json\" class=\"yoast-schema-graph\">{\"@context\":\"https:\/\/schema.org\",\"@graph\":[{\"@type\":\"Article\",\"@id\":\"https:\/\/narteks.net\/index.php\/2009\/02\/27\/sen-olasin-halep-sehri\/#article\",\"isPartOf\":{\"@id\":\"https:\/\/narteks.net\/index.php\/2009\/02\/27\/sen-olasin-halep-sehri\/\"},\"author\":{\"name\":\"Tar\u0131k\",\"@id\":\"https:\/\/narteks.net\/#\/schema\/person\/61f37d9834294b72d31d274e7ed79bca\"},\"headline\":\"\u015eEN OLASIN HALEP \u015eEHR\u0130\",\"datePublished\":\"2009-02-27T13:16:47+00:00\",\"mainEntityOfPage\":{\"@id\":\"https:\/\/narteks.net\/index.php\/2009\/02\/27\/sen-olasin-halep-sehri\/\"},\"wordCount\":296,\"commentCount\":0,\"publisher\":{\"@id\":\"https:\/\/narteks.net\/#organization\"},\"articleSection\":[\"Ahmet TELL\u0130\"],\"inLanguage\":\"tr\",\"potentialAction\":[{\"@type\":\"CommentAction\",\"name\":\"Comment\",\"target\":[\"https:\/\/narteks.net\/index.php\/2009\/02\/27\/sen-olasin-halep-sehri\/#respond\"]}]},{\"@type\":\"WebPage\",\"@id\":\"https:\/\/narteks.net\/index.php\/2009\/02\/27\/sen-olasin-halep-sehri\/\",\"url\":\"https:\/\/narteks.net\/index.php\/2009\/02\/27\/sen-olasin-halep-sehri\/\",\"name\":\"\u015eEN OLASIN HALEP \u015eEHR\u0130 - narteks.net\",\"isPartOf\":{\"@id\":\"https:\/\/narteks.net\/#website\"},\"datePublished\":\"2009-02-27T13:16:47+00:00\",\"breadcrumb\":{\"@id\":\"https:\/\/narteks.net\/index.php\/2009\/02\/27\/sen-olasin-halep-sehri\/#breadcrumb\"},\"inLanguage\":\"tr\",\"potentialAction\":[{\"@type\":\"ReadAction\",\"target\":[\"https:\/\/narteks.net\/index.php\/2009\/02\/27\/sen-olasin-halep-sehri\/\"]}]},{\"@type\":\"BreadcrumbList\",\"@id\":\"https:\/\/narteks.net\/index.php\/2009\/02\/27\/sen-olasin-halep-sehri\/#breadcrumb\",\"itemListElement\":[{\"@type\":\"ListItem\",\"position\":1,\"name\":\"Anasayfa\",\"item\":\"https:\/\/narteks.net\/\"},{\"@type\":\"ListItem\",\"position\":2,\"name\":\"\u015eEN OLASIN HALEP \u015eEHR\u0130\"}]},{\"@type\":\"WebSite\",\"@id\":\"https:\/\/narteks.net\/#website\",\"url\":\"https:\/\/narteks.net\/\",\"name\":\"narteks.net\",\"description\":\"K\u00fclt\u00fcr Sanat Edebiyat Felsefe\",\"publisher\":{\"@id\":\"https:\/\/narteks.net\/#organization\"},\"alternateName\":\"K\u00fclt\u00fcr Sanat Edebiyat Felsefe\",\"potentialAction\":[{\"@type\":\"SearchAction\",\"target\":{\"@type\":\"EntryPoint\",\"urlTemplate\":\"https:\/\/narteks.net\/?s={search_term_string}\"},\"query-input\":{\"@type\":\"PropertyValueSpecification\",\"valueRequired\":true,\"valueName\":\"search_term_string\"}}],\"inLanguage\":\"tr\"},{\"@type\":\"Organization\",\"@id\":\"https:\/\/narteks.net\/#organization\",\"name\":\"narteks.net\",\"url\":\"https:\/\/narteks.net\/\",\"logo\":{\"@type\":\"ImageObject\",\"inLanguage\":\"tr\",\"@id\":\"https:\/\/narteks.net\/#\/schema\/logo\/image\/\",\"url\":\"https:\/\/narteks.net\/wp-content\/uploads\/narteks.png\",\"contentUrl\":\"https:\/\/narteks.net\/wp-content\/uploads\/narteks.png\",\"width\":300,\"height\":90,\"caption\":\"narteks.net\"},\"image\":{\"@id\":\"https:\/\/narteks.net\/#\/schema\/logo\/image\/\"},\"sameAs\":[\"https:\/\/x.com\/narteks\",\"https:\/\/instagram.com\/narteksnet\"]},{\"@type\":\"Person\",\"@id\":\"https:\/\/narteks.net\/#\/schema\/person\/61f37d9834294b72d31d274e7ed79bca\",\"name\":\"Tar\u0131k\",\"image\":{\"@type\":\"ImageObject\",\"inLanguage\":\"tr\",\"@id\":\"https:\/\/narteks.net\/#\/schema\/person\/image\/\",\"url\":\"https:\/\/secure.gravatar.com\/avatar\/50865afb55632c4ae467e0af0930f6510aa2297d8014be502a55b14f3b7550cf?s=96&d=mm&r=g\",\"contentUrl\":\"https:\/\/secure.gravatar.com\/avatar\/50865afb55632c4ae467e0af0930f6510aa2297d8014be502a55b14f3b7550cf?s=96&d=mm&r=g\",\"caption\":\"Tar\u0131k\"},\"sameAs\":[\"http:\/\/narteks.net\"],\"url\":\"https:\/\/narteks.net\/index.php\/author\/narbak\/\"}]}<\/script>\n<!-- \/ Yoast SEO Premium plugin. -->","yoast_head_json":{"title":"\u015eEN OLASIN HALEP \u015eEHR\u0130 - narteks.net","robots":{"index":"index","follow":"follow","max-snippet":"max-snippet:-1","max-image-preview":"max-image-preview:large","max-video-preview":"max-video-preview:-1"},"canonical":"https:\/\/narteks.net\/index.php\/2009\/02\/27\/sen-olasin-halep-sehri\/","og_locale":"tr_TR","og_type":"article","og_title":"\u015eEN OLASIN HALEP \u015eEHR\u0130","og_description":"\u00a0 Hi\u00e7 kimse senin kadar yak\u0131\u015ft\u0131rmam\u0131\u015ft\u0131r h\u00fczn\u00fc kendine H\u00fcz\u00fcnler ki a\u015fk\u0131n ve \u015fiirin y\u0131llanm\u0131\u015f \u015farab\u0131d\u0131r dam\u0131t\u0131lm\u0131\u015ft\u0131r ac\u0131lar\u0131n imbi\u011finden H\u00fcz\u00fcnler ki \u015fairlerin y\u00fcre\u011finden u\u00e7u\u015fan sararm\u0131\u015f \u00e7i\u00e7ek tozlar\u0131d\u0131r Biraz da \u015fairlere \u00f6zg\u00fcd\u00fcr h\u00fcz\u00fcn Bozk\u0131r\u0131n yal\u0131m\u0131na direnen solgun bir g\u00fcl gibi y\u00fcz\u00fcn Ac\u0131n\u0131n, sabr\u0131n ve yaln\u0131zl\u0131\u011f\u0131n sessizli\u011fi sarar\u0131yor yorgun g\u00fcz\u00fcnde aln\u0131n\u0131n Ve art\u0131k hi\u00e7 bir \u015fey b\u0131rakam\u0131yorsun bekleyi\u015flerden [&hellip;]","og_url":"https:\/\/narteks.net\/index.php\/2009\/02\/27\/sen-olasin-halep-sehri\/","og_site_name":"narteks.net","article_published_time":"2009-02-27T13:16:47+00:00","og_image":[{"width":300,"height":90,"url":"https:\/\/narteks.net\/wp-content\/uploads\/narteks.png","type":"image\/png"}],"author":"Tar\u0131k","twitter_card":"summary_large_image","twitter_creator":"@narteks","twitter_site":"@narteks","twitter_misc":{"Yazan:":"Tar\u0131k","Tahmini okuma s\u00fcresi":"1 dakika"},"schema":{"@context":"https:\/\/schema.org","@graph":[{"@type":"Article","@id":"https:\/\/narteks.net\/index.php\/2009\/02\/27\/sen-olasin-halep-sehri\/#article","isPartOf":{"@id":"https:\/\/narteks.net\/index.php\/2009\/02\/27\/sen-olasin-halep-sehri\/"},"author":{"name":"Tar\u0131k","@id":"https:\/\/narteks.net\/#\/schema\/person\/61f37d9834294b72d31d274e7ed79bca"},"headline":"\u015eEN OLASIN HALEP \u015eEHR\u0130","datePublished":"2009-02-27T13:16:47+00:00","mainEntityOfPage":{"@id":"https:\/\/narteks.net\/index.php\/2009\/02\/27\/sen-olasin-halep-sehri\/"},"wordCount":296,"commentCount":0,"publisher":{"@id":"https:\/\/narteks.net\/#organization"},"articleSection":["Ahmet TELL\u0130"],"inLanguage":"tr","potentialAction":[{"@type":"CommentAction","name":"Comment","target":["https:\/\/narteks.net\/index.php\/2009\/02\/27\/sen-olasin-halep-sehri\/#respond"]}]},{"@type":"WebPage","@id":"https:\/\/narteks.net\/index.php\/2009\/02\/27\/sen-olasin-halep-sehri\/","url":"https:\/\/narteks.net\/index.php\/2009\/02\/27\/sen-olasin-halep-sehri\/","name":"\u015eEN OLASIN HALEP \u015eEHR\u0130 - narteks.net","isPartOf":{"@id":"https:\/\/narteks.net\/#website"},"datePublished":"2009-02-27T13:16:47+00:00","breadcrumb":{"@id":"https:\/\/narteks.net\/index.php\/2009\/02\/27\/sen-olasin-halep-sehri\/#breadcrumb"},"inLanguage":"tr","potentialAction":[{"@type":"ReadAction","target":["https:\/\/narteks.net\/index.php\/2009\/02\/27\/sen-olasin-halep-sehri\/"]}]},{"@type":"BreadcrumbList","@id":"https:\/\/narteks.net\/index.php\/2009\/02\/27\/sen-olasin-halep-sehri\/#breadcrumb","itemListElement":[{"@type":"ListItem","position":1,"name":"Anasayfa","item":"https:\/\/narteks.net\/"},{"@type":"ListItem","position":2,"name":"\u015eEN OLASIN HALEP \u015eEHR\u0130"}]},{"@type":"WebSite","@id":"https:\/\/narteks.net\/#website","url":"https:\/\/narteks.net\/","name":"narteks.net","description":"K\u00fclt\u00fcr Sanat Edebiyat Felsefe","publisher":{"@id":"https:\/\/narteks.net\/#organization"},"alternateName":"K\u00fclt\u00fcr Sanat Edebiyat Felsefe","potentialAction":[{"@type":"SearchAction","target":{"@type":"EntryPoint","urlTemplate":"https:\/\/narteks.net\/?s={search_term_string}"},"query-input":{"@type":"PropertyValueSpecification","valueRequired":true,"valueName":"search_term_string"}}],"inLanguage":"tr"},{"@type":"Organization","@id":"https:\/\/narteks.net\/#organization","name":"narteks.net","url":"https:\/\/narteks.net\/","logo":{"@type":"ImageObject","inLanguage":"tr","@id":"https:\/\/narteks.net\/#\/schema\/logo\/image\/","url":"https:\/\/narteks.net\/wp-content\/uploads\/narteks.png","contentUrl":"https:\/\/narteks.net\/wp-content\/uploads\/narteks.png","width":300,"height":90,"caption":"narteks.net"},"image":{"@id":"https:\/\/narteks.net\/#\/schema\/logo\/image\/"},"sameAs":["https:\/\/x.com\/narteks","https:\/\/instagram.com\/narteksnet"]},{"@type":"Person","@id":"https:\/\/narteks.net\/#\/schema\/person\/61f37d9834294b72d31d274e7ed79bca","name":"Tar\u0131k","image":{"@type":"ImageObject","inLanguage":"tr","@id":"https:\/\/narteks.net\/#\/schema\/person\/image\/","url":"https:\/\/secure.gravatar.com\/avatar\/50865afb55632c4ae467e0af0930f6510aa2297d8014be502a55b14f3b7550cf?s=96&d=mm&r=g","contentUrl":"https:\/\/secure.gravatar.com\/avatar\/50865afb55632c4ae467e0af0930f6510aa2297d8014be502a55b14f3b7550cf?s=96&d=mm&r=g","caption":"Tar\u0131k"},"sameAs":["http:\/\/narteks.net"],"url":"https:\/\/narteks.net\/index.php\/author\/narbak\/"}]}},"_links":{"self":[{"href":"https:\/\/narteks.net\/index.php\/wp-json\/wp\/v2\/posts\/160","targetHints":{"allow":["GET"]}}],"collection":[{"href":"https:\/\/narteks.net\/index.php\/wp-json\/wp\/v2\/posts"}],"about":[{"href":"https:\/\/narteks.net\/index.php\/wp-json\/wp\/v2\/types\/post"}],"author":[{"embeddable":true,"href":"https:\/\/narteks.net\/index.php\/wp-json\/wp\/v2\/users\/1"}],"replies":[{"embeddable":true,"href":"https:\/\/narteks.net\/index.php\/wp-json\/wp\/v2\/comments?post=160"}],"version-history":[{"count":0,"href":"https:\/\/narteks.net\/index.php\/wp-json\/wp\/v2\/posts\/160\/revisions"}],"wp:attachment":[{"href":"https:\/\/narteks.net\/index.php\/wp-json\/wp\/v2\/media?parent=160"}],"wp:term":[{"taxonomy":"category","embeddable":true,"href":"https:\/\/narteks.net\/index.php\/wp-json\/wp\/v2\/categories?post=160"},{"taxonomy":"post_tag","embeddable":true,"href":"https:\/\/narteks.net\/index.php\/wp-json\/wp\/v2\/tags?post=160"}],"curies":[{"name":"wp","href":"https:\/\/api.w.org\/{rel}","templated":true}]}}