{"id":1600,"date":"2009-11-27T00:43:25","date_gmt":"2009-11-26T21:43:25","guid":{"rendered":"http:\/\/localhost\/wordpress\/2009\/11\/27\/2spinoza-gunleri\/"},"modified":"2009-11-27T00:43:25","modified_gmt":"2009-11-26T21:43:25","slug":"2spinoza-gunleri","status":"publish","type":"post","link":"https:\/\/narteks.net\/index.php\/2009\/11\/27\/2spinoza-gunleri\/","title":{"rendered":"2.Spinoza G\u00fcnleri"},"content":{"rendered":"<p><img loading=\"lazy\" decoding=\"async\" style=\"float: left;\" src=\"http:\/\/www.tulumba.com\/mmTULUMBA\/Images\/bk\/zBK347894HB433_250.jpg\" width=\"155\" height=\"203\" border=\"0\" \/><\/p>\n<p style=\"text-align: justify;\">\u0130stanbul Bilgi \u00dcniversitesi&#8217;nin d\u00fczenledi\u011fi, &#8216;2. Spinoza G\u00fcnleri&#8217; Sempozyumu 4-5 Aral\u0131k 2009 tarihleri aras\u0131nda yap\u0131lacak.Spinoza \u00fczerine yapt\u0131\u011f\u0131 \u00e7ok de\u011ferli \u00e7al\u0131\u015fmalar\u0131yla tan\u0131d\u0131\u011f\u0131m\u0131z Prof.Dr. Cemal Bali Akal&#8217;\u0131n \u00f6nc\u00fcl\u00fc\u011f\u00fcyle giri\u015filen &#8216;Spinoza G\u00fcnleri&#8217;nin birincisi, ge\u00e7en y\u0131l yine Bilgi \u00dcniversitesi&#8217;nde yap\u0131lm\u0131\u015ft\u0131.Bu y\u0131lki Spinoza G\u00fcnleri&#8217;nde, modern felsefenin \u00fc\u00e7 b\u00fcy\u00fck Rasyonalistinden biri (\u00f6tekiler Descartes ve Leibniz) olan Hollandal\u0131 bu b\u00fcy\u00fck filozof, uluslararas\u0131 bir sempozyumda tart\u0131\u015f\u0131lacak: &#8216;Uluslararas\u0131&#8217; evet, \u00e7\u00fcnk\u00fc S\u00e2o Paolo, Cordoba, Leibniz ve Buenos Aires \u00dcniversitelerinden Spinoza uzmanlar\u0131 var bu Sempozyumda. Elbette Bilgi, Galatasaray ve Ege \u00dcniversitelerinden gelen T\u00fcrk akademisyenler de!<\/p>\n<p style=\"text-align: justify;\">Ge\u00e7en y\u0131lki bildirilere ve bu y\u0131lki bildiri ba\u015fl\u0131klar\u0131na bak\u0131ld\u0131\u011f\u0131nda, \u00e7ok \u00f6nemli buldu\u011fum \u00fc\u00e7 eksikli\u011fin alt\u0131n\u0131 \u00e7izmek istiyorum: \u0130lki, Spinoza&#8217;n\u0131n \u0130slam Felsefesi ile olan ili\u015fkilendirili\u015f bi\u00e7imi; ikincisi, Levinas&#8217;\u0131n Tevrat ve Talmud \u00fczerine Spinoza&#8217;ya y\u00f6neltti\u011fi ele\u015ftiriler; ve \u00fc\u00e7\u00fcnc\u00fcs\u00fc, Althusser&#8217;in Marx okumalar\u0131nda Spinoza&#8217;ya tan\u0131d\u0131\u011f\u0131 ayr\u0131cal\u0131k&#8230;<\/p>\n<p style=\"text-align: justify;\">Tasavvufun Vahdet-i Mevcut versiyonunu, Spinoza&#8217;n\u0131n Panteizmine yak\u0131n bulanlardan biri, Ord. Prof. Dr. Hilmi Ziya \u00dclken&#8217;dir. \u00dclken, 1935 y\u0131l\u0131nda yay\u0131mlad\u0131\u011f\u0131 &#8216;T\u00fcrk Feylesoflar\u0131 Antolojisi I&#8217;de, Simavne Kad\u0131s\u0131o\u011flu \u015eeyh Bedreddin&#8217;in &#8216;Varidat&#8217;\u0131nda &#8216;insan\u0131n, tesir itibariyle Hak, teess\u00fcr itibariyle kul ve mahluk&#8217; oldu\u011funa ili\u015fkin d\u00fc\u015f\u00fcncelerinin, Spinoza panteizminin &#8216;nature naturante&#8217; ve &#8216;nature natur\u00e9e&#8217; telakkisine \u00e7ok benzemekte&#8217; oldu\u011funu belirtir. \u00d6te yandan Ferid Kam da &#8216;Vahdet-i V\u00fccud&#8217; adl\u0131 \u00e7al\u0131\u015fmas\u0131nda, Panteizmi ele\u015ftirir ve \u015f\u00f6yle der: &#8216;Baz\u0131 kimselerin itikad\u0131na g\u00f6re, panteizmin esas\u0131 n\u00e2m\u00fctenahinin (sonsuz-olan&#8217;\u0131n H.Y.) m\u00fctenahide (sonlu-olan&#8217;da), Cenab-\u0131 Hakk&#8217;\u0131n tabiatta indim\u00e2c\u0131ndan (i\u00e7kin-olu\u015f&#8217;undan) ibarettir. Bu itikada z\u00e2hib olanlar, panteizmi &#8216;ateizm&#8217; denilen &#8216;muatt\u0131la&#8217; mezhebi ile kar\u0131\u015ft\u0131r\u0131yorlar. Hatta me\u015fhur Spinoza&#8217;n\u0131n muas\u0131rlar\u0131 (\u00e7a\u011fda\u015flar\u0131) onun mezhebinin de b\u00f6yle oldu\u011funa kail olmu\u015flar idi.<\/p>\n<p>G\u00f6r\u00fcl\u00fcyor: Vahdet-i V\u00fccud\/ Vahdet-i Mevcud sorunsal\u0131nda Spinoza ile \u0130slam Tasavvufu aras\u0131nda ili\u015fkiler kurulabilmi\u015ftir ve bu Spinoza&#8217;n\u0131n \u0130slam d\u00fc\u015f\u00fcncesinde al\u0131mlan\u0131\u015f bi\u00e7imini belirleyen bir yakla\u015f\u0131m olmu\u015ftur.<\/p>\n<p>Levinas&#8217;\u0131n Spinoza okumalar\u0131na gelince, Levinas, &#8216;Du Sacr\u00e9 au Saint&#8217;te Felsefenin Din&#8217;den \u00e7\u0131kt\u0131\u011f\u0131n\u0131 belirtir ve daha sonra yapt\u0131\u011f\u0131 bir s\u00f6yle\u015fide de bunun Felsefenin Din&#8217;e ba\u011f\u0131ml\u0131 oldu\u011fu ya da Din&#8217;in entelekt\u00fcel itibar\u0131 i\u00e7in Felsefeye muhta\u00e7 oldu\u011fu anlam\u0131na gelmedi\u011fini s\u00f6yler. Ona g\u00f6re, Felsefe ve Din, iki ayr\u0131 moment&#8217;tir; her ikisi de a\u015fk\u0131nl\u0131\u011fa yakla\u015fma diyebilece\u011fimiz zihinsel bir s\u00fcrecin par\u00e7alar\u0131d\u0131r. Bu durum, Din ile Felsefenin ba\u011f\u0131ms\u0131z iki alan olmad\u0131\u011f\u0131n\u0131 g\u00f6sterir. Levinas, bu noktada uyar\u0131r bizi: Din&#8217;den, rasyonel Teolojiyi anlamamak gerekir! Rasyonel Teoloji, konumunu, ak\u0131lla kavranabilir s\u00f6ylemler i\u00e7erisinde me\u015frula\u015ft\u0131rmaya muhta\u00e7t\u0131r ve &#8216;anlamlar alan\u0131 \u00fczerindeki otoritesini tart\u0131\u015fma kabul etmez bi\u00e7imde \u00f6nes\u00fcren&#8217; Felsefeye, ba\u011f\u0131ml\u0131 kal\u0131r. Spinoza&#8217;n\u0131n Tractatus Theologico-Politicus&#8217;ta yapt\u0131\u011f\u0131 da, tastamam budur: Yahudili\u011fin kutsal metinlerini rasyonel bir Teolojiye irca etmek! Dolay\u0131s\u0131yla, Felsefe ile Din&#8217;in birbirinden ba\u011f\u0131ms\u0131z alanlar olarak \u00f6nes\u00fcr\u00fclebilmesinin \u00f6n ko\u015fulu, Din&#8217;i rasyonel Teolojiye irca etmemekten ge\u00e7er.<\/p>\n<p>Althusser&#8217;in Marx okumas\u0131nda Spinoza&#8217;ya tan\u0131d\u0131\u011f\u0131 \u00f6ncelik, Spinoza&#8217;n\u0131n &#8216;bilgi objesi&#8217; ile &#8216;ger\u00e7ek obje&#8217; aras\u0131nda \u00f6ng\u00f6rd\u00fc\u011f\u00fc ayr\u0131m\u0131n, Marx&#8217;\u0131n 1857 Giri\u015f&#8217;inde bu ayr\u0131m\u0131 kullanmas\u0131ndad\u0131r: &#8216;Kapital&#8217;i Okumak&#8217;ta tastamam \u015funlar\u0131 yazar Althusser: &#8216;Spinoza&#8217;n\u0131n felsefesi, felsefe tarihinde o g\u00fcne kadar g\u00f6r\u00fclmemi\u015f en b\u00fcy\u00fck felsef\u00ee devrimi ger\u00e7ekle\u015ftirmi\u015ftir. Bu anlamda Spinoza, Marx&#8217;\u0131n felsef\u00ee bak\u0131\u015fa\u00e7\u0131s\u0131ndan tek ve do\u011frudan \u00f6nc\u00fcs\u00fcd\u00fcr&#8217;. Althusser, ayr\u0131ca Spinoza&#8217;n\u0131n &#8216;e\u015fzamanl\u0131 nedensellik&#8217; alan\u0131nda da Marx&#8217;a \u00f6nc\u00fcl\u00fck etti\u011fini bildirir.<\/p>\n<p>Gelecek y\u0131llarda yap\u0131lacak &#8216;Spinoza G\u00fcnleri&#8217;nde bu meselelerin de ele al\u0131nd\u0131\u011f\u0131n\u0131 g\u00f6rmek umuduyla, ba\u015fta sevgili dostum Prof. Akal olmak \u00fczere, katk\u0131da bulunan herkesi kutluyorum.<\/p>\n","protected":false},"excerpt":{"rendered":"<p>\u0130stanbul Bilgi \u00dcniversitesi&#8217;nin d\u00fczenledi\u011fi, &#8216;2. Spinoza G\u00fcnleri&#8217; Sempozyumu 4-5 Aral\u0131k 2009 tarihleri aras\u0131nda yap\u0131lacak.Spinoza \u00fczerine yapt\u0131\u011f\u0131 \u00e7ok de\u011ferli \u00e7al\u0131\u015fmalar\u0131yla tan\u0131d\u0131\u011f\u0131m\u0131z Prof.Dr. Cemal Bali Akal&#8217;\u0131n \u00f6nc\u00fcl\u00fc\u011f\u00fcyle giri\u015filen &#8216;Spinoza G\u00fcnleri&#8217;nin birincisi, ge\u00e7en y\u0131l yine Bilgi \u00dcniversitesi&#8217;nde yap\u0131lm\u0131\u015ft\u0131.Bu y\u0131lki Spinoza G\u00fcnleri&#8217;nde, modern felsefenin \u00fc\u00e7 b\u00fcy\u00fck Rasyonalistinden biri (\u00f6tekiler Descartes ve Leibniz) olan Hollandal\u0131 bu b\u00fcy\u00fck filozof, uluslararas\u0131 bir [&hellip;]<\/p>\n","protected":false},"author":1,"featured_media":0,"comment_status":"open","ping_status":"open","sticky":false,"template":"","format":"standard","meta":{"footnotes":""},"categories":[44],"tags":[],"class_list":{"0":"post-1600","1":"post","2":"type-post","3":"status-publish","4":"format-standard","6":"category-spinosizm"},"yoast_head":"<!-- This site is optimized with the Yoast SEO Premium plugin v24.9 (Yoast SEO v24.9) - https:\/\/yoast.com\/wordpress\/plugins\/seo\/ -->\n<title>2.Spinoza G\u00fcnleri - narteks.net<\/title>\n<meta name=\"robots\" content=\"index, follow, max-snippet:-1, max-image-preview:large, max-video-preview:-1\" \/>\n<link rel=\"canonical\" href=\"https:\/\/narteks.net\/index.php\/2009\/11\/27\/2spinoza-gunleri\/\" \/>\n<meta property=\"og:locale\" content=\"tr_TR\" \/>\n<meta property=\"og:type\" content=\"article\" \/>\n<meta property=\"og:title\" content=\"2.Spinoza G\u00fcnleri\" \/>\n<meta property=\"og:description\" content=\"\u0130stanbul Bilgi \u00dcniversitesi&#8217;nin d\u00fczenledi\u011fi, &#8216;2. Spinoza G\u00fcnleri&#8217; Sempozyumu 4-5 Aral\u0131k 2009 tarihleri aras\u0131nda yap\u0131lacak.Spinoza \u00fczerine yapt\u0131\u011f\u0131 \u00e7ok de\u011ferli \u00e7al\u0131\u015fmalar\u0131yla tan\u0131d\u0131\u011f\u0131m\u0131z Prof.Dr. Cemal Bali Akal&#8217;\u0131n \u00f6nc\u00fcl\u00fc\u011f\u00fcyle giri\u015filen &#8216;Spinoza G\u00fcnleri&#8217;nin birincisi, ge\u00e7en y\u0131l yine Bilgi \u00dcniversitesi&#8217;nde yap\u0131lm\u0131\u015ft\u0131.Bu y\u0131lki Spinoza G\u00fcnleri&#8217;nde, modern felsefenin \u00fc\u00e7 b\u00fcy\u00fck Rasyonalistinden biri (\u00f6tekiler Descartes ve Leibniz) olan Hollandal\u0131 bu b\u00fcy\u00fck filozof, uluslararas\u0131 bir [&hellip;]\" \/>\n<meta property=\"og:url\" content=\"https:\/\/narteks.net\/index.php\/2009\/11\/27\/2spinoza-gunleri\/\" \/>\n<meta property=\"og:site_name\" content=\"narteks.net\" \/>\n<meta property=\"article:published_time\" content=\"2009-11-26T21:43:25+00:00\" \/>\n<meta property=\"og:image\" content=\"http:\/\/www.tulumba.com\/mmTULUMBA\/Images\/bk\/zBK347894HB433_250.jpg\" \/>\n<meta name=\"author\" content=\"Tar\u0131k\" \/>\n<meta name=\"twitter:card\" content=\"summary_large_image\" \/>\n<meta name=\"twitter:creator\" content=\"@narteks\" \/>\n<meta name=\"twitter:site\" content=\"@narteks\" \/>\n<meta name=\"twitter:label1\" content=\"Yazan:\" \/>\n\t<meta name=\"twitter:data1\" content=\"Tar\u0131k\" \/>\n\t<meta name=\"twitter:label2\" content=\"Tahmini okuma s\u00fcresi\" \/>\n\t<meta name=\"twitter:data2\" content=\"3 dakika\" \/>\n<script type=\"application\/ld+json\" class=\"yoast-schema-graph\">{\"@context\":\"https:\/\/schema.org\",\"@graph\":[{\"@type\":\"Article\",\"@id\":\"https:\/\/narteks.net\/index.php\/2009\/11\/27\/2spinoza-gunleri\/#article\",\"isPartOf\":{\"@id\":\"https:\/\/narteks.net\/index.php\/2009\/11\/27\/2spinoza-gunleri\/\"},\"author\":{\"name\":\"Tar\u0131k\",\"@id\":\"https:\/\/narteks.net\/#\/schema\/person\/61f37d9834294b72d31d274e7ed79bca\"},\"headline\":\"2.Spinoza G\u00fcnleri\",\"datePublished\":\"2009-11-26T21:43:25+00:00\",\"mainEntityOfPage\":{\"@id\":\"https:\/\/narteks.net\/index.php\/2009\/11\/27\/2spinoza-gunleri\/\"},\"wordCount\":680,\"commentCount\":0,\"publisher\":{\"@id\":\"https:\/\/narteks.net\/#organization\"},\"image\":{\"@id\":\"https:\/\/narteks.net\/index.php\/2009\/11\/27\/2spinoza-gunleri\/#primaryimage\"},\"thumbnailUrl\":\"http:\/\/www.tulumba.com\/mmTULUMBA\/Images\/bk\/zBK347894HB433_250.jpg\",\"articleSection\":[\"Spinosizm\"],\"inLanguage\":\"tr\",\"potentialAction\":[{\"@type\":\"CommentAction\",\"name\":\"Comment\",\"target\":[\"https:\/\/narteks.net\/index.php\/2009\/11\/27\/2spinoza-gunleri\/#respond\"]}]},{\"@type\":\"WebPage\",\"@id\":\"https:\/\/narteks.net\/index.php\/2009\/11\/27\/2spinoza-gunleri\/\",\"url\":\"https:\/\/narteks.net\/index.php\/2009\/11\/27\/2spinoza-gunleri\/\",\"name\":\"2.Spinoza G\u00fcnleri - narteks.net\",\"isPartOf\":{\"@id\":\"https:\/\/narteks.net\/#website\"},\"primaryImageOfPage\":{\"@id\":\"https:\/\/narteks.net\/index.php\/2009\/11\/27\/2spinoza-gunleri\/#primaryimage\"},\"image\":{\"@id\":\"https:\/\/narteks.net\/index.php\/2009\/11\/27\/2spinoza-gunleri\/#primaryimage\"},\"thumbnailUrl\":\"http:\/\/www.tulumba.com\/mmTULUMBA\/Images\/bk\/zBK347894HB433_250.jpg\",\"datePublished\":\"2009-11-26T21:43:25+00:00\",\"breadcrumb\":{\"@id\":\"https:\/\/narteks.net\/index.php\/2009\/11\/27\/2spinoza-gunleri\/#breadcrumb\"},\"inLanguage\":\"tr\",\"potentialAction\":[{\"@type\":\"ReadAction\",\"target\":[\"https:\/\/narteks.net\/index.php\/2009\/11\/27\/2spinoza-gunleri\/\"]}]},{\"@type\":\"ImageObject\",\"inLanguage\":\"tr\",\"@id\":\"https:\/\/narteks.net\/index.php\/2009\/11\/27\/2spinoza-gunleri\/#primaryimage\",\"url\":\"http:\/\/www.tulumba.com\/mmTULUMBA\/Images\/bk\/zBK347894HB433_250.jpg\",\"contentUrl\":\"http:\/\/www.tulumba.com\/mmTULUMBA\/Images\/bk\/zBK347894HB433_250.jpg\"},{\"@type\":\"BreadcrumbList\",\"@id\":\"https:\/\/narteks.net\/index.php\/2009\/11\/27\/2spinoza-gunleri\/#breadcrumb\",\"itemListElement\":[{\"@type\":\"ListItem\",\"position\":1,\"name\":\"Anasayfa\",\"item\":\"https:\/\/narteks.net\/\"},{\"@type\":\"ListItem\",\"position\":2,\"name\":\"2.Spinoza G\u00fcnleri\"}]},{\"@type\":\"WebSite\",\"@id\":\"https:\/\/narteks.net\/#website\",\"url\":\"https:\/\/narteks.net\/\",\"name\":\"narteks.net\",\"description\":\"K\u00fclt\u00fcr Sanat Edebiyat Felsefe\",\"publisher\":{\"@id\":\"https:\/\/narteks.net\/#organization\"},\"alternateName\":\"K\u00fclt\u00fcr Sanat Edebiyat Felsefe\",\"potentialAction\":[{\"@type\":\"SearchAction\",\"target\":{\"@type\":\"EntryPoint\",\"urlTemplate\":\"https:\/\/narteks.net\/?s={search_term_string}\"},\"query-input\":{\"@type\":\"PropertyValueSpecification\",\"valueRequired\":true,\"valueName\":\"search_term_string\"}}],\"inLanguage\":\"tr\"},{\"@type\":\"Organization\",\"@id\":\"https:\/\/narteks.net\/#organization\",\"name\":\"narteks.net\",\"url\":\"https:\/\/narteks.net\/\",\"logo\":{\"@type\":\"ImageObject\",\"inLanguage\":\"tr\",\"@id\":\"https:\/\/narteks.net\/#\/schema\/logo\/image\/\",\"url\":\"https:\/\/narteks.net\/wp-content\/uploads\/narteks.png\",\"contentUrl\":\"https:\/\/narteks.net\/wp-content\/uploads\/narteks.png\",\"width\":300,\"height\":90,\"caption\":\"narteks.net\"},\"image\":{\"@id\":\"https:\/\/narteks.net\/#\/schema\/logo\/image\/\"},\"sameAs\":[\"https:\/\/x.com\/narteks\",\"https:\/\/instagram.com\/narteksnet\"]},{\"@type\":\"Person\",\"@id\":\"https:\/\/narteks.net\/#\/schema\/person\/61f37d9834294b72d31d274e7ed79bca\",\"name\":\"Tar\u0131k\",\"image\":{\"@type\":\"ImageObject\",\"inLanguage\":\"tr\",\"@id\":\"https:\/\/narteks.net\/#\/schema\/person\/image\/\",\"url\":\"https:\/\/secure.gravatar.com\/avatar\/50865afb55632c4ae467e0af0930f6510aa2297d8014be502a55b14f3b7550cf?s=96&d=mm&r=g\",\"contentUrl\":\"https:\/\/secure.gravatar.com\/avatar\/50865afb55632c4ae467e0af0930f6510aa2297d8014be502a55b14f3b7550cf?s=96&d=mm&r=g\",\"caption\":\"Tar\u0131k\"},\"sameAs\":[\"http:\/\/narteks.net\"],\"url\":\"https:\/\/narteks.net\/index.php\/author\/narbak\/\"}]}<\/script>\n<!-- \/ Yoast SEO Premium plugin. -->","yoast_head_json":{"title":"2.Spinoza G\u00fcnleri - narteks.net","robots":{"index":"index","follow":"follow","max-snippet":"max-snippet:-1","max-image-preview":"max-image-preview:large","max-video-preview":"max-video-preview:-1"},"canonical":"https:\/\/narteks.net\/index.php\/2009\/11\/27\/2spinoza-gunleri\/","og_locale":"tr_TR","og_type":"article","og_title":"2.Spinoza G\u00fcnleri","og_description":"\u0130stanbul Bilgi \u00dcniversitesi&#8217;nin d\u00fczenledi\u011fi, &#8216;2. Spinoza G\u00fcnleri&#8217; Sempozyumu 4-5 Aral\u0131k 2009 tarihleri aras\u0131nda yap\u0131lacak.Spinoza \u00fczerine yapt\u0131\u011f\u0131 \u00e7ok de\u011ferli \u00e7al\u0131\u015fmalar\u0131yla tan\u0131d\u0131\u011f\u0131m\u0131z Prof.Dr. Cemal Bali Akal&#8217;\u0131n \u00f6nc\u00fcl\u00fc\u011f\u00fcyle giri\u015filen &#8216;Spinoza G\u00fcnleri&#8217;nin birincisi, ge\u00e7en y\u0131l yine Bilgi \u00dcniversitesi&#8217;nde yap\u0131lm\u0131\u015ft\u0131.Bu y\u0131lki Spinoza G\u00fcnleri&#8217;nde, modern felsefenin \u00fc\u00e7 b\u00fcy\u00fck Rasyonalistinden biri (\u00f6tekiler Descartes ve Leibniz) olan Hollandal\u0131 bu b\u00fcy\u00fck filozof, uluslararas\u0131 bir [&hellip;]","og_url":"https:\/\/narteks.net\/index.php\/2009\/11\/27\/2spinoza-gunleri\/","og_site_name":"narteks.net","article_published_time":"2009-11-26T21:43:25+00:00","og_image":[{"url":"http:\/\/www.tulumba.com\/mmTULUMBA\/Images\/bk\/zBK347894HB433_250.jpg","type":"","width":"","height":""}],"author":"Tar\u0131k","twitter_card":"summary_large_image","twitter_creator":"@narteks","twitter_site":"@narteks","twitter_misc":{"Yazan:":"Tar\u0131k","Tahmini okuma s\u00fcresi":"3 dakika"},"schema":{"@context":"https:\/\/schema.org","@graph":[{"@type":"Article","@id":"https:\/\/narteks.net\/index.php\/2009\/11\/27\/2spinoza-gunleri\/#article","isPartOf":{"@id":"https:\/\/narteks.net\/index.php\/2009\/11\/27\/2spinoza-gunleri\/"},"author":{"name":"Tar\u0131k","@id":"https:\/\/narteks.net\/#\/schema\/person\/61f37d9834294b72d31d274e7ed79bca"},"headline":"2.Spinoza G\u00fcnleri","datePublished":"2009-11-26T21:43:25+00:00","mainEntityOfPage":{"@id":"https:\/\/narteks.net\/index.php\/2009\/11\/27\/2spinoza-gunleri\/"},"wordCount":680,"commentCount":0,"publisher":{"@id":"https:\/\/narteks.net\/#organization"},"image":{"@id":"https:\/\/narteks.net\/index.php\/2009\/11\/27\/2spinoza-gunleri\/#primaryimage"},"thumbnailUrl":"http:\/\/www.tulumba.com\/mmTULUMBA\/Images\/bk\/zBK347894HB433_250.jpg","articleSection":["Spinosizm"],"inLanguage":"tr","potentialAction":[{"@type":"CommentAction","name":"Comment","target":["https:\/\/narteks.net\/index.php\/2009\/11\/27\/2spinoza-gunleri\/#respond"]}]},{"@type":"WebPage","@id":"https:\/\/narteks.net\/index.php\/2009\/11\/27\/2spinoza-gunleri\/","url":"https:\/\/narteks.net\/index.php\/2009\/11\/27\/2spinoza-gunleri\/","name":"2.Spinoza G\u00fcnleri - narteks.net","isPartOf":{"@id":"https:\/\/narteks.net\/#website"},"primaryImageOfPage":{"@id":"https:\/\/narteks.net\/index.php\/2009\/11\/27\/2spinoza-gunleri\/#primaryimage"},"image":{"@id":"https:\/\/narteks.net\/index.php\/2009\/11\/27\/2spinoza-gunleri\/#primaryimage"},"thumbnailUrl":"http:\/\/www.tulumba.com\/mmTULUMBA\/Images\/bk\/zBK347894HB433_250.jpg","datePublished":"2009-11-26T21:43:25+00:00","breadcrumb":{"@id":"https:\/\/narteks.net\/index.php\/2009\/11\/27\/2spinoza-gunleri\/#breadcrumb"},"inLanguage":"tr","potentialAction":[{"@type":"ReadAction","target":["https:\/\/narteks.net\/index.php\/2009\/11\/27\/2spinoza-gunleri\/"]}]},{"@type":"ImageObject","inLanguage":"tr","@id":"https:\/\/narteks.net\/index.php\/2009\/11\/27\/2spinoza-gunleri\/#primaryimage","url":"http:\/\/www.tulumba.com\/mmTULUMBA\/Images\/bk\/zBK347894HB433_250.jpg","contentUrl":"http:\/\/www.tulumba.com\/mmTULUMBA\/Images\/bk\/zBK347894HB433_250.jpg"},{"@type":"BreadcrumbList","@id":"https:\/\/narteks.net\/index.php\/2009\/11\/27\/2spinoza-gunleri\/#breadcrumb","itemListElement":[{"@type":"ListItem","position":1,"name":"Anasayfa","item":"https:\/\/narteks.net\/"},{"@type":"ListItem","position":2,"name":"2.Spinoza G\u00fcnleri"}]},{"@type":"WebSite","@id":"https:\/\/narteks.net\/#website","url":"https:\/\/narteks.net\/","name":"narteks.net","description":"K\u00fclt\u00fcr Sanat Edebiyat Felsefe","publisher":{"@id":"https:\/\/narteks.net\/#organization"},"alternateName":"K\u00fclt\u00fcr Sanat Edebiyat Felsefe","potentialAction":[{"@type":"SearchAction","target":{"@type":"EntryPoint","urlTemplate":"https:\/\/narteks.net\/?s={search_term_string}"},"query-input":{"@type":"PropertyValueSpecification","valueRequired":true,"valueName":"search_term_string"}}],"inLanguage":"tr"},{"@type":"Organization","@id":"https:\/\/narteks.net\/#organization","name":"narteks.net","url":"https:\/\/narteks.net\/","logo":{"@type":"ImageObject","inLanguage":"tr","@id":"https:\/\/narteks.net\/#\/schema\/logo\/image\/","url":"https:\/\/narteks.net\/wp-content\/uploads\/narteks.png","contentUrl":"https:\/\/narteks.net\/wp-content\/uploads\/narteks.png","width":300,"height":90,"caption":"narteks.net"},"image":{"@id":"https:\/\/narteks.net\/#\/schema\/logo\/image\/"},"sameAs":["https:\/\/x.com\/narteks","https:\/\/instagram.com\/narteksnet"]},{"@type":"Person","@id":"https:\/\/narteks.net\/#\/schema\/person\/61f37d9834294b72d31d274e7ed79bca","name":"Tar\u0131k","image":{"@type":"ImageObject","inLanguage":"tr","@id":"https:\/\/narteks.net\/#\/schema\/person\/image\/","url":"https:\/\/secure.gravatar.com\/avatar\/50865afb55632c4ae467e0af0930f6510aa2297d8014be502a55b14f3b7550cf?s=96&d=mm&r=g","contentUrl":"https:\/\/secure.gravatar.com\/avatar\/50865afb55632c4ae467e0af0930f6510aa2297d8014be502a55b14f3b7550cf?s=96&d=mm&r=g","caption":"Tar\u0131k"},"sameAs":["http:\/\/narteks.net"],"url":"https:\/\/narteks.net\/index.php\/author\/narbak\/"}]}},"_links":{"self":[{"href":"https:\/\/narteks.net\/index.php\/wp-json\/wp\/v2\/posts\/1600","targetHints":{"allow":["GET"]}}],"collection":[{"href":"https:\/\/narteks.net\/index.php\/wp-json\/wp\/v2\/posts"}],"about":[{"href":"https:\/\/narteks.net\/index.php\/wp-json\/wp\/v2\/types\/post"}],"author":[{"embeddable":true,"href":"https:\/\/narteks.net\/index.php\/wp-json\/wp\/v2\/users\/1"}],"replies":[{"embeddable":true,"href":"https:\/\/narteks.net\/index.php\/wp-json\/wp\/v2\/comments?post=1600"}],"version-history":[{"count":0,"href":"https:\/\/narteks.net\/index.php\/wp-json\/wp\/v2\/posts\/1600\/revisions"}],"wp:attachment":[{"href":"https:\/\/narteks.net\/index.php\/wp-json\/wp\/v2\/media?parent=1600"}],"wp:term":[{"taxonomy":"category","embeddable":true,"href":"https:\/\/narteks.net\/index.php\/wp-json\/wp\/v2\/categories?post=1600"},{"taxonomy":"post_tag","embeddable":true,"href":"https:\/\/narteks.net\/index.php\/wp-json\/wp\/v2\/tags?post=1600"}],"curies":[{"name":"wp","href":"https:\/\/api.w.org\/{rel}","templated":true}]}}