{"id":1604,"date":"2009-11-27T18:52:08","date_gmt":"2009-11-27T15:52:08","guid":{"rendered":"http:\/\/localhost\/wordpress\/2009\/11\/27\/ataturkun-sadik-muhbiri-kimdi-mete-tuncay\/"},"modified":"2009-11-27T18:52:08","modified_gmt":"2009-11-27T15:52:08","slug":"ataturkun-sadik-muhbiri-kimdi-mete-tuncay","status":"publish","type":"post","link":"https:\/\/narteks.net\/index.php\/2009\/11\/27\/ataturkun-sadik-muhbiri-kimdi-mete-tuncay\/","title":{"rendered":"Atat\u00fcrk\u2019\u00fcn Sad\u0131k Muhbiri Kimdi? | Mete Tun\u00e7ay"},"content":{"rendered":"<p><strong><img loading=\"lazy\" decoding=\"async\" style=\"float: left; border: 0;\" src=\"http:\/\/www.ilkehaber.com\/images\/news\/8156.jpg\" width=\"155\" height=\"205\" border=\"0\" \/><\/strong><\/p>\n<p style=\"text-align: justify;\">T\u00fcrkiye\u2019de Sol Ak\u0131mlar 1908-1925 kitab\u0131mda, \u00c7erkez Ethem\u2019in paras\u0131yla Eski\u015fehir\u2019de Arif Oru\u00e7 taraf\u0131ndan \u201c\u0130slam Bol\u015fevik\u201d gazetesi olarak \u00e7\u0131kar\u0131l\u0131rken, Ethem\u2019in resm\u00ee TKF\u2019ye al\u0131nmas\u0131yla birlikte, Ankara\u2019ya nakledilen Yeni D\u00fcnya gazetesinin, ayaklanma s\u0131ras\u0131nda Eski\u015fehir (\u00f6zellikle demiryolu) i\u015f\u00e7ilerini k\u0131\u015fk\u0131rtma giri\u015fimi hakk\u0131nda \u015fu bilgiler toplanm\u0131\u015ft\u0131r:\u00c7erkez Ethem\u2019in ba\u015fkald\u0131rd\u0131\u011f\u0131 s\u0131ralar, Ankara\u2019da (resm\u00ee TKF\u2019nin organ\u0131 olarak) yay\u0131mlanan Yeni D\u00fcnya gazetesi de h\u00fck\u00fbmete cephe alm\u0131\u015f ve eski sahibine kar\u015f\u0131 asker sevkini engellemek i\u00e7in demiryolu i\u015f\u00e7ilerini greve \u00e7a\u011f\u0131rm\u0131\u015ft\u0131r; bunun \u00fczerine 2 Ocak\u2019ta [1921] Yeni D\u00fcnya idarehanesi h\u00fck\u00fbmet taraftarlar\u0131nca tahrip edilmi\u015ftir [dipnotu: G. Jaeschke, \u201cKommunismus und Islam,\u201d Die Welt des Islams, cilt 20, s.115]. Gazetenin sahib-i imtiyaz\u0131 Arif Oru\u00e7 ve arkada\u015flar\u0131 tutuklanm\u0131\u015ft\u0131r<\/p>\n<p>[dipnotu: 27 Temmuz 1931 tarihli Cumhuriyet gazetesinde yay\u0131mlanan, \u201cEski\u015fehir \u0130\u015f\u00e7ilerine\u201d hitaben (Nizamettin Nazif taraf\u0131ndan) yaz\u0131lm\u0131\u015f beyannamenin Arif Oru\u00e7 \u00e7evresince ve tam bu aral\u0131k da\u011f\u0131t\u0131ld\u0131\u011f\u0131 do\u011fru ise bile, bu belgede Ethem olay\u0131 ile ilgili hi\u00e7bir \u015fey s\u00f6ylenmemekte, yaln\u0131zca Bol\u015feviklik \u00f6v\u00fclmektedir.]<\/p>\n<p style=\"text-align: justify;\">Yine ayn\u0131 kitab\u0131m\u0131n belgeleri aras\u0131nda bulunan, resm\u00ee TKF genel sekreteri Hakk\u0131 Behi\u00e7\u2019in o y\u0131l sonlar\u0131nda Rauf [Orbay] Bey\u2019e yazd\u0131\u011f\u0131 mektubunda, konuyla ilgili \u015fu sat\u0131rlar yeralmaktad\u0131r:<\/p>\n<p>Eski\u015fehir\u2019de gayr-i m\u00fcnasip ne\u015friyat\u0131ndan dolay\u0131 h\u00fck\u00fbmet\u00e7e tatil edilecekken kurtar\u0131p buraya celp ve ba\u015fmuharrirli\u011fini bizzat deruhte etti\u011fim Yeni D\u00fcnya gazetesi bir e\u015fkiya yata\u011f\u0131 gibi bas\u0131ld\u0131, muharrirleri hapis edildi, sermuharriri ben oldu\u011fum gazetenin ba\u015f\u0131nda m\u00fcdir-i mesul nam\u0131na da benim ismim bulundu\u011fu halde en k\u00fc\u00e7\u00fck bir arkada\u015fl\u0131k hissi ile haberdar bile edilmedim. Gazetede Ethem\u2019in g\u00f6nderdi\u011fi bir beyanname tab\u2019 olunmu\u015f. Bu beyannamenin K\u00fctahya\u2019dan gelece\u011fini bile haber al\u0131p baz\u0131 mebuslara s\u00f6yleyenler bunun tab\u2019 edilmemesi i\u00e7in bana bir tezkerecik dahi yazmad\u0131lar. Beyanname tab\u2019 edildi ve c\u00fcrm-i me\u015fhut halinde matbaa bas\u0131larak yakaland\u0131. Gazete tatil olundu. Beyannameyi tervicen yazd\u0131\u011f\u0131 rivayet edilen ba\u015fmakaleden dolay\u0131 (hen\u00fcz inti\u015far etmemi\u015f ve d\u00fcnyan\u0131n hi\u00e7bir taraf\u0131nda c\u00fcr\u00fcm te\u015fkil etmesine imk\u00e2n g\u00f6r\u00fclemeyecek bir makaleden dolay\u0131) matbaa ve gazete m\u00fcstahdemleri aylarca hapsolundu. Bu gazetenin m\u00fcdir-i mesul\u00fc ben idim ve hi\u00e7bir \u015feyden haberdar olmayarak [evde hasta] yat\u0131yordum.<\/p>\n<p>Atat\u00fcrk\u2019\u00fcn B\u00fcy\u00fck Nutuk\u2019ta \u00c7erkez Ethem olay\u0131n\u0131n geli\u015fmelerini anlat\u0131rken s\u00f6yledikleri aras\u0131nda da, Yeni D\u00fcnya \u00e7evresinden nizam\u00ee ordu subay ve erlerini ayaklanmac\u0131lar lehine k\u0131\u015fk\u0131rtma giri\u015fimi hakk\u0131nda \u015funlar vard\u0131r: \u00c7erkez Ethem\u2019in a\u011fabeyi, Saruhan mebusu Re\u015fit Bey 20\/21 K\u00e2nunuevvel [Aral\u0131k 1920] gecesi evinde d\u00f6rt ki\u015fiyi, ordu zabitan ve bilhassa efrad\u0131n\u0131, Kuvai Seyyare ile bir musademe halinde \u0131zl\u00e2le memur ediyordu. Bu d\u00f6rt ki\u015fi \u015funlard\u0131: Yeni D\u00fcnya gazetesinde Hayri, Arif Oru\u00e7\u2019un hem\u015firezadesi Nizamettin, M\u00fc\u015fir Fuat Pa\u015fazade Hidayet ve refiki \u015e\u00fckr\u00fc Beyler&#8230; Bunlar, 21 K\u00e2nunuevvelde trenle Eski\u015fehir\u2019e hareket ettiler. Beraberlerinde Ethem Beyin k\u00e2tibi olan birisi de vard\u0131. Bunlar\u0131n i\u00e7inden biri, trenin hareketinden evvel haf\u00ee bir surette istasyondaki ikametg\u00e2h\u0131ma gelip bana keyfiyeti bildirdi. Bu zat, propaganday\u0131 tertip ve idareye memur imi\u015f. Reisleri Hidayet Bey imi\u015f. Para sarf\u0131 sel\u00e2hiyeti de onda imi\u015f. Muhbir olan, yaln\u0131z olarak K\u00fctahya\u2019ya gidecek, Ethem Beyden talimat ald\u0131ktan sonra Eski\u015fehir\u2019e d\u00f6necekti. Di\u011ferleri Eski\u015fehir\u2019de bekleyeceklerdi. &#8230; Muhbir, ihbarat\u0131nda sad\u0131k oldu\u011funu bil\u00e2hare fiiliyat ile ispat etmi\u015ftir.<\/p>\n<p>* * *<br \/>Nizamettin Nazif (Tepedelenlio\u011flu: 1901-1970) merhum, yak\u0131n tan\u0131yanlar an\u0131msayacaklard\u0131r, son y\u0131llar\u0131nda, Mustafa Kemal Pa\u015fan\u0131n T. Halk \u0130\u015ftirakiyun F\u0131rkas\u0131\/TKP i\u00e7indeki ajan\u0131 (Nutuk\u2019ta ad\u0131 verilmeyen ihbarc\u0131n\u0131n da kendisi) oldu\u011funu, 1922 Kas\u0131m\u2019\u0131nda Moskova\u2019da kat\u0131ld\u0131\u011f\u0131 Komintern 4. Kongresi s\u0131ras\u0131nda da bu i\u015fi yapt\u0131\u011f\u0131n\u0131 s\u00f6yleyip geziyor, hatta \u0130stikl\u00e2l Madalyas\u0131 verilmesini istiyordu.<\/p>\n<p>Ben, kitab\u0131m\u0131n yeni bir bas\u0131m\u0131n\u0131 haz\u0131rlarken, bunlar\u0131 bir daha d\u00fc\u015f\u00fcnd\u00fcm ve Nizamettin Nazif\u2019in \u00f6v\u00fcnmesinin do\u011fru olamayaca\u011f\u0131na karar verdim. \u00c7\u00fcnk\u00fc \u0130stikl\u00e2l Mahkemesi, \u201cAsi Ethem\u2019le arkada\u015flar\u0131 Ve Ayaklanmaya kat\u0131lanlar\u201d hakk\u0131ndaki 9 May\u0131s 1921 tarihli h\u00fckm\u00fcnde, 21 Ocaktan beri tutuklu bulunan Nizamettin\u2019i 8 y\u0131l hapse mahk\u00fbm etmi\u015f ve cezas\u0131n\u0131 \u00e7ekmek \u00fczere Diyarbak\u0131r\u2019a g\u00f6ndermi\u015ftir. Hatta mahkeme \u00e2z\u00e2s\u0131ndan El\u00e2ziz mebusu H\u00fcseyin, (\u201cmevkuf kald\u0131\u011f\u0131 m\u00fcddet k\u00e2fi g\u00f6r\u00fclerek h\u00fck\u00fbmetin tensip edece\u011fi bir mahalde [ki h\u00fck\u00fbmet Antalya\u2019y\u0131 tensip etmi\u015ftir!] ikamet\u201de mecbur edilmesiyle yetinilen Arif Oru\u00e7 gibi) Nizamettin\u2019in (de) cezas\u0131n\u0131n az oldu\u011fu, on(ar) y\u0131la mahk\u00fbm edilmesi [edilmeleri] gerekti\u011fi yolunda bir kar\u015f\u0131-oy yazm\u0131\u015ft\u0131r.<br \/>Arif Oru\u00e7 b\u00f6ylelikle yakas\u0131n\u0131 kurtar\u0131r ve Atat\u00fcrk\u2019\u00fcn adlar\u0131n\u0131 and\u0131\u011f\u0131 \u00f6teki \u00fc\u00e7 ki\u015fi de mahk\u00fbm edilemezlerken, 8 y\u0131la h\u00fck\u00fcm giyen Nizamettin Nazif nas\u0131l \u201csad\u0131k muhbir\u201d olabilir? Ger\u00e7ekten, bu kararda isim benzerli\u011fi yoksa, \u201csab\u0131k Kuvvai Seyyare efrad\u0131ndan Hayri\u201d beraat ettirilmi\u015f, \u201c\u015e\u00fckr\u00fc\u201dn\u00fcn adem-i mesuliyetine karar verilmi\u015f, grubun reisi, \u201cM\u00fc\u015fir Fuat Pa\u015fazade Hidayet\u201din ise ad\u0131 bile ge\u00e7memi\u015ftir. M\u00fc\u015fir Fuat Pa\u015fa, Mill\u00ee M\u00fccadele s\u0131ras\u0131nda \u0130stanbul\u2019da saray \u00e7evresine kar\u015f\u0131 \u00e7\u0131k\u0131\u015flar\u0131yla tan\u0131nan, 93 Rus Harbi (Elena) kahramanlar\u0131ndan Deli Fuat Pa\u015fa (1835-1931) olsa gerektir. Acaba, \u201csad\u0131k muhbir,\u201d onun o\u011flu Hidayet miydi? \u0130stikl\u00e2l Mahkemesi\u2019nin aklad\u0131\u011f\u0131 Hayri veya sorumsuz buldu\u011fu \u015e\u00fckr\u00fc m\u00fcyd\u00fc? Atat\u00fcrk\u2019\u00fcn ad\u0131n\u0131 s\u00f6ylemedi\u011fi, \u00c7erkez Ethem\u2019in k\u00e2tibi miydi? Yoksa her \u015feye kar\u015f\u0131n, sekiz y\u0131ll\u0131\u011f\u0131na hapse at\u0131lan (ama di\u011fer taklib-i h\u00fck\u00fbmet mahk\u00fbmlar\u0131yla birlikte, be\u015f ay ge\u00e7meden \u00f6zel bir af yasas\u0131yla serbest b\u0131rak\u0131lan) Nizamettin Nazif miydi? Bu soruyu -ve bir\u00e7ok ba\u015fkalar\u0131n\u0131- cevapland\u0131racak gizli belgeler g\u00fcn\u00fcn birinde ortaya \u00e7\u0131kacak m\u0131, dersiniz?<\/p>\n","protected":false},"excerpt":{"rendered":"<p>T\u00fcrkiye\u2019de Sol Ak\u0131mlar 1908-1925 kitab\u0131mda, \u00c7erkez Ethem\u2019in paras\u0131yla Eski\u015fehir\u2019de Arif Oru\u00e7 taraf\u0131ndan \u201c\u0130slam Bol\u015fevik\u201d gazetesi olarak \u00e7\u0131kar\u0131l\u0131rken, Ethem\u2019in resm\u00ee TKF\u2019ye al\u0131nmas\u0131yla birlikte, Ankara\u2019ya nakledilen Yeni D\u00fcnya gazetesinin, ayaklanma s\u0131ras\u0131nda Eski\u015fehir (\u00f6zellikle demiryolu) i\u015f\u00e7ilerini k\u0131\u015fk\u0131rtma giri\u015fimi hakk\u0131nda \u015fu bilgiler toplanm\u0131\u015ft\u0131r:\u00c7erkez Ethem\u2019in ba\u015fkald\u0131rd\u0131\u011f\u0131 s\u0131ralar, Ankara\u2019da (resm\u00ee TKF\u2019nin organ\u0131 olarak) yay\u0131mlanan Yeni D\u00fcnya gazetesi de h\u00fck\u00fbmete cephe alm\u0131\u015f [&hellip;]<\/p>\n","protected":false},"author":1,"featured_media":0,"comment_status":"open","ping_status":"open","sticky":false,"template":"","format":"standard","meta":{"footnotes":""},"categories":[156],"tags":[],"class_list":{"0":"post-1604","1":"post","2":"type-post","3":"status-publish","4":"format-standard","6":"category-genel-tarih"},"yoast_head":"<!-- This site is optimized with the Yoast SEO Premium plugin v24.9 (Yoast SEO v24.9) - https:\/\/yoast.com\/wordpress\/plugins\/seo\/ -->\n<title>Atat\u00fcrk\u2019\u00fcn Sad\u0131k Muhbiri Kimdi? | Mete Tun\u00e7ay - narteks.net<\/title>\n<meta name=\"robots\" content=\"index, follow, max-snippet:-1, max-image-preview:large, max-video-preview:-1\" \/>\n<link rel=\"canonical\" href=\"https:\/\/narteks.net\/index.php\/2009\/11\/27\/ataturkun-sadik-muhbiri-kimdi-mete-tuncay\/\" \/>\n<meta property=\"og:locale\" content=\"tr_TR\" \/>\n<meta property=\"og:type\" content=\"article\" \/>\n<meta property=\"og:title\" content=\"Atat\u00fcrk\u2019\u00fcn Sad\u0131k Muhbiri Kimdi? | Mete Tun\u00e7ay\" \/>\n<meta property=\"og:description\" content=\"T\u00fcrkiye\u2019de Sol Ak\u0131mlar 1908-1925 kitab\u0131mda, \u00c7erkez Ethem\u2019in paras\u0131yla Eski\u015fehir\u2019de Arif Oru\u00e7 taraf\u0131ndan \u201c\u0130slam Bol\u015fevik\u201d gazetesi olarak \u00e7\u0131kar\u0131l\u0131rken, Ethem\u2019in resm\u00ee TKF\u2019ye al\u0131nmas\u0131yla birlikte, Ankara\u2019ya nakledilen Yeni D\u00fcnya gazetesinin, ayaklanma s\u0131ras\u0131nda Eski\u015fehir (\u00f6zellikle demiryolu) i\u015f\u00e7ilerini k\u0131\u015fk\u0131rtma giri\u015fimi hakk\u0131nda \u015fu bilgiler toplanm\u0131\u015ft\u0131r:\u00c7erkez Ethem\u2019in ba\u015fkald\u0131rd\u0131\u011f\u0131 s\u0131ralar, Ankara\u2019da (resm\u00ee TKF\u2019nin organ\u0131 olarak) yay\u0131mlanan Yeni D\u00fcnya gazetesi de h\u00fck\u00fbmete cephe alm\u0131\u015f [&hellip;]\" \/>\n<meta property=\"og:url\" content=\"https:\/\/narteks.net\/index.php\/2009\/11\/27\/ataturkun-sadik-muhbiri-kimdi-mete-tuncay\/\" \/>\n<meta property=\"og:site_name\" content=\"narteks.net\" \/>\n<meta property=\"article:published_time\" content=\"2009-11-27T15:52:08+00:00\" \/>\n<meta property=\"og:image\" content=\"http:\/\/www.ilkehaber.com\/images\/news\/8156.jpg\" \/>\n<meta name=\"author\" content=\"Tar\u0131k\" \/>\n<meta name=\"twitter:card\" content=\"summary_large_image\" \/>\n<meta name=\"twitter:creator\" content=\"@narteks\" \/>\n<meta name=\"twitter:site\" content=\"@narteks\" \/>\n<meta name=\"twitter:label1\" content=\"Yazan:\" \/>\n\t<meta name=\"twitter:data1\" content=\"Tar\u0131k\" \/>\n\t<meta name=\"twitter:label2\" content=\"Tahmini okuma s\u00fcresi\" \/>\n\t<meta name=\"twitter:data2\" content=\"5 dakika\" \/>\n<script type=\"application\/ld+json\" class=\"yoast-schema-graph\">{\"@context\":\"https:\/\/schema.org\",\"@graph\":[{\"@type\":\"Article\",\"@id\":\"https:\/\/narteks.net\/index.php\/2009\/11\/27\/ataturkun-sadik-muhbiri-kimdi-mete-tuncay\/#article\",\"isPartOf\":{\"@id\":\"https:\/\/narteks.net\/index.php\/2009\/11\/27\/ataturkun-sadik-muhbiri-kimdi-mete-tuncay\/\"},\"author\":{\"name\":\"Tar\u0131k\",\"@id\":\"https:\/\/narteks.net\/#\/schema\/person\/61f37d9834294b72d31d274e7ed79bca\"},\"headline\":\"Atat\u00fcrk\u2019\u00fcn Sad\u0131k Muhbiri Kimdi? | Mete Tun\u00e7ay\",\"datePublished\":\"2009-11-27T15:52:08+00:00\",\"mainEntityOfPage\":{\"@id\":\"https:\/\/narteks.net\/index.php\/2009\/11\/27\/ataturkun-sadik-muhbiri-kimdi-mete-tuncay\/\"},\"wordCount\":1046,\"commentCount\":0,\"publisher\":{\"@id\":\"https:\/\/narteks.net\/#organization\"},\"image\":{\"@id\":\"https:\/\/narteks.net\/index.php\/2009\/11\/27\/ataturkun-sadik-muhbiri-kimdi-mete-tuncay\/#primaryimage\"},\"thumbnailUrl\":\"http:\/\/www.ilkehaber.com\/images\/news\/8156.jpg\",\"articleSection\":[\"Genel Tarih\"],\"inLanguage\":\"tr\",\"potentialAction\":[{\"@type\":\"CommentAction\",\"name\":\"Comment\",\"target\":[\"https:\/\/narteks.net\/index.php\/2009\/11\/27\/ataturkun-sadik-muhbiri-kimdi-mete-tuncay\/#respond\"]}]},{\"@type\":\"WebPage\",\"@id\":\"https:\/\/narteks.net\/index.php\/2009\/11\/27\/ataturkun-sadik-muhbiri-kimdi-mete-tuncay\/\",\"url\":\"https:\/\/narteks.net\/index.php\/2009\/11\/27\/ataturkun-sadik-muhbiri-kimdi-mete-tuncay\/\",\"name\":\"Atat\u00fcrk\u2019\u00fcn Sad\u0131k Muhbiri Kimdi? | Mete Tun\u00e7ay - narteks.net\",\"isPartOf\":{\"@id\":\"https:\/\/narteks.net\/#website\"},\"primaryImageOfPage\":{\"@id\":\"https:\/\/narteks.net\/index.php\/2009\/11\/27\/ataturkun-sadik-muhbiri-kimdi-mete-tuncay\/#primaryimage\"},\"image\":{\"@id\":\"https:\/\/narteks.net\/index.php\/2009\/11\/27\/ataturkun-sadik-muhbiri-kimdi-mete-tuncay\/#primaryimage\"},\"thumbnailUrl\":\"http:\/\/www.ilkehaber.com\/images\/news\/8156.jpg\",\"datePublished\":\"2009-11-27T15:52:08+00:00\",\"breadcrumb\":{\"@id\":\"https:\/\/narteks.net\/index.php\/2009\/11\/27\/ataturkun-sadik-muhbiri-kimdi-mete-tuncay\/#breadcrumb\"},\"inLanguage\":\"tr\",\"potentialAction\":[{\"@type\":\"ReadAction\",\"target\":[\"https:\/\/narteks.net\/index.php\/2009\/11\/27\/ataturkun-sadik-muhbiri-kimdi-mete-tuncay\/\"]}]},{\"@type\":\"ImageObject\",\"inLanguage\":\"tr\",\"@id\":\"https:\/\/narteks.net\/index.php\/2009\/11\/27\/ataturkun-sadik-muhbiri-kimdi-mete-tuncay\/#primaryimage\",\"url\":\"http:\/\/www.ilkehaber.com\/images\/news\/8156.jpg\",\"contentUrl\":\"http:\/\/www.ilkehaber.com\/images\/news\/8156.jpg\"},{\"@type\":\"BreadcrumbList\",\"@id\":\"https:\/\/narteks.net\/index.php\/2009\/11\/27\/ataturkun-sadik-muhbiri-kimdi-mete-tuncay\/#breadcrumb\",\"itemListElement\":[{\"@type\":\"ListItem\",\"position\":1,\"name\":\"Anasayfa\",\"item\":\"https:\/\/narteks.net\/\"},{\"@type\":\"ListItem\",\"position\":2,\"name\":\"Atat\u00fcrk\u2019\u00fcn Sad\u0131k Muhbiri Kimdi? | Mete Tun\u00e7ay\"}]},{\"@type\":\"WebSite\",\"@id\":\"https:\/\/narteks.net\/#website\",\"url\":\"https:\/\/narteks.net\/\",\"name\":\"narteks.net\",\"description\":\"K\u00fclt\u00fcr Sanat Edebiyat Felsefe\",\"publisher\":{\"@id\":\"https:\/\/narteks.net\/#organization\"},\"alternateName\":\"K\u00fclt\u00fcr Sanat Edebiyat Felsefe\",\"potentialAction\":[{\"@type\":\"SearchAction\",\"target\":{\"@type\":\"EntryPoint\",\"urlTemplate\":\"https:\/\/narteks.net\/?s={search_term_string}\"},\"query-input\":{\"@type\":\"PropertyValueSpecification\",\"valueRequired\":true,\"valueName\":\"search_term_string\"}}],\"inLanguage\":\"tr\"},{\"@type\":\"Organization\",\"@id\":\"https:\/\/narteks.net\/#organization\",\"name\":\"narteks.net\",\"url\":\"https:\/\/narteks.net\/\",\"logo\":{\"@type\":\"ImageObject\",\"inLanguage\":\"tr\",\"@id\":\"https:\/\/narteks.net\/#\/schema\/logo\/image\/\",\"url\":\"https:\/\/narteks.net\/wp-content\/uploads\/narteks.png\",\"contentUrl\":\"https:\/\/narteks.net\/wp-content\/uploads\/narteks.png\",\"width\":300,\"height\":90,\"caption\":\"narteks.net\"},\"image\":{\"@id\":\"https:\/\/narteks.net\/#\/schema\/logo\/image\/\"},\"sameAs\":[\"https:\/\/x.com\/narteks\",\"https:\/\/instagram.com\/narteksnet\"]},{\"@type\":\"Person\",\"@id\":\"https:\/\/narteks.net\/#\/schema\/person\/61f37d9834294b72d31d274e7ed79bca\",\"name\":\"Tar\u0131k\",\"image\":{\"@type\":\"ImageObject\",\"inLanguage\":\"tr\",\"@id\":\"https:\/\/narteks.net\/#\/schema\/person\/image\/\",\"url\":\"https:\/\/secure.gravatar.com\/avatar\/50865afb55632c4ae467e0af0930f6510aa2297d8014be502a55b14f3b7550cf?s=96&d=mm&r=g\",\"contentUrl\":\"https:\/\/secure.gravatar.com\/avatar\/50865afb55632c4ae467e0af0930f6510aa2297d8014be502a55b14f3b7550cf?s=96&d=mm&r=g\",\"caption\":\"Tar\u0131k\"},\"sameAs\":[\"http:\/\/narteks.net\"],\"url\":\"https:\/\/narteks.net\/index.php\/author\/narbak\/\"}]}<\/script>\n<!-- \/ Yoast SEO Premium plugin. -->","yoast_head_json":{"title":"Atat\u00fcrk\u2019\u00fcn Sad\u0131k Muhbiri Kimdi? | Mete Tun\u00e7ay - narteks.net","robots":{"index":"index","follow":"follow","max-snippet":"max-snippet:-1","max-image-preview":"max-image-preview:large","max-video-preview":"max-video-preview:-1"},"canonical":"https:\/\/narteks.net\/index.php\/2009\/11\/27\/ataturkun-sadik-muhbiri-kimdi-mete-tuncay\/","og_locale":"tr_TR","og_type":"article","og_title":"Atat\u00fcrk\u2019\u00fcn Sad\u0131k Muhbiri Kimdi? | Mete Tun\u00e7ay","og_description":"T\u00fcrkiye\u2019de Sol Ak\u0131mlar 1908-1925 kitab\u0131mda, \u00c7erkez Ethem\u2019in paras\u0131yla Eski\u015fehir\u2019de Arif Oru\u00e7 taraf\u0131ndan \u201c\u0130slam Bol\u015fevik\u201d gazetesi olarak \u00e7\u0131kar\u0131l\u0131rken, Ethem\u2019in resm\u00ee TKF\u2019ye al\u0131nmas\u0131yla birlikte, Ankara\u2019ya nakledilen Yeni D\u00fcnya gazetesinin, ayaklanma s\u0131ras\u0131nda Eski\u015fehir (\u00f6zellikle demiryolu) i\u015f\u00e7ilerini k\u0131\u015fk\u0131rtma giri\u015fimi hakk\u0131nda \u015fu bilgiler toplanm\u0131\u015ft\u0131r:\u00c7erkez Ethem\u2019in ba\u015fkald\u0131rd\u0131\u011f\u0131 s\u0131ralar, Ankara\u2019da (resm\u00ee TKF\u2019nin organ\u0131 olarak) yay\u0131mlanan Yeni D\u00fcnya gazetesi de h\u00fck\u00fbmete cephe alm\u0131\u015f [&hellip;]","og_url":"https:\/\/narteks.net\/index.php\/2009\/11\/27\/ataturkun-sadik-muhbiri-kimdi-mete-tuncay\/","og_site_name":"narteks.net","article_published_time":"2009-11-27T15:52:08+00:00","og_image":[{"url":"http:\/\/www.ilkehaber.com\/images\/news\/8156.jpg","type":"","width":"","height":""}],"author":"Tar\u0131k","twitter_card":"summary_large_image","twitter_creator":"@narteks","twitter_site":"@narteks","twitter_misc":{"Yazan:":"Tar\u0131k","Tahmini okuma s\u00fcresi":"5 dakika"},"schema":{"@context":"https:\/\/schema.org","@graph":[{"@type":"Article","@id":"https:\/\/narteks.net\/index.php\/2009\/11\/27\/ataturkun-sadik-muhbiri-kimdi-mete-tuncay\/#article","isPartOf":{"@id":"https:\/\/narteks.net\/index.php\/2009\/11\/27\/ataturkun-sadik-muhbiri-kimdi-mete-tuncay\/"},"author":{"name":"Tar\u0131k","@id":"https:\/\/narteks.net\/#\/schema\/person\/61f37d9834294b72d31d274e7ed79bca"},"headline":"Atat\u00fcrk\u2019\u00fcn Sad\u0131k Muhbiri Kimdi? | Mete Tun\u00e7ay","datePublished":"2009-11-27T15:52:08+00:00","mainEntityOfPage":{"@id":"https:\/\/narteks.net\/index.php\/2009\/11\/27\/ataturkun-sadik-muhbiri-kimdi-mete-tuncay\/"},"wordCount":1046,"commentCount":0,"publisher":{"@id":"https:\/\/narteks.net\/#organization"},"image":{"@id":"https:\/\/narteks.net\/index.php\/2009\/11\/27\/ataturkun-sadik-muhbiri-kimdi-mete-tuncay\/#primaryimage"},"thumbnailUrl":"http:\/\/www.ilkehaber.com\/images\/news\/8156.jpg","articleSection":["Genel Tarih"],"inLanguage":"tr","potentialAction":[{"@type":"CommentAction","name":"Comment","target":["https:\/\/narteks.net\/index.php\/2009\/11\/27\/ataturkun-sadik-muhbiri-kimdi-mete-tuncay\/#respond"]}]},{"@type":"WebPage","@id":"https:\/\/narteks.net\/index.php\/2009\/11\/27\/ataturkun-sadik-muhbiri-kimdi-mete-tuncay\/","url":"https:\/\/narteks.net\/index.php\/2009\/11\/27\/ataturkun-sadik-muhbiri-kimdi-mete-tuncay\/","name":"Atat\u00fcrk\u2019\u00fcn Sad\u0131k Muhbiri Kimdi? | Mete Tun\u00e7ay - narteks.net","isPartOf":{"@id":"https:\/\/narteks.net\/#website"},"primaryImageOfPage":{"@id":"https:\/\/narteks.net\/index.php\/2009\/11\/27\/ataturkun-sadik-muhbiri-kimdi-mete-tuncay\/#primaryimage"},"image":{"@id":"https:\/\/narteks.net\/index.php\/2009\/11\/27\/ataturkun-sadik-muhbiri-kimdi-mete-tuncay\/#primaryimage"},"thumbnailUrl":"http:\/\/www.ilkehaber.com\/images\/news\/8156.jpg","datePublished":"2009-11-27T15:52:08+00:00","breadcrumb":{"@id":"https:\/\/narteks.net\/index.php\/2009\/11\/27\/ataturkun-sadik-muhbiri-kimdi-mete-tuncay\/#breadcrumb"},"inLanguage":"tr","potentialAction":[{"@type":"ReadAction","target":["https:\/\/narteks.net\/index.php\/2009\/11\/27\/ataturkun-sadik-muhbiri-kimdi-mete-tuncay\/"]}]},{"@type":"ImageObject","inLanguage":"tr","@id":"https:\/\/narteks.net\/index.php\/2009\/11\/27\/ataturkun-sadik-muhbiri-kimdi-mete-tuncay\/#primaryimage","url":"http:\/\/www.ilkehaber.com\/images\/news\/8156.jpg","contentUrl":"http:\/\/www.ilkehaber.com\/images\/news\/8156.jpg"},{"@type":"BreadcrumbList","@id":"https:\/\/narteks.net\/index.php\/2009\/11\/27\/ataturkun-sadik-muhbiri-kimdi-mete-tuncay\/#breadcrumb","itemListElement":[{"@type":"ListItem","position":1,"name":"Anasayfa","item":"https:\/\/narteks.net\/"},{"@type":"ListItem","position":2,"name":"Atat\u00fcrk\u2019\u00fcn Sad\u0131k Muhbiri Kimdi? | Mete Tun\u00e7ay"}]},{"@type":"WebSite","@id":"https:\/\/narteks.net\/#website","url":"https:\/\/narteks.net\/","name":"narteks.net","description":"K\u00fclt\u00fcr Sanat Edebiyat Felsefe","publisher":{"@id":"https:\/\/narteks.net\/#organization"},"alternateName":"K\u00fclt\u00fcr Sanat Edebiyat Felsefe","potentialAction":[{"@type":"SearchAction","target":{"@type":"EntryPoint","urlTemplate":"https:\/\/narteks.net\/?s={search_term_string}"},"query-input":{"@type":"PropertyValueSpecification","valueRequired":true,"valueName":"search_term_string"}}],"inLanguage":"tr"},{"@type":"Organization","@id":"https:\/\/narteks.net\/#organization","name":"narteks.net","url":"https:\/\/narteks.net\/","logo":{"@type":"ImageObject","inLanguage":"tr","@id":"https:\/\/narteks.net\/#\/schema\/logo\/image\/","url":"https:\/\/narteks.net\/wp-content\/uploads\/narteks.png","contentUrl":"https:\/\/narteks.net\/wp-content\/uploads\/narteks.png","width":300,"height":90,"caption":"narteks.net"},"image":{"@id":"https:\/\/narteks.net\/#\/schema\/logo\/image\/"},"sameAs":["https:\/\/x.com\/narteks","https:\/\/instagram.com\/narteksnet"]},{"@type":"Person","@id":"https:\/\/narteks.net\/#\/schema\/person\/61f37d9834294b72d31d274e7ed79bca","name":"Tar\u0131k","image":{"@type":"ImageObject","inLanguage":"tr","@id":"https:\/\/narteks.net\/#\/schema\/person\/image\/","url":"https:\/\/secure.gravatar.com\/avatar\/50865afb55632c4ae467e0af0930f6510aa2297d8014be502a55b14f3b7550cf?s=96&d=mm&r=g","contentUrl":"https:\/\/secure.gravatar.com\/avatar\/50865afb55632c4ae467e0af0930f6510aa2297d8014be502a55b14f3b7550cf?s=96&d=mm&r=g","caption":"Tar\u0131k"},"sameAs":["http:\/\/narteks.net"],"url":"https:\/\/narteks.net\/index.php\/author\/narbak\/"}]}},"_links":{"self":[{"href":"https:\/\/narteks.net\/index.php\/wp-json\/wp\/v2\/posts\/1604","targetHints":{"allow":["GET"]}}],"collection":[{"href":"https:\/\/narteks.net\/index.php\/wp-json\/wp\/v2\/posts"}],"about":[{"href":"https:\/\/narteks.net\/index.php\/wp-json\/wp\/v2\/types\/post"}],"author":[{"embeddable":true,"href":"https:\/\/narteks.net\/index.php\/wp-json\/wp\/v2\/users\/1"}],"replies":[{"embeddable":true,"href":"https:\/\/narteks.net\/index.php\/wp-json\/wp\/v2\/comments?post=1604"}],"version-history":[{"count":0,"href":"https:\/\/narteks.net\/index.php\/wp-json\/wp\/v2\/posts\/1604\/revisions"}],"wp:attachment":[{"href":"https:\/\/narteks.net\/index.php\/wp-json\/wp\/v2\/media?parent=1604"}],"wp:term":[{"taxonomy":"category","embeddable":true,"href":"https:\/\/narteks.net\/index.php\/wp-json\/wp\/v2\/categories?post=1604"},{"taxonomy":"post_tag","embeddable":true,"href":"https:\/\/narteks.net\/index.php\/wp-json\/wp\/v2\/tags?post=1604"}],"curies":[{"name":"wp","href":"https:\/\/api.w.org\/{rel}","templated":true}]}}