{"id":1623,"date":"2009-11-28T00:31:01","date_gmt":"2009-11-27T21:31:01","guid":{"rendered":"http:\/\/localhost\/wordpress\/2009\/11\/28\/benim\/"},"modified":"2009-11-28T00:31:01","modified_gmt":"2009-11-27T21:31:01","slug":"benim","status":"publish","type":"post","link":"https:\/\/narteks.net\/index.php\/2009\/11\/28\/benim\/","title":{"rendered":"BEN\u0130M"},"content":{"rendered":"<p>\u00a0<\/p>\n<p>Benim, sen ey korkak. Duyuyormusun<br \/>B\u00fct\u00fcn duyular\u0131mla var\u0131p gelmi\u015fim sana?<br \/>Kanatlanm\u0131\u015f olan duygular\u0131m, <br \/>F\u0131r d\u00f6n\u00fcyor bembeyaz, \u00e7ehrenin etraf\u0131nda.<br \/>G\u00f6rm\u00fcyor musun ruhumu, nas\u0131l da yak\u0131n<br \/>Duruyor \u00f6n\u00fcnde sessizlikten olu\u015fan giysisinde?<br \/>B\u00fcy\u00fcm\u00fcyor mu ilk bahars\u0131 dualar\u0131m<br \/>Bir a\u011fac\u0131n meyvesi gibi, g\u00f6zlerinde?<\/p>\n<p>R\u00fcya g\u00f6r\u00fcrsen e\u011fer, r\u00fcyan\u0131m ben.<br \/>Ama uyanmak istersen, olurum iraden<br \/>Ve t\u00fcm g\u00f6rkeme hakim olup hemen<br \/>Toplar\u0131m kendimi bir y\u0131ld\u0131z s\u00fckunetinde<br \/>Zaman\u0131n anla\u015f\u0131lmaz kenti \u00fczerinde.<\/p>\n<p>Rainer Maria R\u0130LKE<\/p>\n","protected":false},"excerpt":{"rendered":"<p>\u00a0 Benim, sen ey korkak. DuyuyormusunB\u00fct\u00fcn duyular\u0131mla var\u0131p gelmi\u015fim sana?Kanatlanm\u0131\u015f olan duygular\u0131m, F\u0131r d\u00f6n\u00fcyor bembeyaz, \u00e7ehrenin etraf\u0131nda.G\u00f6rm\u00fcyor musun ruhumu, nas\u0131l da yak\u0131nDuruyor \u00f6n\u00fcnde sessizlikten olu\u015fan giysisinde?B\u00fcy\u00fcm\u00fcyor mu ilk bahars\u0131 dualar\u0131mBir a\u011fac\u0131n meyvesi gibi, g\u00f6zlerinde? R\u00fcya g\u00f6r\u00fcrsen e\u011fer, r\u00fcyan\u0131m ben.Ama uyanmak istersen, olurum iradenVe t\u00fcm g\u00f6rkeme hakim olup hemenToplar\u0131m kendimi bir y\u0131ld\u0131z s\u00fckunetindeZaman\u0131n anla\u015f\u0131lmaz kenti \u00fczerinde. [&hellip;]<\/p>\n","protected":false},"author":1,"featured_media":0,"comment_status":"open","ping_status":"open","sticky":false,"template":"","format":"standard","meta":{"footnotes":""},"categories":[80],"tags":[],"class_list":{"0":"post-1623","1":"post","2":"type-post","3":"status-publish","4":"format-standard","6":"category-rainer-maria-rilke"},"yoast_head":"<!-- This site is optimized with the Yoast SEO Premium plugin v24.9 (Yoast SEO v24.9) - https:\/\/yoast.com\/wordpress\/plugins\/seo\/ -->\n<title>BEN\u0130M - narteks.net<\/title>\n<meta name=\"robots\" content=\"index, follow, max-snippet:-1, max-image-preview:large, max-video-preview:-1\" \/>\n<link rel=\"canonical\" href=\"https:\/\/narteks.net\/index.php\/2009\/11\/28\/benim\/\" \/>\n<meta property=\"og:locale\" content=\"tr_TR\" \/>\n<meta property=\"og:type\" content=\"article\" \/>\n<meta property=\"og:title\" content=\"BEN\u0130M\" \/>\n<meta property=\"og:description\" content=\"\u00a0 Benim, sen ey korkak. DuyuyormusunB\u00fct\u00fcn duyular\u0131mla var\u0131p gelmi\u015fim sana?Kanatlanm\u0131\u015f olan duygular\u0131m, F\u0131r d\u00f6n\u00fcyor bembeyaz, \u00e7ehrenin etraf\u0131nda.G\u00f6rm\u00fcyor musun ruhumu, nas\u0131l da yak\u0131nDuruyor \u00f6n\u00fcnde sessizlikten olu\u015fan giysisinde?B\u00fcy\u00fcm\u00fcyor mu ilk bahars\u0131 dualar\u0131mBir a\u011fac\u0131n meyvesi gibi, g\u00f6zlerinde? R\u00fcya g\u00f6r\u00fcrsen e\u011fer, r\u00fcyan\u0131m ben.Ama uyanmak istersen, olurum iradenVe t\u00fcm g\u00f6rkeme hakim olup hemenToplar\u0131m kendimi bir y\u0131ld\u0131z s\u00fckunetindeZaman\u0131n anla\u015f\u0131lmaz kenti \u00fczerinde. [&hellip;]\" \/>\n<meta property=\"og:url\" content=\"https:\/\/narteks.net\/index.php\/2009\/11\/28\/benim\/\" \/>\n<meta property=\"og:site_name\" content=\"narteks.net\" \/>\n<meta property=\"article:published_time\" content=\"2009-11-27T21:31:01+00:00\" \/>\n<meta property=\"og:image\" content=\"https:\/\/narteks.net\/wp-content\/uploads\/narteks.png\" \/>\n\t<meta property=\"og:image:width\" content=\"300\" \/>\n\t<meta property=\"og:image:height\" content=\"90\" \/>\n\t<meta property=\"og:image:type\" content=\"image\/png\" \/>\n<meta name=\"author\" content=\"Tar\u0131k\" \/>\n<meta name=\"twitter:card\" content=\"summary_large_image\" \/>\n<meta name=\"twitter:creator\" content=\"@narteks\" \/>\n<meta name=\"twitter:site\" content=\"@narteks\" \/>\n<meta name=\"twitter:label1\" content=\"Yazan:\" \/>\n\t<meta name=\"twitter:data1\" content=\"Tar\u0131k\" \/>\n<script type=\"application\/ld+json\" class=\"yoast-schema-graph\">{\"@context\":\"https:\/\/schema.org\",\"@graph\":[{\"@type\":\"Article\",\"@id\":\"https:\/\/narteks.net\/index.php\/2009\/11\/28\/benim\/#article\",\"isPartOf\":{\"@id\":\"https:\/\/narteks.net\/index.php\/2009\/11\/28\/benim\/\"},\"author\":{\"name\":\"Tar\u0131k\",\"@id\":\"https:\/\/narteks.net\/#\/schema\/person\/61f37d9834294b72d31d274e7ed79bca\"},\"headline\":\"BEN\u0130M\",\"datePublished\":\"2009-11-27T21:31:01+00:00\",\"mainEntityOfPage\":{\"@id\":\"https:\/\/narteks.net\/index.php\/2009\/11\/28\/benim\/\"},\"wordCount\":101,\"commentCount\":0,\"publisher\":{\"@id\":\"https:\/\/narteks.net\/#organization\"},\"articleSection\":[\"Rainer Maria R\u0130LKE\"],\"inLanguage\":\"tr\",\"potentialAction\":[{\"@type\":\"CommentAction\",\"name\":\"Comment\",\"target\":[\"https:\/\/narteks.net\/index.php\/2009\/11\/28\/benim\/#respond\"]}]},{\"@type\":\"WebPage\",\"@id\":\"https:\/\/narteks.net\/index.php\/2009\/11\/28\/benim\/\",\"url\":\"https:\/\/narteks.net\/index.php\/2009\/11\/28\/benim\/\",\"name\":\"BEN\u0130M - narteks.net\",\"isPartOf\":{\"@id\":\"https:\/\/narteks.net\/#website\"},\"datePublished\":\"2009-11-27T21:31:01+00:00\",\"breadcrumb\":{\"@id\":\"https:\/\/narteks.net\/index.php\/2009\/11\/28\/benim\/#breadcrumb\"},\"inLanguage\":\"tr\",\"potentialAction\":[{\"@type\":\"ReadAction\",\"target\":[\"https:\/\/narteks.net\/index.php\/2009\/11\/28\/benim\/\"]}]},{\"@type\":\"BreadcrumbList\",\"@id\":\"https:\/\/narteks.net\/index.php\/2009\/11\/28\/benim\/#breadcrumb\",\"itemListElement\":[{\"@type\":\"ListItem\",\"position\":1,\"name\":\"Anasayfa\",\"item\":\"https:\/\/narteks.net\/\"},{\"@type\":\"ListItem\",\"position\":2,\"name\":\"BEN\u0130M\"}]},{\"@type\":\"WebSite\",\"@id\":\"https:\/\/narteks.net\/#website\",\"url\":\"https:\/\/narteks.net\/\",\"name\":\"narteks.net\",\"description\":\"K\u00fclt\u00fcr Sanat Edebiyat Felsefe\",\"publisher\":{\"@id\":\"https:\/\/narteks.net\/#organization\"},\"alternateName\":\"K\u00fclt\u00fcr Sanat Edebiyat Felsefe\",\"potentialAction\":[{\"@type\":\"SearchAction\",\"target\":{\"@type\":\"EntryPoint\",\"urlTemplate\":\"https:\/\/narteks.net\/?s={search_term_string}\"},\"query-input\":{\"@type\":\"PropertyValueSpecification\",\"valueRequired\":true,\"valueName\":\"search_term_string\"}}],\"inLanguage\":\"tr\"},{\"@type\":\"Organization\",\"@id\":\"https:\/\/narteks.net\/#organization\",\"name\":\"narteks.net\",\"url\":\"https:\/\/narteks.net\/\",\"logo\":{\"@type\":\"ImageObject\",\"inLanguage\":\"tr\",\"@id\":\"https:\/\/narteks.net\/#\/schema\/logo\/image\/\",\"url\":\"https:\/\/narteks.net\/wp-content\/uploads\/narteks.png\",\"contentUrl\":\"https:\/\/narteks.net\/wp-content\/uploads\/narteks.png\",\"width\":300,\"height\":90,\"caption\":\"narteks.net\"},\"image\":{\"@id\":\"https:\/\/narteks.net\/#\/schema\/logo\/image\/\"},\"sameAs\":[\"https:\/\/x.com\/narteks\",\"https:\/\/instagram.com\/narteksnet\"]},{\"@type\":\"Person\",\"@id\":\"https:\/\/narteks.net\/#\/schema\/person\/61f37d9834294b72d31d274e7ed79bca\",\"name\":\"Tar\u0131k\",\"image\":{\"@type\":\"ImageObject\",\"inLanguage\":\"tr\",\"@id\":\"https:\/\/narteks.net\/#\/schema\/person\/image\/\",\"url\":\"https:\/\/secure.gravatar.com\/avatar\/50865afb55632c4ae467e0af0930f6510aa2297d8014be502a55b14f3b7550cf?s=96&d=mm&r=g\",\"contentUrl\":\"https:\/\/secure.gravatar.com\/avatar\/50865afb55632c4ae467e0af0930f6510aa2297d8014be502a55b14f3b7550cf?s=96&d=mm&r=g\",\"caption\":\"Tar\u0131k\"},\"sameAs\":[\"http:\/\/narteks.net\"],\"url\":\"https:\/\/narteks.net\/index.php\/author\/narbak\/\"}]}<\/script>\n<!-- \/ Yoast SEO Premium plugin. -->","yoast_head_json":{"title":"BEN\u0130M - narteks.net","robots":{"index":"index","follow":"follow","max-snippet":"max-snippet:-1","max-image-preview":"max-image-preview:large","max-video-preview":"max-video-preview:-1"},"canonical":"https:\/\/narteks.net\/index.php\/2009\/11\/28\/benim\/","og_locale":"tr_TR","og_type":"article","og_title":"BEN\u0130M","og_description":"\u00a0 Benim, sen ey korkak. DuyuyormusunB\u00fct\u00fcn duyular\u0131mla var\u0131p gelmi\u015fim sana?Kanatlanm\u0131\u015f olan duygular\u0131m, F\u0131r d\u00f6n\u00fcyor bembeyaz, \u00e7ehrenin etraf\u0131nda.G\u00f6rm\u00fcyor musun ruhumu, nas\u0131l da yak\u0131nDuruyor \u00f6n\u00fcnde sessizlikten olu\u015fan giysisinde?B\u00fcy\u00fcm\u00fcyor mu ilk bahars\u0131 dualar\u0131mBir a\u011fac\u0131n meyvesi gibi, g\u00f6zlerinde? R\u00fcya g\u00f6r\u00fcrsen e\u011fer, r\u00fcyan\u0131m ben.Ama uyanmak istersen, olurum iradenVe t\u00fcm g\u00f6rkeme hakim olup hemenToplar\u0131m kendimi bir y\u0131ld\u0131z s\u00fckunetindeZaman\u0131n anla\u015f\u0131lmaz kenti \u00fczerinde. [&hellip;]","og_url":"https:\/\/narteks.net\/index.php\/2009\/11\/28\/benim\/","og_site_name":"narteks.net","article_published_time":"2009-11-27T21:31:01+00:00","og_image":[{"width":300,"height":90,"url":"https:\/\/narteks.net\/wp-content\/uploads\/narteks.png","type":"image\/png"}],"author":"Tar\u0131k","twitter_card":"summary_large_image","twitter_creator":"@narteks","twitter_site":"@narteks","twitter_misc":{"Yazan:":"Tar\u0131k"},"schema":{"@context":"https:\/\/schema.org","@graph":[{"@type":"Article","@id":"https:\/\/narteks.net\/index.php\/2009\/11\/28\/benim\/#article","isPartOf":{"@id":"https:\/\/narteks.net\/index.php\/2009\/11\/28\/benim\/"},"author":{"name":"Tar\u0131k","@id":"https:\/\/narteks.net\/#\/schema\/person\/61f37d9834294b72d31d274e7ed79bca"},"headline":"BEN\u0130M","datePublished":"2009-11-27T21:31:01+00:00","mainEntityOfPage":{"@id":"https:\/\/narteks.net\/index.php\/2009\/11\/28\/benim\/"},"wordCount":101,"commentCount":0,"publisher":{"@id":"https:\/\/narteks.net\/#organization"},"articleSection":["Rainer Maria R\u0130LKE"],"inLanguage":"tr","potentialAction":[{"@type":"CommentAction","name":"Comment","target":["https:\/\/narteks.net\/index.php\/2009\/11\/28\/benim\/#respond"]}]},{"@type":"WebPage","@id":"https:\/\/narteks.net\/index.php\/2009\/11\/28\/benim\/","url":"https:\/\/narteks.net\/index.php\/2009\/11\/28\/benim\/","name":"BEN\u0130M - narteks.net","isPartOf":{"@id":"https:\/\/narteks.net\/#website"},"datePublished":"2009-11-27T21:31:01+00:00","breadcrumb":{"@id":"https:\/\/narteks.net\/index.php\/2009\/11\/28\/benim\/#breadcrumb"},"inLanguage":"tr","potentialAction":[{"@type":"ReadAction","target":["https:\/\/narteks.net\/index.php\/2009\/11\/28\/benim\/"]}]},{"@type":"BreadcrumbList","@id":"https:\/\/narteks.net\/index.php\/2009\/11\/28\/benim\/#breadcrumb","itemListElement":[{"@type":"ListItem","position":1,"name":"Anasayfa","item":"https:\/\/narteks.net\/"},{"@type":"ListItem","position":2,"name":"BEN\u0130M"}]},{"@type":"WebSite","@id":"https:\/\/narteks.net\/#website","url":"https:\/\/narteks.net\/","name":"narteks.net","description":"K\u00fclt\u00fcr Sanat Edebiyat Felsefe","publisher":{"@id":"https:\/\/narteks.net\/#organization"},"alternateName":"K\u00fclt\u00fcr Sanat Edebiyat Felsefe","potentialAction":[{"@type":"SearchAction","target":{"@type":"EntryPoint","urlTemplate":"https:\/\/narteks.net\/?s={search_term_string}"},"query-input":{"@type":"PropertyValueSpecification","valueRequired":true,"valueName":"search_term_string"}}],"inLanguage":"tr"},{"@type":"Organization","@id":"https:\/\/narteks.net\/#organization","name":"narteks.net","url":"https:\/\/narteks.net\/","logo":{"@type":"ImageObject","inLanguage":"tr","@id":"https:\/\/narteks.net\/#\/schema\/logo\/image\/","url":"https:\/\/narteks.net\/wp-content\/uploads\/narteks.png","contentUrl":"https:\/\/narteks.net\/wp-content\/uploads\/narteks.png","width":300,"height":90,"caption":"narteks.net"},"image":{"@id":"https:\/\/narteks.net\/#\/schema\/logo\/image\/"},"sameAs":["https:\/\/x.com\/narteks","https:\/\/instagram.com\/narteksnet"]},{"@type":"Person","@id":"https:\/\/narteks.net\/#\/schema\/person\/61f37d9834294b72d31d274e7ed79bca","name":"Tar\u0131k","image":{"@type":"ImageObject","inLanguage":"tr","@id":"https:\/\/narteks.net\/#\/schema\/person\/image\/","url":"https:\/\/secure.gravatar.com\/avatar\/50865afb55632c4ae467e0af0930f6510aa2297d8014be502a55b14f3b7550cf?s=96&d=mm&r=g","contentUrl":"https:\/\/secure.gravatar.com\/avatar\/50865afb55632c4ae467e0af0930f6510aa2297d8014be502a55b14f3b7550cf?s=96&d=mm&r=g","caption":"Tar\u0131k"},"sameAs":["http:\/\/narteks.net"],"url":"https:\/\/narteks.net\/index.php\/author\/narbak\/"}]}},"_links":{"self":[{"href":"https:\/\/narteks.net\/index.php\/wp-json\/wp\/v2\/posts\/1623","targetHints":{"allow":["GET"]}}],"collection":[{"href":"https:\/\/narteks.net\/index.php\/wp-json\/wp\/v2\/posts"}],"about":[{"href":"https:\/\/narteks.net\/index.php\/wp-json\/wp\/v2\/types\/post"}],"author":[{"embeddable":true,"href":"https:\/\/narteks.net\/index.php\/wp-json\/wp\/v2\/users\/1"}],"replies":[{"embeddable":true,"href":"https:\/\/narteks.net\/index.php\/wp-json\/wp\/v2\/comments?post=1623"}],"version-history":[{"count":0,"href":"https:\/\/narteks.net\/index.php\/wp-json\/wp\/v2\/posts\/1623\/revisions"}],"wp:attachment":[{"href":"https:\/\/narteks.net\/index.php\/wp-json\/wp\/v2\/media?parent=1623"}],"wp:term":[{"taxonomy":"category","embeddable":true,"href":"https:\/\/narteks.net\/index.php\/wp-json\/wp\/v2\/categories?post=1623"},{"taxonomy":"post_tag","embeddable":true,"href":"https:\/\/narteks.net\/index.php\/wp-json\/wp\/v2\/tags?post=1623"}],"curies":[{"name":"wp","href":"https:\/\/api.w.org\/{rel}","templated":true}]}}