{"id":1632,"date":"2009-12-02T13:05:01","date_gmt":"2009-12-02T10:05:01","guid":{"rendered":"http:\/\/localhost\/wordpress\/2009\/12\/02\/neyzen-tevfk-biyografisi\/"},"modified":"2009-12-02T13:05:01","modified_gmt":"2009-12-02T10:05:01","slug":"neyzen-tevfk-biyografisi","status":"publish","type":"post","link":"https:\/\/narteks.net\/index.php\/2009\/12\/02\/neyzen-tevfk-biyografisi\/","title":{"rendered":"Neyzen TEVF\u0130K Biyografisi"},"content":{"rendered":"<p><img loading=\"lazy\" decoding=\"async\" src=\"http:\/\/upload.wikimedia.org\/wikipedia\/tr\/thumb\/8\/82\/Neyzen_tevfik.jpg\/180px-Neyzen_tevfik.jpg\" border=\"0\" width=\"155\" height=\"205\" \/><\/p>\n<p style=\"text-align: justify;\">Neyzen Tevfik ya da tam ad\u0131yla Tevfik Kolayl\u0131 (d. 14 Haziran 1879, Bodrum &#8211; \u00f6. 28 Ocak 1953, \u0130stanbul), neyzen, \u015fair. Babas\u0131 Hasan Fehmi Bey, Bafra&#8217;n\u0131n Kolay nahiyesinden ve &#8220;Kolayl\u0131&#8221; ailesinden oldu\u011fu i\u00e7in soyad\u0131 &#8220;Kolayl\u0131&#8221;d\u0131r.Ta\u015flama t\u00fcr\u00fcn\u00fcn en \u00f6nemli temsilcilerinden biri. Ta\u015flama kitaplar\u0131n\u0131n yan\u0131s\u0131ra \u00e7e\u015fitli taksimler ve nihavent saz semaisi ile \u015fehnazbuselik saz semailerinin de bestecisidir.<\/p>\n<p>Bir rivayete g\u00f6re 24 mart, di\u011fer bir rakama g\u00f6re 14 Haziran 1879&#8217;da Bodrum&#8217;da do\u011fdu.<\/p>\n<p>Tevfik&#8217;in yedi ya\u015flar\u0131ndayken e\u015fkiyalar\u0131n \u00e7ar\u015f\u0131da g\u00f6t\u00fcrd\u00fc\u011f\u00fc insan ba\u015flar\u0131n\u0131 g\u00f6rmesiyle ba\u011flant\u0131l\u0131 olarak sara n\u00f6betleri ba\u015flam\u0131\u015ft\u0131r. Ailesinin ya\u015fad\u0131\u011f\u0131 Urla&#8217;da bir neyzenden nota bilgileri alarak kendini bu alanda geli\u015ftirdi. \u0130zmir idadisi&#8217;nde bir s\u00fcre okuyarak bitirmeden ayr\u0131ld\u0131. Mehmet Akif&#8217;ten Fars\u00e7a \u00f6\u011frenerek \u0130zmir Mevlevihanesi&#8217;ne girdi. Bir s\u00fcre sonra \u0130stanbul&#8217;a yerle\u015fen Tevfik, Galata&#8217;n\u0131n yan\u0131s\u0131ra Kas\u0131mpa\u015fa mevlevihanelerinde i\u015fine devam etti. 1902 y\u0131l\u0131nda bekta\u015fi dervi\u015fi oldu. Bu s\u0131ralarda \u015fiire ilgi duyan Tevfik, Mehmet Akif ve \u015eair E\u015fref&#8217;ten etkilendi. 1908 y\u0131l\u0131ndan 1913 y\u0131l\u0131na kadar M\u0131s\u0131r&#8217;da bulundu.<\/p>\n<p>Neyzenlikteki ustal\u0131\u011f\u0131na ra\u011fmen yergi ve ta\u015flamalar\u0131yla \u00fcnlendi. Toplumdaki haks\u0131zl\u0131klar\u0131 g\u00f6z\u00fcne kestiren Tevfik, siyasetin yan\u0131s\u0131ra; dini bask\u0131, \u00e7\u0131karc\u0131l\u0131k gibi konular\u0131 i\u015fledi.<\/p>\n<p>1946&#8217;da, bas\u0131n yarar\u0131na d\u00fczenlenen bir konserde \u00e7alar. Yapt\u0131\u011f\u0131 taksimlerle izleyicileri b\u00fcy\u00fcler. Konser \u00f6ncesi neyini merak edenler, konser sonras\u0131 onu dinlemenin bir \u015fans oldu\u011funu dile getirirler.<\/p>\n<p>1949 y\u0131l\u0131nda, dostlar\u0131ndan \u0130hsan Ada, Neyzen Tevfik&#8217;in eserlerini, onun g\u00f6zetimi alt\u0131nda, Az\u00e2b-\u0131 Mukaddes ad\u0131 ile kitapla\u015ft\u0131r\u0131r.<\/p>\n<p>1951 y\u0131l\u0131nda Onu Affettim* adl\u0131 bir filmde \u00f6nemli bir rolde g\u00f6z\u00fck\u00fcr. A\u011flayan \u015eark\u0131 adl\u0131 bir ba\u015fka filmde ise, Suzan Yakar&#8217;la oynar.<\/p>\n<p>1952 y\u0131l\u0131nda, arkada\u015flar\u0131n\u0131n \u0131srar\u0131 ile \u015eehir Komedi Tiyatrosu&#8217;nda j\u00fcbilesi yap\u0131l\u0131r.<\/p>\n<p>1930&#8217;larda \u0130stanbul Belediye&#8217;sinin ba\u011flad\u0131\u011f\u0131 yard\u0131m ayl\u0131\u011f\u0131n\u0131 saymazsak Neyzen&#8217;in d\u00fczenli bir geliri hi\u00e7 olmaz. Neyzen Tevfik&#8217;in s\u00f6ylencele\u015fen ya\u015fam\u0131 28 Ocak 1953&#8217;te son bulur. Cenaze namaz\u0131 Be\u015fikta\u015f&#8217;ta Sinan Pa\u015fa Camii&#8217;nde k\u0131l\u0131n\u0131r. Caminin avlusundan ta\u015fan kalabal\u0131k; ana caddeleri, kahveleri, yolun kar\u015f\u0131s\u0131nda ki Barbaros Bulvar\u0131n\u0131 doldurur. Memurlar\u0131n, profes\u00f6rlerin, ileri gelenlerin yan\u0131 s\u0131ra k\u0131l\u0131klar\u0131na \u00e7eki d\u00fczen vermeye \u00e7al\u0131\u015fm\u0131\u015f sarho\u015flar, sokak serserileri ve bin bir \u00e7e\u015fit insan bir arada u\u011furlarlar Neyzen&#8217;i bilinmeyene. Kim bilir belki de hi\u00e7likten hepli\u011fe..<br \/>Ya\u015fay\u0131\u015f \u015fekli<\/p>\n<p>Tevfik, toplumun kurallar\u0131n\u0131n d\u0131\u015f\u0131nda bir ya\u015fam s\u00fcrd\u00fcrm\u00fc\u015ft\u00fc.Paraya d\u00fc\u015fk\u00fcnl\u00fc\u011f\u00fc yoktu.Gericili\u011fe sava\u015f a\u00e7m\u0131\u015ft\u0131.\u0130slam\u0131n yozla\u015ft\u0131r\u0131lmas\u0131na ve anti Atat\u00fcrk deyi\u015flerine sinirlenir ve haz\u0131r cevapl\u0131l\u0131\u011f\u0131yla cevap verirdi. Ayr\u0131ca neyzenlik konusunda i\u00e7inden geldi\u011fi gibi \u00e7al\u0131p, ard\u0131ndan maddi beklentileri olmam\u0131\u015ft\u0131. Kendi s\u00f6ylemine g\u00f6re bu konuda y\u00fcze yak\u0131n pla\u011f\u0131 bulunmaktad\u0131r.<\/p>\n<p>Tevfik, i\u00e7kiye olan ilgisiyle de bilinmektedir. \u0130\u00e7ki, hayat bi\u00e7iminin ayr\u0131lmaz bir par\u00e7as\u0131 olmu\u015ftur. Bu konuda bir an\u0131s\u0131 \u015f\u00f6yledir: Bir arkada\u015f\u0131, Tevfik&#8217;i meyhaneden \u00e7\u0131karken g\u00f6rm\u00fc\u015ft\u00fc. Eski bir dostu olarak sitem edip ona \u00e7\u0131k\u0131\u015fmak istedi. &#8211; Vallahi Tevfik Efendi, seni meyhaneden \u00e7\u0131karken g\u00f6rmek, beni son derece \u00fczd\u00fc. Neyzen Tevfik cevap verir: &#8211; Hemen geri d\u00f6neyim \u00f6yleyse!<\/p>\n<p>S\u00f6z edildi\u011fine g\u00f6re Tevfik&#8217;in Atat\u00fcrk&#8217;e sevgisi o denli \u00e7okmu\u015f ki; O&#8217;nun vefat\u0131ndan sonra g\u00fcnlerce evden \u00e7\u0131kmam\u0131\u015f.<\/p>\n<p style=\"text-align: justify;\"><strong>Eserleri<\/strong><\/p>\n<p> * Hi\u00e7<br \/> * Azab-\u0131 Mukaddes<br \/> * Nihavent Saz Semaisi<br \/> * \u015eehnazbuselik Saz Semaisi<br \/> * Taksimler<br \/> * Ta\u015f plak.<\/p>\n<p>F\u0131kralar\u0131<\/p>\n<p>Neyzen Tevfik, neyzenli\u011fin ve \u015fiirin yan\u0131s\u0131ra f\u0131kralar\u0131yla da bilinirdi. Halk taraf\u0131ndan bir\u00e7ok f\u0131kras\u0131 bilinse de, edebiyat d\u00fcnyas\u0131nda kaynaklarda f\u0131kralar\u0131yla ilgili fazla bilgi yer almamaktad\u0131r. Hatta baz\u0131 kaynaklar hi\u00e7 ele almamaktad\u0131r.<\/p>\n<p>Ba\u015fl\u0131ca bilinen f\u0131kralar\u0131:<\/p>\n<p> * Padi\u015fah\u00e7\u0131l\u0131k<br \/> * Hamam Sefas\u0131<br \/> * Edep<br \/> * K\u0131rk y\u0131ll\u0131k \u00f6l\u00fc<\/p>\n","protected":false},"excerpt":{"rendered":"<p>Neyzen Tevfik ya da tam ad\u0131yla Tevfik Kolayl\u0131 (d. 14 Haziran 1879, Bodrum &#8211; \u00f6. 28 Ocak 1953, \u0130stanbul), neyzen, \u015fair. Babas\u0131 Hasan Fehmi Bey, Bafra&#8217;n\u0131n Kolay nahiyesinden ve &#8220;Kolayl\u0131&#8221; ailesinden oldu\u011fu i\u00e7in soyad\u0131 &#8220;Kolayl\u0131&#8221;d\u0131r.Ta\u015flama t\u00fcr\u00fcn\u00fcn en \u00f6nemli temsilcilerinden biri. Ta\u015flama kitaplar\u0131n\u0131n yan\u0131s\u0131ra \u00e7e\u015fitli taksimler ve nihavent saz semaisi ile \u015fehnazbuselik saz semailerinin de bestecisidir. [&hellip;]<\/p>\n","protected":false},"author":1,"featured_media":0,"comment_status":"open","ping_status":"open","sticky":false,"template":"","format":"standard","meta":{"footnotes":""},"categories":[81],"tags":[],"class_list":{"0":"post-1632","1":"post","2":"type-post","3":"status-publish","4":"format-standard","6":"category-neyzen-tevfik"},"yoast_head":"<!-- This site is optimized with the Yoast SEO Premium plugin v24.9 (Yoast SEO v24.9) - https:\/\/yoast.com\/wordpress\/plugins\/seo\/ -->\n<title>Neyzen TEVF\u0130K Biyografisi - narteks.net<\/title>\n<meta name=\"robots\" content=\"index, follow, max-snippet:-1, max-image-preview:large, max-video-preview:-1\" \/>\n<link rel=\"canonical\" href=\"https:\/\/narteks.net\/index.php\/2009\/12\/02\/neyzen-tevfk-biyografisi\/\" \/>\n<meta property=\"og:locale\" content=\"tr_TR\" \/>\n<meta property=\"og:type\" content=\"article\" \/>\n<meta property=\"og:title\" content=\"Neyzen TEVF\u0130K Biyografisi\" \/>\n<meta property=\"og:description\" content=\"Neyzen Tevfik ya da tam ad\u0131yla Tevfik Kolayl\u0131 (d. 14 Haziran 1879, Bodrum &#8211; \u00f6. 28 Ocak 1953, \u0130stanbul), neyzen, \u015fair. Babas\u0131 Hasan Fehmi Bey, Bafra&#8217;n\u0131n Kolay nahiyesinden ve &#8220;Kolayl\u0131&#8221; ailesinden oldu\u011fu i\u00e7in soyad\u0131 &#8220;Kolayl\u0131&#8221;d\u0131r.Ta\u015flama t\u00fcr\u00fcn\u00fcn en \u00f6nemli temsilcilerinden biri. Ta\u015flama kitaplar\u0131n\u0131n yan\u0131s\u0131ra \u00e7e\u015fitli taksimler ve nihavent saz semaisi ile \u015fehnazbuselik saz semailerinin de bestecisidir. [&hellip;]\" \/>\n<meta property=\"og:url\" content=\"https:\/\/narteks.net\/index.php\/2009\/12\/02\/neyzen-tevfk-biyografisi\/\" \/>\n<meta property=\"og:site_name\" content=\"narteks.net\" \/>\n<meta property=\"article:published_time\" content=\"2009-12-02T10:05:01+00:00\" \/>\n<meta property=\"og:image\" content=\"http:\/\/upload.wikimedia.org\/wikipedia\/tr\/thumb\/8\/82\/Neyzen_tevfik.jpg\/180px-Neyzen_tevfik.jpg\" \/>\n<meta name=\"author\" content=\"Tar\u0131k\" \/>\n<meta name=\"twitter:card\" content=\"summary_large_image\" \/>\n<meta name=\"twitter:creator\" content=\"@narteks\" \/>\n<meta name=\"twitter:site\" content=\"@narteks\" \/>\n<meta name=\"twitter:label1\" content=\"Yazan:\" \/>\n\t<meta name=\"twitter:data1\" content=\"Tar\u0131k\" \/>\n\t<meta name=\"twitter:label2\" content=\"Tahmini okuma s\u00fcresi\" \/>\n\t<meta name=\"twitter:data2\" content=\"3 dakika\" \/>\n<script type=\"application\/ld+json\" class=\"yoast-schema-graph\">{\"@context\":\"https:\/\/schema.org\",\"@graph\":[{\"@type\":\"Article\",\"@id\":\"https:\/\/narteks.net\/index.php\/2009\/12\/02\/neyzen-tevfk-biyografisi\/#article\",\"isPartOf\":{\"@id\":\"https:\/\/narteks.net\/index.php\/2009\/12\/02\/neyzen-tevfk-biyografisi\/\"},\"author\":{\"name\":\"Tar\u0131k\",\"@id\":\"https:\/\/narteks.net\/#\/schema\/person\/61f37d9834294b72d31d274e7ed79bca\"},\"headline\":\"Neyzen TEVF\u0130K Biyografisi\",\"datePublished\":\"2009-12-02T10:05:01+00:00\",\"mainEntityOfPage\":{\"@id\":\"https:\/\/narteks.net\/index.php\/2009\/12\/02\/neyzen-tevfk-biyografisi\/\"},\"wordCount\":682,\"commentCount\":0,\"publisher\":{\"@id\":\"https:\/\/narteks.net\/#organization\"},\"image\":{\"@id\":\"https:\/\/narteks.net\/index.php\/2009\/12\/02\/neyzen-tevfk-biyografisi\/#primaryimage\"},\"thumbnailUrl\":\"http:\/\/upload.wikimedia.org\/wikipedia\/tr\/thumb\/8\/82\/Neyzen_tevfik.jpg\/180px-Neyzen_tevfik.jpg\",\"articleSection\":[\"Neyzen TEVF\u0130K\"],\"inLanguage\":\"tr\",\"potentialAction\":[{\"@type\":\"CommentAction\",\"name\":\"Comment\",\"target\":[\"https:\/\/narteks.net\/index.php\/2009\/12\/02\/neyzen-tevfk-biyografisi\/#respond\"]}]},{\"@type\":\"WebPage\",\"@id\":\"https:\/\/narteks.net\/index.php\/2009\/12\/02\/neyzen-tevfk-biyografisi\/\",\"url\":\"https:\/\/narteks.net\/index.php\/2009\/12\/02\/neyzen-tevfk-biyografisi\/\",\"name\":\"Neyzen TEVF\u0130K Biyografisi - narteks.net\",\"isPartOf\":{\"@id\":\"https:\/\/narteks.net\/#website\"},\"primaryImageOfPage\":{\"@id\":\"https:\/\/narteks.net\/index.php\/2009\/12\/02\/neyzen-tevfk-biyografisi\/#primaryimage\"},\"image\":{\"@id\":\"https:\/\/narteks.net\/index.php\/2009\/12\/02\/neyzen-tevfk-biyografisi\/#primaryimage\"},\"thumbnailUrl\":\"http:\/\/upload.wikimedia.org\/wikipedia\/tr\/thumb\/8\/82\/Neyzen_tevfik.jpg\/180px-Neyzen_tevfik.jpg\",\"datePublished\":\"2009-12-02T10:05:01+00:00\",\"breadcrumb\":{\"@id\":\"https:\/\/narteks.net\/index.php\/2009\/12\/02\/neyzen-tevfk-biyografisi\/#breadcrumb\"},\"inLanguage\":\"tr\",\"potentialAction\":[{\"@type\":\"ReadAction\",\"target\":[\"https:\/\/narteks.net\/index.php\/2009\/12\/02\/neyzen-tevfk-biyografisi\/\"]}]},{\"@type\":\"ImageObject\",\"inLanguage\":\"tr\",\"@id\":\"https:\/\/narteks.net\/index.php\/2009\/12\/02\/neyzen-tevfk-biyografisi\/#primaryimage\",\"url\":\"http:\/\/upload.wikimedia.org\/wikipedia\/tr\/thumb\/8\/82\/Neyzen_tevfik.jpg\/180px-Neyzen_tevfik.jpg\",\"contentUrl\":\"http:\/\/upload.wikimedia.org\/wikipedia\/tr\/thumb\/8\/82\/Neyzen_tevfik.jpg\/180px-Neyzen_tevfik.jpg\"},{\"@type\":\"BreadcrumbList\",\"@id\":\"https:\/\/narteks.net\/index.php\/2009\/12\/02\/neyzen-tevfk-biyografisi\/#breadcrumb\",\"itemListElement\":[{\"@type\":\"ListItem\",\"position\":1,\"name\":\"Anasayfa\",\"item\":\"https:\/\/narteks.net\/\"},{\"@type\":\"ListItem\",\"position\":2,\"name\":\"Neyzen TEVF\u0130K Biyografisi\"}]},{\"@type\":\"WebSite\",\"@id\":\"https:\/\/narteks.net\/#website\",\"url\":\"https:\/\/narteks.net\/\",\"name\":\"narteks.net\",\"description\":\"K\u00fclt\u00fcr Sanat Edebiyat Felsefe\",\"publisher\":{\"@id\":\"https:\/\/narteks.net\/#organization\"},\"alternateName\":\"K\u00fclt\u00fcr Sanat Edebiyat Felsefe\",\"potentialAction\":[{\"@type\":\"SearchAction\",\"target\":{\"@type\":\"EntryPoint\",\"urlTemplate\":\"https:\/\/narteks.net\/?s={search_term_string}\"},\"query-input\":{\"@type\":\"PropertyValueSpecification\",\"valueRequired\":true,\"valueName\":\"search_term_string\"}}],\"inLanguage\":\"tr\"},{\"@type\":\"Organization\",\"@id\":\"https:\/\/narteks.net\/#organization\",\"name\":\"narteks.net\",\"url\":\"https:\/\/narteks.net\/\",\"logo\":{\"@type\":\"ImageObject\",\"inLanguage\":\"tr\",\"@id\":\"https:\/\/narteks.net\/#\/schema\/logo\/image\/\",\"url\":\"https:\/\/narteks.net\/wp-content\/uploads\/narteks.png\",\"contentUrl\":\"https:\/\/narteks.net\/wp-content\/uploads\/narteks.png\",\"width\":300,\"height\":90,\"caption\":\"narteks.net\"},\"image\":{\"@id\":\"https:\/\/narteks.net\/#\/schema\/logo\/image\/\"},\"sameAs\":[\"https:\/\/x.com\/narteks\",\"https:\/\/instagram.com\/narteksnet\"]},{\"@type\":\"Person\",\"@id\":\"https:\/\/narteks.net\/#\/schema\/person\/61f37d9834294b72d31d274e7ed79bca\",\"name\":\"Tar\u0131k\",\"image\":{\"@type\":\"ImageObject\",\"inLanguage\":\"tr\",\"@id\":\"https:\/\/narteks.net\/#\/schema\/person\/image\/\",\"url\":\"https:\/\/secure.gravatar.com\/avatar\/50865afb55632c4ae467e0af0930f6510aa2297d8014be502a55b14f3b7550cf?s=96&d=mm&r=g\",\"contentUrl\":\"https:\/\/secure.gravatar.com\/avatar\/50865afb55632c4ae467e0af0930f6510aa2297d8014be502a55b14f3b7550cf?s=96&d=mm&r=g\",\"caption\":\"Tar\u0131k\"},\"sameAs\":[\"http:\/\/narteks.net\"],\"url\":\"https:\/\/narteks.net\/index.php\/author\/narbak\/\"}]}<\/script>\n<!-- \/ Yoast SEO Premium plugin. -->","yoast_head_json":{"title":"Neyzen TEVF\u0130K Biyografisi - narteks.net","robots":{"index":"index","follow":"follow","max-snippet":"max-snippet:-1","max-image-preview":"max-image-preview:large","max-video-preview":"max-video-preview:-1"},"canonical":"https:\/\/narteks.net\/index.php\/2009\/12\/02\/neyzen-tevfk-biyografisi\/","og_locale":"tr_TR","og_type":"article","og_title":"Neyzen TEVF\u0130K Biyografisi","og_description":"Neyzen Tevfik ya da tam ad\u0131yla Tevfik Kolayl\u0131 (d. 14 Haziran 1879, Bodrum &#8211; \u00f6. 28 Ocak 1953, \u0130stanbul), neyzen, \u015fair. Babas\u0131 Hasan Fehmi Bey, Bafra&#8217;n\u0131n Kolay nahiyesinden ve &#8220;Kolayl\u0131&#8221; ailesinden oldu\u011fu i\u00e7in soyad\u0131 &#8220;Kolayl\u0131&#8221;d\u0131r.Ta\u015flama t\u00fcr\u00fcn\u00fcn en \u00f6nemli temsilcilerinden biri. Ta\u015flama kitaplar\u0131n\u0131n yan\u0131s\u0131ra \u00e7e\u015fitli taksimler ve nihavent saz semaisi ile \u015fehnazbuselik saz semailerinin de bestecisidir. [&hellip;]","og_url":"https:\/\/narteks.net\/index.php\/2009\/12\/02\/neyzen-tevfk-biyografisi\/","og_site_name":"narteks.net","article_published_time":"2009-12-02T10:05:01+00:00","og_image":[{"url":"http:\/\/upload.wikimedia.org\/wikipedia\/tr\/thumb\/8\/82\/Neyzen_tevfik.jpg\/180px-Neyzen_tevfik.jpg","type":"","width":"","height":""}],"author":"Tar\u0131k","twitter_card":"summary_large_image","twitter_creator":"@narteks","twitter_site":"@narteks","twitter_misc":{"Yazan:":"Tar\u0131k","Tahmini okuma s\u00fcresi":"3 dakika"},"schema":{"@context":"https:\/\/schema.org","@graph":[{"@type":"Article","@id":"https:\/\/narteks.net\/index.php\/2009\/12\/02\/neyzen-tevfk-biyografisi\/#article","isPartOf":{"@id":"https:\/\/narteks.net\/index.php\/2009\/12\/02\/neyzen-tevfk-biyografisi\/"},"author":{"name":"Tar\u0131k","@id":"https:\/\/narteks.net\/#\/schema\/person\/61f37d9834294b72d31d274e7ed79bca"},"headline":"Neyzen TEVF\u0130K Biyografisi","datePublished":"2009-12-02T10:05:01+00:00","mainEntityOfPage":{"@id":"https:\/\/narteks.net\/index.php\/2009\/12\/02\/neyzen-tevfk-biyografisi\/"},"wordCount":682,"commentCount":0,"publisher":{"@id":"https:\/\/narteks.net\/#organization"},"image":{"@id":"https:\/\/narteks.net\/index.php\/2009\/12\/02\/neyzen-tevfk-biyografisi\/#primaryimage"},"thumbnailUrl":"http:\/\/upload.wikimedia.org\/wikipedia\/tr\/thumb\/8\/82\/Neyzen_tevfik.jpg\/180px-Neyzen_tevfik.jpg","articleSection":["Neyzen TEVF\u0130K"],"inLanguage":"tr","potentialAction":[{"@type":"CommentAction","name":"Comment","target":["https:\/\/narteks.net\/index.php\/2009\/12\/02\/neyzen-tevfk-biyografisi\/#respond"]}]},{"@type":"WebPage","@id":"https:\/\/narteks.net\/index.php\/2009\/12\/02\/neyzen-tevfk-biyografisi\/","url":"https:\/\/narteks.net\/index.php\/2009\/12\/02\/neyzen-tevfk-biyografisi\/","name":"Neyzen TEVF\u0130K Biyografisi - narteks.net","isPartOf":{"@id":"https:\/\/narteks.net\/#website"},"primaryImageOfPage":{"@id":"https:\/\/narteks.net\/index.php\/2009\/12\/02\/neyzen-tevfk-biyografisi\/#primaryimage"},"image":{"@id":"https:\/\/narteks.net\/index.php\/2009\/12\/02\/neyzen-tevfk-biyografisi\/#primaryimage"},"thumbnailUrl":"http:\/\/upload.wikimedia.org\/wikipedia\/tr\/thumb\/8\/82\/Neyzen_tevfik.jpg\/180px-Neyzen_tevfik.jpg","datePublished":"2009-12-02T10:05:01+00:00","breadcrumb":{"@id":"https:\/\/narteks.net\/index.php\/2009\/12\/02\/neyzen-tevfk-biyografisi\/#breadcrumb"},"inLanguage":"tr","potentialAction":[{"@type":"ReadAction","target":["https:\/\/narteks.net\/index.php\/2009\/12\/02\/neyzen-tevfk-biyografisi\/"]}]},{"@type":"ImageObject","inLanguage":"tr","@id":"https:\/\/narteks.net\/index.php\/2009\/12\/02\/neyzen-tevfk-biyografisi\/#primaryimage","url":"http:\/\/upload.wikimedia.org\/wikipedia\/tr\/thumb\/8\/82\/Neyzen_tevfik.jpg\/180px-Neyzen_tevfik.jpg","contentUrl":"http:\/\/upload.wikimedia.org\/wikipedia\/tr\/thumb\/8\/82\/Neyzen_tevfik.jpg\/180px-Neyzen_tevfik.jpg"},{"@type":"BreadcrumbList","@id":"https:\/\/narteks.net\/index.php\/2009\/12\/02\/neyzen-tevfk-biyografisi\/#breadcrumb","itemListElement":[{"@type":"ListItem","position":1,"name":"Anasayfa","item":"https:\/\/narteks.net\/"},{"@type":"ListItem","position":2,"name":"Neyzen TEVF\u0130K Biyografisi"}]},{"@type":"WebSite","@id":"https:\/\/narteks.net\/#website","url":"https:\/\/narteks.net\/","name":"narteks.net","description":"K\u00fclt\u00fcr Sanat Edebiyat Felsefe","publisher":{"@id":"https:\/\/narteks.net\/#organization"},"alternateName":"K\u00fclt\u00fcr Sanat Edebiyat Felsefe","potentialAction":[{"@type":"SearchAction","target":{"@type":"EntryPoint","urlTemplate":"https:\/\/narteks.net\/?s={search_term_string}"},"query-input":{"@type":"PropertyValueSpecification","valueRequired":true,"valueName":"search_term_string"}}],"inLanguage":"tr"},{"@type":"Organization","@id":"https:\/\/narteks.net\/#organization","name":"narteks.net","url":"https:\/\/narteks.net\/","logo":{"@type":"ImageObject","inLanguage":"tr","@id":"https:\/\/narteks.net\/#\/schema\/logo\/image\/","url":"https:\/\/narteks.net\/wp-content\/uploads\/narteks.png","contentUrl":"https:\/\/narteks.net\/wp-content\/uploads\/narteks.png","width":300,"height":90,"caption":"narteks.net"},"image":{"@id":"https:\/\/narteks.net\/#\/schema\/logo\/image\/"},"sameAs":["https:\/\/x.com\/narteks","https:\/\/instagram.com\/narteksnet"]},{"@type":"Person","@id":"https:\/\/narteks.net\/#\/schema\/person\/61f37d9834294b72d31d274e7ed79bca","name":"Tar\u0131k","image":{"@type":"ImageObject","inLanguage":"tr","@id":"https:\/\/narteks.net\/#\/schema\/person\/image\/","url":"https:\/\/secure.gravatar.com\/avatar\/50865afb55632c4ae467e0af0930f6510aa2297d8014be502a55b14f3b7550cf?s=96&d=mm&r=g","contentUrl":"https:\/\/secure.gravatar.com\/avatar\/50865afb55632c4ae467e0af0930f6510aa2297d8014be502a55b14f3b7550cf?s=96&d=mm&r=g","caption":"Tar\u0131k"},"sameAs":["http:\/\/narteks.net"],"url":"https:\/\/narteks.net\/index.php\/author\/narbak\/"}]}},"_links":{"self":[{"href":"https:\/\/narteks.net\/index.php\/wp-json\/wp\/v2\/posts\/1632","targetHints":{"allow":["GET"]}}],"collection":[{"href":"https:\/\/narteks.net\/index.php\/wp-json\/wp\/v2\/posts"}],"about":[{"href":"https:\/\/narteks.net\/index.php\/wp-json\/wp\/v2\/types\/post"}],"author":[{"embeddable":true,"href":"https:\/\/narteks.net\/index.php\/wp-json\/wp\/v2\/users\/1"}],"replies":[{"embeddable":true,"href":"https:\/\/narteks.net\/index.php\/wp-json\/wp\/v2\/comments?post=1632"}],"version-history":[{"count":0,"href":"https:\/\/narteks.net\/index.php\/wp-json\/wp\/v2\/posts\/1632\/revisions"}],"wp:attachment":[{"href":"https:\/\/narteks.net\/index.php\/wp-json\/wp\/v2\/media?parent=1632"}],"wp:term":[{"taxonomy":"category","embeddable":true,"href":"https:\/\/narteks.net\/index.php\/wp-json\/wp\/v2\/categories?post=1632"},{"taxonomy":"post_tag","embeddable":true,"href":"https:\/\/narteks.net\/index.php\/wp-json\/wp\/v2\/tags?post=1632"}],"curies":[{"name":"wp","href":"https:\/\/api.w.org\/{rel}","templated":true}]}}