{"id":164,"date":"2009-02-27T16:21:20","date_gmt":"2009-02-27T13:21:20","guid":{"rendered":"http:\/\/localhost\/wordpress\/2009\/02\/27\/sevdalar-duman-olmayacak\/"},"modified":"2009-02-27T16:21:20","modified_gmt":"2009-02-27T13:21:20","slug":"sevdalar-duman-olmayacak","status":"publish","type":"post","link":"https:\/\/narteks.net\/index.php\/2009\/02\/27\/sevdalar-duman-olmayacak\/","title":{"rendered":"SEVDALAR DUMAN OLMAYACAK"},"content":{"rendered":"<p>\u00a0<\/p>\n<p>Ac\u0131n\u0131n ba\u011fr\u0131ndan <br \/>mavi bir \u00e7elik gibi f\u0131\u015fk\u0131ran \u00f6fke <br \/>d\u00fcnyay\u0131 de\u011fi\u015ftirecektir mutlaka <br \/>Yeni hayat kendini yeniden yaratacakt\u0131r <br \/>ona sahip \u00e7\u0131kan ellerde <br \/>ve bu y\u00fczden \u00f6fke <br \/>sevda gibidir kimilerinde <\/p>\n<p>Y\u00fcre\u011finin pas tutmakta olan k\u0131vr\u0131mlar\u0131 <br \/>sars\u0131ls\u0131n bir an \u00f6fkenin g\u00f6kg\u00fcr\u00fclt\u00fcs\u00fcyle <br \/>beyninin her h\u00fccresi bir gerilla gibi <br \/>ku\u015fans\u0131n pusatlar\u0131n\u0131 ve soka\u011fa \u00e7\u0131ks\u0131n <br \/>ve bir han\u00e7er gibi saplans\u0131n <br \/>pu\u015ftluklar\u0131n ihanetlerin ba\u011fr\u0131na <br \/>Bak o zaman nas\u0131l bitecek yanl\u0131\u015flar <br \/>ve cehennemle\u015fen yaln\u0131zl\u0131\u011f\u0131n <br \/>Sevdalar duman olmayacak o zaman <br \/>H\u00fczn\u00fcn isyan olmu\u015ftur \u00e7\u00fcnk\u00fc <\/p>\n<p>H\u00fczn\u00fcn isyan olmal\u0131d\u0131r<\/p>\n<p>AHMET TELL\u0130<\/p>\n","protected":false},"excerpt":{"rendered":"<p>\u00a0 Ac\u0131n\u0131n ba\u011fr\u0131ndan mavi bir \u00e7elik gibi f\u0131\u015fk\u0131ran \u00f6fke d\u00fcnyay\u0131 de\u011fi\u015ftirecektir mutlaka Yeni hayat kendini yeniden yaratacakt\u0131r ona sahip \u00e7\u0131kan ellerde ve bu y\u00fczden \u00f6fke sevda gibidir kimilerinde Y\u00fcre\u011finin pas tutmakta olan k\u0131vr\u0131mlar\u0131 sars\u0131ls\u0131n bir an \u00f6fkenin g\u00f6kg\u00fcr\u00fclt\u00fcs\u00fcyle beyninin her h\u00fccresi bir gerilla gibi ku\u015fans\u0131n pusatlar\u0131n\u0131 ve soka\u011fa \u00e7\u0131ks\u0131n ve bir han\u00e7er gibi saplans\u0131n pu\u015ftluklar\u0131n [&hellip;]<\/p>\n","protected":false},"author":1,"featured_media":0,"comment_status":"open","ping_status":"open","sticky":false,"template":"","format":"standard","meta":{"footnotes":""},"categories":[7],"tags":[],"class_list":{"0":"post-164","1":"post","2":"type-post","3":"status-publish","4":"format-standard","6":"category-ahmet-telli"},"yoast_head":"<!-- This site is optimized with the Yoast SEO Premium plugin v24.9 (Yoast SEO v24.9) - https:\/\/yoast.com\/wordpress\/plugins\/seo\/ -->\n<title>SEVDALAR DUMAN OLMAYACAK - narteks.net<\/title>\n<meta name=\"robots\" content=\"index, follow, max-snippet:-1, max-image-preview:large, max-video-preview:-1\" \/>\n<link rel=\"canonical\" href=\"https:\/\/narteks.net\/index.php\/2009\/02\/27\/sevdalar-duman-olmayacak\/\" \/>\n<meta property=\"og:locale\" content=\"tr_TR\" \/>\n<meta property=\"og:type\" content=\"article\" \/>\n<meta property=\"og:title\" content=\"SEVDALAR DUMAN OLMAYACAK\" \/>\n<meta property=\"og:description\" content=\"\u00a0 Ac\u0131n\u0131n ba\u011fr\u0131ndan mavi bir \u00e7elik gibi f\u0131\u015fk\u0131ran \u00f6fke d\u00fcnyay\u0131 de\u011fi\u015ftirecektir mutlaka Yeni hayat kendini yeniden yaratacakt\u0131r ona sahip \u00e7\u0131kan ellerde ve bu y\u00fczden \u00f6fke sevda gibidir kimilerinde Y\u00fcre\u011finin pas tutmakta olan k\u0131vr\u0131mlar\u0131 sars\u0131ls\u0131n bir an \u00f6fkenin g\u00f6kg\u00fcr\u00fclt\u00fcs\u00fcyle beyninin her h\u00fccresi bir gerilla gibi ku\u015fans\u0131n pusatlar\u0131n\u0131 ve soka\u011fa \u00e7\u0131ks\u0131n ve bir han\u00e7er gibi saplans\u0131n pu\u015ftluklar\u0131n [&hellip;]\" \/>\n<meta property=\"og:url\" content=\"https:\/\/narteks.net\/index.php\/2009\/02\/27\/sevdalar-duman-olmayacak\/\" \/>\n<meta property=\"og:site_name\" content=\"narteks.net\" \/>\n<meta property=\"article:published_time\" content=\"2009-02-27T13:21:20+00:00\" \/>\n<meta property=\"og:image\" content=\"https:\/\/narteks.net\/wp-content\/uploads\/narteks.png\" \/>\n\t<meta property=\"og:image:width\" content=\"300\" \/>\n\t<meta property=\"og:image:height\" content=\"90\" \/>\n\t<meta property=\"og:image:type\" content=\"image\/png\" \/>\n<meta name=\"author\" content=\"Tar\u0131k\" \/>\n<meta name=\"twitter:card\" content=\"summary_large_image\" \/>\n<meta name=\"twitter:creator\" content=\"@narteks\" \/>\n<meta name=\"twitter:site\" content=\"@narteks\" \/>\n<meta name=\"twitter:label1\" content=\"Yazan:\" \/>\n\t<meta name=\"twitter:data1\" content=\"Tar\u0131k\" \/>\n\t<meta name=\"twitter:label2\" content=\"Tahmini okuma s\u00fcresi\" \/>\n\t<meta name=\"twitter:data2\" content=\"1 dakika\" \/>\n<script type=\"application\/ld+json\" class=\"yoast-schema-graph\">{\"@context\":\"https:\/\/schema.org\",\"@graph\":[{\"@type\":\"Article\",\"@id\":\"https:\/\/narteks.net\/index.php\/2009\/02\/27\/sevdalar-duman-olmayacak\/#article\",\"isPartOf\":{\"@id\":\"https:\/\/narteks.net\/index.php\/2009\/02\/27\/sevdalar-duman-olmayacak\/\"},\"author\":{\"name\":\"Tar\u0131k\",\"@id\":\"https:\/\/narteks.net\/#\/schema\/person\/61f37d9834294b72d31d274e7ed79bca\"},\"headline\":\"SEVDALAR DUMAN OLMAYACAK\",\"datePublished\":\"2009-02-27T13:21:20+00:00\",\"mainEntityOfPage\":{\"@id\":\"https:\/\/narteks.net\/index.php\/2009\/02\/27\/sevdalar-duman-olmayacak\/\"},\"wordCount\":128,\"commentCount\":0,\"publisher\":{\"@id\":\"https:\/\/narteks.net\/#organization\"},\"articleSection\":[\"Ahmet TELL\u0130\"],\"inLanguage\":\"tr\",\"potentialAction\":[{\"@type\":\"CommentAction\",\"name\":\"Comment\",\"target\":[\"https:\/\/narteks.net\/index.php\/2009\/02\/27\/sevdalar-duman-olmayacak\/#respond\"]}]},{\"@type\":\"WebPage\",\"@id\":\"https:\/\/narteks.net\/index.php\/2009\/02\/27\/sevdalar-duman-olmayacak\/\",\"url\":\"https:\/\/narteks.net\/index.php\/2009\/02\/27\/sevdalar-duman-olmayacak\/\",\"name\":\"SEVDALAR DUMAN OLMAYACAK - narteks.net\",\"isPartOf\":{\"@id\":\"https:\/\/narteks.net\/#website\"},\"datePublished\":\"2009-02-27T13:21:20+00:00\",\"breadcrumb\":{\"@id\":\"https:\/\/narteks.net\/index.php\/2009\/02\/27\/sevdalar-duman-olmayacak\/#breadcrumb\"},\"inLanguage\":\"tr\",\"potentialAction\":[{\"@type\":\"ReadAction\",\"target\":[\"https:\/\/narteks.net\/index.php\/2009\/02\/27\/sevdalar-duman-olmayacak\/\"]}]},{\"@type\":\"BreadcrumbList\",\"@id\":\"https:\/\/narteks.net\/index.php\/2009\/02\/27\/sevdalar-duman-olmayacak\/#breadcrumb\",\"itemListElement\":[{\"@type\":\"ListItem\",\"position\":1,\"name\":\"Anasayfa\",\"item\":\"https:\/\/narteks.net\/\"},{\"@type\":\"ListItem\",\"position\":2,\"name\":\"SEVDALAR DUMAN OLMAYACAK\"}]},{\"@type\":\"WebSite\",\"@id\":\"https:\/\/narteks.net\/#website\",\"url\":\"https:\/\/narteks.net\/\",\"name\":\"narteks.net\",\"description\":\"K\u00fclt\u00fcr Sanat Edebiyat Felsefe\",\"publisher\":{\"@id\":\"https:\/\/narteks.net\/#organization\"},\"alternateName\":\"K\u00fclt\u00fcr Sanat Edebiyat Felsefe\",\"potentialAction\":[{\"@type\":\"SearchAction\",\"target\":{\"@type\":\"EntryPoint\",\"urlTemplate\":\"https:\/\/narteks.net\/?s={search_term_string}\"},\"query-input\":{\"@type\":\"PropertyValueSpecification\",\"valueRequired\":true,\"valueName\":\"search_term_string\"}}],\"inLanguage\":\"tr\"},{\"@type\":\"Organization\",\"@id\":\"https:\/\/narteks.net\/#organization\",\"name\":\"narteks.net\",\"url\":\"https:\/\/narteks.net\/\",\"logo\":{\"@type\":\"ImageObject\",\"inLanguage\":\"tr\",\"@id\":\"https:\/\/narteks.net\/#\/schema\/logo\/image\/\",\"url\":\"https:\/\/narteks.net\/wp-content\/uploads\/narteks.png\",\"contentUrl\":\"https:\/\/narteks.net\/wp-content\/uploads\/narteks.png\",\"width\":300,\"height\":90,\"caption\":\"narteks.net\"},\"image\":{\"@id\":\"https:\/\/narteks.net\/#\/schema\/logo\/image\/\"},\"sameAs\":[\"https:\/\/x.com\/narteks\",\"https:\/\/instagram.com\/narteksnet\"]},{\"@type\":\"Person\",\"@id\":\"https:\/\/narteks.net\/#\/schema\/person\/61f37d9834294b72d31d274e7ed79bca\",\"name\":\"Tar\u0131k\",\"image\":{\"@type\":\"ImageObject\",\"inLanguage\":\"tr\",\"@id\":\"https:\/\/narteks.net\/#\/schema\/person\/image\/\",\"url\":\"https:\/\/secure.gravatar.com\/avatar\/50865afb55632c4ae467e0af0930f6510aa2297d8014be502a55b14f3b7550cf?s=96&d=mm&r=g\",\"contentUrl\":\"https:\/\/secure.gravatar.com\/avatar\/50865afb55632c4ae467e0af0930f6510aa2297d8014be502a55b14f3b7550cf?s=96&d=mm&r=g\",\"caption\":\"Tar\u0131k\"},\"sameAs\":[\"http:\/\/narteks.net\"],\"url\":\"https:\/\/narteks.net\/index.php\/author\/narbak\/\"}]}<\/script>\n<!-- \/ Yoast SEO Premium plugin. -->","yoast_head_json":{"title":"SEVDALAR DUMAN OLMAYACAK - narteks.net","robots":{"index":"index","follow":"follow","max-snippet":"max-snippet:-1","max-image-preview":"max-image-preview:large","max-video-preview":"max-video-preview:-1"},"canonical":"https:\/\/narteks.net\/index.php\/2009\/02\/27\/sevdalar-duman-olmayacak\/","og_locale":"tr_TR","og_type":"article","og_title":"SEVDALAR DUMAN OLMAYACAK","og_description":"\u00a0 Ac\u0131n\u0131n ba\u011fr\u0131ndan mavi bir \u00e7elik gibi f\u0131\u015fk\u0131ran \u00f6fke d\u00fcnyay\u0131 de\u011fi\u015ftirecektir mutlaka Yeni hayat kendini yeniden yaratacakt\u0131r ona sahip \u00e7\u0131kan ellerde ve bu y\u00fczden \u00f6fke sevda gibidir kimilerinde Y\u00fcre\u011finin pas tutmakta olan k\u0131vr\u0131mlar\u0131 sars\u0131ls\u0131n bir an \u00f6fkenin g\u00f6kg\u00fcr\u00fclt\u00fcs\u00fcyle beyninin her h\u00fccresi bir gerilla gibi ku\u015fans\u0131n pusatlar\u0131n\u0131 ve soka\u011fa \u00e7\u0131ks\u0131n ve bir han\u00e7er gibi saplans\u0131n pu\u015ftluklar\u0131n [&hellip;]","og_url":"https:\/\/narteks.net\/index.php\/2009\/02\/27\/sevdalar-duman-olmayacak\/","og_site_name":"narteks.net","article_published_time":"2009-02-27T13:21:20+00:00","og_image":[{"width":300,"height":90,"url":"https:\/\/narteks.net\/wp-content\/uploads\/narteks.png","type":"image\/png"}],"author":"Tar\u0131k","twitter_card":"summary_large_image","twitter_creator":"@narteks","twitter_site":"@narteks","twitter_misc":{"Yazan:":"Tar\u0131k","Tahmini okuma s\u00fcresi":"1 dakika"},"schema":{"@context":"https:\/\/schema.org","@graph":[{"@type":"Article","@id":"https:\/\/narteks.net\/index.php\/2009\/02\/27\/sevdalar-duman-olmayacak\/#article","isPartOf":{"@id":"https:\/\/narteks.net\/index.php\/2009\/02\/27\/sevdalar-duman-olmayacak\/"},"author":{"name":"Tar\u0131k","@id":"https:\/\/narteks.net\/#\/schema\/person\/61f37d9834294b72d31d274e7ed79bca"},"headline":"SEVDALAR DUMAN OLMAYACAK","datePublished":"2009-02-27T13:21:20+00:00","mainEntityOfPage":{"@id":"https:\/\/narteks.net\/index.php\/2009\/02\/27\/sevdalar-duman-olmayacak\/"},"wordCount":128,"commentCount":0,"publisher":{"@id":"https:\/\/narteks.net\/#organization"},"articleSection":["Ahmet TELL\u0130"],"inLanguage":"tr","potentialAction":[{"@type":"CommentAction","name":"Comment","target":["https:\/\/narteks.net\/index.php\/2009\/02\/27\/sevdalar-duman-olmayacak\/#respond"]}]},{"@type":"WebPage","@id":"https:\/\/narteks.net\/index.php\/2009\/02\/27\/sevdalar-duman-olmayacak\/","url":"https:\/\/narteks.net\/index.php\/2009\/02\/27\/sevdalar-duman-olmayacak\/","name":"SEVDALAR DUMAN OLMAYACAK - narteks.net","isPartOf":{"@id":"https:\/\/narteks.net\/#website"},"datePublished":"2009-02-27T13:21:20+00:00","breadcrumb":{"@id":"https:\/\/narteks.net\/index.php\/2009\/02\/27\/sevdalar-duman-olmayacak\/#breadcrumb"},"inLanguage":"tr","potentialAction":[{"@type":"ReadAction","target":["https:\/\/narteks.net\/index.php\/2009\/02\/27\/sevdalar-duman-olmayacak\/"]}]},{"@type":"BreadcrumbList","@id":"https:\/\/narteks.net\/index.php\/2009\/02\/27\/sevdalar-duman-olmayacak\/#breadcrumb","itemListElement":[{"@type":"ListItem","position":1,"name":"Anasayfa","item":"https:\/\/narteks.net\/"},{"@type":"ListItem","position":2,"name":"SEVDALAR DUMAN OLMAYACAK"}]},{"@type":"WebSite","@id":"https:\/\/narteks.net\/#website","url":"https:\/\/narteks.net\/","name":"narteks.net","description":"K\u00fclt\u00fcr Sanat Edebiyat Felsefe","publisher":{"@id":"https:\/\/narteks.net\/#organization"},"alternateName":"K\u00fclt\u00fcr Sanat Edebiyat Felsefe","potentialAction":[{"@type":"SearchAction","target":{"@type":"EntryPoint","urlTemplate":"https:\/\/narteks.net\/?s={search_term_string}"},"query-input":{"@type":"PropertyValueSpecification","valueRequired":true,"valueName":"search_term_string"}}],"inLanguage":"tr"},{"@type":"Organization","@id":"https:\/\/narteks.net\/#organization","name":"narteks.net","url":"https:\/\/narteks.net\/","logo":{"@type":"ImageObject","inLanguage":"tr","@id":"https:\/\/narteks.net\/#\/schema\/logo\/image\/","url":"https:\/\/narteks.net\/wp-content\/uploads\/narteks.png","contentUrl":"https:\/\/narteks.net\/wp-content\/uploads\/narteks.png","width":300,"height":90,"caption":"narteks.net"},"image":{"@id":"https:\/\/narteks.net\/#\/schema\/logo\/image\/"},"sameAs":["https:\/\/x.com\/narteks","https:\/\/instagram.com\/narteksnet"]},{"@type":"Person","@id":"https:\/\/narteks.net\/#\/schema\/person\/61f37d9834294b72d31d274e7ed79bca","name":"Tar\u0131k","image":{"@type":"ImageObject","inLanguage":"tr","@id":"https:\/\/narteks.net\/#\/schema\/person\/image\/","url":"https:\/\/secure.gravatar.com\/avatar\/50865afb55632c4ae467e0af0930f6510aa2297d8014be502a55b14f3b7550cf?s=96&d=mm&r=g","contentUrl":"https:\/\/secure.gravatar.com\/avatar\/50865afb55632c4ae467e0af0930f6510aa2297d8014be502a55b14f3b7550cf?s=96&d=mm&r=g","caption":"Tar\u0131k"},"sameAs":["http:\/\/narteks.net"],"url":"https:\/\/narteks.net\/index.php\/author\/narbak\/"}]}},"_links":{"self":[{"href":"https:\/\/narteks.net\/index.php\/wp-json\/wp\/v2\/posts\/164","targetHints":{"allow":["GET"]}}],"collection":[{"href":"https:\/\/narteks.net\/index.php\/wp-json\/wp\/v2\/posts"}],"about":[{"href":"https:\/\/narteks.net\/index.php\/wp-json\/wp\/v2\/types\/post"}],"author":[{"embeddable":true,"href":"https:\/\/narteks.net\/index.php\/wp-json\/wp\/v2\/users\/1"}],"replies":[{"embeddable":true,"href":"https:\/\/narteks.net\/index.php\/wp-json\/wp\/v2\/comments?post=164"}],"version-history":[{"count":0,"href":"https:\/\/narteks.net\/index.php\/wp-json\/wp\/v2\/posts\/164\/revisions"}],"wp:attachment":[{"href":"https:\/\/narteks.net\/index.php\/wp-json\/wp\/v2\/media?parent=164"}],"wp:term":[{"taxonomy":"category","embeddable":true,"href":"https:\/\/narteks.net\/index.php\/wp-json\/wp\/v2\/categories?post=164"},{"taxonomy":"post_tag","embeddable":true,"href":"https:\/\/narteks.net\/index.php\/wp-json\/wp\/v2\/tags?post=164"}],"curies":[{"name":"wp","href":"https:\/\/api.w.org\/{rel}","templated":true}]}}