{"id":1643,"date":"2009-12-02T13:33:57","date_gmt":"2009-12-02T10:33:57","guid":{"rendered":"http:\/\/localhost\/wordpress\/2009\/12\/02\/ay-dede\/"},"modified":"2009-12-02T13:33:57","modified_gmt":"2009-12-02T10:33:57","slug":"ay-dede","status":"publish","type":"post","link":"https:\/\/narteks.net\/index.php\/2009\/12\/02\/ay-dede\/","title":{"rendered":"AY DEDE"},"content":{"rendered":"<p>Takdirin, tasv\u00eebin bolla\u015f\u0131r oldu,<br \/>H\u00fcsufe u\u011frama, aman Ay Dede!<br \/>Nimetler, hizmetler kapal\u0131 ge\u00e7sin,<br \/>\u015e\u00fcpheye d\u00fc\u015fmesin zaman, Ay Dede!<\/p>\n<p>Sapt\u0131n m\u0131 acaba tuttu\u011fun yoldan,<br \/>Dualar alm\u0131\u015fs\u0131n yetimden, duldan,<br \/>\u0130\u015faret feneri g\u00f6r\u00fcnmez oldu,<br \/>\u015eu d\u00fcmen kirisin yaman, Ay Dede!<\/p>\n<p>Yeti\u015fir gurbetten ald\u0131\u011f\u0131n \u00f6\u011f\u00fct,<br \/>Kim sola yana\u015ft\u0131ysa kalm\u0131\u015ft\u0131r z\u00fc\u011f\u00fcrt;<br \/>Sen suya yular tak, alt\u0131ndan y\u00fcr\u00fct;<br \/>Sesini \u00e7\u0131karmaz saman, Ay Dede!<\/p>\n<p>Neyzen TEVF\u0130K<\/p>\n","protected":false},"excerpt":{"rendered":"<p>Takdirin, tasv\u00eebin bolla\u015f\u0131r oldu,H\u00fcsufe u\u011frama, aman Ay Dede!Nimetler, hizmetler kapal\u0131 ge\u00e7sin,\u015e\u00fcpheye d\u00fc\u015fmesin zaman, Ay Dede! Sapt\u0131n m\u0131 acaba tuttu\u011fun yoldan,Dualar alm\u0131\u015fs\u0131n yetimden, duldan,\u0130\u015faret feneri g\u00f6r\u00fcnmez oldu,\u015eu d\u00fcmen kirisin yaman, Ay Dede! Yeti\u015fir gurbetten ald\u0131\u011f\u0131n \u00f6\u011f\u00fct,Kim sola yana\u015ft\u0131ysa kalm\u0131\u015ft\u0131r z\u00fc\u011f\u00fcrt;Sen suya yular tak, alt\u0131ndan y\u00fcr\u00fct;Sesini \u00e7\u0131karmaz saman, Ay Dede! Neyzen TEVF\u0130K<\/p>\n","protected":false},"author":1,"featured_media":0,"comment_status":"open","ping_status":"open","sticky":false,"template":"","format":"standard","meta":{"footnotes":""},"categories":[81],"tags":[],"class_list":{"0":"post-1643","1":"post","2":"type-post","3":"status-publish","4":"format-standard","6":"category-neyzen-tevfik"},"yoast_head":"<!-- This site is optimized with the Yoast SEO Premium plugin v24.9 (Yoast SEO v24.9) - https:\/\/yoast.com\/wordpress\/plugins\/seo\/ -->\n<title>AY DEDE - narteks.net<\/title>\n<meta name=\"robots\" content=\"index, follow, max-snippet:-1, max-image-preview:large, max-video-preview:-1\" \/>\n<link rel=\"canonical\" href=\"https:\/\/narteks.net\/index.php\/2009\/12\/02\/ay-dede\/\" \/>\n<meta property=\"og:locale\" content=\"tr_TR\" \/>\n<meta property=\"og:type\" content=\"article\" \/>\n<meta property=\"og:title\" content=\"AY DEDE\" \/>\n<meta property=\"og:description\" content=\"Takdirin, tasv\u00eebin bolla\u015f\u0131r oldu,H\u00fcsufe u\u011frama, aman Ay Dede!Nimetler, hizmetler kapal\u0131 ge\u00e7sin,\u015e\u00fcpheye d\u00fc\u015fmesin zaman, Ay Dede! Sapt\u0131n m\u0131 acaba tuttu\u011fun yoldan,Dualar alm\u0131\u015fs\u0131n yetimden, duldan,\u0130\u015faret feneri g\u00f6r\u00fcnmez oldu,\u015eu d\u00fcmen kirisin yaman, Ay Dede! Yeti\u015fir gurbetten ald\u0131\u011f\u0131n \u00f6\u011f\u00fct,Kim sola yana\u015ft\u0131ysa kalm\u0131\u015ft\u0131r z\u00fc\u011f\u00fcrt;Sen suya yular tak, alt\u0131ndan y\u00fcr\u00fct;Sesini \u00e7\u0131karmaz saman, Ay Dede! Neyzen TEVF\u0130K\" \/>\n<meta property=\"og:url\" content=\"https:\/\/narteks.net\/index.php\/2009\/12\/02\/ay-dede\/\" \/>\n<meta property=\"og:site_name\" content=\"narteks.net\" \/>\n<meta property=\"article:published_time\" content=\"2009-12-02T10:33:57+00:00\" \/>\n<meta property=\"og:image\" content=\"https:\/\/narteks.net\/wp-content\/uploads\/narteks.png\" \/>\n\t<meta property=\"og:image:width\" content=\"300\" \/>\n\t<meta property=\"og:image:height\" content=\"90\" \/>\n\t<meta property=\"og:image:type\" content=\"image\/png\" \/>\n<meta name=\"author\" content=\"Tar\u0131k\" \/>\n<meta name=\"twitter:card\" content=\"summary_large_image\" \/>\n<meta name=\"twitter:creator\" content=\"@narteks\" \/>\n<meta name=\"twitter:site\" content=\"@narteks\" \/>\n<meta name=\"twitter:label1\" content=\"Yazan:\" \/>\n\t<meta name=\"twitter:data1\" content=\"Tar\u0131k\" \/>\n<script type=\"application\/ld+json\" class=\"yoast-schema-graph\">{\"@context\":\"https:\/\/schema.org\",\"@graph\":[{\"@type\":\"Article\",\"@id\":\"https:\/\/narteks.net\/index.php\/2009\/12\/02\/ay-dede\/#article\",\"isPartOf\":{\"@id\":\"https:\/\/narteks.net\/index.php\/2009\/12\/02\/ay-dede\/\"},\"author\":{\"name\":\"Tar\u0131k\",\"@id\":\"https:\/\/narteks.net\/#\/schema\/person\/61f37d9834294b72d31d274e7ed79bca\"},\"headline\":\"AY DEDE\",\"datePublished\":\"2009-12-02T10:33:57+00:00\",\"mainEntityOfPage\":{\"@id\":\"https:\/\/narteks.net\/index.php\/2009\/12\/02\/ay-dede\/\"},\"wordCount\":85,\"commentCount\":0,\"publisher\":{\"@id\":\"https:\/\/narteks.net\/#organization\"},\"articleSection\":[\"Neyzen TEVF\u0130K\"],\"inLanguage\":\"tr\",\"potentialAction\":[{\"@type\":\"CommentAction\",\"name\":\"Comment\",\"target\":[\"https:\/\/narteks.net\/index.php\/2009\/12\/02\/ay-dede\/#respond\"]}]},{\"@type\":\"WebPage\",\"@id\":\"https:\/\/narteks.net\/index.php\/2009\/12\/02\/ay-dede\/\",\"url\":\"https:\/\/narteks.net\/index.php\/2009\/12\/02\/ay-dede\/\",\"name\":\"AY DEDE - narteks.net\",\"isPartOf\":{\"@id\":\"https:\/\/narteks.net\/#website\"},\"datePublished\":\"2009-12-02T10:33:57+00:00\",\"breadcrumb\":{\"@id\":\"https:\/\/narteks.net\/index.php\/2009\/12\/02\/ay-dede\/#breadcrumb\"},\"inLanguage\":\"tr\",\"potentialAction\":[{\"@type\":\"ReadAction\",\"target\":[\"https:\/\/narteks.net\/index.php\/2009\/12\/02\/ay-dede\/\"]}]},{\"@type\":\"BreadcrumbList\",\"@id\":\"https:\/\/narteks.net\/index.php\/2009\/12\/02\/ay-dede\/#breadcrumb\",\"itemListElement\":[{\"@type\":\"ListItem\",\"position\":1,\"name\":\"Anasayfa\",\"item\":\"https:\/\/narteks.net\/\"},{\"@type\":\"ListItem\",\"position\":2,\"name\":\"AY DEDE\"}]},{\"@type\":\"WebSite\",\"@id\":\"https:\/\/narteks.net\/#website\",\"url\":\"https:\/\/narteks.net\/\",\"name\":\"narteks.net\",\"description\":\"K\u00fclt\u00fcr Sanat Edebiyat Felsefe\",\"publisher\":{\"@id\":\"https:\/\/narteks.net\/#organization\"},\"alternateName\":\"K\u00fclt\u00fcr Sanat Edebiyat Felsefe\",\"potentialAction\":[{\"@type\":\"SearchAction\",\"target\":{\"@type\":\"EntryPoint\",\"urlTemplate\":\"https:\/\/narteks.net\/?s={search_term_string}\"},\"query-input\":{\"@type\":\"PropertyValueSpecification\",\"valueRequired\":true,\"valueName\":\"search_term_string\"}}],\"inLanguage\":\"tr\"},{\"@type\":\"Organization\",\"@id\":\"https:\/\/narteks.net\/#organization\",\"name\":\"narteks.net\",\"url\":\"https:\/\/narteks.net\/\",\"logo\":{\"@type\":\"ImageObject\",\"inLanguage\":\"tr\",\"@id\":\"https:\/\/narteks.net\/#\/schema\/logo\/image\/\",\"url\":\"https:\/\/narteks.net\/wp-content\/uploads\/narteks.png\",\"contentUrl\":\"https:\/\/narteks.net\/wp-content\/uploads\/narteks.png\",\"width\":300,\"height\":90,\"caption\":\"narteks.net\"},\"image\":{\"@id\":\"https:\/\/narteks.net\/#\/schema\/logo\/image\/\"},\"sameAs\":[\"https:\/\/x.com\/narteks\",\"https:\/\/instagram.com\/narteksnet\"]},{\"@type\":\"Person\",\"@id\":\"https:\/\/narteks.net\/#\/schema\/person\/61f37d9834294b72d31d274e7ed79bca\",\"name\":\"Tar\u0131k\",\"image\":{\"@type\":\"ImageObject\",\"inLanguage\":\"tr\",\"@id\":\"https:\/\/narteks.net\/#\/schema\/person\/image\/\",\"url\":\"https:\/\/secure.gravatar.com\/avatar\/50865afb55632c4ae467e0af0930f6510aa2297d8014be502a55b14f3b7550cf?s=96&d=mm&r=g\",\"contentUrl\":\"https:\/\/secure.gravatar.com\/avatar\/50865afb55632c4ae467e0af0930f6510aa2297d8014be502a55b14f3b7550cf?s=96&d=mm&r=g\",\"caption\":\"Tar\u0131k\"},\"sameAs\":[\"http:\/\/narteks.net\"],\"url\":\"https:\/\/narteks.net\/index.php\/author\/narbak\/\"}]}<\/script>\n<!-- \/ Yoast SEO Premium plugin. -->","yoast_head_json":{"title":"AY DEDE - narteks.net","robots":{"index":"index","follow":"follow","max-snippet":"max-snippet:-1","max-image-preview":"max-image-preview:large","max-video-preview":"max-video-preview:-1"},"canonical":"https:\/\/narteks.net\/index.php\/2009\/12\/02\/ay-dede\/","og_locale":"tr_TR","og_type":"article","og_title":"AY DEDE","og_description":"Takdirin, tasv\u00eebin bolla\u015f\u0131r oldu,H\u00fcsufe u\u011frama, aman Ay Dede!Nimetler, hizmetler kapal\u0131 ge\u00e7sin,\u015e\u00fcpheye d\u00fc\u015fmesin zaman, Ay Dede! Sapt\u0131n m\u0131 acaba tuttu\u011fun yoldan,Dualar alm\u0131\u015fs\u0131n yetimden, duldan,\u0130\u015faret feneri g\u00f6r\u00fcnmez oldu,\u015eu d\u00fcmen kirisin yaman, Ay Dede! Yeti\u015fir gurbetten ald\u0131\u011f\u0131n \u00f6\u011f\u00fct,Kim sola yana\u015ft\u0131ysa kalm\u0131\u015ft\u0131r z\u00fc\u011f\u00fcrt;Sen suya yular tak, alt\u0131ndan y\u00fcr\u00fct;Sesini \u00e7\u0131karmaz saman, Ay Dede! Neyzen TEVF\u0130K","og_url":"https:\/\/narteks.net\/index.php\/2009\/12\/02\/ay-dede\/","og_site_name":"narteks.net","article_published_time":"2009-12-02T10:33:57+00:00","og_image":[{"width":300,"height":90,"url":"https:\/\/narteks.net\/wp-content\/uploads\/narteks.png","type":"image\/png"}],"author":"Tar\u0131k","twitter_card":"summary_large_image","twitter_creator":"@narteks","twitter_site":"@narteks","twitter_misc":{"Yazan:":"Tar\u0131k"},"schema":{"@context":"https:\/\/schema.org","@graph":[{"@type":"Article","@id":"https:\/\/narteks.net\/index.php\/2009\/12\/02\/ay-dede\/#article","isPartOf":{"@id":"https:\/\/narteks.net\/index.php\/2009\/12\/02\/ay-dede\/"},"author":{"name":"Tar\u0131k","@id":"https:\/\/narteks.net\/#\/schema\/person\/61f37d9834294b72d31d274e7ed79bca"},"headline":"AY DEDE","datePublished":"2009-12-02T10:33:57+00:00","mainEntityOfPage":{"@id":"https:\/\/narteks.net\/index.php\/2009\/12\/02\/ay-dede\/"},"wordCount":85,"commentCount":0,"publisher":{"@id":"https:\/\/narteks.net\/#organization"},"articleSection":["Neyzen TEVF\u0130K"],"inLanguage":"tr","potentialAction":[{"@type":"CommentAction","name":"Comment","target":["https:\/\/narteks.net\/index.php\/2009\/12\/02\/ay-dede\/#respond"]}]},{"@type":"WebPage","@id":"https:\/\/narteks.net\/index.php\/2009\/12\/02\/ay-dede\/","url":"https:\/\/narteks.net\/index.php\/2009\/12\/02\/ay-dede\/","name":"AY DEDE - narteks.net","isPartOf":{"@id":"https:\/\/narteks.net\/#website"},"datePublished":"2009-12-02T10:33:57+00:00","breadcrumb":{"@id":"https:\/\/narteks.net\/index.php\/2009\/12\/02\/ay-dede\/#breadcrumb"},"inLanguage":"tr","potentialAction":[{"@type":"ReadAction","target":["https:\/\/narteks.net\/index.php\/2009\/12\/02\/ay-dede\/"]}]},{"@type":"BreadcrumbList","@id":"https:\/\/narteks.net\/index.php\/2009\/12\/02\/ay-dede\/#breadcrumb","itemListElement":[{"@type":"ListItem","position":1,"name":"Anasayfa","item":"https:\/\/narteks.net\/"},{"@type":"ListItem","position":2,"name":"AY DEDE"}]},{"@type":"WebSite","@id":"https:\/\/narteks.net\/#website","url":"https:\/\/narteks.net\/","name":"narteks.net","description":"K\u00fclt\u00fcr Sanat Edebiyat Felsefe","publisher":{"@id":"https:\/\/narteks.net\/#organization"},"alternateName":"K\u00fclt\u00fcr Sanat Edebiyat Felsefe","potentialAction":[{"@type":"SearchAction","target":{"@type":"EntryPoint","urlTemplate":"https:\/\/narteks.net\/?s={search_term_string}"},"query-input":{"@type":"PropertyValueSpecification","valueRequired":true,"valueName":"search_term_string"}}],"inLanguage":"tr"},{"@type":"Organization","@id":"https:\/\/narteks.net\/#organization","name":"narteks.net","url":"https:\/\/narteks.net\/","logo":{"@type":"ImageObject","inLanguage":"tr","@id":"https:\/\/narteks.net\/#\/schema\/logo\/image\/","url":"https:\/\/narteks.net\/wp-content\/uploads\/narteks.png","contentUrl":"https:\/\/narteks.net\/wp-content\/uploads\/narteks.png","width":300,"height":90,"caption":"narteks.net"},"image":{"@id":"https:\/\/narteks.net\/#\/schema\/logo\/image\/"},"sameAs":["https:\/\/x.com\/narteks","https:\/\/instagram.com\/narteksnet"]},{"@type":"Person","@id":"https:\/\/narteks.net\/#\/schema\/person\/61f37d9834294b72d31d274e7ed79bca","name":"Tar\u0131k","image":{"@type":"ImageObject","inLanguage":"tr","@id":"https:\/\/narteks.net\/#\/schema\/person\/image\/","url":"https:\/\/secure.gravatar.com\/avatar\/50865afb55632c4ae467e0af0930f6510aa2297d8014be502a55b14f3b7550cf?s=96&d=mm&r=g","contentUrl":"https:\/\/secure.gravatar.com\/avatar\/50865afb55632c4ae467e0af0930f6510aa2297d8014be502a55b14f3b7550cf?s=96&d=mm&r=g","caption":"Tar\u0131k"},"sameAs":["http:\/\/narteks.net"],"url":"https:\/\/narteks.net\/index.php\/author\/narbak\/"}]}},"_links":{"self":[{"href":"https:\/\/narteks.net\/index.php\/wp-json\/wp\/v2\/posts\/1643","targetHints":{"allow":["GET"]}}],"collection":[{"href":"https:\/\/narteks.net\/index.php\/wp-json\/wp\/v2\/posts"}],"about":[{"href":"https:\/\/narteks.net\/index.php\/wp-json\/wp\/v2\/types\/post"}],"author":[{"embeddable":true,"href":"https:\/\/narteks.net\/index.php\/wp-json\/wp\/v2\/users\/1"}],"replies":[{"embeddable":true,"href":"https:\/\/narteks.net\/index.php\/wp-json\/wp\/v2\/comments?post=1643"}],"version-history":[{"count":0,"href":"https:\/\/narteks.net\/index.php\/wp-json\/wp\/v2\/posts\/1643\/revisions"}],"wp:attachment":[{"href":"https:\/\/narteks.net\/index.php\/wp-json\/wp\/v2\/media?parent=1643"}],"wp:term":[{"taxonomy":"category","embeddable":true,"href":"https:\/\/narteks.net\/index.php\/wp-json\/wp\/v2\/categories?post=1643"},{"taxonomy":"post_tag","embeddable":true,"href":"https:\/\/narteks.net\/index.php\/wp-json\/wp\/v2\/tags?post=1643"}],"curies":[{"name":"wp","href":"https:\/\/api.w.org\/{rel}","templated":true}]}}