{"id":165,"date":"2009-02-27T16:22:43","date_gmt":"2009-02-27T13:22:43","guid":{"rendered":"http:\/\/localhost\/wordpress\/2009\/02\/27\/sicak-bir-kis\/"},"modified":"2009-02-27T16:22:43","modified_gmt":"2009-02-27T13:22:43","slug":"sicak-bir-kis","status":"publish","type":"post","link":"https:\/\/narteks.net\/index.php\/2009\/02\/27\/sicak-bir-kis\/","title":{"rendered":"SICAK B\u0130R KI\u015e"},"content":{"rendered":"<p>\u00a0<\/p>\n<p>Sa\u00e7lar\u0131n\u0131 gittik\u00e7e k\u0131saltt\u0131\u011f\u0131n g\u00fcnlerde <br \/>Sen s\u00f6ylemi\u015ftin bu s\u00f6zleri unutmad\u0131m <br \/>-Her a\u015fk bir ayr\u0131l\u0131k gizler, ayr\u0131l\u0131klarsa <br \/>Bir merhaban\u0131n s\u0131cakl\u0131\u011f\u0131n\u0131 ta\u015f\u0131r kendisinde <\/p>\n<p>Kal\u0131c\u0131 olan hi\u00e7bir \u015fey yok diyordun <br \/>An\u00b4lar var yaln\u0131z \u00f6mr\u00fc kar\u015f\u0131layan <br \/>\u015eimdi s\u0131ms\u0131cak bir kar ya\u011f\u0131yor yine <br \/>Y\u00fcre\u011fimin \u00fcst\u00fcne ya\u011f\u0131yor hi\u00e7 durmadan <\/p>\n<p>Ellerin nas\u0131l da \u00fc\u015f\u00fcyor, bozac\u0131n\u0131n <br \/>Karl\u0131 sesi doluyorken odam\u0131za <br \/>Hava gittik\u00e7e kirleniyor bu kentte <br \/>Ve aral\u0131ks\u0131z kar ya\u011f\u0131yor kar ya\u011f\u0131yor <\/p>\n<p>Kar ayr\u0131l\u0131k h\u00fczn\u00fcd\u00fcr ve ne \u00e7ok <br \/>Ayr\u0131l\u0131klar ya\u015fand\u0131 \u015fu son birka\u00e7 y\u0131lda <br \/>Yurdundan ayr\u0131lanlar\u0131 d\u00fc\u015f\u00fcn\u00fcyorum ve birisi <br \/>\u00d6zledim diyor, \u00fclkemin kar kokusunu da \u00f6zledim <\/p>\n<p>Hi\u00e7bir an\u00b4\u0131n\u0131 tan\u0131mlamaya kalkmadan <br \/>K\u0131sac\u0131k \u00f6m\u00fcrler bi\u00e7iyoruz kendimize <br \/>Sonra yolculuklara \u00e7\u0131k\u0131yoruz, bir kentten <br \/>\u00d6tekine giderken \u00f6zl\u00fcyoruz bir ba\u015fkas\u0131n\u0131 <\/p>\n<p>\u00d6zledi\u011fimiz birileri olmal\u0131 diyordun <br \/>Yan\u0131ndayken bile \u00f6zledi\u011fimiz birileri <br \/>\u00d6yleyse kalk\u0131p Ati\u00b4ye gitmelisin, \u0130stanbul\u00b4a <br \/>Belki h\u00e2l\u00e2 sakl\u0131yordur bir g\u00fcl\u00fc kimbilir <\/p>\n<p>Ya\u015fand\u0131 m\u0131 o s\u0131cak k\u0131\u015f, ya\u015fland\u0131k m\u0131 <br \/>Aynalara bakmaya vakit bulamad\u0131k <br \/>D\u00f6n\u00fcp d\u00f6n\u00fcp birbirimize bakmalardan <br \/>Ya\u015fand\u0131 m\u0131 o s\u0131ms\u0131cak k\u0131\u015f, ne dersin<\/p>\n<p>AHMET TELL\u0130<\/p>\n","protected":false},"excerpt":{"rendered":"<p>\u00a0 Sa\u00e7lar\u0131n\u0131 gittik\u00e7e k\u0131saltt\u0131\u011f\u0131n g\u00fcnlerde Sen s\u00f6ylemi\u015ftin bu s\u00f6zleri unutmad\u0131m -Her a\u015fk bir ayr\u0131l\u0131k gizler, ayr\u0131l\u0131klarsa Bir merhaban\u0131n s\u0131cakl\u0131\u011f\u0131n\u0131 ta\u015f\u0131r kendisinde Kal\u0131c\u0131 olan hi\u00e7bir \u015fey yok diyordun An\u00b4lar var yaln\u0131z \u00f6mr\u00fc kar\u015f\u0131layan \u015eimdi s\u0131ms\u0131cak bir kar ya\u011f\u0131yor yine Y\u00fcre\u011fimin \u00fcst\u00fcne ya\u011f\u0131yor hi\u00e7 durmadan Ellerin nas\u0131l da \u00fc\u015f\u00fcyor, bozac\u0131n\u0131n Karl\u0131 sesi doluyorken odam\u0131za Hava gittik\u00e7e kirleniyor [&hellip;]<\/p>\n","protected":false},"author":1,"featured_media":0,"comment_status":"open","ping_status":"open","sticky":false,"template":"","format":"standard","meta":{"footnotes":""},"categories":[7],"tags":[],"class_list":{"0":"post-165","1":"post","2":"type-post","3":"status-publish","4":"format-standard","6":"category-ahmet-telli"},"yoast_head":"<!-- This site is optimized with the Yoast SEO Premium plugin v24.9 (Yoast SEO v24.9) - https:\/\/yoast.com\/wordpress\/plugins\/seo\/ -->\n<title>SICAK B\u0130R KI\u015e - narteks.net<\/title>\n<meta name=\"robots\" content=\"index, follow, max-snippet:-1, max-image-preview:large, max-video-preview:-1\" \/>\n<link rel=\"canonical\" href=\"https:\/\/narteks.net\/index.php\/2009\/02\/27\/sicak-bir-kis\/\" \/>\n<meta property=\"og:locale\" content=\"tr_TR\" \/>\n<meta property=\"og:type\" content=\"article\" \/>\n<meta property=\"og:title\" content=\"SICAK B\u0130R KI\u015e\" \/>\n<meta property=\"og:description\" content=\"\u00a0 Sa\u00e7lar\u0131n\u0131 gittik\u00e7e k\u0131saltt\u0131\u011f\u0131n g\u00fcnlerde Sen s\u00f6ylemi\u015ftin bu s\u00f6zleri unutmad\u0131m -Her a\u015fk bir ayr\u0131l\u0131k gizler, ayr\u0131l\u0131klarsa Bir merhaban\u0131n s\u0131cakl\u0131\u011f\u0131n\u0131 ta\u015f\u0131r kendisinde Kal\u0131c\u0131 olan hi\u00e7bir \u015fey yok diyordun An\u00b4lar var yaln\u0131z \u00f6mr\u00fc kar\u015f\u0131layan \u015eimdi s\u0131ms\u0131cak bir kar ya\u011f\u0131yor yine Y\u00fcre\u011fimin \u00fcst\u00fcne ya\u011f\u0131yor hi\u00e7 durmadan Ellerin nas\u0131l da \u00fc\u015f\u00fcyor, bozac\u0131n\u0131n Karl\u0131 sesi doluyorken odam\u0131za Hava gittik\u00e7e kirleniyor [&hellip;]\" \/>\n<meta property=\"og:url\" content=\"https:\/\/narteks.net\/index.php\/2009\/02\/27\/sicak-bir-kis\/\" \/>\n<meta property=\"og:site_name\" content=\"narteks.net\" \/>\n<meta property=\"article:published_time\" content=\"2009-02-27T13:22:43+00:00\" \/>\n<meta property=\"og:image\" content=\"https:\/\/narteks.net\/wp-content\/uploads\/narteks.png\" \/>\n\t<meta property=\"og:image:width\" content=\"300\" \/>\n\t<meta property=\"og:image:height\" content=\"90\" \/>\n\t<meta property=\"og:image:type\" content=\"image\/png\" \/>\n<meta name=\"author\" content=\"Tar\u0131k\" \/>\n<meta name=\"twitter:card\" content=\"summary_large_image\" \/>\n<meta name=\"twitter:creator\" content=\"@narteks\" \/>\n<meta name=\"twitter:site\" content=\"@narteks\" \/>\n<meta name=\"twitter:label1\" content=\"Yazan:\" \/>\n\t<meta name=\"twitter:data1\" content=\"Tar\u0131k\" \/>\n\t<meta name=\"twitter:label2\" content=\"Tahmini okuma s\u00fcresi\" \/>\n\t<meta name=\"twitter:data2\" content=\"1 dakika\" \/>\n<script type=\"application\/ld+json\" class=\"yoast-schema-graph\">{\"@context\":\"https:\/\/schema.org\",\"@graph\":[{\"@type\":\"Article\",\"@id\":\"https:\/\/narteks.net\/index.php\/2009\/02\/27\/sicak-bir-kis\/#article\",\"isPartOf\":{\"@id\":\"https:\/\/narteks.net\/index.php\/2009\/02\/27\/sicak-bir-kis\/\"},\"author\":{\"name\":\"Tar\u0131k\",\"@id\":\"https:\/\/narteks.net\/#\/schema\/person\/61f37d9834294b72d31d274e7ed79bca\"},\"headline\":\"SICAK B\u0130R KI\u015e\",\"datePublished\":\"2009-02-27T13:22:43+00:00\",\"mainEntityOfPage\":{\"@id\":\"https:\/\/narteks.net\/index.php\/2009\/02\/27\/sicak-bir-kis\/\"},\"wordCount\":235,\"commentCount\":0,\"publisher\":{\"@id\":\"https:\/\/narteks.net\/#organization\"},\"articleSection\":[\"Ahmet TELL\u0130\"],\"inLanguage\":\"tr\",\"potentialAction\":[{\"@type\":\"CommentAction\",\"name\":\"Comment\",\"target\":[\"https:\/\/narteks.net\/index.php\/2009\/02\/27\/sicak-bir-kis\/#respond\"]}]},{\"@type\":\"WebPage\",\"@id\":\"https:\/\/narteks.net\/index.php\/2009\/02\/27\/sicak-bir-kis\/\",\"url\":\"https:\/\/narteks.net\/index.php\/2009\/02\/27\/sicak-bir-kis\/\",\"name\":\"SICAK B\u0130R KI\u015e - narteks.net\",\"isPartOf\":{\"@id\":\"https:\/\/narteks.net\/#website\"},\"datePublished\":\"2009-02-27T13:22:43+00:00\",\"breadcrumb\":{\"@id\":\"https:\/\/narteks.net\/index.php\/2009\/02\/27\/sicak-bir-kis\/#breadcrumb\"},\"inLanguage\":\"tr\",\"potentialAction\":[{\"@type\":\"ReadAction\",\"target\":[\"https:\/\/narteks.net\/index.php\/2009\/02\/27\/sicak-bir-kis\/\"]}]},{\"@type\":\"BreadcrumbList\",\"@id\":\"https:\/\/narteks.net\/index.php\/2009\/02\/27\/sicak-bir-kis\/#breadcrumb\",\"itemListElement\":[{\"@type\":\"ListItem\",\"position\":1,\"name\":\"Anasayfa\",\"item\":\"https:\/\/narteks.net\/\"},{\"@type\":\"ListItem\",\"position\":2,\"name\":\"SICAK B\u0130R KI\u015e\"}]},{\"@type\":\"WebSite\",\"@id\":\"https:\/\/narteks.net\/#website\",\"url\":\"https:\/\/narteks.net\/\",\"name\":\"narteks.net\",\"description\":\"K\u00fclt\u00fcr Sanat Edebiyat Felsefe\",\"publisher\":{\"@id\":\"https:\/\/narteks.net\/#organization\"},\"alternateName\":\"K\u00fclt\u00fcr Sanat Edebiyat Felsefe\",\"potentialAction\":[{\"@type\":\"SearchAction\",\"target\":{\"@type\":\"EntryPoint\",\"urlTemplate\":\"https:\/\/narteks.net\/?s={search_term_string}\"},\"query-input\":{\"@type\":\"PropertyValueSpecification\",\"valueRequired\":true,\"valueName\":\"search_term_string\"}}],\"inLanguage\":\"tr\"},{\"@type\":\"Organization\",\"@id\":\"https:\/\/narteks.net\/#organization\",\"name\":\"narteks.net\",\"url\":\"https:\/\/narteks.net\/\",\"logo\":{\"@type\":\"ImageObject\",\"inLanguage\":\"tr\",\"@id\":\"https:\/\/narteks.net\/#\/schema\/logo\/image\/\",\"url\":\"https:\/\/narteks.net\/wp-content\/uploads\/narteks.png\",\"contentUrl\":\"https:\/\/narteks.net\/wp-content\/uploads\/narteks.png\",\"width\":300,\"height\":90,\"caption\":\"narteks.net\"},\"image\":{\"@id\":\"https:\/\/narteks.net\/#\/schema\/logo\/image\/\"},\"sameAs\":[\"https:\/\/x.com\/narteks\",\"https:\/\/instagram.com\/narteksnet\"]},{\"@type\":\"Person\",\"@id\":\"https:\/\/narteks.net\/#\/schema\/person\/61f37d9834294b72d31d274e7ed79bca\",\"name\":\"Tar\u0131k\",\"image\":{\"@type\":\"ImageObject\",\"inLanguage\":\"tr\",\"@id\":\"https:\/\/narteks.net\/#\/schema\/person\/image\/\",\"url\":\"https:\/\/secure.gravatar.com\/avatar\/50865afb55632c4ae467e0af0930f6510aa2297d8014be502a55b14f3b7550cf?s=96&d=mm&r=g\",\"contentUrl\":\"https:\/\/secure.gravatar.com\/avatar\/50865afb55632c4ae467e0af0930f6510aa2297d8014be502a55b14f3b7550cf?s=96&d=mm&r=g\",\"caption\":\"Tar\u0131k\"},\"sameAs\":[\"http:\/\/narteks.net\"],\"url\":\"https:\/\/narteks.net\/index.php\/author\/narbak\/\"}]}<\/script>\n<!-- \/ Yoast SEO Premium plugin. -->","yoast_head_json":{"title":"SICAK B\u0130R KI\u015e - narteks.net","robots":{"index":"index","follow":"follow","max-snippet":"max-snippet:-1","max-image-preview":"max-image-preview:large","max-video-preview":"max-video-preview:-1"},"canonical":"https:\/\/narteks.net\/index.php\/2009\/02\/27\/sicak-bir-kis\/","og_locale":"tr_TR","og_type":"article","og_title":"SICAK B\u0130R KI\u015e","og_description":"\u00a0 Sa\u00e7lar\u0131n\u0131 gittik\u00e7e k\u0131saltt\u0131\u011f\u0131n g\u00fcnlerde Sen s\u00f6ylemi\u015ftin bu s\u00f6zleri unutmad\u0131m -Her a\u015fk bir ayr\u0131l\u0131k gizler, ayr\u0131l\u0131klarsa Bir merhaban\u0131n s\u0131cakl\u0131\u011f\u0131n\u0131 ta\u015f\u0131r kendisinde Kal\u0131c\u0131 olan hi\u00e7bir \u015fey yok diyordun An\u00b4lar var yaln\u0131z \u00f6mr\u00fc kar\u015f\u0131layan \u015eimdi s\u0131ms\u0131cak bir kar ya\u011f\u0131yor yine Y\u00fcre\u011fimin \u00fcst\u00fcne ya\u011f\u0131yor hi\u00e7 durmadan Ellerin nas\u0131l da \u00fc\u015f\u00fcyor, bozac\u0131n\u0131n Karl\u0131 sesi doluyorken odam\u0131za Hava gittik\u00e7e kirleniyor [&hellip;]","og_url":"https:\/\/narteks.net\/index.php\/2009\/02\/27\/sicak-bir-kis\/","og_site_name":"narteks.net","article_published_time":"2009-02-27T13:22:43+00:00","og_image":[{"width":300,"height":90,"url":"https:\/\/narteks.net\/wp-content\/uploads\/narteks.png","type":"image\/png"}],"author":"Tar\u0131k","twitter_card":"summary_large_image","twitter_creator":"@narteks","twitter_site":"@narteks","twitter_misc":{"Yazan:":"Tar\u0131k","Tahmini okuma s\u00fcresi":"1 dakika"},"schema":{"@context":"https:\/\/schema.org","@graph":[{"@type":"Article","@id":"https:\/\/narteks.net\/index.php\/2009\/02\/27\/sicak-bir-kis\/#article","isPartOf":{"@id":"https:\/\/narteks.net\/index.php\/2009\/02\/27\/sicak-bir-kis\/"},"author":{"name":"Tar\u0131k","@id":"https:\/\/narteks.net\/#\/schema\/person\/61f37d9834294b72d31d274e7ed79bca"},"headline":"SICAK B\u0130R KI\u015e","datePublished":"2009-02-27T13:22:43+00:00","mainEntityOfPage":{"@id":"https:\/\/narteks.net\/index.php\/2009\/02\/27\/sicak-bir-kis\/"},"wordCount":235,"commentCount":0,"publisher":{"@id":"https:\/\/narteks.net\/#organization"},"articleSection":["Ahmet TELL\u0130"],"inLanguage":"tr","potentialAction":[{"@type":"CommentAction","name":"Comment","target":["https:\/\/narteks.net\/index.php\/2009\/02\/27\/sicak-bir-kis\/#respond"]}]},{"@type":"WebPage","@id":"https:\/\/narteks.net\/index.php\/2009\/02\/27\/sicak-bir-kis\/","url":"https:\/\/narteks.net\/index.php\/2009\/02\/27\/sicak-bir-kis\/","name":"SICAK B\u0130R KI\u015e - narteks.net","isPartOf":{"@id":"https:\/\/narteks.net\/#website"},"datePublished":"2009-02-27T13:22:43+00:00","breadcrumb":{"@id":"https:\/\/narteks.net\/index.php\/2009\/02\/27\/sicak-bir-kis\/#breadcrumb"},"inLanguage":"tr","potentialAction":[{"@type":"ReadAction","target":["https:\/\/narteks.net\/index.php\/2009\/02\/27\/sicak-bir-kis\/"]}]},{"@type":"BreadcrumbList","@id":"https:\/\/narteks.net\/index.php\/2009\/02\/27\/sicak-bir-kis\/#breadcrumb","itemListElement":[{"@type":"ListItem","position":1,"name":"Anasayfa","item":"https:\/\/narteks.net\/"},{"@type":"ListItem","position":2,"name":"SICAK B\u0130R KI\u015e"}]},{"@type":"WebSite","@id":"https:\/\/narteks.net\/#website","url":"https:\/\/narteks.net\/","name":"narteks.net","description":"K\u00fclt\u00fcr Sanat Edebiyat Felsefe","publisher":{"@id":"https:\/\/narteks.net\/#organization"},"alternateName":"K\u00fclt\u00fcr Sanat Edebiyat Felsefe","potentialAction":[{"@type":"SearchAction","target":{"@type":"EntryPoint","urlTemplate":"https:\/\/narteks.net\/?s={search_term_string}"},"query-input":{"@type":"PropertyValueSpecification","valueRequired":true,"valueName":"search_term_string"}}],"inLanguage":"tr"},{"@type":"Organization","@id":"https:\/\/narteks.net\/#organization","name":"narteks.net","url":"https:\/\/narteks.net\/","logo":{"@type":"ImageObject","inLanguage":"tr","@id":"https:\/\/narteks.net\/#\/schema\/logo\/image\/","url":"https:\/\/narteks.net\/wp-content\/uploads\/narteks.png","contentUrl":"https:\/\/narteks.net\/wp-content\/uploads\/narteks.png","width":300,"height":90,"caption":"narteks.net"},"image":{"@id":"https:\/\/narteks.net\/#\/schema\/logo\/image\/"},"sameAs":["https:\/\/x.com\/narteks","https:\/\/instagram.com\/narteksnet"]},{"@type":"Person","@id":"https:\/\/narteks.net\/#\/schema\/person\/61f37d9834294b72d31d274e7ed79bca","name":"Tar\u0131k","image":{"@type":"ImageObject","inLanguage":"tr","@id":"https:\/\/narteks.net\/#\/schema\/person\/image\/","url":"https:\/\/secure.gravatar.com\/avatar\/50865afb55632c4ae467e0af0930f6510aa2297d8014be502a55b14f3b7550cf?s=96&d=mm&r=g","contentUrl":"https:\/\/secure.gravatar.com\/avatar\/50865afb55632c4ae467e0af0930f6510aa2297d8014be502a55b14f3b7550cf?s=96&d=mm&r=g","caption":"Tar\u0131k"},"sameAs":["http:\/\/narteks.net"],"url":"https:\/\/narteks.net\/index.php\/author\/narbak\/"}]}},"_links":{"self":[{"href":"https:\/\/narteks.net\/index.php\/wp-json\/wp\/v2\/posts\/165","targetHints":{"allow":["GET"]}}],"collection":[{"href":"https:\/\/narteks.net\/index.php\/wp-json\/wp\/v2\/posts"}],"about":[{"href":"https:\/\/narteks.net\/index.php\/wp-json\/wp\/v2\/types\/post"}],"author":[{"embeddable":true,"href":"https:\/\/narteks.net\/index.php\/wp-json\/wp\/v2\/users\/1"}],"replies":[{"embeddable":true,"href":"https:\/\/narteks.net\/index.php\/wp-json\/wp\/v2\/comments?post=165"}],"version-history":[{"count":0,"href":"https:\/\/narteks.net\/index.php\/wp-json\/wp\/v2\/posts\/165\/revisions"}],"wp:attachment":[{"href":"https:\/\/narteks.net\/index.php\/wp-json\/wp\/v2\/media?parent=165"}],"wp:term":[{"taxonomy":"category","embeddable":true,"href":"https:\/\/narteks.net\/index.php\/wp-json\/wp\/v2\/categories?post=165"},{"taxonomy":"post_tag","embeddable":true,"href":"https:\/\/narteks.net\/index.php\/wp-json\/wp\/v2\/tags?post=165"}],"curies":[{"name":"wp","href":"https:\/\/api.w.org\/{rel}","templated":true}]}}