{"id":1650,"date":"2009-12-02T13:40:02","date_gmt":"2009-12-02T10:40:02","guid":{"rendered":"http:\/\/localhost\/wordpress\/2009\/12\/02\/ne-ararsin-tanri-ile-aramda\/"},"modified":"2009-12-02T13:40:02","modified_gmt":"2009-12-02T10:40:02","slug":"ne-ararsin-tanri-ile-aramda","status":"publish","type":"post","link":"https:\/\/narteks.net\/index.php\/2009\/12\/02\/ne-ararsin-tanri-ile-aramda\/","title":{"rendered":"NE ARARSIN TANRI \u0130LE ARAMDA"},"content":{"rendered":"<p>\u00a0<\/p>\n<p>Ne arars\u0131n Tanr\u0131 ile aramda<br \/>Sen kimsin ki orucumu sorars\u0131n?<br \/>Hakikaten g\u00f6z\u00fcn yoksa haramda<br \/>Ba\u015f\u0131 a\u00e7\u0131\u011fa neden t\u00fcrban sorars\u0131n?<\/p>\n<p>Rak\u0131, \u015farap i\u00e7iyorsam sana ne<br \/>Yoksa sana bir zarar\u0131, i\u00e7erim<br \/>\u0130kimiz de gelsek k\u0131ldan k\u00f6pr\u00fcye<br \/>Ben d\u00fcr\u00fcstsem sarho\u015fken de ge\u00e7erim.<\/p>\n<p>Esir iken m\u00fcmk\u00fcn m\u00fcd\u00fcr ibadet<br \/>Yat\u0131p kalk\u0131p Atat\u00fcrk&#8217;e dua et&#8230;<br \/>Senin gibi d\u00fcrz\u00fclerin y\u00fcz\u00fcnden<br \/>Dininden de so\u011fuyacak bu millet.<\/p>\n<p>\u0130\u015fgaldeki hali sak\u0131n unutma<br \/>Atat\u00fcrk&#8217;e dil uzatma sebepsiz<br \/>Sen anandan yine \u00e7\u0131kard\u0131n amma<br \/>Baban kimdi bilemezdin \u015ferefsiz<\/p>\n<p>Neyzen TEVF\u0130K<\/p>\n","protected":false},"excerpt":{"rendered":"<p>\u00a0 Ne arars\u0131n Tanr\u0131 ile aramdaSen kimsin ki orucumu sorars\u0131n?Hakikaten g\u00f6z\u00fcn yoksa haramdaBa\u015f\u0131 a\u00e7\u0131\u011fa neden t\u00fcrban sorars\u0131n? Rak\u0131, \u015farap i\u00e7iyorsam sana neYoksa sana bir zarar\u0131, i\u00e7erim\u0130kimiz de gelsek k\u0131ldan k\u00f6pr\u00fcyeBen d\u00fcr\u00fcstsem sarho\u015fken de ge\u00e7erim. Esir iken m\u00fcmk\u00fcn m\u00fcd\u00fcr ibadetYat\u0131p kalk\u0131p Atat\u00fcrk&#8217;e dua et&#8230;Senin gibi d\u00fcrz\u00fclerin y\u00fcz\u00fcndenDininden de so\u011fuyacak bu millet. \u0130\u015fgaldeki hali sak\u0131n unutmaAtat\u00fcrk&#8217;e dil [&hellip;]<\/p>\n","protected":false},"author":1,"featured_media":0,"comment_status":"open","ping_status":"open","sticky":false,"template":"","format":"standard","meta":{"footnotes":""},"categories":[81],"tags":[],"class_list":{"0":"post-1650","1":"post","2":"type-post","3":"status-publish","4":"format-standard","6":"category-neyzen-tevfik"},"yoast_head":"<!-- This site is optimized with the Yoast SEO Premium plugin v24.9 (Yoast SEO v24.9) - https:\/\/yoast.com\/wordpress\/plugins\/seo\/ -->\n<title>NE ARARSIN TANRI \u0130LE ARAMDA - narteks.net<\/title>\n<meta name=\"robots\" content=\"index, follow, max-snippet:-1, max-image-preview:large, max-video-preview:-1\" \/>\n<link rel=\"canonical\" href=\"https:\/\/narteks.net\/index.php\/2009\/12\/02\/ne-ararsin-tanri-ile-aramda\/\" \/>\n<meta property=\"og:locale\" content=\"tr_TR\" \/>\n<meta property=\"og:type\" content=\"article\" \/>\n<meta property=\"og:title\" content=\"NE ARARSIN TANRI \u0130LE ARAMDA\" \/>\n<meta property=\"og:description\" content=\"\u00a0 Ne arars\u0131n Tanr\u0131 ile aramdaSen kimsin ki orucumu sorars\u0131n?Hakikaten g\u00f6z\u00fcn yoksa haramdaBa\u015f\u0131 a\u00e7\u0131\u011fa neden t\u00fcrban sorars\u0131n? Rak\u0131, \u015farap i\u00e7iyorsam sana neYoksa sana bir zarar\u0131, i\u00e7erim\u0130kimiz de gelsek k\u0131ldan k\u00f6pr\u00fcyeBen d\u00fcr\u00fcstsem sarho\u015fken de ge\u00e7erim. Esir iken m\u00fcmk\u00fcn m\u00fcd\u00fcr ibadetYat\u0131p kalk\u0131p Atat\u00fcrk&#8217;e dua et&#8230;Senin gibi d\u00fcrz\u00fclerin y\u00fcz\u00fcndenDininden de so\u011fuyacak bu millet. \u0130\u015fgaldeki hali sak\u0131n unutmaAtat\u00fcrk&#8217;e dil [&hellip;]\" \/>\n<meta property=\"og:url\" content=\"https:\/\/narteks.net\/index.php\/2009\/12\/02\/ne-ararsin-tanri-ile-aramda\/\" \/>\n<meta property=\"og:site_name\" content=\"narteks.net\" \/>\n<meta property=\"article:published_time\" content=\"2009-12-02T10:40:02+00:00\" \/>\n<meta property=\"og:image\" content=\"https:\/\/narteks.net\/wp-content\/uploads\/narteks.png\" \/>\n\t<meta property=\"og:image:width\" content=\"300\" \/>\n\t<meta property=\"og:image:height\" content=\"90\" \/>\n\t<meta property=\"og:image:type\" content=\"image\/png\" \/>\n<meta name=\"author\" content=\"Tar\u0131k\" \/>\n<meta name=\"twitter:card\" content=\"summary_large_image\" \/>\n<meta name=\"twitter:creator\" content=\"@narteks\" \/>\n<meta name=\"twitter:site\" content=\"@narteks\" \/>\n<meta name=\"twitter:label1\" content=\"Yazan:\" \/>\n\t<meta name=\"twitter:data1\" content=\"Tar\u0131k\" \/>\n\t<meta name=\"twitter:label2\" content=\"Tahmini okuma s\u00fcresi\" \/>\n\t<meta name=\"twitter:data2\" content=\"1 dakika\" \/>\n<script type=\"application\/ld+json\" class=\"yoast-schema-graph\">{\"@context\":\"https:\/\/schema.org\",\"@graph\":[{\"@type\":\"Article\",\"@id\":\"https:\/\/narteks.net\/index.php\/2009\/12\/02\/ne-ararsin-tanri-ile-aramda\/#article\",\"isPartOf\":{\"@id\":\"https:\/\/narteks.net\/index.php\/2009\/12\/02\/ne-ararsin-tanri-ile-aramda\/\"},\"author\":{\"name\":\"Tar\u0131k\",\"@id\":\"https:\/\/narteks.net\/#\/schema\/person\/61f37d9834294b72d31d274e7ed79bca\"},\"headline\":\"NE ARARSIN TANRI \u0130LE ARAMDA\",\"datePublished\":\"2009-12-02T10:40:02+00:00\",\"mainEntityOfPage\":{\"@id\":\"https:\/\/narteks.net\/index.php\/2009\/12\/02\/ne-ararsin-tanri-ile-aramda\/\"},\"wordCount\":105,\"commentCount\":0,\"publisher\":{\"@id\":\"https:\/\/narteks.net\/#organization\"},\"articleSection\":[\"Neyzen TEVF\u0130K\"],\"inLanguage\":\"tr\",\"potentialAction\":[{\"@type\":\"CommentAction\",\"name\":\"Comment\",\"target\":[\"https:\/\/narteks.net\/index.php\/2009\/12\/02\/ne-ararsin-tanri-ile-aramda\/#respond\"]}]},{\"@type\":\"WebPage\",\"@id\":\"https:\/\/narteks.net\/index.php\/2009\/12\/02\/ne-ararsin-tanri-ile-aramda\/\",\"url\":\"https:\/\/narteks.net\/index.php\/2009\/12\/02\/ne-ararsin-tanri-ile-aramda\/\",\"name\":\"NE ARARSIN TANRI \u0130LE ARAMDA - narteks.net\",\"isPartOf\":{\"@id\":\"https:\/\/narteks.net\/#website\"},\"datePublished\":\"2009-12-02T10:40:02+00:00\",\"breadcrumb\":{\"@id\":\"https:\/\/narteks.net\/index.php\/2009\/12\/02\/ne-ararsin-tanri-ile-aramda\/#breadcrumb\"},\"inLanguage\":\"tr\",\"potentialAction\":[{\"@type\":\"ReadAction\",\"target\":[\"https:\/\/narteks.net\/index.php\/2009\/12\/02\/ne-ararsin-tanri-ile-aramda\/\"]}]},{\"@type\":\"BreadcrumbList\",\"@id\":\"https:\/\/narteks.net\/index.php\/2009\/12\/02\/ne-ararsin-tanri-ile-aramda\/#breadcrumb\",\"itemListElement\":[{\"@type\":\"ListItem\",\"position\":1,\"name\":\"Anasayfa\",\"item\":\"https:\/\/narteks.net\/\"},{\"@type\":\"ListItem\",\"position\":2,\"name\":\"NE ARARSIN TANRI \u0130LE ARAMDA\"}]},{\"@type\":\"WebSite\",\"@id\":\"https:\/\/narteks.net\/#website\",\"url\":\"https:\/\/narteks.net\/\",\"name\":\"narteks.net\",\"description\":\"K\u00fclt\u00fcr Sanat Edebiyat Felsefe\",\"publisher\":{\"@id\":\"https:\/\/narteks.net\/#organization\"},\"alternateName\":\"K\u00fclt\u00fcr Sanat Edebiyat Felsefe\",\"potentialAction\":[{\"@type\":\"SearchAction\",\"target\":{\"@type\":\"EntryPoint\",\"urlTemplate\":\"https:\/\/narteks.net\/?s={search_term_string}\"},\"query-input\":{\"@type\":\"PropertyValueSpecification\",\"valueRequired\":true,\"valueName\":\"search_term_string\"}}],\"inLanguage\":\"tr\"},{\"@type\":\"Organization\",\"@id\":\"https:\/\/narteks.net\/#organization\",\"name\":\"narteks.net\",\"url\":\"https:\/\/narteks.net\/\",\"logo\":{\"@type\":\"ImageObject\",\"inLanguage\":\"tr\",\"@id\":\"https:\/\/narteks.net\/#\/schema\/logo\/image\/\",\"url\":\"https:\/\/narteks.net\/wp-content\/uploads\/narteks.png\",\"contentUrl\":\"https:\/\/narteks.net\/wp-content\/uploads\/narteks.png\",\"width\":300,\"height\":90,\"caption\":\"narteks.net\"},\"image\":{\"@id\":\"https:\/\/narteks.net\/#\/schema\/logo\/image\/\"},\"sameAs\":[\"https:\/\/x.com\/narteks\",\"https:\/\/instagram.com\/narteksnet\"]},{\"@type\":\"Person\",\"@id\":\"https:\/\/narteks.net\/#\/schema\/person\/61f37d9834294b72d31d274e7ed79bca\",\"name\":\"Tar\u0131k\",\"image\":{\"@type\":\"ImageObject\",\"inLanguage\":\"tr\",\"@id\":\"https:\/\/narteks.net\/#\/schema\/person\/image\/\",\"url\":\"https:\/\/secure.gravatar.com\/avatar\/50865afb55632c4ae467e0af0930f6510aa2297d8014be502a55b14f3b7550cf?s=96&d=mm&r=g\",\"contentUrl\":\"https:\/\/secure.gravatar.com\/avatar\/50865afb55632c4ae467e0af0930f6510aa2297d8014be502a55b14f3b7550cf?s=96&d=mm&r=g\",\"caption\":\"Tar\u0131k\"},\"sameAs\":[\"http:\/\/narteks.net\"],\"url\":\"https:\/\/narteks.net\/index.php\/author\/narbak\/\"}]}<\/script>\n<!-- \/ Yoast SEO Premium plugin. -->","yoast_head_json":{"title":"NE ARARSIN TANRI \u0130LE ARAMDA - narteks.net","robots":{"index":"index","follow":"follow","max-snippet":"max-snippet:-1","max-image-preview":"max-image-preview:large","max-video-preview":"max-video-preview:-1"},"canonical":"https:\/\/narteks.net\/index.php\/2009\/12\/02\/ne-ararsin-tanri-ile-aramda\/","og_locale":"tr_TR","og_type":"article","og_title":"NE ARARSIN TANRI \u0130LE ARAMDA","og_description":"\u00a0 Ne arars\u0131n Tanr\u0131 ile aramdaSen kimsin ki orucumu sorars\u0131n?Hakikaten g\u00f6z\u00fcn yoksa haramdaBa\u015f\u0131 a\u00e7\u0131\u011fa neden t\u00fcrban sorars\u0131n? Rak\u0131, \u015farap i\u00e7iyorsam sana neYoksa sana bir zarar\u0131, i\u00e7erim\u0130kimiz de gelsek k\u0131ldan k\u00f6pr\u00fcyeBen d\u00fcr\u00fcstsem sarho\u015fken de ge\u00e7erim. Esir iken m\u00fcmk\u00fcn m\u00fcd\u00fcr ibadetYat\u0131p kalk\u0131p Atat\u00fcrk&#8217;e dua et&#8230;Senin gibi d\u00fcrz\u00fclerin y\u00fcz\u00fcndenDininden de so\u011fuyacak bu millet. \u0130\u015fgaldeki hali sak\u0131n unutmaAtat\u00fcrk&#8217;e dil [&hellip;]","og_url":"https:\/\/narteks.net\/index.php\/2009\/12\/02\/ne-ararsin-tanri-ile-aramda\/","og_site_name":"narteks.net","article_published_time":"2009-12-02T10:40:02+00:00","og_image":[{"width":300,"height":90,"url":"https:\/\/narteks.net\/wp-content\/uploads\/narteks.png","type":"image\/png"}],"author":"Tar\u0131k","twitter_card":"summary_large_image","twitter_creator":"@narteks","twitter_site":"@narteks","twitter_misc":{"Yazan:":"Tar\u0131k","Tahmini okuma s\u00fcresi":"1 dakika"},"schema":{"@context":"https:\/\/schema.org","@graph":[{"@type":"Article","@id":"https:\/\/narteks.net\/index.php\/2009\/12\/02\/ne-ararsin-tanri-ile-aramda\/#article","isPartOf":{"@id":"https:\/\/narteks.net\/index.php\/2009\/12\/02\/ne-ararsin-tanri-ile-aramda\/"},"author":{"name":"Tar\u0131k","@id":"https:\/\/narteks.net\/#\/schema\/person\/61f37d9834294b72d31d274e7ed79bca"},"headline":"NE ARARSIN TANRI \u0130LE ARAMDA","datePublished":"2009-12-02T10:40:02+00:00","mainEntityOfPage":{"@id":"https:\/\/narteks.net\/index.php\/2009\/12\/02\/ne-ararsin-tanri-ile-aramda\/"},"wordCount":105,"commentCount":0,"publisher":{"@id":"https:\/\/narteks.net\/#organization"},"articleSection":["Neyzen TEVF\u0130K"],"inLanguage":"tr","potentialAction":[{"@type":"CommentAction","name":"Comment","target":["https:\/\/narteks.net\/index.php\/2009\/12\/02\/ne-ararsin-tanri-ile-aramda\/#respond"]}]},{"@type":"WebPage","@id":"https:\/\/narteks.net\/index.php\/2009\/12\/02\/ne-ararsin-tanri-ile-aramda\/","url":"https:\/\/narteks.net\/index.php\/2009\/12\/02\/ne-ararsin-tanri-ile-aramda\/","name":"NE ARARSIN TANRI \u0130LE ARAMDA - narteks.net","isPartOf":{"@id":"https:\/\/narteks.net\/#website"},"datePublished":"2009-12-02T10:40:02+00:00","breadcrumb":{"@id":"https:\/\/narteks.net\/index.php\/2009\/12\/02\/ne-ararsin-tanri-ile-aramda\/#breadcrumb"},"inLanguage":"tr","potentialAction":[{"@type":"ReadAction","target":["https:\/\/narteks.net\/index.php\/2009\/12\/02\/ne-ararsin-tanri-ile-aramda\/"]}]},{"@type":"BreadcrumbList","@id":"https:\/\/narteks.net\/index.php\/2009\/12\/02\/ne-ararsin-tanri-ile-aramda\/#breadcrumb","itemListElement":[{"@type":"ListItem","position":1,"name":"Anasayfa","item":"https:\/\/narteks.net\/"},{"@type":"ListItem","position":2,"name":"NE ARARSIN TANRI \u0130LE ARAMDA"}]},{"@type":"WebSite","@id":"https:\/\/narteks.net\/#website","url":"https:\/\/narteks.net\/","name":"narteks.net","description":"K\u00fclt\u00fcr Sanat Edebiyat Felsefe","publisher":{"@id":"https:\/\/narteks.net\/#organization"},"alternateName":"K\u00fclt\u00fcr Sanat Edebiyat Felsefe","potentialAction":[{"@type":"SearchAction","target":{"@type":"EntryPoint","urlTemplate":"https:\/\/narteks.net\/?s={search_term_string}"},"query-input":{"@type":"PropertyValueSpecification","valueRequired":true,"valueName":"search_term_string"}}],"inLanguage":"tr"},{"@type":"Organization","@id":"https:\/\/narteks.net\/#organization","name":"narteks.net","url":"https:\/\/narteks.net\/","logo":{"@type":"ImageObject","inLanguage":"tr","@id":"https:\/\/narteks.net\/#\/schema\/logo\/image\/","url":"https:\/\/narteks.net\/wp-content\/uploads\/narteks.png","contentUrl":"https:\/\/narteks.net\/wp-content\/uploads\/narteks.png","width":300,"height":90,"caption":"narteks.net"},"image":{"@id":"https:\/\/narteks.net\/#\/schema\/logo\/image\/"},"sameAs":["https:\/\/x.com\/narteks","https:\/\/instagram.com\/narteksnet"]},{"@type":"Person","@id":"https:\/\/narteks.net\/#\/schema\/person\/61f37d9834294b72d31d274e7ed79bca","name":"Tar\u0131k","image":{"@type":"ImageObject","inLanguage":"tr","@id":"https:\/\/narteks.net\/#\/schema\/person\/image\/","url":"https:\/\/secure.gravatar.com\/avatar\/50865afb55632c4ae467e0af0930f6510aa2297d8014be502a55b14f3b7550cf?s=96&d=mm&r=g","contentUrl":"https:\/\/secure.gravatar.com\/avatar\/50865afb55632c4ae467e0af0930f6510aa2297d8014be502a55b14f3b7550cf?s=96&d=mm&r=g","caption":"Tar\u0131k"},"sameAs":["http:\/\/narteks.net"],"url":"https:\/\/narteks.net\/index.php\/author\/narbak\/"}]}},"_links":{"self":[{"href":"https:\/\/narteks.net\/index.php\/wp-json\/wp\/v2\/posts\/1650","targetHints":{"allow":["GET"]}}],"collection":[{"href":"https:\/\/narteks.net\/index.php\/wp-json\/wp\/v2\/posts"}],"about":[{"href":"https:\/\/narteks.net\/index.php\/wp-json\/wp\/v2\/types\/post"}],"author":[{"embeddable":true,"href":"https:\/\/narteks.net\/index.php\/wp-json\/wp\/v2\/users\/1"}],"replies":[{"embeddable":true,"href":"https:\/\/narteks.net\/index.php\/wp-json\/wp\/v2\/comments?post=1650"}],"version-history":[{"count":0,"href":"https:\/\/narteks.net\/index.php\/wp-json\/wp\/v2\/posts\/1650\/revisions"}],"wp:attachment":[{"href":"https:\/\/narteks.net\/index.php\/wp-json\/wp\/v2\/media?parent=1650"}],"wp:term":[{"taxonomy":"category","embeddable":true,"href":"https:\/\/narteks.net\/index.php\/wp-json\/wp\/v2\/categories?post=1650"},{"taxonomy":"post_tag","embeddable":true,"href":"https:\/\/narteks.net\/index.php\/wp-json\/wp\/v2\/tags?post=1650"}],"curies":[{"name":"wp","href":"https:\/\/api.w.org\/{rel}","templated":true}]}}