{"id":1651,"date":"2009-12-02T13:41:38","date_gmt":"2009-12-02T10:41:38","guid":{"rendered":"http:\/\/localhost\/wordpress\/2009\/12\/02\/sahne-i-omrumden-nefs-i-emmareye-hitabim\/"},"modified":"2009-12-02T13:41:38","modified_gmt":"2009-12-02T10:41:38","slug":"sahne-i-omrumden-nefs-i-emmareye-hitabim","status":"publish","type":"post","link":"https:\/\/narteks.net\/index.php\/2009\/12\/02\/sahne-i-omrumden-nefs-i-emmareye-hitabim\/","title":{"rendered":"SAHNE-I \u00d6MR\u00dcMDEN NEFS-I EMMAREYE H\u0130T\u00c2BIM !"},"content":{"rendered":"<p>\u00a0<\/p>\n<p>Alemin ba\u011f\u0131z\u00e2r\u0131n\u0131 &#8230;.yim,<br \/>S\u00fcnb\u00fcl-\u00fc verd-\u00fc h\u00e2r\u0131n\u0131 &#8230;.yim,<br \/>Andelib-i niz\u00e2r\u0131n\u0131 &#8230;.yim,<br \/>Has\u0131l\u0131 nevb\u00e2har\u0131n\u0131 &#8230;.yim!<\/p>\n<p>Bana yoktur, l\u00fczumu g\u00fcl\u015feninin,<br \/>\u015eeb-i tarik-\u00fc r\u00fbz-\u0131 r\u00fb\u2019 \u015feninin,<br \/>Ne g\u00fcl\u00e2man\u0131n, ne de zeninin,<br \/>Hepsinin t\u00e2 mezar\u0131n\u0131 &#8230;.yim!<\/p>\n<p>A\u011flamam ben, ben erke\u011fim erkek,<br \/>Hayli g\u00fc\u00e7t\u00fcr bana cef\u00e2 etmek,<br \/>Minnet bu \u00f6mr\u00fc de be felek,<br \/>At\u0131n\u0131 al t\u0131mar\u0131n\u0131 &#8230;.yim!<\/p>\n<p>G\u00fc\u00e7\u00e7edir bu fakiyi aldatmak,<br \/>Y\u00fczd\u00fcr\u00fcp sonra k\u00fcnteden atmak,<br \/>G\u00f6z\u00fcn\u00fc a\u00e7 da sen bana bir bak,<br \/>Ben senin i\u2019tib\u00e2r\u0131n\u0131 &#8230;.yim!<\/p>\n<p>S\u00e2k\u0131y-i m\u00e2h-r\u00fby\u0131na &#8230;.y\u0131m,<br \/>G\u00fcl\u00fcn\u00fcn reng-\u00fc b\u00fbyuna &#8230;.y\u0131m,<br \/>Mutribin h\u00e2y-u h\u00fbyuna &#8230;.y\u0131m,<br \/>S\u00e2gar-\u0131 ne\u015fved\u00e2r\u0131n\u0131 &#8230;.yim!<\/p>\n<p>Yok saf\u00e2s\u0131 hez\u00e2r-\u0131 dem-gerinin,<br \/>G\u00fcl-sitanda \u015f\u00fck\u00fbfe-i terinin,<br \/>Bezm-i sahba-y\u0131 r\u00fbh perverinin,<br \/>Ne\u015fvesile humar\u0131n\u0131 &#8230;.yim!<\/p>\n<p>Fele\u011fin u\u011frad\u0131msa vartas\u0131na,<br \/>&#8230;.y\u0131m a\u011fz\u0131n\u0131n tam ortas\u0131na;<br \/>Bunu yazs\u0131n cihan da hartas\u0131na;<br \/>K\u0131ta\u2019at-\u00fc bih\u00e2r\u0131n\u0131 &#8230;.yim!<\/p>\n<p>Neyzen TEVF\u0130K<\/p>\n<p>\u00c7ukur\u00e7e\u015fme \u2013 \u0130stanbul, 1317<\/p>\n","protected":false},"excerpt":{"rendered":"<p>\u00a0 Alemin ba\u011f\u0131z\u00e2r\u0131n\u0131 &#8230;.yim,S\u00fcnb\u00fcl-\u00fc verd-\u00fc h\u00e2r\u0131n\u0131 &#8230;.yim,Andelib-i niz\u00e2r\u0131n\u0131 &#8230;.yim,Has\u0131l\u0131 nevb\u00e2har\u0131n\u0131 &#8230;.yim! Bana yoktur, l\u00fczumu g\u00fcl\u015feninin,\u015eeb-i tarik-\u00fc r\u00fbz-\u0131 r\u00fb\u2019 \u015feninin,Ne g\u00fcl\u00e2man\u0131n, ne de zeninin,Hepsinin t\u00e2 mezar\u0131n\u0131 &#8230;.yim! A\u011flamam ben, ben erke\u011fim erkek,Hayli g\u00fc\u00e7t\u00fcr bana cef\u00e2 etmek,Minnet bu \u00f6mr\u00fc de be felek,At\u0131n\u0131 al t\u0131mar\u0131n\u0131 &#8230;.yim! G\u00fc\u00e7\u00e7edir bu fakiyi aldatmak,Y\u00fczd\u00fcr\u00fcp sonra k\u00fcnteden atmak,G\u00f6z\u00fcn\u00fc a\u00e7 da sen bana bir [&hellip;]<\/p>\n","protected":false},"author":1,"featured_media":0,"comment_status":"open","ping_status":"open","sticky":false,"template":"","format":"standard","meta":{"footnotes":""},"categories":[81],"tags":[],"class_list":{"0":"post-1651","1":"post","2":"type-post","3":"status-publish","4":"format-standard","6":"category-neyzen-tevfik"},"yoast_head":"<!-- This site is optimized with the Yoast SEO Premium plugin v24.9 (Yoast SEO v24.9) - https:\/\/yoast.com\/wordpress\/plugins\/seo\/ -->\n<title>SAHNE-I \u00d6MR\u00dcMDEN NEFS-I EMMAREYE H\u0130T\u00c2BIM ! - narteks.net<\/title>\n<meta name=\"robots\" content=\"index, follow, max-snippet:-1, max-image-preview:large, max-video-preview:-1\" \/>\n<link rel=\"canonical\" href=\"https:\/\/narteks.net\/index.php\/2009\/12\/02\/sahne-i-omrumden-nefs-i-emmareye-hitabim\/\" \/>\n<meta property=\"og:locale\" content=\"tr_TR\" \/>\n<meta property=\"og:type\" content=\"article\" \/>\n<meta property=\"og:title\" content=\"SAHNE-I \u00d6MR\u00dcMDEN NEFS-I EMMAREYE H\u0130T\u00c2BIM !\" \/>\n<meta property=\"og:description\" content=\"\u00a0 Alemin ba\u011f\u0131z\u00e2r\u0131n\u0131 &#8230;.yim,S\u00fcnb\u00fcl-\u00fc verd-\u00fc h\u00e2r\u0131n\u0131 &#8230;.yim,Andelib-i niz\u00e2r\u0131n\u0131 &#8230;.yim,Has\u0131l\u0131 nevb\u00e2har\u0131n\u0131 &#8230;.yim! Bana yoktur, l\u00fczumu g\u00fcl\u015feninin,\u015eeb-i tarik-\u00fc r\u00fbz-\u0131 r\u00fb\u2019 \u015feninin,Ne g\u00fcl\u00e2man\u0131n, ne de zeninin,Hepsinin t\u00e2 mezar\u0131n\u0131 &#8230;.yim! A\u011flamam ben, ben erke\u011fim erkek,Hayli g\u00fc\u00e7t\u00fcr bana cef\u00e2 etmek,Minnet bu \u00f6mr\u00fc de be felek,At\u0131n\u0131 al t\u0131mar\u0131n\u0131 &#8230;.yim! G\u00fc\u00e7\u00e7edir bu fakiyi aldatmak,Y\u00fczd\u00fcr\u00fcp sonra k\u00fcnteden atmak,G\u00f6z\u00fcn\u00fc a\u00e7 da sen bana bir [&hellip;]\" \/>\n<meta property=\"og:url\" content=\"https:\/\/narteks.net\/index.php\/2009\/12\/02\/sahne-i-omrumden-nefs-i-emmareye-hitabim\/\" \/>\n<meta property=\"og:site_name\" content=\"narteks.net\" \/>\n<meta property=\"article:published_time\" content=\"2009-12-02T10:41:38+00:00\" \/>\n<meta property=\"og:image\" content=\"https:\/\/narteks.net\/wp-content\/uploads\/narteks.png\" \/>\n\t<meta property=\"og:image:width\" content=\"300\" \/>\n\t<meta property=\"og:image:height\" content=\"90\" \/>\n\t<meta property=\"og:image:type\" content=\"image\/png\" \/>\n<meta name=\"author\" content=\"Tar\u0131k\" \/>\n<meta name=\"twitter:card\" content=\"summary_large_image\" \/>\n<meta name=\"twitter:creator\" content=\"@narteks\" \/>\n<meta name=\"twitter:site\" content=\"@narteks\" \/>\n<meta name=\"twitter:label1\" content=\"Yazan:\" \/>\n\t<meta name=\"twitter:data1\" content=\"Tar\u0131k\" \/>\n\t<meta name=\"twitter:label2\" content=\"Tahmini okuma s\u00fcresi\" \/>\n\t<meta name=\"twitter:data2\" content=\"1 dakika\" \/>\n<script type=\"application\/ld+json\" class=\"yoast-schema-graph\">{\"@context\":\"https:\/\/schema.org\",\"@graph\":[{\"@type\":\"Article\",\"@id\":\"https:\/\/narteks.net\/index.php\/2009\/12\/02\/sahne-i-omrumden-nefs-i-emmareye-hitabim\/#article\",\"isPartOf\":{\"@id\":\"https:\/\/narteks.net\/index.php\/2009\/12\/02\/sahne-i-omrumden-nefs-i-emmareye-hitabim\/\"},\"author\":{\"name\":\"Tar\u0131k\",\"@id\":\"https:\/\/narteks.net\/#\/schema\/person\/61f37d9834294b72d31d274e7ed79bca\"},\"headline\":\"SAHNE-I \u00d6MR\u00dcMDEN NEFS-I EMMAREYE H\u0130T\u00c2BIM !\",\"datePublished\":\"2009-12-02T10:41:38+00:00\",\"mainEntityOfPage\":{\"@id\":\"https:\/\/narteks.net\/index.php\/2009\/12\/02\/sahne-i-omrumden-nefs-i-emmareye-hitabim\/\"},\"wordCount\":205,\"commentCount\":0,\"publisher\":{\"@id\":\"https:\/\/narteks.net\/#organization\"},\"articleSection\":[\"Neyzen TEVF\u0130K\"],\"inLanguage\":\"tr\",\"potentialAction\":[{\"@type\":\"CommentAction\",\"name\":\"Comment\",\"target\":[\"https:\/\/narteks.net\/index.php\/2009\/12\/02\/sahne-i-omrumden-nefs-i-emmareye-hitabim\/#respond\"]}]},{\"@type\":\"WebPage\",\"@id\":\"https:\/\/narteks.net\/index.php\/2009\/12\/02\/sahne-i-omrumden-nefs-i-emmareye-hitabim\/\",\"url\":\"https:\/\/narteks.net\/index.php\/2009\/12\/02\/sahne-i-omrumden-nefs-i-emmareye-hitabim\/\",\"name\":\"SAHNE-I \u00d6MR\u00dcMDEN NEFS-I EMMAREYE H\u0130T\u00c2BIM ! - narteks.net\",\"isPartOf\":{\"@id\":\"https:\/\/narteks.net\/#website\"},\"datePublished\":\"2009-12-02T10:41:38+00:00\",\"breadcrumb\":{\"@id\":\"https:\/\/narteks.net\/index.php\/2009\/12\/02\/sahne-i-omrumden-nefs-i-emmareye-hitabim\/#breadcrumb\"},\"inLanguage\":\"tr\",\"potentialAction\":[{\"@type\":\"ReadAction\",\"target\":[\"https:\/\/narteks.net\/index.php\/2009\/12\/02\/sahne-i-omrumden-nefs-i-emmareye-hitabim\/\"]}]},{\"@type\":\"BreadcrumbList\",\"@id\":\"https:\/\/narteks.net\/index.php\/2009\/12\/02\/sahne-i-omrumden-nefs-i-emmareye-hitabim\/#breadcrumb\",\"itemListElement\":[{\"@type\":\"ListItem\",\"position\":1,\"name\":\"Anasayfa\",\"item\":\"https:\/\/narteks.net\/\"},{\"@type\":\"ListItem\",\"position\":2,\"name\":\"SAHNE-I \u00d6MR\u00dcMDEN NEFS-I EMMAREYE H\u0130T\u00c2BIM !\"}]},{\"@type\":\"WebSite\",\"@id\":\"https:\/\/narteks.net\/#website\",\"url\":\"https:\/\/narteks.net\/\",\"name\":\"narteks.net\",\"description\":\"K\u00fclt\u00fcr Sanat Edebiyat Felsefe\",\"publisher\":{\"@id\":\"https:\/\/narteks.net\/#organization\"},\"alternateName\":\"K\u00fclt\u00fcr Sanat Edebiyat Felsefe\",\"potentialAction\":[{\"@type\":\"SearchAction\",\"target\":{\"@type\":\"EntryPoint\",\"urlTemplate\":\"https:\/\/narteks.net\/?s={search_term_string}\"},\"query-input\":{\"@type\":\"PropertyValueSpecification\",\"valueRequired\":true,\"valueName\":\"search_term_string\"}}],\"inLanguage\":\"tr\"},{\"@type\":\"Organization\",\"@id\":\"https:\/\/narteks.net\/#organization\",\"name\":\"narteks.net\",\"url\":\"https:\/\/narteks.net\/\",\"logo\":{\"@type\":\"ImageObject\",\"inLanguage\":\"tr\",\"@id\":\"https:\/\/narteks.net\/#\/schema\/logo\/image\/\",\"url\":\"https:\/\/narteks.net\/wp-content\/uploads\/narteks.png\",\"contentUrl\":\"https:\/\/narteks.net\/wp-content\/uploads\/narteks.png\",\"width\":300,\"height\":90,\"caption\":\"narteks.net\"},\"image\":{\"@id\":\"https:\/\/narteks.net\/#\/schema\/logo\/image\/\"},\"sameAs\":[\"https:\/\/x.com\/narteks\",\"https:\/\/instagram.com\/narteksnet\"]},{\"@type\":\"Person\",\"@id\":\"https:\/\/narteks.net\/#\/schema\/person\/61f37d9834294b72d31d274e7ed79bca\",\"name\":\"Tar\u0131k\",\"image\":{\"@type\":\"ImageObject\",\"inLanguage\":\"tr\",\"@id\":\"https:\/\/narteks.net\/#\/schema\/person\/image\/\",\"url\":\"https:\/\/secure.gravatar.com\/avatar\/50865afb55632c4ae467e0af0930f6510aa2297d8014be502a55b14f3b7550cf?s=96&d=mm&r=g\",\"contentUrl\":\"https:\/\/secure.gravatar.com\/avatar\/50865afb55632c4ae467e0af0930f6510aa2297d8014be502a55b14f3b7550cf?s=96&d=mm&r=g\",\"caption\":\"Tar\u0131k\"},\"sameAs\":[\"http:\/\/narteks.net\"],\"url\":\"https:\/\/narteks.net\/index.php\/author\/narbak\/\"}]}<\/script>\n<!-- \/ Yoast SEO Premium plugin. -->","yoast_head_json":{"title":"SAHNE-I \u00d6MR\u00dcMDEN NEFS-I EMMAREYE H\u0130T\u00c2BIM ! - narteks.net","robots":{"index":"index","follow":"follow","max-snippet":"max-snippet:-1","max-image-preview":"max-image-preview:large","max-video-preview":"max-video-preview:-1"},"canonical":"https:\/\/narteks.net\/index.php\/2009\/12\/02\/sahne-i-omrumden-nefs-i-emmareye-hitabim\/","og_locale":"tr_TR","og_type":"article","og_title":"SAHNE-I \u00d6MR\u00dcMDEN NEFS-I EMMAREYE H\u0130T\u00c2BIM !","og_description":"\u00a0 Alemin ba\u011f\u0131z\u00e2r\u0131n\u0131 &#8230;.yim,S\u00fcnb\u00fcl-\u00fc verd-\u00fc h\u00e2r\u0131n\u0131 &#8230;.yim,Andelib-i niz\u00e2r\u0131n\u0131 &#8230;.yim,Has\u0131l\u0131 nevb\u00e2har\u0131n\u0131 &#8230;.yim! Bana yoktur, l\u00fczumu g\u00fcl\u015feninin,\u015eeb-i tarik-\u00fc r\u00fbz-\u0131 r\u00fb\u2019 \u015feninin,Ne g\u00fcl\u00e2man\u0131n, ne de zeninin,Hepsinin t\u00e2 mezar\u0131n\u0131 &#8230;.yim! A\u011flamam ben, ben erke\u011fim erkek,Hayli g\u00fc\u00e7t\u00fcr bana cef\u00e2 etmek,Minnet bu \u00f6mr\u00fc de be felek,At\u0131n\u0131 al t\u0131mar\u0131n\u0131 &#8230;.yim! G\u00fc\u00e7\u00e7edir bu fakiyi aldatmak,Y\u00fczd\u00fcr\u00fcp sonra k\u00fcnteden atmak,G\u00f6z\u00fcn\u00fc a\u00e7 da sen bana bir [&hellip;]","og_url":"https:\/\/narteks.net\/index.php\/2009\/12\/02\/sahne-i-omrumden-nefs-i-emmareye-hitabim\/","og_site_name":"narteks.net","article_published_time":"2009-12-02T10:41:38+00:00","og_image":[{"width":300,"height":90,"url":"https:\/\/narteks.net\/wp-content\/uploads\/narteks.png","type":"image\/png"}],"author":"Tar\u0131k","twitter_card":"summary_large_image","twitter_creator":"@narteks","twitter_site":"@narteks","twitter_misc":{"Yazan:":"Tar\u0131k","Tahmini okuma s\u00fcresi":"1 dakika"},"schema":{"@context":"https:\/\/schema.org","@graph":[{"@type":"Article","@id":"https:\/\/narteks.net\/index.php\/2009\/12\/02\/sahne-i-omrumden-nefs-i-emmareye-hitabim\/#article","isPartOf":{"@id":"https:\/\/narteks.net\/index.php\/2009\/12\/02\/sahne-i-omrumden-nefs-i-emmareye-hitabim\/"},"author":{"name":"Tar\u0131k","@id":"https:\/\/narteks.net\/#\/schema\/person\/61f37d9834294b72d31d274e7ed79bca"},"headline":"SAHNE-I \u00d6MR\u00dcMDEN NEFS-I EMMAREYE H\u0130T\u00c2BIM !","datePublished":"2009-12-02T10:41:38+00:00","mainEntityOfPage":{"@id":"https:\/\/narteks.net\/index.php\/2009\/12\/02\/sahne-i-omrumden-nefs-i-emmareye-hitabim\/"},"wordCount":205,"commentCount":0,"publisher":{"@id":"https:\/\/narteks.net\/#organization"},"articleSection":["Neyzen TEVF\u0130K"],"inLanguage":"tr","potentialAction":[{"@type":"CommentAction","name":"Comment","target":["https:\/\/narteks.net\/index.php\/2009\/12\/02\/sahne-i-omrumden-nefs-i-emmareye-hitabim\/#respond"]}]},{"@type":"WebPage","@id":"https:\/\/narteks.net\/index.php\/2009\/12\/02\/sahne-i-omrumden-nefs-i-emmareye-hitabim\/","url":"https:\/\/narteks.net\/index.php\/2009\/12\/02\/sahne-i-omrumden-nefs-i-emmareye-hitabim\/","name":"SAHNE-I \u00d6MR\u00dcMDEN NEFS-I EMMAREYE H\u0130T\u00c2BIM ! - narteks.net","isPartOf":{"@id":"https:\/\/narteks.net\/#website"},"datePublished":"2009-12-02T10:41:38+00:00","breadcrumb":{"@id":"https:\/\/narteks.net\/index.php\/2009\/12\/02\/sahne-i-omrumden-nefs-i-emmareye-hitabim\/#breadcrumb"},"inLanguage":"tr","potentialAction":[{"@type":"ReadAction","target":["https:\/\/narteks.net\/index.php\/2009\/12\/02\/sahne-i-omrumden-nefs-i-emmareye-hitabim\/"]}]},{"@type":"BreadcrumbList","@id":"https:\/\/narteks.net\/index.php\/2009\/12\/02\/sahne-i-omrumden-nefs-i-emmareye-hitabim\/#breadcrumb","itemListElement":[{"@type":"ListItem","position":1,"name":"Anasayfa","item":"https:\/\/narteks.net\/"},{"@type":"ListItem","position":2,"name":"SAHNE-I \u00d6MR\u00dcMDEN NEFS-I EMMAREYE H\u0130T\u00c2BIM !"}]},{"@type":"WebSite","@id":"https:\/\/narteks.net\/#website","url":"https:\/\/narteks.net\/","name":"narteks.net","description":"K\u00fclt\u00fcr Sanat Edebiyat Felsefe","publisher":{"@id":"https:\/\/narteks.net\/#organization"},"alternateName":"K\u00fclt\u00fcr Sanat Edebiyat Felsefe","potentialAction":[{"@type":"SearchAction","target":{"@type":"EntryPoint","urlTemplate":"https:\/\/narteks.net\/?s={search_term_string}"},"query-input":{"@type":"PropertyValueSpecification","valueRequired":true,"valueName":"search_term_string"}}],"inLanguage":"tr"},{"@type":"Organization","@id":"https:\/\/narteks.net\/#organization","name":"narteks.net","url":"https:\/\/narteks.net\/","logo":{"@type":"ImageObject","inLanguage":"tr","@id":"https:\/\/narteks.net\/#\/schema\/logo\/image\/","url":"https:\/\/narteks.net\/wp-content\/uploads\/narteks.png","contentUrl":"https:\/\/narteks.net\/wp-content\/uploads\/narteks.png","width":300,"height":90,"caption":"narteks.net"},"image":{"@id":"https:\/\/narteks.net\/#\/schema\/logo\/image\/"},"sameAs":["https:\/\/x.com\/narteks","https:\/\/instagram.com\/narteksnet"]},{"@type":"Person","@id":"https:\/\/narteks.net\/#\/schema\/person\/61f37d9834294b72d31d274e7ed79bca","name":"Tar\u0131k","image":{"@type":"ImageObject","inLanguage":"tr","@id":"https:\/\/narteks.net\/#\/schema\/person\/image\/","url":"https:\/\/secure.gravatar.com\/avatar\/50865afb55632c4ae467e0af0930f6510aa2297d8014be502a55b14f3b7550cf?s=96&d=mm&r=g","contentUrl":"https:\/\/secure.gravatar.com\/avatar\/50865afb55632c4ae467e0af0930f6510aa2297d8014be502a55b14f3b7550cf?s=96&d=mm&r=g","caption":"Tar\u0131k"},"sameAs":["http:\/\/narteks.net"],"url":"https:\/\/narteks.net\/index.php\/author\/narbak\/"}]}},"_links":{"self":[{"href":"https:\/\/narteks.net\/index.php\/wp-json\/wp\/v2\/posts\/1651","targetHints":{"allow":["GET"]}}],"collection":[{"href":"https:\/\/narteks.net\/index.php\/wp-json\/wp\/v2\/posts"}],"about":[{"href":"https:\/\/narteks.net\/index.php\/wp-json\/wp\/v2\/types\/post"}],"author":[{"embeddable":true,"href":"https:\/\/narteks.net\/index.php\/wp-json\/wp\/v2\/users\/1"}],"replies":[{"embeddable":true,"href":"https:\/\/narteks.net\/index.php\/wp-json\/wp\/v2\/comments?post=1651"}],"version-history":[{"count":0,"href":"https:\/\/narteks.net\/index.php\/wp-json\/wp\/v2\/posts\/1651\/revisions"}],"wp:attachment":[{"href":"https:\/\/narteks.net\/index.php\/wp-json\/wp\/v2\/media?parent=1651"}],"wp:term":[{"taxonomy":"category","embeddable":true,"href":"https:\/\/narteks.net\/index.php\/wp-json\/wp\/v2\/categories?post=1651"},{"taxonomy":"post_tag","embeddable":true,"href":"https:\/\/narteks.net\/index.php\/wp-json\/wp\/v2\/tags?post=1651"}],"curies":[{"name":"wp","href":"https:\/\/api.w.org\/{rel}","templated":true}]}}