{"id":1652,"date":"2009-12-02T13:42:24","date_gmt":"2009-12-02T10:42:24","guid":{"rendered":"http:\/\/localhost\/wordpress\/2009\/12\/02\/iskelet\/"},"modified":"2009-12-02T13:42:24","modified_gmt":"2009-12-02T10:42:24","slug":"iskelet","status":"publish","type":"post","link":"https:\/\/narteks.net\/index.php\/2009\/12\/02\/iskelet\/","title":{"rendered":"\u0130SKELET"},"content":{"rendered":"<p>\u00a0<\/p>\n<p>Sen, ey tarih-i millet, ey \u015feh\u00e2detn\u00e2me-i ecd\u00e2d,<br \/>Haber ver b\u00f6yle g\u00fcnlerde, ederdin kimden istimd\u00e2d?<\/p>\n<p>Uyan bir kerre bak m\u00fclke sen ey p\u00fcr\u015f\u00e2n olan mazi,<br \/>Y\u0131k\u0131ld\u0131 \u00fcst\u00fcne halin \u015fu kanl\u0131 kirli enkaz\u0131.<\/p>\n<p>\u015eu binlerce zin\u00e2-z\u00e2de vatan b\u00e2zi\u00e7e olmu\u015ftur.<br \/>Ocak\u2019 lardan es\u00e2s-\u0131 devlete kundak konulmu\u015ftur.<\/p>\n<p>Sunuldu millete zehr\u00e2b-\u0131 \u015fer c\u00e2m-\u0131 ceh\u00e2letle,<br \/>Yed-i \u0130blis\u2019i b\u00fbs etti e\u015fekler h\u00fcsn-i niyyetle.<\/p>\n<p>M\u00fcletevvestir bug\u00fcn c\u00fcmle devair siyn-\u00fc zilletle,<br \/>Yaz\u0131lm\u0131\u015ft\u0131r vuk\u00fbat-\u0131 ahire hun-\u0131 milletle.<\/p>\n<p>Nez\u00e2retler, ir\u00e2detler verildi usta Cavid\u2019 e.<br \/>O demde ba\u015flad\u0131 ayl\u0131klar\u0131 ehlince tezy\u00eede.<\/p>\n<p>Uyup her d\u00e2ire kanuna \u00e7evrildi f\u0131r\u0131ld\u0131klar,<br \/>Us\u00fbl-i darb\u0131 tuttu Meclis-i Milli\u2019 de yardaklar.<\/p>\n<p>\u00c7\u0131k\u0131p k\u00fcrsi-i istikr\u00e2za ke\u015fk\u00fbl dest-i devlette,<br \/>Bey\u00e2n-\u0131 nutkeden bir cenfed\u00e2d\u0131r r\u00e2h-\u0131 millete.<\/p>\n<p>Davul boynunda halk\u0131n, parsay\u0131 bir ka\u00e7 \u015fak\u0131y toplar,<br \/>Ki onlar da Cem\u00e2l, Enver ile Tal\u2019\u00e2t gibi hoplar.<\/p>\n<p>Ka\u00e7arlar, d\u00eededen olmak nih\u00e2n onlarca bir \u015fey mi?<br \/>Vatan u\u011frunda tebdil-i mek\u00e2n onlarca bir \u015fey mi?<\/p>\n<p>Sadedden \u00e7\u0131kt\u0131m amma h\u00e2t\u0131ra bir f\u0131kra gelmi\u015ftir,<br \/>E\u011fer tasdi\u2019 edersem de ge\u00e7ilmez, \u00e7\u00fcnk\u00fc pek n\u00e2dir.<\/p>\n<p>Var imi\u015f \u00e7ingenede bir ay\u0131, bir de maymun,<br \/>Oynat\u0131r bunlar\u0131 g\u00fcnd\u00fcz \u00fc\u00e7\u00fc birden memnun.<\/p>\n<p>Olarak avdet ederler ah\u0131ra her ak\u015fam,<br \/>Gel, yo\u011furtsuz durmazm\u0131\u015f, ac\u0131k\u0131rm\u0131\u015f bu a\u011fam.<\/p>\n<p>Yolda bir k\u00e2se yo\u011furdu alarak saklarm\u0131\u015f,<br \/>O \u00e7\u0131k\u0131nca d\u0131\u015far\u0131 maymun onu haklarm\u0131\u015f.<\/p>\n<p>Her ne artarsa dibinde ay\u0131n\u0131n \u00e7ehresine,<br \/>S\u00fcrerek hem \u00e7ekilirmi\u015f k\u00f6\u015fede h\u00fccresine.<\/p>\n<p>Kahveden vakti gelince \u00e7\u0131karak \u00e7ing\u00e2ne,<br \/>Uzan\u0131rm\u0131\u015f, ah\u0131ra do\u011fru, yo\u011furtla n\u00e2ne.<\/p>\n<p>Bir bakarm\u0131\u015f ki i\u00e7inde \u00e7ana\u011f\u0131n yeller eser,<br \/>Bu i\u015fi hangisinin yapt\u0131\u011f\u0131n\u0131 akl\u0131 keser;<\/p>\n<p>\u00d6yle y\u00e2 i\u015fte na maymun, yat\u0131yor ba\u015fta yular,<br \/>A\u011fz\u0131n\u0131 burnunu durmaz \u00f6teki v\u00eera yalar.<\/p>\n<p>Yap\u0131\u015f\u0131rm\u0131\u015f sobaya \u00e7ingene i\u015fte o zaman,<br \/>Daya\u011f\u0131 yer ay\u0131 maymun k\u00f6\u015fede hande-k\u00fbn\u00e2n.<\/p>\n<p>\u015eu bir f\u0131kra, fakat insan i\u00e7in \u015fay\u00e2n-\u0131 ibrettir,<br \/>G\u00fcl\u00fcp de ge\u00e7me, tetkik et, tamamen bir hakiykattir.<\/p>\n<p>Adem \u2013 ab\u00e2d-\u0131 m\u00e2ziden gelir bir nevha-i efs\u00fcs,<br \/>S\u0131m\u00e2h-\u0131 millete \u00e7arpar, duyan kim? Mevce-i k\u00e2b\u00fbs.<\/p>\n<p>Bu halk\u0131n ruhunu, iz\u2019an\u0131n\u0131 bo\u011fmu\u015f ceh\u00e2letle,<br \/>\u00c7akal do\u011fmu\u015ftur aslandan be\u015fer \u015feklinde bir kitle.<\/p>\n<p>Kan\u0131nda kalmam\u0131\u015f, ecd\u00e2d\u0131n\u0131n a\u015f\u00e2r-\u0131 vicd\u00e2n\u0131,<br \/>Tak\u0131lm\u0131\u015f boynuna lavk-\u0131 es\u00e2ret, i\u015fte b\u00fcrhan\u0131.<\/p>\n<p>Ber\u00e2t-\u0131 acz-\u00fc zillet cephesinde hilkaten mest\u00fbr,<br \/>Nec\u00e2t-\u00fb fevz-\u00fc h\u00fcrriyyet, zafer indinde hep menf\u00fbr.<\/p>\n<p>Teredd\u00fcd g\u00f6zlerinde bi karar\u00eeye i\u015f\u00e2rettir,<br \/>S\u00f6z\u00fcnden tab\u2019-b\u00ee rengi n\u00fck\u00fble bir al\u00e2mettir.<\/p>\n<p>Ko\u015far ser-der hev\u00e2 her bir le\u00eemin m\u00e2ver\u00e2s\u0131ndan,<br \/>Nedir maksad sorulsa b\u00ee haberdir m\u00e2cer\u00e2s\u0131ndan.<\/p>\n<p>Ed\u00e2ninin elinde \u015ferre \u00e2let, hakk-\u0131 mazl\u00fbma,<br \/>Ocak\u2019larda t\u00fcner her dem m\u00fc\u015f\u00e2bih b\u00fbm-\u0131 me\u015f\u2019\u00fbma.<\/p>\n<p>Dilinde metu-i fetv\u00e2-y\u0131 cin\u00e2yet vird-i d\u00e2imdir,<br \/>Zul\u00fcmle kan ak\u0131tmak sanki din\u00ee bir mer\u00e2simdir.<\/p>\n<p>Bel\u00e2-y\u0131 kahr-u istibdada te\u015fne \u015fu\u2019lesiz g\u00f6zler,<br \/>O k\u00e2b\u00fbs-\u0131 gir\u00e2n\u0131 vuslat-\u0131 can\u00e2n gibi \u00f6zler.<\/p>\n<p>Ocak\u2019da and i\u00e7irmi\u015fler bu hun- lisan-\u0131 ma\u2019l\u00fcme,<br \/>Hep onlar \u00e2\u015fin\u00e2 Merkez\u2019 deki esr\u00e2r-\u0131 mekt\u00fbme.<\/p>\n<p>Bi\u00e7er elbette kendi ekti\u011fin herkes bu \u00e2lemde,<br \/>Bekaa yok s\u00fbr-\u0131 \u015f\u00e2d\u00eede ve n\u00e2\u015f\u00e2d\u00ee-i m\u00e2temde.<\/p>\n<p>Fakat kaanun-\u0131 hikmette budur \u015fer n\u00e2me-i defter;<br \/>Faz\u00eelet muhyi-i \u015f\u00e2d\u00ee, ceh\u00e2let m\u00e2teme m\u00fcncer.<\/p>\n<p>Es\u00e2s-\u0131 p\u00e2yd\u00e2ri-i vatan, devlet ad\u00e2lettir,<br \/>Maarif- ilm-\u00fc fen, san\u2019at, birer b\u00e2b-\u0131 sa\u2019adettir.<\/p>\n<p>Bel\u00e2-y\u0131 c\u00fb\u2019 ile end\u00ee\u015fe-i ferd\u00e2 sokaklardan,<br \/>Temess\u00fcl eylemi\u015f, \u015fekl-i ah\u00e2lide ge\u00e7er her an.<\/p>\n<p>B\u00fct\u00fcn g\u00fcn milleti ta\u2019kib eder bir div-i nevm\u00eed\u00ee,<br \/>Girer sakf-u cid\u00e2r\u0131ndan b\u00fcy\u00fbtun tayf-\u0131 tehdidi.<\/p>\n<p>Emeller t\u00ee\u015fe-i gamla kaz\u0131lm\u0131\u015f hufrede medf\u00fcn,<br \/>G\u00f6n\u00fcl k\u00fcsk\u00fcn, kararm\u0131\u015f d\u00eedeler, erb\u00e2b-\u0131 hak mesc\u00fbn.<\/p>\n<p>A\u00e7\u0131lm\u0131\u015f dest-i eyt\u00e2m-u er\u00e2mil ar\u015f-\u0131 Rahman\u2019a,<br \/>Kapanm\u0131\u015f perde-i bu zulmistan-\u0131 h\u00fcsr\u00e2na.<\/p>\n<p>\u015eik\u00e2yet var, meh\u00e2kim yok; maraz \u00e7oktur, dev\u00e2 mefk\u00fbd,<br \/>Bel\u00e2 \u00e7ok, def\u2019 eden yoktur, yanar belde, sular mesd\u00fbd.<\/p>\n<p>Giden gelmezse serhadde gelen de d\u00f6nmez elbette,<br \/>Fir\u00e2r etmi\u015fse askerden karar eyler \u015fakavette,<\/p>\n<p>Sadakat, h\u00fcsn-i hizmet hep m\u00fck\u00e2fata mukabildir.<br \/>G\u00fcler y\u00fcz, iltif\u00e2t, ihsan-u elt\u00e2fa muadildir.<\/p>\n<p>\u201cG\u00f6r\u00fcp ahk3am-\u0131 asr\u0131 m\u00fcnh\u00e2rif s\u0131dk-u sel\u00e2metten<br \/>\u00c7ekildim izzet-\u00fc ikb\u00e2l ile b\u00e2b-\u0131 h\u00fck\u00fbmetten.\u201d<\/p>\n<p>Deyen \u015fu D\u00e2h\u00ee-i \u00e2\u2019zam, reh\u00e2 peym\u00e2-y\u0131 millettir.<br \/>A\u00e7\u0131p tarihi kabristanda say ems\u00e2lini bir bir:<\/p>\n<p>Dayak, zindan, nefiy, gurbet, mez\u00e2lim, katl-u istibd\u00e2d.<br \/>Hakiykat ehline tatbiyk olunmak bizdedir mu\u2019tad<\/p>\n<p>Evet \u00fc\u00e7 be\u015f deni meyd\u00e2n-\u0131 idl\u00e2le at\u0131lm\u0131\u015ft\u0131r.<br \/>Hemen be\u015f on beyinsiz bu erac\u00eefe tak\u0131lm\u0131\u015ft\u0131r.<\/p>\n<p>Ceh\u00e2let perde-p\u00fb\u015f-i nazra-i idr\u00e2k-\u00fc isti\u2019dad.<br \/>Rezilet, s\u00e2lib-i \u015ferm-\u00fc hac\u00e2let her\u00e7ib\u00e2dab\u00e2d.<\/p>\n<p>\u00c2taletten uyu\u015fmu\u015f m\u00e2r-i serm\u00e2-dideye benzer,<br \/>Haz\u00eez-i meskenetten sem sa\u00e7ar bu mel\u2019anet g\u00f6ster.<\/p>\n<p>\u0130nanmaz ilme, takdire, kulak asmaz ted\u00e2bire,<br \/>Pes-\u00fc bel\u00e2s\u0131n\u0131 g\u00f6rmek gelir g\u00fc\u00e7 \u00e7\u00fcnk\u00fc h\u0131nz\u00eere.<\/p>\n<p>\u015eu on y\u0131ll\u0131k id\u00e2re sarst\u0131 m\u00fclk\u00fc ta\u00e2 es\u00e2s\u0131ndan.<br \/>Anas\u0131r da vil\u00e2yetler gibi ayr\u0131lmada her an.<\/p>\n<p>A\u00e7\u0131ld\u0131 saf-be saf harb-\u00fc sefer h\u00e2ri\u00e7te, d\u00e2hilde,<br \/>Kuruldu heymeler merkezde, serhadde, men\u00e2zilde<\/p>\n<p>Vatan evl\u00e2d\u0131 \u00f6nce ba\u015fland\u0131 mahv-u i\u2019d\u00e2ma,<br \/>B\u00fcr\u00fcnd\u00fc serteser her yer seh\u00e2b-\u0131 zulm-\u00fc \u00e2l\u00e2ma.<\/p>\n<p>Zuh\u00fbra y\u00fcz tutunca bizdeki as\u00e2r-\u0131 izmihl\u00e2l,<br \/>G\u00f6r\u00fcld\u00fc ba\u015flar\u0131nda hepsinin sevd\u00e2-y\u0131 istikl\u00e2l<\/p>\n<p>Ceh\u00e2letten ser\u00eer-i h\u00e2kimiyyet \u00e7\u00f6kt\u00fc al\u00e7ald\u0131<br \/>Hul\u00e2sa m\u00fclk-\u00fc milletten kuru bir iskelet kald\u0131.<\/p>\n<p>Eski\u015fehir, 5\/2\/1335<\/p>\n<p>Neyzen TEVF\u0130K<\/p>\n","protected":false},"excerpt":{"rendered":"<p>\u00a0 Sen, ey tarih-i millet, ey \u015feh\u00e2detn\u00e2me-i ecd\u00e2d,Haber ver b\u00f6yle g\u00fcnlerde, ederdin kimden istimd\u00e2d? Uyan bir kerre bak m\u00fclke sen ey p\u00fcr\u015f\u00e2n olan mazi,Y\u0131k\u0131ld\u0131 \u00fcst\u00fcne halin \u015fu kanl\u0131 kirli enkaz\u0131. \u015eu binlerce zin\u00e2-z\u00e2de vatan b\u00e2zi\u00e7e olmu\u015ftur.Ocak\u2019 lardan es\u00e2s-\u0131 devlete kundak konulmu\u015ftur. Sunuldu millete zehr\u00e2b-\u0131 \u015fer c\u00e2m-\u0131 ceh\u00e2letle,Yed-i \u0130blis\u2019i b\u00fbs etti e\u015fekler h\u00fcsn-i niyyetle. M\u00fcletevvestir bug\u00fcn [&hellip;]<\/p>\n","protected":false},"author":1,"featured_media":0,"comment_status":"open","ping_status":"open","sticky":false,"template":"","format":"standard","meta":{"footnotes":""},"categories":[81],"tags":[],"class_list":{"0":"post-1652","1":"post","2":"type-post","3":"status-publish","4":"format-standard","6":"category-neyzen-tevfik"},"yoast_head":"<!-- This site is optimized with the Yoast SEO Premium plugin v24.9 (Yoast SEO v24.9) - https:\/\/yoast.com\/wordpress\/plugins\/seo\/ -->\n<title>\u0130SKELET - narteks.net<\/title>\n<meta name=\"robots\" content=\"index, follow, max-snippet:-1, max-image-preview:large, max-video-preview:-1\" \/>\n<link rel=\"canonical\" href=\"https:\/\/narteks.net\/index.php\/2009\/12\/02\/iskelet\/\" \/>\n<meta property=\"og:locale\" content=\"tr_TR\" \/>\n<meta property=\"og:type\" content=\"article\" \/>\n<meta property=\"og:title\" content=\"\u0130SKELET\" \/>\n<meta property=\"og:description\" content=\"\u00a0 Sen, ey tarih-i millet, ey \u015feh\u00e2detn\u00e2me-i ecd\u00e2d,Haber ver b\u00f6yle g\u00fcnlerde, ederdin kimden istimd\u00e2d? Uyan bir kerre bak m\u00fclke sen ey p\u00fcr\u015f\u00e2n olan mazi,Y\u0131k\u0131ld\u0131 \u00fcst\u00fcne halin \u015fu kanl\u0131 kirli enkaz\u0131. \u015eu binlerce zin\u00e2-z\u00e2de vatan b\u00e2zi\u00e7e olmu\u015ftur.Ocak\u2019 lardan es\u00e2s-\u0131 devlete kundak konulmu\u015ftur. Sunuldu millete zehr\u00e2b-\u0131 \u015fer c\u00e2m-\u0131 ceh\u00e2letle,Yed-i \u0130blis\u2019i b\u00fbs etti e\u015fekler h\u00fcsn-i niyyetle. M\u00fcletevvestir bug\u00fcn [&hellip;]\" \/>\n<meta property=\"og:url\" content=\"https:\/\/narteks.net\/index.php\/2009\/12\/02\/iskelet\/\" \/>\n<meta property=\"og:site_name\" content=\"narteks.net\" \/>\n<meta property=\"article:published_time\" content=\"2009-12-02T10:42:24+00:00\" \/>\n<meta property=\"og:image\" content=\"https:\/\/narteks.net\/wp-content\/uploads\/narteks.png\" \/>\n\t<meta property=\"og:image:width\" content=\"300\" \/>\n\t<meta property=\"og:image:height\" content=\"90\" \/>\n\t<meta property=\"og:image:type\" content=\"image\/png\" \/>\n<meta name=\"author\" content=\"Tar\u0131k\" \/>\n<meta name=\"twitter:card\" content=\"summary_large_image\" \/>\n<meta name=\"twitter:creator\" content=\"@narteks\" \/>\n<meta name=\"twitter:site\" content=\"@narteks\" \/>\n<meta name=\"twitter:label1\" content=\"Yazan:\" \/>\n\t<meta name=\"twitter:data1\" content=\"Tar\u0131k\" \/>\n\t<meta name=\"twitter:label2\" content=\"Tahmini okuma s\u00fcresi\" \/>\n\t<meta name=\"twitter:data2\" content=\"5 dakika\" \/>\n<script type=\"application\/ld+json\" class=\"yoast-schema-graph\">{\"@context\":\"https:\/\/schema.org\",\"@graph\":[{\"@type\":\"Article\",\"@id\":\"https:\/\/narteks.net\/index.php\/2009\/12\/02\/iskelet\/#article\",\"isPartOf\":{\"@id\":\"https:\/\/narteks.net\/index.php\/2009\/12\/02\/iskelet\/\"},\"author\":{\"name\":\"Tar\u0131k\",\"@id\":\"https:\/\/narteks.net\/#\/schema\/person\/61f37d9834294b72d31d274e7ed79bca\"},\"headline\":\"\u0130SKELET\",\"datePublished\":\"2009-12-02T10:42:24+00:00\",\"mainEntityOfPage\":{\"@id\":\"https:\/\/narteks.net\/index.php\/2009\/12\/02\/iskelet\/\"},\"wordCount\":1023,\"commentCount\":0,\"publisher\":{\"@id\":\"https:\/\/narteks.net\/#organization\"},\"articleSection\":[\"Neyzen TEVF\u0130K\"],\"inLanguage\":\"tr\",\"potentialAction\":[{\"@type\":\"CommentAction\",\"name\":\"Comment\",\"target\":[\"https:\/\/narteks.net\/index.php\/2009\/12\/02\/iskelet\/#respond\"]}]},{\"@type\":\"WebPage\",\"@id\":\"https:\/\/narteks.net\/index.php\/2009\/12\/02\/iskelet\/\",\"url\":\"https:\/\/narteks.net\/index.php\/2009\/12\/02\/iskelet\/\",\"name\":\"\u0130SKELET - narteks.net\",\"isPartOf\":{\"@id\":\"https:\/\/narteks.net\/#website\"},\"datePublished\":\"2009-12-02T10:42:24+00:00\",\"breadcrumb\":{\"@id\":\"https:\/\/narteks.net\/index.php\/2009\/12\/02\/iskelet\/#breadcrumb\"},\"inLanguage\":\"tr\",\"potentialAction\":[{\"@type\":\"ReadAction\",\"target\":[\"https:\/\/narteks.net\/index.php\/2009\/12\/02\/iskelet\/\"]}]},{\"@type\":\"BreadcrumbList\",\"@id\":\"https:\/\/narteks.net\/index.php\/2009\/12\/02\/iskelet\/#breadcrumb\",\"itemListElement\":[{\"@type\":\"ListItem\",\"position\":1,\"name\":\"Anasayfa\",\"item\":\"https:\/\/narteks.net\/\"},{\"@type\":\"ListItem\",\"position\":2,\"name\":\"\u0130SKELET\"}]},{\"@type\":\"WebSite\",\"@id\":\"https:\/\/narteks.net\/#website\",\"url\":\"https:\/\/narteks.net\/\",\"name\":\"narteks.net\",\"description\":\"K\u00fclt\u00fcr Sanat Edebiyat Felsefe\",\"publisher\":{\"@id\":\"https:\/\/narteks.net\/#organization\"},\"alternateName\":\"K\u00fclt\u00fcr Sanat Edebiyat Felsefe\",\"potentialAction\":[{\"@type\":\"SearchAction\",\"target\":{\"@type\":\"EntryPoint\",\"urlTemplate\":\"https:\/\/narteks.net\/?s={search_term_string}\"},\"query-input\":{\"@type\":\"PropertyValueSpecification\",\"valueRequired\":true,\"valueName\":\"search_term_string\"}}],\"inLanguage\":\"tr\"},{\"@type\":\"Organization\",\"@id\":\"https:\/\/narteks.net\/#organization\",\"name\":\"narteks.net\",\"url\":\"https:\/\/narteks.net\/\",\"logo\":{\"@type\":\"ImageObject\",\"inLanguage\":\"tr\",\"@id\":\"https:\/\/narteks.net\/#\/schema\/logo\/image\/\",\"url\":\"https:\/\/narteks.net\/wp-content\/uploads\/narteks.png\",\"contentUrl\":\"https:\/\/narteks.net\/wp-content\/uploads\/narteks.png\",\"width\":300,\"height\":90,\"caption\":\"narteks.net\"},\"image\":{\"@id\":\"https:\/\/narteks.net\/#\/schema\/logo\/image\/\"},\"sameAs\":[\"https:\/\/x.com\/narteks\",\"https:\/\/instagram.com\/narteksnet\"]},{\"@type\":\"Person\",\"@id\":\"https:\/\/narteks.net\/#\/schema\/person\/61f37d9834294b72d31d274e7ed79bca\",\"name\":\"Tar\u0131k\",\"image\":{\"@type\":\"ImageObject\",\"inLanguage\":\"tr\",\"@id\":\"https:\/\/narteks.net\/#\/schema\/person\/image\/\",\"url\":\"https:\/\/secure.gravatar.com\/avatar\/50865afb55632c4ae467e0af0930f6510aa2297d8014be502a55b14f3b7550cf?s=96&d=mm&r=g\",\"contentUrl\":\"https:\/\/secure.gravatar.com\/avatar\/50865afb55632c4ae467e0af0930f6510aa2297d8014be502a55b14f3b7550cf?s=96&d=mm&r=g\",\"caption\":\"Tar\u0131k\"},\"sameAs\":[\"http:\/\/narteks.net\"],\"url\":\"https:\/\/narteks.net\/index.php\/author\/narbak\/\"}]}<\/script>\n<!-- \/ Yoast SEO Premium plugin. -->","yoast_head_json":{"title":"\u0130SKELET - narteks.net","robots":{"index":"index","follow":"follow","max-snippet":"max-snippet:-1","max-image-preview":"max-image-preview:large","max-video-preview":"max-video-preview:-1"},"canonical":"https:\/\/narteks.net\/index.php\/2009\/12\/02\/iskelet\/","og_locale":"tr_TR","og_type":"article","og_title":"\u0130SKELET","og_description":"\u00a0 Sen, ey tarih-i millet, ey \u015feh\u00e2detn\u00e2me-i ecd\u00e2d,Haber ver b\u00f6yle g\u00fcnlerde, ederdin kimden istimd\u00e2d? Uyan bir kerre bak m\u00fclke sen ey p\u00fcr\u015f\u00e2n olan mazi,Y\u0131k\u0131ld\u0131 \u00fcst\u00fcne halin \u015fu kanl\u0131 kirli enkaz\u0131. \u015eu binlerce zin\u00e2-z\u00e2de vatan b\u00e2zi\u00e7e olmu\u015ftur.Ocak\u2019 lardan es\u00e2s-\u0131 devlete kundak konulmu\u015ftur. Sunuldu millete zehr\u00e2b-\u0131 \u015fer c\u00e2m-\u0131 ceh\u00e2letle,Yed-i \u0130blis\u2019i b\u00fbs etti e\u015fekler h\u00fcsn-i niyyetle. M\u00fcletevvestir bug\u00fcn [&hellip;]","og_url":"https:\/\/narteks.net\/index.php\/2009\/12\/02\/iskelet\/","og_site_name":"narteks.net","article_published_time":"2009-12-02T10:42:24+00:00","og_image":[{"width":300,"height":90,"url":"https:\/\/narteks.net\/wp-content\/uploads\/narteks.png","type":"image\/png"}],"author":"Tar\u0131k","twitter_card":"summary_large_image","twitter_creator":"@narteks","twitter_site":"@narteks","twitter_misc":{"Yazan:":"Tar\u0131k","Tahmini okuma s\u00fcresi":"5 dakika"},"schema":{"@context":"https:\/\/schema.org","@graph":[{"@type":"Article","@id":"https:\/\/narteks.net\/index.php\/2009\/12\/02\/iskelet\/#article","isPartOf":{"@id":"https:\/\/narteks.net\/index.php\/2009\/12\/02\/iskelet\/"},"author":{"name":"Tar\u0131k","@id":"https:\/\/narteks.net\/#\/schema\/person\/61f37d9834294b72d31d274e7ed79bca"},"headline":"\u0130SKELET","datePublished":"2009-12-02T10:42:24+00:00","mainEntityOfPage":{"@id":"https:\/\/narteks.net\/index.php\/2009\/12\/02\/iskelet\/"},"wordCount":1023,"commentCount":0,"publisher":{"@id":"https:\/\/narteks.net\/#organization"},"articleSection":["Neyzen TEVF\u0130K"],"inLanguage":"tr","potentialAction":[{"@type":"CommentAction","name":"Comment","target":["https:\/\/narteks.net\/index.php\/2009\/12\/02\/iskelet\/#respond"]}]},{"@type":"WebPage","@id":"https:\/\/narteks.net\/index.php\/2009\/12\/02\/iskelet\/","url":"https:\/\/narteks.net\/index.php\/2009\/12\/02\/iskelet\/","name":"\u0130SKELET - narteks.net","isPartOf":{"@id":"https:\/\/narteks.net\/#website"},"datePublished":"2009-12-02T10:42:24+00:00","breadcrumb":{"@id":"https:\/\/narteks.net\/index.php\/2009\/12\/02\/iskelet\/#breadcrumb"},"inLanguage":"tr","potentialAction":[{"@type":"ReadAction","target":["https:\/\/narteks.net\/index.php\/2009\/12\/02\/iskelet\/"]}]},{"@type":"BreadcrumbList","@id":"https:\/\/narteks.net\/index.php\/2009\/12\/02\/iskelet\/#breadcrumb","itemListElement":[{"@type":"ListItem","position":1,"name":"Anasayfa","item":"https:\/\/narteks.net\/"},{"@type":"ListItem","position":2,"name":"\u0130SKELET"}]},{"@type":"WebSite","@id":"https:\/\/narteks.net\/#website","url":"https:\/\/narteks.net\/","name":"narteks.net","description":"K\u00fclt\u00fcr Sanat Edebiyat Felsefe","publisher":{"@id":"https:\/\/narteks.net\/#organization"},"alternateName":"K\u00fclt\u00fcr Sanat Edebiyat Felsefe","potentialAction":[{"@type":"SearchAction","target":{"@type":"EntryPoint","urlTemplate":"https:\/\/narteks.net\/?s={search_term_string}"},"query-input":{"@type":"PropertyValueSpecification","valueRequired":true,"valueName":"search_term_string"}}],"inLanguage":"tr"},{"@type":"Organization","@id":"https:\/\/narteks.net\/#organization","name":"narteks.net","url":"https:\/\/narteks.net\/","logo":{"@type":"ImageObject","inLanguage":"tr","@id":"https:\/\/narteks.net\/#\/schema\/logo\/image\/","url":"https:\/\/narteks.net\/wp-content\/uploads\/narteks.png","contentUrl":"https:\/\/narteks.net\/wp-content\/uploads\/narteks.png","width":300,"height":90,"caption":"narteks.net"},"image":{"@id":"https:\/\/narteks.net\/#\/schema\/logo\/image\/"},"sameAs":["https:\/\/x.com\/narteks","https:\/\/instagram.com\/narteksnet"]},{"@type":"Person","@id":"https:\/\/narteks.net\/#\/schema\/person\/61f37d9834294b72d31d274e7ed79bca","name":"Tar\u0131k","image":{"@type":"ImageObject","inLanguage":"tr","@id":"https:\/\/narteks.net\/#\/schema\/person\/image\/","url":"https:\/\/secure.gravatar.com\/avatar\/50865afb55632c4ae467e0af0930f6510aa2297d8014be502a55b14f3b7550cf?s=96&d=mm&r=g","contentUrl":"https:\/\/secure.gravatar.com\/avatar\/50865afb55632c4ae467e0af0930f6510aa2297d8014be502a55b14f3b7550cf?s=96&d=mm&r=g","caption":"Tar\u0131k"},"sameAs":["http:\/\/narteks.net"],"url":"https:\/\/narteks.net\/index.php\/author\/narbak\/"}]}},"_links":{"self":[{"href":"https:\/\/narteks.net\/index.php\/wp-json\/wp\/v2\/posts\/1652","targetHints":{"allow":["GET"]}}],"collection":[{"href":"https:\/\/narteks.net\/index.php\/wp-json\/wp\/v2\/posts"}],"about":[{"href":"https:\/\/narteks.net\/index.php\/wp-json\/wp\/v2\/types\/post"}],"author":[{"embeddable":true,"href":"https:\/\/narteks.net\/index.php\/wp-json\/wp\/v2\/users\/1"}],"replies":[{"embeddable":true,"href":"https:\/\/narteks.net\/index.php\/wp-json\/wp\/v2\/comments?post=1652"}],"version-history":[{"count":0,"href":"https:\/\/narteks.net\/index.php\/wp-json\/wp\/v2\/posts\/1652\/revisions"}],"wp:attachment":[{"href":"https:\/\/narteks.net\/index.php\/wp-json\/wp\/v2\/media?parent=1652"}],"wp:term":[{"taxonomy":"category","embeddable":true,"href":"https:\/\/narteks.net\/index.php\/wp-json\/wp\/v2\/categories?post=1652"},{"taxonomy":"post_tag","embeddable":true,"href":"https:\/\/narteks.net\/index.php\/wp-json\/wp\/v2\/tags?post=1652"}],"curies":[{"name":"wp","href":"https:\/\/api.w.org\/{rel}","templated":true}]}}