{"id":1654,"date":"2009-12-02T13:43:49","date_gmt":"2009-12-02T10:43:49","guid":{"rendered":"http:\/\/localhost\/wordpress\/2009\/12\/02\/o-olmedi\/"},"modified":"2009-12-02T13:43:49","modified_gmt":"2009-12-02T10:43:49","slug":"o-olmedi","status":"publish","type":"post","link":"https:\/\/narteks.net\/index.php\/2009\/12\/02\/o-olmedi\/","title":{"rendered":"O \u00d6LMED\u0130!"},"content":{"rendered":"<p>\u00a0<\/p>\n<p>Tanr\u0131 \u00f6lmez, O dilerse g\u00f6r\u00fcn\u00fcr bir m\u00fcddet,<br \/>Kaybolunca O\u2019nu kalbinde bulur her millet.<\/p>\n<p>Biliyormu\u015f kaderin cilvesini evvelce,<br \/>B\u00fct\u00fcn ecr\u00e2m-\u0131 sem\u00e2 yasla b\u00fcr\u00fcnd\u00fc o gece.<\/p>\n<p>Yakla\u015fan bir ac\u0131 \u00f6nce g\u00fcne\u015fi korkuttu,<br \/>Ay tutuldu diyemem g\u00f6ky\u00fcz\u00fc m\u00e2tem tuttu.<\/p>\n<p>Ata ge\u00e7tin ebedin mevki-i m\u00fcstahkemine<br \/>Bir direktif veriyor arza, be\u015fer \u00e2lemine!<\/p>\n<p>Bize ilh\u00e2m ile is\u00e2l ediyor her haberi,<br \/>Ki O\u2019nun kudret-i k\u00fclliye, emirber neferi.<\/p>\n<p>Ba\u011flad\u0131 d\u00e2r-\u0131 fen\u00e2n\u0131n ebede telsizini,<br \/>G\u00fcdelim a\u00e7t\u0131\u011f\u0131 yollardan m\u00fcb\u00e2rek izini.<\/p>\n<p>Atat\u00fcrk\u2019 \u00fcn be\u015fere sundu\u011fu peym\u00e2n\u0131 budur:<br \/>Atat\u00fcrk\u2019 e inananlar er olur, sulhu korur!<\/p>\n<p>Beyo\u011flu, 1938<\/p>\n<p>Neyzen TEVF\u0130K<\/p>\n","protected":false},"excerpt":{"rendered":"<p>\u00a0 Tanr\u0131 \u00f6lmez, O dilerse g\u00f6r\u00fcn\u00fcr bir m\u00fcddet,Kaybolunca O\u2019nu kalbinde bulur her millet. Biliyormu\u015f kaderin cilvesini evvelce,B\u00fct\u00fcn ecr\u00e2m-\u0131 sem\u00e2 yasla b\u00fcr\u00fcnd\u00fc o gece. Yakla\u015fan bir ac\u0131 \u00f6nce g\u00fcne\u015fi korkuttu,Ay tutuldu diyemem g\u00f6ky\u00fcz\u00fc m\u00e2tem tuttu. Ata ge\u00e7tin ebedin mevki-i m\u00fcstahkemineBir direktif veriyor arza, be\u015fer \u00e2lemine! Bize ilh\u00e2m ile is\u00e2l ediyor her haberi,Ki O\u2019nun kudret-i k\u00fclliye, emirber [&hellip;]<\/p>\n","protected":false},"author":1,"featured_media":0,"comment_status":"open","ping_status":"open","sticky":false,"template":"","format":"standard","meta":{"footnotes":""},"categories":[81],"tags":[],"class_list":{"0":"post-1654","1":"post","2":"type-post","3":"status-publish","4":"format-standard","6":"category-neyzen-tevfik"},"yoast_head":"<!-- This site is optimized with the Yoast SEO Premium plugin v24.9 (Yoast SEO v24.9) - https:\/\/yoast.com\/wordpress\/plugins\/seo\/ -->\n<title>O \u00d6LMED\u0130! - narteks.net<\/title>\n<meta name=\"robots\" content=\"index, follow, max-snippet:-1, max-image-preview:large, max-video-preview:-1\" \/>\n<link rel=\"canonical\" href=\"https:\/\/narteks.net\/index.php\/2009\/12\/02\/o-olmedi\/\" \/>\n<meta property=\"og:locale\" content=\"tr_TR\" \/>\n<meta property=\"og:type\" content=\"article\" \/>\n<meta property=\"og:title\" content=\"O \u00d6LMED\u0130!\" \/>\n<meta property=\"og:description\" content=\"\u00a0 Tanr\u0131 \u00f6lmez, O dilerse g\u00f6r\u00fcn\u00fcr bir m\u00fcddet,Kaybolunca O\u2019nu kalbinde bulur her millet. Biliyormu\u015f kaderin cilvesini evvelce,B\u00fct\u00fcn ecr\u00e2m-\u0131 sem\u00e2 yasla b\u00fcr\u00fcnd\u00fc o gece. Yakla\u015fan bir ac\u0131 \u00f6nce g\u00fcne\u015fi korkuttu,Ay tutuldu diyemem g\u00f6ky\u00fcz\u00fc m\u00e2tem tuttu. Ata ge\u00e7tin ebedin mevki-i m\u00fcstahkemineBir direktif veriyor arza, be\u015fer \u00e2lemine! Bize ilh\u00e2m ile is\u00e2l ediyor her haberi,Ki O\u2019nun kudret-i k\u00fclliye, emirber [&hellip;]\" \/>\n<meta property=\"og:url\" content=\"https:\/\/narteks.net\/index.php\/2009\/12\/02\/o-olmedi\/\" \/>\n<meta property=\"og:site_name\" content=\"narteks.net\" \/>\n<meta property=\"article:published_time\" content=\"2009-12-02T10:43:49+00:00\" \/>\n<meta property=\"og:image\" content=\"https:\/\/narteks.net\/wp-content\/uploads\/narteks.png\" \/>\n\t<meta property=\"og:image:width\" content=\"300\" \/>\n\t<meta property=\"og:image:height\" content=\"90\" \/>\n\t<meta property=\"og:image:type\" content=\"image\/png\" \/>\n<meta name=\"author\" content=\"Tar\u0131k\" \/>\n<meta name=\"twitter:card\" content=\"summary_large_image\" \/>\n<meta name=\"twitter:creator\" content=\"@narteks\" \/>\n<meta name=\"twitter:site\" content=\"@narteks\" \/>\n<meta name=\"twitter:label1\" content=\"Yazan:\" \/>\n\t<meta name=\"twitter:data1\" content=\"Tar\u0131k\" \/>\n\t<meta name=\"twitter:label2\" content=\"Tahmini okuma s\u00fcresi\" \/>\n\t<meta name=\"twitter:data2\" content=\"1 dakika\" \/>\n<script type=\"application\/ld+json\" class=\"yoast-schema-graph\">{\"@context\":\"https:\/\/schema.org\",\"@graph\":[{\"@type\":\"Article\",\"@id\":\"https:\/\/narteks.net\/index.php\/2009\/12\/02\/o-olmedi\/#article\",\"isPartOf\":{\"@id\":\"https:\/\/narteks.net\/index.php\/2009\/12\/02\/o-olmedi\/\"},\"author\":{\"name\":\"Tar\u0131k\",\"@id\":\"https:\/\/narteks.net\/#\/schema\/person\/61f37d9834294b72d31d274e7ed79bca\"},\"headline\":\"O \u00d6LMED\u0130!\",\"datePublished\":\"2009-12-02T10:43:49+00:00\",\"mainEntityOfPage\":{\"@id\":\"https:\/\/narteks.net\/index.php\/2009\/12\/02\/o-olmedi\/\"},\"wordCount\":125,\"commentCount\":0,\"publisher\":{\"@id\":\"https:\/\/narteks.net\/#organization\"},\"articleSection\":[\"Neyzen TEVF\u0130K\"],\"inLanguage\":\"tr\",\"potentialAction\":[{\"@type\":\"CommentAction\",\"name\":\"Comment\",\"target\":[\"https:\/\/narteks.net\/index.php\/2009\/12\/02\/o-olmedi\/#respond\"]}]},{\"@type\":\"WebPage\",\"@id\":\"https:\/\/narteks.net\/index.php\/2009\/12\/02\/o-olmedi\/\",\"url\":\"https:\/\/narteks.net\/index.php\/2009\/12\/02\/o-olmedi\/\",\"name\":\"O \u00d6LMED\u0130! - narteks.net\",\"isPartOf\":{\"@id\":\"https:\/\/narteks.net\/#website\"},\"datePublished\":\"2009-12-02T10:43:49+00:00\",\"breadcrumb\":{\"@id\":\"https:\/\/narteks.net\/index.php\/2009\/12\/02\/o-olmedi\/#breadcrumb\"},\"inLanguage\":\"tr\",\"potentialAction\":[{\"@type\":\"ReadAction\",\"target\":[\"https:\/\/narteks.net\/index.php\/2009\/12\/02\/o-olmedi\/\"]}]},{\"@type\":\"BreadcrumbList\",\"@id\":\"https:\/\/narteks.net\/index.php\/2009\/12\/02\/o-olmedi\/#breadcrumb\",\"itemListElement\":[{\"@type\":\"ListItem\",\"position\":1,\"name\":\"Anasayfa\",\"item\":\"https:\/\/narteks.net\/\"},{\"@type\":\"ListItem\",\"position\":2,\"name\":\"O \u00d6LMED\u0130!\"}]},{\"@type\":\"WebSite\",\"@id\":\"https:\/\/narteks.net\/#website\",\"url\":\"https:\/\/narteks.net\/\",\"name\":\"narteks.net\",\"description\":\"K\u00fclt\u00fcr Sanat Edebiyat Felsefe\",\"publisher\":{\"@id\":\"https:\/\/narteks.net\/#organization\"},\"alternateName\":\"K\u00fclt\u00fcr Sanat Edebiyat Felsefe\",\"potentialAction\":[{\"@type\":\"SearchAction\",\"target\":{\"@type\":\"EntryPoint\",\"urlTemplate\":\"https:\/\/narteks.net\/?s={search_term_string}\"},\"query-input\":{\"@type\":\"PropertyValueSpecification\",\"valueRequired\":true,\"valueName\":\"search_term_string\"}}],\"inLanguage\":\"tr\"},{\"@type\":\"Organization\",\"@id\":\"https:\/\/narteks.net\/#organization\",\"name\":\"narteks.net\",\"url\":\"https:\/\/narteks.net\/\",\"logo\":{\"@type\":\"ImageObject\",\"inLanguage\":\"tr\",\"@id\":\"https:\/\/narteks.net\/#\/schema\/logo\/image\/\",\"url\":\"https:\/\/narteks.net\/wp-content\/uploads\/narteks.png\",\"contentUrl\":\"https:\/\/narteks.net\/wp-content\/uploads\/narteks.png\",\"width\":300,\"height\":90,\"caption\":\"narteks.net\"},\"image\":{\"@id\":\"https:\/\/narteks.net\/#\/schema\/logo\/image\/\"},\"sameAs\":[\"https:\/\/x.com\/narteks\",\"https:\/\/instagram.com\/narteksnet\"]},{\"@type\":\"Person\",\"@id\":\"https:\/\/narteks.net\/#\/schema\/person\/61f37d9834294b72d31d274e7ed79bca\",\"name\":\"Tar\u0131k\",\"image\":{\"@type\":\"ImageObject\",\"inLanguage\":\"tr\",\"@id\":\"https:\/\/narteks.net\/#\/schema\/person\/image\/\",\"url\":\"https:\/\/secure.gravatar.com\/avatar\/50865afb55632c4ae467e0af0930f6510aa2297d8014be502a55b14f3b7550cf?s=96&d=mm&r=g\",\"contentUrl\":\"https:\/\/secure.gravatar.com\/avatar\/50865afb55632c4ae467e0af0930f6510aa2297d8014be502a55b14f3b7550cf?s=96&d=mm&r=g\",\"caption\":\"Tar\u0131k\"},\"sameAs\":[\"http:\/\/narteks.net\"],\"url\":\"https:\/\/narteks.net\/index.php\/author\/narbak\/\"}]}<\/script>\n<!-- \/ Yoast SEO Premium plugin. -->","yoast_head_json":{"title":"O \u00d6LMED\u0130! - narteks.net","robots":{"index":"index","follow":"follow","max-snippet":"max-snippet:-1","max-image-preview":"max-image-preview:large","max-video-preview":"max-video-preview:-1"},"canonical":"https:\/\/narteks.net\/index.php\/2009\/12\/02\/o-olmedi\/","og_locale":"tr_TR","og_type":"article","og_title":"O \u00d6LMED\u0130!","og_description":"\u00a0 Tanr\u0131 \u00f6lmez, O dilerse g\u00f6r\u00fcn\u00fcr bir m\u00fcddet,Kaybolunca O\u2019nu kalbinde bulur her millet. Biliyormu\u015f kaderin cilvesini evvelce,B\u00fct\u00fcn ecr\u00e2m-\u0131 sem\u00e2 yasla b\u00fcr\u00fcnd\u00fc o gece. Yakla\u015fan bir ac\u0131 \u00f6nce g\u00fcne\u015fi korkuttu,Ay tutuldu diyemem g\u00f6ky\u00fcz\u00fc m\u00e2tem tuttu. Ata ge\u00e7tin ebedin mevki-i m\u00fcstahkemineBir direktif veriyor arza, be\u015fer \u00e2lemine! Bize ilh\u00e2m ile is\u00e2l ediyor her haberi,Ki O\u2019nun kudret-i k\u00fclliye, emirber [&hellip;]","og_url":"https:\/\/narteks.net\/index.php\/2009\/12\/02\/o-olmedi\/","og_site_name":"narteks.net","article_published_time":"2009-12-02T10:43:49+00:00","og_image":[{"width":300,"height":90,"url":"https:\/\/narteks.net\/wp-content\/uploads\/narteks.png","type":"image\/png"}],"author":"Tar\u0131k","twitter_card":"summary_large_image","twitter_creator":"@narteks","twitter_site":"@narteks","twitter_misc":{"Yazan:":"Tar\u0131k","Tahmini okuma s\u00fcresi":"1 dakika"},"schema":{"@context":"https:\/\/schema.org","@graph":[{"@type":"Article","@id":"https:\/\/narteks.net\/index.php\/2009\/12\/02\/o-olmedi\/#article","isPartOf":{"@id":"https:\/\/narteks.net\/index.php\/2009\/12\/02\/o-olmedi\/"},"author":{"name":"Tar\u0131k","@id":"https:\/\/narteks.net\/#\/schema\/person\/61f37d9834294b72d31d274e7ed79bca"},"headline":"O \u00d6LMED\u0130!","datePublished":"2009-12-02T10:43:49+00:00","mainEntityOfPage":{"@id":"https:\/\/narteks.net\/index.php\/2009\/12\/02\/o-olmedi\/"},"wordCount":125,"commentCount":0,"publisher":{"@id":"https:\/\/narteks.net\/#organization"},"articleSection":["Neyzen TEVF\u0130K"],"inLanguage":"tr","potentialAction":[{"@type":"CommentAction","name":"Comment","target":["https:\/\/narteks.net\/index.php\/2009\/12\/02\/o-olmedi\/#respond"]}]},{"@type":"WebPage","@id":"https:\/\/narteks.net\/index.php\/2009\/12\/02\/o-olmedi\/","url":"https:\/\/narteks.net\/index.php\/2009\/12\/02\/o-olmedi\/","name":"O \u00d6LMED\u0130! - narteks.net","isPartOf":{"@id":"https:\/\/narteks.net\/#website"},"datePublished":"2009-12-02T10:43:49+00:00","breadcrumb":{"@id":"https:\/\/narteks.net\/index.php\/2009\/12\/02\/o-olmedi\/#breadcrumb"},"inLanguage":"tr","potentialAction":[{"@type":"ReadAction","target":["https:\/\/narteks.net\/index.php\/2009\/12\/02\/o-olmedi\/"]}]},{"@type":"BreadcrumbList","@id":"https:\/\/narteks.net\/index.php\/2009\/12\/02\/o-olmedi\/#breadcrumb","itemListElement":[{"@type":"ListItem","position":1,"name":"Anasayfa","item":"https:\/\/narteks.net\/"},{"@type":"ListItem","position":2,"name":"O \u00d6LMED\u0130!"}]},{"@type":"WebSite","@id":"https:\/\/narteks.net\/#website","url":"https:\/\/narteks.net\/","name":"narteks.net","description":"K\u00fclt\u00fcr Sanat Edebiyat Felsefe","publisher":{"@id":"https:\/\/narteks.net\/#organization"},"alternateName":"K\u00fclt\u00fcr Sanat Edebiyat Felsefe","potentialAction":[{"@type":"SearchAction","target":{"@type":"EntryPoint","urlTemplate":"https:\/\/narteks.net\/?s={search_term_string}"},"query-input":{"@type":"PropertyValueSpecification","valueRequired":true,"valueName":"search_term_string"}}],"inLanguage":"tr"},{"@type":"Organization","@id":"https:\/\/narteks.net\/#organization","name":"narteks.net","url":"https:\/\/narteks.net\/","logo":{"@type":"ImageObject","inLanguage":"tr","@id":"https:\/\/narteks.net\/#\/schema\/logo\/image\/","url":"https:\/\/narteks.net\/wp-content\/uploads\/narteks.png","contentUrl":"https:\/\/narteks.net\/wp-content\/uploads\/narteks.png","width":300,"height":90,"caption":"narteks.net"},"image":{"@id":"https:\/\/narteks.net\/#\/schema\/logo\/image\/"},"sameAs":["https:\/\/x.com\/narteks","https:\/\/instagram.com\/narteksnet"]},{"@type":"Person","@id":"https:\/\/narteks.net\/#\/schema\/person\/61f37d9834294b72d31d274e7ed79bca","name":"Tar\u0131k","image":{"@type":"ImageObject","inLanguage":"tr","@id":"https:\/\/narteks.net\/#\/schema\/person\/image\/","url":"https:\/\/secure.gravatar.com\/avatar\/50865afb55632c4ae467e0af0930f6510aa2297d8014be502a55b14f3b7550cf?s=96&d=mm&r=g","contentUrl":"https:\/\/secure.gravatar.com\/avatar\/50865afb55632c4ae467e0af0930f6510aa2297d8014be502a55b14f3b7550cf?s=96&d=mm&r=g","caption":"Tar\u0131k"},"sameAs":["http:\/\/narteks.net"],"url":"https:\/\/narteks.net\/index.php\/author\/narbak\/"}]}},"_links":{"self":[{"href":"https:\/\/narteks.net\/index.php\/wp-json\/wp\/v2\/posts\/1654","targetHints":{"allow":["GET"]}}],"collection":[{"href":"https:\/\/narteks.net\/index.php\/wp-json\/wp\/v2\/posts"}],"about":[{"href":"https:\/\/narteks.net\/index.php\/wp-json\/wp\/v2\/types\/post"}],"author":[{"embeddable":true,"href":"https:\/\/narteks.net\/index.php\/wp-json\/wp\/v2\/users\/1"}],"replies":[{"embeddable":true,"href":"https:\/\/narteks.net\/index.php\/wp-json\/wp\/v2\/comments?post=1654"}],"version-history":[{"count":0,"href":"https:\/\/narteks.net\/index.php\/wp-json\/wp\/v2\/posts\/1654\/revisions"}],"wp:attachment":[{"href":"https:\/\/narteks.net\/index.php\/wp-json\/wp\/v2\/media?parent=1654"}],"wp:term":[{"taxonomy":"category","embeddable":true,"href":"https:\/\/narteks.net\/index.php\/wp-json\/wp\/v2\/categories?post=1654"},{"taxonomy":"post_tag","embeddable":true,"href":"https:\/\/narteks.net\/index.php\/wp-json\/wp\/v2\/tags?post=1654"}],"curies":[{"name":"wp","href":"https:\/\/api.w.org\/{rel}","templated":true}]}}