{"id":1657,"date":"2009-12-02T13:45:57","date_gmt":"2009-12-02T10:45:57","guid":{"rendered":"http:\/\/localhost\/wordpress\/2009\/12\/02\/oz-duygum\/"},"modified":"2009-12-02T13:45:57","modified_gmt":"2009-12-02T10:45:57","slug":"oz-duygum","status":"publish","type":"post","link":"https:\/\/narteks.net\/index.php\/2009\/12\/02\/oz-duygum\/","title":{"rendered":"\u00d6Z DUYGUM"},"content":{"rendered":"<p>\u00a0<\/p>\n<p>Zat-\u0131 sultan-\u0131 beka, yani me\u00e2ni husrev\u00ee<br \/>Saz ve s\u00f6z ahengin etmi\u015f a\u015fka b\u00fbrhan-\u0131 kav\u00ee<br \/>Ben ezel sermestiyim, meydan\u0131m ar\u015f-\u0131 m\u00fcstev\u00ee<br \/>Aksedince g\u00f6nl\u00fcme \u015fems-i hakikat Pertev\u00ee<br \/>Meyde Bekta\u015f\u00ee g\u00f6r\u00fcnd\u00fcm neyde oldum Mevlev\u00ee<\/p>\n<p>Nur-\u0131 h\u00fcsn\u00fcn, n\u00e2r-\u0131 a\u015fk\u0131n \u015fem\u2019ine pervane var<br \/>\u00d6mr\u00fcm\u00fc vakfeyledim, birdir bana mehd \u00fc mezar<br \/>Varsa kalm\u0131\u015f s\u0131rr-\u0131 hilkatten yeg\u00e2ne yadig\u00e2r<br \/>\u0130\u015fve-i ney, ne\u015fve-i mey etti g\u00f6nl\u00fcmde karar<br \/>G\u00fb\u015f edince bezm-i vahdette rum\u00fbz-\u0131 Bi\u015fnev\u00ee<\/p>\n<p>Hubb-\u0131 Haydar bu tar\u00eek\u0131n hem sonu, hemde ba\u015f\u0131d\u0131r<br \/>Cavidan \u00fc Mesnev\u00ee, misb\u00e2h-\u0131 \u015fu\u2019 le-p\u00e2\u015f\u0131d\u0131r<br \/>Suret-i manada H\u00fcnk\u00e2reyn s\u0131r karda\u015f\u0131d\u0131r<br \/>Me\u015frebin Molla-y\u0131 Rum\u00ee, mezhebim Bekta\u015f\u00eedir<br \/>Ta ezelden yand\u0131 dilde bu \u00e7er\u00e2\u011f-\u0131 manev\u00ee<\/p>\n<p>Ri\u015fte-i \u00f6mr\u00fcm reb\u00e2b-\u0131 cismimin evt\u00e2r\u0131d\u0131r<br \/>Her rek-i can perde dest-i hecr, besteg\u00e2r\u0131d\u0131r<br \/>Zahm-\u0131 sinem l\u00e2ledir g\u00f6zya\u015flar\u0131m enh\u00e2r\u0131d\u0131r<br \/>Hamse-i \u00e2l-i ab\u00e2 esrar\u0131n\u0131n g\u00fclzar\u0131d\u0131r<br \/>Bu iki nurun tecell\u00e2s\u0131 ile g\u00f6nl\u00fcm evi<\/p>\n<p>Olmad\u0131m meftunu m\u00e2lin, r\u00fctbenin sim \u00fc zerin<br \/>Zevki, \u015fevki neyle meydir rind-i azade-serin<br \/>Dest-i c\u00fbdundan \u00e7ekip kall\u00e2v\u00ee-yi Peygamberin<br \/>Mazhar oldun feyzine Neyzen Cenab-\u0131 Hayder\u2019 in<br \/>Kilk-i irfan-\u0131 beyan\u0131n yazd\u0131 bu \u015fi\u2019r-i nevi.<\/p>\n<p>Neyzen TEVF\u0130K<\/p>\n","protected":false},"excerpt":{"rendered":"<p>\u00a0 Zat-\u0131 sultan-\u0131 beka, yani me\u00e2ni husrev\u00eeSaz ve s\u00f6z ahengin etmi\u015f a\u015fka b\u00fbrhan-\u0131 kav\u00eeBen ezel sermestiyim, meydan\u0131m ar\u015f-\u0131 m\u00fcstev\u00eeAksedince g\u00f6nl\u00fcme \u015fems-i hakikat Pertev\u00eeMeyde Bekta\u015f\u00ee g\u00f6r\u00fcnd\u00fcm neyde oldum Mevlev\u00ee Nur-\u0131 h\u00fcsn\u00fcn, n\u00e2r-\u0131 a\u015fk\u0131n \u015fem\u2019ine pervane var\u00d6mr\u00fcm\u00fc vakfeyledim, birdir bana mehd \u00fc mezarVarsa kalm\u0131\u015f s\u0131rr-\u0131 hilkatten yeg\u00e2ne yadig\u00e2r\u0130\u015fve-i ney, ne\u015fve-i mey etti g\u00f6nl\u00fcmde kararG\u00fb\u015f edince bezm-i vahdette [&hellip;]<\/p>\n","protected":false},"author":1,"featured_media":0,"comment_status":"open","ping_status":"open","sticky":false,"template":"","format":"standard","meta":{"footnotes":""},"categories":[81],"tags":[],"class_list":{"0":"post-1657","1":"post","2":"type-post","3":"status-publish","4":"format-standard","6":"category-neyzen-tevfik"},"yoast_head":"<!-- This site is optimized with the Yoast SEO Premium plugin v24.9 (Yoast SEO v24.9) - https:\/\/yoast.com\/wordpress\/plugins\/seo\/ -->\n<title>\u00d6Z DUYGUM - narteks.net<\/title>\n<meta name=\"robots\" content=\"index, follow, max-snippet:-1, max-image-preview:large, max-video-preview:-1\" \/>\n<link rel=\"canonical\" href=\"https:\/\/narteks.net\/index.php\/2009\/12\/02\/oz-duygum\/\" \/>\n<meta property=\"og:locale\" content=\"tr_TR\" \/>\n<meta property=\"og:type\" content=\"article\" \/>\n<meta property=\"og:title\" content=\"\u00d6Z DUYGUM\" \/>\n<meta property=\"og:description\" content=\"\u00a0 Zat-\u0131 sultan-\u0131 beka, yani me\u00e2ni husrev\u00eeSaz ve s\u00f6z ahengin etmi\u015f a\u015fka b\u00fbrhan-\u0131 kav\u00eeBen ezel sermestiyim, meydan\u0131m ar\u015f-\u0131 m\u00fcstev\u00eeAksedince g\u00f6nl\u00fcme \u015fems-i hakikat Pertev\u00eeMeyde Bekta\u015f\u00ee g\u00f6r\u00fcnd\u00fcm neyde oldum Mevlev\u00ee Nur-\u0131 h\u00fcsn\u00fcn, n\u00e2r-\u0131 a\u015fk\u0131n \u015fem\u2019ine pervane var\u00d6mr\u00fcm\u00fc vakfeyledim, birdir bana mehd \u00fc mezarVarsa kalm\u0131\u015f s\u0131rr-\u0131 hilkatten yeg\u00e2ne yadig\u00e2r\u0130\u015fve-i ney, ne\u015fve-i mey etti g\u00f6nl\u00fcmde kararG\u00fb\u015f edince bezm-i vahdette [&hellip;]\" \/>\n<meta property=\"og:url\" content=\"https:\/\/narteks.net\/index.php\/2009\/12\/02\/oz-duygum\/\" \/>\n<meta property=\"og:site_name\" content=\"narteks.net\" \/>\n<meta property=\"article:published_time\" content=\"2009-12-02T10:45:57+00:00\" \/>\n<meta property=\"og:image\" content=\"https:\/\/narteks.net\/wp-content\/uploads\/narteks.png\" \/>\n\t<meta property=\"og:image:width\" content=\"300\" \/>\n\t<meta property=\"og:image:height\" content=\"90\" \/>\n\t<meta property=\"og:image:type\" content=\"image\/png\" \/>\n<meta name=\"author\" content=\"Tar\u0131k\" \/>\n<meta name=\"twitter:card\" content=\"summary_large_image\" \/>\n<meta name=\"twitter:creator\" content=\"@narteks\" \/>\n<meta name=\"twitter:site\" content=\"@narteks\" \/>\n<meta name=\"twitter:label1\" content=\"Yazan:\" \/>\n\t<meta name=\"twitter:data1\" content=\"Tar\u0131k\" \/>\n\t<meta name=\"twitter:label2\" content=\"Tahmini okuma s\u00fcresi\" \/>\n\t<meta name=\"twitter:data2\" content=\"1 dakika\" \/>\n<script type=\"application\/ld+json\" class=\"yoast-schema-graph\">{\"@context\":\"https:\/\/schema.org\",\"@graph\":[{\"@type\":\"Article\",\"@id\":\"https:\/\/narteks.net\/index.php\/2009\/12\/02\/oz-duygum\/#article\",\"isPartOf\":{\"@id\":\"https:\/\/narteks.net\/index.php\/2009\/12\/02\/oz-duygum\/\"},\"author\":{\"name\":\"Tar\u0131k\",\"@id\":\"https:\/\/narteks.net\/#\/schema\/person\/61f37d9834294b72d31d274e7ed79bca\"},\"headline\":\"\u00d6Z DUYGUM\",\"datePublished\":\"2009-12-02T10:45:57+00:00\",\"mainEntityOfPage\":{\"@id\":\"https:\/\/narteks.net\/index.php\/2009\/12\/02\/oz-duygum\/\"},\"wordCount\":218,\"commentCount\":0,\"publisher\":{\"@id\":\"https:\/\/narteks.net\/#organization\"},\"articleSection\":[\"Neyzen TEVF\u0130K\"],\"inLanguage\":\"tr\",\"potentialAction\":[{\"@type\":\"CommentAction\",\"name\":\"Comment\",\"target\":[\"https:\/\/narteks.net\/index.php\/2009\/12\/02\/oz-duygum\/#respond\"]}]},{\"@type\":\"WebPage\",\"@id\":\"https:\/\/narteks.net\/index.php\/2009\/12\/02\/oz-duygum\/\",\"url\":\"https:\/\/narteks.net\/index.php\/2009\/12\/02\/oz-duygum\/\",\"name\":\"\u00d6Z DUYGUM - narteks.net\",\"isPartOf\":{\"@id\":\"https:\/\/narteks.net\/#website\"},\"datePublished\":\"2009-12-02T10:45:57+00:00\",\"breadcrumb\":{\"@id\":\"https:\/\/narteks.net\/index.php\/2009\/12\/02\/oz-duygum\/#breadcrumb\"},\"inLanguage\":\"tr\",\"potentialAction\":[{\"@type\":\"ReadAction\",\"target\":[\"https:\/\/narteks.net\/index.php\/2009\/12\/02\/oz-duygum\/\"]}]},{\"@type\":\"BreadcrumbList\",\"@id\":\"https:\/\/narteks.net\/index.php\/2009\/12\/02\/oz-duygum\/#breadcrumb\",\"itemListElement\":[{\"@type\":\"ListItem\",\"position\":1,\"name\":\"Anasayfa\",\"item\":\"https:\/\/narteks.net\/\"},{\"@type\":\"ListItem\",\"position\":2,\"name\":\"\u00d6Z DUYGUM\"}]},{\"@type\":\"WebSite\",\"@id\":\"https:\/\/narteks.net\/#website\",\"url\":\"https:\/\/narteks.net\/\",\"name\":\"narteks.net\",\"description\":\"K\u00fclt\u00fcr Sanat Edebiyat Felsefe\",\"publisher\":{\"@id\":\"https:\/\/narteks.net\/#organization\"},\"alternateName\":\"K\u00fclt\u00fcr Sanat Edebiyat Felsefe\",\"potentialAction\":[{\"@type\":\"SearchAction\",\"target\":{\"@type\":\"EntryPoint\",\"urlTemplate\":\"https:\/\/narteks.net\/?s={search_term_string}\"},\"query-input\":{\"@type\":\"PropertyValueSpecification\",\"valueRequired\":true,\"valueName\":\"search_term_string\"}}],\"inLanguage\":\"tr\"},{\"@type\":\"Organization\",\"@id\":\"https:\/\/narteks.net\/#organization\",\"name\":\"narteks.net\",\"url\":\"https:\/\/narteks.net\/\",\"logo\":{\"@type\":\"ImageObject\",\"inLanguage\":\"tr\",\"@id\":\"https:\/\/narteks.net\/#\/schema\/logo\/image\/\",\"url\":\"https:\/\/narteks.net\/wp-content\/uploads\/narteks.png\",\"contentUrl\":\"https:\/\/narteks.net\/wp-content\/uploads\/narteks.png\",\"width\":300,\"height\":90,\"caption\":\"narteks.net\"},\"image\":{\"@id\":\"https:\/\/narteks.net\/#\/schema\/logo\/image\/\"},\"sameAs\":[\"https:\/\/x.com\/narteks\",\"https:\/\/instagram.com\/narteksnet\"]},{\"@type\":\"Person\",\"@id\":\"https:\/\/narteks.net\/#\/schema\/person\/61f37d9834294b72d31d274e7ed79bca\",\"name\":\"Tar\u0131k\",\"image\":{\"@type\":\"ImageObject\",\"inLanguage\":\"tr\",\"@id\":\"https:\/\/narteks.net\/#\/schema\/person\/image\/\",\"url\":\"https:\/\/secure.gravatar.com\/avatar\/50865afb55632c4ae467e0af0930f6510aa2297d8014be502a55b14f3b7550cf?s=96&d=mm&r=g\",\"contentUrl\":\"https:\/\/secure.gravatar.com\/avatar\/50865afb55632c4ae467e0af0930f6510aa2297d8014be502a55b14f3b7550cf?s=96&d=mm&r=g\",\"caption\":\"Tar\u0131k\"},\"sameAs\":[\"http:\/\/narteks.net\"],\"url\":\"https:\/\/narteks.net\/index.php\/author\/narbak\/\"}]}<\/script>\n<!-- \/ Yoast SEO Premium plugin. -->","yoast_head_json":{"title":"\u00d6Z DUYGUM - narteks.net","robots":{"index":"index","follow":"follow","max-snippet":"max-snippet:-1","max-image-preview":"max-image-preview:large","max-video-preview":"max-video-preview:-1"},"canonical":"https:\/\/narteks.net\/index.php\/2009\/12\/02\/oz-duygum\/","og_locale":"tr_TR","og_type":"article","og_title":"\u00d6Z DUYGUM","og_description":"\u00a0 Zat-\u0131 sultan-\u0131 beka, yani me\u00e2ni husrev\u00eeSaz ve s\u00f6z ahengin etmi\u015f a\u015fka b\u00fbrhan-\u0131 kav\u00eeBen ezel sermestiyim, meydan\u0131m ar\u015f-\u0131 m\u00fcstev\u00eeAksedince g\u00f6nl\u00fcme \u015fems-i hakikat Pertev\u00eeMeyde Bekta\u015f\u00ee g\u00f6r\u00fcnd\u00fcm neyde oldum Mevlev\u00ee Nur-\u0131 h\u00fcsn\u00fcn, n\u00e2r-\u0131 a\u015fk\u0131n \u015fem\u2019ine pervane var\u00d6mr\u00fcm\u00fc vakfeyledim, birdir bana mehd \u00fc mezarVarsa kalm\u0131\u015f s\u0131rr-\u0131 hilkatten yeg\u00e2ne yadig\u00e2r\u0130\u015fve-i ney, ne\u015fve-i mey etti g\u00f6nl\u00fcmde kararG\u00fb\u015f edince bezm-i vahdette [&hellip;]","og_url":"https:\/\/narteks.net\/index.php\/2009\/12\/02\/oz-duygum\/","og_site_name":"narteks.net","article_published_time":"2009-12-02T10:45:57+00:00","og_image":[{"width":300,"height":90,"url":"https:\/\/narteks.net\/wp-content\/uploads\/narteks.png","type":"image\/png"}],"author":"Tar\u0131k","twitter_card":"summary_large_image","twitter_creator":"@narteks","twitter_site":"@narteks","twitter_misc":{"Yazan:":"Tar\u0131k","Tahmini okuma s\u00fcresi":"1 dakika"},"schema":{"@context":"https:\/\/schema.org","@graph":[{"@type":"Article","@id":"https:\/\/narteks.net\/index.php\/2009\/12\/02\/oz-duygum\/#article","isPartOf":{"@id":"https:\/\/narteks.net\/index.php\/2009\/12\/02\/oz-duygum\/"},"author":{"name":"Tar\u0131k","@id":"https:\/\/narteks.net\/#\/schema\/person\/61f37d9834294b72d31d274e7ed79bca"},"headline":"\u00d6Z DUYGUM","datePublished":"2009-12-02T10:45:57+00:00","mainEntityOfPage":{"@id":"https:\/\/narteks.net\/index.php\/2009\/12\/02\/oz-duygum\/"},"wordCount":218,"commentCount":0,"publisher":{"@id":"https:\/\/narteks.net\/#organization"},"articleSection":["Neyzen TEVF\u0130K"],"inLanguage":"tr","potentialAction":[{"@type":"CommentAction","name":"Comment","target":["https:\/\/narteks.net\/index.php\/2009\/12\/02\/oz-duygum\/#respond"]}]},{"@type":"WebPage","@id":"https:\/\/narteks.net\/index.php\/2009\/12\/02\/oz-duygum\/","url":"https:\/\/narteks.net\/index.php\/2009\/12\/02\/oz-duygum\/","name":"\u00d6Z DUYGUM - narteks.net","isPartOf":{"@id":"https:\/\/narteks.net\/#website"},"datePublished":"2009-12-02T10:45:57+00:00","breadcrumb":{"@id":"https:\/\/narteks.net\/index.php\/2009\/12\/02\/oz-duygum\/#breadcrumb"},"inLanguage":"tr","potentialAction":[{"@type":"ReadAction","target":["https:\/\/narteks.net\/index.php\/2009\/12\/02\/oz-duygum\/"]}]},{"@type":"BreadcrumbList","@id":"https:\/\/narteks.net\/index.php\/2009\/12\/02\/oz-duygum\/#breadcrumb","itemListElement":[{"@type":"ListItem","position":1,"name":"Anasayfa","item":"https:\/\/narteks.net\/"},{"@type":"ListItem","position":2,"name":"\u00d6Z DUYGUM"}]},{"@type":"WebSite","@id":"https:\/\/narteks.net\/#website","url":"https:\/\/narteks.net\/","name":"narteks.net","description":"K\u00fclt\u00fcr Sanat Edebiyat Felsefe","publisher":{"@id":"https:\/\/narteks.net\/#organization"},"alternateName":"K\u00fclt\u00fcr Sanat Edebiyat Felsefe","potentialAction":[{"@type":"SearchAction","target":{"@type":"EntryPoint","urlTemplate":"https:\/\/narteks.net\/?s={search_term_string}"},"query-input":{"@type":"PropertyValueSpecification","valueRequired":true,"valueName":"search_term_string"}}],"inLanguage":"tr"},{"@type":"Organization","@id":"https:\/\/narteks.net\/#organization","name":"narteks.net","url":"https:\/\/narteks.net\/","logo":{"@type":"ImageObject","inLanguage":"tr","@id":"https:\/\/narteks.net\/#\/schema\/logo\/image\/","url":"https:\/\/narteks.net\/wp-content\/uploads\/narteks.png","contentUrl":"https:\/\/narteks.net\/wp-content\/uploads\/narteks.png","width":300,"height":90,"caption":"narteks.net"},"image":{"@id":"https:\/\/narteks.net\/#\/schema\/logo\/image\/"},"sameAs":["https:\/\/x.com\/narteks","https:\/\/instagram.com\/narteksnet"]},{"@type":"Person","@id":"https:\/\/narteks.net\/#\/schema\/person\/61f37d9834294b72d31d274e7ed79bca","name":"Tar\u0131k","image":{"@type":"ImageObject","inLanguage":"tr","@id":"https:\/\/narteks.net\/#\/schema\/person\/image\/","url":"https:\/\/secure.gravatar.com\/avatar\/50865afb55632c4ae467e0af0930f6510aa2297d8014be502a55b14f3b7550cf?s=96&d=mm&r=g","contentUrl":"https:\/\/secure.gravatar.com\/avatar\/50865afb55632c4ae467e0af0930f6510aa2297d8014be502a55b14f3b7550cf?s=96&d=mm&r=g","caption":"Tar\u0131k"},"sameAs":["http:\/\/narteks.net"],"url":"https:\/\/narteks.net\/index.php\/author\/narbak\/"}]}},"_links":{"self":[{"href":"https:\/\/narteks.net\/index.php\/wp-json\/wp\/v2\/posts\/1657","targetHints":{"allow":["GET"]}}],"collection":[{"href":"https:\/\/narteks.net\/index.php\/wp-json\/wp\/v2\/posts"}],"about":[{"href":"https:\/\/narteks.net\/index.php\/wp-json\/wp\/v2\/types\/post"}],"author":[{"embeddable":true,"href":"https:\/\/narteks.net\/index.php\/wp-json\/wp\/v2\/users\/1"}],"replies":[{"embeddable":true,"href":"https:\/\/narteks.net\/index.php\/wp-json\/wp\/v2\/comments?post=1657"}],"version-history":[{"count":0,"href":"https:\/\/narteks.net\/index.php\/wp-json\/wp\/v2\/posts\/1657\/revisions"}],"wp:attachment":[{"href":"https:\/\/narteks.net\/index.php\/wp-json\/wp\/v2\/media?parent=1657"}],"wp:term":[{"taxonomy":"category","embeddable":true,"href":"https:\/\/narteks.net\/index.php\/wp-json\/wp\/v2\/categories?post=1657"},{"taxonomy":"post_tag","embeddable":true,"href":"https:\/\/narteks.net\/index.php\/wp-json\/wp\/v2\/tags?post=1657"}],"curies":[{"name":"wp","href":"https:\/\/api.w.org\/{rel}","templated":true}]}}