{"id":1661,"date":"2009-12-02T13:48:47","date_gmt":"2009-12-02T10:48:47","guid":{"rendered":"http:\/\/localhost\/wordpress\/2009\/12\/02\/bana-ne\/"},"modified":"2009-12-02T13:48:47","modified_gmt":"2009-12-02T10:48:47","slug":"bana-ne","status":"publish","type":"post","link":"https:\/\/narteks.net\/index.php\/2009\/12\/02\/bana-ne\/","title":{"rendered":"BANA NE"},"content":{"rendered":"<p>\u00a0<\/p>\n<p>Serseri bir herifim, kevn-\u00fc mek\u00e2ndan bana ne,<br \/>Ezel\u00ee derbederim, h\u00fckm-\u00ee zamandan bana ne,<br \/>Kendimi &#8230; lemedim pir-\u00fc cevandan bana ne,<br \/>Bir m\u00fcmessel \u00f6l\u00fcm\u00fcm k\u00e2r-\u00fc ziyandan bana ne,<br \/>Kaniim hi\u00e7li\u011fe \u00e2s\u00e2r-\u0131 cihandan bana ne?<\/p>\n<p>Nefsimin ecnebisi oldu\u011fumu anlayal\u0131,<br \/>\u0130lmi, fenni hi\u00e7e sayd\u0131m ve b\u00fct\u00fcn mahasal\u0131,<br \/>Medeniyet benim indimde bug\u00fcn bakla fal\u0131,<br \/>Sen g\u00f6zetle bitecektir k\u00f6se dehrin sakal\u0131,<br \/>Bu oyundan, o koyundan, karamandan bana ne?<\/p>\n<p>Ba\u015f siyaset\u00e7i olan \u015fu ( Klemanso ), ( Askit )<br \/>Alaman, Yunan, \u0130talyan s\u00fcrerek her yere fit,<br \/>\u00d6rd\u00fcler serhad-i vicdana \u00f6l\u00fcmden bir \u00e7it<br \/>Be\u015feri soymak i\u00e7in dalga ile bir s\u00fcr\u00fc it,<br \/>H\u0131rla\u015f\u0131rlar o o yandan, bu bu yandan bana ne?<\/p>\n<p>Ger\u00e7i gittim &#8230; min do\u011frusuna ben k\u0131rk y\u0131l,<br \/>Gel .\u00f6t\u00fcn varsa humar\u0131ndan o sahban\u0131n ay\u0131l,<br \/>Bir bo\u011faz toklu\u011funa her \u015feye oldum da kail<br \/>Serserisin diye i\u015f vermediler; g\u00fcl de bay\u0131l,<br \/>Muktezas\u0131 bu olan arz-u beyandan bana ne?<\/p>\n<p>Berk-i a\u015fk\u0131n &#8230; oldu siper-i saikas\u0131,<br \/>Nefsimin santral\u0131nda babam\u0131n h\u00e2rikas\u0131,<br \/>Ne vakit ge\u00e7mi\u015f ise, destime f\u0131rsat yakas\u0131,<br \/>Kendimi sanm\u0131\u015f idim \u00e2b-\u0131 hayat\u0131n sakas\u0131,<br \/>\u015eimdi vuslat arayan servi revandan bana ne?<\/p>\n<p>Olmu\u015fum v\u00e2d-i hayretteki aczimle alil,<br \/>Edemez hikmet-i esrar\u0131n\u0131 insan-\u0131 gavil,<br \/>G\u00f6remez g\u00f6rd\u00fc\u011f\u00fcm\u00fc, \u015ferh-\u00fc beyan-\u00fc tafsil,<br \/>Bu muallim, bu muharrir, bu muhacir, bu asil,<br \/>Bu zavall\u0131, bu siyasi bu yamandan bana ne?<\/p>\n<p>Bulamaz derdime \u00e7are babam olsa lokman,<br \/>Sat\u0131l\u0131r be\u015f paraya din pazar\u0131nda iman,<br \/>D\u00fc\u015f\u00fcn\u00fcn halimi bir kere ne \u00e7ektim ihvan,<br \/>Romatizma, metelik yok, rak\u0131s\u0131z a\u00e7 ve yayan,<br \/>Kanl\u0131 tac\u0131 ta\u015f\u0131yan taht-\u0131 revandan bana ne?<\/p>\n<p>G\u00fcn olur ki bulamazs\u0131n ne bir ekmek, ne t\u00fct\u00fcn,<br \/>Par\u00e7alanm\u0131\u015f ceketin, belki a\u00e7\u0131kt\u0131r da .\u00f6t\u00fcn,<br \/>Bana ne bundan efendim? &#8230; beni dinle ve b\u00fct\u00fcn,<br \/>N\u00e2z-\u0131 ibda-\u0131 zaferle bizim illerde bu g\u00fcn,<br \/>Esiyor b\u00e2d-\u0131 sab\u00e2 toz koparandan bana ne?<\/p>\n<p>&#8230;.yim kalp dinini kahbe, g\u00e2vur Avrupa\u2019 n\u0131n,<br \/>Onu \u0131slah-\u0131 adalet diye h\u00e2kim yapan\u0131n,<br \/>Vatikan\u2019 da \u00f6periken .\u00f6t\u00fcn\u00fc kart papan\u0131n,<br \/>Arar\u0131m asl\u0131n\u0131 \u0130ncil\u2019 e g\u00f6n\u00fcls\u00fcz tapan\u0131n,<br \/>\u00c7ekemezsin beni, bu sendeki kandan bana ne?<\/p>\n<p>\u00c7alab\u0131n birli\u011fine can-\u00fc g\u00f6n\u00fclden tapar\u0131m,<br \/>T\u00fcremin gayrisi hi\u00e7 bir yola gitmem sapar\u0131m,<br \/>Kar\u0131m\u0131 Salih efendi diye dursun yapar\u0131m,<br \/>Yakas\u0131ndan, sakal\u0131ndan o g\u00fcn elbet kapar\u0131m,<br \/>Bu yavuklum var iken o kezibandan bana ne?<\/p>\n<p>Derd-i m\u00e2zi ile bir \u00f6kseye kasden bast\u0131k,<br \/>Vatan\u0131, halk\u0131 cehaletle kavurduk, kast\u0131k,<br \/>San\u2019 at\u0131, ilmi siyaset ile bo\u011fduk, ast\u0131k,<br \/>Yoksa \u015fimdi ba\u015f\u0131m\u0131 koymak i\u00e7in bir yast\u0131k,<br \/>O f\u0131r\u0131ndan, \u015fu hamamdan ve bu candan bana ne?<\/p>\n<p>M\u00fcsl\u00fcmanl\u0131kta tasavvuf geriyor cehle g\u00f6\u011f\u00fcs,<br \/>R\u00e2f\u0131z\u00ee, \u015f\u00eea ve s\u00fcnn\u00ee tan\u0131ma hepsine k\u00fcs,<br \/>Bunlar\u0131 suret-i z\u00e2hirdeki al\u00e2yi\u015fi s\u00fcs,<br \/>Kerbel\u00e2, Mekke, Medine, Horosan, Kilise, Kud\u00fcs,<br \/>Medrese, tekke, manast\u0131r, Vatikan\u2019 dan bana ne?<\/p>\n<p>1933<\/p>\n<p>Neyzen TEVF\u0130K<\/p>\n","protected":false},"excerpt":{"rendered":"<p>\u00a0 Serseri bir herifim, kevn-\u00fc mek\u00e2ndan bana ne,Ezel\u00ee derbederim, h\u00fckm-\u00ee zamandan bana ne,Kendimi &#8230; lemedim pir-\u00fc cevandan bana ne,Bir m\u00fcmessel \u00f6l\u00fcm\u00fcm k\u00e2r-\u00fc ziyandan bana ne,Kaniim hi\u00e7li\u011fe \u00e2s\u00e2r-\u0131 cihandan bana ne? Nefsimin ecnebisi oldu\u011fumu anlayal\u0131,\u0130lmi, fenni hi\u00e7e sayd\u0131m ve b\u00fct\u00fcn mahasal\u0131,Medeniyet benim indimde bug\u00fcn bakla fal\u0131,Sen g\u00f6zetle bitecektir k\u00f6se dehrin sakal\u0131,Bu oyundan, o koyundan, karamandan bana [&hellip;]<\/p>\n","protected":false},"author":1,"featured_media":0,"comment_status":"open","ping_status":"open","sticky":false,"template":"","format":"standard","meta":{"footnotes":""},"categories":[81],"tags":[],"class_list":{"0":"post-1661","1":"post","2":"type-post","3":"status-publish","4":"format-standard","6":"category-neyzen-tevfik"},"yoast_head":"<!-- This site is optimized with the Yoast SEO Premium plugin v24.9 (Yoast SEO v24.9) - https:\/\/yoast.com\/wordpress\/plugins\/seo\/ -->\n<title>BANA NE - narteks.net<\/title>\n<meta name=\"robots\" content=\"index, follow, max-snippet:-1, max-image-preview:large, max-video-preview:-1\" \/>\n<link rel=\"canonical\" href=\"https:\/\/narteks.net\/index.php\/2009\/12\/02\/bana-ne\/\" \/>\n<meta property=\"og:locale\" content=\"tr_TR\" \/>\n<meta property=\"og:type\" content=\"article\" \/>\n<meta property=\"og:title\" content=\"BANA NE\" \/>\n<meta property=\"og:description\" content=\"\u00a0 Serseri bir herifim, kevn-\u00fc mek\u00e2ndan bana ne,Ezel\u00ee derbederim, h\u00fckm-\u00ee zamandan bana ne,Kendimi &#8230; lemedim pir-\u00fc cevandan bana ne,Bir m\u00fcmessel \u00f6l\u00fcm\u00fcm k\u00e2r-\u00fc ziyandan bana ne,Kaniim hi\u00e7li\u011fe \u00e2s\u00e2r-\u0131 cihandan bana ne? Nefsimin ecnebisi oldu\u011fumu anlayal\u0131,\u0130lmi, fenni hi\u00e7e sayd\u0131m ve b\u00fct\u00fcn mahasal\u0131,Medeniyet benim indimde bug\u00fcn bakla fal\u0131,Sen g\u00f6zetle bitecektir k\u00f6se dehrin sakal\u0131,Bu oyundan, o koyundan, karamandan bana [&hellip;]\" \/>\n<meta property=\"og:url\" content=\"https:\/\/narteks.net\/index.php\/2009\/12\/02\/bana-ne\/\" \/>\n<meta property=\"og:site_name\" content=\"narteks.net\" \/>\n<meta property=\"article:published_time\" content=\"2009-12-02T10:48:47+00:00\" \/>\n<meta property=\"og:image\" content=\"https:\/\/narteks.net\/wp-content\/uploads\/narteks.png\" \/>\n\t<meta property=\"og:image:width\" content=\"300\" \/>\n\t<meta property=\"og:image:height\" content=\"90\" \/>\n\t<meta property=\"og:image:type\" content=\"image\/png\" \/>\n<meta name=\"author\" content=\"Tar\u0131k\" \/>\n<meta name=\"twitter:card\" content=\"summary_large_image\" \/>\n<meta name=\"twitter:creator\" content=\"@narteks\" \/>\n<meta name=\"twitter:site\" content=\"@narteks\" \/>\n<meta name=\"twitter:label1\" content=\"Yazan:\" \/>\n\t<meta name=\"twitter:data1\" content=\"Tar\u0131k\" \/>\n\t<meta name=\"twitter:label2\" content=\"Tahmini okuma s\u00fcresi\" \/>\n\t<meta name=\"twitter:data2\" content=\"3 dakika\" \/>\n<script type=\"application\/ld+json\" class=\"yoast-schema-graph\">{\"@context\":\"https:\/\/schema.org\",\"@graph\":[{\"@type\":\"Article\",\"@id\":\"https:\/\/narteks.net\/index.php\/2009\/12\/02\/bana-ne\/#article\",\"isPartOf\":{\"@id\":\"https:\/\/narteks.net\/index.php\/2009\/12\/02\/bana-ne\/\"},\"author\":{\"name\":\"Tar\u0131k\",\"@id\":\"https:\/\/narteks.net\/#\/schema\/person\/61f37d9834294b72d31d274e7ed79bca\"},\"headline\":\"BANA NE\",\"datePublished\":\"2009-12-02T10:48:47+00:00\",\"mainEntityOfPage\":{\"@id\":\"https:\/\/narteks.net\/index.php\/2009\/12\/02\/bana-ne\/\"},\"wordCount\":519,\"commentCount\":0,\"publisher\":{\"@id\":\"https:\/\/narteks.net\/#organization\"},\"articleSection\":[\"Neyzen TEVF\u0130K\"],\"inLanguage\":\"tr\",\"potentialAction\":[{\"@type\":\"CommentAction\",\"name\":\"Comment\",\"target\":[\"https:\/\/narteks.net\/index.php\/2009\/12\/02\/bana-ne\/#respond\"]}]},{\"@type\":\"WebPage\",\"@id\":\"https:\/\/narteks.net\/index.php\/2009\/12\/02\/bana-ne\/\",\"url\":\"https:\/\/narteks.net\/index.php\/2009\/12\/02\/bana-ne\/\",\"name\":\"BANA NE - narteks.net\",\"isPartOf\":{\"@id\":\"https:\/\/narteks.net\/#website\"},\"datePublished\":\"2009-12-02T10:48:47+00:00\",\"breadcrumb\":{\"@id\":\"https:\/\/narteks.net\/index.php\/2009\/12\/02\/bana-ne\/#breadcrumb\"},\"inLanguage\":\"tr\",\"potentialAction\":[{\"@type\":\"ReadAction\",\"target\":[\"https:\/\/narteks.net\/index.php\/2009\/12\/02\/bana-ne\/\"]}]},{\"@type\":\"BreadcrumbList\",\"@id\":\"https:\/\/narteks.net\/index.php\/2009\/12\/02\/bana-ne\/#breadcrumb\",\"itemListElement\":[{\"@type\":\"ListItem\",\"position\":1,\"name\":\"Anasayfa\",\"item\":\"https:\/\/narteks.net\/\"},{\"@type\":\"ListItem\",\"position\":2,\"name\":\"BANA NE\"}]},{\"@type\":\"WebSite\",\"@id\":\"https:\/\/narteks.net\/#website\",\"url\":\"https:\/\/narteks.net\/\",\"name\":\"narteks.net\",\"description\":\"K\u00fclt\u00fcr Sanat Edebiyat Felsefe\",\"publisher\":{\"@id\":\"https:\/\/narteks.net\/#organization\"},\"alternateName\":\"K\u00fclt\u00fcr Sanat Edebiyat Felsefe\",\"potentialAction\":[{\"@type\":\"SearchAction\",\"target\":{\"@type\":\"EntryPoint\",\"urlTemplate\":\"https:\/\/narteks.net\/?s={search_term_string}\"},\"query-input\":{\"@type\":\"PropertyValueSpecification\",\"valueRequired\":true,\"valueName\":\"search_term_string\"}}],\"inLanguage\":\"tr\"},{\"@type\":\"Organization\",\"@id\":\"https:\/\/narteks.net\/#organization\",\"name\":\"narteks.net\",\"url\":\"https:\/\/narteks.net\/\",\"logo\":{\"@type\":\"ImageObject\",\"inLanguage\":\"tr\",\"@id\":\"https:\/\/narteks.net\/#\/schema\/logo\/image\/\",\"url\":\"https:\/\/narteks.net\/wp-content\/uploads\/narteks.png\",\"contentUrl\":\"https:\/\/narteks.net\/wp-content\/uploads\/narteks.png\",\"width\":300,\"height\":90,\"caption\":\"narteks.net\"},\"image\":{\"@id\":\"https:\/\/narteks.net\/#\/schema\/logo\/image\/\"},\"sameAs\":[\"https:\/\/x.com\/narteks\",\"https:\/\/instagram.com\/narteksnet\"]},{\"@type\":\"Person\",\"@id\":\"https:\/\/narteks.net\/#\/schema\/person\/61f37d9834294b72d31d274e7ed79bca\",\"name\":\"Tar\u0131k\",\"image\":{\"@type\":\"ImageObject\",\"inLanguage\":\"tr\",\"@id\":\"https:\/\/narteks.net\/#\/schema\/person\/image\/\",\"url\":\"https:\/\/secure.gravatar.com\/avatar\/50865afb55632c4ae467e0af0930f6510aa2297d8014be502a55b14f3b7550cf?s=96&d=mm&r=g\",\"contentUrl\":\"https:\/\/secure.gravatar.com\/avatar\/50865afb55632c4ae467e0af0930f6510aa2297d8014be502a55b14f3b7550cf?s=96&d=mm&r=g\",\"caption\":\"Tar\u0131k\"},\"sameAs\":[\"http:\/\/narteks.net\"],\"url\":\"https:\/\/narteks.net\/index.php\/author\/narbak\/\"}]}<\/script>\n<!-- \/ Yoast SEO Premium plugin. -->","yoast_head_json":{"title":"BANA NE - narteks.net","robots":{"index":"index","follow":"follow","max-snippet":"max-snippet:-1","max-image-preview":"max-image-preview:large","max-video-preview":"max-video-preview:-1"},"canonical":"https:\/\/narteks.net\/index.php\/2009\/12\/02\/bana-ne\/","og_locale":"tr_TR","og_type":"article","og_title":"BANA NE","og_description":"\u00a0 Serseri bir herifim, kevn-\u00fc mek\u00e2ndan bana ne,Ezel\u00ee derbederim, h\u00fckm-\u00ee zamandan bana ne,Kendimi &#8230; lemedim pir-\u00fc cevandan bana ne,Bir m\u00fcmessel \u00f6l\u00fcm\u00fcm k\u00e2r-\u00fc ziyandan bana ne,Kaniim hi\u00e7li\u011fe \u00e2s\u00e2r-\u0131 cihandan bana ne? Nefsimin ecnebisi oldu\u011fumu anlayal\u0131,\u0130lmi, fenni hi\u00e7e sayd\u0131m ve b\u00fct\u00fcn mahasal\u0131,Medeniyet benim indimde bug\u00fcn bakla fal\u0131,Sen g\u00f6zetle bitecektir k\u00f6se dehrin sakal\u0131,Bu oyundan, o koyundan, karamandan bana [&hellip;]","og_url":"https:\/\/narteks.net\/index.php\/2009\/12\/02\/bana-ne\/","og_site_name":"narteks.net","article_published_time":"2009-12-02T10:48:47+00:00","og_image":[{"width":300,"height":90,"url":"https:\/\/narteks.net\/wp-content\/uploads\/narteks.png","type":"image\/png"}],"author":"Tar\u0131k","twitter_card":"summary_large_image","twitter_creator":"@narteks","twitter_site":"@narteks","twitter_misc":{"Yazan:":"Tar\u0131k","Tahmini okuma s\u00fcresi":"3 dakika"},"schema":{"@context":"https:\/\/schema.org","@graph":[{"@type":"Article","@id":"https:\/\/narteks.net\/index.php\/2009\/12\/02\/bana-ne\/#article","isPartOf":{"@id":"https:\/\/narteks.net\/index.php\/2009\/12\/02\/bana-ne\/"},"author":{"name":"Tar\u0131k","@id":"https:\/\/narteks.net\/#\/schema\/person\/61f37d9834294b72d31d274e7ed79bca"},"headline":"BANA NE","datePublished":"2009-12-02T10:48:47+00:00","mainEntityOfPage":{"@id":"https:\/\/narteks.net\/index.php\/2009\/12\/02\/bana-ne\/"},"wordCount":519,"commentCount":0,"publisher":{"@id":"https:\/\/narteks.net\/#organization"},"articleSection":["Neyzen TEVF\u0130K"],"inLanguage":"tr","potentialAction":[{"@type":"CommentAction","name":"Comment","target":["https:\/\/narteks.net\/index.php\/2009\/12\/02\/bana-ne\/#respond"]}]},{"@type":"WebPage","@id":"https:\/\/narteks.net\/index.php\/2009\/12\/02\/bana-ne\/","url":"https:\/\/narteks.net\/index.php\/2009\/12\/02\/bana-ne\/","name":"BANA NE - narteks.net","isPartOf":{"@id":"https:\/\/narteks.net\/#website"},"datePublished":"2009-12-02T10:48:47+00:00","breadcrumb":{"@id":"https:\/\/narteks.net\/index.php\/2009\/12\/02\/bana-ne\/#breadcrumb"},"inLanguage":"tr","potentialAction":[{"@type":"ReadAction","target":["https:\/\/narteks.net\/index.php\/2009\/12\/02\/bana-ne\/"]}]},{"@type":"BreadcrumbList","@id":"https:\/\/narteks.net\/index.php\/2009\/12\/02\/bana-ne\/#breadcrumb","itemListElement":[{"@type":"ListItem","position":1,"name":"Anasayfa","item":"https:\/\/narteks.net\/"},{"@type":"ListItem","position":2,"name":"BANA NE"}]},{"@type":"WebSite","@id":"https:\/\/narteks.net\/#website","url":"https:\/\/narteks.net\/","name":"narteks.net","description":"K\u00fclt\u00fcr Sanat Edebiyat Felsefe","publisher":{"@id":"https:\/\/narteks.net\/#organization"},"alternateName":"K\u00fclt\u00fcr Sanat Edebiyat Felsefe","potentialAction":[{"@type":"SearchAction","target":{"@type":"EntryPoint","urlTemplate":"https:\/\/narteks.net\/?s={search_term_string}"},"query-input":{"@type":"PropertyValueSpecification","valueRequired":true,"valueName":"search_term_string"}}],"inLanguage":"tr"},{"@type":"Organization","@id":"https:\/\/narteks.net\/#organization","name":"narteks.net","url":"https:\/\/narteks.net\/","logo":{"@type":"ImageObject","inLanguage":"tr","@id":"https:\/\/narteks.net\/#\/schema\/logo\/image\/","url":"https:\/\/narteks.net\/wp-content\/uploads\/narteks.png","contentUrl":"https:\/\/narteks.net\/wp-content\/uploads\/narteks.png","width":300,"height":90,"caption":"narteks.net"},"image":{"@id":"https:\/\/narteks.net\/#\/schema\/logo\/image\/"},"sameAs":["https:\/\/x.com\/narteks","https:\/\/instagram.com\/narteksnet"]},{"@type":"Person","@id":"https:\/\/narteks.net\/#\/schema\/person\/61f37d9834294b72d31d274e7ed79bca","name":"Tar\u0131k","image":{"@type":"ImageObject","inLanguage":"tr","@id":"https:\/\/narteks.net\/#\/schema\/person\/image\/","url":"https:\/\/secure.gravatar.com\/avatar\/50865afb55632c4ae467e0af0930f6510aa2297d8014be502a55b14f3b7550cf?s=96&d=mm&r=g","contentUrl":"https:\/\/secure.gravatar.com\/avatar\/50865afb55632c4ae467e0af0930f6510aa2297d8014be502a55b14f3b7550cf?s=96&d=mm&r=g","caption":"Tar\u0131k"},"sameAs":["http:\/\/narteks.net"],"url":"https:\/\/narteks.net\/index.php\/author\/narbak\/"}]}},"_links":{"self":[{"href":"https:\/\/narteks.net\/index.php\/wp-json\/wp\/v2\/posts\/1661","targetHints":{"allow":["GET"]}}],"collection":[{"href":"https:\/\/narteks.net\/index.php\/wp-json\/wp\/v2\/posts"}],"about":[{"href":"https:\/\/narteks.net\/index.php\/wp-json\/wp\/v2\/types\/post"}],"author":[{"embeddable":true,"href":"https:\/\/narteks.net\/index.php\/wp-json\/wp\/v2\/users\/1"}],"replies":[{"embeddable":true,"href":"https:\/\/narteks.net\/index.php\/wp-json\/wp\/v2\/comments?post=1661"}],"version-history":[{"count":0,"href":"https:\/\/narteks.net\/index.php\/wp-json\/wp\/v2\/posts\/1661\/revisions"}],"wp:attachment":[{"href":"https:\/\/narteks.net\/index.php\/wp-json\/wp\/v2\/media?parent=1661"}],"wp:term":[{"taxonomy":"category","embeddable":true,"href":"https:\/\/narteks.net\/index.php\/wp-json\/wp\/v2\/categories?post=1661"},{"taxonomy":"post_tag","embeddable":true,"href":"https:\/\/narteks.net\/index.php\/wp-json\/wp\/v2\/tags?post=1661"}],"curies":[{"name":"wp","href":"https:\/\/api.w.org\/{rel}","templated":true}]}}