{"id":1663,"date":"2009-12-02T13:51:23","date_gmt":"2009-12-02T10:51:23","guid":{"rendered":"http:\/\/localhost\/wordpress\/2009\/12\/02\/aygir-imam\/"},"modified":"2009-12-02T13:51:23","modified_gmt":"2009-12-02T10:51:23","slug":"aygir-imam","status":"publish","type":"post","link":"https:\/\/narteks.net\/index.php\/2009\/12\/02\/aygir-imam\/","title":{"rendered":"AYGIR \u0130MAM"},"content":{"rendered":"<p>\u00a0<\/p>\n<p>Ben nasihat veremem ger\u00e7i size Ayg\u0131r \u0130mam<br \/>Kafa tutma saz i\u00e7in sen de bize Ayg\u0131r \u0130mam<br \/>Su-i niyyet ta\u015f\u0131yan al\u00e7a\u011fa l\u00e2net olsun<br \/>Yoktur asla garaz\u0131m zat\u0131n\u0131za Ayg\u0131r \u0130mam<\/p>\n<p>Sana kar\u015f\u0131 k\u00f6t\u00fcl\u00fck varsa e\u011fer kalbimde<br \/>Atar\u0131m varl\u0131\u011f\u0131m\u0131 Akdeniz\u2019 e Ayg\u0131r \u0130mam<br \/>Sayar\u0131m hat\u0131r\u0131n\u0131, hem de seni incitmem<br \/>Korkar\u0131m ta\u015f atamam ben kerize Ayg\u0131r \u0130mam<\/p>\n<p>Sald\u0131r\u0131\u015flarda so\u011fukkanl\u0131l\u0131\u011f\u0131n mucizedir<br \/>Hani \u00f6rnek gibisin \u0130ngilize Ayg\u0131r \u0130mam<br \/>Bu akort olmad\u0131, dersin \u00fcz\u00fcl\u00fcrs\u00fcn bo\u015funa<br \/>Kulak asma olur olmaz p\u00fcr\u00fcze Ayg\u0131r \u0130mam<\/p>\n<p>&#8230;. rurdun i\u00e7ine orgu akort etmek i\u00e7in<br \/>Kardinal olsayd\u0131n Portekiz\u2019 e Ayg\u0131r \u0130mam<br \/>Gel d\u00fczen meselesinde ad\u0131n\u0131 b.. latma<br \/>Dokuza \u00e7\u0131kt\u0131 m\u0131 inmez sekize Ayg\u0131r \u0130mam<\/p>\n<p>\u015eu kulaks\u0131zl\u0131\u011f\u0131n\u0131 radyo da il\u00e2n ettin<br \/>Bu rezalet foyas\u0131 \u00e7\u0131kt\u0131 dize Ayg\u0131r \u0130mam<br \/>Bir \u00e7elik par\u00e7as\u0131 davan\u0131z\u0131 tekzip etti<br \/>Sustuk amma hepimiz, ben geveze Ayg\u0131r \u0130mam<\/p>\n<p>Musik\u00ee servetinin haznesi, ardiyyesi yok<br \/>Y\u00fcklemi\u015ftir onu hak bir \u00f6k\u00fcze Ayg\u0131r \u0130mam<br \/>Bu da g\u00fcl pembesi derdin de k\u0131rard\u0131n, rekoru<br \/>Kad\u0131 olsayd\u0131n e\u011fer sen Serez\u2019e Ayg\u0131r \u0130mam<\/p>\n<p>Paraca pulca bu y\u0131l hayli kal\u0131nla\u015ft\u0131n ha<br \/>Ate\u015f-i \u201c Veyl\u00fcn lik\u00fclli h\u00fcmeze \u201d Ayg\u0131r \u0130mam<br \/>Pek zeb\u00fbn-k\u00fcs diyemem amma ezersin zay\u0131f\u0131<br \/>L\u00fcpe geldi mi tapars\u0131n semize Ayg\u0131r \u0130mam<\/p>\n<p>Yan bakars\u0131n biraya, konya\u011fa amma geriden<br \/>K\u0131\u00e7 atars\u0131n, \u015faraba, sert\u00e7e d\u00fcze Ayg\u0131r \u0130mam<br \/>Bay\u0131l\u0131rs\u0131n pilice zannederim tilki gibi<br \/>L\u00fcferin tazesi olmaz m\u0131 meze Ayg\u0131r \u0130mam<\/p>\n<p>Sald\u0131r\u0131rs\u0131n bo\u011farak na\u011fmelerinle bezme<br \/>K\u00f6fteye, meyveye, bolca \u00e7ereze Ayg\u0131r \u0130mam<br \/>Katakulli okuma, na\u011fmelerin ka\u015fkariko<br \/>Hilede ta\u015f \u00e7\u0131kar\u0131rs\u0131n Muiz\u2019e Ayg\u0131r \u0130mam<\/p>\n<p>Bir k\u00fct\u00fcks\u00fcn bu ilimde fakat asl\u0131n me\u00e7hul<br \/>Benzemezsin me\u015feye, p\u0131nala, hatta cevize Ayg\u0131r \u0130mam<br \/>Bir sicillin say\u0131l\u0131r bu yaz\u0131lar varl\u0131\u011f\u0131na<br \/>\u0130\u015fte m\u00fcsveddesi, sen \u00e7ek temize Ayg\u0131r \u0130mam<\/p>\n<p>Beyo\u011flu, 1936<\/p>\n<p>Neyzen TEVF\u0130K<\/p>\n","protected":false},"excerpt":{"rendered":"<p>\u00a0 Ben nasihat veremem ger\u00e7i size Ayg\u0131r \u0130mamKafa tutma saz i\u00e7in sen de bize Ayg\u0131r \u0130mamSu-i niyyet ta\u015f\u0131yan al\u00e7a\u011fa l\u00e2net olsunYoktur asla garaz\u0131m zat\u0131n\u0131za Ayg\u0131r \u0130mam Sana kar\u015f\u0131 k\u00f6t\u00fcl\u00fck varsa e\u011fer kalbimdeAtar\u0131m varl\u0131\u011f\u0131m\u0131 Akdeniz\u2019 e Ayg\u0131r \u0130mamSayar\u0131m hat\u0131r\u0131n\u0131, hem de seni incitmemKorkar\u0131m ta\u015f atamam ben kerize Ayg\u0131r \u0130mam Sald\u0131r\u0131\u015flarda so\u011fukkanl\u0131l\u0131\u011f\u0131n mucizedirHani \u00f6rnek gibisin \u0130ngilize Ayg\u0131r [&hellip;]<\/p>\n","protected":false},"author":1,"featured_media":0,"comment_status":"open","ping_status":"open","sticky":false,"template":"","format":"standard","meta":{"footnotes":""},"categories":[81],"tags":[],"class_list":{"0":"post-1663","1":"post","2":"type-post","3":"status-publish","4":"format-standard","6":"category-neyzen-tevfik"},"yoast_head":"<!-- This site is optimized with the Yoast SEO Premium plugin v24.9 (Yoast SEO v24.9) - https:\/\/yoast.com\/wordpress\/plugins\/seo\/ -->\n<title>AYGIR \u0130MAM - narteks.net<\/title>\n<meta name=\"robots\" content=\"index, follow, max-snippet:-1, max-image-preview:large, max-video-preview:-1\" \/>\n<link rel=\"canonical\" href=\"https:\/\/narteks.net\/index.php\/2009\/12\/02\/aygir-imam\/\" \/>\n<meta property=\"og:locale\" content=\"tr_TR\" \/>\n<meta property=\"og:type\" content=\"article\" \/>\n<meta property=\"og:title\" content=\"AYGIR \u0130MAM\" \/>\n<meta property=\"og:description\" content=\"\u00a0 Ben nasihat veremem ger\u00e7i size Ayg\u0131r \u0130mamKafa tutma saz i\u00e7in sen de bize Ayg\u0131r \u0130mamSu-i niyyet ta\u015f\u0131yan al\u00e7a\u011fa l\u00e2net olsunYoktur asla garaz\u0131m zat\u0131n\u0131za Ayg\u0131r \u0130mam Sana kar\u015f\u0131 k\u00f6t\u00fcl\u00fck varsa e\u011fer kalbimdeAtar\u0131m varl\u0131\u011f\u0131m\u0131 Akdeniz\u2019 e Ayg\u0131r \u0130mamSayar\u0131m hat\u0131r\u0131n\u0131, hem de seni incitmemKorkar\u0131m ta\u015f atamam ben kerize Ayg\u0131r \u0130mam Sald\u0131r\u0131\u015flarda so\u011fukkanl\u0131l\u0131\u011f\u0131n mucizedirHani \u00f6rnek gibisin \u0130ngilize Ayg\u0131r [&hellip;]\" \/>\n<meta property=\"og:url\" content=\"https:\/\/narteks.net\/index.php\/2009\/12\/02\/aygir-imam\/\" \/>\n<meta property=\"og:site_name\" content=\"narteks.net\" \/>\n<meta property=\"article:published_time\" content=\"2009-12-02T10:51:23+00:00\" \/>\n<meta property=\"og:image\" content=\"https:\/\/narteks.net\/wp-content\/uploads\/narteks.png\" \/>\n\t<meta property=\"og:image:width\" content=\"300\" \/>\n\t<meta property=\"og:image:height\" content=\"90\" \/>\n\t<meta property=\"og:image:type\" content=\"image\/png\" \/>\n<meta name=\"author\" content=\"Tar\u0131k\" \/>\n<meta name=\"twitter:card\" content=\"summary_large_image\" \/>\n<meta name=\"twitter:creator\" content=\"@narteks\" \/>\n<meta name=\"twitter:site\" content=\"@narteks\" \/>\n<meta name=\"twitter:label1\" content=\"Yazan:\" \/>\n\t<meta name=\"twitter:data1\" content=\"Tar\u0131k\" \/>\n\t<meta name=\"twitter:label2\" content=\"Tahmini okuma s\u00fcresi\" \/>\n\t<meta name=\"twitter:data2\" content=\"2 dakika\" \/>\n<script type=\"application\/ld+json\" class=\"yoast-schema-graph\">{\"@context\":\"https:\/\/schema.org\",\"@graph\":[{\"@type\":\"Article\",\"@id\":\"https:\/\/narteks.net\/index.php\/2009\/12\/02\/aygir-imam\/#article\",\"isPartOf\":{\"@id\":\"https:\/\/narteks.net\/index.php\/2009\/12\/02\/aygir-imam\/\"},\"author\":{\"name\":\"Tar\u0131k\",\"@id\":\"https:\/\/narteks.net\/#\/schema\/person\/61f37d9834294b72d31d274e7ed79bca\"},\"headline\":\"AYGIR \u0130MAM\",\"datePublished\":\"2009-12-02T10:51:23+00:00\",\"mainEntityOfPage\":{\"@id\":\"https:\/\/narteks.net\/index.php\/2009\/12\/02\/aygir-imam\/\"},\"wordCount\":345,\"commentCount\":0,\"publisher\":{\"@id\":\"https:\/\/narteks.net\/#organization\"},\"articleSection\":[\"Neyzen TEVF\u0130K\"],\"inLanguage\":\"tr\",\"potentialAction\":[{\"@type\":\"CommentAction\",\"name\":\"Comment\",\"target\":[\"https:\/\/narteks.net\/index.php\/2009\/12\/02\/aygir-imam\/#respond\"]}]},{\"@type\":\"WebPage\",\"@id\":\"https:\/\/narteks.net\/index.php\/2009\/12\/02\/aygir-imam\/\",\"url\":\"https:\/\/narteks.net\/index.php\/2009\/12\/02\/aygir-imam\/\",\"name\":\"AYGIR \u0130MAM - narteks.net\",\"isPartOf\":{\"@id\":\"https:\/\/narteks.net\/#website\"},\"datePublished\":\"2009-12-02T10:51:23+00:00\",\"breadcrumb\":{\"@id\":\"https:\/\/narteks.net\/index.php\/2009\/12\/02\/aygir-imam\/#breadcrumb\"},\"inLanguage\":\"tr\",\"potentialAction\":[{\"@type\":\"ReadAction\",\"target\":[\"https:\/\/narteks.net\/index.php\/2009\/12\/02\/aygir-imam\/\"]}]},{\"@type\":\"BreadcrumbList\",\"@id\":\"https:\/\/narteks.net\/index.php\/2009\/12\/02\/aygir-imam\/#breadcrumb\",\"itemListElement\":[{\"@type\":\"ListItem\",\"position\":1,\"name\":\"Anasayfa\",\"item\":\"https:\/\/narteks.net\/\"},{\"@type\":\"ListItem\",\"position\":2,\"name\":\"AYGIR \u0130MAM\"}]},{\"@type\":\"WebSite\",\"@id\":\"https:\/\/narteks.net\/#website\",\"url\":\"https:\/\/narteks.net\/\",\"name\":\"narteks.net\",\"description\":\"K\u00fclt\u00fcr Sanat Edebiyat Felsefe\",\"publisher\":{\"@id\":\"https:\/\/narteks.net\/#organization\"},\"alternateName\":\"K\u00fclt\u00fcr Sanat Edebiyat Felsefe\",\"potentialAction\":[{\"@type\":\"SearchAction\",\"target\":{\"@type\":\"EntryPoint\",\"urlTemplate\":\"https:\/\/narteks.net\/?s={search_term_string}\"},\"query-input\":{\"@type\":\"PropertyValueSpecification\",\"valueRequired\":true,\"valueName\":\"search_term_string\"}}],\"inLanguage\":\"tr\"},{\"@type\":\"Organization\",\"@id\":\"https:\/\/narteks.net\/#organization\",\"name\":\"narteks.net\",\"url\":\"https:\/\/narteks.net\/\",\"logo\":{\"@type\":\"ImageObject\",\"inLanguage\":\"tr\",\"@id\":\"https:\/\/narteks.net\/#\/schema\/logo\/image\/\",\"url\":\"https:\/\/narteks.net\/wp-content\/uploads\/narteks.png\",\"contentUrl\":\"https:\/\/narteks.net\/wp-content\/uploads\/narteks.png\",\"width\":300,\"height\":90,\"caption\":\"narteks.net\"},\"image\":{\"@id\":\"https:\/\/narteks.net\/#\/schema\/logo\/image\/\"},\"sameAs\":[\"https:\/\/x.com\/narteks\",\"https:\/\/instagram.com\/narteksnet\"]},{\"@type\":\"Person\",\"@id\":\"https:\/\/narteks.net\/#\/schema\/person\/61f37d9834294b72d31d274e7ed79bca\",\"name\":\"Tar\u0131k\",\"image\":{\"@type\":\"ImageObject\",\"inLanguage\":\"tr\",\"@id\":\"https:\/\/narteks.net\/#\/schema\/person\/image\/\",\"url\":\"https:\/\/secure.gravatar.com\/avatar\/50865afb55632c4ae467e0af0930f6510aa2297d8014be502a55b14f3b7550cf?s=96&d=mm&r=g\",\"contentUrl\":\"https:\/\/secure.gravatar.com\/avatar\/50865afb55632c4ae467e0af0930f6510aa2297d8014be502a55b14f3b7550cf?s=96&d=mm&r=g\",\"caption\":\"Tar\u0131k\"},\"sameAs\":[\"http:\/\/narteks.net\"],\"url\":\"https:\/\/narteks.net\/index.php\/author\/narbak\/\"}]}<\/script>\n<!-- \/ Yoast SEO Premium plugin. -->","yoast_head_json":{"title":"AYGIR \u0130MAM - narteks.net","robots":{"index":"index","follow":"follow","max-snippet":"max-snippet:-1","max-image-preview":"max-image-preview:large","max-video-preview":"max-video-preview:-1"},"canonical":"https:\/\/narteks.net\/index.php\/2009\/12\/02\/aygir-imam\/","og_locale":"tr_TR","og_type":"article","og_title":"AYGIR \u0130MAM","og_description":"\u00a0 Ben nasihat veremem ger\u00e7i size Ayg\u0131r \u0130mamKafa tutma saz i\u00e7in sen de bize Ayg\u0131r \u0130mamSu-i niyyet ta\u015f\u0131yan al\u00e7a\u011fa l\u00e2net olsunYoktur asla garaz\u0131m zat\u0131n\u0131za Ayg\u0131r \u0130mam Sana kar\u015f\u0131 k\u00f6t\u00fcl\u00fck varsa e\u011fer kalbimdeAtar\u0131m varl\u0131\u011f\u0131m\u0131 Akdeniz\u2019 e Ayg\u0131r \u0130mamSayar\u0131m hat\u0131r\u0131n\u0131, hem de seni incitmemKorkar\u0131m ta\u015f atamam ben kerize Ayg\u0131r \u0130mam Sald\u0131r\u0131\u015flarda so\u011fukkanl\u0131l\u0131\u011f\u0131n mucizedirHani \u00f6rnek gibisin \u0130ngilize Ayg\u0131r [&hellip;]","og_url":"https:\/\/narteks.net\/index.php\/2009\/12\/02\/aygir-imam\/","og_site_name":"narteks.net","article_published_time":"2009-12-02T10:51:23+00:00","og_image":[{"width":300,"height":90,"url":"https:\/\/narteks.net\/wp-content\/uploads\/narteks.png","type":"image\/png"}],"author":"Tar\u0131k","twitter_card":"summary_large_image","twitter_creator":"@narteks","twitter_site":"@narteks","twitter_misc":{"Yazan:":"Tar\u0131k","Tahmini okuma s\u00fcresi":"2 dakika"},"schema":{"@context":"https:\/\/schema.org","@graph":[{"@type":"Article","@id":"https:\/\/narteks.net\/index.php\/2009\/12\/02\/aygir-imam\/#article","isPartOf":{"@id":"https:\/\/narteks.net\/index.php\/2009\/12\/02\/aygir-imam\/"},"author":{"name":"Tar\u0131k","@id":"https:\/\/narteks.net\/#\/schema\/person\/61f37d9834294b72d31d274e7ed79bca"},"headline":"AYGIR \u0130MAM","datePublished":"2009-12-02T10:51:23+00:00","mainEntityOfPage":{"@id":"https:\/\/narteks.net\/index.php\/2009\/12\/02\/aygir-imam\/"},"wordCount":345,"commentCount":0,"publisher":{"@id":"https:\/\/narteks.net\/#organization"},"articleSection":["Neyzen TEVF\u0130K"],"inLanguage":"tr","potentialAction":[{"@type":"CommentAction","name":"Comment","target":["https:\/\/narteks.net\/index.php\/2009\/12\/02\/aygir-imam\/#respond"]}]},{"@type":"WebPage","@id":"https:\/\/narteks.net\/index.php\/2009\/12\/02\/aygir-imam\/","url":"https:\/\/narteks.net\/index.php\/2009\/12\/02\/aygir-imam\/","name":"AYGIR \u0130MAM - narteks.net","isPartOf":{"@id":"https:\/\/narteks.net\/#website"},"datePublished":"2009-12-02T10:51:23+00:00","breadcrumb":{"@id":"https:\/\/narteks.net\/index.php\/2009\/12\/02\/aygir-imam\/#breadcrumb"},"inLanguage":"tr","potentialAction":[{"@type":"ReadAction","target":["https:\/\/narteks.net\/index.php\/2009\/12\/02\/aygir-imam\/"]}]},{"@type":"BreadcrumbList","@id":"https:\/\/narteks.net\/index.php\/2009\/12\/02\/aygir-imam\/#breadcrumb","itemListElement":[{"@type":"ListItem","position":1,"name":"Anasayfa","item":"https:\/\/narteks.net\/"},{"@type":"ListItem","position":2,"name":"AYGIR \u0130MAM"}]},{"@type":"WebSite","@id":"https:\/\/narteks.net\/#website","url":"https:\/\/narteks.net\/","name":"narteks.net","description":"K\u00fclt\u00fcr Sanat Edebiyat Felsefe","publisher":{"@id":"https:\/\/narteks.net\/#organization"},"alternateName":"K\u00fclt\u00fcr Sanat Edebiyat Felsefe","potentialAction":[{"@type":"SearchAction","target":{"@type":"EntryPoint","urlTemplate":"https:\/\/narteks.net\/?s={search_term_string}"},"query-input":{"@type":"PropertyValueSpecification","valueRequired":true,"valueName":"search_term_string"}}],"inLanguage":"tr"},{"@type":"Organization","@id":"https:\/\/narteks.net\/#organization","name":"narteks.net","url":"https:\/\/narteks.net\/","logo":{"@type":"ImageObject","inLanguage":"tr","@id":"https:\/\/narteks.net\/#\/schema\/logo\/image\/","url":"https:\/\/narteks.net\/wp-content\/uploads\/narteks.png","contentUrl":"https:\/\/narteks.net\/wp-content\/uploads\/narteks.png","width":300,"height":90,"caption":"narteks.net"},"image":{"@id":"https:\/\/narteks.net\/#\/schema\/logo\/image\/"},"sameAs":["https:\/\/x.com\/narteks","https:\/\/instagram.com\/narteksnet"]},{"@type":"Person","@id":"https:\/\/narteks.net\/#\/schema\/person\/61f37d9834294b72d31d274e7ed79bca","name":"Tar\u0131k","image":{"@type":"ImageObject","inLanguage":"tr","@id":"https:\/\/narteks.net\/#\/schema\/person\/image\/","url":"https:\/\/secure.gravatar.com\/avatar\/50865afb55632c4ae467e0af0930f6510aa2297d8014be502a55b14f3b7550cf?s=96&d=mm&r=g","contentUrl":"https:\/\/secure.gravatar.com\/avatar\/50865afb55632c4ae467e0af0930f6510aa2297d8014be502a55b14f3b7550cf?s=96&d=mm&r=g","caption":"Tar\u0131k"},"sameAs":["http:\/\/narteks.net"],"url":"https:\/\/narteks.net\/index.php\/author\/narbak\/"}]}},"_links":{"self":[{"href":"https:\/\/narteks.net\/index.php\/wp-json\/wp\/v2\/posts\/1663","targetHints":{"allow":["GET"]}}],"collection":[{"href":"https:\/\/narteks.net\/index.php\/wp-json\/wp\/v2\/posts"}],"about":[{"href":"https:\/\/narteks.net\/index.php\/wp-json\/wp\/v2\/types\/post"}],"author":[{"embeddable":true,"href":"https:\/\/narteks.net\/index.php\/wp-json\/wp\/v2\/users\/1"}],"replies":[{"embeddable":true,"href":"https:\/\/narteks.net\/index.php\/wp-json\/wp\/v2\/comments?post=1663"}],"version-history":[{"count":0,"href":"https:\/\/narteks.net\/index.php\/wp-json\/wp\/v2\/posts\/1663\/revisions"}],"wp:attachment":[{"href":"https:\/\/narteks.net\/index.php\/wp-json\/wp\/v2\/media?parent=1663"}],"wp:term":[{"taxonomy":"category","embeddable":true,"href":"https:\/\/narteks.net\/index.php\/wp-json\/wp\/v2\/categories?post=1663"},{"taxonomy":"post_tag","embeddable":true,"href":"https:\/\/narteks.net\/index.php\/wp-json\/wp\/v2\/tags?post=1663"}],"curies":[{"name":"wp","href":"https:\/\/api.w.org\/{rel}","templated":true}]}}