{"id":1666,"date":"2009-12-02T13:53:17","date_gmt":"2009-12-02T10:53:17","guid":{"rendered":"http:\/\/localhost\/wordpress\/2009\/12\/02\/mesime-i-ummid\/"},"modified":"2009-12-02T13:53:17","modified_gmt":"2009-12-02T10:53:17","slug":"mesime-i-ummid","status":"publish","type":"post","link":"https:\/\/narteks.net\/index.php\/2009\/12\/02\/mesime-i-ummid\/","title":{"rendered":"ME\u015eIME-I \u00dcMMID"},"content":{"rendered":"<p>\u00a0<\/p>\n<p>Deli g\u00f6n\u00fcl, dald\u0131n yine engine,<br \/>Hat\u0131r\u0131ndan neler gelip ge\u00e7iyor?<br \/>\u015earktan garba, garbdan \u015farka u\u00e7u\u015fan<br \/>Bulutlardan haber gelip ge\u00e7iyor.<\/p>\n<p>Sevir\u2019 deki mu\u00e2hede, siyaset,<br \/>\u00c7oktan \u00e7\u00f6kt\u00fc, bunu bilmek m\u00e2haret.<br \/>Ker\u00e2mete k\u0131\u00e7 att\u0131ran fer\u00e2set<br \/>Postas\u0131 her sefer gelip ge\u00e7iyor.<\/p>\n<p>Bakt\u0131m harbin y\u0131ld\u0131z\u0131na, \u015febine:<br \/>Emperyalist kaynayacak dibine.<br \/>Derin duyan her devletin kalbine<br \/>Y\u0131rt\u0131c\u0131 bir hatar gelip ge\u00e7iyor.<\/p>\n<p>Bir siyaset, bu saltanat, bu ni\u015fan,<br \/>Avlanan vicdana bir kanl\u0131 kapan,<br \/>Alt\u0131 bin y\u0131l bu, l\u00e2f de\u011fil, \u00e7arp\u0131\u015fan<br \/>K\u0131l\u0131\u00e7lardan be\u015fer gelip ge\u00e7iyor.<\/p>\n<p>Bu bayra\u011f\u0131n m\u0131zra\u011f\u0131n\u0131n ucunda<br \/>Bir el g\u00f6rd\u00fcm, k\u00fcre var avucunda,<br \/>Keh\u00e2netin T\u00fcrk\u2019 e ait burcunda,<br \/>Yeni bir \u015fahaser gelip ge\u00e7iyor.<\/p>\n<p>Mebdeine kadar bakt\u0131m hilkatin,<br \/>G\u00f6z gezdirdim d\u00fc\u015fturuna vahdetin<br \/>Milletine y\u00e2r olmayan devletin<br \/>Kap\u0131s\u0131ndan zafer gelip ge\u00e7iyor.<\/p>\n<p>Neyzen! \u0130nsanlar\u0131n her bir kat\u0131nda<br \/>G\u00f6n\u00fcl g\u00f6z\u00fc az, gencinde, kart\u0131nda,<br \/>\u00dcniforma sand\u0131\u011f\u0131m\u0131z s\u0131rt\u0131nda<br \/>P\u0131ht\u0131dan bir semer, ge\u015fip ge\u00e7iyor.<\/p>\n<p>T\u0131p Fak\u00fcltesi Hastanesi 1337<\/p>\n<p>Neyzen TEVF\u0130K<\/p>\n","protected":false},"excerpt":{"rendered":"<p>\u00a0 Deli g\u00f6n\u00fcl, dald\u0131n yine engine,Hat\u0131r\u0131ndan neler gelip ge\u00e7iyor?\u015earktan garba, garbdan \u015farka u\u00e7u\u015fanBulutlardan haber gelip ge\u00e7iyor. Sevir\u2019 deki mu\u00e2hede, siyaset,\u00c7oktan \u00e7\u00f6kt\u00fc, bunu bilmek m\u00e2haret.Ker\u00e2mete k\u0131\u00e7 att\u0131ran fer\u00e2setPostas\u0131 her sefer gelip ge\u00e7iyor. Bakt\u0131m harbin y\u0131ld\u0131z\u0131na, \u015febine:Emperyalist kaynayacak dibine.Derin duyan her devletin kalbineY\u0131rt\u0131c\u0131 bir hatar gelip ge\u00e7iyor. Bir siyaset, bu saltanat, bu ni\u015fan,Avlanan vicdana bir kanl\u0131 kapan,Alt\u0131 [&hellip;]<\/p>\n","protected":false},"author":1,"featured_media":0,"comment_status":"open","ping_status":"open","sticky":false,"template":"","format":"standard","meta":{"footnotes":""},"categories":[81],"tags":[],"class_list":{"0":"post-1666","1":"post","2":"type-post","3":"status-publish","4":"format-standard","6":"category-neyzen-tevfik"},"yoast_head":"<!-- This site is optimized with the Yoast SEO Premium plugin v24.9 (Yoast SEO v24.9) - https:\/\/yoast.com\/wordpress\/plugins\/seo\/ -->\n<title>ME\u015eIME-I \u00dcMMID - narteks.net<\/title>\n<meta name=\"robots\" content=\"index, follow, max-snippet:-1, max-image-preview:large, max-video-preview:-1\" \/>\n<link rel=\"canonical\" href=\"https:\/\/narteks.net\/index.php\/2009\/12\/02\/mesime-i-ummid\/\" \/>\n<meta property=\"og:locale\" content=\"tr_TR\" \/>\n<meta property=\"og:type\" content=\"article\" \/>\n<meta property=\"og:title\" content=\"ME\u015eIME-I \u00dcMMID\" \/>\n<meta property=\"og:description\" content=\"\u00a0 Deli g\u00f6n\u00fcl, dald\u0131n yine engine,Hat\u0131r\u0131ndan neler gelip ge\u00e7iyor?\u015earktan garba, garbdan \u015farka u\u00e7u\u015fanBulutlardan haber gelip ge\u00e7iyor. Sevir\u2019 deki mu\u00e2hede, siyaset,\u00c7oktan \u00e7\u00f6kt\u00fc, bunu bilmek m\u00e2haret.Ker\u00e2mete k\u0131\u00e7 att\u0131ran fer\u00e2setPostas\u0131 her sefer gelip ge\u00e7iyor. Bakt\u0131m harbin y\u0131ld\u0131z\u0131na, \u015febine:Emperyalist kaynayacak dibine.Derin duyan her devletin kalbineY\u0131rt\u0131c\u0131 bir hatar gelip ge\u00e7iyor. Bir siyaset, bu saltanat, bu ni\u015fan,Avlanan vicdana bir kanl\u0131 kapan,Alt\u0131 [&hellip;]\" \/>\n<meta property=\"og:url\" content=\"https:\/\/narteks.net\/index.php\/2009\/12\/02\/mesime-i-ummid\/\" \/>\n<meta property=\"og:site_name\" content=\"narteks.net\" \/>\n<meta property=\"article:published_time\" content=\"2009-12-02T10:53:17+00:00\" \/>\n<meta property=\"og:image\" content=\"https:\/\/narteks.net\/wp-content\/uploads\/narteks.png\" \/>\n\t<meta property=\"og:image:width\" content=\"300\" \/>\n\t<meta property=\"og:image:height\" content=\"90\" \/>\n\t<meta property=\"og:image:type\" content=\"image\/png\" \/>\n<meta name=\"author\" content=\"Tar\u0131k\" \/>\n<meta name=\"twitter:card\" content=\"summary_large_image\" \/>\n<meta name=\"twitter:creator\" content=\"@narteks\" \/>\n<meta name=\"twitter:site\" content=\"@narteks\" \/>\n<meta name=\"twitter:label1\" content=\"Yazan:\" \/>\n\t<meta name=\"twitter:data1\" content=\"Tar\u0131k\" \/>\n\t<meta name=\"twitter:label2\" content=\"Tahmini okuma s\u00fcresi\" \/>\n\t<meta name=\"twitter:data2\" content=\"1 dakika\" \/>\n<script type=\"application\/ld+json\" class=\"yoast-schema-graph\">{\"@context\":\"https:\/\/schema.org\",\"@graph\":[{\"@type\":\"Article\",\"@id\":\"https:\/\/narteks.net\/index.php\/2009\/12\/02\/mesime-i-ummid\/#article\",\"isPartOf\":{\"@id\":\"https:\/\/narteks.net\/index.php\/2009\/12\/02\/mesime-i-ummid\/\"},\"author\":{\"name\":\"Tar\u0131k\",\"@id\":\"https:\/\/narteks.net\/#\/schema\/person\/61f37d9834294b72d31d274e7ed79bca\"},\"headline\":\"ME\u015eIME-I \u00dcMMID\",\"datePublished\":\"2009-12-02T10:53:17+00:00\",\"mainEntityOfPage\":{\"@id\":\"https:\/\/narteks.net\/index.php\/2009\/12\/02\/mesime-i-ummid\/\"},\"wordCount\":193,\"commentCount\":0,\"publisher\":{\"@id\":\"https:\/\/narteks.net\/#organization\"},\"articleSection\":[\"Neyzen TEVF\u0130K\"],\"inLanguage\":\"tr\",\"potentialAction\":[{\"@type\":\"CommentAction\",\"name\":\"Comment\",\"target\":[\"https:\/\/narteks.net\/index.php\/2009\/12\/02\/mesime-i-ummid\/#respond\"]}]},{\"@type\":\"WebPage\",\"@id\":\"https:\/\/narteks.net\/index.php\/2009\/12\/02\/mesime-i-ummid\/\",\"url\":\"https:\/\/narteks.net\/index.php\/2009\/12\/02\/mesime-i-ummid\/\",\"name\":\"ME\u015eIME-I \u00dcMMID - narteks.net\",\"isPartOf\":{\"@id\":\"https:\/\/narteks.net\/#website\"},\"datePublished\":\"2009-12-02T10:53:17+00:00\",\"breadcrumb\":{\"@id\":\"https:\/\/narteks.net\/index.php\/2009\/12\/02\/mesime-i-ummid\/#breadcrumb\"},\"inLanguage\":\"tr\",\"potentialAction\":[{\"@type\":\"ReadAction\",\"target\":[\"https:\/\/narteks.net\/index.php\/2009\/12\/02\/mesime-i-ummid\/\"]}]},{\"@type\":\"BreadcrumbList\",\"@id\":\"https:\/\/narteks.net\/index.php\/2009\/12\/02\/mesime-i-ummid\/#breadcrumb\",\"itemListElement\":[{\"@type\":\"ListItem\",\"position\":1,\"name\":\"Anasayfa\",\"item\":\"https:\/\/narteks.net\/\"},{\"@type\":\"ListItem\",\"position\":2,\"name\":\"ME\u015eIME-I \u00dcMMID\"}]},{\"@type\":\"WebSite\",\"@id\":\"https:\/\/narteks.net\/#website\",\"url\":\"https:\/\/narteks.net\/\",\"name\":\"narteks.net\",\"description\":\"K\u00fclt\u00fcr Sanat Edebiyat Felsefe\",\"publisher\":{\"@id\":\"https:\/\/narteks.net\/#organization\"},\"alternateName\":\"K\u00fclt\u00fcr Sanat Edebiyat Felsefe\",\"potentialAction\":[{\"@type\":\"SearchAction\",\"target\":{\"@type\":\"EntryPoint\",\"urlTemplate\":\"https:\/\/narteks.net\/?s={search_term_string}\"},\"query-input\":{\"@type\":\"PropertyValueSpecification\",\"valueRequired\":true,\"valueName\":\"search_term_string\"}}],\"inLanguage\":\"tr\"},{\"@type\":\"Organization\",\"@id\":\"https:\/\/narteks.net\/#organization\",\"name\":\"narteks.net\",\"url\":\"https:\/\/narteks.net\/\",\"logo\":{\"@type\":\"ImageObject\",\"inLanguage\":\"tr\",\"@id\":\"https:\/\/narteks.net\/#\/schema\/logo\/image\/\",\"url\":\"https:\/\/narteks.net\/wp-content\/uploads\/narteks.png\",\"contentUrl\":\"https:\/\/narteks.net\/wp-content\/uploads\/narteks.png\",\"width\":300,\"height\":90,\"caption\":\"narteks.net\"},\"image\":{\"@id\":\"https:\/\/narteks.net\/#\/schema\/logo\/image\/\"},\"sameAs\":[\"https:\/\/x.com\/narteks\",\"https:\/\/instagram.com\/narteksnet\"]},{\"@type\":\"Person\",\"@id\":\"https:\/\/narteks.net\/#\/schema\/person\/61f37d9834294b72d31d274e7ed79bca\",\"name\":\"Tar\u0131k\",\"image\":{\"@type\":\"ImageObject\",\"inLanguage\":\"tr\",\"@id\":\"https:\/\/narteks.net\/#\/schema\/person\/image\/\",\"url\":\"https:\/\/secure.gravatar.com\/avatar\/50865afb55632c4ae467e0af0930f6510aa2297d8014be502a55b14f3b7550cf?s=96&d=mm&r=g\",\"contentUrl\":\"https:\/\/secure.gravatar.com\/avatar\/50865afb55632c4ae467e0af0930f6510aa2297d8014be502a55b14f3b7550cf?s=96&d=mm&r=g\",\"caption\":\"Tar\u0131k\"},\"sameAs\":[\"http:\/\/narteks.net\"],\"url\":\"https:\/\/narteks.net\/index.php\/author\/narbak\/\"}]}<\/script>\n<!-- \/ Yoast SEO Premium plugin. -->","yoast_head_json":{"title":"ME\u015eIME-I \u00dcMMID - narteks.net","robots":{"index":"index","follow":"follow","max-snippet":"max-snippet:-1","max-image-preview":"max-image-preview:large","max-video-preview":"max-video-preview:-1"},"canonical":"https:\/\/narteks.net\/index.php\/2009\/12\/02\/mesime-i-ummid\/","og_locale":"tr_TR","og_type":"article","og_title":"ME\u015eIME-I \u00dcMMID","og_description":"\u00a0 Deli g\u00f6n\u00fcl, dald\u0131n yine engine,Hat\u0131r\u0131ndan neler gelip ge\u00e7iyor?\u015earktan garba, garbdan \u015farka u\u00e7u\u015fanBulutlardan haber gelip ge\u00e7iyor. Sevir\u2019 deki mu\u00e2hede, siyaset,\u00c7oktan \u00e7\u00f6kt\u00fc, bunu bilmek m\u00e2haret.Ker\u00e2mete k\u0131\u00e7 att\u0131ran fer\u00e2setPostas\u0131 her sefer gelip ge\u00e7iyor. Bakt\u0131m harbin y\u0131ld\u0131z\u0131na, \u015febine:Emperyalist kaynayacak dibine.Derin duyan her devletin kalbineY\u0131rt\u0131c\u0131 bir hatar gelip ge\u00e7iyor. Bir siyaset, bu saltanat, bu ni\u015fan,Avlanan vicdana bir kanl\u0131 kapan,Alt\u0131 [&hellip;]","og_url":"https:\/\/narteks.net\/index.php\/2009\/12\/02\/mesime-i-ummid\/","og_site_name":"narteks.net","article_published_time":"2009-12-02T10:53:17+00:00","og_image":[{"width":300,"height":90,"url":"https:\/\/narteks.net\/wp-content\/uploads\/narteks.png","type":"image\/png"}],"author":"Tar\u0131k","twitter_card":"summary_large_image","twitter_creator":"@narteks","twitter_site":"@narteks","twitter_misc":{"Yazan:":"Tar\u0131k","Tahmini okuma s\u00fcresi":"1 dakika"},"schema":{"@context":"https:\/\/schema.org","@graph":[{"@type":"Article","@id":"https:\/\/narteks.net\/index.php\/2009\/12\/02\/mesime-i-ummid\/#article","isPartOf":{"@id":"https:\/\/narteks.net\/index.php\/2009\/12\/02\/mesime-i-ummid\/"},"author":{"name":"Tar\u0131k","@id":"https:\/\/narteks.net\/#\/schema\/person\/61f37d9834294b72d31d274e7ed79bca"},"headline":"ME\u015eIME-I \u00dcMMID","datePublished":"2009-12-02T10:53:17+00:00","mainEntityOfPage":{"@id":"https:\/\/narteks.net\/index.php\/2009\/12\/02\/mesime-i-ummid\/"},"wordCount":193,"commentCount":0,"publisher":{"@id":"https:\/\/narteks.net\/#organization"},"articleSection":["Neyzen TEVF\u0130K"],"inLanguage":"tr","potentialAction":[{"@type":"CommentAction","name":"Comment","target":["https:\/\/narteks.net\/index.php\/2009\/12\/02\/mesime-i-ummid\/#respond"]}]},{"@type":"WebPage","@id":"https:\/\/narteks.net\/index.php\/2009\/12\/02\/mesime-i-ummid\/","url":"https:\/\/narteks.net\/index.php\/2009\/12\/02\/mesime-i-ummid\/","name":"ME\u015eIME-I \u00dcMMID - narteks.net","isPartOf":{"@id":"https:\/\/narteks.net\/#website"},"datePublished":"2009-12-02T10:53:17+00:00","breadcrumb":{"@id":"https:\/\/narteks.net\/index.php\/2009\/12\/02\/mesime-i-ummid\/#breadcrumb"},"inLanguage":"tr","potentialAction":[{"@type":"ReadAction","target":["https:\/\/narteks.net\/index.php\/2009\/12\/02\/mesime-i-ummid\/"]}]},{"@type":"BreadcrumbList","@id":"https:\/\/narteks.net\/index.php\/2009\/12\/02\/mesime-i-ummid\/#breadcrumb","itemListElement":[{"@type":"ListItem","position":1,"name":"Anasayfa","item":"https:\/\/narteks.net\/"},{"@type":"ListItem","position":2,"name":"ME\u015eIME-I \u00dcMMID"}]},{"@type":"WebSite","@id":"https:\/\/narteks.net\/#website","url":"https:\/\/narteks.net\/","name":"narteks.net","description":"K\u00fclt\u00fcr Sanat Edebiyat Felsefe","publisher":{"@id":"https:\/\/narteks.net\/#organization"},"alternateName":"K\u00fclt\u00fcr Sanat Edebiyat Felsefe","potentialAction":[{"@type":"SearchAction","target":{"@type":"EntryPoint","urlTemplate":"https:\/\/narteks.net\/?s={search_term_string}"},"query-input":{"@type":"PropertyValueSpecification","valueRequired":true,"valueName":"search_term_string"}}],"inLanguage":"tr"},{"@type":"Organization","@id":"https:\/\/narteks.net\/#organization","name":"narteks.net","url":"https:\/\/narteks.net\/","logo":{"@type":"ImageObject","inLanguage":"tr","@id":"https:\/\/narteks.net\/#\/schema\/logo\/image\/","url":"https:\/\/narteks.net\/wp-content\/uploads\/narteks.png","contentUrl":"https:\/\/narteks.net\/wp-content\/uploads\/narteks.png","width":300,"height":90,"caption":"narteks.net"},"image":{"@id":"https:\/\/narteks.net\/#\/schema\/logo\/image\/"},"sameAs":["https:\/\/x.com\/narteks","https:\/\/instagram.com\/narteksnet"]},{"@type":"Person","@id":"https:\/\/narteks.net\/#\/schema\/person\/61f37d9834294b72d31d274e7ed79bca","name":"Tar\u0131k","image":{"@type":"ImageObject","inLanguage":"tr","@id":"https:\/\/narteks.net\/#\/schema\/person\/image\/","url":"https:\/\/secure.gravatar.com\/avatar\/50865afb55632c4ae467e0af0930f6510aa2297d8014be502a55b14f3b7550cf?s=96&d=mm&r=g","contentUrl":"https:\/\/secure.gravatar.com\/avatar\/50865afb55632c4ae467e0af0930f6510aa2297d8014be502a55b14f3b7550cf?s=96&d=mm&r=g","caption":"Tar\u0131k"},"sameAs":["http:\/\/narteks.net"],"url":"https:\/\/narteks.net\/index.php\/author\/narbak\/"}]}},"_links":{"self":[{"href":"https:\/\/narteks.net\/index.php\/wp-json\/wp\/v2\/posts\/1666","targetHints":{"allow":["GET"]}}],"collection":[{"href":"https:\/\/narteks.net\/index.php\/wp-json\/wp\/v2\/posts"}],"about":[{"href":"https:\/\/narteks.net\/index.php\/wp-json\/wp\/v2\/types\/post"}],"author":[{"embeddable":true,"href":"https:\/\/narteks.net\/index.php\/wp-json\/wp\/v2\/users\/1"}],"replies":[{"embeddable":true,"href":"https:\/\/narteks.net\/index.php\/wp-json\/wp\/v2\/comments?post=1666"}],"version-history":[{"count":0,"href":"https:\/\/narteks.net\/index.php\/wp-json\/wp\/v2\/posts\/1666\/revisions"}],"wp:attachment":[{"href":"https:\/\/narteks.net\/index.php\/wp-json\/wp\/v2\/media?parent=1666"}],"wp:term":[{"taxonomy":"category","embeddable":true,"href":"https:\/\/narteks.net\/index.php\/wp-json\/wp\/v2\/categories?post=1666"},{"taxonomy":"post_tag","embeddable":true,"href":"https:\/\/narteks.net\/index.php\/wp-json\/wp\/v2\/tags?post=1666"}],"curies":[{"name":"wp","href":"https:\/\/api.w.org\/{rel}","templated":true}]}}