{"id":1667,"date":"2009-12-02T13:53:54","date_gmt":"2009-12-02T10:53:54","guid":{"rendered":"http:\/\/localhost\/wordpress\/2009\/12\/02\/akin\/"},"modified":"2009-12-02T13:53:54","modified_gmt":"2009-12-02T10:53:54","slug":"akin","status":"publish","type":"post","link":"https:\/\/narteks.net\/index.php\/2009\/12\/02\/akin\/","title":{"rendered":"AKIN"},"content":{"rendered":"<p>\u00a0<\/p>\n<p>Essel\u00e2m ey ulucan, \u0130bn-i S\u00fcreyya K\u00f6r Ali<br \/>B\u00e2b-\u0131 Haydar\u2019 da tev\u00e2r\u00fcsle m\u00fcheyy\u00e2 K\u00f6r Ali<br \/>Nam-\u0131 zat\u0131n Ali \u0130hsan da olur ya K\u00f6r Ali<br \/>K\u00fcnyeni b\u00f6ylece yazmaktaki mana K\u00f6r Ali<br \/>Her muhatap nazar-\u0131 dilde ser\u00e2p\u00e2 K\u00f6r Ali<\/p>\n<p>K\u00fcnyeniz ailece; eski K\u0131z\u0131lba\u015fo\u011flu<br \/>K\u00f6k\u00fcn\u00fczden ba\u015f\u0131n\u0131z Bab\u0131\u00e2li\u2019 ye ba\u011flu<br \/>Bilirim ki y\u00fcre\u011fin derd-i vatanla o\u011fulu<br \/>Ger\u00e7i devlet ile hemsin, bu siyaset, bu gul\u00fb<br \/>Bence tarihi de b\u0131kt\u0131rd\u0131 bu dava K\u00f6r Ali<\/p>\n<p>Pek kolayl\u0131k ile olmaz bu i\u015fin tesviyesi<br \/>\u015eekl-i milliyeti bozmu\u015f, tepeden zaviyesi<br \/>Yeni ba\u015ftan yap\u0131n\u0131z sahneyi, fikri, piyesi<br \/>Dolmas\u0131n bir s\u00fcr\u00fc s\u0131rtlanla amel nahiyesi<br \/>Bir iken tecr\u00fcbeniz oldu d\u00fc-b\u00e2l\u00e2 K\u00f6r Ali<\/p>\n<p>Her taraftan yine c\u00fb\u015f\u00e2n oluyor, ehl-i hul\u00fbl<br \/>Semtiniz olmada \u00e7ok al\u00e7a\u011fa mers\u00e2-y\u0131 vus\u00fbl<br \/>Bulmas\u0131n fikr-i ed\u00e2n\u00ee v\u00fc fiten c\u00e2y-\u0131 hus\u00fbl<br \/>\u00c7evirin ters y\u00fcz\u00fcne bunlar\u0131 ettirme kabul<br \/>Oluyor hemdeminiz bir s\u00fcr\u00fc edn\u00e2 K\u00f6r Ali<\/p>\n<p>A\u00e7maz\u0131n hurdesi mal\u00fbm ya d\u0131\u015far\u0131dan g\u00f6r\u00fcn\u00fcr<br \/>R\u00fbh-\u0131 maksat bilenin fikrine her an g\u00f6r\u00fcn\u00fcr<br \/>Tecr\u00fcbe ehline \u00e2y\u00eene-i devr\u00e2n g\u00f6r\u00fcn\u00fcr<br \/>Hall-i esrar-\u0131 muamma sana rah\u015f\u00e2n g\u00f6r\u00fcn\u00fcr<br \/>M\u00fcnke\u015fiftir sana bu ka\u2019r-\u0131 muamma K\u00f6r Ali<\/p>\n<p>Rehberin \u015fule-i tarih-i m\u00fckerrer olsun<br \/>Maksad\u0131n hikmet-i azminle mukadder olsun<br \/>Tarh u z\u00e2idle bu i\u015f vahdete m\u00fcncer olsun<br \/>Ge\u00e7en \u00e2s\u00e2r-\u0131 vek\u00e2yi\u2019 sana ezber olsun<br \/>Ortadan kalkar adamla bu bel\u00e2ya K\u00f6r Ali<\/p>\n<p>\u0130hitya\u00e7 artmal\u0131 takd\u00ees ile ehl-i h\u00fcnere<br \/>Nazar-\u0131 gaye uzand\u0131k\u00e7a, huzur-\u0131 be\u015fere<br \/>Verme y\u00fcz sanata b\u00eeg\u00e2ne olan derbedere<br \/>Olmal\u0131 hisle m\u00fccehhez yaz\u0131lan bu sefere<br \/>Etmeyin soysuzu ikd\u00e2r ile b\u00e2l\u00e2 K\u00f6r Ali<\/p>\n<p>Almay\u0131n mahfel-i fikre edev\u00e2t-\u0131 kenefi<br \/>Se\u00e7in e\u015fh\u00e2s-\u0131 h\u0131yanet ile ehl-i \u015ferefi<br \/>\u00c7\u0131kmas\u0131n ahd-\u0131 karibin yine \u015ferr\u00fc\u2019 l- halefi<br \/>Size atfen, kokuyor bir nice \u00e2m\u00e2l-i haf\u00ee<br \/>Hakka kar\u015f\u0131 \u00fcr\u00fcyor eski hey\u00fbl\u00e2 K\u00f6r Ali<\/p>\n<p>Fikr-i icad-\u0131 hayat-\u0131 nev olursa hidem\u00e2t<br \/>Yok, de\u011fildir, bu cihet\u00e7e, elinizde \u00e2lat<br \/>S\u0131..lan b..lar\u0131 tath\u00eere gerek tens\u00eek\u00e2t<br \/>Ediniz ehl-i fez\u00e2ille bu sa\u2019yi ispat<br \/>Olmas\u0131n sahn-\u0131 vatan al\u00e7a\u011fa me\u2019va K\u00f6r Ali<\/p>\n<p>Herkesin lokmas\u0131 bir cevher olursa, i\u015fine<br \/>Uyar edv\u00e2r-\u0131 siyaset fele\u011fin gerdi\u015fine<br \/>Takmay\u0131n her \u201cit\u201d i bu mevkib-i sa\u2019yin pe\u015fine<br \/>Bu demir leblebidir, gelmez es\u00e2fil di\u015fine<br \/>Ehl-i hak belli olur l\u00e2hzada ra\u2019 na K\u00f6r Ali<\/p>\n<p>Beslenir r\u00fby-\u0131 mel\u00e2hat diye bin \u015fahs-\u0131 kab\u00eeh<br \/>Bunlar\u0131n varl\u0131\u011f\u0131d\u0131r millet i\u00e7in zulm-\u0131 sar\u00eeh<br \/>Sine-i devleti tarih ile ettik te\u015fr\u00eeh<br \/>A\u015fik\u00e2r oldu, maraz, ge\u00e7ti, nezaket, telm\u00eeh<br \/>\u0130\u015f bu merkezde diyor c\u00fcmle etibb\u00e2 K\u00f6r Ali<\/p>\n<p>Haladan geldi a sor akl\u0131ma ey merd-i metin<br \/>G\u00f6steri\u015f, ak\u0131beti her vakit eyler tayin<br \/>Ist\u0131f\u00e2\u2019 ya o kadar te\u015fne ki bu fikr \u00fc zemin<br \/>\u0130\u015finizde hak erenler ola himmetle mu\u2019\u00een<br \/>Do\u011fruya yard\u0131m eder Hazret-i Mevl\u00e2 K\u00f6r Ali<\/p>\n<p>T\u0131p Fak\u00fcltesi Hastanesi Haydarpa\u015fa 1337<\/p>\n<p>Neyzen TEVF\u0130K<\/p>\n","protected":false},"excerpt":{"rendered":"<p>\u00a0 Essel\u00e2m ey ulucan, \u0130bn-i S\u00fcreyya K\u00f6r AliB\u00e2b-\u0131 Haydar\u2019 da tev\u00e2r\u00fcsle m\u00fcheyy\u00e2 K\u00f6r AliNam-\u0131 zat\u0131n Ali \u0130hsan da olur ya K\u00f6r AliK\u00fcnyeni b\u00f6ylece yazmaktaki mana K\u00f6r AliHer muhatap nazar-\u0131 dilde ser\u00e2p\u00e2 K\u00f6r Ali K\u00fcnyeniz ailece; eski K\u0131z\u0131lba\u015fo\u011fluK\u00f6k\u00fcn\u00fczden ba\u015f\u0131n\u0131z Bab\u0131\u00e2li\u2019 ye ba\u011fluBilirim ki y\u00fcre\u011fin derd-i vatanla o\u011fuluGer\u00e7i devlet ile hemsin, bu siyaset, bu gul\u00fbBence tarihi de [&hellip;]<\/p>\n","protected":false},"author":1,"featured_media":0,"comment_status":"open","ping_status":"open","sticky":false,"template":"","format":"standard","meta":{"footnotes":""},"categories":[81],"tags":[],"class_list":{"0":"post-1667","1":"post","2":"type-post","3":"status-publish","4":"format-standard","6":"category-neyzen-tevfik"},"yoast_head":"<!-- This site is optimized with the Yoast SEO Premium plugin v24.9 (Yoast SEO v24.9) - https:\/\/yoast.com\/wordpress\/plugins\/seo\/ -->\n<title>AKIN - narteks.net<\/title>\n<meta name=\"robots\" content=\"index, follow, max-snippet:-1, max-image-preview:large, max-video-preview:-1\" \/>\n<link rel=\"canonical\" href=\"https:\/\/narteks.net\/index.php\/2009\/12\/02\/akin\/\" \/>\n<meta property=\"og:locale\" content=\"tr_TR\" \/>\n<meta property=\"og:type\" content=\"article\" \/>\n<meta property=\"og:title\" content=\"AKIN\" \/>\n<meta property=\"og:description\" content=\"\u00a0 Essel\u00e2m ey ulucan, \u0130bn-i S\u00fcreyya K\u00f6r AliB\u00e2b-\u0131 Haydar\u2019 da tev\u00e2r\u00fcsle m\u00fcheyy\u00e2 K\u00f6r AliNam-\u0131 zat\u0131n Ali \u0130hsan da olur ya K\u00f6r AliK\u00fcnyeni b\u00f6ylece yazmaktaki mana K\u00f6r AliHer muhatap nazar-\u0131 dilde ser\u00e2p\u00e2 K\u00f6r Ali K\u00fcnyeniz ailece; eski K\u0131z\u0131lba\u015fo\u011fluK\u00f6k\u00fcn\u00fczden ba\u015f\u0131n\u0131z Bab\u0131\u00e2li\u2019 ye ba\u011fluBilirim ki y\u00fcre\u011fin derd-i vatanla o\u011fuluGer\u00e7i devlet ile hemsin, bu siyaset, bu gul\u00fbBence tarihi de [&hellip;]\" \/>\n<meta property=\"og:url\" content=\"https:\/\/narteks.net\/index.php\/2009\/12\/02\/akin\/\" \/>\n<meta property=\"og:site_name\" content=\"narteks.net\" \/>\n<meta property=\"article:published_time\" content=\"2009-12-02T10:53:54+00:00\" \/>\n<meta property=\"og:image\" content=\"https:\/\/narteks.net\/wp-content\/uploads\/narteks.png\" \/>\n\t<meta property=\"og:image:width\" content=\"300\" \/>\n\t<meta property=\"og:image:height\" content=\"90\" \/>\n\t<meta property=\"og:image:type\" content=\"image\/png\" \/>\n<meta name=\"author\" content=\"Tar\u0131k\" \/>\n<meta name=\"twitter:card\" content=\"summary_large_image\" \/>\n<meta name=\"twitter:creator\" content=\"@narteks\" \/>\n<meta name=\"twitter:site\" content=\"@narteks\" \/>\n<meta name=\"twitter:label1\" content=\"Yazan:\" \/>\n\t<meta name=\"twitter:data1\" content=\"Tar\u0131k\" \/>\n\t<meta name=\"twitter:label2\" content=\"Tahmini okuma s\u00fcresi\" \/>\n\t<meta name=\"twitter:data2\" content=\"3 dakika\" \/>\n<script type=\"application\/ld+json\" class=\"yoast-schema-graph\">{\"@context\":\"https:\/\/schema.org\",\"@graph\":[{\"@type\":\"Article\",\"@id\":\"https:\/\/narteks.net\/index.php\/2009\/12\/02\/akin\/#article\",\"isPartOf\":{\"@id\":\"https:\/\/narteks.net\/index.php\/2009\/12\/02\/akin\/\"},\"author\":{\"name\":\"Tar\u0131k\",\"@id\":\"https:\/\/narteks.net\/#\/schema\/person\/61f37d9834294b72d31d274e7ed79bca\"},\"headline\":\"AKIN\",\"datePublished\":\"2009-12-02T10:53:54+00:00\",\"mainEntityOfPage\":{\"@id\":\"https:\/\/narteks.net\/index.php\/2009\/12\/02\/akin\/\"},\"wordCount\":527,\"commentCount\":0,\"publisher\":{\"@id\":\"https:\/\/narteks.net\/#organization\"},\"articleSection\":[\"Neyzen TEVF\u0130K\"],\"inLanguage\":\"tr\",\"potentialAction\":[{\"@type\":\"CommentAction\",\"name\":\"Comment\",\"target\":[\"https:\/\/narteks.net\/index.php\/2009\/12\/02\/akin\/#respond\"]}]},{\"@type\":\"WebPage\",\"@id\":\"https:\/\/narteks.net\/index.php\/2009\/12\/02\/akin\/\",\"url\":\"https:\/\/narteks.net\/index.php\/2009\/12\/02\/akin\/\",\"name\":\"AKIN - narteks.net\",\"isPartOf\":{\"@id\":\"https:\/\/narteks.net\/#website\"},\"datePublished\":\"2009-12-02T10:53:54+00:00\",\"breadcrumb\":{\"@id\":\"https:\/\/narteks.net\/index.php\/2009\/12\/02\/akin\/#breadcrumb\"},\"inLanguage\":\"tr\",\"potentialAction\":[{\"@type\":\"ReadAction\",\"target\":[\"https:\/\/narteks.net\/index.php\/2009\/12\/02\/akin\/\"]}]},{\"@type\":\"BreadcrumbList\",\"@id\":\"https:\/\/narteks.net\/index.php\/2009\/12\/02\/akin\/#breadcrumb\",\"itemListElement\":[{\"@type\":\"ListItem\",\"position\":1,\"name\":\"Anasayfa\",\"item\":\"https:\/\/narteks.net\/\"},{\"@type\":\"ListItem\",\"position\":2,\"name\":\"AKIN\"}]},{\"@type\":\"WebSite\",\"@id\":\"https:\/\/narteks.net\/#website\",\"url\":\"https:\/\/narteks.net\/\",\"name\":\"narteks.net\",\"description\":\"K\u00fclt\u00fcr Sanat Edebiyat Felsefe\",\"publisher\":{\"@id\":\"https:\/\/narteks.net\/#organization\"},\"alternateName\":\"K\u00fclt\u00fcr Sanat Edebiyat Felsefe\",\"potentialAction\":[{\"@type\":\"SearchAction\",\"target\":{\"@type\":\"EntryPoint\",\"urlTemplate\":\"https:\/\/narteks.net\/?s={search_term_string}\"},\"query-input\":{\"@type\":\"PropertyValueSpecification\",\"valueRequired\":true,\"valueName\":\"search_term_string\"}}],\"inLanguage\":\"tr\"},{\"@type\":\"Organization\",\"@id\":\"https:\/\/narteks.net\/#organization\",\"name\":\"narteks.net\",\"url\":\"https:\/\/narteks.net\/\",\"logo\":{\"@type\":\"ImageObject\",\"inLanguage\":\"tr\",\"@id\":\"https:\/\/narteks.net\/#\/schema\/logo\/image\/\",\"url\":\"https:\/\/narteks.net\/wp-content\/uploads\/narteks.png\",\"contentUrl\":\"https:\/\/narteks.net\/wp-content\/uploads\/narteks.png\",\"width\":300,\"height\":90,\"caption\":\"narteks.net\"},\"image\":{\"@id\":\"https:\/\/narteks.net\/#\/schema\/logo\/image\/\"},\"sameAs\":[\"https:\/\/x.com\/narteks\",\"https:\/\/instagram.com\/narteksnet\"]},{\"@type\":\"Person\",\"@id\":\"https:\/\/narteks.net\/#\/schema\/person\/61f37d9834294b72d31d274e7ed79bca\",\"name\":\"Tar\u0131k\",\"image\":{\"@type\":\"ImageObject\",\"inLanguage\":\"tr\",\"@id\":\"https:\/\/narteks.net\/#\/schema\/person\/image\/\",\"url\":\"https:\/\/secure.gravatar.com\/avatar\/50865afb55632c4ae467e0af0930f6510aa2297d8014be502a55b14f3b7550cf?s=96&d=mm&r=g\",\"contentUrl\":\"https:\/\/secure.gravatar.com\/avatar\/50865afb55632c4ae467e0af0930f6510aa2297d8014be502a55b14f3b7550cf?s=96&d=mm&r=g\",\"caption\":\"Tar\u0131k\"},\"sameAs\":[\"http:\/\/narteks.net\"],\"url\":\"https:\/\/narteks.net\/index.php\/author\/narbak\/\"}]}<\/script>\n<!-- \/ Yoast SEO Premium plugin. -->","yoast_head_json":{"title":"AKIN - narteks.net","robots":{"index":"index","follow":"follow","max-snippet":"max-snippet:-1","max-image-preview":"max-image-preview:large","max-video-preview":"max-video-preview:-1"},"canonical":"https:\/\/narteks.net\/index.php\/2009\/12\/02\/akin\/","og_locale":"tr_TR","og_type":"article","og_title":"AKIN","og_description":"\u00a0 Essel\u00e2m ey ulucan, \u0130bn-i S\u00fcreyya K\u00f6r AliB\u00e2b-\u0131 Haydar\u2019 da tev\u00e2r\u00fcsle m\u00fcheyy\u00e2 K\u00f6r AliNam-\u0131 zat\u0131n Ali \u0130hsan da olur ya K\u00f6r AliK\u00fcnyeni b\u00f6ylece yazmaktaki mana K\u00f6r AliHer muhatap nazar-\u0131 dilde ser\u00e2p\u00e2 K\u00f6r Ali K\u00fcnyeniz ailece; eski K\u0131z\u0131lba\u015fo\u011fluK\u00f6k\u00fcn\u00fczden ba\u015f\u0131n\u0131z Bab\u0131\u00e2li\u2019 ye ba\u011fluBilirim ki y\u00fcre\u011fin derd-i vatanla o\u011fuluGer\u00e7i devlet ile hemsin, bu siyaset, bu gul\u00fbBence tarihi de [&hellip;]","og_url":"https:\/\/narteks.net\/index.php\/2009\/12\/02\/akin\/","og_site_name":"narteks.net","article_published_time":"2009-12-02T10:53:54+00:00","og_image":[{"width":300,"height":90,"url":"https:\/\/narteks.net\/wp-content\/uploads\/narteks.png","type":"image\/png"}],"author":"Tar\u0131k","twitter_card":"summary_large_image","twitter_creator":"@narteks","twitter_site":"@narteks","twitter_misc":{"Yazan:":"Tar\u0131k","Tahmini okuma s\u00fcresi":"3 dakika"},"schema":{"@context":"https:\/\/schema.org","@graph":[{"@type":"Article","@id":"https:\/\/narteks.net\/index.php\/2009\/12\/02\/akin\/#article","isPartOf":{"@id":"https:\/\/narteks.net\/index.php\/2009\/12\/02\/akin\/"},"author":{"name":"Tar\u0131k","@id":"https:\/\/narteks.net\/#\/schema\/person\/61f37d9834294b72d31d274e7ed79bca"},"headline":"AKIN","datePublished":"2009-12-02T10:53:54+00:00","mainEntityOfPage":{"@id":"https:\/\/narteks.net\/index.php\/2009\/12\/02\/akin\/"},"wordCount":527,"commentCount":0,"publisher":{"@id":"https:\/\/narteks.net\/#organization"},"articleSection":["Neyzen TEVF\u0130K"],"inLanguage":"tr","potentialAction":[{"@type":"CommentAction","name":"Comment","target":["https:\/\/narteks.net\/index.php\/2009\/12\/02\/akin\/#respond"]}]},{"@type":"WebPage","@id":"https:\/\/narteks.net\/index.php\/2009\/12\/02\/akin\/","url":"https:\/\/narteks.net\/index.php\/2009\/12\/02\/akin\/","name":"AKIN - narteks.net","isPartOf":{"@id":"https:\/\/narteks.net\/#website"},"datePublished":"2009-12-02T10:53:54+00:00","breadcrumb":{"@id":"https:\/\/narteks.net\/index.php\/2009\/12\/02\/akin\/#breadcrumb"},"inLanguage":"tr","potentialAction":[{"@type":"ReadAction","target":["https:\/\/narteks.net\/index.php\/2009\/12\/02\/akin\/"]}]},{"@type":"BreadcrumbList","@id":"https:\/\/narteks.net\/index.php\/2009\/12\/02\/akin\/#breadcrumb","itemListElement":[{"@type":"ListItem","position":1,"name":"Anasayfa","item":"https:\/\/narteks.net\/"},{"@type":"ListItem","position":2,"name":"AKIN"}]},{"@type":"WebSite","@id":"https:\/\/narteks.net\/#website","url":"https:\/\/narteks.net\/","name":"narteks.net","description":"K\u00fclt\u00fcr Sanat Edebiyat Felsefe","publisher":{"@id":"https:\/\/narteks.net\/#organization"},"alternateName":"K\u00fclt\u00fcr Sanat Edebiyat Felsefe","potentialAction":[{"@type":"SearchAction","target":{"@type":"EntryPoint","urlTemplate":"https:\/\/narteks.net\/?s={search_term_string}"},"query-input":{"@type":"PropertyValueSpecification","valueRequired":true,"valueName":"search_term_string"}}],"inLanguage":"tr"},{"@type":"Organization","@id":"https:\/\/narteks.net\/#organization","name":"narteks.net","url":"https:\/\/narteks.net\/","logo":{"@type":"ImageObject","inLanguage":"tr","@id":"https:\/\/narteks.net\/#\/schema\/logo\/image\/","url":"https:\/\/narteks.net\/wp-content\/uploads\/narteks.png","contentUrl":"https:\/\/narteks.net\/wp-content\/uploads\/narteks.png","width":300,"height":90,"caption":"narteks.net"},"image":{"@id":"https:\/\/narteks.net\/#\/schema\/logo\/image\/"},"sameAs":["https:\/\/x.com\/narteks","https:\/\/instagram.com\/narteksnet"]},{"@type":"Person","@id":"https:\/\/narteks.net\/#\/schema\/person\/61f37d9834294b72d31d274e7ed79bca","name":"Tar\u0131k","image":{"@type":"ImageObject","inLanguage":"tr","@id":"https:\/\/narteks.net\/#\/schema\/person\/image\/","url":"https:\/\/secure.gravatar.com\/avatar\/50865afb55632c4ae467e0af0930f6510aa2297d8014be502a55b14f3b7550cf?s=96&d=mm&r=g","contentUrl":"https:\/\/secure.gravatar.com\/avatar\/50865afb55632c4ae467e0af0930f6510aa2297d8014be502a55b14f3b7550cf?s=96&d=mm&r=g","caption":"Tar\u0131k"},"sameAs":["http:\/\/narteks.net"],"url":"https:\/\/narteks.net\/index.php\/author\/narbak\/"}]}},"_links":{"self":[{"href":"https:\/\/narteks.net\/index.php\/wp-json\/wp\/v2\/posts\/1667","targetHints":{"allow":["GET"]}}],"collection":[{"href":"https:\/\/narteks.net\/index.php\/wp-json\/wp\/v2\/posts"}],"about":[{"href":"https:\/\/narteks.net\/index.php\/wp-json\/wp\/v2\/types\/post"}],"author":[{"embeddable":true,"href":"https:\/\/narteks.net\/index.php\/wp-json\/wp\/v2\/users\/1"}],"replies":[{"embeddable":true,"href":"https:\/\/narteks.net\/index.php\/wp-json\/wp\/v2\/comments?post=1667"}],"version-history":[{"count":0,"href":"https:\/\/narteks.net\/index.php\/wp-json\/wp\/v2\/posts\/1667\/revisions"}],"wp:attachment":[{"href":"https:\/\/narteks.net\/index.php\/wp-json\/wp\/v2\/media?parent=1667"}],"wp:term":[{"taxonomy":"category","embeddable":true,"href":"https:\/\/narteks.net\/index.php\/wp-json\/wp\/v2\/categories?post=1667"},{"taxonomy":"post_tag","embeddable":true,"href":"https:\/\/narteks.net\/index.php\/wp-json\/wp\/v2\/tags?post=1667"}],"curies":[{"name":"wp","href":"https:\/\/api.w.org\/{rel}","templated":true}]}}