{"id":1669,"date":"2009-12-02T13:55:54","date_gmt":"2009-12-02T10:55:54","guid":{"rendered":"http:\/\/localhost\/wordpress\/2009\/12\/02\/ne-desem\/"},"modified":"2009-12-02T13:55:54","modified_gmt":"2009-12-02T10:55:54","slug":"ne-desem","status":"publish","type":"post","link":"https:\/\/narteks.net\/index.php\/2009\/12\/02\/ne-desem\/","title":{"rendered":"NE DESEM ?"},"content":{"rendered":"<p>\u00a0<\/p>\n<p>Acaba ben de bug\u00fcn kendime insan m\u0131 desem<br \/>Yoksa emsalimi temsil ile hayvan m\u0131 desem<\/p>\n<p>Her yan\u0131ndan kemirir yurdumu azg\u0131n bir h\u0131rs<br \/>\u00c7ekilen kahra l\u00fctuf, \u00e7ileye ihsan m\u0131 desem<\/p>\n<p>Dahli yok kimseci\u011fin, hep kabahat kendimde<br \/>Delilik min-tarafill\u00e2h bana bir \u015fan m\u0131 desem<\/p>\n<p>G\u00f6z\u00fcn\u00fc a\u00e7ma da sen var elin efk\u00e2r\u0131na uy<br \/>Eli dinle, ele bak, el s\u00f6z\u00fcne kan m\u0131 desem<\/p>\n<p>\u015eu sadakat denilen k\u00f6hne tuzak yok mu bug\u00fcn<br \/>Yeni dinde buna ben sure-i \u015feytan m\u0131 desem<\/p>\n<p>Dalkavukluk denilen ilm-i hul\u00fbl\u00fcn s\u0131rr\u0131<br \/>Bilinirse ap\u0131\u015f\u0131r servet \u00fc s\u00e2m\u00e2n m\u0131 desem<\/p>\n<p>\u0130\u015fte y\u00fcz buldular\u0131n ya\u011ft\u0131\u011f\u0131 i\u015f, bildi\u011fi s\u00f6z<br \/>\u0130stikamet karaborsa, \u00e7ala t\u0131rpan m\u0131 desem<\/p>\n<p>Gizli bir el izi var her dolab\u0131n \u00e7arh\u0131nda<br \/>Ser d\u00fcmen dalgada, gel bak \u015funa kaptan m\u0131 desem<\/p>\n<p>Soramaz kimse cesaretle \u015fer\u00eerin i\u015fini<br \/>Ast\u0131\u011f\u0131 ast\u0131k olur; kesti\u011fi kurban m\u0131 desem<\/p>\n<p>Yedi Eyl\u00fcl ile fethetti refah\u0131n yolunu<br \/>Topatan kal\u2019as\u0131na i\u015fte kumandan m\u0131 desem<\/p>\n<p>Eski bir ekzemad\u0131r \u015fimdiki Van meselesi<br \/>\u00c7ok kar\u0131\u015ft\u0131rma yaland\u0131r, bu da b\u00fchtan m\u0131 desem<\/p>\n<p>Karag\u00f6zc\u00fc ne komu\u015f perdeye g\u00f6stermeye bak<br \/>Sen b\u0131rak da s\u00f6z\u00fc git dertlerine yan m\u0131 desem<\/p>\n<p>\u0130sterim ben de \u00f6\u011f\u00fcnmek hani bilgi nerede<br \/>Her kelin per\u00e7emine s\u00fcnb\u00fcl \u00fc reyhan m\u0131 desem<\/p>\n<p>V\u00e2izin sundu\u011fu kevserle cemaat sarho\u015f<br \/>Camiye bar m\u0131 desem, mescide d\u00fckk\u00e2n m\u0131 desem<\/p>\n<p>Yapt\u0131r\u0131r \u00e2deme her \u015feyi ge\u00e7im d\u00fcnyas\u0131<br \/>Kara kapl\u0131 kitab\u0131n fallar\u0131 ferman m\u0131 desem<\/p>\n<p>Sonu yoktur, bu didi\u015fmek ezel\u00eedir Neyzen<br \/>Hikmetin buyru\u011fu el\u00e2n kem\u00e2k\u00e2n m\u0131 desem<\/p>\n<p>Neyzen TEVF\u0130K<\/p>\n","protected":false},"excerpt":{"rendered":"<p>\u00a0 Acaba ben de bug\u00fcn kendime insan m\u0131 desemYoksa emsalimi temsil ile hayvan m\u0131 desem Her yan\u0131ndan kemirir yurdumu azg\u0131n bir h\u0131rs\u00c7ekilen kahra l\u00fctuf, \u00e7ileye ihsan m\u0131 desem Dahli yok kimseci\u011fin, hep kabahat kendimdeDelilik min-tarafill\u00e2h bana bir \u015fan m\u0131 desem G\u00f6z\u00fcn\u00fc a\u00e7ma da sen var elin efk\u00e2r\u0131na uyEli dinle, ele bak, el s\u00f6z\u00fcne kan m\u0131 [&hellip;]<\/p>\n","protected":false},"author":1,"featured_media":0,"comment_status":"open","ping_status":"open","sticky":false,"template":"","format":"standard","meta":{"footnotes":""},"categories":[81],"tags":[],"class_list":{"0":"post-1669","1":"post","2":"type-post","3":"status-publish","4":"format-standard","6":"category-neyzen-tevfik"},"yoast_head":"<!-- This site is optimized with the Yoast SEO Premium plugin v24.9 (Yoast SEO v24.9) - https:\/\/yoast.com\/wordpress\/plugins\/seo\/ -->\n<title>NE DESEM ? - narteks.net<\/title>\n<meta name=\"robots\" content=\"index, follow, max-snippet:-1, max-image-preview:large, max-video-preview:-1\" \/>\n<link rel=\"canonical\" href=\"https:\/\/narteks.net\/index.php\/2009\/12\/02\/ne-desem\/\" \/>\n<meta property=\"og:locale\" content=\"tr_TR\" \/>\n<meta property=\"og:type\" content=\"article\" \/>\n<meta property=\"og:title\" content=\"NE DESEM ?\" \/>\n<meta property=\"og:description\" content=\"\u00a0 Acaba ben de bug\u00fcn kendime insan m\u0131 desemYoksa emsalimi temsil ile hayvan m\u0131 desem Her yan\u0131ndan kemirir yurdumu azg\u0131n bir h\u0131rs\u00c7ekilen kahra l\u00fctuf, \u00e7ileye ihsan m\u0131 desem Dahli yok kimseci\u011fin, hep kabahat kendimdeDelilik min-tarafill\u00e2h bana bir \u015fan m\u0131 desem G\u00f6z\u00fcn\u00fc a\u00e7ma da sen var elin efk\u00e2r\u0131na uyEli dinle, ele bak, el s\u00f6z\u00fcne kan m\u0131 [&hellip;]\" \/>\n<meta property=\"og:url\" content=\"https:\/\/narteks.net\/index.php\/2009\/12\/02\/ne-desem\/\" \/>\n<meta property=\"og:site_name\" content=\"narteks.net\" \/>\n<meta property=\"article:published_time\" content=\"2009-12-02T10:55:54+00:00\" \/>\n<meta property=\"og:image\" content=\"https:\/\/narteks.net\/wp-content\/uploads\/narteks.png\" \/>\n\t<meta property=\"og:image:width\" content=\"300\" \/>\n\t<meta property=\"og:image:height\" content=\"90\" \/>\n\t<meta property=\"og:image:type\" content=\"image\/png\" \/>\n<meta name=\"author\" content=\"Tar\u0131k\" \/>\n<meta name=\"twitter:card\" content=\"summary_large_image\" \/>\n<meta name=\"twitter:creator\" content=\"@narteks\" \/>\n<meta name=\"twitter:site\" content=\"@narteks\" \/>\n<meta name=\"twitter:label1\" content=\"Yazan:\" \/>\n\t<meta name=\"twitter:data1\" content=\"Tar\u0131k\" \/>\n\t<meta name=\"twitter:label2\" content=\"Tahmini okuma s\u00fcresi\" \/>\n\t<meta name=\"twitter:data2\" content=\"1 dakika\" \/>\n<script type=\"application\/ld+json\" class=\"yoast-schema-graph\">{\"@context\":\"https:\/\/schema.org\",\"@graph\":[{\"@type\":\"Article\",\"@id\":\"https:\/\/narteks.net\/index.php\/2009\/12\/02\/ne-desem\/#article\",\"isPartOf\":{\"@id\":\"https:\/\/narteks.net\/index.php\/2009\/12\/02\/ne-desem\/\"},\"author\":{\"name\":\"Tar\u0131k\",\"@id\":\"https:\/\/narteks.net\/#\/schema\/person\/61f37d9834294b72d31d274e7ed79bca\"},\"headline\":\"NE DESEM ?\",\"datePublished\":\"2009-12-02T10:55:54+00:00\",\"mainEntityOfPage\":{\"@id\":\"https:\/\/narteks.net\/index.php\/2009\/12\/02\/ne-desem\/\"},\"wordCount\":283,\"commentCount\":0,\"publisher\":{\"@id\":\"https:\/\/narteks.net\/#organization\"},\"articleSection\":[\"Neyzen TEVF\u0130K\"],\"inLanguage\":\"tr\",\"potentialAction\":[{\"@type\":\"CommentAction\",\"name\":\"Comment\",\"target\":[\"https:\/\/narteks.net\/index.php\/2009\/12\/02\/ne-desem\/#respond\"]}]},{\"@type\":\"WebPage\",\"@id\":\"https:\/\/narteks.net\/index.php\/2009\/12\/02\/ne-desem\/\",\"url\":\"https:\/\/narteks.net\/index.php\/2009\/12\/02\/ne-desem\/\",\"name\":\"NE DESEM ? - narteks.net\",\"isPartOf\":{\"@id\":\"https:\/\/narteks.net\/#website\"},\"datePublished\":\"2009-12-02T10:55:54+00:00\",\"breadcrumb\":{\"@id\":\"https:\/\/narteks.net\/index.php\/2009\/12\/02\/ne-desem\/#breadcrumb\"},\"inLanguage\":\"tr\",\"potentialAction\":[{\"@type\":\"ReadAction\",\"target\":[\"https:\/\/narteks.net\/index.php\/2009\/12\/02\/ne-desem\/\"]}]},{\"@type\":\"BreadcrumbList\",\"@id\":\"https:\/\/narteks.net\/index.php\/2009\/12\/02\/ne-desem\/#breadcrumb\",\"itemListElement\":[{\"@type\":\"ListItem\",\"position\":1,\"name\":\"Anasayfa\",\"item\":\"https:\/\/narteks.net\/\"},{\"@type\":\"ListItem\",\"position\":2,\"name\":\"NE DESEM ?\"}]},{\"@type\":\"WebSite\",\"@id\":\"https:\/\/narteks.net\/#website\",\"url\":\"https:\/\/narteks.net\/\",\"name\":\"narteks.net\",\"description\":\"K\u00fclt\u00fcr Sanat Edebiyat Felsefe\",\"publisher\":{\"@id\":\"https:\/\/narteks.net\/#organization\"},\"alternateName\":\"K\u00fclt\u00fcr Sanat Edebiyat Felsefe\",\"potentialAction\":[{\"@type\":\"SearchAction\",\"target\":{\"@type\":\"EntryPoint\",\"urlTemplate\":\"https:\/\/narteks.net\/?s={search_term_string}\"},\"query-input\":{\"@type\":\"PropertyValueSpecification\",\"valueRequired\":true,\"valueName\":\"search_term_string\"}}],\"inLanguage\":\"tr\"},{\"@type\":\"Organization\",\"@id\":\"https:\/\/narteks.net\/#organization\",\"name\":\"narteks.net\",\"url\":\"https:\/\/narteks.net\/\",\"logo\":{\"@type\":\"ImageObject\",\"inLanguage\":\"tr\",\"@id\":\"https:\/\/narteks.net\/#\/schema\/logo\/image\/\",\"url\":\"https:\/\/narteks.net\/wp-content\/uploads\/narteks.png\",\"contentUrl\":\"https:\/\/narteks.net\/wp-content\/uploads\/narteks.png\",\"width\":300,\"height\":90,\"caption\":\"narteks.net\"},\"image\":{\"@id\":\"https:\/\/narteks.net\/#\/schema\/logo\/image\/\"},\"sameAs\":[\"https:\/\/x.com\/narteks\",\"https:\/\/instagram.com\/narteksnet\"]},{\"@type\":\"Person\",\"@id\":\"https:\/\/narteks.net\/#\/schema\/person\/61f37d9834294b72d31d274e7ed79bca\",\"name\":\"Tar\u0131k\",\"image\":{\"@type\":\"ImageObject\",\"inLanguage\":\"tr\",\"@id\":\"https:\/\/narteks.net\/#\/schema\/person\/image\/\",\"url\":\"https:\/\/secure.gravatar.com\/avatar\/50865afb55632c4ae467e0af0930f6510aa2297d8014be502a55b14f3b7550cf?s=96&d=mm&r=g\",\"contentUrl\":\"https:\/\/secure.gravatar.com\/avatar\/50865afb55632c4ae467e0af0930f6510aa2297d8014be502a55b14f3b7550cf?s=96&d=mm&r=g\",\"caption\":\"Tar\u0131k\"},\"sameAs\":[\"http:\/\/narteks.net\"],\"url\":\"https:\/\/narteks.net\/index.php\/author\/narbak\/\"}]}<\/script>\n<!-- \/ Yoast SEO Premium plugin. -->","yoast_head_json":{"title":"NE DESEM ? - narteks.net","robots":{"index":"index","follow":"follow","max-snippet":"max-snippet:-1","max-image-preview":"max-image-preview:large","max-video-preview":"max-video-preview:-1"},"canonical":"https:\/\/narteks.net\/index.php\/2009\/12\/02\/ne-desem\/","og_locale":"tr_TR","og_type":"article","og_title":"NE DESEM ?","og_description":"\u00a0 Acaba ben de bug\u00fcn kendime insan m\u0131 desemYoksa emsalimi temsil ile hayvan m\u0131 desem Her yan\u0131ndan kemirir yurdumu azg\u0131n bir h\u0131rs\u00c7ekilen kahra l\u00fctuf, \u00e7ileye ihsan m\u0131 desem Dahli yok kimseci\u011fin, hep kabahat kendimdeDelilik min-tarafill\u00e2h bana bir \u015fan m\u0131 desem G\u00f6z\u00fcn\u00fc a\u00e7ma da sen var elin efk\u00e2r\u0131na uyEli dinle, ele bak, el s\u00f6z\u00fcne kan m\u0131 [&hellip;]","og_url":"https:\/\/narteks.net\/index.php\/2009\/12\/02\/ne-desem\/","og_site_name":"narteks.net","article_published_time":"2009-12-02T10:55:54+00:00","og_image":[{"width":300,"height":90,"url":"https:\/\/narteks.net\/wp-content\/uploads\/narteks.png","type":"image\/png"}],"author":"Tar\u0131k","twitter_card":"summary_large_image","twitter_creator":"@narteks","twitter_site":"@narteks","twitter_misc":{"Yazan:":"Tar\u0131k","Tahmini okuma s\u00fcresi":"1 dakika"},"schema":{"@context":"https:\/\/schema.org","@graph":[{"@type":"Article","@id":"https:\/\/narteks.net\/index.php\/2009\/12\/02\/ne-desem\/#article","isPartOf":{"@id":"https:\/\/narteks.net\/index.php\/2009\/12\/02\/ne-desem\/"},"author":{"name":"Tar\u0131k","@id":"https:\/\/narteks.net\/#\/schema\/person\/61f37d9834294b72d31d274e7ed79bca"},"headline":"NE DESEM ?","datePublished":"2009-12-02T10:55:54+00:00","mainEntityOfPage":{"@id":"https:\/\/narteks.net\/index.php\/2009\/12\/02\/ne-desem\/"},"wordCount":283,"commentCount":0,"publisher":{"@id":"https:\/\/narteks.net\/#organization"},"articleSection":["Neyzen TEVF\u0130K"],"inLanguage":"tr","potentialAction":[{"@type":"CommentAction","name":"Comment","target":["https:\/\/narteks.net\/index.php\/2009\/12\/02\/ne-desem\/#respond"]}]},{"@type":"WebPage","@id":"https:\/\/narteks.net\/index.php\/2009\/12\/02\/ne-desem\/","url":"https:\/\/narteks.net\/index.php\/2009\/12\/02\/ne-desem\/","name":"NE DESEM ? - narteks.net","isPartOf":{"@id":"https:\/\/narteks.net\/#website"},"datePublished":"2009-12-02T10:55:54+00:00","breadcrumb":{"@id":"https:\/\/narteks.net\/index.php\/2009\/12\/02\/ne-desem\/#breadcrumb"},"inLanguage":"tr","potentialAction":[{"@type":"ReadAction","target":["https:\/\/narteks.net\/index.php\/2009\/12\/02\/ne-desem\/"]}]},{"@type":"BreadcrumbList","@id":"https:\/\/narteks.net\/index.php\/2009\/12\/02\/ne-desem\/#breadcrumb","itemListElement":[{"@type":"ListItem","position":1,"name":"Anasayfa","item":"https:\/\/narteks.net\/"},{"@type":"ListItem","position":2,"name":"NE DESEM ?"}]},{"@type":"WebSite","@id":"https:\/\/narteks.net\/#website","url":"https:\/\/narteks.net\/","name":"narteks.net","description":"K\u00fclt\u00fcr Sanat Edebiyat Felsefe","publisher":{"@id":"https:\/\/narteks.net\/#organization"},"alternateName":"K\u00fclt\u00fcr Sanat Edebiyat Felsefe","potentialAction":[{"@type":"SearchAction","target":{"@type":"EntryPoint","urlTemplate":"https:\/\/narteks.net\/?s={search_term_string}"},"query-input":{"@type":"PropertyValueSpecification","valueRequired":true,"valueName":"search_term_string"}}],"inLanguage":"tr"},{"@type":"Organization","@id":"https:\/\/narteks.net\/#organization","name":"narteks.net","url":"https:\/\/narteks.net\/","logo":{"@type":"ImageObject","inLanguage":"tr","@id":"https:\/\/narteks.net\/#\/schema\/logo\/image\/","url":"https:\/\/narteks.net\/wp-content\/uploads\/narteks.png","contentUrl":"https:\/\/narteks.net\/wp-content\/uploads\/narteks.png","width":300,"height":90,"caption":"narteks.net"},"image":{"@id":"https:\/\/narteks.net\/#\/schema\/logo\/image\/"},"sameAs":["https:\/\/x.com\/narteks","https:\/\/instagram.com\/narteksnet"]},{"@type":"Person","@id":"https:\/\/narteks.net\/#\/schema\/person\/61f37d9834294b72d31d274e7ed79bca","name":"Tar\u0131k","image":{"@type":"ImageObject","inLanguage":"tr","@id":"https:\/\/narteks.net\/#\/schema\/person\/image\/","url":"https:\/\/secure.gravatar.com\/avatar\/50865afb55632c4ae467e0af0930f6510aa2297d8014be502a55b14f3b7550cf?s=96&d=mm&r=g","contentUrl":"https:\/\/secure.gravatar.com\/avatar\/50865afb55632c4ae467e0af0930f6510aa2297d8014be502a55b14f3b7550cf?s=96&d=mm&r=g","caption":"Tar\u0131k"},"sameAs":["http:\/\/narteks.net"],"url":"https:\/\/narteks.net\/index.php\/author\/narbak\/"}]}},"_links":{"self":[{"href":"https:\/\/narteks.net\/index.php\/wp-json\/wp\/v2\/posts\/1669","targetHints":{"allow":["GET"]}}],"collection":[{"href":"https:\/\/narteks.net\/index.php\/wp-json\/wp\/v2\/posts"}],"about":[{"href":"https:\/\/narteks.net\/index.php\/wp-json\/wp\/v2\/types\/post"}],"author":[{"embeddable":true,"href":"https:\/\/narteks.net\/index.php\/wp-json\/wp\/v2\/users\/1"}],"replies":[{"embeddable":true,"href":"https:\/\/narteks.net\/index.php\/wp-json\/wp\/v2\/comments?post=1669"}],"version-history":[{"count":0,"href":"https:\/\/narteks.net\/index.php\/wp-json\/wp\/v2\/posts\/1669\/revisions"}],"wp:attachment":[{"href":"https:\/\/narteks.net\/index.php\/wp-json\/wp\/v2\/media?parent=1669"}],"wp:term":[{"taxonomy":"category","embeddable":true,"href":"https:\/\/narteks.net\/index.php\/wp-json\/wp\/v2\/categories?post=1669"},{"taxonomy":"post_tag","embeddable":true,"href":"https:\/\/narteks.net\/index.php\/wp-json\/wp\/v2\/tags?post=1669"}],"curies":[{"name":"wp","href":"https:\/\/api.w.org\/{rel}","templated":true}]}}