{"id":1670,"date":"2009-12-02T13:56:31","date_gmt":"2009-12-02T10:56:31","guid":{"rendered":"http:\/\/localhost\/wordpress\/2009\/12\/02\/turk-e-birinci-ogut\/"},"modified":"2009-12-02T13:56:31","modified_gmt":"2009-12-02T10:56:31","slug":"turk-e-birinci-ogut","status":"publish","type":"post","link":"https:\/\/narteks.net\/index.php\/2009\/12\/02\/turk-e-birinci-ogut\/","title":{"rendered":"T\u00dcRK\u2019 E B\u0130R\u0130NC\u0130 \u00d6\u011e\u00dcT"},"content":{"rendered":"<p>\u00a0<\/p>\n<p>\u015eimdi geldin az bu\u00e7uk asl\u0131ndan imana T\u00fcrk<br \/>\u00c7ekmek isterdim seni \u00e7oktan beri divana T\u00fcrk<br \/>Sinede mihrab-\u0131 Beytullah\u2019 \u0131 bul, virane T\u00fcrk<br \/>B\u00ee-tekell\u00fcf gir har\u00eem-i Hazret-i Yezdan\u2019a T\u00fcrk<br \/>Bast\u0131\u011f\u0131n yerlerde \u015fan ver cinsine, vicdana T\u00fcrk<\/p>\n<p>Dizginin canbaz elinde olmas\u0131n bak dikkat et<br \/>\u00c7ekti\u011fin \u00e2l\u00e2m-\u0131 istibdad\u0131 vird-i ibret et<br \/>Davran art\u0131k, nefsini \u00f6\u011frenmeye son gayret et<br \/>Kalbini a\u015fk-\u0131 vatanla mabed-i milliyyet et<br \/>Ate\u015f-i hicranla ver su han\u00e7er-i giry\u00e2na T\u00fcrk<\/p>\n<p>Ar\u015f-\u0131 \u00e2l\u00e2ya as\u0131ld\u0131 huccet-i milliyyetin<br \/>Kendi nefsinde g\u00f6r\u00fcls\u00fcn halka, hakka hizmetin<br \/>Ehl-i zulme kulluk etmekle onulmaz illetin<br \/>Madrabaz kumpanyas\u0131ndan farkl\u0131 kalmaz devletin<br \/>Zorla anlat bunlar\u0131 aza-y\u0131 Mebus\u00e2na T\u00fcrk<\/p>\n<p>Himmet-i pir-i zamanla tayy-i eb\u2019ad eyledin<br \/>H\u00e2k olan ecdad\u0131n\u0131 ihya ed\u00fcp \u015fad eyledin<br \/>\u00d6lmeyen tarihini d\u00fcnyaya in\u015f\u00e2d eyledin<br \/>S\u00e2yesinde dip\u00e7i\u011fin bir varl\u0131k icad eyledin<br \/>Dehre eyvallah dedirttin yazd\u0131\u011f\u0131n fermana T\u00fcrk<\/p>\n<p>Cevher-i hilkat senin askerli\u011finle m\u00fcftedir<br \/>Ma\u2019bed-i milliyyetinde oldu mabudun demir<br \/>Ar\u015f-\u0131 mevcudiyetinde \u00e2lem-i imk\u00e2n nedir<br \/>Yapt\u0131\u011f\u0131n \u015fu ink\u0131l\u00e2b\u0131 \u00f6l\u00e7emez hikmet, cebir<br \/>G\u0131pta eyler saha-i icad\u0131na efsane T\u00fcrk<\/p>\n<p>Bir bel\u00e2s\u0131n \u0130tilaf\u2019 \u0131n kuvvet-i ma\u011fruruna<br \/>Bir k\u0131r\u0131k ka\u011fn\u0131yla \u00e7\u0131kt\u0131n fenn-i harbin T\u00fbr\u2019una<br \/>Bunca devlet oldu ma\u011fl\u00fbp ak\u0131bet mahsuruna<br \/>S..t\u0131n amden ilm \u00fc fennin hikmet-i d\u00fcsturuna<br \/>Do\u011frusu a\u00e7l\u0131k pes etti sendeki idmana T\u00fcrk<\/p>\n<p>Hikmet-i hilkat seni k\u0131lm\u0131\u015f temedd\u00fcnden muaf<br \/>Bir beis yok etsen \u00e2s\u00e2r-\u0131 as\u0131rdan inhir\u00e2f<br \/>Hacc-\u0131 Ekber\u2019 se murad\u0131n, kalbini eyle tavaf<br \/>Varsa c\u00fcrm\u00fcn, bilmemektir kendini, et itiraf<br \/>Kendin att\u0131n kendini her zillete, h\u00fcsrana T\u00fcrk<\/p>\n<p>\u0130\u015fte Mekke, M\u00fcsl\u00fcmanl\u0131k inhis\u00e2r alt\u0131ndad\u0131r<br \/>Hacca niyyet eyleyen katl \u00fc hasar alt\u0131ndad\u0131r<br \/>Bak vatan ba\u015ftan ba\u015fa bin iftik\u00e2r alt\u0131ndad\u0131r<br \/>Yuttu\u011fun bir lokma, halv ihtik\u00e2r alt\u0131ndad\u0131r<br \/>Bir nazar k\u0131l bunca y\u0131ld\u0131r verdi\u011fin kurbana T\u00fcrk<\/p>\n<p>Bir ceza \u00e7ektin ki on be\u015f y\u0131l sebepten b\u00ee-hab\u00eer<br \/>\u00dc\u00e7 bu\u00e7uk m\u00fclhid rezilin keyfine oldun esir<br \/>Padi\u015fah al\u00e7ak, kumandan fahi\u015fe, hain vezir<br \/>S\u00fb-i idrakinle Azrail\u2019i zannetin sef\u00eer<br \/>B\u00f6yle girdin suret\u00e2 \u00e2y\u00eene-i devrana T\u00fcrk<\/p>\n<p>Kendi yurdunda, evinde ka\u00e7 as\u0131r kald\u0131n garib<br \/>Ba\u015f\u0131na oldu musallat bin hey\u00fbl\u00e2-y\u0131 ac\u00eeb<br \/>Medrese, tekke, mek\u00e2tib, hepsi de millet fir\u00eeb<br \/>Ald\u0131\u011f\u0131n k\u00e2fi sana Gazi-i Ekber\u2019 den nasib<br \/>Katma esrar-\u0131 H\u00fcda\u2019 ya bir zaman b\u00eeg\u00e2ne T\u00fcrk<\/p>\n<p>S\u0131dk ile askerli\u011fin k\u00e2fi r\u0131zaullah i\u00e7in<br \/>\u00dczme art\u0131k kendini bir \u015feyh i\u00e7in, derg\u00e2h i\u00e7in<br \/>E\u011fme ba\u015f\u0131n suret-i iblise eyvallah i\u00e7in<br \/>\u00c7ekti\u011fin \u00e7ille yek\u00fbnen bilki, illallah i\u00e7in<br \/>Kanma \u00e2yin-i Cem\u2019 e, ir\u015fada, bir meydana T\u00fcrk<\/p>\n<p>Varsa asl\u0131 bunlar\u0131n \u00e2lemde &#8230;.ler beni<br \/>A\u015fik\u00e2r etmi\u015f sana e\u015fyay\u0131 Hall\u00e2k-\u0131 gan\u00ee<br \/>Beklenen esm\u00e2-i Hak\u2019 dan bil ki mang\u0131r madeni<br \/>Dervi\u015fi ba\u011flar yulars\u0131z tekkeye \u015feyh-i den\u00ee<br \/>Olma art\u0131k bir kenef kandiline pervane T\u00fcrk<\/p>\n<p>\u00c2l-i Osman\u2019 da Hasan, yahut H\u00fcseyn, yahut Ali<br \/>Var m\u0131d\u0131r b\u00f6yle isim bak; bu hakikat pek cel\u00ee<br \/>Hepsi de ba\u015ftan k\u0131\u00e7a zulm u tasalluk mahmeli<br \/>Tam bin \u00fc\u00e7 y\u00fcz y\u0131l bu fitne, oldu halk\u0131n engeli!<br \/>Sen b\u0131rakt\u0131n hakk\u0131, tapt\u0131n zalime, sultana T\u00fcrk<\/p>\n<p>Kurdu\u011fun t\u00e2k-\u0131 siyaset \u00e2sm\u00e2na g\u0131bta-res<br \/>Ayl\u0131 y\u0131ld\u0131zl\u0131 \u015fu bayrak Kehke\u015f\u00e2n\u2019 a g\u0131bta-res<br \/>Yazd\u0131\u011f\u0131n ferman-\u0131 milliyyet cihana g\u0131bta-res<br \/>Ahd u m\u00eesak\u0131ndaki kudret zamana g\u0131bta-res<br \/>Aferinler i\u00e7ti\u011fin peym\u00e2ne-i peym\u00e2na T\u00fcrk<\/p>\n<p>Sulhu imza eyledin mahb\u00fbb-i \u00e2lemsin bug\u00fcn<br \/>\u00c7\u0131nl\u0131yor ufk-\u0131 siyasette kemal\u00e2t\u0131n b\u00fct\u00fcn<br \/>En muazzam ink\u0131l\u00e2b\u0131 sen ki yapt\u0131n i\u015fte d\u00fcn<br \/>Bir de\u011fil bin y\u00e2r seven az bile g\u00f6nl\u00fcn i\u00e7\u00fcn<br \/>Top gibi sa\u011flam &#8230;. a\u015fk ulu cephana T\u00fcrk<\/p>\n<p>A\u015fk ile fasl-\u0131 &#8230;. \u015fimdi germiyyet verin<br \/>Menzil-i imana \u015feklen ruh-\u0131 milliyyet verin<br \/>\u015eaha kalkan her &#8230;. \u00e2bi\u015f-i ziynet verin<br \/>Ba\u015ftan atma yapmay\u0131n, bu hizmete k\u0131ymet verin<br \/>Neslimiz azla\u015ft\u0131, ho\u015f bak, hizmet et nisv\u00e2na T\u00fcrk<\/p>\n<p>\u00d6yle &#8230;. ki &#8230;. er ni\u015fan\u0131 kalmas\u0131n<br \/>G\u00fcft \u00fc g\u00fbya avretin asla zaman\u0131 kalmas\u0131n<br \/>Ba\u015fka sevda \u00e7ekmeye t\u00e2b u t\u00fcv\u00e2n\u0131 kalmas\u0131n<br \/>Meclis-i nisv\u00e2da erkek imtihan\u0131 kalmas\u0131n<br \/>Sen isim bulmakla me\u015fgul ol do\u011fan o\u011flana, T\u00fcrk<\/p>\n<p>K\u0131zlar\u0131 tayin edin resm\u00ee um\u00fbr-\u0131 devlete<br \/>Evlenince a\u015fina olsun merh\u00e2m-\u0131 hizmete<br \/>Valide v\u00e2k\u0131f bulunsun ihtiyaca servete<br \/>Ba\u015fka bir revnak verir hatun ki\u015fi cemiyyete<br \/>Pi\u015fd\u00e2r olsun kad\u0131n her saha-i imr\u00e2na, T\u00fcrk<\/p>\n<p>K\u00fckremi\u015f bunca &#8230;. var \u00fcmmet-i merhumede<br \/>Eyliyor arz-\u0131 sal\u00e2bet saha-i ma\u2019l\u00fbmede<br \/>Anlamam hikmet nedir \u015fu \u00e2det-i me\u015f\u2019\u00fbmede<br \/>Mant\u0131k olmaz b\u00f6yle bir h\u00fcrriyyet-i mahk\u00fbmede<br \/>Duymam\u0131\u015ft\u0131r b\u00f6yle derdi sorsalar Lokman\u2019 a T\u00fcrk<\/p>\n<p>Her muattal &#8230;. kudurmu\u015f p\u00fcr leh\u00eeb-i ihtiras<br \/>\u0130htil\u00e2c-\u0131 kahr-\u0131 hasretten diler daim hal\u00e2s<br \/>Bir sefareth\u00e2ne-i gamd\u0131r ki yok bek\u00e7i, kavas<br \/>Bir cehennemdir ki vuslat yutkunur hicrana has<br \/>Bir belad\u0131r ki musallat dert ile dermana T\u00fcrk<\/p>\n<p>Olmal\u0131 hatun ki\u015fi zor-i &#8230;. le zarta-ke\u015f<br \/>Ufk-\u0131 a\u015fk\u0131 yakmal\u0131 hicranl\u0131 bir k\u0131zg\u0131n g\u00fcne\u015f<br \/>&#8230;. velh\u00e2s\u0131l\u0131, esmer, beyaz, zenci, habe\u015f<br \/>Vard\u0131r isti\u011fna eden bir \u00e7ok e\u015fek, abdal, gebe\u015f<br \/>Bunlar\u0131 te\u015fbih eder erb\u00e2b-\u0131 dil hayvana, T\u00fcrk<\/p>\n<p>D\u00fc\u015fmesin &#8230;. in zeb\u00fbn mekk\u00e2rede kuyruk gibi<br \/>\u015eanla sallans\u0131n &#8230;. top gibi, tomruk gibi<br \/>&#8230;. yumruk alt &#8230;. marpu\u00e7,&#8230; pulluk gibi<br \/>&#8230;.yer kalmal\u0131 virane bir &#8230;. gibi<br \/>Dikkat et, bak, s\u0131hhat\u0131nda bu gibi noksana T\u00fcrk<\/p>\n<p>&#8230;. haysiyyet temeldir dildeki cemiyyete<br \/>Mensec-i vuslat modeldir sanat-\u0131 nesviyyete<br \/>D\u00fc\u015fmesin Musa gibi ol nesne T\u00fbr-\u0131 \u015fehvete<br \/>Bir \u015fereftir bu \u015ferait unsur-\u0131 milliyyete<br \/>Kar\u015f\u0131 durmakt\u0131r h\u00fcner enf\u00fcsteki tufana T\u00fcrk<\/p>\n<p>Evvel\u00e2 laz\u0131m \u00e7obanl\u0131k hikmet-i matlab ile<br \/>S\u00e2niyen sanat, ziraat feyz-i r\u00fbz u \u015feb ile<br \/>Sonra karn\u0131n doydu mu T\u00fcrkane bir me\u015freb ile<br \/>Balta, t\u0131rpan, manda, ka\u011fn\u0131, panguduz merkeb ile<br \/>Git &#8230;. bir d\u00fb\u015f-\u0131 istil\u00e2 Frengistan\u2019 a T\u00fcrk<\/p>\n<p>Beyz\u00e2-i ankay\u0131 anla bo\u015f tavuk kehkehleme<br \/>Ehli takdir eylesin, sen kendini pehpehleme<br \/>Alt yan\u0131ndan kayd\u0131r\u0131p ta m\u00e2ver\u00e2ya dehleme<br \/>L\u00e2-yuk\u00e2l\u00ee bir hata-y\u0131 h\u0131rs ile yestehleme<br \/>Sapma \u015fehr\u00e2h-\u0131 safadan vadi-i isyana T\u00fcrk<\/p>\n<p>\u0130\u2019til\u00e2-y\u0131 m\u00fclk i\u00e7in milli &#8230;. kartalmal\u0131<br \/>Mor &#8230;. maplak gibi ta ka\u2019r-\u0131 &#8230;. dalmal\u0131<br \/>&#8230;. zorla her santimde g\u00fcmr\u00fck almal\u0131<br \/>\u00c2\u015f\u0131k\u00e2n s\u0131rt \u00fcst\u00fc saatlerce bayg\u0131n kalmal\u0131<br \/>B\u00f6yle gir din\u00ee zaferle ravza-i r\u0131dv\u00e2na T\u00fcrk<\/p>\n<p>Bast\u0131\u011f\u0131n anda g\u0131c\u0131rt\u0131 ka\u011fn\u0131y\u0131 and\u0131rmal\u0131<br \/>B\u00e2de-i vusl\u00e2t &#8230;. mest ed\u00fcp kand\u0131rmal\u0131<br \/>Dehledik\u00e7e h\u0131rs ile yekdi\u011ferin k\u0131zd\u0131rmal\u0131<br \/>&#8230;. safadan bahs a\u00e7arken &#8230;. f\u0131nd\u0131k k\u0131rmal\u0131<br \/>B\u00f6yle yap asma kulak hakk\u0131ndaki b\u00fcht\u00e2na T\u00fcrk<\/p>\n<p>Yasemini sineye tezy\u00een eder bir \u00e7ift turun\u00e7<br \/>\u00c7izmeden versin ni\u015fan &#8230;. ki yap\u0131\u015fs\u0131n &#8230;. kon\u00e7<br \/>\u00d6yle zannetsin g\u00f6renler &#8230;. bir d\u00f6kme tun\u00e7<br \/>\u0130lk nazarda &#8230;. g\u0131d\u0131klans\u0131n &#8230;. k\u0131rs\u0131n kulun\u00e7<br \/>Nesl-i \u00e2ti a\u015fk\u0131na &#8230;. minnet et canana T\u00fcrk<\/p>\n<p>Verdim Etlik Ba\u011flar\u0131ndan pendime i\u015fte hit\u00e2m<br \/>\u0130stemez bundan ziyade halka tatv\u00eel-i kel\u00e2m<br \/>Affedin, yoktur s\u00f6z\u00fcmde intizam u insic\u00e2m<br \/>Serseri bir Neyzen\u2019im, \u00e2\u015f\u0131klara ba\u2019de\u2019s-sel\u00e2m<br \/>Yadig\u00e2r olsun bu nazm\u0131m meclis-i ihv\u00e2na T\u00fcrk<\/p>\n<p>Ankara \u2013 Etlik 1923<\/p>\n<p>Neyzen TEVF\u0130K<\/p>\n","protected":false},"excerpt":{"rendered":"<p>\u00a0 \u015eimdi geldin az bu\u00e7uk asl\u0131ndan imana T\u00fcrk\u00c7ekmek isterdim seni \u00e7oktan beri divana T\u00fcrkSinede mihrab-\u0131 Beytullah\u2019 \u0131 bul, virane T\u00fcrkB\u00ee-tekell\u00fcf gir har\u00eem-i Hazret-i Yezdan\u2019a T\u00fcrkBast\u0131\u011f\u0131n yerlerde \u015fan ver cinsine, vicdana T\u00fcrk Dizginin canbaz elinde olmas\u0131n bak dikkat et\u00c7ekti\u011fin \u00e2l\u00e2m-\u0131 istibdad\u0131 vird-i ibret etDavran art\u0131k, nefsini \u00f6\u011frenmeye son gayret etKalbini a\u015fk-\u0131 vatanla mabed-i milliyyet etAte\u015f-i hicranla [&hellip;]<\/p>\n","protected":false},"author":1,"featured_media":0,"comment_status":"open","ping_status":"open","sticky":false,"template":"","format":"standard","meta":{"footnotes":""},"categories":[81],"tags":[],"class_list":["post-1670","post","type-post","status-publish","format-standard","category-neyzen-tevfik"],"yoast_head":"<!-- This site is optimized with the Yoast SEO Premium plugin v24.9 (Yoast SEO v24.9) - https:\/\/yoast.com\/wordpress\/plugins\/seo\/ -->\n<title>T\u00dcRK\u2019 E B\u0130R\u0130NC\u0130 \u00d6\u011e\u00dcT - narteks.net<\/title>\n<meta name=\"robots\" content=\"index, follow, max-snippet:-1, max-image-preview:large, max-video-preview:-1\" \/>\n<link rel=\"canonical\" href=\"https:\/\/narteks.net\/index.php\/2009\/12\/02\/turk-e-birinci-ogut\/\" \/>\n<meta property=\"og:locale\" content=\"tr_TR\" \/>\n<meta property=\"og:type\" content=\"article\" \/>\n<meta property=\"og:title\" content=\"T\u00dcRK\u2019 E B\u0130R\u0130NC\u0130 \u00d6\u011e\u00dcT\" \/>\n<meta property=\"og:description\" content=\"\u00a0 \u015eimdi geldin az bu\u00e7uk asl\u0131ndan imana T\u00fcrk\u00c7ekmek isterdim seni \u00e7oktan beri divana T\u00fcrkSinede mihrab-\u0131 Beytullah\u2019 \u0131 bul, virane T\u00fcrkB\u00ee-tekell\u00fcf gir har\u00eem-i Hazret-i Yezdan\u2019a T\u00fcrkBast\u0131\u011f\u0131n yerlerde \u015fan ver cinsine, vicdana T\u00fcrk Dizginin canbaz elinde olmas\u0131n bak dikkat et\u00c7ekti\u011fin \u00e2l\u00e2m-\u0131 istibdad\u0131 vird-i ibret etDavran art\u0131k, nefsini \u00f6\u011frenmeye son gayret etKalbini a\u015fk-\u0131 vatanla mabed-i milliyyet etAte\u015f-i hicranla [&hellip;]\" \/>\n<meta property=\"og:url\" content=\"https:\/\/narteks.net\/index.php\/2009\/12\/02\/turk-e-birinci-ogut\/\" \/>\n<meta property=\"og:site_name\" content=\"narteks.net\" \/>\n<meta property=\"article:published_time\" content=\"2009-12-02T10:56:31+00:00\" \/>\n<meta property=\"og:image\" content=\"https:\/\/narteks.net\/wp-content\/uploads\/narteks.png\" \/>\n\t<meta property=\"og:image:width\" content=\"300\" \/>\n\t<meta property=\"og:image:height\" content=\"90\" \/>\n\t<meta property=\"og:image:type\" content=\"image\/png\" \/>\n<meta name=\"author\" content=\"Tar\u0131k\" \/>\n<meta name=\"twitter:card\" content=\"summary_large_image\" \/>\n<meta name=\"twitter:creator\" content=\"@narteks\" \/>\n<meta name=\"twitter:site\" content=\"@narteks\" \/>\n<meta name=\"twitter:label1\" content=\"Yazan:\" \/>\n\t<meta name=\"twitter:data1\" content=\"Tar\u0131k\" \/>\n\t<meta name=\"twitter:label2\" content=\"Tahmini okuma s\u00fcresi\" \/>\n\t<meta name=\"twitter:data2\" content=\"6 dakika\" \/>\n<script type=\"application\/ld+json\" class=\"yoast-schema-graph\">{\"@context\":\"https:\/\/schema.org\",\"@graph\":[{\"@type\":\"Article\",\"@id\":\"https:\/\/narteks.net\/index.php\/2009\/12\/02\/turk-e-birinci-ogut\/#article\",\"isPartOf\":{\"@id\":\"https:\/\/narteks.net\/index.php\/2009\/12\/02\/turk-e-birinci-ogut\/\"},\"author\":{\"name\":\"Tar\u0131k\",\"@id\":\"https:\/\/narteks.net\/#\/schema\/person\/61f37d9834294b72d31d274e7ed79bca\"},\"headline\":\"T\u00dcRK\u2019 E B\u0130R\u0130NC\u0130 \u00d6\u011e\u00dcT\",\"datePublished\":\"2009-12-02T10:56:31+00:00\",\"mainEntityOfPage\":{\"@id\":\"https:\/\/narteks.net\/index.php\/2009\/12\/02\/turk-e-birinci-ogut\/\"},\"wordCount\":1236,\"commentCount\":0,\"publisher\":{\"@id\":\"https:\/\/narteks.net\/#organization\"},\"articleSection\":[\"Neyzen TEVF\u0130K\"],\"inLanguage\":\"tr\",\"potentialAction\":[{\"@type\":\"CommentAction\",\"name\":\"Comment\",\"target\":[\"https:\/\/narteks.net\/index.php\/2009\/12\/02\/turk-e-birinci-ogut\/#respond\"]}]},{\"@type\":\"WebPage\",\"@id\":\"https:\/\/narteks.net\/index.php\/2009\/12\/02\/turk-e-birinci-ogut\/\",\"url\":\"https:\/\/narteks.net\/index.php\/2009\/12\/02\/turk-e-birinci-ogut\/\",\"name\":\"T\u00dcRK\u2019 E B\u0130R\u0130NC\u0130 \u00d6\u011e\u00dcT - narteks.net\",\"isPartOf\":{\"@id\":\"https:\/\/narteks.net\/#website\"},\"datePublished\":\"2009-12-02T10:56:31+00:00\",\"breadcrumb\":{\"@id\":\"https:\/\/narteks.net\/index.php\/2009\/12\/02\/turk-e-birinci-ogut\/#breadcrumb\"},\"inLanguage\":\"tr\",\"potentialAction\":[{\"@type\":\"ReadAction\",\"target\":[\"https:\/\/narteks.net\/index.php\/2009\/12\/02\/turk-e-birinci-ogut\/\"]}]},{\"@type\":\"BreadcrumbList\",\"@id\":\"https:\/\/narteks.net\/index.php\/2009\/12\/02\/turk-e-birinci-ogut\/#breadcrumb\",\"itemListElement\":[{\"@type\":\"ListItem\",\"position\":1,\"name\":\"Anasayfa\",\"item\":\"https:\/\/narteks.net\/\"},{\"@type\":\"ListItem\",\"position\":2,\"name\":\"T\u00dcRK\u2019 E B\u0130R\u0130NC\u0130 \u00d6\u011e\u00dcT\"}]},{\"@type\":\"WebSite\",\"@id\":\"https:\/\/narteks.net\/#website\",\"url\":\"https:\/\/narteks.net\/\",\"name\":\"narteks.net\",\"description\":\"K\u00fclt\u00fcr Sanat Edebiyat Felsefe\",\"publisher\":{\"@id\":\"https:\/\/narteks.net\/#organization\"},\"alternateName\":\"K\u00fclt\u00fcr Sanat Edebiyat Felsefe\",\"potentialAction\":[{\"@type\":\"SearchAction\",\"target\":{\"@type\":\"EntryPoint\",\"urlTemplate\":\"https:\/\/narteks.net\/?s={search_term_string}\"},\"query-input\":{\"@type\":\"PropertyValueSpecification\",\"valueRequired\":true,\"valueName\":\"search_term_string\"}}],\"inLanguage\":\"tr\"},{\"@type\":\"Organization\",\"@id\":\"https:\/\/narteks.net\/#organization\",\"name\":\"narteks.net\",\"url\":\"https:\/\/narteks.net\/\",\"logo\":{\"@type\":\"ImageObject\",\"inLanguage\":\"tr\",\"@id\":\"https:\/\/narteks.net\/#\/schema\/logo\/image\/\",\"url\":\"https:\/\/narteks.net\/wp-content\/uploads\/narteks.png\",\"contentUrl\":\"https:\/\/narteks.net\/wp-content\/uploads\/narteks.png\",\"width\":300,\"height\":90,\"caption\":\"narteks.net\"},\"image\":{\"@id\":\"https:\/\/narteks.net\/#\/schema\/logo\/image\/\"},\"sameAs\":[\"https:\/\/x.com\/narteks\",\"https:\/\/instagram.com\/narteksnet\"]},{\"@type\":\"Person\",\"@id\":\"https:\/\/narteks.net\/#\/schema\/person\/61f37d9834294b72d31d274e7ed79bca\",\"name\":\"Tar\u0131k\",\"image\":{\"@type\":\"ImageObject\",\"inLanguage\":\"tr\",\"@id\":\"https:\/\/narteks.net\/#\/schema\/person\/image\/\",\"url\":\"https:\/\/secure.gravatar.com\/avatar\/50865afb55632c4ae467e0af0930f6510aa2297d8014be502a55b14f3b7550cf?s=96&d=mm&r=g\",\"contentUrl\":\"https:\/\/secure.gravatar.com\/avatar\/50865afb55632c4ae467e0af0930f6510aa2297d8014be502a55b14f3b7550cf?s=96&d=mm&r=g\",\"caption\":\"Tar\u0131k\"},\"sameAs\":[\"http:\/\/narteks.net\"],\"url\":\"https:\/\/narteks.net\/index.php\/author\/narbak\/\"}]}<\/script>\n<!-- \/ Yoast SEO Premium plugin. -->","yoast_head_json":{"title":"T\u00dcRK\u2019 E B\u0130R\u0130NC\u0130 \u00d6\u011e\u00dcT - narteks.net","robots":{"index":"index","follow":"follow","max-snippet":"max-snippet:-1","max-image-preview":"max-image-preview:large","max-video-preview":"max-video-preview:-1"},"canonical":"https:\/\/narteks.net\/index.php\/2009\/12\/02\/turk-e-birinci-ogut\/","og_locale":"tr_TR","og_type":"article","og_title":"T\u00dcRK\u2019 E B\u0130R\u0130NC\u0130 \u00d6\u011e\u00dcT","og_description":"\u00a0 \u015eimdi geldin az bu\u00e7uk asl\u0131ndan imana T\u00fcrk\u00c7ekmek isterdim seni \u00e7oktan beri divana T\u00fcrkSinede mihrab-\u0131 Beytullah\u2019 \u0131 bul, virane T\u00fcrkB\u00ee-tekell\u00fcf gir har\u00eem-i Hazret-i Yezdan\u2019a T\u00fcrkBast\u0131\u011f\u0131n yerlerde \u015fan ver cinsine, vicdana T\u00fcrk Dizginin canbaz elinde olmas\u0131n bak dikkat et\u00c7ekti\u011fin \u00e2l\u00e2m-\u0131 istibdad\u0131 vird-i ibret etDavran art\u0131k, nefsini \u00f6\u011frenmeye son gayret etKalbini a\u015fk-\u0131 vatanla mabed-i milliyyet etAte\u015f-i hicranla [&hellip;]","og_url":"https:\/\/narteks.net\/index.php\/2009\/12\/02\/turk-e-birinci-ogut\/","og_site_name":"narteks.net","article_published_time":"2009-12-02T10:56:31+00:00","og_image":[{"width":300,"height":90,"url":"https:\/\/narteks.net\/wp-content\/uploads\/narteks.png","type":"image\/png"}],"author":"Tar\u0131k","twitter_card":"summary_large_image","twitter_creator":"@narteks","twitter_site":"@narteks","twitter_misc":{"Yazan:":"Tar\u0131k","Tahmini okuma s\u00fcresi":"6 dakika"},"schema":{"@context":"https:\/\/schema.org","@graph":[{"@type":"Article","@id":"https:\/\/narteks.net\/index.php\/2009\/12\/02\/turk-e-birinci-ogut\/#article","isPartOf":{"@id":"https:\/\/narteks.net\/index.php\/2009\/12\/02\/turk-e-birinci-ogut\/"},"author":{"name":"Tar\u0131k","@id":"https:\/\/narteks.net\/#\/schema\/person\/61f37d9834294b72d31d274e7ed79bca"},"headline":"T\u00dcRK\u2019 E B\u0130R\u0130NC\u0130 \u00d6\u011e\u00dcT","datePublished":"2009-12-02T10:56:31+00:00","mainEntityOfPage":{"@id":"https:\/\/narteks.net\/index.php\/2009\/12\/02\/turk-e-birinci-ogut\/"},"wordCount":1236,"commentCount":0,"publisher":{"@id":"https:\/\/narteks.net\/#organization"},"articleSection":["Neyzen TEVF\u0130K"],"inLanguage":"tr","potentialAction":[{"@type":"CommentAction","name":"Comment","target":["https:\/\/narteks.net\/index.php\/2009\/12\/02\/turk-e-birinci-ogut\/#respond"]}]},{"@type":"WebPage","@id":"https:\/\/narteks.net\/index.php\/2009\/12\/02\/turk-e-birinci-ogut\/","url":"https:\/\/narteks.net\/index.php\/2009\/12\/02\/turk-e-birinci-ogut\/","name":"T\u00dcRK\u2019 E B\u0130R\u0130NC\u0130 \u00d6\u011e\u00dcT - narteks.net","isPartOf":{"@id":"https:\/\/narteks.net\/#website"},"datePublished":"2009-12-02T10:56:31+00:00","breadcrumb":{"@id":"https:\/\/narteks.net\/index.php\/2009\/12\/02\/turk-e-birinci-ogut\/#breadcrumb"},"inLanguage":"tr","potentialAction":[{"@type":"ReadAction","target":["https:\/\/narteks.net\/index.php\/2009\/12\/02\/turk-e-birinci-ogut\/"]}]},{"@type":"BreadcrumbList","@id":"https:\/\/narteks.net\/index.php\/2009\/12\/02\/turk-e-birinci-ogut\/#breadcrumb","itemListElement":[{"@type":"ListItem","position":1,"name":"Anasayfa","item":"https:\/\/narteks.net\/"},{"@type":"ListItem","position":2,"name":"T\u00dcRK\u2019 E B\u0130R\u0130NC\u0130 \u00d6\u011e\u00dcT"}]},{"@type":"WebSite","@id":"https:\/\/narteks.net\/#website","url":"https:\/\/narteks.net\/","name":"narteks.net","description":"K\u00fclt\u00fcr Sanat Edebiyat Felsefe","publisher":{"@id":"https:\/\/narteks.net\/#organization"},"alternateName":"K\u00fclt\u00fcr Sanat Edebiyat Felsefe","potentialAction":[{"@type":"SearchAction","target":{"@type":"EntryPoint","urlTemplate":"https:\/\/narteks.net\/?s={search_term_string}"},"query-input":{"@type":"PropertyValueSpecification","valueRequired":true,"valueName":"search_term_string"}}],"inLanguage":"tr"},{"@type":"Organization","@id":"https:\/\/narteks.net\/#organization","name":"narteks.net","url":"https:\/\/narteks.net\/","logo":{"@type":"ImageObject","inLanguage":"tr","@id":"https:\/\/narteks.net\/#\/schema\/logo\/image\/","url":"https:\/\/narteks.net\/wp-content\/uploads\/narteks.png","contentUrl":"https:\/\/narteks.net\/wp-content\/uploads\/narteks.png","width":300,"height":90,"caption":"narteks.net"},"image":{"@id":"https:\/\/narteks.net\/#\/schema\/logo\/image\/"},"sameAs":["https:\/\/x.com\/narteks","https:\/\/instagram.com\/narteksnet"]},{"@type":"Person","@id":"https:\/\/narteks.net\/#\/schema\/person\/61f37d9834294b72d31d274e7ed79bca","name":"Tar\u0131k","image":{"@type":"ImageObject","inLanguage":"tr","@id":"https:\/\/narteks.net\/#\/schema\/person\/image\/","url":"https:\/\/secure.gravatar.com\/avatar\/50865afb55632c4ae467e0af0930f6510aa2297d8014be502a55b14f3b7550cf?s=96&d=mm&r=g","contentUrl":"https:\/\/secure.gravatar.com\/avatar\/50865afb55632c4ae467e0af0930f6510aa2297d8014be502a55b14f3b7550cf?s=96&d=mm&r=g","caption":"Tar\u0131k"},"sameAs":["http:\/\/narteks.net"],"url":"https:\/\/narteks.net\/index.php\/author\/narbak\/"}]}},"_links":{"self":[{"href":"https:\/\/narteks.net\/index.php\/wp-json\/wp\/v2\/posts\/1670","targetHints":{"allow":["GET"]}}],"collection":[{"href":"https:\/\/narteks.net\/index.php\/wp-json\/wp\/v2\/posts"}],"about":[{"href":"https:\/\/narteks.net\/index.php\/wp-json\/wp\/v2\/types\/post"}],"author":[{"embeddable":true,"href":"https:\/\/narteks.net\/index.php\/wp-json\/wp\/v2\/users\/1"}],"replies":[{"embeddable":true,"href":"https:\/\/narteks.net\/index.php\/wp-json\/wp\/v2\/comments?post=1670"}],"version-history":[{"count":0,"href":"https:\/\/narteks.net\/index.php\/wp-json\/wp\/v2\/posts\/1670\/revisions"}],"wp:attachment":[{"href":"https:\/\/narteks.net\/index.php\/wp-json\/wp\/v2\/media?parent=1670"}],"wp:term":[{"taxonomy":"category","embeddable":true,"href":"https:\/\/narteks.net\/index.php\/wp-json\/wp\/v2\/categories?post=1670"},{"taxonomy":"post_tag","embeddable":true,"href":"https:\/\/narteks.net\/index.php\/wp-json\/wp\/v2\/tags?post=1670"}],"curies":[{"name":"wp","href":"https:\/\/api.w.org\/{rel}","templated":true}]}}