{"id":1671,"date":"2009-12-02T13:57:23","date_gmt":"2009-12-02T10:57:23","guid":{"rendered":"http:\/\/localhost\/wordpress\/2009\/12\/02\/turke-ikinci-ogut\/"},"modified":"2009-12-02T13:57:23","modified_gmt":"2009-12-02T10:57:23","slug":"turke-ikinci-ogut","status":"publish","type":"post","link":"https:\/\/narteks.net\/index.php\/2009\/12\/02\/turke-ikinci-ogut\/","title":{"rendered":"T\u00dcRKE \u0130K\u0130NC\u0130 \u00d6\u011e\u00dcT"},"content":{"rendered":"<p>\u00a0<\/p>\n<p>Gel, g\u00fcnayd\u0131n, \u015fimdi bak \u015fu kurdu\u011fun \u00e2s\u00e2ra T\u00fcrk<br \/>Ba\u015flam\u0131\u015ft\u0131r \u00fclke isti\u2019d\u00e2d\u0131n\u0131 izh\u00e2ra T\u00fcrk<br \/>\u00c2sm\u00e2n\u0131 y\u0131k y\u0131\u011f, istikl\u00e2li istikrara T\u00fcrk<br \/>Nank\u00f6re a\u00e7t\u0131rma g\u00f6z, hi\u00e7 verme y\u00fcz a\u011fy\u00e2ra T\u00fcrk<br \/>Basmas\u0131n n\u00e2d\u00e2n aya\u011f\u0131 rehg\u00fcz\u00e2r-\u0131 y\u00e2re T\u00fcrk<\/p>\n<p>Zalimin titrek elinden \u00e7ektin ald\u0131n dizgini<br \/>K\u00fckresin n\u00e2merde tarihinde bir kaplan kini<br \/>Tuttu\u011fun yol asra ait her tecedd\u00fcdden yeni<br \/>\u201cM\u00fcstakim ol Hazret-i M\u00fcnc\u00ee utand\u0131rmaz seni\u201d<br \/>Akl\u0131n erdiyse yeter bir V\u00e2hid \u00fc Kahhar\u2019 a T\u00fcrk<\/p>\n<p>Kudret-i f\u0131tr\u0131yyeni and\u0131k\u00e7a ah ettim sana<br \/>Gitme maziye dedim, talim-i r\u00e2h ettim sana<br \/>\u015eapka giydirdimse zannetme k\u00fcl\u00e2h ettim sana<br \/>Can g\u00f6z\u00fcyle sahne-i dilden nig\u00e2h ettim sana<br \/>Verme art\u0131k g\u00f6nl\u00fcn\u00fc, d\u00fckk\u00e2n gibi \u00eec\u00e2ra T\u00fcrk<\/p>\n<p>Vahdet-i milliyyedir efr\u00e2d\u0131 ancak kurtaran<br \/>A\u015fk-\u0131 Gazi ate\u015fiyle kaynayan millete kan<br \/>\u201cH\u00e2kimiyyet milletindir\u201d, g\u00f6kte ol sahip-k\u0131ran<br \/>Za\u011flas\u0131n \u00e7arh-\u0131 felek \u015fim\u015f\u00eerini, sen salt ku\u015fan<br \/>Bir emirberdir kap\u0131ndan bast\u0131\u011f\u0131n seyy\u00e2re T\u00fcrk<\/p>\n<p>G\u00f6nl\u00fcn\u00fc gark eyle men\u015f\u00fbr-\u0131 deh\u00e2n\u0131n rengine,<br \/>Bak riy\u00e2z\u00ee bir nazarla \u015fimdi T\u00fcrk\u00fcn cengine<br \/>\u00d6yle bir T\u00fcrk\u00e2ne me\u015freple getir ki dengine<br \/>S\u00e2z-\u0131 sulhun perde perde na\u011fme kat ahengine<br \/>Ey g\u00fcne\u015ften s\u0131\u00e7ram\u0131\u015f her ferdi ate\u015fp\u00e2re T\u00fcrk<\/p>\n<p>\u0130nkil\u00e2b\u0131 halk ederken parlad\u0131k\u00e7a mu\u2019ciz\u00e2t<br \/>Anlam\u0131\u015f sinyaldeki imay\u0131 ruh-i hadis\u00e2t<br \/>Bekliyor simas\u0131 devr\u00e2n\u0131n g\u00fcne\u015ften iltifat<br \/>H\u00e2le-i sulh-\u0131 cihana verdi ay y\u0131ld\u0131z hayat<br \/>Ben de \u015fa\u015ft\u0131m bu terenn\u00fcmlerdeki esrara T\u00fcrk<\/p>\n<p>Varsa dostun dip\u00e7i\u011findir, \u00f6p de omzunda ta\u015f\u0131<br \/>Merde h\u00fcrmet eyle, n\u00e2merdi g\u00f6r\u00fcnce \u00e7at ka\u015f\u0131<br \/>Bak nas\u0131l rapt eyledin etraf\u0131, Moskof karda\u015f\u0131<br \/>Bence senden \u00e7ok k\u00fc\u00e7\u00fckt\u00fcr eski tarihin ya\u015f\u0131<br \/>\u00c2sm\u00e2na kak temel arz eyle de mimara T\u00fcrk<\/p>\n<p>\u00c2sm\u00e2na kak, temelden maksad\u0131m teyyare yap<br \/>Cehli kahrettik\u00e7e idrakinle fenne, ilme tap<br \/>Gitme mazinin karanl\u0131k yollar\u0131ndan, garbe sap<br \/>Varsa iblisin k\u00fcl\u00e2h\u0131, sen atik davran da kap<br \/>S&#8230;.da giydir d\u00fc\u015fmen-i b\u00eed\u00e2d olan e\u015fr\u00e2ra T\u00fcrk<\/p>\n<p>M\u00fcmk\u00fcn\u00fcn tahlili \u00e2nde bin tecelliy\u00e2t olur<br \/>Tehlikeyle oynan\u0131lmaz ak\u0131bet heyh\u00e2t olur<br \/>Himmet-i tarih ile her m\u00fcdde\u00e2 ispat olur<br \/>\u0130nkir\u00e2z\u0131n taht\u0131 k\u00fcrs\u00ee-i il\u00e2hiyyat olur<br \/>Bence davetn\u00e2medir bu safsata idb\u00e2ra T\u00fcrk<\/p>\n<p>Kalkmad\u0131k\u00e7a bunlar ev, yer, ba\u011f, \u00e7ay\u0131r yoktur sana<br \/>Bunlar\u0131 kald\u0131r, maarifte bay\u0131r yoktur sana<br \/>Kendi m\u00fclk\u00fcnd\u00fcr vatan, ortak gay\u0131r yoktur sana<br \/>Y\u0131k dedim, y\u0131k, kanl\u0131 k\u00fcrs\u00eeden hay\u0131r yoktur sana<br \/>Ba\u2019dem\u00e2 meydan b\u0131rakma bunlar\u0131 tekrara T\u00fcrk<\/p>\n<p>Kendi m\u00fclk\u00fcnde garibane dilendin din i\u00e7in<br \/>T\u0131pk\u0131 beygirler gibi d\u00f6nd\u00fcrd\u00fc \u015feyh ayin i\u00e7in<br \/>S\u0131rtta heybe, cerre \u00e7\u0131kt\u0131n gafleti telk\u0131yn i\u00e7in<br \/>Pek fedak\u00e2rane yand\u0131n bir Kurey\u015f\u00ee kin i\u00e7in<br \/>\u00c7al da s\u00f6ylet bunlar\u0131 saz\u0131ndaki evt\u00e2ra T\u00fcrk<\/p>\n<p>G\u00f6nl\u00fcn\u00fc din\u00ee tufeyl\u00eeden temizle g\u00fcn gibi<br \/>A\u015fka iman et de durma vuslata k\u00fcsk\u00fcn gibi<br \/>\u00c7ekti\u011fin \u00e2l\u00e2m-\u0131 eyy\u00e2m\u0131 unutma d\u00fcn gibi<br \/>A\u00e7 g\u00f6z\u00fcn, \u00e7\u0131ld\u0131rma bir Leyl\u00e2 i\u00e7in Mecnun gibi<br \/>Bir marazd\u0131r bu; de ge\u00e7, \u00e2\u015f\u0131ktaki efk\u00e2ra T\u00fcrk<\/p>\n<p>Bir m\u00fczisyen geldi Alman \u015etrigler\u2019mi\u015f ad\u0131<br \/>\u00d6yle kudret var ki idrakinde akl\u0131m oynad\u0131<br \/>Anlad\u0131k\u00e7a g\u00f6nl\u00fcn\u00fc T\u00fcrk\u00fcn muhabbet kaynad\u0131<br \/>Garb\u0131n asr\u00ee bir dima\u011f\u0131nca saz\u0131n varm\u0131\u015f tad\u0131<br \/>K\u0131smet oldu \u00e7ok \u015f\u00fck\u00fcr dinletmesi b\u00eed\u00e2ra T\u00fcrk<\/p>\n<p>Bence ibd\u00e2\u2019\u0131n oca\u011f\u0131 g\u00f6nl\u00fcn\u00fcn alt\u0131ndad\u0131r<br \/>Kesmiyor sanma, k\u0131l\u0131\u00e7 bir k\u00f6hne eski k\u0131ndad\u0131r<br \/>A\u015fk\u0131 tekf\u00eer etme, mesuliyyeti s\u0131rt\u0131ndad\u0131r<br \/>Bir kulak ver kendine, g\u00f6nl\u00fcn bunun fark\u0131ndad\u0131r<br \/>Sen neden b\u00eeg\u00e2nesin ruhundaki e\u015f\u2019\u00e2ra T\u00fcrk<\/p>\n<p>S\u00f6yle a\u015fk\u0131n l\u00e2nesinden kim yad\u0131rgatt\u0131 seni<br \/>Hangi al\u00e7ak a\u015fka d\u00fc\u015fman etti, aldatt\u0131 seni<br \/>Kendi m\u00fcmk\u00fcnd\u00fcr bu \u00fclke, kim tutup att\u0131 seni<br \/>\u0130timad\u0131n bir kuru iman i\u00e7in satt\u0131 seni<br \/>Sen ki Cibril\u2019i yaparken orduna mekk\u00e2re T\u00fcrk<\/p>\n<p>Musik\u00eeye \u00e2r\u0131z olmu\u015ftur yobazl\u0131k bit gibi<br \/>Bu akan \u00e7irk-i hil\u00e2fet sanata kibrit gibi<br \/>Saltanat davas\u0131na her fasl\u0131 bir \u015fahit gibi<br \/>Toplan\u0131p hep bir a\u011f\u0131zdan h\u0131rla\u015f\u0131rlar it gibi<br \/>Eyle bunlardan \u015fik\u00e2yet d\u00e2hi-i serdara T\u00fcrk<\/p>\n<p>K\u0131rk sekiz y\u0131l ki\u015fver-i ibd\u00e2\u2019\u0131 sard\u0131m, bekledim<br \/>Alt\u0131 bin y\u0131ll\u0131k birikmi\u015f bir de mazi ekledim<br \/>Kurdu\u011fum tabya haraba tuttu y\u00fcz, mertekledim<br \/>G\u00f6rd\u00fc\u011f\u00fcm \u00e2s\u00e2r ile m\u00fcstakbeli ger\u00e7ekledim<br \/>S\u0131\u011fmaz art\u0131k tuttu\u011fun yol vadi-i ink\u00e2ra T\u00fcrk<\/p>\n<p>E\u015f\u015fe\u011finden patri\u011fin her kim nasip alm\u0131\u015f ise<br \/>Her ne varsa bildi\u011fi fensiz: Bo\u015f anbar, bo\u015f kese<br \/>Garb\u0131 takdir etmeyen n\u00e2d\u00e2n\u0131 sokma meclise<br \/>Hakka iman etmemek olmu\u015f seviyye iblis\u2019 e<br \/>Bast\u0131\u011f\u0131n k\u00e2fi de\u011fil mi bunca y\u0131l mantara T\u00fcrk<\/p>\n<p>Cevher-i milliyyeni soymu\u015f harami, K\u00e2be\u2019de<br \/>Cehle g\u00f6mm\u00fc\u015f ruhunu, sonra aratm\u0131\u015f t\u00fcrbede<br \/>\u00d6yle aldatm\u0131\u015f ki teslimiyyetin b\u00ee-arbede<br \/>Sersem etmi\u015f halk\u0131 d\u00f6nd\u00fcrd\u00fck\u00e7e curnalc\u0131 dede<br \/>Ehl-i &#8230;.\u2019ten hazer k\u0131l, \u00e7\u00fcnk\u00fc benzer m\u00e2ra T\u00fcrk<\/p>\n<p>Hangi sem\u2019iyyet olursa girme takt\u0131rma yular<br \/>Goncas\u0131 milliyetin a\u011fy\u00e2r elinde tez solar<br \/>H\u00fcr ya\u015fa bak yadig\u00e2r\u0131 ceddinin \u015fu ordular<br \/>Kar\u015f\u0131s\u0131nda \u0130\u2019til\u00e2f ordular\u0131 zor durdular<br \/>D\u00fc\u015fman\u0131 tesh\u00eer eden ba\u015f\u0131ndaki mehp\u00e2re T\u00fcrk<\/p>\n<p>Dinlemem bir kimseyi, fikrim, karar\u0131m kendimin<br \/>\u00c2sm\u00e2n\u0131m kendimin, leylim, neh\u00e2r\u0131m kendimin<br \/>Medd \u00fc cezrim kendimin, ka\u2019r\u0131m, kenar\u0131m kendimin<br \/>\u00c7ember-i devr\u00e2na h\u00e2kimdir, med\u00e2r\u0131m, kendimin<br \/>S\u0131rr\u0131m\u0131 f\u00e2\u015f etmedim b\u00ee-intih\u00e2 \u00e2s\u00e2ra T\u00fcrk<\/p>\n<p>Bu eserler ink\u0131l\u00e2b\u0131n ekmeliydi \u015f\u00fcphesiz<br \/>T\u00fcrk\u00fcn istikbali ondan m\u00fcnceliydi \u015f\u00fcphesiz<br \/>Tuttu\u011fun el-Gazi-i m\u00fcnc\u00ee eliydi \u015f\u00fcphesiz<br \/>\u00c2kil-i ferd\u00e2ne-b\u00eena me\u015f\u2019\u00e2liydi \u015f\u00fcphesiz<br \/>Secde eyler \u00e2sm\u00e2nlar \u015femsini ikrara T\u00fcrk<\/p>\n<p>\u0130stanbul &#8211; 1929<\/p>\n<p>Neyzen TEVF\u0130K<\/p>\n","protected":false},"excerpt":{"rendered":"<p>\u00a0 Gel, g\u00fcnayd\u0131n, \u015fimdi bak \u015fu kurdu\u011fun \u00e2s\u00e2ra T\u00fcrkBa\u015flam\u0131\u015ft\u0131r \u00fclke isti\u2019d\u00e2d\u0131n\u0131 izh\u00e2ra T\u00fcrk\u00c2sm\u00e2n\u0131 y\u0131k y\u0131\u011f, istikl\u00e2li istikrara T\u00fcrkNank\u00f6re a\u00e7t\u0131rma g\u00f6z, hi\u00e7 verme y\u00fcz a\u011fy\u00e2ra T\u00fcrkBasmas\u0131n n\u00e2d\u00e2n aya\u011f\u0131 rehg\u00fcz\u00e2r-\u0131 y\u00e2re T\u00fcrk Zalimin titrek elinden \u00e7ektin ald\u0131n dizginiK\u00fckresin n\u00e2merde tarihinde bir kaplan kiniTuttu\u011fun yol asra ait her tecedd\u00fcdden yeni\u201cM\u00fcstakim ol Hazret-i M\u00fcnc\u00ee utand\u0131rmaz seni\u201dAkl\u0131n erdiyse yeter bir [&hellip;]<\/p>\n","protected":false},"author":1,"featured_media":0,"comment_status":"open","ping_status":"open","sticky":false,"template":"","format":"standard","meta":{"footnotes":""},"categories":[81],"tags":[],"class_list":{"0":"post-1671","1":"post","2":"type-post","3":"status-publish","4":"format-standard","6":"category-neyzen-tevfik"},"yoast_head":"<!-- This site is optimized with the Yoast SEO Premium plugin v24.9 (Yoast SEO v24.9) - https:\/\/yoast.com\/wordpress\/plugins\/seo\/ -->\n<title>T\u00dcRKE \u0130K\u0130NC\u0130 \u00d6\u011e\u00dcT - narteks.net<\/title>\n<meta name=\"robots\" content=\"index, follow, max-snippet:-1, max-image-preview:large, max-video-preview:-1\" \/>\n<link rel=\"canonical\" href=\"https:\/\/narteks.net\/index.php\/2009\/12\/02\/turke-ikinci-ogut\/\" \/>\n<meta property=\"og:locale\" content=\"tr_TR\" \/>\n<meta property=\"og:type\" content=\"article\" \/>\n<meta property=\"og:title\" content=\"T\u00dcRKE \u0130K\u0130NC\u0130 \u00d6\u011e\u00dcT\" \/>\n<meta property=\"og:description\" content=\"\u00a0 Gel, g\u00fcnayd\u0131n, \u015fimdi bak \u015fu kurdu\u011fun \u00e2s\u00e2ra T\u00fcrkBa\u015flam\u0131\u015ft\u0131r \u00fclke isti\u2019d\u00e2d\u0131n\u0131 izh\u00e2ra T\u00fcrk\u00c2sm\u00e2n\u0131 y\u0131k y\u0131\u011f, istikl\u00e2li istikrara T\u00fcrkNank\u00f6re a\u00e7t\u0131rma g\u00f6z, hi\u00e7 verme y\u00fcz a\u011fy\u00e2ra T\u00fcrkBasmas\u0131n n\u00e2d\u00e2n aya\u011f\u0131 rehg\u00fcz\u00e2r-\u0131 y\u00e2re T\u00fcrk Zalimin titrek elinden \u00e7ektin ald\u0131n dizginiK\u00fckresin n\u00e2merde tarihinde bir kaplan kiniTuttu\u011fun yol asra ait her tecedd\u00fcdden yeni\u201cM\u00fcstakim ol Hazret-i M\u00fcnc\u00ee utand\u0131rmaz seni\u201dAkl\u0131n erdiyse yeter bir [&hellip;]\" \/>\n<meta property=\"og:url\" content=\"https:\/\/narteks.net\/index.php\/2009\/12\/02\/turke-ikinci-ogut\/\" \/>\n<meta property=\"og:site_name\" content=\"narteks.net\" \/>\n<meta property=\"article:published_time\" content=\"2009-12-02T10:57:23+00:00\" \/>\n<meta property=\"og:image\" content=\"https:\/\/narteks.net\/wp-content\/uploads\/narteks.png\" \/>\n\t<meta property=\"og:image:width\" content=\"300\" \/>\n\t<meta property=\"og:image:height\" content=\"90\" \/>\n\t<meta property=\"og:image:type\" content=\"image\/png\" \/>\n<meta name=\"author\" content=\"Tar\u0131k\" \/>\n<meta name=\"twitter:card\" content=\"summary_large_image\" \/>\n<meta name=\"twitter:creator\" content=\"@narteks\" \/>\n<meta name=\"twitter:site\" content=\"@narteks\" \/>\n<meta name=\"twitter:label1\" content=\"Yazan:\" \/>\n\t<meta name=\"twitter:data1\" content=\"Tar\u0131k\" \/>\n\t<meta name=\"twitter:label2\" content=\"Tahmini okuma s\u00fcresi\" \/>\n\t<meta name=\"twitter:data2\" content=\"5 dakika\" \/>\n<script type=\"application\/ld+json\" class=\"yoast-schema-graph\">{\"@context\":\"https:\/\/schema.org\",\"@graph\":[{\"@type\":\"Article\",\"@id\":\"https:\/\/narteks.net\/index.php\/2009\/12\/02\/turke-ikinci-ogut\/#article\",\"isPartOf\":{\"@id\":\"https:\/\/narteks.net\/index.php\/2009\/12\/02\/turke-ikinci-ogut\/\"},\"author\":{\"name\":\"Tar\u0131k\",\"@id\":\"https:\/\/narteks.net\/#\/schema\/person\/61f37d9834294b72d31d274e7ed79bca\"},\"headline\":\"T\u00dcRKE \u0130K\u0130NC\u0130 \u00d6\u011e\u00dcT\",\"datePublished\":\"2009-12-02T10:57:23+00:00\",\"mainEntityOfPage\":{\"@id\":\"https:\/\/narteks.net\/index.php\/2009\/12\/02\/turke-ikinci-ogut\/\"},\"wordCount\":1011,\"commentCount\":0,\"publisher\":{\"@id\":\"https:\/\/narteks.net\/#organization\"},\"articleSection\":[\"Neyzen TEVF\u0130K\"],\"inLanguage\":\"tr\",\"potentialAction\":[{\"@type\":\"CommentAction\",\"name\":\"Comment\",\"target\":[\"https:\/\/narteks.net\/index.php\/2009\/12\/02\/turke-ikinci-ogut\/#respond\"]}]},{\"@type\":\"WebPage\",\"@id\":\"https:\/\/narteks.net\/index.php\/2009\/12\/02\/turke-ikinci-ogut\/\",\"url\":\"https:\/\/narteks.net\/index.php\/2009\/12\/02\/turke-ikinci-ogut\/\",\"name\":\"T\u00dcRKE \u0130K\u0130NC\u0130 \u00d6\u011e\u00dcT - narteks.net\",\"isPartOf\":{\"@id\":\"https:\/\/narteks.net\/#website\"},\"datePublished\":\"2009-12-02T10:57:23+00:00\",\"breadcrumb\":{\"@id\":\"https:\/\/narteks.net\/index.php\/2009\/12\/02\/turke-ikinci-ogut\/#breadcrumb\"},\"inLanguage\":\"tr\",\"potentialAction\":[{\"@type\":\"ReadAction\",\"target\":[\"https:\/\/narteks.net\/index.php\/2009\/12\/02\/turke-ikinci-ogut\/\"]}]},{\"@type\":\"BreadcrumbList\",\"@id\":\"https:\/\/narteks.net\/index.php\/2009\/12\/02\/turke-ikinci-ogut\/#breadcrumb\",\"itemListElement\":[{\"@type\":\"ListItem\",\"position\":1,\"name\":\"Anasayfa\",\"item\":\"https:\/\/narteks.net\/\"},{\"@type\":\"ListItem\",\"position\":2,\"name\":\"T\u00dcRKE \u0130K\u0130NC\u0130 \u00d6\u011e\u00dcT\"}]},{\"@type\":\"WebSite\",\"@id\":\"https:\/\/narteks.net\/#website\",\"url\":\"https:\/\/narteks.net\/\",\"name\":\"narteks.net\",\"description\":\"K\u00fclt\u00fcr Sanat Edebiyat Felsefe\",\"publisher\":{\"@id\":\"https:\/\/narteks.net\/#organization\"},\"alternateName\":\"K\u00fclt\u00fcr Sanat Edebiyat Felsefe\",\"potentialAction\":[{\"@type\":\"SearchAction\",\"target\":{\"@type\":\"EntryPoint\",\"urlTemplate\":\"https:\/\/narteks.net\/?s={search_term_string}\"},\"query-input\":{\"@type\":\"PropertyValueSpecification\",\"valueRequired\":true,\"valueName\":\"search_term_string\"}}],\"inLanguage\":\"tr\"},{\"@type\":\"Organization\",\"@id\":\"https:\/\/narteks.net\/#organization\",\"name\":\"narteks.net\",\"url\":\"https:\/\/narteks.net\/\",\"logo\":{\"@type\":\"ImageObject\",\"inLanguage\":\"tr\",\"@id\":\"https:\/\/narteks.net\/#\/schema\/logo\/image\/\",\"url\":\"https:\/\/narteks.net\/wp-content\/uploads\/narteks.png\",\"contentUrl\":\"https:\/\/narteks.net\/wp-content\/uploads\/narteks.png\",\"width\":300,\"height\":90,\"caption\":\"narteks.net\"},\"image\":{\"@id\":\"https:\/\/narteks.net\/#\/schema\/logo\/image\/\"},\"sameAs\":[\"https:\/\/x.com\/narteks\",\"https:\/\/instagram.com\/narteksnet\"]},{\"@type\":\"Person\",\"@id\":\"https:\/\/narteks.net\/#\/schema\/person\/61f37d9834294b72d31d274e7ed79bca\",\"name\":\"Tar\u0131k\",\"image\":{\"@type\":\"ImageObject\",\"inLanguage\":\"tr\",\"@id\":\"https:\/\/narteks.net\/#\/schema\/person\/image\/\",\"url\":\"https:\/\/secure.gravatar.com\/avatar\/50865afb55632c4ae467e0af0930f6510aa2297d8014be502a55b14f3b7550cf?s=96&d=mm&r=g\",\"contentUrl\":\"https:\/\/secure.gravatar.com\/avatar\/50865afb55632c4ae467e0af0930f6510aa2297d8014be502a55b14f3b7550cf?s=96&d=mm&r=g\",\"caption\":\"Tar\u0131k\"},\"sameAs\":[\"http:\/\/narteks.net\"],\"url\":\"https:\/\/narteks.net\/index.php\/author\/narbak\/\"}]}<\/script>\n<!-- \/ Yoast SEO Premium plugin. -->","yoast_head_json":{"title":"T\u00dcRKE \u0130K\u0130NC\u0130 \u00d6\u011e\u00dcT - narteks.net","robots":{"index":"index","follow":"follow","max-snippet":"max-snippet:-1","max-image-preview":"max-image-preview:large","max-video-preview":"max-video-preview:-1"},"canonical":"https:\/\/narteks.net\/index.php\/2009\/12\/02\/turke-ikinci-ogut\/","og_locale":"tr_TR","og_type":"article","og_title":"T\u00dcRKE \u0130K\u0130NC\u0130 \u00d6\u011e\u00dcT","og_description":"\u00a0 Gel, g\u00fcnayd\u0131n, \u015fimdi bak \u015fu kurdu\u011fun \u00e2s\u00e2ra T\u00fcrkBa\u015flam\u0131\u015ft\u0131r \u00fclke isti\u2019d\u00e2d\u0131n\u0131 izh\u00e2ra T\u00fcrk\u00c2sm\u00e2n\u0131 y\u0131k y\u0131\u011f, istikl\u00e2li istikrara T\u00fcrkNank\u00f6re a\u00e7t\u0131rma g\u00f6z, hi\u00e7 verme y\u00fcz a\u011fy\u00e2ra T\u00fcrkBasmas\u0131n n\u00e2d\u00e2n aya\u011f\u0131 rehg\u00fcz\u00e2r-\u0131 y\u00e2re T\u00fcrk Zalimin titrek elinden \u00e7ektin ald\u0131n dizginiK\u00fckresin n\u00e2merde tarihinde bir kaplan kiniTuttu\u011fun yol asra ait her tecedd\u00fcdden yeni\u201cM\u00fcstakim ol Hazret-i M\u00fcnc\u00ee utand\u0131rmaz seni\u201dAkl\u0131n erdiyse yeter bir [&hellip;]","og_url":"https:\/\/narteks.net\/index.php\/2009\/12\/02\/turke-ikinci-ogut\/","og_site_name":"narteks.net","article_published_time":"2009-12-02T10:57:23+00:00","og_image":[{"width":300,"height":90,"url":"https:\/\/narteks.net\/wp-content\/uploads\/narteks.png","type":"image\/png"}],"author":"Tar\u0131k","twitter_card":"summary_large_image","twitter_creator":"@narteks","twitter_site":"@narteks","twitter_misc":{"Yazan:":"Tar\u0131k","Tahmini okuma s\u00fcresi":"5 dakika"},"schema":{"@context":"https:\/\/schema.org","@graph":[{"@type":"Article","@id":"https:\/\/narteks.net\/index.php\/2009\/12\/02\/turke-ikinci-ogut\/#article","isPartOf":{"@id":"https:\/\/narteks.net\/index.php\/2009\/12\/02\/turke-ikinci-ogut\/"},"author":{"name":"Tar\u0131k","@id":"https:\/\/narteks.net\/#\/schema\/person\/61f37d9834294b72d31d274e7ed79bca"},"headline":"T\u00dcRKE \u0130K\u0130NC\u0130 \u00d6\u011e\u00dcT","datePublished":"2009-12-02T10:57:23+00:00","mainEntityOfPage":{"@id":"https:\/\/narteks.net\/index.php\/2009\/12\/02\/turke-ikinci-ogut\/"},"wordCount":1011,"commentCount":0,"publisher":{"@id":"https:\/\/narteks.net\/#organization"},"articleSection":["Neyzen TEVF\u0130K"],"inLanguage":"tr","potentialAction":[{"@type":"CommentAction","name":"Comment","target":["https:\/\/narteks.net\/index.php\/2009\/12\/02\/turke-ikinci-ogut\/#respond"]}]},{"@type":"WebPage","@id":"https:\/\/narteks.net\/index.php\/2009\/12\/02\/turke-ikinci-ogut\/","url":"https:\/\/narteks.net\/index.php\/2009\/12\/02\/turke-ikinci-ogut\/","name":"T\u00dcRKE \u0130K\u0130NC\u0130 \u00d6\u011e\u00dcT - narteks.net","isPartOf":{"@id":"https:\/\/narteks.net\/#website"},"datePublished":"2009-12-02T10:57:23+00:00","breadcrumb":{"@id":"https:\/\/narteks.net\/index.php\/2009\/12\/02\/turke-ikinci-ogut\/#breadcrumb"},"inLanguage":"tr","potentialAction":[{"@type":"ReadAction","target":["https:\/\/narteks.net\/index.php\/2009\/12\/02\/turke-ikinci-ogut\/"]}]},{"@type":"BreadcrumbList","@id":"https:\/\/narteks.net\/index.php\/2009\/12\/02\/turke-ikinci-ogut\/#breadcrumb","itemListElement":[{"@type":"ListItem","position":1,"name":"Anasayfa","item":"https:\/\/narteks.net\/"},{"@type":"ListItem","position":2,"name":"T\u00dcRKE \u0130K\u0130NC\u0130 \u00d6\u011e\u00dcT"}]},{"@type":"WebSite","@id":"https:\/\/narteks.net\/#website","url":"https:\/\/narteks.net\/","name":"narteks.net","description":"K\u00fclt\u00fcr Sanat Edebiyat Felsefe","publisher":{"@id":"https:\/\/narteks.net\/#organization"},"alternateName":"K\u00fclt\u00fcr Sanat Edebiyat Felsefe","potentialAction":[{"@type":"SearchAction","target":{"@type":"EntryPoint","urlTemplate":"https:\/\/narteks.net\/?s={search_term_string}"},"query-input":{"@type":"PropertyValueSpecification","valueRequired":true,"valueName":"search_term_string"}}],"inLanguage":"tr"},{"@type":"Organization","@id":"https:\/\/narteks.net\/#organization","name":"narteks.net","url":"https:\/\/narteks.net\/","logo":{"@type":"ImageObject","inLanguage":"tr","@id":"https:\/\/narteks.net\/#\/schema\/logo\/image\/","url":"https:\/\/narteks.net\/wp-content\/uploads\/narteks.png","contentUrl":"https:\/\/narteks.net\/wp-content\/uploads\/narteks.png","width":300,"height":90,"caption":"narteks.net"},"image":{"@id":"https:\/\/narteks.net\/#\/schema\/logo\/image\/"},"sameAs":["https:\/\/x.com\/narteks","https:\/\/instagram.com\/narteksnet"]},{"@type":"Person","@id":"https:\/\/narteks.net\/#\/schema\/person\/61f37d9834294b72d31d274e7ed79bca","name":"Tar\u0131k","image":{"@type":"ImageObject","inLanguage":"tr","@id":"https:\/\/narteks.net\/#\/schema\/person\/image\/","url":"https:\/\/secure.gravatar.com\/avatar\/50865afb55632c4ae467e0af0930f6510aa2297d8014be502a55b14f3b7550cf?s=96&d=mm&r=g","contentUrl":"https:\/\/secure.gravatar.com\/avatar\/50865afb55632c4ae467e0af0930f6510aa2297d8014be502a55b14f3b7550cf?s=96&d=mm&r=g","caption":"Tar\u0131k"},"sameAs":["http:\/\/narteks.net"],"url":"https:\/\/narteks.net\/index.php\/author\/narbak\/"}]}},"_links":{"self":[{"href":"https:\/\/narteks.net\/index.php\/wp-json\/wp\/v2\/posts\/1671","targetHints":{"allow":["GET"]}}],"collection":[{"href":"https:\/\/narteks.net\/index.php\/wp-json\/wp\/v2\/posts"}],"about":[{"href":"https:\/\/narteks.net\/index.php\/wp-json\/wp\/v2\/types\/post"}],"author":[{"embeddable":true,"href":"https:\/\/narteks.net\/index.php\/wp-json\/wp\/v2\/users\/1"}],"replies":[{"embeddable":true,"href":"https:\/\/narteks.net\/index.php\/wp-json\/wp\/v2\/comments?post=1671"}],"version-history":[{"count":0,"href":"https:\/\/narteks.net\/index.php\/wp-json\/wp\/v2\/posts\/1671\/revisions"}],"wp:attachment":[{"href":"https:\/\/narteks.net\/index.php\/wp-json\/wp\/v2\/media?parent=1671"}],"wp:term":[{"taxonomy":"category","embeddable":true,"href":"https:\/\/narteks.net\/index.php\/wp-json\/wp\/v2\/categories?post=1671"},{"taxonomy":"post_tag","embeddable":true,"href":"https:\/\/narteks.net\/index.php\/wp-json\/wp\/v2\/tags?post=1671"}],"curies":[{"name":"wp","href":"https:\/\/api.w.org\/{rel}","templated":true}]}}