{"id":1674,"date":"2009-12-02T13:59:51","date_gmt":"2009-12-02T10:59:51","guid":{"rendered":"http:\/\/localhost\/wordpress\/2009\/12\/02\/varligim\/"},"modified":"2009-12-02T13:59:51","modified_gmt":"2009-12-02T10:59:51","slug":"varligim","status":"publish","type":"post","link":"https:\/\/narteks.net\/index.php\/2009\/12\/02\/varligim\/","title":{"rendered":"VARLI\u011eIM"},"content":{"rendered":"<p>\u00a0<\/p>\n<p>Ruhumda sundu\u011fun mukaddes g\u00fcnah<br \/>Kan\u0131mda ate\u015ften bir \u015farap oldu<br \/>Sevdan\u0131n \u015fim\u015fe\u011fi \u00e7ak\u0131nca g\u00f6nl\u00fcm<br \/>Na\u011fmesi alevden bir reb\u00e2b oldu<\/p>\n<p>G\u00f6ky\u00fcz\u00fc y\u0131k\u0131ld\u0131, y\u0131ld\u0131zlar s\u00f6nd\u00fc<br \/>G\u00fcne\u015f hi\u00e7 do\u011fmad\u0131, ay geri d\u00f6nd\u00fc<br \/>K\u00e2inat kayboldu hi\u00e7e b\u00fcr\u00fcnd\u00fc<br \/>A\u015fk\u0131ndan ba\u015fkas\u0131 hep harap oldu<\/p>\n<p>O h\u0131r\u00e7\u0131n hayalin ey sarho\u015f melek<br \/>Serenc\u00e2m besteler bana g\u00fclerek<br \/>Son gece verdi\u011fin zehirli \u00e7i\u00e7ek<br \/>Hicranlar \u015ferh eden bir kitap oldu<\/p>\n<p>Vefas\u0131z tali\u2019im bir kara kaya<br \/>Yalvard\u0131m, s\u00f6ylettim bu s\u0131rr\u0131 naya<br \/>Varl\u0131\u011f\u0131m yok oldu g\u00fcn saya saya<br \/>\u0130\u00e7inden \u00e7\u0131k\u0131lmaz bir hesap oldu<\/p>\n<p>1923<\/p>\n<p>Neyzen TEVF\u0130K<\/p>\n","protected":false},"excerpt":{"rendered":"<p>\u00a0 Ruhumda sundu\u011fun mukaddes g\u00fcnahKan\u0131mda ate\u015ften bir \u015farap olduSevdan\u0131n \u015fim\u015fe\u011fi \u00e7ak\u0131nca g\u00f6nl\u00fcmNa\u011fmesi alevden bir reb\u00e2b oldu G\u00f6ky\u00fcz\u00fc y\u0131k\u0131ld\u0131, y\u0131ld\u0131zlar s\u00f6nd\u00fcG\u00fcne\u015f hi\u00e7 do\u011fmad\u0131, ay geri d\u00f6nd\u00fcK\u00e2inat kayboldu hi\u00e7e b\u00fcr\u00fcnd\u00fcA\u015fk\u0131ndan ba\u015fkas\u0131 hep harap oldu O h\u0131r\u00e7\u0131n hayalin ey sarho\u015f melekSerenc\u00e2m besteler bana g\u00fclerekSon gece verdi\u011fin zehirli \u00e7i\u00e7ekHicranlar \u015ferh eden bir kitap oldu Vefas\u0131z tali\u2019im bir kara kayaYalvard\u0131m, [&hellip;]<\/p>\n","protected":false},"author":1,"featured_media":0,"comment_status":"open","ping_status":"open","sticky":false,"template":"","format":"standard","meta":{"footnotes":""},"categories":[81],"tags":[],"class_list":{"0":"post-1674","1":"post","2":"type-post","3":"status-publish","4":"format-standard","6":"category-neyzen-tevfik"},"yoast_head":"<!-- This site is optimized with the Yoast SEO Premium plugin v24.9 (Yoast SEO v24.9) - https:\/\/yoast.com\/wordpress\/plugins\/seo\/ -->\n<title>VARLI\u011eIM - narteks.net<\/title>\n<meta name=\"robots\" content=\"index, follow, max-snippet:-1, max-image-preview:large, max-video-preview:-1\" \/>\n<link rel=\"canonical\" href=\"https:\/\/narteks.net\/index.php\/2009\/12\/02\/varligim\/\" \/>\n<meta property=\"og:locale\" content=\"tr_TR\" \/>\n<meta property=\"og:type\" content=\"article\" \/>\n<meta property=\"og:title\" content=\"VARLI\u011eIM\" \/>\n<meta property=\"og:description\" content=\"\u00a0 Ruhumda sundu\u011fun mukaddes g\u00fcnahKan\u0131mda ate\u015ften bir \u015farap olduSevdan\u0131n \u015fim\u015fe\u011fi \u00e7ak\u0131nca g\u00f6nl\u00fcmNa\u011fmesi alevden bir reb\u00e2b oldu G\u00f6ky\u00fcz\u00fc y\u0131k\u0131ld\u0131, y\u0131ld\u0131zlar s\u00f6nd\u00fcG\u00fcne\u015f hi\u00e7 do\u011fmad\u0131, ay geri d\u00f6nd\u00fcK\u00e2inat kayboldu hi\u00e7e b\u00fcr\u00fcnd\u00fcA\u015fk\u0131ndan ba\u015fkas\u0131 hep harap oldu O h\u0131r\u00e7\u0131n hayalin ey sarho\u015f melekSerenc\u00e2m besteler bana g\u00fclerekSon gece verdi\u011fin zehirli \u00e7i\u00e7ekHicranlar \u015ferh eden bir kitap oldu Vefas\u0131z tali\u2019im bir kara kayaYalvard\u0131m, [&hellip;]\" \/>\n<meta property=\"og:url\" content=\"https:\/\/narteks.net\/index.php\/2009\/12\/02\/varligim\/\" \/>\n<meta property=\"og:site_name\" content=\"narteks.net\" \/>\n<meta property=\"article:published_time\" content=\"2009-12-02T10:59:51+00:00\" \/>\n<meta property=\"og:image\" content=\"https:\/\/narteks.net\/wp-content\/uploads\/narteks.png\" \/>\n\t<meta property=\"og:image:width\" content=\"300\" \/>\n\t<meta property=\"og:image:height\" content=\"90\" \/>\n\t<meta property=\"og:image:type\" content=\"image\/png\" \/>\n<meta name=\"author\" content=\"Tar\u0131k\" \/>\n<meta name=\"twitter:card\" content=\"summary_large_image\" \/>\n<meta name=\"twitter:creator\" content=\"@narteks\" \/>\n<meta name=\"twitter:site\" content=\"@narteks\" \/>\n<meta name=\"twitter:label1\" content=\"Yazan:\" \/>\n\t<meta name=\"twitter:data1\" content=\"Tar\u0131k\" \/>\n\t<meta name=\"twitter:label2\" content=\"Tahmini okuma s\u00fcresi\" \/>\n\t<meta name=\"twitter:data2\" content=\"1 dakika\" \/>\n<script type=\"application\/ld+json\" class=\"yoast-schema-graph\">{\"@context\":\"https:\/\/schema.org\",\"@graph\":[{\"@type\":\"Article\",\"@id\":\"https:\/\/narteks.net\/index.php\/2009\/12\/02\/varligim\/#article\",\"isPartOf\":{\"@id\":\"https:\/\/narteks.net\/index.php\/2009\/12\/02\/varligim\/\"},\"author\":{\"name\":\"Tar\u0131k\",\"@id\":\"https:\/\/narteks.net\/#\/schema\/person\/61f37d9834294b72d31d274e7ed79bca\"},\"headline\":\"VARLI\u011eIM\",\"datePublished\":\"2009-12-02T10:59:51+00:00\",\"mainEntityOfPage\":{\"@id\":\"https:\/\/narteks.net\/index.php\/2009\/12\/02\/varligim\/\"},\"wordCount\":119,\"commentCount\":0,\"publisher\":{\"@id\":\"https:\/\/narteks.net\/#organization\"},\"articleSection\":[\"Neyzen TEVF\u0130K\"],\"inLanguage\":\"tr\",\"potentialAction\":[{\"@type\":\"CommentAction\",\"name\":\"Comment\",\"target\":[\"https:\/\/narteks.net\/index.php\/2009\/12\/02\/varligim\/#respond\"]}]},{\"@type\":\"WebPage\",\"@id\":\"https:\/\/narteks.net\/index.php\/2009\/12\/02\/varligim\/\",\"url\":\"https:\/\/narteks.net\/index.php\/2009\/12\/02\/varligim\/\",\"name\":\"VARLI\u011eIM - narteks.net\",\"isPartOf\":{\"@id\":\"https:\/\/narteks.net\/#website\"},\"datePublished\":\"2009-12-02T10:59:51+00:00\",\"breadcrumb\":{\"@id\":\"https:\/\/narteks.net\/index.php\/2009\/12\/02\/varligim\/#breadcrumb\"},\"inLanguage\":\"tr\",\"potentialAction\":[{\"@type\":\"ReadAction\",\"target\":[\"https:\/\/narteks.net\/index.php\/2009\/12\/02\/varligim\/\"]}]},{\"@type\":\"BreadcrumbList\",\"@id\":\"https:\/\/narteks.net\/index.php\/2009\/12\/02\/varligim\/#breadcrumb\",\"itemListElement\":[{\"@type\":\"ListItem\",\"position\":1,\"name\":\"Anasayfa\",\"item\":\"https:\/\/narteks.net\/\"},{\"@type\":\"ListItem\",\"position\":2,\"name\":\"VARLI\u011eIM\"}]},{\"@type\":\"WebSite\",\"@id\":\"https:\/\/narteks.net\/#website\",\"url\":\"https:\/\/narteks.net\/\",\"name\":\"narteks.net\",\"description\":\"K\u00fclt\u00fcr Sanat Edebiyat Felsefe\",\"publisher\":{\"@id\":\"https:\/\/narteks.net\/#organization\"},\"alternateName\":\"K\u00fclt\u00fcr Sanat Edebiyat Felsefe\",\"potentialAction\":[{\"@type\":\"SearchAction\",\"target\":{\"@type\":\"EntryPoint\",\"urlTemplate\":\"https:\/\/narteks.net\/?s={search_term_string}\"},\"query-input\":{\"@type\":\"PropertyValueSpecification\",\"valueRequired\":true,\"valueName\":\"search_term_string\"}}],\"inLanguage\":\"tr\"},{\"@type\":\"Organization\",\"@id\":\"https:\/\/narteks.net\/#organization\",\"name\":\"narteks.net\",\"url\":\"https:\/\/narteks.net\/\",\"logo\":{\"@type\":\"ImageObject\",\"inLanguage\":\"tr\",\"@id\":\"https:\/\/narteks.net\/#\/schema\/logo\/image\/\",\"url\":\"https:\/\/narteks.net\/wp-content\/uploads\/narteks.png\",\"contentUrl\":\"https:\/\/narteks.net\/wp-content\/uploads\/narteks.png\",\"width\":300,\"height\":90,\"caption\":\"narteks.net\"},\"image\":{\"@id\":\"https:\/\/narteks.net\/#\/schema\/logo\/image\/\"},\"sameAs\":[\"https:\/\/x.com\/narteks\",\"https:\/\/instagram.com\/narteksnet\"]},{\"@type\":\"Person\",\"@id\":\"https:\/\/narteks.net\/#\/schema\/person\/61f37d9834294b72d31d274e7ed79bca\",\"name\":\"Tar\u0131k\",\"image\":{\"@type\":\"ImageObject\",\"inLanguage\":\"tr\",\"@id\":\"https:\/\/narteks.net\/#\/schema\/person\/image\/\",\"url\":\"https:\/\/secure.gravatar.com\/avatar\/50865afb55632c4ae467e0af0930f6510aa2297d8014be502a55b14f3b7550cf?s=96&d=mm&r=g\",\"contentUrl\":\"https:\/\/secure.gravatar.com\/avatar\/50865afb55632c4ae467e0af0930f6510aa2297d8014be502a55b14f3b7550cf?s=96&d=mm&r=g\",\"caption\":\"Tar\u0131k\"},\"sameAs\":[\"http:\/\/narteks.net\"],\"url\":\"https:\/\/narteks.net\/index.php\/author\/narbak\/\"}]}<\/script>\n<!-- \/ Yoast SEO Premium plugin. -->","yoast_head_json":{"title":"VARLI\u011eIM - narteks.net","robots":{"index":"index","follow":"follow","max-snippet":"max-snippet:-1","max-image-preview":"max-image-preview:large","max-video-preview":"max-video-preview:-1"},"canonical":"https:\/\/narteks.net\/index.php\/2009\/12\/02\/varligim\/","og_locale":"tr_TR","og_type":"article","og_title":"VARLI\u011eIM","og_description":"\u00a0 Ruhumda sundu\u011fun mukaddes g\u00fcnahKan\u0131mda ate\u015ften bir \u015farap olduSevdan\u0131n \u015fim\u015fe\u011fi \u00e7ak\u0131nca g\u00f6nl\u00fcmNa\u011fmesi alevden bir reb\u00e2b oldu G\u00f6ky\u00fcz\u00fc y\u0131k\u0131ld\u0131, y\u0131ld\u0131zlar s\u00f6nd\u00fcG\u00fcne\u015f hi\u00e7 do\u011fmad\u0131, ay geri d\u00f6nd\u00fcK\u00e2inat kayboldu hi\u00e7e b\u00fcr\u00fcnd\u00fcA\u015fk\u0131ndan ba\u015fkas\u0131 hep harap oldu O h\u0131r\u00e7\u0131n hayalin ey sarho\u015f melekSerenc\u00e2m besteler bana g\u00fclerekSon gece verdi\u011fin zehirli \u00e7i\u00e7ekHicranlar \u015ferh eden bir kitap oldu Vefas\u0131z tali\u2019im bir kara kayaYalvard\u0131m, [&hellip;]","og_url":"https:\/\/narteks.net\/index.php\/2009\/12\/02\/varligim\/","og_site_name":"narteks.net","article_published_time":"2009-12-02T10:59:51+00:00","og_image":[{"width":300,"height":90,"url":"https:\/\/narteks.net\/wp-content\/uploads\/narteks.png","type":"image\/png"}],"author":"Tar\u0131k","twitter_card":"summary_large_image","twitter_creator":"@narteks","twitter_site":"@narteks","twitter_misc":{"Yazan:":"Tar\u0131k","Tahmini okuma s\u00fcresi":"1 dakika"},"schema":{"@context":"https:\/\/schema.org","@graph":[{"@type":"Article","@id":"https:\/\/narteks.net\/index.php\/2009\/12\/02\/varligim\/#article","isPartOf":{"@id":"https:\/\/narteks.net\/index.php\/2009\/12\/02\/varligim\/"},"author":{"name":"Tar\u0131k","@id":"https:\/\/narteks.net\/#\/schema\/person\/61f37d9834294b72d31d274e7ed79bca"},"headline":"VARLI\u011eIM","datePublished":"2009-12-02T10:59:51+00:00","mainEntityOfPage":{"@id":"https:\/\/narteks.net\/index.php\/2009\/12\/02\/varligim\/"},"wordCount":119,"commentCount":0,"publisher":{"@id":"https:\/\/narteks.net\/#organization"},"articleSection":["Neyzen TEVF\u0130K"],"inLanguage":"tr","potentialAction":[{"@type":"CommentAction","name":"Comment","target":["https:\/\/narteks.net\/index.php\/2009\/12\/02\/varligim\/#respond"]}]},{"@type":"WebPage","@id":"https:\/\/narteks.net\/index.php\/2009\/12\/02\/varligim\/","url":"https:\/\/narteks.net\/index.php\/2009\/12\/02\/varligim\/","name":"VARLI\u011eIM - narteks.net","isPartOf":{"@id":"https:\/\/narteks.net\/#website"},"datePublished":"2009-12-02T10:59:51+00:00","breadcrumb":{"@id":"https:\/\/narteks.net\/index.php\/2009\/12\/02\/varligim\/#breadcrumb"},"inLanguage":"tr","potentialAction":[{"@type":"ReadAction","target":["https:\/\/narteks.net\/index.php\/2009\/12\/02\/varligim\/"]}]},{"@type":"BreadcrumbList","@id":"https:\/\/narteks.net\/index.php\/2009\/12\/02\/varligim\/#breadcrumb","itemListElement":[{"@type":"ListItem","position":1,"name":"Anasayfa","item":"https:\/\/narteks.net\/"},{"@type":"ListItem","position":2,"name":"VARLI\u011eIM"}]},{"@type":"WebSite","@id":"https:\/\/narteks.net\/#website","url":"https:\/\/narteks.net\/","name":"narteks.net","description":"K\u00fclt\u00fcr Sanat Edebiyat Felsefe","publisher":{"@id":"https:\/\/narteks.net\/#organization"},"alternateName":"K\u00fclt\u00fcr Sanat Edebiyat Felsefe","potentialAction":[{"@type":"SearchAction","target":{"@type":"EntryPoint","urlTemplate":"https:\/\/narteks.net\/?s={search_term_string}"},"query-input":{"@type":"PropertyValueSpecification","valueRequired":true,"valueName":"search_term_string"}}],"inLanguage":"tr"},{"@type":"Organization","@id":"https:\/\/narteks.net\/#organization","name":"narteks.net","url":"https:\/\/narteks.net\/","logo":{"@type":"ImageObject","inLanguage":"tr","@id":"https:\/\/narteks.net\/#\/schema\/logo\/image\/","url":"https:\/\/narteks.net\/wp-content\/uploads\/narteks.png","contentUrl":"https:\/\/narteks.net\/wp-content\/uploads\/narteks.png","width":300,"height":90,"caption":"narteks.net"},"image":{"@id":"https:\/\/narteks.net\/#\/schema\/logo\/image\/"},"sameAs":["https:\/\/x.com\/narteks","https:\/\/instagram.com\/narteksnet"]},{"@type":"Person","@id":"https:\/\/narteks.net\/#\/schema\/person\/61f37d9834294b72d31d274e7ed79bca","name":"Tar\u0131k","image":{"@type":"ImageObject","inLanguage":"tr","@id":"https:\/\/narteks.net\/#\/schema\/person\/image\/","url":"https:\/\/secure.gravatar.com\/avatar\/50865afb55632c4ae467e0af0930f6510aa2297d8014be502a55b14f3b7550cf?s=96&d=mm&r=g","contentUrl":"https:\/\/secure.gravatar.com\/avatar\/50865afb55632c4ae467e0af0930f6510aa2297d8014be502a55b14f3b7550cf?s=96&d=mm&r=g","caption":"Tar\u0131k"},"sameAs":["http:\/\/narteks.net"],"url":"https:\/\/narteks.net\/index.php\/author\/narbak\/"}]}},"_links":{"self":[{"href":"https:\/\/narteks.net\/index.php\/wp-json\/wp\/v2\/posts\/1674","targetHints":{"allow":["GET"]}}],"collection":[{"href":"https:\/\/narteks.net\/index.php\/wp-json\/wp\/v2\/posts"}],"about":[{"href":"https:\/\/narteks.net\/index.php\/wp-json\/wp\/v2\/types\/post"}],"author":[{"embeddable":true,"href":"https:\/\/narteks.net\/index.php\/wp-json\/wp\/v2\/users\/1"}],"replies":[{"embeddable":true,"href":"https:\/\/narteks.net\/index.php\/wp-json\/wp\/v2\/comments?post=1674"}],"version-history":[{"count":0,"href":"https:\/\/narteks.net\/index.php\/wp-json\/wp\/v2\/posts\/1674\/revisions"}],"wp:attachment":[{"href":"https:\/\/narteks.net\/index.php\/wp-json\/wp\/v2\/media?parent=1674"}],"wp:term":[{"taxonomy":"category","embeddable":true,"href":"https:\/\/narteks.net\/index.php\/wp-json\/wp\/v2\/categories?post=1674"},{"taxonomy":"post_tag","embeddable":true,"href":"https:\/\/narteks.net\/index.php\/wp-json\/wp\/v2\/tags?post=1674"}],"curies":[{"name":"wp","href":"https:\/\/api.w.org\/{rel}","templated":true}]}}