{"id":1682,"date":"2009-12-02T14:16:10","date_gmt":"2009-12-02T11:16:10","guid":{"rendered":"http:\/\/localhost\/wordpress\/2009\/12\/02\/hayatimda\/"},"modified":"2009-12-02T14:16:10","modified_gmt":"2009-12-02T11:16:10","slug":"hayatimda","status":"publish","type":"post","link":"https:\/\/narteks.net\/index.php\/2009\/12\/02\/hayatimda\/","title":{"rendered":"HAYATIMDA"},"content":{"rendered":"<p>\u00a0<\/p>\n<p>Ne ba\u015f\u0131m var, ne k\u0131\u00e7\u0131m var, be felek<br \/>T\u0131pk\u0131 &#8230;. \u00e7evirdin beni!<br \/>Kurtulamad\u0131m gitti anha minh\u00e2dan,<br \/>\u015eu son siy\u00e2sete \u00e7evirdin beni.<\/p>\n<p>Sa\u011fl\u0131kta minhetle hasr-\u00fc ne\u015froldum,<br \/>\u00d6len umudlara tene\u015fir oldum,<br \/>Mezar ta\u015flar\u0131 ile dertle\u015fir oldum,<br \/>\u00c2y\u00e2n\u2019 da hey\u2019ete \u00e7evirdin beni!<\/p>\n<p>Mezhebimde haham, papaz, hocalar,<br \/>Orsa pupa, yalpalay\u0131p bocalar,<br \/>Her g\u00f6ren bir \u00e2letimi kurcalar,<br \/>Pirsiz bir san\u2019ata \u00e7evirdin beni!<\/p>\n<p>A\u015fk\u0131n perisine att\u0131m sazdan ok,<br \/>Ta kalbime d\u00fc\u015ft\u00fc, yalvard\u0131 pek \u00e7ok,<br \/>Benden ba\u015fka yaras\u0131n\u0131 saran yok.<br \/>Sevd\u00e2l\u0131 gurbete \u00e7evirdin beni.<\/p>\n<p>\u015eahik\u00e2 m\u0131 hi\u00e7 bir bulut y\u00fcr\u00fcmez?<br \/>Kalemim de her n\u00fckteyi s\u00fcr\u00fcmez,<br \/>H\u00fcrmet eder herkes, l\u00e2kin el s\u00fcrmez,<br \/>K\u00e2\u2019be\u2019den sirkate \u00e7evirdin beni!<\/p>\n<p>Kimim, neyim? Yok s\u0131rr\u0131m\u0131 bir bilen,<br \/>\u0130ster ya\u015fa, ister \u00f6l, ister dilen.<br \/>Avrat pazar\u0131nda yanl\u0131\u015f i\u015fliyen.<br \/>Akrepsiz saate \u00e7evirdin beni!<\/p>\n<p>Z\u00fc\u011f\u00fcrtl\u00fckten her taraf\u0131m kanad\u0131,<br \/>\u0130fl\u00e2s etti &#8230;. im, dibe kaynad\u0131.<br \/>Ba\u015f\u0131m ba\u015fka k\u0131\u00e7\u0131m ba\u015fka oynad\u0131,<br \/>Ta.aks\u0131z \u015fehvete \u00e7evirdin beni.<\/p>\n<p>Ne tutan var, ne \u00e7atan, ne ka\u0131\u015fan,<br \/>O meyh\u00e2ne bu kerh\u00e2ne P\u00f6ti\u015fan,<br \/>Erenlerin kap\u0131s\u0131nda dola\u015fan,<br \/>Neyzen adl\u0131 ite \u00e7evirdin beni!<\/p>\n<p>T\u0131p Fak\u00fcltesi Hastanesi 1337<\/p>\n<p>Neyzen TEVF\u0130K<\/p>\n","protected":false},"excerpt":{"rendered":"<p>\u00a0 Ne ba\u015f\u0131m var, ne k\u0131\u00e7\u0131m var, be felekT\u0131pk\u0131 &#8230;. \u00e7evirdin beni!Kurtulamad\u0131m gitti anha minh\u00e2dan,\u015eu son siy\u00e2sete \u00e7evirdin beni. Sa\u011fl\u0131kta minhetle hasr-\u00fc ne\u015froldum,\u00d6len umudlara tene\u015fir oldum,Mezar ta\u015flar\u0131 ile dertle\u015fir oldum,\u00c2y\u00e2n\u2019 da hey\u2019ete \u00e7evirdin beni! Mezhebimde haham, papaz, hocalar,Orsa pupa, yalpalay\u0131p bocalar,Her g\u00f6ren bir \u00e2letimi kurcalar,Pirsiz bir san\u2019ata \u00e7evirdin beni! A\u015fk\u0131n perisine att\u0131m sazdan ok,Ta kalbime [&hellip;]<\/p>\n","protected":false},"author":1,"featured_media":0,"comment_status":"open","ping_status":"open","sticky":false,"template":"","format":"standard","meta":{"footnotes":""},"categories":[81],"tags":[],"class_list":{"0":"post-1682","1":"post","2":"type-post","3":"status-publish","4":"format-standard","6":"category-neyzen-tevfik"},"yoast_head":"<!-- This site is optimized with the Yoast SEO Premium plugin v24.9 (Yoast SEO v24.9) - https:\/\/yoast.com\/wordpress\/plugins\/seo\/ -->\n<title>HAYATIMDA - narteks.net<\/title>\n<meta name=\"robots\" content=\"index, follow, max-snippet:-1, max-image-preview:large, max-video-preview:-1\" \/>\n<link rel=\"canonical\" href=\"https:\/\/narteks.net\/index.php\/2009\/12\/02\/hayatimda\/\" \/>\n<meta property=\"og:locale\" content=\"tr_TR\" \/>\n<meta property=\"og:type\" content=\"article\" \/>\n<meta property=\"og:title\" content=\"HAYATIMDA\" \/>\n<meta property=\"og:description\" content=\"\u00a0 Ne ba\u015f\u0131m var, ne k\u0131\u00e7\u0131m var, be felekT\u0131pk\u0131 &#8230;. \u00e7evirdin beni!Kurtulamad\u0131m gitti anha minh\u00e2dan,\u015eu son siy\u00e2sete \u00e7evirdin beni. Sa\u011fl\u0131kta minhetle hasr-\u00fc ne\u015froldum,\u00d6len umudlara tene\u015fir oldum,Mezar ta\u015flar\u0131 ile dertle\u015fir oldum,\u00c2y\u00e2n\u2019 da hey\u2019ete \u00e7evirdin beni! Mezhebimde haham, papaz, hocalar,Orsa pupa, yalpalay\u0131p bocalar,Her g\u00f6ren bir \u00e2letimi kurcalar,Pirsiz bir san\u2019ata \u00e7evirdin beni! A\u015fk\u0131n perisine att\u0131m sazdan ok,Ta kalbime [&hellip;]\" \/>\n<meta property=\"og:url\" content=\"https:\/\/narteks.net\/index.php\/2009\/12\/02\/hayatimda\/\" \/>\n<meta property=\"og:site_name\" content=\"narteks.net\" \/>\n<meta property=\"article:published_time\" content=\"2009-12-02T11:16:10+00:00\" \/>\n<meta property=\"og:image\" content=\"https:\/\/narteks.net\/wp-content\/uploads\/narteks.png\" \/>\n\t<meta property=\"og:image:width\" content=\"300\" \/>\n\t<meta property=\"og:image:height\" content=\"90\" \/>\n\t<meta property=\"og:image:type\" content=\"image\/png\" \/>\n<meta name=\"author\" content=\"Tar\u0131k\" \/>\n<meta name=\"twitter:card\" content=\"summary_large_image\" \/>\n<meta name=\"twitter:creator\" content=\"@narteks\" \/>\n<meta name=\"twitter:site\" content=\"@narteks\" \/>\n<meta name=\"twitter:label1\" content=\"Yazan:\" \/>\n\t<meta name=\"twitter:data1\" content=\"Tar\u0131k\" \/>\n\t<meta name=\"twitter:label2\" content=\"Tahmini okuma s\u00fcresi\" \/>\n\t<meta name=\"twitter:data2\" content=\"1 dakika\" \/>\n<script type=\"application\/ld+json\" class=\"yoast-schema-graph\">{\"@context\":\"https:\/\/schema.org\",\"@graph\":[{\"@type\":\"Article\",\"@id\":\"https:\/\/narteks.net\/index.php\/2009\/12\/02\/hayatimda\/#article\",\"isPartOf\":{\"@id\":\"https:\/\/narteks.net\/index.php\/2009\/12\/02\/hayatimda\/\"},\"author\":{\"name\":\"Tar\u0131k\",\"@id\":\"https:\/\/narteks.net\/#\/schema\/person\/61f37d9834294b72d31d274e7ed79bca\"},\"headline\":\"HAYATIMDA\",\"datePublished\":\"2009-12-02T11:16:10+00:00\",\"mainEntityOfPage\":{\"@id\":\"https:\/\/narteks.net\/index.php\/2009\/12\/02\/hayatimda\/\"},\"wordCount\":220,\"commentCount\":0,\"publisher\":{\"@id\":\"https:\/\/narteks.net\/#organization\"},\"articleSection\":[\"Neyzen TEVF\u0130K\"],\"inLanguage\":\"tr\",\"potentialAction\":[{\"@type\":\"CommentAction\",\"name\":\"Comment\",\"target\":[\"https:\/\/narteks.net\/index.php\/2009\/12\/02\/hayatimda\/#respond\"]}]},{\"@type\":\"WebPage\",\"@id\":\"https:\/\/narteks.net\/index.php\/2009\/12\/02\/hayatimda\/\",\"url\":\"https:\/\/narteks.net\/index.php\/2009\/12\/02\/hayatimda\/\",\"name\":\"HAYATIMDA - narteks.net\",\"isPartOf\":{\"@id\":\"https:\/\/narteks.net\/#website\"},\"datePublished\":\"2009-12-02T11:16:10+00:00\",\"breadcrumb\":{\"@id\":\"https:\/\/narteks.net\/index.php\/2009\/12\/02\/hayatimda\/#breadcrumb\"},\"inLanguage\":\"tr\",\"potentialAction\":[{\"@type\":\"ReadAction\",\"target\":[\"https:\/\/narteks.net\/index.php\/2009\/12\/02\/hayatimda\/\"]}]},{\"@type\":\"BreadcrumbList\",\"@id\":\"https:\/\/narteks.net\/index.php\/2009\/12\/02\/hayatimda\/#breadcrumb\",\"itemListElement\":[{\"@type\":\"ListItem\",\"position\":1,\"name\":\"Anasayfa\",\"item\":\"https:\/\/narteks.net\/\"},{\"@type\":\"ListItem\",\"position\":2,\"name\":\"HAYATIMDA\"}]},{\"@type\":\"WebSite\",\"@id\":\"https:\/\/narteks.net\/#website\",\"url\":\"https:\/\/narteks.net\/\",\"name\":\"narteks.net\",\"description\":\"K\u00fclt\u00fcr Sanat Edebiyat Felsefe\",\"publisher\":{\"@id\":\"https:\/\/narteks.net\/#organization\"},\"alternateName\":\"K\u00fclt\u00fcr Sanat Edebiyat Felsefe\",\"potentialAction\":[{\"@type\":\"SearchAction\",\"target\":{\"@type\":\"EntryPoint\",\"urlTemplate\":\"https:\/\/narteks.net\/?s={search_term_string}\"},\"query-input\":{\"@type\":\"PropertyValueSpecification\",\"valueRequired\":true,\"valueName\":\"search_term_string\"}}],\"inLanguage\":\"tr\"},{\"@type\":\"Organization\",\"@id\":\"https:\/\/narteks.net\/#organization\",\"name\":\"narteks.net\",\"url\":\"https:\/\/narteks.net\/\",\"logo\":{\"@type\":\"ImageObject\",\"inLanguage\":\"tr\",\"@id\":\"https:\/\/narteks.net\/#\/schema\/logo\/image\/\",\"url\":\"https:\/\/narteks.net\/wp-content\/uploads\/narteks.png\",\"contentUrl\":\"https:\/\/narteks.net\/wp-content\/uploads\/narteks.png\",\"width\":300,\"height\":90,\"caption\":\"narteks.net\"},\"image\":{\"@id\":\"https:\/\/narteks.net\/#\/schema\/logo\/image\/\"},\"sameAs\":[\"https:\/\/x.com\/narteks\",\"https:\/\/instagram.com\/narteksnet\"]},{\"@type\":\"Person\",\"@id\":\"https:\/\/narteks.net\/#\/schema\/person\/61f37d9834294b72d31d274e7ed79bca\",\"name\":\"Tar\u0131k\",\"image\":{\"@type\":\"ImageObject\",\"inLanguage\":\"tr\",\"@id\":\"https:\/\/narteks.net\/#\/schema\/person\/image\/\",\"url\":\"https:\/\/secure.gravatar.com\/avatar\/50865afb55632c4ae467e0af0930f6510aa2297d8014be502a55b14f3b7550cf?s=96&d=mm&r=g\",\"contentUrl\":\"https:\/\/secure.gravatar.com\/avatar\/50865afb55632c4ae467e0af0930f6510aa2297d8014be502a55b14f3b7550cf?s=96&d=mm&r=g\",\"caption\":\"Tar\u0131k\"},\"sameAs\":[\"http:\/\/narteks.net\"],\"url\":\"https:\/\/narteks.net\/index.php\/author\/narbak\/\"}]}<\/script>\n<!-- \/ Yoast SEO Premium plugin. -->","yoast_head_json":{"title":"HAYATIMDA - narteks.net","robots":{"index":"index","follow":"follow","max-snippet":"max-snippet:-1","max-image-preview":"max-image-preview:large","max-video-preview":"max-video-preview:-1"},"canonical":"https:\/\/narteks.net\/index.php\/2009\/12\/02\/hayatimda\/","og_locale":"tr_TR","og_type":"article","og_title":"HAYATIMDA","og_description":"\u00a0 Ne ba\u015f\u0131m var, ne k\u0131\u00e7\u0131m var, be felekT\u0131pk\u0131 &#8230;. \u00e7evirdin beni!Kurtulamad\u0131m gitti anha minh\u00e2dan,\u015eu son siy\u00e2sete \u00e7evirdin beni. Sa\u011fl\u0131kta minhetle hasr-\u00fc ne\u015froldum,\u00d6len umudlara tene\u015fir oldum,Mezar ta\u015flar\u0131 ile dertle\u015fir oldum,\u00c2y\u00e2n\u2019 da hey\u2019ete \u00e7evirdin beni! Mezhebimde haham, papaz, hocalar,Orsa pupa, yalpalay\u0131p bocalar,Her g\u00f6ren bir \u00e2letimi kurcalar,Pirsiz bir san\u2019ata \u00e7evirdin beni! A\u015fk\u0131n perisine att\u0131m sazdan ok,Ta kalbime [&hellip;]","og_url":"https:\/\/narteks.net\/index.php\/2009\/12\/02\/hayatimda\/","og_site_name":"narteks.net","article_published_time":"2009-12-02T11:16:10+00:00","og_image":[{"width":300,"height":90,"url":"https:\/\/narteks.net\/wp-content\/uploads\/narteks.png","type":"image\/png"}],"author":"Tar\u0131k","twitter_card":"summary_large_image","twitter_creator":"@narteks","twitter_site":"@narteks","twitter_misc":{"Yazan:":"Tar\u0131k","Tahmini okuma s\u00fcresi":"1 dakika"},"schema":{"@context":"https:\/\/schema.org","@graph":[{"@type":"Article","@id":"https:\/\/narteks.net\/index.php\/2009\/12\/02\/hayatimda\/#article","isPartOf":{"@id":"https:\/\/narteks.net\/index.php\/2009\/12\/02\/hayatimda\/"},"author":{"name":"Tar\u0131k","@id":"https:\/\/narteks.net\/#\/schema\/person\/61f37d9834294b72d31d274e7ed79bca"},"headline":"HAYATIMDA","datePublished":"2009-12-02T11:16:10+00:00","mainEntityOfPage":{"@id":"https:\/\/narteks.net\/index.php\/2009\/12\/02\/hayatimda\/"},"wordCount":220,"commentCount":0,"publisher":{"@id":"https:\/\/narteks.net\/#organization"},"articleSection":["Neyzen TEVF\u0130K"],"inLanguage":"tr","potentialAction":[{"@type":"CommentAction","name":"Comment","target":["https:\/\/narteks.net\/index.php\/2009\/12\/02\/hayatimda\/#respond"]}]},{"@type":"WebPage","@id":"https:\/\/narteks.net\/index.php\/2009\/12\/02\/hayatimda\/","url":"https:\/\/narteks.net\/index.php\/2009\/12\/02\/hayatimda\/","name":"HAYATIMDA - narteks.net","isPartOf":{"@id":"https:\/\/narteks.net\/#website"},"datePublished":"2009-12-02T11:16:10+00:00","breadcrumb":{"@id":"https:\/\/narteks.net\/index.php\/2009\/12\/02\/hayatimda\/#breadcrumb"},"inLanguage":"tr","potentialAction":[{"@type":"ReadAction","target":["https:\/\/narteks.net\/index.php\/2009\/12\/02\/hayatimda\/"]}]},{"@type":"BreadcrumbList","@id":"https:\/\/narteks.net\/index.php\/2009\/12\/02\/hayatimda\/#breadcrumb","itemListElement":[{"@type":"ListItem","position":1,"name":"Anasayfa","item":"https:\/\/narteks.net\/"},{"@type":"ListItem","position":2,"name":"HAYATIMDA"}]},{"@type":"WebSite","@id":"https:\/\/narteks.net\/#website","url":"https:\/\/narteks.net\/","name":"narteks.net","description":"K\u00fclt\u00fcr Sanat Edebiyat Felsefe","publisher":{"@id":"https:\/\/narteks.net\/#organization"},"alternateName":"K\u00fclt\u00fcr Sanat Edebiyat Felsefe","potentialAction":[{"@type":"SearchAction","target":{"@type":"EntryPoint","urlTemplate":"https:\/\/narteks.net\/?s={search_term_string}"},"query-input":{"@type":"PropertyValueSpecification","valueRequired":true,"valueName":"search_term_string"}}],"inLanguage":"tr"},{"@type":"Organization","@id":"https:\/\/narteks.net\/#organization","name":"narteks.net","url":"https:\/\/narteks.net\/","logo":{"@type":"ImageObject","inLanguage":"tr","@id":"https:\/\/narteks.net\/#\/schema\/logo\/image\/","url":"https:\/\/narteks.net\/wp-content\/uploads\/narteks.png","contentUrl":"https:\/\/narteks.net\/wp-content\/uploads\/narteks.png","width":300,"height":90,"caption":"narteks.net"},"image":{"@id":"https:\/\/narteks.net\/#\/schema\/logo\/image\/"},"sameAs":["https:\/\/x.com\/narteks","https:\/\/instagram.com\/narteksnet"]},{"@type":"Person","@id":"https:\/\/narteks.net\/#\/schema\/person\/61f37d9834294b72d31d274e7ed79bca","name":"Tar\u0131k","image":{"@type":"ImageObject","inLanguage":"tr","@id":"https:\/\/narteks.net\/#\/schema\/person\/image\/","url":"https:\/\/secure.gravatar.com\/avatar\/50865afb55632c4ae467e0af0930f6510aa2297d8014be502a55b14f3b7550cf?s=96&d=mm&r=g","contentUrl":"https:\/\/secure.gravatar.com\/avatar\/50865afb55632c4ae467e0af0930f6510aa2297d8014be502a55b14f3b7550cf?s=96&d=mm&r=g","caption":"Tar\u0131k"},"sameAs":["http:\/\/narteks.net"],"url":"https:\/\/narteks.net\/index.php\/author\/narbak\/"}]}},"_links":{"self":[{"href":"https:\/\/narteks.net\/index.php\/wp-json\/wp\/v2\/posts\/1682","targetHints":{"allow":["GET"]}}],"collection":[{"href":"https:\/\/narteks.net\/index.php\/wp-json\/wp\/v2\/posts"}],"about":[{"href":"https:\/\/narteks.net\/index.php\/wp-json\/wp\/v2\/types\/post"}],"author":[{"embeddable":true,"href":"https:\/\/narteks.net\/index.php\/wp-json\/wp\/v2\/users\/1"}],"replies":[{"embeddable":true,"href":"https:\/\/narteks.net\/index.php\/wp-json\/wp\/v2\/comments?post=1682"}],"version-history":[{"count":0,"href":"https:\/\/narteks.net\/index.php\/wp-json\/wp\/v2\/posts\/1682\/revisions"}],"wp:attachment":[{"href":"https:\/\/narteks.net\/index.php\/wp-json\/wp\/v2\/media?parent=1682"}],"wp:term":[{"taxonomy":"category","embeddable":true,"href":"https:\/\/narteks.net\/index.php\/wp-json\/wp\/v2\/categories?post=1682"},{"taxonomy":"post_tag","embeddable":true,"href":"https:\/\/narteks.net\/index.php\/wp-json\/wp\/v2\/tags?post=1682"}],"curies":[{"name":"wp","href":"https:\/\/api.w.org\/{rel}","templated":true}]}}