{"id":1684,"date":"2009-12-02T14:17:38","date_gmt":"2009-12-02T11:17:38","guid":{"rendered":"http:\/\/localhost\/wordpress\/2009\/12\/02\/neyzenin-sarkilarindan\/"},"modified":"2009-12-02T14:17:38","modified_gmt":"2009-12-02T11:17:38","slug":"neyzenin-sarkilarindan","status":"publish","type":"post","link":"https:\/\/narteks.net\/index.php\/2009\/12\/02\/neyzenin-sarkilarindan\/","title":{"rendered":"NEYZEN\u2019\u0130N \u015eARKILARINDAN"},"content":{"rendered":"<p>\u00a0<\/p>\n<p>Derdinle g\u00f6n\u00fcl derdime dert katarak her g\u00fcn<br \/>Ne\u015fe ile avundum da g\u00f6n\u00fcl g\u00fclmedi bir g\u00fcn<br \/>\u00c7\u0131lg\u0131n ge\u00e7ecek sand\u0131\u011f\u0131m hep g\u00fcnlerim \u00f6lg\u00fcn<br \/>Yad\u0131nla harap, dert ile ortak g\u00f6n\u00fcl her g\u00fcn<\/p>\n<p>Deli g\u00f6nl\u00fcm\u00fc sana verdi\u011fim ak\u015fam<br \/>Kanmadan zevkine ge\u00e7ti de ak\u015fam<br \/>\u015eimdi viran kalan o bah\u00e7elerde<br \/>Derdi verir g\u00f6nl\u00fcme, derdin her ak\u015fam<\/p>\n<p>Gitti gelmez g\u00f6n\u00fcl virane kald\u0131<br \/>Ne sabr u mecal var, ne takat kald\u0131<br \/>Yad\u0131nla teselli bahane kald\u0131<br \/>Gitti gelmez, g\u00f6n\u00fcl virane kald\u0131.<\/p>\n<p>Neyzen TEVF\u0130K<\/p>\n","protected":false},"excerpt":{"rendered":"<p>\u00a0 Derdinle g\u00f6n\u00fcl derdime dert katarak her g\u00fcnNe\u015fe ile avundum da g\u00f6n\u00fcl g\u00fclmedi bir g\u00fcn\u00c7\u0131lg\u0131n ge\u00e7ecek sand\u0131\u011f\u0131m hep g\u00fcnlerim \u00f6lg\u00fcnYad\u0131nla harap, dert ile ortak g\u00f6n\u00fcl her g\u00fcn Deli g\u00f6nl\u00fcm\u00fc sana verdi\u011fim ak\u015famKanmadan zevkine ge\u00e7ti de ak\u015fam\u015eimdi viran kalan o bah\u00e7elerdeDerdi verir g\u00f6nl\u00fcme, derdin her ak\u015fam Gitti gelmez g\u00f6n\u00fcl virane kald\u0131Ne sabr u mecal var, ne [&hellip;]<\/p>\n","protected":false},"author":1,"featured_media":0,"comment_status":"open","ping_status":"open","sticky":false,"template":"","format":"standard","meta":{"footnotes":""},"categories":[81],"tags":[],"class_list":{"0":"post-1684","1":"post","2":"type-post","3":"status-publish","4":"format-standard","6":"category-neyzen-tevfik"},"yoast_head":"<!-- This site is optimized with the Yoast SEO Premium plugin v24.9 (Yoast SEO v24.9) - https:\/\/yoast.com\/wordpress\/plugins\/seo\/ -->\n<title>NEYZEN\u2019\u0130N \u015eARKILARINDAN - narteks.net<\/title>\n<meta name=\"robots\" content=\"index, follow, max-snippet:-1, max-image-preview:large, max-video-preview:-1\" \/>\n<link rel=\"canonical\" href=\"https:\/\/narteks.net\/index.php\/2009\/12\/02\/neyzenin-sarkilarindan\/\" \/>\n<meta property=\"og:locale\" content=\"tr_TR\" \/>\n<meta property=\"og:type\" content=\"article\" \/>\n<meta property=\"og:title\" content=\"NEYZEN\u2019\u0130N \u015eARKILARINDAN\" \/>\n<meta property=\"og:description\" content=\"\u00a0 Derdinle g\u00f6n\u00fcl derdime dert katarak her g\u00fcnNe\u015fe ile avundum da g\u00f6n\u00fcl g\u00fclmedi bir g\u00fcn\u00c7\u0131lg\u0131n ge\u00e7ecek sand\u0131\u011f\u0131m hep g\u00fcnlerim \u00f6lg\u00fcnYad\u0131nla harap, dert ile ortak g\u00f6n\u00fcl her g\u00fcn Deli g\u00f6nl\u00fcm\u00fc sana verdi\u011fim ak\u015famKanmadan zevkine ge\u00e7ti de ak\u015fam\u015eimdi viran kalan o bah\u00e7elerdeDerdi verir g\u00f6nl\u00fcme, derdin her ak\u015fam Gitti gelmez g\u00f6n\u00fcl virane kald\u0131Ne sabr u mecal var, ne [&hellip;]\" \/>\n<meta property=\"og:url\" content=\"https:\/\/narteks.net\/index.php\/2009\/12\/02\/neyzenin-sarkilarindan\/\" \/>\n<meta property=\"og:site_name\" content=\"narteks.net\" \/>\n<meta property=\"article:published_time\" content=\"2009-12-02T11:17:38+00:00\" \/>\n<meta property=\"og:image\" content=\"https:\/\/narteks.net\/wp-content\/uploads\/narteks.png\" \/>\n\t<meta property=\"og:image:width\" content=\"300\" \/>\n\t<meta property=\"og:image:height\" content=\"90\" \/>\n\t<meta property=\"og:image:type\" content=\"image\/png\" \/>\n<meta name=\"author\" content=\"Tar\u0131k\" \/>\n<meta name=\"twitter:card\" content=\"summary_large_image\" \/>\n<meta name=\"twitter:creator\" content=\"@narteks\" \/>\n<meta name=\"twitter:site\" content=\"@narteks\" \/>\n<meta name=\"twitter:label1\" content=\"Yazan:\" \/>\n\t<meta name=\"twitter:data1\" content=\"Tar\u0131k\" \/>\n\t<meta name=\"twitter:label2\" content=\"Tahmini okuma s\u00fcresi\" \/>\n\t<meta name=\"twitter:data2\" content=\"1 dakika\" \/>\n<script type=\"application\/ld+json\" class=\"yoast-schema-graph\">{\"@context\":\"https:\/\/schema.org\",\"@graph\":[{\"@type\":\"Article\",\"@id\":\"https:\/\/narteks.net\/index.php\/2009\/12\/02\/neyzenin-sarkilarindan\/#article\",\"isPartOf\":{\"@id\":\"https:\/\/narteks.net\/index.php\/2009\/12\/02\/neyzenin-sarkilarindan\/\"},\"author\":{\"name\":\"Tar\u0131k\",\"@id\":\"https:\/\/narteks.net\/#\/schema\/person\/61f37d9834294b72d31d274e7ed79bca\"},\"headline\":\"NEYZEN\u2019\u0130N \u015eARKILARINDAN\",\"datePublished\":\"2009-12-02T11:17:38+00:00\",\"mainEntityOfPage\":{\"@id\":\"https:\/\/narteks.net\/index.php\/2009\/12\/02\/neyzenin-sarkilarindan\/\"},\"wordCount\":106,\"commentCount\":0,\"publisher\":{\"@id\":\"https:\/\/narteks.net\/#organization\"},\"articleSection\":[\"Neyzen TEVF\u0130K\"],\"inLanguage\":\"tr\",\"potentialAction\":[{\"@type\":\"CommentAction\",\"name\":\"Comment\",\"target\":[\"https:\/\/narteks.net\/index.php\/2009\/12\/02\/neyzenin-sarkilarindan\/#respond\"]}]},{\"@type\":\"WebPage\",\"@id\":\"https:\/\/narteks.net\/index.php\/2009\/12\/02\/neyzenin-sarkilarindan\/\",\"url\":\"https:\/\/narteks.net\/index.php\/2009\/12\/02\/neyzenin-sarkilarindan\/\",\"name\":\"NEYZEN\u2019\u0130N \u015eARKILARINDAN - narteks.net\",\"isPartOf\":{\"@id\":\"https:\/\/narteks.net\/#website\"},\"datePublished\":\"2009-12-02T11:17:38+00:00\",\"breadcrumb\":{\"@id\":\"https:\/\/narteks.net\/index.php\/2009\/12\/02\/neyzenin-sarkilarindan\/#breadcrumb\"},\"inLanguage\":\"tr\",\"potentialAction\":[{\"@type\":\"ReadAction\",\"target\":[\"https:\/\/narteks.net\/index.php\/2009\/12\/02\/neyzenin-sarkilarindan\/\"]}]},{\"@type\":\"BreadcrumbList\",\"@id\":\"https:\/\/narteks.net\/index.php\/2009\/12\/02\/neyzenin-sarkilarindan\/#breadcrumb\",\"itemListElement\":[{\"@type\":\"ListItem\",\"position\":1,\"name\":\"Anasayfa\",\"item\":\"https:\/\/narteks.net\/\"},{\"@type\":\"ListItem\",\"position\":2,\"name\":\"NEYZEN\u2019\u0130N \u015eARKILARINDAN\"}]},{\"@type\":\"WebSite\",\"@id\":\"https:\/\/narteks.net\/#website\",\"url\":\"https:\/\/narteks.net\/\",\"name\":\"narteks.net\",\"description\":\"K\u00fclt\u00fcr Sanat Edebiyat Felsefe\",\"publisher\":{\"@id\":\"https:\/\/narteks.net\/#organization\"},\"alternateName\":\"K\u00fclt\u00fcr Sanat Edebiyat Felsefe\",\"potentialAction\":[{\"@type\":\"SearchAction\",\"target\":{\"@type\":\"EntryPoint\",\"urlTemplate\":\"https:\/\/narteks.net\/?s={search_term_string}\"},\"query-input\":{\"@type\":\"PropertyValueSpecification\",\"valueRequired\":true,\"valueName\":\"search_term_string\"}}],\"inLanguage\":\"tr\"},{\"@type\":\"Organization\",\"@id\":\"https:\/\/narteks.net\/#organization\",\"name\":\"narteks.net\",\"url\":\"https:\/\/narteks.net\/\",\"logo\":{\"@type\":\"ImageObject\",\"inLanguage\":\"tr\",\"@id\":\"https:\/\/narteks.net\/#\/schema\/logo\/image\/\",\"url\":\"https:\/\/narteks.net\/wp-content\/uploads\/narteks.png\",\"contentUrl\":\"https:\/\/narteks.net\/wp-content\/uploads\/narteks.png\",\"width\":300,\"height\":90,\"caption\":\"narteks.net\"},\"image\":{\"@id\":\"https:\/\/narteks.net\/#\/schema\/logo\/image\/\"},\"sameAs\":[\"https:\/\/x.com\/narteks\",\"https:\/\/instagram.com\/narteksnet\"]},{\"@type\":\"Person\",\"@id\":\"https:\/\/narteks.net\/#\/schema\/person\/61f37d9834294b72d31d274e7ed79bca\",\"name\":\"Tar\u0131k\",\"image\":{\"@type\":\"ImageObject\",\"inLanguage\":\"tr\",\"@id\":\"https:\/\/narteks.net\/#\/schema\/person\/image\/\",\"url\":\"https:\/\/secure.gravatar.com\/avatar\/50865afb55632c4ae467e0af0930f6510aa2297d8014be502a55b14f3b7550cf?s=96&d=mm&r=g\",\"contentUrl\":\"https:\/\/secure.gravatar.com\/avatar\/50865afb55632c4ae467e0af0930f6510aa2297d8014be502a55b14f3b7550cf?s=96&d=mm&r=g\",\"caption\":\"Tar\u0131k\"},\"sameAs\":[\"http:\/\/narteks.net\"],\"url\":\"https:\/\/narteks.net\/index.php\/author\/narbak\/\"}]}<\/script>\n<!-- \/ Yoast SEO Premium plugin. -->","yoast_head_json":{"title":"NEYZEN\u2019\u0130N \u015eARKILARINDAN - narteks.net","robots":{"index":"index","follow":"follow","max-snippet":"max-snippet:-1","max-image-preview":"max-image-preview:large","max-video-preview":"max-video-preview:-1"},"canonical":"https:\/\/narteks.net\/index.php\/2009\/12\/02\/neyzenin-sarkilarindan\/","og_locale":"tr_TR","og_type":"article","og_title":"NEYZEN\u2019\u0130N \u015eARKILARINDAN","og_description":"\u00a0 Derdinle g\u00f6n\u00fcl derdime dert katarak her g\u00fcnNe\u015fe ile avundum da g\u00f6n\u00fcl g\u00fclmedi bir g\u00fcn\u00c7\u0131lg\u0131n ge\u00e7ecek sand\u0131\u011f\u0131m hep g\u00fcnlerim \u00f6lg\u00fcnYad\u0131nla harap, dert ile ortak g\u00f6n\u00fcl her g\u00fcn Deli g\u00f6nl\u00fcm\u00fc sana verdi\u011fim ak\u015famKanmadan zevkine ge\u00e7ti de ak\u015fam\u015eimdi viran kalan o bah\u00e7elerdeDerdi verir g\u00f6nl\u00fcme, derdin her ak\u015fam Gitti gelmez g\u00f6n\u00fcl virane kald\u0131Ne sabr u mecal var, ne [&hellip;]","og_url":"https:\/\/narteks.net\/index.php\/2009\/12\/02\/neyzenin-sarkilarindan\/","og_site_name":"narteks.net","article_published_time":"2009-12-02T11:17:38+00:00","og_image":[{"width":300,"height":90,"url":"https:\/\/narteks.net\/wp-content\/uploads\/narteks.png","type":"image\/png"}],"author":"Tar\u0131k","twitter_card":"summary_large_image","twitter_creator":"@narteks","twitter_site":"@narteks","twitter_misc":{"Yazan:":"Tar\u0131k","Tahmini okuma s\u00fcresi":"1 dakika"},"schema":{"@context":"https:\/\/schema.org","@graph":[{"@type":"Article","@id":"https:\/\/narteks.net\/index.php\/2009\/12\/02\/neyzenin-sarkilarindan\/#article","isPartOf":{"@id":"https:\/\/narteks.net\/index.php\/2009\/12\/02\/neyzenin-sarkilarindan\/"},"author":{"name":"Tar\u0131k","@id":"https:\/\/narteks.net\/#\/schema\/person\/61f37d9834294b72d31d274e7ed79bca"},"headline":"NEYZEN\u2019\u0130N \u015eARKILARINDAN","datePublished":"2009-12-02T11:17:38+00:00","mainEntityOfPage":{"@id":"https:\/\/narteks.net\/index.php\/2009\/12\/02\/neyzenin-sarkilarindan\/"},"wordCount":106,"commentCount":0,"publisher":{"@id":"https:\/\/narteks.net\/#organization"},"articleSection":["Neyzen TEVF\u0130K"],"inLanguage":"tr","potentialAction":[{"@type":"CommentAction","name":"Comment","target":["https:\/\/narteks.net\/index.php\/2009\/12\/02\/neyzenin-sarkilarindan\/#respond"]}]},{"@type":"WebPage","@id":"https:\/\/narteks.net\/index.php\/2009\/12\/02\/neyzenin-sarkilarindan\/","url":"https:\/\/narteks.net\/index.php\/2009\/12\/02\/neyzenin-sarkilarindan\/","name":"NEYZEN\u2019\u0130N \u015eARKILARINDAN - narteks.net","isPartOf":{"@id":"https:\/\/narteks.net\/#website"},"datePublished":"2009-12-02T11:17:38+00:00","breadcrumb":{"@id":"https:\/\/narteks.net\/index.php\/2009\/12\/02\/neyzenin-sarkilarindan\/#breadcrumb"},"inLanguage":"tr","potentialAction":[{"@type":"ReadAction","target":["https:\/\/narteks.net\/index.php\/2009\/12\/02\/neyzenin-sarkilarindan\/"]}]},{"@type":"BreadcrumbList","@id":"https:\/\/narteks.net\/index.php\/2009\/12\/02\/neyzenin-sarkilarindan\/#breadcrumb","itemListElement":[{"@type":"ListItem","position":1,"name":"Anasayfa","item":"https:\/\/narteks.net\/"},{"@type":"ListItem","position":2,"name":"NEYZEN\u2019\u0130N \u015eARKILARINDAN"}]},{"@type":"WebSite","@id":"https:\/\/narteks.net\/#website","url":"https:\/\/narteks.net\/","name":"narteks.net","description":"K\u00fclt\u00fcr Sanat Edebiyat Felsefe","publisher":{"@id":"https:\/\/narteks.net\/#organization"},"alternateName":"K\u00fclt\u00fcr Sanat Edebiyat Felsefe","potentialAction":[{"@type":"SearchAction","target":{"@type":"EntryPoint","urlTemplate":"https:\/\/narteks.net\/?s={search_term_string}"},"query-input":{"@type":"PropertyValueSpecification","valueRequired":true,"valueName":"search_term_string"}}],"inLanguage":"tr"},{"@type":"Organization","@id":"https:\/\/narteks.net\/#organization","name":"narteks.net","url":"https:\/\/narteks.net\/","logo":{"@type":"ImageObject","inLanguage":"tr","@id":"https:\/\/narteks.net\/#\/schema\/logo\/image\/","url":"https:\/\/narteks.net\/wp-content\/uploads\/narteks.png","contentUrl":"https:\/\/narteks.net\/wp-content\/uploads\/narteks.png","width":300,"height":90,"caption":"narteks.net"},"image":{"@id":"https:\/\/narteks.net\/#\/schema\/logo\/image\/"},"sameAs":["https:\/\/x.com\/narteks","https:\/\/instagram.com\/narteksnet"]},{"@type":"Person","@id":"https:\/\/narteks.net\/#\/schema\/person\/61f37d9834294b72d31d274e7ed79bca","name":"Tar\u0131k","image":{"@type":"ImageObject","inLanguage":"tr","@id":"https:\/\/narteks.net\/#\/schema\/person\/image\/","url":"https:\/\/secure.gravatar.com\/avatar\/50865afb55632c4ae467e0af0930f6510aa2297d8014be502a55b14f3b7550cf?s=96&d=mm&r=g","contentUrl":"https:\/\/secure.gravatar.com\/avatar\/50865afb55632c4ae467e0af0930f6510aa2297d8014be502a55b14f3b7550cf?s=96&d=mm&r=g","caption":"Tar\u0131k"},"sameAs":["http:\/\/narteks.net"],"url":"https:\/\/narteks.net\/index.php\/author\/narbak\/"}]}},"_links":{"self":[{"href":"https:\/\/narteks.net\/index.php\/wp-json\/wp\/v2\/posts\/1684","targetHints":{"allow":["GET"]}}],"collection":[{"href":"https:\/\/narteks.net\/index.php\/wp-json\/wp\/v2\/posts"}],"about":[{"href":"https:\/\/narteks.net\/index.php\/wp-json\/wp\/v2\/types\/post"}],"author":[{"embeddable":true,"href":"https:\/\/narteks.net\/index.php\/wp-json\/wp\/v2\/users\/1"}],"replies":[{"embeddable":true,"href":"https:\/\/narteks.net\/index.php\/wp-json\/wp\/v2\/comments?post=1684"}],"version-history":[{"count":0,"href":"https:\/\/narteks.net\/index.php\/wp-json\/wp\/v2\/posts\/1684\/revisions"}],"wp:attachment":[{"href":"https:\/\/narteks.net\/index.php\/wp-json\/wp\/v2\/media?parent=1684"}],"wp:term":[{"taxonomy":"category","embeddable":true,"href":"https:\/\/narteks.net\/index.php\/wp-json\/wp\/v2\/categories?post=1684"},{"taxonomy":"post_tag","embeddable":true,"href":"https:\/\/narteks.net\/index.php\/wp-json\/wp\/v2\/tags?post=1684"}],"curies":[{"name":"wp","href":"https:\/\/api.w.org\/{rel}","templated":true}]}}